{"id":4650,"date":"2019-06-13T22:00:27","date_gmt":"2019-06-14T01:00:27","guid":{"rendered":"https:\/\/mhcalculos.com.br\/noticias\/2019\/06\/13\/stj-primeira-secao-vai-discutir-inclusao-de-servicos-de-capatazia-na-composicao-do-valor-aduaneiro\/"},"modified":"2021-07-28T14:32:36","modified_gmt":"2021-07-28T17:32:36","slug":"stj-primeira-secao-vai-discutir-inclusao-de-servicos-de-capatazia-na-composicao-do-valor-aduaneiro","status":"publish","type":"post","link":"https:\/\/mhcalculos.com.br\/noticias\/area\/tributario\/stj-primeira-secao-vai-discutir-inclusao-de-servicos-de-capatazia-na-composicao-do-valor-aduaneiro.html","title":{"rendered":"STJ: Primeira Se\u00e7\u00e3o vai discutir inclus\u00e3o de servi\u00e7os de capatazia na composi\u00e7\u00e3o do valor aduaneiro"},"content":{"rendered":"\n<p>A Primeira Se\u00e7\u00e3o do Superior Tribunal de Justi\u00e7a (STJ) determinou a afeta\u00e7\u00e3o de tr\u00eas recursos especiais para, sob o rito dos recursos repetitivos, definir tese relativa \u00e0 inclus\u00e3o de servi\u00e7os de capatazia na composi\u00e7\u00e3o do valor aduaneiro. A capatazia \u00e9 a atividade de movimenta\u00e7\u00e3o de cargas nas instala\u00e7\u00f5es portu\u00e1rias.<\/p>\n<p>Na mesma decis\u00e3o, a Primeira Se\u00e7\u00e3o tamb\u00e9m determinou a suspens\u00e3o de todos os processos pendentes, individuais ou coletivos, que discutam a quest\u00e3o em todo o territ\u00f3rio nacional, inclusive aqueles em tr\u00e2mite nos juizados especiais. A controv\u00e9rsia foi cadastrada como <strong><a href=\"http:\/\/www.stj.jus.br\/repetitivos\/temas_repetitivos\/pesquisa.jsp?novaConsulta=true&amp;tipo_pesquisa=T&amp;sg_classe=REsp&amp;num_processo_classe=1799306\">Tema 1.014<\/a><\/strong> no sistema de recursos repetitivos do STJ.<\/p>\n<p>Os processos foram afetados em sess\u00e3o eletr\u00f4nica. O tema foi identificado pela Comiss\u00e3o Gestora de Precedentes do STJ como candidato a julgamento na condi\u00e7\u00e3o de precedente qualificado, tendo em vista a exist\u00eancia de pelo menos cem recursos sobre a quest\u00e3o em tr\u00e2mite no tribunal. Tamb\u00e9m j\u00e1 foram proferidas 307 decis\u00f5es monocr\u00e1ticas sobre o assunto na corte, refor\u00e7ando o requisito quantitativo.<\/p>\n<p>Em rela\u00e7\u00e3o \u00e0 relev\u00e2ncia do tema, o relator dos recursos, ministro Gurgel de Faria, citou estudo realizado pela Receita Federal que aponta impacto estimado em R$ 12 bilh\u00f5es no prazo de cinco anos apenas em rela\u00e7\u00e3o ao Imposto de Importa\u00e7\u00e3o (II) e ao Imposto sobre Produtos Industrializados (IPI), sem contar, portanto, com a contribui\u00e7\u00e3o ao PIS e a Cofins incidentes na importa\u00e7\u00e3o.<\/p>\n<p><strong>Recursos repetitivos<\/strong><\/p>\n<p>O novo CPC regula no <strong><span style=\"text-decoration: underline;\"><a href=\"http:\/\/www.planalto.gov.br\/ccivil_03\/_ato2015-2018\/2015\/lei\/l13105.htm#art1036\" target=\"_blank\" rel=\"noopener noreferrer\">artigo 1.036<\/a><\/span> <\/strong>e seguintes o julgamento por amostragem, mediante a sele\u00e7\u00e3o de recursos especiais que tenham controv\u00e9rsias id\u00eanticas. Ao afetar um processo, ou seja, encaminh\u00e1-lo para julgamento sob o rito dos recursos repetitivos, os ministros facilitam a solu\u00e7\u00e3o de demandas que se repetem nos tribunais brasileiros.<\/p>\n<p>No <strong><span style=\"text-decoration: underline;\"><a href=\"http:\/\/www.stj.jus.br\/repetitivos\/temas_repetitivos\/\">site do STJ<\/a><\/span><\/strong>, \u00e9 poss\u00edvel acessar todos os temas afetados, bem como saber a abrang\u00eancia das decis\u00f5es de sobrestamento e as teses jur\u00eddicas firmadas nos julgamentos, entre outras informa\u00e7\u00f5es.<\/p>\n<p>Leia o <strong><a href=\"https:\/\/ww2.stj.jus.br\/processo\/revista\/documento\/mediado\/?componente=ITA&amp;sequencial=1831895&amp;num_registro=201900095077&amp;data=20190603&amp;formato=PDF\">ac\u00f3rd\u00e3o<\/a><\/strong> de afeta\u00e7\u00e3o no REsp 1.799.306.<\/p>\n<p><i>Com informa\u00e7\u00f5es da assessoria de imprensa do STJ.<\/i><\/p>\n<p><a href=\"http:\/\/feedproxy.google.com\/~r\/STJNoticias\/~3\/GnbdwS30hBc\/Primeira-Se%C3%A7%C3%A3o-vai-discutir-inclus%C3%A3o-de-servi%C3%A7os-de-capatazia-na-composi%C3%A7%C3%A3o-do-valor-aduaneiro\">Fonte<\/a><\/p>\n\n","protected":false},"excerpt":{"rendered":"<p>A Primeira Se\u00e7\u00e3o do Superior Tribunal de Justi\u00e7a (STJ) determinou a afeta\u00e7\u00e3o de tr\u00eas recursos especiais para, sob o rito dos recursos repetitivos, definir tese relativa \u00e0 inclus\u00e3o de servi\u00e7os de capatazia na composi\u00e7\u00e3o do valor aduaneiro. A capatazia \u00e9 a atividade de movimenta\u00e7\u00e3o de cargas nas instala\u00e7\u00f5es portu\u00e1rias. Na mesma decis\u00e3o, a Primeira Se\u00e7\u00e3o [&hellip;]<\/p>\n","protected":false},"author":3063,"featured_media":4651,"comment_status":"open","ping_status":"open","sticky":false,"template":"","format":"standard","meta":{"footnotes":""},"categories":[18,7],"tags":[32,31,42,30,29,213,9,12,14,212,214],"class_list":{"0":"post-4650","1":"post","2":"type-post","3":"status-publish","4":"format-standard","5":"has-post-thumbnail","7":"category-tributario","8":"category-stj","9":"tag-calculos-judiciais","10":"tag-calculos-tributarios","11":"tag-direito-tributario","12":"tag-divida-ativa","13":"tag-fazenda-publica","14":"tag-imposto","15":"tag-pericia","16":"tag-perito","17":"tag-stj","18":"tag-superior-tribunal-de-justica","19":"tag-tributo"},"yoast_head":"<!-- This site is optimized with the Yoast SEO plugin v27.2 - https:\/\/yoast.com\/product\/yoast-seo-wordpress\/ -->\n<title>STJ: Primeira Se\u00e7\u00e3o vai discutir inclus\u00e3o de servi\u00e7os de capatazia na composi\u00e7\u00e3o do valor aduaneiro | Portal de Not\u00edcias<\/title>\n<meta name=\"robots\" content=\"index, follow, max-snippet:-1, max-image-preview:large, max-video-preview:-1\" \/>\n<link rel=\"canonical\" href=\"https:\/\/mhcalculos.com.br\/noticias\/area\/tributario\/stj-primeira-secao-vai-discutir-inclusao-de-servicos-de-capatazia-na-composicao-do-valor-aduaneiro.html\" \/>\n<meta property=\"og:locale\" content=\"pt_BR\" \/>\n<meta property=\"og:type\" content=\"article\" \/>\n<meta property=\"og:title\" content=\"STJ: Primeira Se\u00e7\u00e3o vai discutir inclus\u00e3o de servi\u00e7os de capatazia na composi\u00e7\u00e3o do valor aduaneiro | Portal de Not\u00edcias\" \/>\n<meta property=\"og:description\" content=\"A Primeira Se\u00e7\u00e3o do Superior Tribunal de Justi\u00e7a (STJ) determinou a afeta\u00e7\u00e3o de tr\u00eas recursos especiais para, sob o rito dos recursos repetitivos, definir tese relativa \u00e0 inclus\u00e3o de servi\u00e7os de capatazia na composi\u00e7\u00e3o do valor aduaneiro. A capatazia \u00e9 a atividade de movimenta\u00e7\u00e3o de cargas nas instala\u00e7\u00f5es portu\u00e1rias. Na mesma decis\u00e3o, a Primeira Se\u00e7\u00e3o [&hellip;]\" \/>\n<meta property=\"og:url\" content=\"https:\/\/mhcalculos.com.br\/noticias\/area\/tributario\/stj-primeira-secao-vai-discutir-inclusao-de-servicos-de-capatazia-na-composicao-do-valor-aduaneiro.html\" \/>\n<meta property=\"og:site_name\" content=\"Portal de Not\u00edcias\" \/>\n<meta property=\"article:published_time\" content=\"2019-06-14T01:00:27+00:00\" \/>\n<meta property=\"article:modified_time\" content=\"2021-07-28T17:32:36+00:00\" \/>\n<meta property=\"og:image\" content=\"https:\/\/mhcalculos.com.br\/noticias\/wp-content\/uploads\/sites\/2\/2019\/06\/tributario-0015.jpg\" \/>\n\t<meta property=\"og:image:width\" content=\"2000\" \/>\n\t<meta property=\"og:image:height\" content=\"800\" \/>\n\t<meta property=\"og:image:type\" content=\"image\/jpeg\" \/>\n<meta name=\"author\" content=\"Equipe MH\" \/>\n<meta name=\"twitter:card\" content=\"summary_large_image\" \/>\n<meta name=\"twitter:label1\" content=\"Escrito por\" \/>\n\t<meta name=\"twitter:data1\" content=\"Equipe MH\" \/>\n\t<meta name=\"twitter:label2\" content=\"Est. tempo de leitura\" \/>\n\t<meta name=\"twitter:data2\" content=\"2 minutos\" \/>\n<script type=\"application\/ld+json\" class=\"yoast-schema-graph\">{\"@context\":\"https:\/\/schema.org\",\"@graph\":[{\"@type\":\"Article\",\"@id\":\"https:\/\/mhcalculos.com.br\/noticias\/area\/tributario\/stj-primeira-secao-vai-discutir-inclusao-de-servicos-de-capatazia-na-composicao-do-valor-aduaneiro.html#article\",\"isPartOf\":{\"@id\":\"https:\/\/mhcalculos.com.br\/noticias\/area\/tributario\/stj-primeira-secao-vai-discutir-inclusao-de-servicos-de-capatazia-na-composicao-do-valor-aduaneiro.html\"},\"author\":{\"name\":\"Equipe MH\",\"@id\":\"https:\/\/mhcalculos.com.br\/noticias\/#\/schema\/person\/88d1c34bf72dc779ea14a5a6b8e0ae8d\"},\"headline\":\"STJ: Primeira Se\u00e7\u00e3o vai discutir inclus\u00e3o de servi\u00e7os de capatazia na composi\u00e7\u00e3o do valor aduaneiro\",\"datePublished\":\"2019-06-14T01:00:27+00:00\",\"dateModified\":\"2021-07-28T17:32:36+00:00\",\"mainEntityOfPage\":{\"@id\":\"https:\/\/mhcalculos.com.br\/noticias\/area\/tributario\/stj-primeira-secao-vai-discutir-inclusao-de-servicos-de-capatazia-na-composicao-do-valor-aduaneiro.html\"},\"wordCount\":381,\"commentCount\":0,\"image\":{\"@id\":\"https:\/\/mhcalculos.com.br\/noticias\/area\/tributario\/stj-primeira-secao-vai-discutir-inclusao-de-servicos-de-capatazia-na-composicao-do-valor-aduaneiro.html#primaryimage\"},\"thumbnailUrl\":\"https:\/\/mhcalculos.com.br\/noticias\/wp-content\/uploads\/sites\/2\/2019\/06\/tributario-0015.jpg\",\"keywords\":[\"c\u00e1lculos judiciais\",\"c\u00e1lculos tribut\u00e1rios\",\"direito tribut\u00e1rio\",\"d\u00edvida ativa\",\"fazenda p\u00fablica\",\"Imposto\",\"per\u00edcia\",\"perito\",\"stj\",\"Superior Tribunal de Justi\u00e7a\",\"tributo\"],\"articleSection\":[\"Direito Tribut\u00e1rio\",\"STJ\"],\"inLanguage\":\"pt-BR\",\"potentialAction\":[{\"@type\":\"CommentAction\",\"name\":\"Comment\",\"target\":[\"https:\/\/mhcalculos.com.br\/noticias\/area\/tributario\/stj-primeira-secao-vai-discutir-inclusao-de-servicos-de-capatazia-na-composicao-do-valor-aduaneiro.html#respond\"]}]},{\"@type\":\"WebPage\",\"@id\":\"https:\/\/mhcalculos.com.br\/noticias\/area\/tributario\/stj-primeira-secao-vai-discutir-inclusao-de-servicos-de-capatazia-na-composicao-do-valor-aduaneiro.html\",\"url\":\"https:\/\/mhcalculos.com.br\/noticias\/area\/tributario\/stj-primeira-secao-vai-discutir-inclusao-de-servicos-de-capatazia-na-composicao-do-valor-aduaneiro.html\",\"name\":\"STJ: Primeira Se\u00e7\u00e3o vai discutir inclus\u00e3o de servi\u00e7os de capatazia na composi\u00e7\u00e3o do valor aduaneiro | Portal de Not\u00edcias\",\"isPartOf\":{\"@id\":\"https:\/\/mhcalculos.com.br\/noticias\/#website\"},\"primaryImageOfPage\":{\"@id\":\"https:\/\/mhcalculos.com.br\/noticias\/area\/tributario\/stj-primeira-secao-vai-discutir-inclusao-de-servicos-de-capatazia-na-composicao-do-valor-aduaneiro.html#primaryimage\"},\"image\":{\"@id\":\"https:\/\/mhcalculos.com.br\/noticias\/area\/tributario\/stj-primeira-secao-vai-discutir-inclusao-de-servicos-de-capatazia-na-composicao-do-valor-aduaneiro.html#primaryimage\"},\"thumbnailUrl\":\"https:\/\/mhcalculos.com.br\/noticias\/wp-content\/uploads\/sites\/2\/2019\/06\/tributario-0015.jpg\",\"datePublished\":\"2019-06-14T01:00:27+00:00\",\"dateModified\":\"2021-07-28T17:32:36+00:00\",\"author\":{\"@id\":\"https:\/\/mhcalculos.com.br\/noticias\/#\/schema\/person\/88d1c34bf72dc779ea14a5a6b8e0ae8d\"},\"breadcrumb\":{\"@id\":\"https:\/\/mhcalculos.com.br\/noticias\/area\/tributario\/stj-primeira-secao-vai-discutir-inclusao-de-servicos-de-capatazia-na-composicao-do-valor-aduaneiro.html#breadcrumb\"},\"inLanguage\":\"pt-BR\",\"potentialAction\":[{\"@type\":\"ReadAction\",\"target\":[\"https:\/\/mhcalculos.com.br\/noticias\/area\/tributario\/stj-primeira-secao-vai-discutir-inclusao-de-servicos-de-capatazia-na-composicao-do-valor-aduaneiro.html\"]}]},{\"@type\":\"ImageObject\",\"inLanguage\":\"pt-BR\",\"@id\":\"https:\/\/mhcalculos.com.br\/noticias\/area\/tributario\/stj-primeira-secao-vai-discutir-inclusao-de-servicos-de-capatazia-na-composicao-do-valor-aduaneiro.html#primaryimage\",\"url\":\"https:\/\/mhcalculos.com.br\/noticias\/wp-content\/uploads\/sites\/2\/2019\/06\/tributario-0015.jpg\",\"contentUrl\":\"https:\/\/mhcalculos.com.br\/noticias\/wp-content\/uploads\/sites\/2\/2019\/06\/tributario-0015.jpg\",\"width\":2000,\"height\":800},{\"@type\":\"BreadcrumbList\",\"@id\":\"https:\/\/mhcalculos.com.br\/noticias\/area\/tributario\/stj-primeira-secao-vai-discutir-inclusao-de-servicos-de-capatazia-na-composicao-do-valor-aduaneiro.html#breadcrumb\",\"itemListElement\":[{\"@type\":\"ListItem\",\"position\":1,\"name\":\"In\u00edcio\",\"item\":\"https:\/\/mhcalculos.com.br\/noticias\/\"},{\"@type\":\"ListItem\",\"position\":2,\"name\":\"STJ: Primeira Se\u00e7\u00e3o vai discutir inclus\u00e3o de servi\u00e7os de capatazia na composi\u00e7\u00e3o do valor aduaneiro\"}]},{\"@type\":\"WebSite\",\"@id\":\"https:\/\/mhcalculos.com.br\/noticias\/#website\",\"url\":\"https:\/\/mhcalculos.com.br\/noticias\/\",\"name\":\"Portal de Not\u00edcias\",\"description\":\"Not\u00edcias e Jurisprud\u00eancia\",\"potentialAction\":[{\"@type\":\"SearchAction\",\"target\":{\"@type\":\"EntryPoint\",\"urlTemplate\":\"https:\/\/mhcalculos.com.br\/noticias\/?s={search_term_string}\"},\"query-input\":{\"@type\":\"PropertyValueSpecification\",\"valueRequired\":true,\"valueName\":\"search_term_string\"}}],\"inLanguage\":\"pt-BR\"},{\"@type\":\"Person\",\"@id\":\"https:\/\/mhcalculos.com.br\/noticias\/#\/schema\/person\/88d1c34bf72dc779ea14a5a6b8e0ae8d\",\"name\":\"Equipe MH\",\"image\":{\"@type\":\"ImageObject\",\"inLanguage\":\"pt-BR\",\"@id\":\"https:\/\/secure.gravatar.com\/avatar\/de1c686c2ecc9c5a3f327e3431d819eb39f8f05d4e1045f5a1caad6daaba987f?s=96&d=mm&r=g\",\"url\":\"https:\/\/secure.gravatar.com\/avatar\/de1c686c2ecc9c5a3f327e3431d819eb39f8f05d4e1045f5a1caad6daaba987f?s=96&d=mm&r=g\",\"contentUrl\":\"https:\/\/secure.gravatar.com\/avatar\/de1c686c2ecc9c5a3f327e3431d819eb39f8f05d4e1045f5a1caad6daaba987f?s=96&d=mm&r=g\",\"caption\":\"Equipe MH\"}}]}<\/script>\n<!-- \/ Yoast SEO plugin. -->","yoast_head_json":{"title":"STJ: Primeira Se\u00e7\u00e3o vai discutir inclus\u00e3o de servi\u00e7os de capatazia na composi\u00e7\u00e3o do valor aduaneiro | Portal de Not\u00edcias","robots":{"index":"index","follow":"follow","max-snippet":"max-snippet:-1","max-image-preview":"max-image-preview:large","max-video-preview":"max-video-preview:-1"},"canonical":"https:\/\/mhcalculos.com.br\/noticias\/area\/tributario\/stj-primeira-secao-vai-discutir-inclusao-de-servicos-de-capatazia-na-composicao-do-valor-aduaneiro.html","og_locale":"pt_BR","og_type":"article","og_title":"STJ: Primeira Se\u00e7\u00e3o vai discutir inclus\u00e3o de servi\u00e7os de capatazia na composi\u00e7\u00e3o do valor aduaneiro | Portal de Not\u00edcias","og_description":"A Primeira Se\u00e7\u00e3o do Superior Tribunal de Justi\u00e7a (STJ) determinou a afeta\u00e7\u00e3o de tr\u00eas recursos especiais para, sob o rito dos recursos repetitivos, definir tese relativa \u00e0 inclus\u00e3o de servi\u00e7os de capatazia na composi\u00e7\u00e3o do valor aduaneiro. A capatazia \u00e9 a atividade de movimenta\u00e7\u00e3o de cargas nas instala\u00e7\u00f5es portu\u00e1rias. Na mesma decis\u00e3o, a Primeira Se\u00e7\u00e3o [&hellip;]","og_url":"https:\/\/mhcalculos.com.br\/noticias\/area\/tributario\/stj-primeira-secao-vai-discutir-inclusao-de-servicos-de-capatazia-na-composicao-do-valor-aduaneiro.html","og_site_name":"Portal de Not\u00edcias","article_published_time":"2019-06-14T01:00:27+00:00","article_modified_time":"2021-07-28T17:32:36+00:00","og_image":[{"width":2000,"height":800,"url":"https:\/\/mhcalculos.com.br\/noticias\/wp-content\/uploads\/sites\/2\/2019\/06\/tributario-0015.jpg","type":"image\/jpeg"}],"author":"Equipe MH","twitter_card":"summary_large_image","twitter_misc":{"Escrito por":"Equipe MH","Est. tempo de leitura":"2 minutos"},"schema":{"@context":"https:\/\/schema.org","@graph":[{"@type":"Article","@id":"https:\/\/mhcalculos.com.br\/noticias\/area\/tributario\/stj-primeira-secao-vai-discutir-inclusao-de-servicos-de-capatazia-na-composicao-do-valor-aduaneiro.html#article","isPartOf":{"@id":"https:\/\/mhcalculos.com.br\/noticias\/area\/tributario\/stj-primeira-secao-vai-discutir-inclusao-de-servicos-de-capatazia-na-composicao-do-valor-aduaneiro.html"},"author":{"name":"Equipe MH","@id":"https:\/\/mhcalculos.com.br\/noticias\/#\/schema\/person\/88d1c34bf72dc779ea14a5a6b8e0ae8d"},"headline":"STJ: Primeira Se\u00e7\u00e3o vai discutir inclus\u00e3o de servi\u00e7os de capatazia na composi\u00e7\u00e3o do valor aduaneiro","datePublished":"2019-06-14T01:00:27+00:00","dateModified":"2021-07-28T17:32:36+00:00","mainEntityOfPage":{"@id":"https:\/\/mhcalculos.com.br\/noticias\/area\/tributario\/stj-primeira-secao-vai-discutir-inclusao-de-servicos-de-capatazia-na-composicao-do-valor-aduaneiro.html"},"wordCount":381,"commentCount":0,"image":{"@id":"https:\/\/mhcalculos.com.br\/noticias\/area\/tributario\/stj-primeira-secao-vai-discutir-inclusao-de-servicos-de-capatazia-na-composicao-do-valor-aduaneiro.html#primaryimage"},"thumbnailUrl":"https:\/\/mhcalculos.com.br\/noticias\/wp-content\/uploads\/sites\/2\/2019\/06\/tributario-0015.jpg","keywords":["c\u00e1lculos judiciais","c\u00e1lculos tribut\u00e1rios","direito tribut\u00e1rio","d\u00edvida ativa","fazenda p\u00fablica","Imposto","per\u00edcia","perito","stj","Superior Tribunal de Justi\u00e7a","tributo"],"articleSection":["Direito Tribut\u00e1rio","STJ"],"inLanguage":"pt-BR","potentialAction":[{"@type":"CommentAction","name":"Comment","target":["https:\/\/mhcalculos.com.br\/noticias\/area\/tributario\/stj-primeira-secao-vai-discutir-inclusao-de-servicos-de-capatazia-na-composicao-do-valor-aduaneiro.html#respond"]}]},{"@type":"WebPage","@id":"https:\/\/mhcalculos.com.br\/noticias\/area\/tributario\/stj-primeira-secao-vai-discutir-inclusao-de-servicos-de-capatazia-na-composicao-do-valor-aduaneiro.html","url":"https:\/\/mhcalculos.com.br\/noticias\/area\/tributario\/stj-primeira-secao-vai-discutir-inclusao-de-servicos-de-capatazia-na-composicao-do-valor-aduaneiro.html","name":"STJ: Primeira Se\u00e7\u00e3o vai discutir inclus\u00e3o de servi\u00e7os de capatazia na composi\u00e7\u00e3o do valor aduaneiro | Portal de Not\u00edcias","isPartOf":{"@id":"https:\/\/mhcalculos.com.br\/noticias\/#website"},"primaryImageOfPage":{"@id":"https:\/\/mhcalculos.com.br\/noticias\/area\/tributario\/stj-primeira-secao-vai-discutir-inclusao-de-servicos-de-capatazia-na-composicao-do-valor-aduaneiro.html#primaryimage"},"image":{"@id":"https:\/\/mhcalculos.com.br\/noticias\/area\/tributario\/stj-primeira-secao-vai-discutir-inclusao-de-servicos-de-capatazia-na-composicao-do-valor-aduaneiro.html#primaryimage"},"thumbnailUrl":"https:\/\/mhcalculos.com.br\/noticias\/wp-content\/uploads\/sites\/2\/2019\/06\/tributario-0015.jpg","datePublished":"2019-06-14T01:00:27+00:00","dateModified":"2021-07-28T17:32:36+00:00","author":{"@id":"https:\/\/mhcalculos.com.br\/noticias\/#\/schema\/person\/88d1c34bf72dc779ea14a5a6b8e0ae8d"},"breadcrumb":{"@id":"https:\/\/mhcalculos.com.br\/noticias\/area\/tributario\/stj-primeira-secao-vai-discutir-inclusao-de-servicos-de-capatazia-na-composicao-do-valor-aduaneiro.html#breadcrumb"},"inLanguage":"pt-BR","potentialAction":[{"@type":"ReadAction","target":["https:\/\/mhcalculos.com.br\/noticias\/area\/tributario\/stj-primeira-secao-vai-discutir-inclusao-de-servicos-de-capatazia-na-composicao-do-valor-aduaneiro.html"]}]},{"@type":"ImageObject","inLanguage":"pt-BR","@id":"https:\/\/mhcalculos.com.br\/noticias\/area\/tributario\/stj-primeira-secao-vai-discutir-inclusao-de-servicos-de-capatazia-na-composicao-do-valor-aduaneiro.html#primaryimage","url":"https:\/\/mhcalculos.com.br\/noticias\/wp-content\/uploads\/sites\/2\/2019\/06\/tributario-0015.jpg","contentUrl":"https:\/\/mhcalculos.com.br\/noticias\/wp-content\/uploads\/sites\/2\/2019\/06\/tributario-0015.jpg","width":2000,"height":800},{"@type":"BreadcrumbList","@id":"https:\/\/mhcalculos.com.br\/noticias\/area\/tributario\/stj-primeira-secao-vai-discutir-inclusao-de-servicos-de-capatazia-na-composicao-do-valor-aduaneiro.html#breadcrumb","itemListElement":[{"@type":"ListItem","position":1,"name":"In\u00edcio","item":"https:\/\/mhcalculos.com.br\/noticias\/"},{"@type":"ListItem","position":2,"name":"STJ: Primeira Se\u00e7\u00e3o vai discutir inclus\u00e3o de servi\u00e7os de capatazia na composi\u00e7\u00e3o do valor aduaneiro"}]},{"@type":"WebSite","@id":"https:\/\/mhcalculos.com.br\/noticias\/#website","url":"https:\/\/mhcalculos.com.br\/noticias\/","name":"Portal de Not\u00edcias","description":"Not\u00edcias e Jurisprud\u00eancia","potentialAction":[{"@type":"SearchAction","target":{"@type":"EntryPoint","urlTemplate":"https:\/\/mhcalculos.com.br\/noticias\/?s={search_term_string}"},"query-input":{"@type":"PropertyValueSpecification","valueRequired":true,"valueName":"search_term_string"}}],"inLanguage":"pt-BR"},{"@type":"Person","@id":"https:\/\/mhcalculos.com.br\/noticias\/#\/schema\/person\/88d1c34bf72dc779ea14a5a6b8e0ae8d","name":"Equipe MH","image":{"@type":"ImageObject","inLanguage":"pt-BR","@id":"https:\/\/secure.gravatar.com\/avatar\/de1c686c2ecc9c5a3f327e3431d819eb39f8f05d4e1045f5a1caad6daaba987f?s=96&d=mm&r=g","url":"https:\/\/secure.gravatar.com\/avatar\/de1c686c2ecc9c5a3f327e3431d819eb39f8f05d4e1045f5a1caad6daaba987f?s=96&d=mm&r=g","contentUrl":"https:\/\/secure.gravatar.com\/avatar\/de1c686c2ecc9c5a3f327e3431d819eb39f8f05d4e1045f5a1caad6daaba987f?s=96&d=mm&r=g","caption":"Equipe MH"}}]}},"_links":{"self":[{"href":"https:\/\/mhcalculos.com.br\/noticias\/wp-json\/wp\/v2\/posts\/4650","targetHints":{"allow":["GET"]}}],"collection":[{"href":"https:\/\/mhcalculos.com.br\/noticias\/wp-json\/wp\/v2\/posts"}],"about":[{"href":"https:\/\/mhcalculos.com.br\/noticias\/wp-json\/wp\/v2\/types\/post"}],"author":[{"embeddable":true,"href":"https:\/\/mhcalculos.com.br\/noticias\/wp-json\/wp\/v2\/users\/3063"}],"replies":[{"embeddable":true,"href":"https:\/\/mhcalculos.com.br\/noticias\/wp-json\/wp\/v2\/comments?post=4650"}],"version-history":[{"count":1,"href":"https:\/\/mhcalculos.com.br\/noticias\/wp-json\/wp\/v2\/posts\/4650\/revisions"}],"predecessor-version":[{"id":6610,"href":"https:\/\/mhcalculos.com.br\/noticias\/wp-json\/wp\/v2\/posts\/4650\/revisions\/6610"}],"wp:featuredmedia":[{"embeddable":true,"href":"https:\/\/mhcalculos.com.br\/noticias\/wp-json\/wp\/v2\/media\/4651"}],"wp:attachment":[{"href":"https:\/\/mhcalculos.com.br\/noticias\/wp-json\/wp\/v2\/media?parent=4650"}],"wp:term":[{"taxonomy":"category","embeddable":true,"href":"https:\/\/mhcalculos.com.br\/noticias\/wp-json\/wp\/v2\/categories?post=4650"},{"taxonomy":"post_tag","embeddable":true,"href":"https:\/\/mhcalculos.com.br\/noticias\/wp-json\/wp\/v2\/tags?post=4650"}],"curies":[{"name":"wp","href":"https:\/\/api.w.org\/{rel}","templated":true}]}}