{"id":4611,"date":"2019-06-12T10:00:07","date_gmt":"2019-06-12T13:00:07","guid":{"rendered":"https:\/\/mhcalculos.com.br\/noticias\/2019\/06\/12\/trf3-presidente-do-tribunal-recebe-conselheira-maria-tereza-uille-do-cnj\/"},"modified":"2021-07-28T14:32:38","modified_gmt":"2021-07-28T17:32:38","slug":"trf3-presidente-do-tribunal-recebe-conselheira-maria-tereza-uille-do-cnj","status":"publish","type":"post","link":"https:\/\/mhcalculos.com.br\/noticias\/area\/previdenciario\/trf3-presidente-do-tribunal-recebe-conselheira-maria-tereza-uille-do-cnj.html","title":{"rendered":"TRF3: PRESIDENTE DO TRIBUNAL&nbsp;RECEBE CONSELHEIRA MARIA TEREZA UILLE, DO CNJ"},"content":{"rendered":"\n<div class=\"mat\">\n<p><em>O tema do encontro foi a utiliza\u00e7\u00e3o da tecnologia na busca de bens dos devedores para maior efetividade das execu\u00e7\u00f5es fiscais <\/em><\/p>\n<p>A Desembargadora Federal Therezinha Cazerta, Presidente do Tribunal Regional Federal da 3.\u00aa Regi\u00e3o (TRF3), recebeu, nesta segunda-feira (10\/6), a visita da Conselheira Maria Tereza Uille Gomes, membro do Conselho Nacional de Justi\u00e7a (CNJ).<\/p>\n<p>  A Ju\u00edza Federal Raquel Perrini, em aux\u00edlio \u00e0 Presid\u00eancia do TRF3, e o Juiz\u00a0 Federal Erik Frederico Gramstrup, da 6.\u00aa Vara Federal de Execu\u00e7\u00f5es Fiscais, participaram do encontro.<br \/>  \u00a0<br \/>  A Conselheira e os Magistrados debateram a utiliza\u00e7\u00e3o dos meios tecnol\u00f3gicos para conferir maior efetividade \u00e0s execu\u00e7\u00f5es fiscais. A ideia \u00e9 estabelecer coopera\u00e7\u00e3o entre \u00f3rg\u00e3os para obten\u00e7\u00e3o de acesso a informa\u00e7\u00f5es que facilitem a localiza\u00e7\u00e3o de patrim\u00f4nio dos devedores.<\/p>\n<p>  A medida est\u00e1 inserida entre as a\u00e7\u00f5es voltadas \u00e0 integra\u00e7\u00e3o das Metas do Poder Judici\u00e1ria aos indicadores e metas dos Objetivos de Desenvolvimento Sustent\u00e1vel (ODS), da Agenda 2030 da ONU, especificamente relacionada ao \u201ccase\u201d das execu\u00e7\u00f5es fiscais, desenvolvido em parceira com a Justi\u00e7a Federal da 3\u00aa Regi\u00e3o e constante do I Relat\u00f3rio apresentado ao Conselho Nacional de Justi\u00e7a pela Conselheira, Coordenadora do Comit\u00ea Interinstitucional criado por esse Conselho, atrav\u00e9s da Portaria 133\/2018.<\/p>\n<p>  Na reuni\u00e3o foram tratados, ainda, outros temas relacionados aos ODS, em especial nas \u00e1reas da sa\u00fade e da previd\u00eancia social, discutindo-se estrat\u00e9gias para levantamento e cruzamento de dados, inclusive geridos por \u00f3rg\u00e3os distintos, visando a ado\u00e7\u00e3o de medidas para a celeridade do tr\u00e2mite processual em a\u00e7\u00f5es priorit\u00e1rias.<\/p>\n<p>  Maria Tereza Uille Gomes \u00e9 Procuradora de Justi\u00e7a do Paran\u00e1 aposentada e tem assento no CNJ, por indica\u00e7\u00e3o da C\u00e2mara dos Deputados, desde 2017, sendo membro da Comiss\u00e3o de Tecnologia da Informa\u00e7\u00e3o e Infraestrutura do Conselho. Foi Procuradora-Geral de Justi\u00e7a do Paran\u00e1, Secret\u00e1ria de Estado de Justi\u00e7a, Cidadania e Direitos Humanos do Paran\u00e1 e Vice-Presidente do Conselho Nacional dos Procuradores-Gerais de Justi\u00e7a e do Conselho Nacional de Secret\u00e1rios de Estado da Justi\u00e7a, Direitos Humanos e Administra\u00e7\u00e3o Penitenci\u00e1ria.<\/p>\n<p>  O Conselho Nacional de Justi\u00e7a \u00e9 composto por 15 membros com mandato de dois anos, admitida uma recondu\u00e7\u00e3o. Compete ao Conselho o controle da atua\u00e7\u00e3o administrativa e financeira do Poder Judici\u00e1rio e do cumprimento dos deveres funcionais dos ju\u00edzes. O CNJ \u00e9 respons\u00e1vel, por exemplo, por estabelecer metas para o julgamento de a\u00e7\u00f5es pelo Judici\u00e1rio.<\/p>\n<table width=\"500\" align=\"center\" border=\"0\" cellspacing=\"0\" cellpadding=\"0\">\n<tbody>\n<tr>\n<td><span>ACOM\/TRF3<\/span><\/td>\n<\/tr>\n<tr>\n<td><img decoding=\"async\" width=\"500\" height=\"304\" alt=\"\" src=\"http:\/\/web.trf3.jus.br\/noticias\/uploaddir\/image\/2019\/Junho\/01-para%20siteDSC_1776%20(2).jpg\"><\/td>\n<\/tr>\n<tr>\n<td>Da esq. p\/dir.: Juiz Federal Erik Frederico Gramstrup (6.\u00aa Vara Federal de Execu\u00e7\u00f5es Fiscais); Conselheira Maria Tereza Uille Gomes (CNJ); Presidente do\u00a0TRF3, Therezinha Cazerta; e Ju\u00edza Federal Raquel Perrini (em aux\u00edlio \u00e0 Presid\u00eancia do TRF3)<\/td>\n<\/tr>\n<\/tbody>\n<\/table>\n<\/p><\/div>\n<p><i>Com informa\u00e7\u00f5es da assessoria de imprensa do TRF3.<\/i><br \/>\n<br \/><a href=\"http:\/\/web.trf3.jus.br\/noticias\/Noticias\/Noticia\/Exibir\/382322\">Fonte<\/a><br \/>\n<br \/><\/p>\n","protected":false},"excerpt":{"rendered":"<p>O tema do encontro foi a utiliza\u00e7\u00e3o da tecnologia na busca de bens dos devedores para maior efetividade das execu\u00e7\u00f5es fiscais A Desembargadora Federal Therezinha Cazerta, Presidente do Tribunal Regional Federal da 3.\u00aa Regi\u00e3o (TRF3), recebeu, nesta segunda-feira (10\/6), a visita da Conselheira Maria Tereza Uille Gomes, membro do Conselho Nacional de Justi\u00e7a (CNJ). A [&hellip;]<\/p>\n","protected":false},"author":3063,"featured_media":1666,"comment_status":"open","ping_status":"open","sticky":false,"template":"","format":"standard","meta":{"footnotes":""},"categories":[5,110],"tags":[11,10,8,13,9,12,152],"class_list":{"0":"post-4611","1":"post","2":"type-post","3":"status-publish","4":"format-standard","5":"has-post-thumbnail","7":"category-previdenciario","8":"category-trf3","9":"tag-aposentadoria","10":"tag-calculos-previdenciarios","11":"tag-direito-previdenciario","12":"tag-inss","13":"tag-pericia","14":"tag-perito","15":"tag-trf3"},"yoast_head":"<!-- This site is optimized with the Yoast SEO plugin v27.2 - https:\/\/yoast.com\/product\/yoast-seo-wordpress\/ -->\n<title>TRF3: PRESIDENTE DO TRIBUNAL&nbsp;RECEBE CONSELHEIRA MARIA TEREZA UILLE, DO CNJ | Portal de Not\u00edcias<\/title>\n<meta name=\"robots\" content=\"index, follow, max-snippet:-1, max-image-preview:large, max-video-preview:-1\" \/>\n<link rel=\"canonical\" href=\"https:\/\/mhcalculos.com.br\/noticias\/area\/previdenciario\/trf3-presidente-do-tribunal-recebe-conselheira-maria-tereza-uille-do-cnj.html\" \/>\n<meta property=\"og:locale\" content=\"pt_BR\" \/>\n<meta property=\"og:type\" content=\"article\" \/>\n<meta property=\"og:title\" content=\"TRF3: PRESIDENTE DO TRIBUNAL&nbsp;RECEBE CONSELHEIRA MARIA TEREZA UILLE, DO CNJ | Portal de Not\u00edcias\" \/>\n<meta property=\"og:description\" content=\"O tema do encontro foi a utiliza\u00e7\u00e3o da tecnologia na busca de bens dos devedores para maior efetividade das execu\u00e7\u00f5es fiscais A Desembargadora Federal Therezinha Cazerta, Presidente do Tribunal Regional Federal da 3.\u00aa Regi\u00e3o (TRF3), recebeu, nesta segunda-feira (10\/6), a visita da Conselheira Maria Tereza Uille Gomes, membro do Conselho Nacional de Justi\u00e7a (CNJ). A [&hellip;]\" \/>\n<meta property=\"og:url\" content=\"https:\/\/mhcalculos.com.br\/noticias\/area\/previdenciario\/trf3-presidente-do-tribunal-recebe-conselheira-maria-tereza-uille-do-cnj.html\" \/>\n<meta property=\"og:site_name\" content=\"Portal de Not\u00edcias\" \/>\n<meta property=\"article:published_time\" content=\"2019-06-12T13:00:07+00:00\" \/>\n<meta property=\"article:modified_time\" content=\"2021-07-28T17:32:38+00:00\" \/>\n<meta property=\"og:image\" content=\"https:\/\/mhcalculos.com.br\/noticias\/wp-content\/uploads\/sites\/2\/2018\/06\/judiciario-0033.jpg\" \/>\n\t<meta property=\"og:image:width\" content=\"2000\" \/>\n\t<meta property=\"og:image:height\" content=\"800\" \/>\n\t<meta property=\"og:image:type\" content=\"image\/jpeg\" \/>\n<meta name=\"author\" content=\"Equipe MH\" \/>\n<meta name=\"twitter:card\" content=\"summary_large_image\" \/>\n<meta name=\"twitter:label1\" content=\"Escrito por\" \/>\n\t<meta name=\"twitter:data1\" content=\"Equipe MH\" \/>\n\t<meta name=\"twitter:label2\" content=\"Est. tempo de leitura\" \/>\n\t<meta name=\"twitter:data2\" content=\"2 minutos\" \/>\n<script type=\"application\/ld+json\" class=\"yoast-schema-graph\">{\"@context\":\"https:\/\/schema.org\",\"@graph\":[{\"@type\":\"Article\",\"@id\":\"https:\/\/mhcalculos.com.br\/noticias\/area\/previdenciario\/trf3-presidente-do-tribunal-recebe-conselheira-maria-tereza-uille-do-cnj.html#article\",\"isPartOf\":{\"@id\":\"https:\/\/mhcalculos.com.br\/noticias\/area\/previdenciario\/trf3-presidente-do-tribunal-recebe-conselheira-maria-tereza-uille-do-cnj.html\"},\"author\":{\"name\":\"Equipe MH\",\"@id\":\"https:\/\/mhcalculos.com.br\/noticias\/#\/schema\/person\/88d1c34bf72dc779ea14a5a6b8e0ae8d\"},\"headline\":\"TRF3: PRESIDENTE DO TRIBUNAL&nbsp;RECEBE CONSELHEIRA MARIA TEREZA UILLE, DO CNJ\",\"datePublished\":\"2019-06-12T13:00:07+00:00\",\"dateModified\":\"2021-07-28T17:32:38+00:00\",\"mainEntityOfPage\":{\"@id\":\"https:\/\/mhcalculos.com.br\/noticias\/area\/previdenciario\/trf3-presidente-do-tribunal-recebe-conselheira-maria-tereza-uille-do-cnj.html\"},\"wordCount\":480,\"commentCount\":0,\"image\":{\"@id\":\"https:\/\/mhcalculos.com.br\/noticias\/area\/previdenciario\/trf3-presidente-do-tribunal-recebe-conselheira-maria-tereza-uille-do-cnj.html#primaryimage\"},\"thumbnailUrl\":\"https:\/\/mhcalculos.com.br\/noticias\/wp-content\/uploads\/sites\/2\/2018\/06\/judiciario-0033.jpg\",\"keywords\":[\"aposentadoria\",\"c\u00e1lculos previdenci\u00e1rios\",\"direito previdenci\u00e1rio\",\"inss\",\"per\u00edcia\",\"perito\",\"trf3\"],\"articleSection\":[\"Direito Previdenci\u00e1rio\",\"TRF3\"],\"inLanguage\":\"pt-BR\",\"potentialAction\":[{\"@type\":\"CommentAction\",\"name\":\"Comment\",\"target\":[\"https:\/\/mhcalculos.com.br\/noticias\/area\/previdenciario\/trf3-presidente-do-tribunal-recebe-conselheira-maria-tereza-uille-do-cnj.html#respond\"]}]},{\"@type\":\"WebPage\",\"@id\":\"https:\/\/mhcalculos.com.br\/noticias\/area\/previdenciario\/trf3-presidente-do-tribunal-recebe-conselheira-maria-tereza-uille-do-cnj.html\",\"url\":\"https:\/\/mhcalculos.com.br\/noticias\/area\/previdenciario\/trf3-presidente-do-tribunal-recebe-conselheira-maria-tereza-uille-do-cnj.html\",\"name\":\"TRF3: PRESIDENTE DO TRIBUNAL&nbsp;RECEBE CONSELHEIRA MARIA TEREZA UILLE, DO CNJ | Portal de Not\u00edcias\",\"isPartOf\":{\"@id\":\"https:\/\/mhcalculos.com.br\/noticias\/#website\"},\"primaryImageOfPage\":{\"@id\":\"https:\/\/mhcalculos.com.br\/noticias\/area\/previdenciario\/trf3-presidente-do-tribunal-recebe-conselheira-maria-tereza-uille-do-cnj.html#primaryimage\"},\"image\":{\"@id\":\"https:\/\/mhcalculos.com.br\/noticias\/area\/previdenciario\/trf3-presidente-do-tribunal-recebe-conselheira-maria-tereza-uille-do-cnj.html#primaryimage\"},\"thumbnailUrl\":\"https:\/\/mhcalculos.com.br\/noticias\/wp-content\/uploads\/sites\/2\/2018\/06\/judiciario-0033.jpg\",\"datePublished\":\"2019-06-12T13:00:07+00:00\",\"dateModified\":\"2021-07-28T17:32:38+00:00\",\"author\":{\"@id\":\"https:\/\/mhcalculos.com.br\/noticias\/#\/schema\/person\/88d1c34bf72dc779ea14a5a6b8e0ae8d\"},\"breadcrumb\":{\"@id\":\"https:\/\/mhcalculos.com.br\/noticias\/area\/previdenciario\/trf3-presidente-do-tribunal-recebe-conselheira-maria-tereza-uille-do-cnj.html#breadcrumb\"},\"inLanguage\":\"pt-BR\",\"potentialAction\":[{\"@type\":\"ReadAction\",\"target\":[\"https:\/\/mhcalculos.com.br\/noticias\/area\/previdenciario\/trf3-presidente-do-tribunal-recebe-conselheira-maria-tereza-uille-do-cnj.html\"]}]},{\"@type\":\"ImageObject\",\"inLanguage\":\"pt-BR\",\"@id\":\"https:\/\/mhcalculos.com.br\/noticias\/area\/previdenciario\/trf3-presidente-do-tribunal-recebe-conselheira-maria-tereza-uille-do-cnj.html#primaryimage\",\"url\":\"https:\/\/mhcalculos.com.br\/noticias\/wp-content\/uploads\/sites\/2\/2018\/06\/judiciario-0033.jpg\",\"contentUrl\":\"https:\/\/mhcalculos.com.br\/noticias\/wp-content\/uploads\/sites\/2\/2018\/06\/judiciario-0033.jpg\",\"width\":2000,\"height\":800},{\"@type\":\"BreadcrumbList\",\"@id\":\"https:\/\/mhcalculos.com.br\/noticias\/area\/previdenciario\/trf3-presidente-do-tribunal-recebe-conselheira-maria-tereza-uille-do-cnj.html#breadcrumb\",\"itemListElement\":[{\"@type\":\"ListItem\",\"position\":1,\"name\":\"In\u00edcio\",\"item\":\"https:\/\/mhcalculos.com.br\/noticias\/\"},{\"@type\":\"ListItem\",\"position\":2,\"name\":\"TRF3: PRESIDENTE DO TRIBUNAL&nbsp;RECEBE CONSELHEIRA MARIA TEREZA UILLE, DO CNJ\"}]},{\"@type\":\"WebSite\",\"@id\":\"https:\/\/mhcalculos.com.br\/noticias\/#website\",\"url\":\"https:\/\/mhcalculos.com.br\/noticias\/\",\"name\":\"Portal de Not\u00edcias\",\"description\":\"Not\u00edcias e Jurisprud\u00eancia\",\"potentialAction\":[{\"@type\":\"SearchAction\",\"target\":{\"@type\":\"EntryPoint\",\"urlTemplate\":\"https:\/\/mhcalculos.com.br\/noticias\/?s={search_term_string}\"},\"query-input\":{\"@type\":\"PropertyValueSpecification\",\"valueRequired\":true,\"valueName\":\"search_term_string\"}}],\"inLanguage\":\"pt-BR\"},{\"@type\":\"Person\",\"@id\":\"https:\/\/mhcalculos.com.br\/noticias\/#\/schema\/person\/88d1c34bf72dc779ea14a5a6b8e0ae8d\",\"name\":\"Equipe MH\",\"image\":{\"@type\":\"ImageObject\",\"inLanguage\":\"pt-BR\",\"@id\":\"https:\/\/secure.gravatar.com\/avatar\/de1c686c2ecc9c5a3f327e3431d819eb39f8f05d4e1045f5a1caad6daaba987f?s=96&d=mm&r=g\",\"url\":\"https:\/\/secure.gravatar.com\/avatar\/de1c686c2ecc9c5a3f327e3431d819eb39f8f05d4e1045f5a1caad6daaba987f?s=96&d=mm&r=g\",\"contentUrl\":\"https:\/\/secure.gravatar.com\/avatar\/de1c686c2ecc9c5a3f327e3431d819eb39f8f05d4e1045f5a1caad6daaba987f?s=96&d=mm&r=g\",\"caption\":\"Equipe MH\"}}]}<\/script>\n<!-- \/ Yoast SEO plugin. -->","yoast_head_json":{"title":"TRF3: PRESIDENTE DO TRIBUNAL&nbsp;RECEBE CONSELHEIRA MARIA TEREZA UILLE, DO CNJ | Portal de Not\u00edcias","robots":{"index":"index","follow":"follow","max-snippet":"max-snippet:-1","max-image-preview":"max-image-preview:large","max-video-preview":"max-video-preview:-1"},"canonical":"https:\/\/mhcalculos.com.br\/noticias\/area\/previdenciario\/trf3-presidente-do-tribunal-recebe-conselheira-maria-tereza-uille-do-cnj.html","og_locale":"pt_BR","og_type":"article","og_title":"TRF3: PRESIDENTE DO TRIBUNAL&nbsp;RECEBE CONSELHEIRA MARIA TEREZA UILLE, DO CNJ | Portal de Not\u00edcias","og_description":"O tema do encontro foi a utiliza\u00e7\u00e3o da tecnologia na busca de bens dos devedores para maior efetividade das execu\u00e7\u00f5es fiscais A Desembargadora Federal Therezinha Cazerta, Presidente do Tribunal Regional Federal da 3.\u00aa Regi\u00e3o (TRF3), recebeu, nesta segunda-feira (10\/6), a visita da Conselheira Maria Tereza Uille Gomes, membro do Conselho Nacional de Justi\u00e7a (CNJ). A [&hellip;]","og_url":"https:\/\/mhcalculos.com.br\/noticias\/area\/previdenciario\/trf3-presidente-do-tribunal-recebe-conselheira-maria-tereza-uille-do-cnj.html","og_site_name":"Portal de Not\u00edcias","article_published_time":"2019-06-12T13:00:07+00:00","article_modified_time":"2021-07-28T17:32:38+00:00","og_image":[{"width":2000,"height":800,"url":"https:\/\/mhcalculos.com.br\/noticias\/wp-content\/uploads\/sites\/2\/2018\/06\/judiciario-0033.jpg","type":"image\/jpeg"}],"author":"Equipe MH","twitter_card":"summary_large_image","twitter_misc":{"Escrito por":"Equipe MH","Est. tempo de leitura":"2 minutos"},"schema":{"@context":"https:\/\/schema.org","@graph":[{"@type":"Article","@id":"https:\/\/mhcalculos.com.br\/noticias\/area\/previdenciario\/trf3-presidente-do-tribunal-recebe-conselheira-maria-tereza-uille-do-cnj.html#article","isPartOf":{"@id":"https:\/\/mhcalculos.com.br\/noticias\/area\/previdenciario\/trf3-presidente-do-tribunal-recebe-conselheira-maria-tereza-uille-do-cnj.html"},"author":{"name":"Equipe MH","@id":"https:\/\/mhcalculos.com.br\/noticias\/#\/schema\/person\/88d1c34bf72dc779ea14a5a6b8e0ae8d"},"headline":"TRF3: PRESIDENTE DO TRIBUNAL&nbsp;RECEBE CONSELHEIRA MARIA TEREZA UILLE, DO CNJ","datePublished":"2019-06-12T13:00:07+00:00","dateModified":"2021-07-28T17:32:38+00:00","mainEntityOfPage":{"@id":"https:\/\/mhcalculos.com.br\/noticias\/area\/previdenciario\/trf3-presidente-do-tribunal-recebe-conselheira-maria-tereza-uille-do-cnj.html"},"wordCount":480,"commentCount":0,"image":{"@id":"https:\/\/mhcalculos.com.br\/noticias\/area\/previdenciario\/trf3-presidente-do-tribunal-recebe-conselheira-maria-tereza-uille-do-cnj.html#primaryimage"},"thumbnailUrl":"https:\/\/mhcalculos.com.br\/noticias\/wp-content\/uploads\/sites\/2\/2018\/06\/judiciario-0033.jpg","keywords":["aposentadoria","c\u00e1lculos previdenci\u00e1rios","direito previdenci\u00e1rio","inss","per\u00edcia","perito","trf3"],"articleSection":["Direito Previdenci\u00e1rio","TRF3"],"inLanguage":"pt-BR","potentialAction":[{"@type":"CommentAction","name":"Comment","target":["https:\/\/mhcalculos.com.br\/noticias\/area\/previdenciario\/trf3-presidente-do-tribunal-recebe-conselheira-maria-tereza-uille-do-cnj.html#respond"]}]},{"@type":"WebPage","@id":"https:\/\/mhcalculos.com.br\/noticias\/area\/previdenciario\/trf3-presidente-do-tribunal-recebe-conselheira-maria-tereza-uille-do-cnj.html","url":"https:\/\/mhcalculos.com.br\/noticias\/area\/previdenciario\/trf3-presidente-do-tribunal-recebe-conselheira-maria-tereza-uille-do-cnj.html","name":"TRF3: PRESIDENTE DO TRIBUNAL&nbsp;RECEBE CONSELHEIRA MARIA TEREZA UILLE, DO CNJ | Portal de Not\u00edcias","isPartOf":{"@id":"https:\/\/mhcalculos.com.br\/noticias\/#website"},"primaryImageOfPage":{"@id":"https:\/\/mhcalculos.com.br\/noticias\/area\/previdenciario\/trf3-presidente-do-tribunal-recebe-conselheira-maria-tereza-uille-do-cnj.html#primaryimage"},"image":{"@id":"https:\/\/mhcalculos.com.br\/noticias\/area\/previdenciario\/trf3-presidente-do-tribunal-recebe-conselheira-maria-tereza-uille-do-cnj.html#primaryimage"},"thumbnailUrl":"https:\/\/mhcalculos.com.br\/noticias\/wp-content\/uploads\/sites\/2\/2018\/06\/judiciario-0033.jpg","datePublished":"2019-06-12T13:00:07+00:00","dateModified":"2021-07-28T17:32:38+00:00","author":{"@id":"https:\/\/mhcalculos.com.br\/noticias\/#\/schema\/person\/88d1c34bf72dc779ea14a5a6b8e0ae8d"},"breadcrumb":{"@id":"https:\/\/mhcalculos.com.br\/noticias\/area\/previdenciario\/trf3-presidente-do-tribunal-recebe-conselheira-maria-tereza-uille-do-cnj.html#breadcrumb"},"inLanguage":"pt-BR","potentialAction":[{"@type":"ReadAction","target":["https:\/\/mhcalculos.com.br\/noticias\/area\/previdenciario\/trf3-presidente-do-tribunal-recebe-conselheira-maria-tereza-uille-do-cnj.html"]}]},{"@type":"ImageObject","inLanguage":"pt-BR","@id":"https:\/\/mhcalculos.com.br\/noticias\/area\/previdenciario\/trf3-presidente-do-tribunal-recebe-conselheira-maria-tereza-uille-do-cnj.html#primaryimage","url":"https:\/\/mhcalculos.com.br\/noticias\/wp-content\/uploads\/sites\/2\/2018\/06\/judiciario-0033.jpg","contentUrl":"https:\/\/mhcalculos.com.br\/noticias\/wp-content\/uploads\/sites\/2\/2018\/06\/judiciario-0033.jpg","width":2000,"height":800},{"@type":"BreadcrumbList","@id":"https:\/\/mhcalculos.com.br\/noticias\/area\/previdenciario\/trf3-presidente-do-tribunal-recebe-conselheira-maria-tereza-uille-do-cnj.html#breadcrumb","itemListElement":[{"@type":"ListItem","position":1,"name":"In\u00edcio","item":"https:\/\/mhcalculos.com.br\/noticias\/"},{"@type":"ListItem","position":2,"name":"TRF3: PRESIDENTE DO TRIBUNAL&nbsp;RECEBE CONSELHEIRA MARIA TEREZA UILLE, DO CNJ"}]},{"@type":"WebSite","@id":"https:\/\/mhcalculos.com.br\/noticias\/#website","url":"https:\/\/mhcalculos.com.br\/noticias\/","name":"Portal de Not\u00edcias","description":"Not\u00edcias e Jurisprud\u00eancia","potentialAction":[{"@type":"SearchAction","target":{"@type":"EntryPoint","urlTemplate":"https:\/\/mhcalculos.com.br\/noticias\/?s={search_term_string}"},"query-input":{"@type":"PropertyValueSpecification","valueRequired":true,"valueName":"search_term_string"}}],"inLanguage":"pt-BR"},{"@type":"Person","@id":"https:\/\/mhcalculos.com.br\/noticias\/#\/schema\/person\/88d1c34bf72dc779ea14a5a6b8e0ae8d","name":"Equipe MH","image":{"@type":"ImageObject","inLanguage":"pt-BR","@id":"https:\/\/secure.gravatar.com\/avatar\/de1c686c2ecc9c5a3f327e3431d819eb39f8f05d4e1045f5a1caad6daaba987f?s=96&d=mm&r=g","url":"https:\/\/secure.gravatar.com\/avatar\/de1c686c2ecc9c5a3f327e3431d819eb39f8f05d4e1045f5a1caad6daaba987f?s=96&d=mm&r=g","contentUrl":"https:\/\/secure.gravatar.com\/avatar\/de1c686c2ecc9c5a3f327e3431d819eb39f8f05d4e1045f5a1caad6daaba987f?s=96&d=mm&r=g","caption":"Equipe MH"}}]}},"_links":{"self":[{"href":"https:\/\/mhcalculos.com.br\/noticias\/wp-json\/wp\/v2\/posts\/4611","targetHints":{"allow":["GET"]}}],"collection":[{"href":"https:\/\/mhcalculos.com.br\/noticias\/wp-json\/wp\/v2\/posts"}],"about":[{"href":"https:\/\/mhcalculos.com.br\/noticias\/wp-json\/wp\/v2\/types\/post"}],"author":[{"embeddable":true,"href":"https:\/\/mhcalculos.com.br\/noticias\/wp-json\/wp\/v2\/users\/3063"}],"replies":[{"embeddable":true,"href":"https:\/\/mhcalculos.com.br\/noticias\/wp-json\/wp\/v2\/comments?post=4611"}],"version-history":[{"count":1,"href":"https:\/\/mhcalculos.com.br\/noticias\/wp-json\/wp\/v2\/posts\/4611\/revisions"}],"predecessor-version":[{"id":9807,"href":"https:\/\/mhcalculos.com.br\/noticias\/wp-json\/wp\/v2\/posts\/4611\/revisions\/9807"}],"wp:featuredmedia":[{"embeddable":true,"href":"https:\/\/mhcalculos.com.br\/noticias\/wp-json\/wp\/v2\/media\/1666"}],"wp:attachment":[{"href":"https:\/\/mhcalculos.com.br\/noticias\/wp-json\/wp\/v2\/media?parent=4611"}],"wp:term":[{"taxonomy":"category","embeddable":true,"href":"https:\/\/mhcalculos.com.br\/noticias\/wp-json\/wp\/v2\/categories?post=4611"},{"taxonomy":"post_tag","embeddable":true,"href":"https:\/\/mhcalculos.com.br\/noticias\/wp-json\/wp\/v2\/tags?post=4611"}],"curies":[{"name":"wp","href":"https:\/\/api.w.org\/{rel}","templated":true}]}}