{"id":4518,"date":"2019-06-04T09:35:00","date_gmt":"2019-06-04T12:35:00","guid":{"rendered":"https:\/\/mhcalculos.com.br\/noticias\/2019\/06\/04\/tst-pagamento-em-parcela-unica-autoriza-reducao-do-valor-de-pensao-mensal-vitalicia\/"},"modified":"2021-07-28T14:32:41","modified_gmt":"2021-07-28T17:32:41","slug":"tst-pagamento-em-parcela-unica-autoriza-reducao-do-valor-de-pensao-mensal-vitalicia","status":"publish","type":"post","link":"https:\/\/mhcalculos.com.br\/noticias\/area\/trabalhista\/tst-pagamento-em-parcela-unica-autoriza-reducao-do-valor-de-pensao-mensal-vitalicia.html","title":{"rendered":"TST: Pagamento em parcela \u00fanica autoriza redu\u00e7\u00e3o do valor de pens\u00e3o mensal vital\u00edcia"},"content":{"rendered":"<p><br \/>\n  <\/p>\n<p ><em>O c\u00e1lculo considerou o sal\u00e1rio, a expectativa de vida e, tamb\u00e9m, o princ\u00edpio&nbsp;da proporcionalidade.<\/em><\/p>\n<p >A Sexta Turma do Tribunal Superior do Trabalho arbitrou novo valor \u00e0 indeniza\u00e7\u00e3o por danos materiais a ser paga a um operador da Polimix Concreto Ltda., de Caxias do Sul (RS), que perdeu um dedo da m\u00e3o em acidente de trabalho. Como a pens\u00e3o ser\u00e1 paga em parcela \u00fanica, a Turma reduziu o valor de R$ 25.417, arbitrado pelo ju\u00edzo de segundo grau, para R$ 17.400.<\/p>\n<p ><strong>Redutor<\/strong><\/p>\n<p >O empregado era operador de bomba de concreto e, em 2016, recebeu uma marretada acidental de um colega no terceiro dedo da m\u00e3o esquerda. Ao arbitrar o montante da indeniza\u00e7\u00e3o por danos materiais, o ju\u00edzo de primeiro grau considerou o percentual de incapacidade para o trabalho em 2,5% e a expectativa de sobrevida apurada pelo Instituto Brasileiro de Geografia e Estat\u00edstica (IBGE). O valor resultante foi de R$ 25.417. Como o pagamento seria feito de uma s\u00f3 vez, a indeniza\u00e7\u00e3o substitutiva da pens\u00e3o vital\u00edcia foi arbitrada em 50% do total (R$ 12.700), mais R$ 6 mil por danos est\u00e9ticos e R$ 6 mil por danos morais.<\/p>\n<p >O Tribunal Regional do Trabalho da 4\u00aa Regi\u00e3o, no entanto, restabeleceu o valor total, ao afastar a aplica\u00e7\u00e3o do redutor. Segundo o TRT, o artigo 950 do <a href=\"http:\/\/www.planalto.gov.br\/ccivil_03\/leis\/2002\/l10406.htm\" target=\"_blank\" rel=\"noopener\">C\u00f3digo Civil<\/a> nada prev\u00ea a respeito, apenas faculta ao requerente exigir o pagamento em parcela \u00fanica.Os valores das indeniza\u00e7\u00f5es por danos morais e est\u00e9ticos tamb\u00e9m foram majorados para R$ 10 mil.<\/p>\n<p >No recurso de revista, a Polimix sustentou que, no caso de pagamento em parcela \u00fanica da pens\u00e3o prevista no artigo 950, o valor devia ser apurado por arbitramento, n\u00e3o por mera somat\u00f3ria das parcelas mensais. Requereu, assim, o restabelecimento do valor determinado na senten\u00e7a.<\/p>\n<p ><strong>Parcela \u00fanica<\/strong><\/p>\n<p >A relatora, ministra K\u00e1tia Magalh\u00e3es Arruda, observou que, de acordo com a jurisprud\u00eancia do TST, a indeniza\u00e7\u00e3o por danos materiais, quando paga em parcela \u00fanica, n\u00e3o \u00e9 calculada por meio de simples soma de todos os valores mensais. Assinalou, tamb\u00e9m, que o entendimento adotado pela Sexta Turma \u00e9 que o c\u00e1lculo deve levar em conta n\u00e3o apenas o sal\u00e1rio e a expectativa de vida, mas, tamb\u00e9m, os princ\u00edpios da proporcionalidade e da veda\u00e7\u00e3o do enriquecimento sem causa. \u201cAssim, o montante deve ser aquele que, financeiramente aplicado, resulte em valor aproximado ao que seria devido a t\u00edtulo de pens\u00e3o mensal, e o \u00edndice a ser aplicado \u00e9 o do rendimento mensal da poupan\u00e7a (0,37%)\u201d, explicou. Ainda segundo a ministra, deve-se incluir no c\u00e1lculo o valor correspondente ao 13\u00ba sal\u00e1rio.<\/p>\n<p >Com esses par\u00e2metros, acrescidos aos crit\u00e9rios adotados na senten\u00e7a relativos \u00e0 redu\u00e7\u00e3o da capacidade de trabalho e \u00e0 remunera\u00e7\u00e3o, a Turma concluiu que o valor devido \u00e9 de R$ 17.400.<\/p>\n<p >A decis\u00e3o foi un\u00e2nime.<\/p>\n<p >(LT\/CF)<\/p>\n<p >Processo:<a href=\"http:\/\/aplicacao4.tst.jus.br\/consultaProcessual\/consultaTstNumUnica.do?conscsjt=&amp;numeroTst=20145&amp;digitoTst=94&amp;anoTst=2017&amp;orgaoTst=5&amp;tribunalTst=04&amp;varaTst=0406&amp;consulta=Consultar\" target=\"_blank\" rel=\"noopener\">RR &#8211; 20145-94.2017.5.04.0406&nbsp;<\/a><\/p>\n<p> O TST possui oito Turmas, cada uma composta de tr\u00eas ministros, com a atribui\u00e7\u00e3o de analisar recursos de revista, agravos, agravos de instrumento, agravos regimentais e recursos ordin\u00e1rios em a\u00e7\u00e3o cautelar. Das decis\u00f5es das Turmas, a parte ainda pode, em alguns casos, recorrer \u00e0 Subse\u00e7\u00e3o I Especializada em Diss\u00eddios Individuais (SBDI-1). <strong>Esta mat\u00e9ria tem cunho meramente informativo.<br \/> Permitida a reprodu\u00e7\u00e3o mediante cita\u00e7\u00e3o da fonte.<br \/> Secretaria de Comunica\u00e7\u00e3o Social<br \/> <a href=\"http:\/\/www.tst.jus.br\/\" target=\"_blank\" rel=\"noopener\">Tribunal Superior do Trabalho<\/a><br \/> Tel. (61) 3043-4907<br \/> <a href=\"mailto:secom@tst.jus.br\">secom@tst.jus.br<\/a><\/strong>       <\/br><br \/>\n<br \/><i>Com informa\u00e7\u00f5es da assessoria de imprensa do TST.<\/i><br \/>\n<br \/><a href=\"http:\/\/www.tst.jus.br\/web\/guest\/noticias?p_p_id=89Dk&#038;p_p_lifecycle=0&#038;refererPlid=10730&#038;_89Dk_struts_action=%2Fjournal_content%2Fview&#038;_89Dk_groupId=10157&#038;_89Dk_articleId=24895179\">Fonte<\/a><br \/>\n<br \/><\/p>\n","protected":false},"excerpt":{"rendered":"<p>O c\u00e1lculo considerou o sal\u00e1rio, a expectativa de vida e, tamb\u00e9m, o princ\u00edpio&nbsp;da proporcionalidade. A Sexta Turma do Tribunal Superior do Trabalho arbitrou novo valor \u00e0 indeniza\u00e7\u00e3o por danos materiais a ser paga a um operador da Polimix Concreto Ltda., de Caxias do Sul (RS), que perdeu um dedo da m\u00e3o em acidente de trabalho. [&hellip;]<\/p>\n","protected":false},"author":3063,"featured_media":2110,"comment_status":"open","ping_status":"open","sticky":false,"template":"","format":"standard","meta":{"footnotes":""},"categories":[3,21],"tags":[33,216,9,12,217,215],"class_list":{"0":"post-4518","1":"post","2":"type-post","3":"status-publish","4":"format-standard","5":"has-post-thumbnail","7":"category-trabalhista","8":"category-tst","9":"tag-calculos-trabalhistas","10":"tag-direito-trabalhista","11":"tag-pericia","12":"tag-perito","13":"tag-trabalho","14":"tag-tst"},"yoast_head":"<!-- This site is optimized with the Yoast SEO plugin v27.2 - https:\/\/yoast.com\/product\/yoast-seo-wordpress\/ -->\n<title>TST: Pagamento em parcela \u00fanica autoriza redu\u00e7\u00e3o do valor de pens\u00e3o mensal vital\u00edcia | Portal de Not\u00edcias<\/title>\n<meta name=\"robots\" content=\"index, follow, max-snippet:-1, max-image-preview:large, max-video-preview:-1\" \/>\n<link rel=\"canonical\" href=\"https:\/\/mhcalculos.com.br\/noticias\/area\/trabalhista\/tst-pagamento-em-parcela-unica-autoriza-reducao-do-valor-de-pensao-mensal-vitalicia.html\" \/>\n<meta property=\"og:locale\" content=\"pt_BR\" \/>\n<meta property=\"og:type\" content=\"article\" \/>\n<meta property=\"og:title\" content=\"TST: Pagamento em parcela \u00fanica autoriza redu\u00e7\u00e3o do valor de pens\u00e3o mensal vital\u00edcia | Portal de Not\u00edcias\" \/>\n<meta property=\"og:description\" content=\"O c\u00e1lculo considerou o sal\u00e1rio, a expectativa de vida e, tamb\u00e9m, o princ\u00edpio&nbsp;da proporcionalidade. A Sexta Turma do Tribunal Superior do Trabalho arbitrou novo valor \u00e0 indeniza\u00e7\u00e3o por danos materiais a ser paga a um operador da Polimix Concreto Ltda., de Caxias do Sul (RS), que perdeu um dedo da m\u00e3o em acidente de trabalho. [&hellip;]\" \/>\n<meta property=\"og:url\" content=\"https:\/\/mhcalculos.com.br\/noticias\/area\/trabalhista\/tst-pagamento-em-parcela-unica-autoriza-reducao-do-valor-de-pensao-mensal-vitalicia.html\" \/>\n<meta property=\"og:site_name\" content=\"Portal de Not\u00edcias\" \/>\n<meta property=\"article:published_time\" content=\"2019-06-04T12:35:00+00:00\" \/>\n<meta property=\"article:modified_time\" content=\"2021-07-28T17:32:41+00:00\" \/>\n<meta property=\"og:image\" content=\"https:\/\/mhcalculos.com.br\/noticias\/wp-content\/uploads\/sites\/2\/2018\/06\/trabalhista-0002.jpg\" \/>\n\t<meta property=\"og:image:width\" content=\"2000\" \/>\n\t<meta property=\"og:image:height\" content=\"800\" \/>\n\t<meta property=\"og:image:type\" content=\"image\/jpeg\" \/>\n<meta name=\"author\" content=\"Equipe MH\" \/>\n<meta name=\"twitter:card\" content=\"summary_large_image\" \/>\n<meta name=\"twitter:label1\" content=\"Escrito por\" \/>\n\t<meta name=\"twitter:data1\" content=\"Equipe MH\" \/>\n\t<meta name=\"twitter:label2\" content=\"Est. tempo de leitura\" \/>\n\t<meta name=\"twitter:data2\" content=\"3 minutos\" \/>\n<script type=\"application\/ld+json\" class=\"yoast-schema-graph\">{\"@context\":\"https:\/\/schema.org\",\"@graph\":[{\"@type\":\"Article\",\"@id\":\"https:\/\/mhcalculos.com.br\/noticias\/area\/trabalhista\/tst-pagamento-em-parcela-unica-autoriza-reducao-do-valor-de-pensao-mensal-vitalicia.html#article\",\"isPartOf\":{\"@id\":\"https:\/\/mhcalculos.com.br\/noticias\/area\/trabalhista\/tst-pagamento-em-parcela-unica-autoriza-reducao-do-valor-de-pensao-mensal-vitalicia.html\"},\"author\":{\"name\":\"Equipe MH\",\"@id\":\"https:\/\/mhcalculos.com.br\/noticias\/#\/schema\/person\/88d1c34bf72dc779ea14a5a6b8e0ae8d\"},\"headline\":\"TST: Pagamento em parcela \u00fanica autoriza redu\u00e7\u00e3o do valor de pens\u00e3o mensal vital\u00edcia\",\"datePublished\":\"2019-06-04T12:35:00+00:00\",\"dateModified\":\"2021-07-28T17:32:41+00:00\",\"mainEntityOfPage\":{\"@id\":\"https:\/\/mhcalculos.com.br\/noticias\/area\/trabalhista\/tst-pagamento-em-parcela-unica-autoriza-reducao-do-valor-de-pensao-mensal-vitalicia.html\"},\"wordCount\":606,\"commentCount\":0,\"image\":{\"@id\":\"https:\/\/mhcalculos.com.br\/noticias\/area\/trabalhista\/tst-pagamento-em-parcela-unica-autoriza-reducao-do-valor-de-pensao-mensal-vitalicia.html#primaryimage\"},\"thumbnailUrl\":\"https:\/\/mhcalculos.com.br\/noticias\/wp-content\/uploads\/sites\/2\/2018\/06\/trabalhista-0002.jpg\",\"keywords\":[\"c\u00e1lculos trabalhistas\",\"direito trabalhista\",\"per\u00edcia\",\"perito\",\"trabalho\",\"TST\"],\"articleSection\":[\"Direito Trabalhista\",\"TST\"],\"inLanguage\":\"pt-BR\",\"potentialAction\":[{\"@type\":\"CommentAction\",\"name\":\"Comment\",\"target\":[\"https:\/\/mhcalculos.com.br\/noticias\/area\/trabalhista\/tst-pagamento-em-parcela-unica-autoriza-reducao-do-valor-de-pensao-mensal-vitalicia.html#respond\"]}]},{\"@type\":\"WebPage\",\"@id\":\"https:\/\/mhcalculos.com.br\/noticias\/area\/trabalhista\/tst-pagamento-em-parcela-unica-autoriza-reducao-do-valor-de-pensao-mensal-vitalicia.html\",\"url\":\"https:\/\/mhcalculos.com.br\/noticias\/area\/trabalhista\/tst-pagamento-em-parcela-unica-autoriza-reducao-do-valor-de-pensao-mensal-vitalicia.html\",\"name\":\"TST: Pagamento em parcela \u00fanica autoriza redu\u00e7\u00e3o do valor de pens\u00e3o mensal vital\u00edcia | Portal de Not\u00edcias\",\"isPartOf\":{\"@id\":\"https:\/\/mhcalculos.com.br\/noticias\/#website\"},\"primaryImageOfPage\":{\"@id\":\"https:\/\/mhcalculos.com.br\/noticias\/area\/trabalhista\/tst-pagamento-em-parcela-unica-autoriza-reducao-do-valor-de-pensao-mensal-vitalicia.html#primaryimage\"},\"image\":{\"@id\":\"https:\/\/mhcalculos.com.br\/noticias\/area\/trabalhista\/tst-pagamento-em-parcela-unica-autoriza-reducao-do-valor-de-pensao-mensal-vitalicia.html#primaryimage\"},\"thumbnailUrl\":\"https:\/\/mhcalculos.com.br\/noticias\/wp-content\/uploads\/sites\/2\/2018\/06\/trabalhista-0002.jpg\",\"datePublished\":\"2019-06-04T12:35:00+00:00\",\"dateModified\":\"2021-07-28T17:32:41+00:00\",\"author\":{\"@id\":\"https:\/\/mhcalculos.com.br\/noticias\/#\/schema\/person\/88d1c34bf72dc779ea14a5a6b8e0ae8d\"},\"breadcrumb\":{\"@id\":\"https:\/\/mhcalculos.com.br\/noticias\/area\/trabalhista\/tst-pagamento-em-parcela-unica-autoriza-reducao-do-valor-de-pensao-mensal-vitalicia.html#breadcrumb\"},\"inLanguage\":\"pt-BR\",\"potentialAction\":[{\"@type\":\"ReadAction\",\"target\":[\"https:\/\/mhcalculos.com.br\/noticias\/area\/trabalhista\/tst-pagamento-em-parcela-unica-autoriza-reducao-do-valor-de-pensao-mensal-vitalicia.html\"]}]},{\"@type\":\"ImageObject\",\"inLanguage\":\"pt-BR\",\"@id\":\"https:\/\/mhcalculos.com.br\/noticias\/area\/trabalhista\/tst-pagamento-em-parcela-unica-autoriza-reducao-do-valor-de-pensao-mensal-vitalicia.html#primaryimage\",\"url\":\"https:\/\/mhcalculos.com.br\/noticias\/wp-content\/uploads\/sites\/2\/2018\/06\/trabalhista-0002.jpg\",\"contentUrl\":\"https:\/\/mhcalculos.com.br\/noticias\/wp-content\/uploads\/sites\/2\/2018\/06\/trabalhista-0002.jpg\",\"width\":2000,\"height\":800},{\"@type\":\"BreadcrumbList\",\"@id\":\"https:\/\/mhcalculos.com.br\/noticias\/area\/trabalhista\/tst-pagamento-em-parcela-unica-autoriza-reducao-do-valor-de-pensao-mensal-vitalicia.html#breadcrumb\",\"itemListElement\":[{\"@type\":\"ListItem\",\"position\":1,\"name\":\"In\u00edcio\",\"item\":\"https:\/\/mhcalculos.com.br\/noticias\/\"},{\"@type\":\"ListItem\",\"position\":2,\"name\":\"TST: Pagamento em parcela \u00fanica autoriza redu\u00e7\u00e3o do valor de pens\u00e3o mensal vital\u00edcia\"}]},{\"@type\":\"WebSite\",\"@id\":\"https:\/\/mhcalculos.com.br\/noticias\/#website\",\"url\":\"https:\/\/mhcalculos.com.br\/noticias\/\",\"name\":\"Portal de Not\u00edcias\",\"description\":\"Not\u00edcias e Jurisprud\u00eancia\",\"potentialAction\":[{\"@type\":\"SearchAction\",\"target\":{\"@type\":\"EntryPoint\",\"urlTemplate\":\"https:\/\/mhcalculos.com.br\/noticias\/?s={search_term_string}\"},\"query-input\":{\"@type\":\"PropertyValueSpecification\",\"valueRequired\":true,\"valueName\":\"search_term_string\"}}],\"inLanguage\":\"pt-BR\"},{\"@type\":\"Person\",\"@id\":\"https:\/\/mhcalculos.com.br\/noticias\/#\/schema\/person\/88d1c34bf72dc779ea14a5a6b8e0ae8d\",\"name\":\"Equipe MH\",\"image\":{\"@type\":\"ImageObject\",\"inLanguage\":\"pt-BR\",\"@id\":\"https:\/\/secure.gravatar.com\/avatar\/de1c686c2ecc9c5a3f327e3431d819eb39f8f05d4e1045f5a1caad6daaba987f?s=96&d=mm&r=g\",\"url\":\"https:\/\/secure.gravatar.com\/avatar\/de1c686c2ecc9c5a3f327e3431d819eb39f8f05d4e1045f5a1caad6daaba987f?s=96&d=mm&r=g\",\"contentUrl\":\"https:\/\/secure.gravatar.com\/avatar\/de1c686c2ecc9c5a3f327e3431d819eb39f8f05d4e1045f5a1caad6daaba987f?s=96&d=mm&r=g\",\"caption\":\"Equipe MH\"}}]}<\/script>\n<!-- \/ Yoast SEO plugin. -->","yoast_head_json":{"title":"TST: Pagamento em parcela \u00fanica autoriza redu\u00e7\u00e3o do valor de pens\u00e3o mensal vital\u00edcia | Portal de Not\u00edcias","robots":{"index":"index","follow":"follow","max-snippet":"max-snippet:-1","max-image-preview":"max-image-preview:large","max-video-preview":"max-video-preview:-1"},"canonical":"https:\/\/mhcalculos.com.br\/noticias\/area\/trabalhista\/tst-pagamento-em-parcela-unica-autoriza-reducao-do-valor-de-pensao-mensal-vitalicia.html","og_locale":"pt_BR","og_type":"article","og_title":"TST: Pagamento em parcela \u00fanica autoriza redu\u00e7\u00e3o do valor de pens\u00e3o mensal vital\u00edcia | Portal de Not\u00edcias","og_description":"O c\u00e1lculo considerou o sal\u00e1rio, a expectativa de vida e, tamb\u00e9m, o princ\u00edpio&nbsp;da proporcionalidade. A Sexta Turma do Tribunal Superior do Trabalho arbitrou novo valor \u00e0 indeniza\u00e7\u00e3o por danos materiais a ser paga a um operador da Polimix Concreto Ltda., de Caxias do Sul (RS), que perdeu um dedo da m\u00e3o em acidente de trabalho. [&hellip;]","og_url":"https:\/\/mhcalculos.com.br\/noticias\/area\/trabalhista\/tst-pagamento-em-parcela-unica-autoriza-reducao-do-valor-de-pensao-mensal-vitalicia.html","og_site_name":"Portal de Not\u00edcias","article_published_time":"2019-06-04T12:35:00+00:00","article_modified_time":"2021-07-28T17:32:41+00:00","og_image":[{"width":2000,"height":800,"url":"https:\/\/mhcalculos.com.br\/noticias\/wp-content\/uploads\/sites\/2\/2018\/06\/trabalhista-0002.jpg","type":"image\/jpeg"}],"author":"Equipe MH","twitter_card":"summary_large_image","twitter_misc":{"Escrito por":"Equipe MH","Est. tempo de leitura":"3 minutos"},"schema":{"@context":"https:\/\/schema.org","@graph":[{"@type":"Article","@id":"https:\/\/mhcalculos.com.br\/noticias\/area\/trabalhista\/tst-pagamento-em-parcela-unica-autoriza-reducao-do-valor-de-pensao-mensal-vitalicia.html#article","isPartOf":{"@id":"https:\/\/mhcalculos.com.br\/noticias\/area\/trabalhista\/tst-pagamento-em-parcela-unica-autoriza-reducao-do-valor-de-pensao-mensal-vitalicia.html"},"author":{"name":"Equipe MH","@id":"https:\/\/mhcalculos.com.br\/noticias\/#\/schema\/person\/88d1c34bf72dc779ea14a5a6b8e0ae8d"},"headline":"TST: Pagamento em parcela \u00fanica autoriza redu\u00e7\u00e3o do valor de pens\u00e3o mensal vital\u00edcia","datePublished":"2019-06-04T12:35:00+00:00","dateModified":"2021-07-28T17:32:41+00:00","mainEntityOfPage":{"@id":"https:\/\/mhcalculos.com.br\/noticias\/area\/trabalhista\/tst-pagamento-em-parcela-unica-autoriza-reducao-do-valor-de-pensao-mensal-vitalicia.html"},"wordCount":606,"commentCount":0,"image":{"@id":"https:\/\/mhcalculos.com.br\/noticias\/area\/trabalhista\/tst-pagamento-em-parcela-unica-autoriza-reducao-do-valor-de-pensao-mensal-vitalicia.html#primaryimage"},"thumbnailUrl":"https:\/\/mhcalculos.com.br\/noticias\/wp-content\/uploads\/sites\/2\/2018\/06\/trabalhista-0002.jpg","keywords":["c\u00e1lculos trabalhistas","direito trabalhista","per\u00edcia","perito","trabalho","TST"],"articleSection":["Direito Trabalhista","TST"],"inLanguage":"pt-BR","potentialAction":[{"@type":"CommentAction","name":"Comment","target":["https:\/\/mhcalculos.com.br\/noticias\/area\/trabalhista\/tst-pagamento-em-parcela-unica-autoriza-reducao-do-valor-de-pensao-mensal-vitalicia.html#respond"]}]},{"@type":"WebPage","@id":"https:\/\/mhcalculos.com.br\/noticias\/area\/trabalhista\/tst-pagamento-em-parcela-unica-autoriza-reducao-do-valor-de-pensao-mensal-vitalicia.html","url":"https:\/\/mhcalculos.com.br\/noticias\/area\/trabalhista\/tst-pagamento-em-parcela-unica-autoriza-reducao-do-valor-de-pensao-mensal-vitalicia.html","name":"TST: Pagamento em parcela \u00fanica autoriza redu\u00e7\u00e3o do valor de pens\u00e3o mensal vital\u00edcia | Portal de Not\u00edcias","isPartOf":{"@id":"https:\/\/mhcalculos.com.br\/noticias\/#website"},"primaryImageOfPage":{"@id":"https:\/\/mhcalculos.com.br\/noticias\/area\/trabalhista\/tst-pagamento-em-parcela-unica-autoriza-reducao-do-valor-de-pensao-mensal-vitalicia.html#primaryimage"},"image":{"@id":"https:\/\/mhcalculos.com.br\/noticias\/area\/trabalhista\/tst-pagamento-em-parcela-unica-autoriza-reducao-do-valor-de-pensao-mensal-vitalicia.html#primaryimage"},"thumbnailUrl":"https:\/\/mhcalculos.com.br\/noticias\/wp-content\/uploads\/sites\/2\/2018\/06\/trabalhista-0002.jpg","datePublished":"2019-06-04T12:35:00+00:00","dateModified":"2021-07-28T17:32:41+00:00","author":{"@id":"https:\/\/mhcalculos.com.br\/noticias\/#\/schema\/person\/88d1c34bf72dc779ea14a5a6b8e0ae8d"},"breadcrumb":{"@id":"https:\/\/mhcalculos.com.br\/noticias\/area\/trabalhista\/tst-pagamento-em-parcela-unica-autoriza-reducao-do-valor-de-pensao-mensal-vitalicia.html#breadcrumb"},"inLanguage":"pt-BR","potentialAction":[{"@type":"ReadAction","target":["https:\/\/mhcalculos.com.br\/noticias\/area\/trabalhista\/tst-pagamento-em-parcela-unica-autoriza-reducao-do-valor-de-pensao-mensal-vitalicia.html"]}]},{"@type":"ImageObject","inLanguage":"pt-BR","@id":"https:\/\/mhcalculos.com.br\/noticias\/area\/trabalhista\/tst-pagamento-em-parcela-unica-autoriza-reducao-do-valor-de-pensao-mensal-vitalicia.html#primaryimage","url":"https:\/\/mhcalculos.com.br\/noticias\/wp-content\/uploads\/sites\/2\/2018\/06\/trabalhista-0002.jpg","contentUrl":"https:\/\/mhcalculos.com.br\/noticias\/wp-content\/uploads\/sites\/2\/2018\/06\/trabalhista-0002.jpg","width":2000,"height":800},{"@type":"BreadcrumbList","@id":"https:\/\/mhcalculos.com.br\/noticias\/area\/trabalhista\/tst-pagamento-em-parcela-unica-autoriza-reducao-do-valor-de-pensao-mensal-vitalicia.html#breadcrumb","itemListElement":[{"@type":"ListItem","position":1,"name":"In\u00edcio","item":"https:\/\/mhcalculos.com.br\/noticias\/"},{"@type":"ListItem","position":2,"name":"TST: Pagamento em parcela \u00fanica autoriza redu\u00e7\u00e3o do valor de pens\u00e3o mensal vital\u00edcia"}]},{"@type":"WebSite","@id":"https:\/\/mhcalculos.com.br\/noticias\/#website","url":"https:\/\/mhcalculos.com.br\/noticias\/","name":"Portal de Not\u00edcias","description":"Not\u00edcias e Jurisprud\u00eancia","potentialAction":[{"@type":"SearchAction","target":{"@type":"EntryPoint","urlTemplate":"https:\/\/mhcalculos.com.br\/noticias\/?s={search_term_string}"},"query-input":{"@type":"PropertyValueSpecification","valueRequired":true,"valueName":"search_term_string"}}],"inLanguage":"pt-BR"},{"@type":"Person","@id":"https:\/\/mhcalculos.com.br\/noticias\/#\/schema\/person\/88d1c34bf72dc779ea14a5a6b8e0ae8d","name":"Equipe MH","image":{"@type":"ImageObject","inLanguage":"pt-BR","@id":"https:\/\/secure.gravatar.com\/avatar\/de1c686c2ecc9c5a3f327e3431d819eb39f8f05d4e1045f5a1caad6daaba987f?s=96&d=mm&r=g","url":"https:\/\/secure.gravatar.com\/avatar\/de1c686c2ecc9c5a3f327e3431d819eb39f8f05d4e1045f5a1caad6daaba987f?s=96&d=mm&r=g","contentUrl":"https:\/\/secure.gravatar.com\/avatar\/de1c686c2ecc9c5a3f327e3431d819eb39f8f05d4e1045f5a1caad6daaba987f?s=96&d=mm&r=g","caption":"Equipe MH"}}]}},"_links":{"self":[{"href":"https:\/\/mhcalculos.com.br\/noticias\/wp-json\/wp\/v2\/posts\/4518","targetHints":{"allow":["GET"]}}],"collection":[{"href":"https:\/\/mhcalculos.com.br\/noticias\/wp-json\/wp\/v2\/posts"}],"about":[{"href":"https:\/\/mhcalculos.com.br\/noticias\/wp-json\/wp\/v2\/types\/post"}],"author":[{"embeddable":true,"href":"https:\/\/mhcalculos.com.br\/noticias\/wp-json\/wp\/v2\/users\/3063"}],"replies":[{"embeddable":true,"href":"https:\/\/mhcalculos.com.br\/noticias\/wp-json\/wp\/v2\/comments?post=4518"}],"version-history":[{"count":1,"href":"https:\/\/mhcalculos.com.br\/noticias\/wp-json\/wp\/v2\/posts\/4518\/revisions"}],"predecessor-version":[{"id":9823,"href":"https:\/\/mhcalculos.com.br\/noticias\/wp-json\/wp\/v2\/posts\/4518\/revisions\/9823"}],"wp:featuredmedia":[{"embeddable":true,"href":"https:\/\/mhcalculos.com.br\/noticias\/wp-json\/wp\/v2\/media\/2110"}],"wp:attachment":[{"href":"https:\/\/mhcalculos.com.br\/noticias\/wp-json\/wp\/v2\/media?parent=4518"}],"wp:term":[{"taxonomy":"category","embeddable":true,"href":"https:\/\/mhcalculos.com.br\/noticias\/wp-json\/wp\/v2\/categories?post=4518"},{"taxonomy":"post_tag","embeddable":true,"href":"https:\/\/mhcalculos.com.br\/noticias\/wp-json\/wp\/v2\/tags?post=4518"}],"curies":[{"name":"wp","href":"https:\/\/api.w.org\/{rel}","templated":true}]}}