{"id":4516,"date":"2019-06-06T14:00:10","date_gmt":"2019-06-06T17:00:10","guid":{"rendered":"https:\/\/mhcalculos.com.br\/noticias\/2019\/06\/06\/trf3-tribunal-sedia-solenidade-de-posse-da-nova-diretoria-da-ajufesp\/"},"modified":"2021-07-28T14:32:39","modified_gmt":"2021-07-28T17:32:39","slug":"trf3-tribunal-sedia-solenidade-de-posse-da-nova-diretoria-da-ajufesp","status":"publish","type":"post","link":"https:\/\/mhcalculos.com.br\/noticias\/area\/previdenciario\/trf3-tribunal-sedia-solenidade-de-posse-da-nova-diretoria-da-ajufesp.html","title":{"rendered":"TRF3: TRIBUNAL&nbsp;SEDIA SOLENIDADE DE POSSE DA NOVA DIRETORIA DA AJUFESP"},"content":{"rendered":"\n<div class=\"mat\">\n<p><em>Presidentes do STF, Ministro Dias Toffoli, e do TRF3, Desembargadora Federal Therezinha Cazerta, prestigiaram a posse do Juiz Federal Ot\u00e1vio Henrique Martins Port<\/em><\/p>\n<p>A nova diretoria da Associa\u00e7\u00e3o dos Ju\u00edzes Federais de S\u00e3o Paulo e de Mato Grosso do Sul (AJUFESP), eleita no in\u00edcio de maio para o bi\u00eanio 2019-2021, tomou posse, no dia 3\/6, em cerim\u00f4nia no Tribunal Regional Federal da 3.\u00aa Regi\u00e3o (TRF3). O Juiz Federal Ot\u00e1vio Henrique Martins Port \u00e9 o novo Presidente da entidade.<\/p>\n<p>  Diversas autoridades estiveram presentes \u00e0 solenidade, entre elas, o Presidente do Supremo Tribunal Federal (STF) e do Conselho Nacional de Justi\u00e7a (CNJ), Ministro Dias Toffoli; o Ministro do Superior Tribunal de Justi\u00e7a (STJ), Antonio Carlos Ferreira; a Presidente do TRF3, Desembargadora Federal Therezinha Cazerta; o Secret\u00e1rio de Justi\u00e7a e Cidadania do estado de S\u00e3o Paulo, Paulo Dimas Mascaretti, representando o Governador do estado de S\u00e3o Paulo; o Presidente da Ordem dos Advogados do Brasil &#8211; Subse\u00e7\u00e3o S\u00e3o Paulo (OAB-SP), Caio Augusto Silva dos Santos; o Presidente da Associa\u00e7\u00e3o dos Ju\u00edzes Federais do Brasil (Ajufe), Fernando Marcelo Mendes e o Deputado Federal Luiz Fl\u00e1vio Gomes. <\/p>\n<p>  O Juiz Federal Bruno C\u00e9sar Lorencini, que exerceu a presid\u00eancia da AJUFESP, no bi\u00eanio 2017\/2019, presidiu a mesa e agradeceu a confian\u00e7a dos colegas ao longo da gest\u00e3o.<\/p>\n<p>  \u201cA atividade associativa traz muitos \u00f4nus, ren\u00fancias, desafios, mas, acima de tudo, a maior honra foi conhecer o trabalho dos ju\u00edzes federais mais de perto e perceber que temos uma grande magistratura na 3.\u00aa Regi\u00e3o. \u00c9 motivo de orgulho a oportunidade de ter essa proximidade com os colegas da Justi\u00e7a que faz um trabalho muito valorizado.\u201d<\/p>\n<p>  O Ministro Dias Toffoli foi homenageado, por sua atua\u00e7\u00e3o na valoriza\u00e7\u00e3o da Justi\u00e7a independente, com uma placa e com a assinatura do termo de aceita\u00e7\u00e3o do t\u00edtulo de associado benem\u00e9rito, entregue pela Vice-Presidente da AJUFESP, Ju\u00edza Federal Isadora Segalla Afanasieff.<\/p>\n<p>  O Ministro agradeceu a homenagem, cumprimentou a nova gest\u00e3o e destacou o papel da AJUFESP na luta por uma magistratura forte, unida e independente na defesa pela democracia. Ele disse que \u00e9 fun\u00e7\u00e3o do STF exercer o papel moderador entre os Poderes. <\/p>\n<p>  \u201cA hist\u00f3ria mostra que, com o fim do Imp\u00e9rio e com a Proclama\u00e7\u00e3o da Rep\u00fablica, o Supremo Tribunal Federal foi pensado para ser o \u00e1rbitro e o moderador da sociedade.\u201d<\/p>\n<p>  A Presidente do TRF3 saudou os presentes e lembrou a import\u00e2ncia de as institui\u00e7\u00f5es trabalharem em conjunto em prol da Justi\u00e7a. Destacou a seriedade e o comprometimento da Associa\u00e7\u00e3o na defesa dos interesses de seus associados.<\/p>\n<p>  \u201cAs lutas s\u00e3o muitas e continuar\u00e3o, mas estaremos sempre unidos, porque assim alcan\u00e7aremos melhores resultados. Que a magistratura avance mais, desempenhando seu papel, que \u00e9 levar a Justi\u00e7a e estar a servi\u00e7o da sociedade\u201d, ressaltou.<\/p>\n<p>  Em seu pronunciamento, o Juiz Federal Ot\u00e1vio Henrique Martins Port expressou sua satisfa\u00e7\u00e3o em assumir a Presid\u00eancia da Associa\u00e7\u00e3o. Defendeu o esp\u00edrito de corpo das institui\u00e7\u00f5es e disse que \u00e9 papel da AJUFESP colaborar para a coes\u00e3o do Tribunal, impedindo sua fragmenta\u00e7\u00e3o e seu enfraquecimento. <\/p>\n<p>  \u201cO orgulho da miss\u00e3o de julgar n\u00e3o pode jamais ser olvidado. A AJUFESP, de forma altiva, trabalhar\u00e1 para que os ju\u00edzes possam atuar de forma independente com pleno respeito as suas prerrogativas institucionais.\u201d <\/p>\n<p>  A chapa \u201cUni\u00e3o e For\u00e7a\u201d foi eleita com 188 votos. A nova gest\u00e3o conta tamb\u00e9m com os Ju\u00edzes Federais Bruno Cezar da Cunha Teixeira e Isadora Segalla Afanasieff, como Vice-Presidentes, respectivamente, de Mato Grosso do Sul e de S\u00e3o Paulo.<\/p>\n<p>  Para o Conselho Fiscal da AJUFESP, foram eleitos os Ju\u00edzes Federais Omar Chamon, Nilson Martins Lopes J\u00fanior e D\u00e9cio Gabriel Gimenez. A Ju\u00edza Federal Rosana Campos Pagano foi eleita suplente do Conselho. <\/p>\n<p>  Tamb\u00e9m comp\u00f5em a nova gest\u00e3o da AJUFESP os magistrados: Carolline Scofield Amaral, Diretora Secret\u00e1ria; Alessandro Diaf\u00e9ria, Diretor Financeiro e do Patrim\u00f4nio; Fabiano Lopes Carraro, Diretor Cultural; B\u00e1rbara de Lima Iseppi, Diretora Social e de Conv\u00eanios; Marcelle Ragazoni Carvalho Ferreira, Diretora de Rela\u00e7\u00f5es Institucionais; Paulo S\u00e9rgio Domingues, Diretor de Comunica\u00e7\u00e3o Social; Etiene Coelho Martins, Diretor de A\u00e7\u00f5es Sociais e Cidadania; Pedro Luis Piedade Novaes, Diretor de Assuntos Legislativos; Fernando Cezar Carrusca Vieira, Diretor de Assuntos Jur\u00eddicos; Paulo Ricardo Arena Filho, Diretor de Sa\u00fade e Previd\u00eancia Complementares; M\u00e1rcio Satalino Mesquita, Diretor de Defesa de Prerrogativas e \u00c9tica. Para suplentes: Juiz Federal Marco Aur\u00e9lio de Mello Castriani e o Desembargador Federal Nino Toldo.<\/p>\n<table width=\"200\" align=\"center\" border=\"0\" cellspacing=\"0\" cellpadding=\"0\">\n<tbody>\n<tr>\n<td><span><span>Fotos: ACOM\/ TRF3<\/span><\/span><\/td>\n<\/tr>\n<tr>\n<td>\u00a0<img decoding=\"async\" width=\"500\" height=\"475\" alt=\"\" data-src=\"http:\/\/web.trf3.jus.br\/noticias\/uploaddir\/image\/2019\/Junho\/01-POSSE-AJUFESP.jpg\" src=\"data:image\/svg+xml;base64,PHN2ZyB3aWR0aD0iMSIgaGVpZ2h0PSIxIiB4bWxucz0iaHR0cDovL3d3dy53My5vcmcvMjAwMC9zdmciPjwvc3ZnPg==\" class=\"lazyload\" style=\"--smush-placeholder-width: 500px; --smush-placeholder-aspect-ratio: 500\/475;\"> <\/td>\n<\/tr>\n<tr>\n<td>Presidente do TRF3, Desembargadora Federal Therezinha Cazerta, e Presidente do STF, Ministro Dias Toffoli<\/td>\n<\/tr>\n<tr>\n<td>\u00a0<img decoding=\"async\" width=\"500\" height=\"322\" alt=\"\" data-src=\"http:\/\/web.trf3.jus.br\/noticias\/uploaddir\/image\/2019\/Junho\/02-POSSE-AJUFESP.jpg\" src=\"data:image\/svg+xml;base64,PHN2ZyB3aWR0aD0iMSIgaGVpZ2h0PSIxIiB4bWxucz0iaHR0cDovL3d3dy53My5vcmcvMjAwMC9zdmciPjwvc3ZnPg==\" class=\"lazyload\" style=\"--smush-placeholder-width: 500px; --smush-placeholder-aspect-ratio: 500\/322;\"> <\/td>\n<\/tr>\n<tr>\n<td>Diretoria da AJUFESP eleita para o bi\u00eanio 2019-2021<\/td>\n<\/tr>\n<tr>\n<td>\u00a0<img decoding=\"async\" width=\"500\" height=\"227\" alt=\"\" data-src=\"http:\/\/web.trf3.jus.br\/noticias\/uploaddir\/image\/2019\/Junho\/03-POSSE-AJUFESP.jpg\" src=\"data:image\/svg+xml;base64,PHN2ZyB3aWR0aD0iMSIgaGVpZ2h0PSIxIiB4bWxucz0iaHR0cDovL3d3dy53My5vcmcvMjAwMC9zdmciPjwvc3ZnPg==\" class=\"lazyload\" style=\"--smush-placeholder-width: 500px; --smush-placeholder-aspect-ratio: 500\/227;\"> <\/td>\n<\/tr>\n<tr>\n<td>\u00a0Da esquerda para a direita: Presidente da Ajufe, Juiz Federal Fernando Marcelo Mendes; Ministro do STJ, Antonio Carlos Ferreira; Secret\u00e1rio de Justi\u00e7a e Cidadania do estado de S\u00e3o Paulo, Paulo Dimas Mascaretti; Ministro do STF, Dias Toffoli; Presidente da AJUFESP, Juiz Federal Ot\u00e1vio Henrique Martins Port; Presidente do TRF3, Desembargadora Federal Therezinha Cazerta; Deputado Federal Luiz Fl\u00e1vio Gomes e Presidente da OAB-SP, Caio Augusto Silva dos Santos<\/td>\n<\/tr>\n<tr>\n<td> <img decoding=\"async\" width=\"500\" height=\"333\" alt=\"\" data-src=\"http:\/\/web.trf3.jus.br\/noticias\/uploaddir\/image\/2019\/Junho\/4%20-%20POSSE.jpg\" src=\"data:image\/svg+xml;base64,PHN2ZyB3aWR0aD0iMSIgaGVpZ2h0PSIxIiB4bWxucz0iaHR0cDovL3d3dy53My5vcmcvMjAwMC9zdmciPjwvc3ZnPg==\" class=\"lazyload\" style=\"--smush-placeholder-width: 500px; --smush-placeholder-aspect-ratio: 500\/333;\">\u00a0<\/td>\n<\/tr>\n<tr>\n<td>Ministro Dias Toffoli e Desembargadora Federal Therezinha Cazerta prestigiam a nova diretoria da AJUFESP<\/td>\n<\/tr>\n<\/tbody>\n<\/table>\n<p>  \u00a0<\/p>\n<\/p><\/div>\n<p><i>Com informa\u00e7\u00f5es da assessoria de imprensa do TRF3.<\/i><br \/>\n<br \/><a href=\"http:\/\/web.trf3.jus.br\/noticias\/Noticias\/Noticia\/Exibir\/382133\">Fonte<\/a><br \/>\n<br \/><\/p>\n","protected":false},"excerpt":{"rendered":"<p>Presidentes do STF, Ministro Dias Toffoli, e do TRF3, Desembargadora Federal Therezinha Cazerta, prestigiaram a posse do Juiz Federal Ot\u00e1vio Henrique Martins Port A nova diretoria da Associa\u00e7\u00e3o dos Ju\u00edzes Federais de S\u00e3o Paulo e de Mato Grosso do Sul (AJUFESP), eleita no in\u00edcio de maio para o bi\u00eanio 2019-2021, tomou posse, no dia 3\/6, [&hellip;]<\/p>\n","protected":false},"author":3063,"featured_media":2984,"comment_status":"open","ping_status":"open","sticky":false,"template":"","format":"standard","meta":{"footnotes":""},"categories":[5,110],"tags":[11,10,8,13,9,12,152],"class_list":{"0":"post-4516","1":"post","2":"type-post","3":"status-publish","4":"format-standard","5":"has-post-thumbnail","7":"category-previdenciario","8":"category-trf3","9":"tag-aposentadoria","10":"tag-calculos-previdenciarios","11":"tag-direito-previdenciario","12":"tag-inss","13":"tag-pericia","14":"tag-perito","15":"tag-trf3"},"yoast_head":"<!-- This site is optimized with the Yoast SEO plugin v27.2 - https:\/\/yoast.com\/product\/yoast-seo-wordpress\/ -->\n<title>TRF3: TRIBUNAL&nbsp;SEDIA SOLENIDADE DE POSSE DA NOVA DIRETORIA DA AJUFESP | Portal de Not\u00edcias<\/title>\n<meta name=\"robots\" content=\"index, follow, max-snippet:-1, max-image-preview:large, max-video-preview:-1\" \/>\n<link rel=\"canonical\" href=\"https:\/\/mhcalculos.com.br\/noticias\/area\/previdenciario\/trf3-tribunal-sedia-solenidade-de-posse-da-nova-diretoria-da-ajufesp.html\" \/>\n<meta property=\"og:locale\" content=\"pt_BR\" \/>\n<meta property=\"og:type\" content=\"article\" \/>\n<meta property=\"og:title\" content=\"TRF3: TRIBUNAL&nbsp;SEDIA SOLENIDADE DE POSSE DA NOVA DIRETORIA DA AJUFESP | Portal de Not\u00edcias\" \/>\n<meta property=\"og:description\" content=\"Presidentes do STF, Ministro Dias Toffoli, e do TRF3, Desembargadora Federal Therezinha Cazerta, prestigiaram a posse do Juiz Federal Ot\u00e1vio Henrique Martins Port A nova diretoria da Associa\u00e7\u00e3o dos Ju\u00edzes Federais de S\u00e3o Paulo e de Mato Grosso do Sul (AJUFESP), eleita no in\u00edcio de maio para o bi\u00eanio 2019-2021, tomou posse, no dia 3\/6, [&hellip;]\" \/>\n<meta property=\"og:url\" content=\"https:\/\/mhcalculos.com.br\/noticias\/area\/previdenciario\/trf3-tribunal-sedia-solenidade-de-posse-da-nova-diretoria-da-ajufesp.html\" \/>\n<meta property=\"og:site_name\" content=\"Portal de Not\u00edcias\" \/>\n<meta property=\"article:published_time\" content=\"2019-06-06T17:00:10+00:00\" \/>\n<meta property=\"article:modified_time\" content=\"2021-07-28T17:32:39+00:00\" \/>\n<meta property=\"og:image\" content=\"https:\/\/mhcalculos.com.br\/noticias\/wp-content\/uploads\/sites\/2\/2018\/08\/previdenciario-0027.jpg\" \/>\n\t<meta property=\"og:image:width\" content=\"2000\" \/>\n\t<meta property=\"og:image:height\" content=\"800\" \/>\n\t<meta property=\"og:image:type\" content=\"image\/jpeg\" \/>\n<meta name=\"author\" content=\"Equipe MH\" \/>\n<meta name=\"twitter:card\" content=\"summary_large_image\" \/>\n<meta name=\"twitter:label1\" content=\"Escrito por\" \/>\n\t<meta name=\"twitter:data1\" content=\"Equipe MH\" \/>\n\t<meta name=\"twitter:label2\" content=\"Est. tempo de leitura\" \/>\n\t<meta name=\"twitter:data2\" content=\"5 minutos\" \/>\n<script type=\"application\/ld+json\" class=\"yoast-schema-graph\">{\"@context\":\"https:\/\/schema.org\",\"@graph\":[{\"@type\":\"Article\",\"@id\":\"https:\/\/mhcalculos.com.br\/noticias\/area\/previdenciario\/trf3-tribunal-sedia-solenidade-de-posse-da-nova-diretoria-da-ajufesp.html#article\",\"isPartOf\":{\"@id\":\"https:\/\/mhcalculos.com.br\/noticias\/area\/previdenciario\/trf3-tribunal-sedia-solenidade-de-posse-da-nova-diretoria-da-ajufesp.html\"},\"author\":{\"name\":\"Equipe MH\",\"@id\":\"https:\/\/mhcalculos.com.br\/noticias\/#\/schema\/person\/88d1c34bf72dc779ea14a5a6b8e0ae8d\"},\"headline\":\"TRF3: TRIBUNAL&nbsp;SEDIA SOLENIDADE DE POSSE DA NOVA DIRETORIA DA AJUFESP\",\"datePublished\":\"2019-06-06T17:00:10+00:00\",\"dateModified\":\"2021-07-28T17:32:39+00:00\",\"mainEntityOfPage\":{\"@id\":\"https:\/\/mhcalculos.com.br\/noticias\/area\/previdenciario\/trf3-tribunal-sedia-solenidade-de-posse-da-nova-diretoria-da-ajufesp.html\"},\"wordCount\":923,\"commentCount\":0,\"image\":{\"@id\":\"https:\/\/mhcalculos.com.br\/noticias\/area\/previdenciario\/trf3-tribunal-sedia-solenidade-de-posse-da-nova-diretoria-da-ajufesp.html#primaryimage\"},\"thumbnailUrl\":\"https:\/\/mhcalculos.com.br\/noticias\/wp-content\/uploads\/sites\/2\/2018\/08\/previdenciario-0027.jpg\",\"keywords\":[\"aposentadoria\",\"c\u00e1lculos previdenci\u00e1rios\",\"direito previdenci\u00e1rio\",\"inss\",\"per\u00edcia\",\"perito\",\"trf3\"],\"articleSection\":[\"Direito Previdenci\u00e1rio\",\"TRF3\"],\"inLanguage\":\"pt-BR\",\"potentialAction\":[{\"@type\":\"CommentAction\",\"name\":\"Comment\",\"target\":[\"https:\/\/mhcalculos.com.br\/noticias\/area\/previdenciario\/trf3-tribunal-sedia-solenidade-de-posse-da-nova-diretoria-da-ajufesp.html#respond\"]}]},{\"@type\":\"WebPage\",\"@id\":\"https:\/\/mhcalculos.com.br\/noticias\/area\/previdenciario\/trf3-tribunal-sedia-solenidade-de-posse-da-nova-diretoria-da-ajufesp.html\",\"url\":\"https:\/\/mhcalculos.com.br\/noticias\/area\/previdenciario\/trf3-tribunal-sedia-solenidade-de-posse-da-nova-diretoria-da-ajufesp.html\",\"name\":\"TRF3: TRIBUNAL&nbsp;SEDIA SOLENIDADE DE POSSE DA NOVA DIRETORIA DA AJUFESP | Portal de Not\u00edcias\",\"isPartOf\":{\"@id\":\"https:\/\/mhcalculos.com.br\/noticias\/#website\"},\"primaryImageOfPage\":{\"@id\":\"https:\/\/mhcalculos.com.br\/noticias\/area\/previdenciario\/trf3-tribunal-sedia-solenidade-de-posse-da-nova-diretoria-da-ajufesp.html#primaryimage\"},\"image\":{\"@id\":\"https:\/\/mhcalculos.com.br\/noticias\/area\/previdenciario\/trf3-tribunal-sedia-solenidade-de-posse-da-nova-diretoria-da-ajufesp.html#primaryimage\"},\"thumbnailUrl\":\"https:\/\/mhcalculos.com.br\/noticias\/wp-content\/uploads\/sites\/2\/2018\/08\/previdenciario-0027.jpg\",\"datePublished\":\"2019-06-06T17:00:10+00:00\",\"dateModified\":\"2021-07-28T17:32:39+00:00\",\"author\":{\"@id\":\"https:\/\/mhcalculos.com.br\/noticias\/#\/schema\/person\/88d1c34bf72dc779ea14a5a6b8e0ae8d\"},\"breadcrumb\":{\"@id\":\"https:\/\/mhcalculos.com.br\/noticias\/area\/previdenciario\/trf3-tribunal-sedia-solenidade-de-posse-da-nova-diretoria-da-ajufesp.html#breadcrumb\"},\"inLanguage\":\"pt-BR\",\"potentialAction\":[{\"@type\":\"ReadAction\",\"target\":[\"https:\/\/mhcalculos.com.br\/noticias\/area\/previdenciario\/trf3-tribunal-sedia-solenidade-de-posse-da-nova-diretoria-da-ajufesp.html\"]}]},{\"@type\":\"ImageObject\",\"inLanguage\":\"pt-BR\",\"@id\":\"https:\/\/mhcalculos.com.br\/noticias\/area\/previdenciario\/trf3-tribunal-sedia-solenidade-de-posse-da-nova-diretoria-da-ajufesp.html#primaryimage\",\"url\":\"https:\/\/mhcalculos.com.br\/noticias\/wp-content\/uploads\/sites\/2\/2018\/08\/previdenciario-0027.jpg\",\"contentUrl\":\"https:\/\/mhcalculos.com.br\/noticias\/wp-content\/uploads\/sites\/2\/2018\/08\/previdenciario-0027.jpg\",\"width\":2000,\"height\":800,\"caption\":\"Admitido incidente de uniformiza\u00e7\u00e3o sobre convers\u00e3o de atividade especial em comum para fins de aposentadoria\"},{\"@type\":\"BreadcrumbList\",\"@id\":\"https:\/\/mhcalculos.com.br\/noticias\/area\/previdenciario\/trf3-tribunal-sedia-solenidade-de-posse-da-nova-diretoria-da-ajufesp.html#breadcrumb\",\"itemListElement\":[{\"@type\":\"ListItem\",\"position\":1,\"name\":\"In\u00edcio\",\"item\":\"https:\/\/mhcalculos.com.br\/noticias\/\"},{\"@type\":\"ListItem\",\"position\":2,\"name\":\"TRF3: TRIBUNAL&nbsp;SEDIA SOLENIDADE DE POSSE DA NOVA DIRETORIA DA AJUFESP\"}]},{\"@type\":\"WebSite\",\"@id\":\"https:\/\/mhcalculos.com.br\/noticias\/#website\",\"url\":\"https:\/\/mhcalculos.com.br\/noticias\/\",\"name\":\"Portal de Not\u00edcias\",\"description\":\"Not\u00edcias e Jurisprud\u00eancia\",\"potentialAction\":[{\"@type\":\"SearchAction\",\"target\":{\"@type\":\"EntryPoint\",\"urlTemplate\":\"https:\/\/mhcalculos.com.br\/noticias\/?s={search_term_string}\"},\"query-input\":{\"@type\":\"PropertyValueSpecification\",\"valueRequired\":true,\"valueName\":\"search_term_string\"}}],\"inLanguage\":\"pt-BR\"},{\"@type\":\"Person\",\"@id\":\"https:\/\/mhcalculos.com.br\/noticias\/#\/schema\/person\/88d1c34bf72dc779ea14a5a6b8e0ae8d\",\"name\":\"Equipe MH\",\"image\":{\"@type\":\"ImageObject\",\"inLanguage\":\"pt-BR\",\"@id\":\"https:\/\/secure.gravatar.com\/avatar\/de1c686c2ecc9c5a3f327e3431d819eb39f8f05d4e1045f5a1caad6daaba987f?s=96&d=mm&r=g\",\"url\":\"https:\/\/secure.gravatar.com\/avatar\/de1c686c2ecc9c5a3f327e3431d819eb39f8f05d4e1045f5a1caad6daaba987f?s=96&d=mm&r=g\",\"contentUrl\":\"https:\/\/secure.gravatar.com\/avatar\/de1c686c2ecc9c5a3f327e3431d819eb39f8f05d4e1045f5a1caad6daaba987f?s=96&d=mm&r=g\",\"caption\":\"Equipe MH\"}}]}<\/script>\n<!-- \/ Yoast SEO plugin. -->","yoast_head_json":{"title":"TRF3: TRIBUNAL&nbsp;SEDIA SOLENIDADE DE POSSE DA NOVA DIRETORIA DA AJUFESP | Portal de Not\u00edcias","robots":{"index":"index","follow":"follow","max-snippet":"max-snippet:-1","max-image-preview":"max-image-preview:large","max-video-preview":"max-video-preview:-1"},"canonical":"https:\/\/mhcalculos.com.br\/noticias\/area\/previdenciario\/trf3-tribunal-sedia-solenidade-de-posse-da-nova-diretoria-da-ajufesp.html","og_locale":"pt_BR","og_type":"article","og_title":"TRF3: TRIBUNAL&nbsp;SEDIA SOLENIDADE DE POSSE DA NOVA DIRETORIA DA AJUFESP | Portal de Not\u00edcias","og_description":"Presidentes do STF, Ministro Dias Toffoli, e do TRF3, Desembargadora Federal Therezinha Cazerta, prestigiaram a posse do Juiz Federal Ot\u00e1vio Henrique Martins Port A nova diretoria da Associa\u00e7\u00e3o dos Ju\u00edzes Federais de S\u00e3o Paulo e de Mato Grosso do Sul (AJUFESP), eleita no in\u00edcio de maio para o bi\u00eanio 2019-2021, tomou posse, no dia 3\/6, [&hellip;]","og_url":"https:\/\/mhcalculos.com.br\/noticias\/area\/previdenciario\/trf3-tribunal-sedia-solenidade-de-posse-da-nova-diretoria-da-ajufesp.html","og_site_name":"Portal de Not\u00edcias","article_published_time":"2019-06-06T17:00:10+00:00","article_modified_time":"2021-07-28T17:32:39+00:00","og_image":[{"width":2000,"height":800,"url":"https:\/\/mhcalculos.com.br\/noticias\/wp-content\/uploads\/sites\/2\/2018\/08\/previdenciario-0027.jpg","type":"image\/jpeg"}],"author":"Equipe MH","twitter_card":"summary_large_image","twitter_misc":{"Escrito por":"Equipe MH","Est. tempo de leitura":"5 minutos"},"schema":{"@context":"https:\/\/schema.org","@graph":[{"@type":"Article","@id":"https:\/\/mhcalculos.com.br\/noticias\/area\/previdenciario\/trf3-tribunal-sedia-solenidade-de-posse-da-nova-diretoria-da-ajufesp.html#article","isPartOf":{"@id":"https:\/\/mhcalculos.com.br\/noticias\/area\/previdenciario\/trf3-tribunal-sedia-solenidade-de-posse-da-nova-diretoria-da-ajufesp.html"},"author":{"name":"Equipe MH","@id":"https:\/\/mhcalculos.com.br\/noticias\/#\/schema\/person\/88d1c34bf72dc779ea14a5a6b8e0ae8d"},"headline":"TRF3: TRIBUNAL&nbsp;SEDIA SOLENIDADE DE POSSE DA NOVA DIRETORIA DA AJUFESP","datePublished":"2019-06-06T17:00:10+00:00","dateModified":"2021-07-28T17:32:39+00:00","mainEntityOfPage":{"@id":"https:\/\/mhcalculos.com.br\/noticias\/area\/previdenciario\/trf3-tribunal-sedia-solenidade-de-posse-da-nova-diretoria-da-ajufesp.html"},"wordCount":923,"commentCount":0,"image":{"@id":"https:\/\/mhcalculos.com.br\/noticias\/area\/previdenciario\/trf3-tribunal-sedia-solenidade-de-posse-da-nova-diretoria-da-ajufesp.html#primaryimage"},"thumbnailUrl":"https:\/\/mhcalculos.com.br\/noticias\/wp-content\/uploads\/sites\/2\/2018\/08\/previdenciario-0027.jpg","keywords":["aposentadoria","c\u00e1lculos previdenci\u00e1rios","direito previdenci\u00e1rio","inss","per\u00edcia","perito","trf3"],"articleSection":["Direito Previdenci\u00e1rio","TRF3"],"inLanguage":"pt-BR","potentialAction":[{"@type":"CommentAction","name":"Comment","target":["https:\/\/mhcalculos.com.br\/noticias\/area\/previdenciario\/trf3-tribunal-sedia-solenidade-de-posse-da-nova-diretoria-da-ajufesp.html#respond"]}]},{"@type":"WebPage","@id":"https:\/\/mhcalculos.com.br\/noticias\/area\/previdenciario\/trf3-tribunal-sedia-solenidade-de-posse-da-nova-diretoria-da-ajufesp.html","url":"https:\/\/mhcalculos.com.br\/noticias\/area\/previdenciario\/trf3-tribunal-sedia-solenidade-de-posse-da-nova-diretoria-da-ajufesp.html","name":"TRF3: TRIBUNAL&nbsp;SEDIA SOLENIDADE DE POSSE DA NOVA DIRETORIA DA AJUFESP | Portal de Not\u00edcias","isPartOf":{"@id":"https:\/\/mhcalculos.com.br\/noticias\/#website"},"primaryImageOfPage":{"@id":"https:\/\/mhcalculos.com.br\/noticias\/area\/previdenciario\/trf3-tribunal-sedia-solenidade-de-posse-da-nova-diretoria-da-ajufesp.html#primaryimage"},"image":{"@id":"https:\/\/mhcalculos.com.br\/noticias\/area\/previdenciario\/trf3-tribunal-sedia-solenidade-de-posse-da-nova-diretoria-da-ajufesp.html#primaryimage"},"thumbnailUrl":"https:\/\/mhcalculos.com.br\/noticias\/wp-content\/uploads\/sites\/2\/2018\/08\/previdenciario-0027.jpg","datePublished":"2019-06-06T17:00:10+00:00","dateModified":"2021-07-28T17:32:39+00:00","author":{"@id":"https:\/\/mhcalculos.com.br\/noticias\/#\/schema\/person\/88d1c34bf72dc779ea14a5a6b8e0ae8d"},"breadcrumb":{"@id":"https:\/\/mhcalculos.com.br\/noticias\/area\/previdenciario\/trf3-tribunal-sedia-solenidade-de-posse-da-nova-diretoria-da-ajufesp.html#breadcrumb"},"inLanguage":"pt-BR","potentialAction":[{"@type":"ReadAction","target":["https:\/\/mhcalculos.com.br\/noticias\/area\/previdenciario\/trf3-tribunal-sedia-solenidade-de-posse-da-nova-diretoria-da-ajufesp.html"]}]},{"@type":"ImageObject","inLanguage":"pt-BR","@id":"https:\/\/mhcalculos.com.br\/noticias\/area\/previdenciario\/trf3-tribunal-sedia-solenidade-de-posse-da-nova-diretoria-da-ajufesp.html#primaryimage","url":"https:\/\/mhcalculos.com.br\/noticias\/wp-content\/uploads\/sites\/2\/2018\/08\/previdenciario-0027.jpg","contentUrl":"https:\/\/mhcalculos.com.br\/noticias\/wp-content\/uploads\/sites\/2\/2018\/08\/previdenciario-0027.jpg","width":2000,"height":800,"caption":"Admitido incidente de uniformiza\u00e7\u00e3o sobre convers\u00e3o de atividade especial em comum para fins de aposentadoria"},{"@type":"BreadcrumbList","@id":"https:\/\/mhcalculos.com.br\/noticias\/area\/previdenciario\/trf3-tribunal-sedia-solenidade-de-posse-da-nova-diretoria-da-ajufesp.html#breadcrumb","itemListElement":[{"@type":"ListItem","position":1,"name":"In\u00edcio","item":"https:\/\/mhcalculos.com.br\/noticias\/"},{"@type":"ListItem","position":2,"name":"TRF3: TRIBUNAL&nbsp;SEDIA SOLENIDADE DE POSSE DA NOVA DIRETORIA DA AJUFESP"}]},{"@type":"WebSite","@id":"https:\/\/mhcalculos.com.br\/noticias\/#website","url":"https:\/\/mhcalculos.com.br\/noticias\/","name":"Portal de Not\u00edcias","description":"Not\u00edcias e Jurisprud\u00eancia","potentialAction":[{"@type":"SearchAction","target":{"@type":"EntryPoint","urlTemplate":"https:\/\/mhcalculos.com.br\/noticias\/?s={search_term_string}"},"query-input":{"@type":"PropertyValueSpecification","valueRequired":true,"valueName":"search_term_string"}}],"inLanguage":"pt-BR"},{"@type":"Person","@id":"https:\/\/mhcalculos.com.br\/noticias\/#\/schema\/person\/88d1c34bf72dc779ea14a5a6b8e0ae8d","name":"Equipe MH","image":{"@type":"ImageObject","inLanguage":"pt-BR","@id":"https:\/\/secure.gravatar.com\/avatar\/de1c686c2ecc9c5a3f327e3431d819eb39f8f05d4e1045f5a1caad6daaba987f?s=96&d=mm&r=g","url":"https:\/\/secure.gravatar.com\/avatar\/de1c686c2ecc9c5a3f327e3431d819eb39f8f05d4e1045f5a1caad6daaba987f?s=96&d=mm&r=g","contentUrl":"https:\/\/secure.gravatar.com\/avatar\/de1c686c2ecc9c5a3f327e3431d819eb39f8f05d4e1045f5a1caad6daaba987f?s=96&d=mm&r=g","caption":"Equipe MH"}}]}},"_links":{"self":[{"href":"https:\/\/mhcalculos.com.br\/noticias\/wp-json\/wp\/v2\/posts\/4516","targetHints":{"allow":["GET"]}}],"collection":[{"href":"https:\/\/mhcalculos.com.br\/noticias\/wp-json\/wp\/v2\/posts"}],"about":[{"href":"https:\/\/mhcalculos.com.br\/noticias\/wp-json\/wp\/v2\/types\/post"}],"author":[{"embeddable":true,"href":"https:\/\/mhcalculos.com.br\/noticias\/wp-json\/wp\/v2\/users\/3063"}],"replies":[{"embeddable":true,"href":"https:\/\/mhcalculos.com.br\/noticias\/wp-json\/wp\/v2\/comments?post=4516"}],"version-history":[{"count":1,"href":"https:\/\/mhcalculos.com.br\/noticias\/wp-json\/wp\/v2\/posts\/4516\/revisions"}],"predecessor-version":[{"id":9817,"href":"https:\/\/mhcalculos.com.br\/noticias\/wp-json\/wp\/v2\/posts\/4516\/revisions\/9817"}],"wp:featuredmedia":[{"embeddable":true,"href":"https:\/\/mhcalculos.com.br\/noticias\/wp-json\/wp\/v2\/media\/2984"}],"wp:attachment":[{"href":"https:\/\/mhcalculos.com.br\/noticias\/wp-json\/wp\/v2\/media?parent=4516"}],"wp:term":[{"taxonomy":"category","embeddable":true,"href":"https:\/\/mhcalculos.com.br\/noticias\/wp-json\/wp\/v2\/categories?post=4516"},{"taxonomy":"post_tag","embeddable":true,"href":"https:\/\/mhcalculos.com.br\/noticias\/wp-json\/wp\/v2\/tags?post=4516"}],"curies":[{"name":"wp","href":"https:\/\/api.w.org\/{rel}","templated":true}]}}