{"id":4465,"date":"2019-06-03T10:00:14","date_gmt":"2019-06-03T13:00:14","guid":{"rendered":"https:\/\/mhcalculos.com.br\/noticias\/2019\/06\/03\/stj-stj-e-fazenda-nacional-firmam-parceria-para-reduzir-processos-em-tramitacao\/"},"modified":"2021-07-28T14:32:41","modified_gmt":"2021-07-28T17:32:41","slug":"stj-stj-e-fazenda-nacional-firmam-parceria-para-reduzir-processos-em-tramitacao","status":"publish","type":"post","link":"https:\/\/mhcalculos.com.br\/noticias\/area\/tributario\/stj-stj-e-fazenda-nacional-firmam-parceria-para-reduzir-processos-em-tramitacao.html","title":{"rendered":"STJ: STJ e Fazenda Nacional firmam parceria para reduzir processos em tramita\u00e7\u00e3o"},"content":{"rendered":"\n<p>O Superior Tribunal de Justi\u00e7a (STJ) e a Procuradoria-Geral da Fazenda Nacional (PGFN) firmaram acordo com o objetivo de reduzir o n\u00famero de recursos em processos de execu\u00e7\u00e3o fiscal.<\/p>\n<p>A estimativa \u00e9 que, por conta dessa parceria, at\u00e9 o in\u00edcio do recesso forense de julho, 3 mil processos envolvendo a Fazenda Nacional deixem de tramitar no STJ.<\/p>\n<p>Segundo o acordo, a PGFN peticionar\u00e1 pela desist\u00eancia nos processos com cr\u00e9ditos de \u201cbaixa recuperabilidade\u201d, termo utilizado pela institui\u00e7\u00e3o para classificar os valores de d\u00edvida ativa com <em>rating<\/em> C ou D, ou seja, com pouca chance de serem efetivamente recebidos.<\/p>\n<p>O acordo busca atingir objetivos de ambas as institui\u00e7\u00f5es: a redu\u00e7\u00e3o do acervo de processos \u00e9 uma prioridade da atual gest\u00e3o do STJ, e a otimiza\u00e7\u00e3o dos processos de execu\u00e7\u00e3o fiscal \u00e9 um dos caminhos da PGFN para dar mais efici\u00eancia \u00e0 gest\u00e3o p\u00fablica.<\/p>\n<p><strong>Proveito econ\u00f4mico<\/strong><\/p>\n<p>Segundo o presidente do STJ, ministro Jo\u00e3o Ot\u00e1vio de Noronha, a iniciativa resulta da supera\u00e7\u00e3o de uma \u201cvis\u00e3o atrasada\u201d, de recorrer sempre em todos os processos, mesmo naqueles com pouco proveito econ\u00f4mico ou dif\u00edceis de serem conclu\u00eddos.<\/p>\n<p>\u201cN\u00f3s observamos que em muitas situa\u00e7\u00f5es o recurso \u00e9 invi\u00e1vel, mas mesmo assim \u00e9 interposto. Isso gera uma despesa para o STJ e para o recorrente em demandas que muitas vezes n\u00e3o t\u00eam proveito econ\u00f4mico expressivo\u201d, comentou o ministro.<\/p>\n<p>Para o procurador da Fazenda Jos\u00e9 P\u00e9ricles Pereira de Sousa, coordenador de atua\u00e7\u00e3o judicial perante o STJ, o acordo \u00e9 apenas o primeiro passo no esfor\u00e7o de otimiza\u00e7\u00e3o do trabalho da PGFN nos tribunais superiores.<\/p>\n<p>\u201cO STJ \u00e9 um tribunal de teses. Para a Fazenda, tamb\u00e9m \u00e9 interessante que o tribunal possa focar na an\u00e1lise dos casos complexos, deixando de lado os processos com cr\u00e9ditos de baixa recuperabilidade\u201d, afirmou o procurador, ao destacar os fatores que levaram a institui\u00e7\u00e3o a adotar a iniciativa.<\/p>\n<p>Pereira de Sousa explicou que os dados de cada processo s\u00e3o analisados em um sistema eletr\u00f4nico da PGFN, que considera informa\u00e7\u00f5es sobre o credor e avalia a qualidade dos cr\u00e9ditos. Ele disse que, dos mais de 20 mil processos nos quais a Fazenda Nacional figura como parte no STJ, a an\u00e1lise foi restrita a cerca de 9 mil em que ela recorre para buscar a satisfa\u00e7\u00e3o dos cr\u00e9ditos.<\/p>\n<p>Segundo o procurador, h\u00e1 casos em que a Fazenda levaria at\u00e9 15 anos para recuperar algum cr\u00e9dito, e outros em que o credor j\u00e1 faliu h\u00e1 muito tempo, o que pode justificar a desist\u00eancia. Nessas hip\u00f3teses, a estrat\u00e9gia da PGFN \u00e9 buscar a satisfa\u00e7\u00e3o dos cr\u00e9ditos por outros meios.<\/p>\n<p><strong>Desist\u00eancia por blocos<\/strong><\/p>\n<p>Pereira de Sousa disse que as desist\u00eancias ser\u00e3o homologadas por blocos de 50 processos cada, somando, ao todo, 20 peti\u00e7\u00f5es num primeiro momento, para totalizar mil processos. Posteriormente, o procedimento ser\u00e1 repetido duas vezes, at\u00e9 atingir os 3 mil processos que j\u00e1 passaram pelo sistema de triagem.<\/p>\n<p>O ministro Jo\u00e3o Ot\u00e1vio de Noronha destacou que iniciativas assim contribuem para que os ministros possam se concentrar no julgamento de processos complexos e de grande repercuss\u00e3o econ\u00f4mica para os contribuintes e para a pr\u00f3pria Uni\u00e3o.<\/p>\n<p>\u201cUma atitude como essa era inimagin\u00e1vel h\u00e1 uma d\u00e9cada. \u00c9 muito bom verificar a mudan\u00e7a na cultura organizacional aliada aos avan\u00e7os tecnol\u00f3gicos, permitindo a otimiza\u00e7\u00e3o do tempo de todos\u201d, afirmou.<\/p>\n<p>O presidente do STJ lembrou que a tramita\u00e7\u00e3o em massa de processos sem a ado\u00e7\u00e3o de crit\u00e9rios racionais, al\u00e9m de congestionar o Judici\u00e1rio, representa perdas para o governo e para a sociedade.<\/p>\n<p>Noronha informou que o STJ pretende discutir esse tipo de iniciativa com outros \u00f3rg\u00e3os e entidades, al\u00e9m de aprofundar a parceria com a PGFN.<\/p>\n<p><\/p>\n<p><i>Com informa\u00e7\u00f5es da assessoria de imprensa do STJ.<\/i><\/p>\n<p><a href=\"http:\/\/feedproxy.google.com\/~r\/STJNoticias\/~3\/qnDwHNUeens\/STJ-e-Fazenda-Nacional-firmam-parceria-para-reduzir-processos-em-tramita%C3%A7%C3%A3o\">Fonte<\/a><\/p>\n\n","protected":false},"excerpt":{"rendered":"<p>O Superior Tribunal de Justi\u00e7a (STJ) e a Procuradoria-Geral da Fazenda Nacional (PGFN) firmaram acordo com o objetivo de reduzir o n\u00famero de recursos em processos de execu\u00e7\u00e3o fiscal. A estimativa \u00e9 que, por conta dessa parceria, at\u00e9 o in\u00edcio do recesso forense de julho, 3 mil processos envolvendo a Fazenda Nacional deixem de tramitar [&hellip;]<\/p>\n","protected":false},"author":3063,"featured_media":2157,"comment_status":"open","ping_status":"open","sticky":false,"template":"","format":"standard","meta":{"footnotes":""},"categories":[18,7],"tags":[32,31,42,30,29,213,9,12,14,212,214],"class_list":{"0":"post-4465","1":"post","2":"type-post","3":"status-publish","4":"format-standard","5":"has-post-thumbnail","7":"category-tributario","8":"category-stj","9":"tag-calculos-judiciais","10":"tag-calculos-tributarios","11":"tag-direito-tributario","12":"tag-divida-ativa","13":"tag-fazenda-publica","14":"tag-imposto","15":"tag-pericia","16":"tag-perito","17":"tag-stj","18":"tag-superior-tribunal-de-justica","19":"tag-tributo"},"yoast_head":"<!-- This site is optimized with the Yoast SEO plugin v27.2 - https:\/\/yoast.com\/product\/yoast-seo-wordpress\/ -->\n<title>STJ: STJ e Fazenda Nacional firmam parceria para reduzir processos em tramita\u00e7\u00e3o | Portal de Not\u00edcias<\/title>\n<meta name=\"robots\" content=\"index, follow, max-snippet:-1, max-image-preview:large, max-video-preview:-1\" \/>\n<link rel=\"canonical\" href=\"https:\/\/mhcalculos.com.br\/noticias\/area\/tributario\/stj-stj-e-fazenda-nacional-firmam-parceria-para-reduzir-processos-em-tramitacao.html\" \/>\n<meta property=\"og:locale\" content=\"pt_BR\" \/>\n<meta property=\"og:type\" content=\"article\" \/>\n<meta property=\"og:title\" content=\"STJ: STJ e Fazenda Nacional firmam parceria para reduzir processos em tramita\u00e7\u00e3o | Portal de Not\u00edcias\" \/>\n<meta property=\"og:description\" content=\"O Superior Tribunal de Justi\u00e7a (STJ) e a Procuradoria-Geral da Fazenda Nacional (PGFN) firmaram acordo com o objetivo de reduzir o n\u00famero de recursos em processos de execu\u00e7\u00e3o fiscal. A estimativa \u00e9 que, por conta dessa parceria, at\u00e9 o in\u00edcio do recesso forense de julho, 3 mil processos envolvendo a Fazenda Nacional deixem de tramitar [&hellip;]\" \/>\n<meta property=\"og:url\" content=\"https:\/\/mhcalculos.com.br\/noticias\/area\/tributario\/stj-stj-e-fazenda-nacional-firmam-parceria-para-reduzir-processos-em-tramitacao.html\" \/>\n<meta property=\"og:site_name\" content=\"Portal de Not\u00edcias\" \/>\n<meta property=\"article:published_time\" content=\"2019-06-03T13:00:14+00:00\" \/>\n<meta property=\"article:modified_time\" content=\"2021-07-28T17:32:41+00:00\" \/>\n<meta property=\"og:image\" content=\"https:\/\/mhcalculos.com.br\/noticias\/wp-content\/uploads\/sites\/2\/2018\/06\/tributario-0002.jpg\" \/>\n\t<meta property=\"og:image:width\" content=\"2000\" \/>\n\t<meta property=\"og:image:height\" content=\"800\" \/>\n\t<meta property=\"og:image:type\" content=\"image\/jpeg\" \/>\n<meta name=\"author\" content=\"Equipe MH\" \/>\n<meta name=\"twitter:card\" content=\"summary_large_image\" \/>\n<meta name=\"twitter:label1\" content=\"Escrito por\" \/>\n\t<meta name=\"twitter:data1\" content=\"Equipe MH\" \/>\n\t<meta name=\"twitter:label2\" content=\"Est. tempo de leitura\" \/>\n\t<meta name=\"twitter:data2\" content=\"3 minutos\" \/>\n<script type=\"application\/ld+json\" class=\"yoast-schema-graph\">{\"@context\":\"https:\/\/schema.org\",\"@graph\":[{\"@type\":\"Article\",\"@id\":\"https:\/\/mhcalculos.com.br\/noticias\/area\/tributario\/stj-stj-e-fazenda-nacional-firmam-parceria-para-reduzir-processos-em-tramitacao.html#article\",\"isPartOf\":{\"@id\":\"https:\/\/mhcalculos.com.br\/noticias\/area\/tributario\/stj-stj-e-fazenda-nacional-firmam-parceria-para-reduzir-processos-em-tramitacao.html\"},\"author\":{\"name\":\"Equipe MH\",\"@id\":\"https:\/\/mhcalculos.com.br\/noticias\/#\/schema\/person\/88d1c34bf72dc779ea14a5a6b8e0ae8d\"},\"headline\":\"STJ: STJ e Fazenda Nacional firmam parceria para reduzir processos em tramita\u00e7\u00e3o\",\"datePublished\":\"2019-06-03T13:00:14+00:00\",\"dateModified\":\"2021-07-28T17:32:41+00:00\",\"mainEntityOfPage\":{\"@id\":\"https:\/\/mhcalculos.com.br\/noticias\/area\/tributario\/stj-stj-e-fazenda-nacional-firmam-parceria-para-reduzir-processos-em-tramitacao.html\"},\"wordCount\":672,\"commentCount\":0,\"image\":{\"@id\":\"https:\/\/mhcalculos.com.br\/noticias\/area\/tributario\/stj-stj-e-fazenda-nacional-firmam-parceria-para-reduzir-processos-em-tramitacao.html#primaryimage\"},\"thumbnailUrl\":\"https:\/\/mhcalculos.com.br\/noticias\/wp-content\/uploads\/sites\/2\/2018\/06\/tributario-0002.jpg\",\"keywords\":[\"c\u00e1lculos judiciais\",\"c\u00e1lculos tribut\u00e1rios\",\"direito tribut\u00e1rio\",\"d\u00edvida ativa\",\"fazenda p\u00fablica\",\"Imposto\",\"per\u00edcia\",\"perito\",\"stj\",\"Superior Tribunal de Justi\u00e7a\",\"tributo\"],\"articleSection\":[\"Direito Tribut\u00e1rio\",\"STJ\"],\"inLanguage\":\"pt-BR\",\"potentialAction\":[{\"@type\":\"CommentAction\",\"name\":\"Comment\",\"target\":[\"https:\/\/mhcalculos.com.br\/noticias\/area\/tributario\/stj-stj-e-fazenda-nacional-firmam-parceria-para-reduzir-processos-em-tramitacao.html#respond\"]}]},{\"@type\":\"WebPage\",\"@id\":\"https:\/\/mhcalculos.com.br\/noticias\/area\/tributario\/stj-stj-e-fazenda-nacional-firmam-parceria-para-reduzir-processos-em-tramitacao.html\",\"url\":\"https:\/\/mhcalculos.com.br\/noticias\/area\/tributario\/stj-stj-e-fazenda-nacional-firmam-parceria-para-reduzir-processos-em-tramitacao.html\",\"name\":\"STJ: STJ e Fazenda Nacional firmam parceria para reduzir processos em tramita\u00e7\u00e3o | Portal de Not\u00edcias\",\"isPartOf\":{\"@id\":\"https:\/\/mhcalculos.com.br\/noticias\/#website\"},\"primaryImageOfPage\":{\"@id\":\"https:\/\/mhcalculos.com.br\/noticias\/area\/tributario\/stj-stj-e-fazenda-nacional-firmam-parceria-para-reduzir-processos-em-tramitacao.html#primaryimage\"},\"image\":{\"@id\":\"https:\/\/mhcalculos.com.br\/noticias\/area\/tributario\/stj-stj-e-fazenda-nacional-firmam-parceria-para-reduzir-processos-em-tramitacao.html#primaryimage\"},\"thumbnailUrl\":\"https:\/\/mhcalculos.com.br\/noticias\/wp-content\/uploads\/sites\/2\/2018\/06\/tributario-0002.jpg\",\"datePublished\":\"2019-06-03T13:00:14+00:00\",\"dateModified\":\"2021-07-28T17:32:41+00:00\",\"author\":{\"@id\":\"https:\/\/mhcalculos.com.br\/noticias\/#\/schema\/person\/88d1c34bf72dc779ea14a5a6b8e0ae8d\"},\"breadcrumb\":{\"@id\":\"https:\/\/mhcalculos.com.br\/noticias\/area\/tributario\/stj-stj-e-fazenda-nacional-firmam-parceria-para-reduzir-processos-em-tramitacao.html#breadcrumb\"},\"inLanguage\":\"pt-BR\",\"potentialAction\":[{\"@type\":\"ReadAction\",\"target\":[\"https:\/\/mhcalculos.com.br\/noticias\/area\/tributario\/stj-stj-e-fazenda-nacional-firmam-parceria-para-reduzir-processos-em-tramitacao.html\"]}]},{\"@type\":\"ImageObject\",\"inLanguage\":\"pt-BR\",\"@id\":\"https:\/\/mhcalculos.com.br\/noticias\/area\/tributario\/stj-stj-e-fazenda-nacional-firmam-parceria-para-reduzir-processos-em-tramitacao.html#primaryimage\",\"url\":\"https:\/\/mhcalculos.com.br\/noticias\/wp-content\/uploads\/sites\/2\/2018\/06\/tributario-0002.jpg\",\"contentUrl\":\"https:\/\/mhcalculos.com.br\/noticias\/wp-content\/uploads\/sites\/2\/2018\/06\/tributario-0002.jpg\",\"width\":2000,\"height\":800},{\"@type\":\"BreadcrumbList\",\"@id\":\"https:\/\/mhcalculos.com.br\/noticias\/area\/tributario\/stj-stj-e-fazenda-nacional-firmam-parceria-para-reduzir-processos-em-tramitacao.html#breadcrumb\",\"itemListElement\":[{\"@type\":\"ListItem\",\"position\":1,\"name\":\"In\u00edcio\",\"item\":\"https:\/\/mhcalculos.com.br\/noticias\/\"},{\"@type\":\"ListItem\",\"position\":2,\"name\":\"STJ: STJ e Fazenda Nacional firmam parceria para reduzir processos em tramita\u00e7\u00e3o\"}]},{\"@type\":\"WebSite\",\"@id\":\"https:\/\/mhcalculos.com.br\/noticias\/#website\",\"url\":\"https:\/\/mhcalculos.com.br\/noticias\/\",\"name\":\"Portal de Not\u00edcias\",\"description\":\"Not\u00edcias e Jurisprud\u00eancia\",\"potentialAction\":[{\"@type\":\"SearchAction\",\"target\":{\"@type\":\"EntryPoint\",\"urlTemplate\":\"https:\/\/mhcalculos.com.br\/noticias\/?s={search_term_string}\"},\"query-input\":{\"@type\":\"PropertyValueSpecification\",\"valueRequired\":true,\"valueName\":\"search_term_string\"}}],\"inLanguage\":\"pt-BR\"},{\"@type\":\"Person\",\"@id\":\"https:\/\/mhcalculos.com.br\/noticias\/#\/schema\/person\/88d1c34bf72dc779ea14a5a6b8e0ae8d\",\"name\":\"Equipe MH\",\"image\":{\"@type\":\"ImageObject\",\"inLanguage\":\"pt-BR\",\"@id\":\"https:\/\/secure.gravatar.com\/avatar\/de1c686c2ecc9c5a3f327e3431d819eb39f8f05d4e1045f5a1caad6daaba987f?s=96&d=mm&r=g\",\"url\":\"https:\/\/secure.gravatar.com\/avatar\/de1c686c2ecc9c5a3f327e3431d819eb39f8f05d4e1045f5a1caad6daaba987f?s=96&d=mm&r=g\",\"contentUrl\":\"https:\/\/secure.gravatar.com\/avatar\/de1c686c2ecc9c5a3f327e3431d819eb39f8f05d4e1045f5a1caad6daaba987f?s=96&d=mm&r=g\",\"caption\":\"Equipe MH\"}}]}<\/script>\n<!-- \/ Yoast SEO plugin. -->","yoast_head_json":{"title":"STJ: STJ e Fazenda Nacional firmam parceria para reduzir processos em tramita\u00e7\u00e3o | Portal de Not\u00edcias","robots":{"index":"index","follow":"follow","max-snippet":"max-snippet:-1","max-image-preview":"max-image-preview:large","max-video-preview":"max-video-preview:-1"},"canonical":"https:\/\/mhcalculos.com.br\/noticias\/area\/tributario\/stj-stj-e-fazenda-nacional-firmam-parceria-para-reduzir-processos-em-tramitacao.html","og_locale":"pt_BR","og_type":"article","og_title":"STJ: STJ e Fazenda Nacional firmam parceria para reduzir processos em tramita\u00e7\u00e3o | Portal de Not\u00edcias","og_description":"O Superior Tribunal de Justi\u00e7a (STJ) e a Procuradoria-Geral da Fazenda Nacional (PGFN) firmaram acordo com o objetivo de reduzir o n\u00famero de recursos em processos de execu\u00e7\u00e3o fiscal. A estimativa \u00e9 que, por conta dessa parceria, at\u00e9 o in\u00edcio do recesso forense de julho, 3 mil processos envolvendo a Fazenda Nacional deixem de tramitar [&hellip;]","og_url":"https:\/\/mhcalculos.com.br\/noticias\/area\/tributario\/stj-stj-e-fazenda-nacional-firmam-parceria-para-reduzir-processos-em-tramitacao.html","og_site_name":"Portal de Not\u00edcias","article_published_time":"2019-06-03T13:00:14+00:00","article_modified_time":"2021-07-28T17:32:41+00:00","og_image":[{"width":2000,"height":800,"url":"https:\/\/mhcalculos.com.br\/noticias\/wp-content\/uploads\/sites\/2\/2018\/06\/tributario-0002.jpg","type":"image\/jpeg"}],"author":"Equipe MH","twitter_card":"summary_large_image","twitter_misc":{"Escrito por":"Equipe MH","Est. tempo de leitura":"3 minutos"},"schema":{"@context":"https:\/\/schema.org","@graph":[{"@type":"Article","@id":"https:\/\/mhcalculos.com.br\/noticias\/area\/tributario\/stj-stj-e-fazenda-nacional-firmam-parceria-para-reduzir-processos-em-tramitacao.html#article","isPartOf":{"@id":"https:\/\/mhcalculos.com.br\/noticias\/area\/tributario\/stj-stj-e-fazenda-nacional-firmam-parceria-para-reduzir-processos-em-tramitacao.html"},"author":{"name":"Equipe MH","@id":"https:\/\/mhcalculos.com.br\/noticias\/#\/schema\/person\/88d1c34bf72dc779ea14a5a6b8e0ae8d"},"headline":"STJ: STJ e Fazenda Nacional firmam parceria para reduzir processos em tramita\u00e7\u00e3o","datePublished":"2019-06-03T13:00:14+00:00","dateModified":"2021-07-28T17:32:41+00:00","mainEntityOfPage":{"@id":"https:\/\/mhcalculos.com.br\/noticias\/area\/tributario\/stj-stj-e-fazenda-nacional-firmam-parceria-para-reduzir-processos-em-tramitacao.html"},"wordCount":672,"commentCount":0,"image":{"@id":"https:\/\/mhcalculos.com.br\/noticias\/area\/tributario\/stj-stj-e-fazenda-nacional-firmam-parceria-para-reduzir-processos-em-tramitacao.html#primaryimage"},"thumbnailUrl":"https:\/\/mhcalculos.com.br\/noticias\/wp-content\/uploads\/sites\/2\/2018\/06\/tributario-0002.jpg","keywords":["c\u00e1lculos judiciais","c\u00e1lculos tribut\u00e1rios","direito tribut\u00e1rio","d\u00edvida ativa","fazenda p\u00fablica","Imposto","per\u00edcia","perito","stj","Superior Tribunal de Justi\u00e7a","tributo"],"articleSection":["Direito Tribut\u00e1rio","STJ"],"inLanguage":"pt-BR","potentialAction":[{"@type":"CommentAction","name":"Comment","target":["https:\/\/mhcalculos.com.br\/noticias\/area\/tributario\/stj-stj-e-fazenda-nacional-firmam-parceria-para-reduzir-processos-em-tramitacao.html#respond"]}]},{"@type":"WebPage","@id":"https:\/\/mhcalculos.com.br\/noticias\/area\/tributario\/stj-stj-e-fazenda-nacional-firmam-parceria-para-reduzir-processos-em-tramitacao.html","url":"https:\/\/mhcalculos.com.br\/noticias\/area\/tributario\/stj-stj-e-fazenda-nacional-firmam-parceria-para-reduzir-processos-em-tramitacao.html","name":"STJ: STJ e Fazenda Nacional firmam parceria para reduzir processos em tramita\u00e7\u00e3o | Portal de Not\u00edcias","isPartOf":{"@id":"https:\/\/mhcalculos.com.br\/noticias\/#website"},"primaryImageOfPage":{"@id":"https:\/\/mhcalculos.com.br\/noticias\/area\/tributario\/stj-stj-e-fazenda-nacional-firmam-parceria-para-reduzir-processos-em-tramitacao.html#primaryimage"},"image":{"@id":"https:\/\/mhcalculos.com.br\/noticias\/area\/tributario\/stj-stj-e-fazenda-nacional-firmam-parceria-para-reduzir-processos-em-tramitacao.html#primaryimage"},"thumbnailUrl":"https:\/\/mhcalculos.com.br\/noticias\/wp-content\/uploads\/sites\/2\/2018\/06\/tributario-0002.jpg","datePublished":"2019-06-03T13:00:14+00:00","dateModified":"2021-07-28T17:32:41+00:00","author":{"@id":"https:\/\/mhcalculos.com.br\/noticias\/#\/schema\/person\/88d1c34bf72dc779ea14a5a6b8e0ae8d"},"breadcrumb":{"@id":"https:\/\/mhcalculos.com.br\/noticias\/area\/tributario\/stj-stj-e-fazenda-nacional-firmam-parceria-para-reduzir-processos-em-tramitacao.html#breadcrumb"},"inLanguage":"pt-BR","potentialAction":[{"@type":"ReadAction","target":["https:\/\/mhcalculos.com.br\/noticias\/area\/tributario\/stj-stj-e-fazenda-nacional-firmam-parceria-para-reduzir-processos-em-tramitacao.html"]}]},{"@type":"ImageObject","inLanguage":"pt-BR","@id":"https:\/\/mhcalculos.com.br\/noticias\/area\/tributario\/stj-stj-e-fazenda-nacional-firmam-parceria-para-reduzir-processos-em-tramitacao.html#primaryimage","url":"https:\/\/mhcalculos.com.br\/noticias\/wp-content\/uploads\/sites\/2\/2018\/06\/tributario-0002.jpg","contentUrl":"https:\/\/mhcalculos.com.br\/noticias\/wp-content\/uploads\/sites\/2\/2018\/06\/tributario-0002.jpg","width":2000,"height":800},{"@type":"BreadcrumbList","@id":"https:\/\/mhcalculos.com.br\/noticias\/area\/tributario\/stj-stj-e-fazenda-nacional-firmam-parceria-para-reduzir-processos-em-tramitacao.html#breadcrumb","itemListElement":[{"@type":"ListItem","position":1,"name":"In\u00edcio","item":"https:\/\/mhcalculos.com.br\/noticias\/"},{"@type":"ListItem","position":2,"name":"STJ: STJ e Fazenda Nacional firmam parceria para reduzir processos em tramita\u00e7\u00e3o"}]},{"@type":"WebSite","@id":"https:\/\/mhcalculos.com.br\/noticias\/#website","url":"https:\/\/mhcalculos.com.br\/noticias\/","name":"Portal de Not\u00edcias","description":"Not\u00edcias e Jurisprud\u00eancia","potentialAction":[{"@type":"SearchAction","target":{"@type":"EntryPoint","urlTemplate":"https:\/\/mhcalculos.com.br\/noticias\/?s={search_term_string}"},"query-input":{"@type":"PropertyValueSpecification","valueRequired":true,"valueName":"search_term_string"}}],"inLanguage":"pt-BR"},{"@type":"Person","@id":"https:\/\/mhcalculos.com.br\/noticias\/#\/schema\/person\/88d1c34bf72dc779ea14a5a6b8e0ae8d","name":"Equipe MH","image":{"@type":"ImageObject","inLanguage":"pt-BR","@id":"https:\/\/secure.gravatar.com\/avatar\/de1c686c2ecc9c5a3f327e3431d819eb39f8f05d4e1045f5a1caad6daaba987f?s=96&d=mm&r=g","url":"https:\/\/secure.gravatar.com\/avatar\/de1c686c2ecc9c5a3f327e3431d819eb39f8f05d4e1045f5a1caad6daaba987f?s=96&d=mm&r=g","contentUrl":"https:\/\/secure.gravatar.com\/avatar\/de1c686c2ecc9c5a3f327e3431d819eb39f8f05d4e1045f5a1caad6daaba987f?s=96&d=mm&r=g","caption":"Equipe MH"}}]}},"_links":{"self":[{"href":"https:\/\/mhcalculos.com.br\/noticias\/wp-json\/wp\/v2\/posts\/4465","targetHints":{"allow":["GET"]}}],"collection":[{"href":"https:\/\/mhcalculos.com.br\/noticias\/wp-json\/wp\/v2\/posts"}],"about":[{"href":"https:\/\/mhcalculos.com.br\/noticias\/wp-json\/wp\/v2\/types\/post"}],"author":[{"embeddable":true,"href":"https:\/\/mhcalculos.com.br\/noticias\/wp-json\/wp\/v2\/users\/3063"}],"replies":[{"embeddable":true,"href":"https:\/\/mhcalculos.com.br\/noticias\/wp-json\/wp\/v2\/comments?post=4465"}],"version-history":[{"count":1,"href":"https:\/\/mhcalculos.com.br\/noticias\/wp-json\/wp\/v2\/posts\/4465\/revisions"}],"predecessor-version":[{"id":6616,"href":"https:\/\/mhcalculos.com.br\/noticias\/wp-json\/wp\/v2\/posts\/4465\/revisions\/6616"}],"wp:featuredmedia":[{"embeddable":true,"href":"https:\/\/mhcalculos.com.br\/noticias\/wp-json\/wp\/v2\/media\/2157"}],"wp:attachment":[{"href":"https:\/\/mhcalculos.com.br\/noticias\/wp-json\/wp\/v2\/media?parent=4465"}],"wp:term":[{"taxonomy":"category","embeddable":true,"href":"https:\/\/mhcalculos.com.br\/noticias\/wp-json\/wp\/v2\/categories?post=4465"},{"taxonomy":"post_tag","embeddable":true,"href":"https:\/\/mhcalculos.com.br\/noticias\/wp-json\/wp\/v2\/tags?post=4465"}],"curies":[{"name":"wp","href":"https:\/\/api.w.org\/{rel}","templated":true}]}}