{"id":4382,"date":"2019-05-29T22:00:25","date_gmt":"2019-05-30T01:00:25","guid":{"rendered":"https:\/\/mhcalculos.com.br\/noticias\/2019\/05\/29\/stf-stf-invalida-norma-da-reforma-trabalhista-que-permitia-trabalho-de-gravidas-e-lactantes-em-atividades-insalubres\/"},"modified":"2021-07-28T14:32:43","modified_gmt":"2021-07-28T17:32:43","slug":"stf-stf-invalida-norma-da-reforma-trabalhista-que-permitia-trabalho-de-gravidas-e-lactantes-em-atividades-insalubres","status":"publish","type":"post","link":"https:\/\/mhcalculos.com.br\/noticias\/area\/previdenciario\/stf-stf-invalida-norma-da-reforma-trabalhista-que-permitia-trabalho-de-gravidas-e-lactantes-em-atividades-insalubres.html","title":{"rendered":"STF: STF invalida norma da Reforma Trabalhista que permitia trabalho de gr\u00e1vidas e lactantes em atividades insalubres"},"content":{"rendered":"<p><br \/>\n<\/p>\n<p>O Plen\u00e1rio do Supremo Tribunal Federal (STF), por maioria de votos, julgou procedente a A\u00e7\u00e3o Direta de Inconstitucionalidade (ADI) 5938 para declarar inconstitucionais trechos de dispositivos da Consolida\u00e7\u00e3o das Leis do Trabalho (CLT) inseridos pela Reforma Trabalhista (Lei 13.467\/2017) que admitiam a possibilidade de trabalhadoras gr\u00e1vidas e lactantes desempenharem atividades insalubres em algumas hip\u00f3teses. Para a corrente majorit\u00e1ria, a express\u00e3o &ldquo;quando apresentar atestado de sa\u00fade, emitido por m\u00e9dico de confian\u00e7a da mulher&rdquo;, contida nos incisos II e III do artigo 394-A da CLT, afronta a prote\u00e7\u00e3o constitucional \u00e0 maternidade e \u00e0 crian\u00e7a.<\/p>\n<p>A a\u00e7\u00e3o foi ajuizada no Supremo pela Confedera\u00e7\u00e3o Nacional dos Trabalhadores Metal\u00fargicos. A norma questionada admitia que gestantes exercessem atividades consideradas insalubres em grau m\u00e9dio ou m\u00ednimo e que lactantes desempenhassem atividades insalubres em qualquer grau, exceto quando apresentassem atestado de sa\u00fade que recomende o afastamento. Tal permiss\u00e3o legal, segundo a entidade autora, afronta a prote\u00e7\u00e3o que a Constitui\u00e7\u00e3o Federal atribui \u00e0 maternidade, \u00e0 gesta\u00e7\u00e3o, \u00e0 sa\u00fade, \u00e0 mulher, ao nascituro, aos rec\u00e9m-nascidos, ao trabalho e ao meio ambiente de trabalho equilibrado. A efic\u00e1cia dos dispositivos estava suspensa desde o fim do m\u00eas passado por liminar deferida pelo relator, ministro Alexandre de Moraes.<\/p>\n<p>No in\u00edcio da sess\u00e3o desta quarta-feira (29), em que se apreciou o m\u00e9rito da a\u00e7\u00e3o, falaram na condi\u00e7\u00e3o de amici curiae os representantes da Confedera\u00e7\u00e3o Nacional de Sa\u00fade (CNS), pela improced\u00eancia da a\u00e7\u00e3o, e da Central \u00danica do Trabalhadores (CUT), que defendeu a inconstitucionalidade dos trechos da norma.<\/p>\n<p><b>Prote\u00e7\u00e3o \u00e0 maternidade<\/b><\/p>\n<p>O relator iniciou seu voto observando que, ap\u00f3s a altera\u00e7\u00e3o legal, a norma passou a impor \u00e0s gr\u00e1vidas e \u00e0s lactantes o \u00f4nus de apresentar atestado de sa\u00fade como condi\u00e7\u00e3o para o afastamento. Esse \u00f4nus, segundo o ministro, sujeita a trabalhadora a maior embara\u00e7o para o exerc\u00edcio de seus direitos, sobretudo para aquelas que n\u00e3o t\u00eam acesso \u00e0 sa\u00fade b\u00e1sica para conseguir o atestado.<\/p>\n<p>Na avalia\u00e7\u00e3o do ministro, a norma est\u00e1 em desacordo com diversos direitos consagrados na Constitui\u00e7\u00e3o Federal e deles derivados, entre eles a prote\u00e7\u00e3o \u00e0 maternidade, o direito \u00e0 licen\u00e7a-maternidade e a seguran\u00e7a no emprego assegurada \u00e0 gestante, al\u00e9m de normas de sa\u00fade, higiene e seguran\u00e7a. Sob essa \u00f3tica, a prote\u00e7\u00e3o da mulher gr\u00e1vida ou da lactante em rela\u00e7\u00e3o ao trabalho insalubre caracteriza-se como direito social protetivo tanto da mulher quanto da crian\u00e7a. &ldquo;A raz\u00e3o das normas n\u00e3o \u00e9 s\u00f3 salvaguardar direitos sociais da mulher, mas tamb\u00e9m efetivar a integral prote\u00e7\u00e3o ao rec\u00e9m-nascido, possibilitando sua conviv\u00eancia integral com a m\u00e3e nos primeiros meses de vida, de maneira harm\u00f4nica e segura e sem os perigos de um ambiente insalubre, consagrada com absoluta prioridade, no artigo 227 do texto constitucional, como dever tamb\u00e9m da sociedade e do empregador&rdquo;, assinalou.<\/p>\n<p>Dessa forma, o ministro destacou que a altera\u00e7\u00e3o deste ponto da CLT feriu direito de dupla titularidade &ndash; da m\u00e3e e da crian\u00e7a. A seu ver, a previs\u00e3o de afastamento autom\u00e1tico da gestante ou da lactante do ambiente insalubre est\u00e1 absolutamente de acordo com o entendimento do Supremo de integral prote\u00e7\u00e3o \u00e0 maternidade e \u00e0 sa\u00fade da crian\u00e7a. &ldquo;A prote\u00e7\u00e3o \u00e0 maternidade e a integral prote\u00e7\u00e3o \u00e0 crian\u00e7a s\u00e3o direitos irrenunci\u00e1veis e n\u00e3o podem ser afastados pelo desconhecimento, pela impossibilidade ou pela eventual neglig\u00eancia da gestante ou da lactante em juntar um atestado m\u00e9dico, sob pena de prejudic\u00e1-la e prejudicar o rec\u00e9m-nascido&rdquo;, afirmou.<\/p>\n<p>N\u00e3o procede, segundo o relator, o argumento de que a declara\u00e7\u00e3o de inconstitucionalidade poderia acarretar retra\u00e7\u00e3o da participa\u00e7\u00e3o da mulher no mercado de trabalho. &ldquo;Eventuais discrimina\u00e7\u00f5es ser\u00e3o punidas nos termos da lei, e o pr\u00f3prio texto constitucional determina de maneira impositiva a prote\u00e7\u00e3o ao mercado de trabalho da mulher mediante incentivos espec\u00edficos&rdquo;, ressaltou. Para o ministro, tamb\u00e9m n\u00e3o procede o argumento do \u00f4nus excessivo ao empregador, pois a norma isenta o tomador de servi\u00e7o do \u00f4nus financeiro referente ao adicional de insalubridade da empregada afastada. Com esses fundamentos, o relator votou pela confirma\u00e7\u00e3o da liminar deferida e pela proced\u00eancia do pedido para declarar a inconstitucionalidade da express\u00e3o dos incisos II e II.<\/p>\n<p><b>Retrocesso social<\/b><\/p>\n<p>Em seu voto, a ministra Rosa Weber apresentou apanhado hist\u00f3rico legislativo dos direitos trabalhistas das mulheres no Brasil e no mundo. Segundo a ministra, contam-se 96 anos desde a primeira norma de prote\u00e7\u00e3o ao trabalho da gestante no pa\u00eds. Isso revela, a seu ver, quase um s\u00e9culo de &ldquo;afirma\u00e7\u00e3o hist\u00f3rica do compromisso da na\u00e7\u00e3o com a salvaguarda das futuras gera\u00e7\u00f5es&rdquo;. A Constitui\u00e7\u00e3o de 1988, por sua vez, priorizou a higidez f\u00edsica e mental do trabalhador ao exigir, no inciso XXII do artigo 7&ordm;, a redu\u00e7\u00e3o dos riscos inerentes ao trabalho por meio de normas de sa\u00fade, higiene e seguran\u00e7a.<\/p>\n<p>A ministra afirmou ainda que a maternidade representa para a trabalhadora um per\u00edodo de maior vulnerabilidade devido \u00e0s conting\u00eancias pr\u00f3prias de concilia\u00e7\u00e3o dos projetos de vida pessoal, familiar e laboral. Dessa forma, os direitos fundamentais do trabalhador elencados no artigo 7&ordm; &ldquo;imp\u00f5em limites \u00e0 liberdade de organiza\u00e7\u00e3o e administra\u00e7\u00e3o do empregador de forma a concretizar, para a empregada m\u00e3e, merecida seguran\u00e7a do exerc\u00edcio do direito ao equil\u00edbrio entre trabalho e fam\u00edlia&rdquo;. A altera\u00e7\u00e3o promovida pela Reforma Trabalhista, concluiu a ministra, implicou &ldquo;ineg\u00e1vel retrocesso social&rdquo;.<\/p>\n<p>Tamb\u00e9m votaram pela proced\u00eancia da a\u00e7\u00e3o os ministros Edson Fachin, Lu\u00eds Roberto Barroso, Luiz Fux, Carmen L\u00facia, Ricardo Lewandowski, Gilmar Mendes, Celso de Mello e o presidente da Corte, ministro Dias Toffoli.<\/p>\n<p><b>Diverg\u00eancia<\/b><\/p>\n<p>\u00danico a divergir, o ministro Marco Aur\u00e9lio votou pela improced\u00eancia da a\u00e7\u00e3o ao argumento de que os preceitos que regulam o trabalho masculino s\u00e3o aplic\u00e1veis ao trabalho feminino. &ldquo;Toda prote\u00e7\u00e3o alargada ao g\u00eanero feminino acaba prejudicando o g\u00eanero&rdquo;, disse. Para ele, \u00e9 razo\u00e1vel a exig\u00eancia de um pronunciamento t\u00e9cnico de profissional da medicina sobre a conveni\u00eancia do afastamento da trabalhadora. &ldquo;Os preceitos encerram a liberdade da prestadora de servi\u00e7os e visam atender \u00e0s exig\u00eancias do mercado de trabalho, para n\u00e3o se criar \u00f3bice \u00e0 contrata\u00e7\u00e3o de m\u00e3o de obra feminina&rdquo;, afirmou.<\/p>\n<p>Leia a <a href=\"http:\/\/www.stf.jus.br\/arquivo\/cms\/noticiaNoticiaStf\/anexo\/ADI5938EmentaeVOTO.pdf\" target=\"_blank\" rel=\"noopener\">\u00edntegra do voto do ministro Alexandre de Moraes<\/a> (relator).<\/p>\n<p><span style=\"font-size: smaller\">SP\/AD<\/span><\/p>\n<p>Leia mais:<\/p>\n<p>30\/04\/2019 &ndash; <a href=\"http:\/\/portal.stf.jus.br\/noticias\/verNoticiaDetalhe.asp?idConteudo=409885\">Ministro suspende norma que admite que trabalhadoras gr\u00e1vidas e lactantes desempenhem atividades insalubres<\/a><\/p>\n<p><i>Com informa\u00e7\u00f5es da assessoria de imprensa do STF.<\/i><br \/>\n<br \/><br \/>\n<br \/><a href=\"http:\/\/www.stf.jus.br\/portal\/cms\/verNoticiaDetalhe.asp?idConteudo=412571\">Fonte<\/a><\/p>\n","protected":false},"excerpt":{"rendered":"<p>O Plen\u00e1rio do Supremo Tribunal Federal (STF), por maioria de votos, julgou procedente a A\u00e7\u00e3o Direta de Inconstitucionalidade (ADI) 5938 para declarar inconstitucionais trechos de dispositivos da Consolida\u00e7\u00e3o das Leis do Trabalho (CLT) inseridos pela Reforma Trabalhista (Lei 13.467\/2017) que admitiam a possibilidade de trabalhadoras gr\u00e1vidas e lactantes desempenharem atividades insalubres em algumas hip\u00f3teses. Para [&hellip;]<\/p>\n","protected":false},"author":3063,"featured_media":2700,"comment_status":"open","ping_status":"open","sticky":false,"template":"","format":"standard","meta":{"footnotes":""},"categories":[5,15],"tags":[11,10,8,13,9,12,16],"class_list":{"0":"post-4382","1":"post","2":"type-post","3":"status-publish","4":"format-standard","5":"has-post-thumbnail","7":"category-previdenciario","8":"category-stf","9":"tag-aposentadoria","10":"tag-calculos-previdenciarios","11":"tag-direito-previdenciario","12":"tag-inss","13":"tag-pericia","14":"tag-perito","15":"tag-stf"},"yoast_head":"<!-- This site is optimized with the Yoast SEO plugin v27.2 - https:\/\/yoast.com\/product\/yoast-seo-wordpress\/ -->\n<title>STF: STF invalida norma da Reforma Trabalhista que permitia trabalho de gr\u00e1vidas e lactantes em atividades insalubres | Portal de Not\u00edcias<\/title>\n<meta name=\"robots\" content=\"index, follow, max-snippet:-1, max-image-preview:large, max-video-preview:-1\" \/>\n<link rel=\"canonical\" href=\"https:\/\/mhcalculos.com.br\/noticias\/area\/previdenciario\/stf-stf-invalida-norma-da-reforma-trabalhista-que-permitia-trabalho-de-gravidas-e-lactantes-em-atividades-insalubres.html\" \/>\n<meta property=\"og:locale\" content=\"pt_BR\" \/>\n<meta property=\"og:type\" content=\"article\" \/>\n<meta property=\"og:title\" content=\"STF: STF invalida norma da Reforma Trabalhista que permitia trabalho de gr\u00e1vidas e lactantes em atividades insalubres | Portal de Not\u00edcias\" \/>\n<meta property=\"og:description\" content=\"O Plen\u00e1rio do Supremo Tribunal Federal (STF), por maioria de votos, julgou procedente a A\u00e7\u00e3o Direta de Inconstitucionalidade (ADI) 5938 para declarar inconstitucionais trechos de dispositivos da Consolida\u00e7\u00e3o das Leis do Trabalho (CLT) inseridos pela Reforma Trabalhista (Lei 13.467\/2017) que admitiam a possibilidade de trabalhadoras gr\u00e1vidas e lactantes desempenharem atividades insalubres em algumas hip\u00f3teses. Para [&hellip;]\" \/>\n<meta property=\"og:url\" content=\"https:\/\/mhcalculos.com.br\/noticias\/area\/previdenciario\/stf-stf-invalida-norma-da-reforma-trabalhista-que-permitia-trabalho-de-gravidas-e-lactantes-em-atividades-insalubres.html\" \/>\n<meta property=\"og:site_name\" content=\"Portal de Not\u00edcias\" \/>\n<meta property=\"article:published_time\" content=\"2019-05-30T01:00:25+00:00\" \/>\n<meta property=\"article:modified_time\" content=\"2021-07-28T17:32:43+00:00\" \/>\n<meta property=\"og:image\" content=\"https:\/\/mhcalculos.com.br\/noticias\/wp-content\/uploads\/sites\/2\/2018\/08\/previdenciario-0014.jpg\" \/>\n\t<meta property=\"og:image:width\" content=\"2000\" \/>\n\t<meta property=\"og:image:height\" content=\"800\" \/>\n\t<meta property=\"og:image:type\" content=\"image\/jpeg\" \/>\n<meta name=\"author\" content=\"Equipe MH\" \/>\n<meta name=\"twitter:card\" content=\"summary_large_image\" \/>\n<meta name=\"twitter:label1\" content=\"Escrito por\" \/>\n\t<meta name=\"twitter:data1\" content=\"Equipe MH\" \/>\n\t<meta name=\"twitter:label2\" content=\"Est. tempo de leitura\" \/>\n\t<meta name=\"twitter:data2\" content=\"6 minutos\" \/>\n<script type=\"application\/ld+json\" class=\"yoast-schema-graph\">{\"@context\":\"https:\/\/schema.org\",\"@graph\":[{\"@type\":\"Article\",\"@id\":\"https:\/\/mhcalculos.com.br\/noticias\/area\/previdenciario\/stf-stf-invalida-norma-da-reforma-trabalhista-que-permitia-trabalho-de-gravidas-e-lactantes-em-atividades-insalubres.html#article\",\"isPartOf\":{\"@id\":\"https:\/\/mhcalculos.com.br\/noticias\/area\/previdenciario\/stf-stf-invalida-norma-da-reforma-trabalhista-que-permitia-trabalho-de-gravidas-e-lactantes-em-atividades-insalubres.html\"},\"author\":{\"name\":\"Equipe MH\",\"@id\":\"https:\/\/mhcalculos.com.br\/noticias\/#\/schema\/person\/88d1c34bf72dc779ea14a5a6b8e0ae8d\"},\"headline\":\"STF: STF invalida norma da Reforma Trabalhista que permitia trabalho de gr\u00e1vidas e lactantes em atividades insalubres\",\"datePublished\":\"2019-05-30T01:00:25+00:00\",\"dateModified\":\"2021-07-28T17:32:43+00:00\",\"mainEntityOfPage\":{\"@id\":\"https:\/\/mhcalculos.com.br\/noticias\/area\/previdenciario\/stf-stf-invalida-norma-da-reforma-trabalhista-que-permitia-trabalho-de-gravidas-e-lactantes-em-atividades-insalubres.html\"},\"wordCount\":1174,\"commentCount\":0,\"image\":{\"@id\":\"https:\/\/mhcalculos.com.br\/noticias\/area\/previdenciario\/stf-stf-invalida-norma-da-reforma-trabalhista-que-permitia-trabalho-de-gravidas-e-lactantes-em-atividades-insalubres.html#primaryimage\"},\"thumbnailUrl\":\"https:\/\/mhcalculos.com.br\/noticias\/wp-content\/uploads\/sites\/2\/2018\/08\/previdenciario-0014.jpg\",\"keywords\":[\"aposentadoria\",\"c\u00e1lculos previdenci\u00e1rios\",\"direito previdenci\u00e1rio\",\"inss\",\"per\u00edcia\",\"perito\",\"stf\"],\"articleSection\":[\"Direito Previdenci\u00e1rio\",\"STF\"],\"inLanguage\":\"pt-BR\",\"potentialAction\":[{\"@type\":\"CommentAction\",\"name\":\"Comment\",\"target\":[\"https:\/\/mhcalculos.com.br\/noticias\/area\/previdenciario\/stf-stf-invalida-norma-da-reforma-trabalhista-que-permitia-trabalho-de-gravidas-e-lactantes-em-atividades-insalubres.html#respond\"]}]},{\"@type\":\"WebPage\",\"@id\":\"https:\/\/mhcalculos.com.br\/noticias\/area\/previdenciario\/stf-stf-invalida-norma-da-reforma-trabalhista-que-permitia-trabalho-de-gravidas-e-lactantes-em-atividades-insalubres.html\",\"url\":\"https:\/\/mhcalculos.com.br\/noticias\/area\/previdenciario\/stf-stf-invalida-norma-da-reforma-trabalhista-que-permitia-trabalho-de-gravidas-e-lactantes-em-atividades-insalubres.html\",\"name\":\"STF: STF invalida norma da Reforma Trabalhista que permitia trabalho de gr\u00e1vidas e lactantes em atividades insalubres | Portal de Not\u00edcias\",\"isPartOf\":{\"@id\":\"https:\/\/mhcalculos.com.br\/noticias\/#website\"},\"primaryImageOfPage\":{\"@id\":\"https:\/\/mhcalculos.com.br\/noticias\/area\/previdenciario\/stf-stf-invalida-norma-da-reforma-trabalhista-que-permitia-trabalho-de-gravidas-e-lactantes-em-atividades-insalubres.html#primaryimage\"},\"image\":{\"@id\":\"https:\/\/mhcalculos.com.br\/noticias\/area\/previdenciario\/stf-stf-invalida-norma-da-reforma-trabalhista-que-permitia-trabalho-de-gravidas-e-lactantes-em-atividades-insalubres.html#primaryimage\"},\"thumbnailUrl\":\"https:\/\/mhcalculos.com.br\/noticias\/wp-content\/uploads\/sites\/2\/2018\/08\/previdenciario-0014.jpg\",\"datePublished\":\"2019-05-30T01:00:25+00:00\",\"dateModified\":\"2021-07-28T17:32:43+00:00\",\"author\":{\"@id\":\"https:\/\/mhcalculos.com.br\/noticias\/#\/schema\/person\/88d1c34bf72dc779ea14a5a6b8e0ae8d\"},\"breadcrumb\":{\"@id\":\"https:\/\/mhcalculos.com.br\/noticias\/area\/previdenciario\/stf-stf-invalida-norma-da-reforma-trabalhista-que-permitia-trabalho-de-gravidas-e-lactantes-em-atividades-insalubres.html#breadcrumb\"},\"inLanguage\":\"pt-BR\",\"potentialAction\":[{\"@type\":\"ReadAction\",\"target\":[\"https:\/\/mhcalculos.com.br\/noticias\/area\/previdenciario\/stf-stf-invalida-norma-da-reforma-trabalhista-que-permitia-trabalho-de-gravidas-e-lactantes-em-atividades-insalubres.html\"]}]},{\"@type\":\"ImageObject\",\"inLanguage\":\"pt-BR\",\"@id\":\"https:\/\/mhcalculos.com.br\/noticias\/area\/previdenciario\/stf-stf-invalida-norma-da-reforma-trabalhista-que-permitia-trabalho-de-gravidas-e-lactantes-em-atividades-insalubres.html#primaryimage\",\"url\":\"https:\/\/mhcalculos.com.br\/noticias\/wp-content\/uploads\/sites\/2\/2018\/08\/previdenciario-0014.jpg\",\"contentUrl\":\"https:\/\/mhcalculos.com.br\/noticias\/wp-content\/uploads\/sites\/2\/2018\/08\/previdenciario-0014.jpg\",\"width\":2000,\"height\":800,\"caption\":\"STJ nega liminar a banc\u00e1rio que sacava valores de benefici\u00e1rios do INSS sem autoriza\u00e7\u00e3o\"},{\"@type\":\"BreadcrumbList\",\"@id\":\"https:\/\/mhcalculos.com.br\/noticias\/area\/previdenciario\/stf-stf-invalida-norma-da-reforma-trabalhista-que-permitia-trabalho-de-gravidas-e-lactantes-em-atividades-insalubres.html#breadcrumb\",\"itemListElement\":[{\"@type\":\"ListItem\",\"position\":1,\"name\":\"In\u00edcio\",\"item\":\"https:\/\/mhcalculos.com.br\/noticias\/\"},{\"@type\":\"ListItem\",\"position\":2,\"name\":\"STF: STF invalida norma da Reforma Trabalhista que permitia trabalho de gr\u00e1vidas e lactantes em atividades insalubres\"}]},{\"@type\":\"WebSite\",\"@id\":\"https:\/\/mhcalculos.com.br\/noticias\/#website\",\"url\":\"https:\/\/mhcalculos.com.br\/noticias\/\",\"name\":\"Portal de Not\u00edcias\",\"description\":\"Not\u00edcias e Jurisprud\u00eancia\",\"potentialAction\":[{\"@type\":\"SearchAction\",\"target\":{\"@type\":\"EntryPoint\",\"urlTemplate\":\"https:\/\/mhcalculos.com.br\/noticias\/?s={search_term_string}\"},\"query-input\":{\"@type\":\"PropertyValueSpecification\",\"valueRequired\":true,\"valueName\":\"search_term_string\"}}],\"inLanguage\":\"pt-BR\"},{\"@type\":\"Person\",\"@id\":\"https:\/\/mhcalculos.com.br\/noticias\/#\/schema\/person\/88d1c34bf72dc779ea14a5a6b8e0ae8d\",\"name\":\"Equipe MH\",\"image\":{\"@type\":\"ImageObject\",\"inLanguage\":\"pt-BR\",\"@id\":\"https:\/\/secure.gravatar.com\/avatar\/de1c686c2ecc9c5a3f327e3431d819eb39f8f05d4e1045f5a1caad6daaba987f?s=96&d=mm&r=g\",\"url\":\"https:\/\/secure.gravatar.com\/avatar\/de1c686c2ecc9c5a3f327e3431d819eb39f8f05d4e1045f5a1caad6daaba987f?s=96&d=mm&r=g\",\"contentUrl\":\"https:\/\/secure.gravatar.com\/avatar\/de1c686c2ecc9c5a3f327e3431d819eb39f8f05d4e1045f5a1caad6daaba987f?s=96&d=mm&r=g\",\"caption\":\"Equipe MH\"}}]}<\/script>\n<!-- \/ Yoast SEO plugin. -->","yoast_head_json":{"title":"STF: STF invalida norma da Reforma Trabalhista que permitia trabalho de gr\u00e1vidas e lactantes em atividades insalubres | Portal de Not\u00edcias","robots":{"index":"index","follow":"follow","max-snippet":"max-snippet:-1","max-image-preview":"max-image-preview:large","max-video-preview":"max-video-preview:-1"},"canonical":"https:\/\/mhcalculos.com.br\/noticias\/area\/previdenciario\/stf-stf-invalida-norma-da-reforma-trabalhista-que-permitia-trabalho-de-gravidas-e-lactantes-em-atividades-insalubres.html","og_locale":"pt_BR","og_type":"article","og_title":"STF: STF invalida norma da Reforma Trabalhista que permitia trabalho de gr\u00e1vidas e lactantes em atividades insalubres | Portal de Not\u00edcias","og_description":"O Plen\u00e1rio do Supremo Tribunal Federal (STF), por maioria de votos, julgou procedente a A\u00e7\u00e3o Direta de Inconstitucionalidade (ADI) 5938 para declarar inconstitucionais trechos de dispositivos da Consolida\u00e7\u00e3o das Leis do Trabalho (CLT) inseridos pela Reforma Trabalhista (Lei 13.467\/2017) que admitiam a possibilidade de trabalhadoras gr\u00e1vidas e lactantes desempenharem atividades insalubres em algumas hip\u00f3teses. Para [&hellip;]","og_url":"https:\/\/mhcalculos.com.br\/noticias\/area\/previdenciario\/stf-stf-invalida-norma-da-reforma-trabalhista-que-permitia-trabalho-de-gravidas-e-lactantes-em-atividades-insalubres.html","og_site_name":"Portal de Not\u00edcias","article_published_time":"2019-05-30T01:00:25+00:00","article_modified_time":"2021-07-28T17:32:43+00:00","og_image":[{"width":2000,"height":800,"url":"https:\/\/mhcalculos.com.br\/noticias\/wp-content\/uploads\/sites\/2\/2018\/08\/previdenciario-0014.jpg","type":"image\/jpeg"}],"author":"Equipe MH","twitter_card":"summary_large_image","twitter_misc":{"Escrito por":"Equipe MH","Est. tempo de leitura":"6 minutos"},"schema":{"@context":"https:\/\/schema.org","@graph":[{"@type":"Article","@id":"https:\/\/mhcalculos.com.br\/noticias\/area\/previdenciario\/stf-stf-invalida-norma-da-reforma-trabalhista-que-permitia-trabalho-de-gravidas-e-lactantes-em-atividades-insalubres.html#article","isPartOf":{"@id":"https:\/\/mhcalculos.com.br\/noticias\/area\/previdenciario\/stf-stf-invalida-norma-da-reforma-trabalhista-que-permitia-trabalho-de-gravidas-e-lactantes-em-atividades-insalubres.html"},"author":{"name":"Equipe MH","@id":"https:\/\/mhcalculos.com.br\/noticias\/#\/schema\/person\/88d1c34bf72dc779ea14a5a6b8e0ae8d"},"headline":"STF: STF invalida norma da Reforma Trabalhista que permitia trabalho de gr\u00e1vidas e lactantes em atividades insalubres","datePublished":"2019-05-30T01:00:25+00:00","dateModified":"2021-07-28T17:32:43+00:00","mainEntityOfPage":{"@id":"https:\/\/mhcalculos.com.br\/noticias\/area\/previdenciario\/stf-stf-invalida-norma-da-reforma-trabalhista-que-permitia-trabalho-de-gravidas-e-lactantes-em-atividades-insalubres.html"},"wordCount":1174,"commentCount":0,"image":{"@id":"https:\/\/mhcalculos.com.br\/noticias\/area\/previdenciario\/stf-stf-invalida-norma-da-reforma-trabalhista-que-permitia-trabalho-de-gravidas-e-lactantes-em-atividades-insalubres.html#primaryimage"},"thumbnailUrl":"https:\/\/mhcalculos.com.br\/noticias\/wp-content\/uploads\/sites\/2\/2018\/08\/previdenciario-0014.jpg","keywords":["aposentadoria","c\u00e1lculos previdenci\u00e1rios","direito previdenci\u00e1rio","inss","per\u00edcia","perito","stf"],"articleSection":["Direito Previdenci\u00e1rio","STF"],"inLanguage":"pt-BR","potentialAction":[{"@type":"CommentAction","name":"Comment","target":["https:\/\/mhcalculos.com.br\/noticias\/area\/previdenciario\/stf-stf-invalida-norma-da-reforma-trabalhista-que-permitia-trabalho-de-gravidas-e-lactantes-em-atividades-insalubres.html#respond"]}]},{"@type":"WebPage","@id":"https:\/\/mhcalculos.com.br\/noticias\/area\/previdenciario\/stf-stf-invalida-norma-da-reforma-trabalhista-que-permitia-trabalho-de-gravidas-e-lactantes-em-atividades-insalubres.html","url":"https:\/\/mhcalculos.com.br\/noticias\/area\/previdenciario\/stf-stf-invalida-norma-da-reforma-trabalhista-que-permitia-trabalho-de-gravidas-e-lactantes-em-atividades-insalubres.html","name":"STF: STF invalida norma da Reforma Trabalhista que permitia trabalho de gr\u00e1vidas e lactantes em atividades insalubres | Portal de Not\u00edcias","isPartOf":{"@id":"https:\/\/mhcalculos.com.br\/noticias\/#website"},"primaryImageOfPage":{"@id":"https:\/\/mhcalculos.com.br\/noticias\/area\/previdenciario\/stf-stf-invalida-norma-da-reforma-trabalhista-que-permitia-trabalho-de-gravidas-e-lactantes-em-atividades-insalubres.html#primaryimage"},"image":{"@id":"https:\/\/mhcalculos.com.br\/noticias\/area\/previdenciario\/stf-stf-invalida-norma-da-reforma-trabalhista-que-permitia-trabalho-de-gravidas-e-lactantes-em-atividades-insalubres.html#primaryimage"},"thumbnailUrl":"https:\/\/mhcalculos.com.br\/noticias\/wp-content\/uploads\/sites\/2\/2018\/08\/previdenciario-0014.jpg","datePublished":"2019-05-30T01:00:25+00:00","dateModified":"2021-07-28T17:32:43+00:00","author":{"@id":"https:\/\/mhcalculos.com.br\/noticias\/#\/schema\/person\/88d1c34bf72dc779ea14a5a6b8e0ae8d"},"breadcrumb":{"@id":"https:\/\/mhcalculos.com.br\/noticias\/area\/previdenciario\/stf-stf-invalida-norma-da-reforma-trabalhista-que-permitia-trabalho-de-gravidas-e-lactantes-em-atividades-insalubres.html#breadcrumb"},"inLanguage":"pt-BR","potentialAction":[{"@type":"ReadAction","target":["https:\/\/mhcalculos.com.br\/noticias\/area\/previdenciario\/stf-stf-invalida-norma-da-reforma-trabalhista-que-permitia-trabalho-de-gravidas-e-lactantes-em-atividades-insalubres.html"]}]},{"@type":"ImageObject","inLanguage":"pt-BR","@id":"https:\/\/mhcalculos.com.br\/noticias\/area\/previdenciario\/stf-stf-invalida-norma-da-reforma-trabalhista-que-permitia-trabalho-de-gravidas-e-lactantes-em-atividades-insalubres.html#primaryimage","url":"https:\/\/mhcalculos.com.br\/noticias\/wp-content\/uploads\/sites\/2\/2018\/08\/previdenciario-0014.jpg","contentUrl":"https:\/\/mhcalculos.com.br\/noticias\/wp-content\/uploads\/sites\/2\/2018\/08\/previdenciario-0014.jpg","width":2000,"height":800,"caption":"STJ nega liminar a banc\u00e1rio que sacava valores de benefici\u00e1rios do INSS sem autoriza\u00e7\u00e3o"},{"@type":"BreadcrumbList","@id":"https:\/\/mhcalculos.com.br\/noticias\/area\/previdenciario\/stf-stf-invalida-norma-da-reforma-trabalhista-que-permitia-trabalho-de-gravidas-e-lactantes-em-atividades-insalubres.html#breadcrumb","itemListElement":[{"@type":"ListItem","position":1,"name":"In\u00edcio","item":"https:\/\/mhcalculos.com.br\/noticias\/"},{"@type":"ListItem","position":2,"name":"STF: STF invalida norma da Reforma Trabalhista que permitia trabalho de gr\u00e1vidas e lactantes em atividades insalubres"}]},{"@type":"WebSite","@id":"https:\/\/mhcalculos.com.br\/noticias\/#website","url":"https:\/\/mhcalculos.com.br\/noticias\/","name":"Portal de Not\u00edcias","description":"Not\u00edcias e Jurisprud\u00eancia","potentialAction":[{"@type":"SearchAction","target":{"@type":"EntryPoint","urlTemplate":"https:\/\/mhcalculos.com.br\/noticias\/?s={search_term_string}"},"query-input":{"@type":"PropertyValueSpecification","valueRequired":true,"valueName":"search_term_string"}}],"inLanguage":"pt-BR"},{"@type":"Person","@id":"https:\/\/mhcalculos.com.br\/noticias\/#\/schema\/person\/88d1c34bf72dc779ea14a5a6b8e0ae8d","name":"Equipe MH","image":{"@type":"ImageObject","inLanguage":"pt-BR","@id":"https:\/\/secure.gravatar.com\/avatar\/de1c686c2ecc9c5a3f327e3431d819eb39f8f05d4e1045f5a1caad6daaba987f?s=96&d=mm&r=g","url":"https:\/\/secure.gravatar.com\/avatar\/de1c686c2ecc9c5a3f327e3431d819eb39f8f05d4e1045f5a1caad6daaba987f?s=96&d=mm&r=g","contentUrl":"https:\/\/secure.gravatar.com\/avatar\/de1c686c2ecc9c5a3f327e3431d819eb39f8f05d4e1045f5a1caad6daaba987f?s=96&d=mm&r=g","caption":"Equipe MH"}}]}},"_links":{"self":[{"href":"https:\/\/mhcalculos.com.br\/noticias\/wp-json\/wp\/v2\/posts\/4382","targetHints":{"allow":["GET"]}}],"collection":[{"href":"https:\/\/mhcalculos.com.br\/noticias\/wp-json\/wp\/v2\/posts"}],"about":[{"href":"https:\/\/mhcalculos.com.br\/noticias\/wp-json\/wp\/v2\/types\/post"}],"author":[{"embeddable":true,"href":"https:\/\/mhcalculos.com.br\/noticias\/wp-json\/wp\/v2\/users\/3063"}],"replies":[{"embeddable":true,"href":"https:\/\/mhcalculos.com.br\/noticias\/wp-json\/wp\/v2\/comments?post=4382"}],"version-history":[{"count":1,"href":"https:\/\/mhcalculos.com.br\/noticias\/wp-json\/wp\/v2\/posts\/4382\/revisions"}],"predecessor-version":[{"id":9830,"href":"https:\/\/mhcalculos.com.br\/noticias\/wp-json\/wp\/v2\/posts\/4382\/revisions\/9830"}],"wp:featuredmedia":[{"embeddable":true,"href":"https:\/\/mhcalculos.com.br\/noticias\/wp-json\/wp\/v2\/media\/2700"}],"wp:attachment":[{"href":"https:\/\/mhcalculos.com.br\/noticias\/wp-json\/wp\/v2\/media?parent=4382"}],"wp:term":[{"taxonomy":"category","embeddable":true,"href":"https:\/\/mhcalculos.com.br\/noticias\/wp-json\/wp\/v2\/categories?post=4382"},{"taxonomy":"post_tag","embeddable":true,"href":"https:\/\/mhcalculos.com.br\/noticias\/wp-json\/wp\/v2\/tags?post=4382"}],"curies":[{"name":"wp","href":"https:\/\/api.w.org\/{rel}","templated":true}]}}