{"id":4372,"date":"2019-05-29T10:00:10","date_gmt":"2019-05-29T13:00:10","guid":{"rendered":"https:\/\/mhcalculos.com.br\/noticias\/2019\/05\/29\/trf3-sexta-turma-recursal-dos-juizados-especiais-federais-concede-auxilio-reclusao-a-filha-de-reu-preso-em-2017-2018\/"},"modified":"2021-07-28T14:32:43","modified_gmt":"2021-07-28T17:32:43","slug":"trf3-sexta-turma-recursal-dos-juizados-especiais-federais-concede-auxilio-reclusao-a-filha-de-reu-preso-em-2017-2018","status":"publish","type":"post","link":"https:\/\/mhcalculos.com.br\/noticias\/area\/previdenciario\/trf3-sexta-turma-recursal-dos-juizados-especiais-federais-concede-auxilio-reclusao-a-filha-de-reu-preso-em-2017-2018.html","title":{"rendered":"TRF3: SEXTA TURMA RECURSAL DOS JUIZADOS ESPECIAIS FEDERAIS CONCEDE AUX\u00cdLIO-RECLUS\u00c3O A FILHA DE R\u00c9U PRESO EM 2017\/2018"},"content":{"rendered":"\n<div class=\"mat\">\n<p><em>Ac\u00f3rd\u00e3o reformou decis\u00e3o e limitou recebimento a um sal\u00e1rio m\u00ednimo<\/em><\/p>\n<p>A Sexta Turma Recursal dos Juizados Especiais Federais da Se\u00e7\u00e3o Judici\u00e1ria de S\u00e3o Paulo, por unanimidade, reformou senten\u00e7a do Juizado Especial (JEF) de Campinas\/SP e condenou o Instituto Nacional de Seguro Social (INSS) a instituir o benef\u00edcio de aux\u00edlio-reclus\u00e3o \u00e0 filha de um homem que esteve preso entre 6\/6\/2017 e 28\/6\/2018.<\/p>\n<p>Os magistrados entenderam que autora fazia jus ao aux\u00edlio-reclus\u00e3o, na \u00e9poca, por estarem preenchidos os requisitos para a concess\u00e3o do benef\u00edcio. O valor ficou limitado, por\u00e9m, a um sal\u00e1rio m\u00ednimo, conforme a Renda Mensal Inicial (RMI) do r\u00e9u.<\/p>\n<p>Em 2018, a decis\u00e3o do JEF de Campinas havia considerado improcedente o pedido, uma vez que a renda do segurado, ent\u00e3o recluso, era superior ao teto legal, o que inviabilizaria a concess\u00e3o do benef\u00edcio. O \u00faltimo sal\u00e1rio de contribui\u00e7\u00e3o completo (relativamente ao \u2018m\u00eas cheio\u2019) foi superior (R$ 2.210,00) ao limite constante da Portaria Interministerial MPS\/MF n.\u00ba 8 de 13\/1\/2017 (R$ 1.292,43).<\/p>\n<p>No entanto, o Juiz Federal Herbert de Bruyn Jr., relator do processo na Sexta Turma Recursal, afirmou que os requisitos para a concess\u00e3o do benef\u00edcio estavam presentes. Quanto \u00e0 quest\u00e3o da renda, o magistrado explicou que, em 2\/2\/2018, houve novo entendimento do Superior Tribunal de Justi\u00e7a (STJ) &#8211; Tema 896 (Recurso Especial 1.485.417\/MS), que firmou tese de que o crit\u00e9rio de aferi\u00e7\u00e3o da renda do segurado, que n\u00e3o exercia atividade laboral remunerada no momento do recolhimento \u00e0 pris\u00e3o, \u00e9 a aus\u00eancia de renda, e n\u00e3o o \u00faltimo sal\u00e1rio de contribui\u00e7\u00e3o.<\/p>\n<p>\u201cAssim, n\u00e3o obstante, no presente caso, o sal\u00e1rio de contribui\u00e7\u00e3o do trabalhador fosse, ao tempo do labor, superior ao limite legal, cumpre promover adequa\u00e7\u00e3o ao entendimento manifestado pelo STJ e, tomando por pressuposto a renda nula no momento da pris\u00e3o, concluir possuir a parte direito ao benef\u00edcio\u201d, ressaltou o relator.<\/p>\n<p>Por fim, ao dar provimento parcial ao recurso, a Sexta Turma Recursal levou em considera\u00e7\u00e3o, tamb\u00e9m, o entendimento do Tribunal Regional da 3.\u00aa Regi\u00e3o (TRF3) que concluiu pela necessidade de, nesses casos, considerar somente o par\u00e2metro da renda zero para se calcular o valor do benef\u00edcio, de modo que a RMI correspondente estar\u00e1 limitada ao valor de um sal\u00e1rio-m\u00ednimo.<\/p>\n<p><a href=\"http:\/\/web.trf3.jus.br\/noticias\/uploaddir\/file\/2019\/Ac%C3%B3rd%C3%A3o%20-%20aux%C3%ADlio-reclus%C3%A3o%20-%2000038484920184036303-035.pdf\">Processo 0003848-49.2018.4.03.6303<\/a><\/p>\n<\/p><\/div>\n<p><i>Com informa\u00e7\u00f5es da assessoria de imprensa do TRF3.<\/i><br \/>\n<br \/><a href=\"http:\/\/web.trf3.jus.br\/noticias\/Noticias\/Noticia\/Exibir\/381822\">Fonte<\/a><br \/>\n<br \/><\/p>\n","protected":false},"excerpt":{"rendered":"<p>Ac\u00f3rd\u00e3o reformou decis\u00e3o e limitou recebimento a um sal\u00e1rio m\u00ednimo A Sexta Turma Recursal dos Juizados Especiais Federais da Se\u00e7\u00e3o Judici\u00e1ria de S\u00e3o Paulo, por unanimidade, reformou senten\u00e7a do Juizado Especial (JEF) de Campinas\/SP e condenou o Instituto Nacional de Seguro Social (INSS) a instituir o benef\u00edcio de aux\u00edlio-reclus\u00e3o \u00e0 filha de um homem que [&hellip;]<\/p>\n","protected":false},"author":3063,"featured_media":2153,"comment_status":"open","ping_status":"open","sticky":false,"template":"","format":"standard","meta":{"footnotes":""},"categories":[5,110],"tags":[11,10,8,13,9,12,152],"class_list":{"0":"post-4372","1":"post","2":"type-post","3":"status-publish","4":"format-standard","5":"has-post-thumbnail","7":"category-previdenciario","8":"category-trf3","9":"tag-aposentadoria","10":"tag-calculos-previdenciarios","11":"tag-direito-previdenciario","12":"tag-inss","13":"tag-pericia","14":"tag-perito","15":"tag-trf3"},"yoast_head":"<!-- This site is optimized with the Yoast SEO plugin v27.2 - https:\/\/yoast.com\/product\/yoast-seo-wordpress\/ -->\n<title>TRF3: SEXTA TURMA RECURSAL DOS JUIZADOS ESPECIAIS FEDERAIS CONCEDE AUX\u00cdLIO-RECLUS\u00c3O A FILHA DE R\u00c9U PRESO EM 2017\/2018 | Portal de Not\u00edcias<\/title>\n<meta name=\"robots\" content=\"index, follow, max-snippet:-1, max-image-preview:large, max-video-preview:-1\" \/>\n<link rel=\"canonical\" href=\"https:\/\/mhcalculos.com.br\/noticias\/area\/previdenciario\/trf3-sexta-turma-recursal-dos-juizados-especiais-federais-concede-auxilio-reclusao-a-filha-de-reu-preso-em-2017-2018.html\" \/>\n<meta property=\"og:locale\" content=\"pt_BR\" \/>\n<meta property=\"og:type\" content=\"article\" \/>\n<meta property=\"og:title\" content=\"TRF3: SEXTA TURMA RECURSAL DOS JUIZADOS ESPECIAIS FEDERAIS CONCEDE AUX\u00cdLIO-RECLUS\u00c3O A FILHA DE R\u00c9U PRESO EM 2017\/2018 | Portal de Not\u00edcias\" \/>\n<meta property=\"og:description\" content=\"Ac\u00f3rd\u00e3o reformou decis\u00e3o e limitou recebimento a um sal\u00e1rio m\u00ednimo A Sexta Turma Recursal dos Juizados Especiais Federais da Se\u00e7\u00e3o Judici\u00e1ria de S\u00e3o Paulo, por unanimidade, reformou senten\u00e7a do Juizado Especial (JEF) de Campinas\/SP e condenou o Instituto Nacional de Seguro Social (INSS) a instituir o benef\u00edcio de aux\u00edlio-reclus\u00e3o \u00e0 filha de um homem que [&hellip;]\" \/>\n<meta property=\"og:url\" content=\"https:\/\/mhcalculos.com.br\/noticias\/area\/previdenciario\/trf3-sexta-turma-recursal-dos-juizados-especiais-federais-concede-auxilio-reclusao-a-filha-de-reu-preso-em-2017-2018.html\" \/>\n<meta property=\"og:site_name\" content=\"Portal de Not\u00edcias\" \/>\n<meta property=\"article:published_time\" content=\"2019-05-29T13:00:10+00:00\" \/>\n<meta property=\"article:modified_time\" content=\"2021-07-28T17:32:43+00:00\" \/>\n<meta property=\"og:image\" content=\"https:\/\/mhcalculos.com.br\/noticias\/wp-content\/uploads\/sites\/2\/2018\/06\/previdenciario-0031.jpg\" \/>\n\t<meta property=\"og:image:width\" content=\"2000\" \/>\n\t<meta property=\"og:image:height\" content=\"800\" \/>\n\t<meta property=\"og:image:type\" content=\"image\/jpeg\" \/>\n<meta name=\"author\" content=\"Equipe MH\" \/>\n<meta name=\"twitter:card\" content=\"summary_large_image\" \/>\n<meta name=\"twitter:label1\" content=\"Escrito por\" \/>\n\t<meta name=\"twitter:data1\" content=\"Equipe MH\" \/>\n\t<meta name=\"twitter:label2\" content=\"Est. tempo de leitura\" \/>\n\t<meta name=\"twitter:data2\" content=\"2 minutos\" \/>\n<script type=\"application\/ld+json\" class=\"yoast-schema-graph\">{\"@context\":\"https:\/\/schema.org\",\"@graph\":[{\"@type\":\"Article\",\"@id\":\"https:\/\/mhcalculos.com.br\/noticias\/area\/previdenciario\/trf3-sexta-turma-recursal-dos-juizados-especiais-federais-concede-auxilio-reclusao-a-filha-de-reu-preso-em-2017-2018.html#article\",\"isPartOf\":{\"@id\":\"https:\/\/mhcalculos.com.br\/noticias\/area\/previdenciario\/trf3-sexta-turma-recursal-dos-juizados-especiais-federais-concede-auxilio-reclusao-a-filha-de-reu-preso-em-2017-2018.html\"},\"author\":{\"name\":\"Equipe MH\",\"@id\":\"https:\/\/mhcalculos.com.br\/noticias\/#\/schema\/person\/88d1c34bf72dc779ea14a5a6b8e0ae8d\"},\"headline\":\"TRF3: SEXTA TURMA RECURSAL DOS JUIZADOS ESPECIAIS FEDERAIS CONCEDE AUX\u00cdLIO-RECLUS\u00c3O A FILHA DE R\u00c9U PRESO EM 2017\/2018\",\"datePublished\":\"2019-05-29T13:00:10+00:00\",\"dateModified\":\"2021-07-28T17:32:43+00:00\",\"mainEntityOfPage\":{\"@id\":\"https:\/\/mhcalculos.com.br\/noticias\/area\/previdenciario\/trf3-sexta-turma-recursal-dos-juizados-especiais-federais-concede-auxilio-reclusao-a-filha-de-reu-preso-em-2017-2018.html\"},\"wordCount\":432,\"commentCount\":0,\"image\":{\"@id\":\"https:\/\/mhcalculos.com.br\/noticias\/area\/previdenciario\/trf3-sexta-turma-recursal-dos-juizados-especiais-federais-concede-auxilio-reclusao-a-filha-de-reu-preso-em-2017-2018.html#primaryimage\"},\"thumbnailUrl\":\"https:\/\/mhcalculos.com.br\/noticias\/wp-content\/uploads\/sites\/2\/2018\/06\/previdenciario-0031.jpg\",\"keywords\":[\"aposentadoria\",\"c\u00e1lculos previdenci\u00e1rios\",\"direito previdenci\u00e1rio\",\"inss\",\"per\u00edcia\",\"perito\",\"trf3\"],\"articleSection\":[\"Direito Previdenci\u00e1rio\",\"TRF3\"],\"inLanguage\":\"pt-BR\",\"potentialAction\":[{\"@type\":\"CommentAction\",\"name\":\"Comment\",\"target\":[\"https:\/\/mhcalculos.com.br\/noticias\/area\/previdenciario\/trf3-sexta-turma-recursal-dos-juizados-especiais-federais-concede-auxilio-reclusao-a-filha-de-reu-preso-em-2017-2018.html#respond\"]}]},{\"@type\":\"WebPage\",\"@id\":\"https:\/\/mhcalculos.com.br\/noticias\/area\/previdenciario\/trf3-sexta-turma-recursal-dos-juizados-especiais-federais-concede-auxilio-reclusao-a-filha-de-reu-preso-em-2017-2018.html\",\"url\":\"https:\/\/mhcalculos.com.br\/noticias\/area\/previdenciario\/trf3-sexta-turma-recursal-dos-juizados-especiais-federais-concede-auxilio-reclusao-a-filha-de-reu-preso-em-2017-2018.html\",\"name\":\"TRF3: SEXTA TURMA RECURSAL DOS JUIZADOS ESPECIAIS FEDERAIS CONCEDE AUX\u00cdLIO-RECLUS\u00c3O A FILHA DE R\u00c9U PRESO EM 2017\/2018 | Portal de Not\u00edcias\",\"isPartOf\":{\"@id\":\"https:\/\/mhcalculos.com.br\/noticias\/#website\"},\"primaryImageOfPage\":{\"@id\":\"https:\/\/mhcalculos.com.br\/noticias\/area\/previdenciario\/trf3-sexta-turma-recursal-dos-juizados-especiais-federais-concede-auxilio-reclusao-a-filha-de-reu-preso-em-2017-2018.html#primaryimage\"},\"image\":{\"@id\":\"https:\/\/mhcalculos.com.br\/noticias\/area\/previdenciario\/trf3-sexta-turma-recursal-dos-juizados-especiais-federais-concede-auxilio-reclusao-a-filha-de-reu-preso-em-2017-2018.html#primaryimage\"},\"thumbnailUrl\":\"https:\/\/mhcalculos.com.br\/noticias\/wp-content\/uploads\/sites\/2\/2018\/06\/previdenciario-0031.jpg\",\"datePublished\":\"2019-05-29T13:00:10+00:00\",\"dateModified\":\"2021-07-28T17:32:43+00:00\",\"author\":{\"@id\":\"https:\/\/mhcalculos.com.br\/noticias\/#\/schema\/person\/88d1c34bf72dc779ea14a5a6b8e0ae8d\"},\"breadcrumb\":{\"@id\":\"https:\/\/mhcalculos.com.br\/noticias\/area\/previdenciario\/trf3-sexta-turma-recursal-dos-juizados-especiais-federais-concede-auxilio-reclusao-a-filha-de-reu-preso-em-2017-2018.html#breadcrumb\"},\"inLanguage\":\"pt-BR\",\"potentialAction\":[{\"@type\":\"ReadAction\",\"target\":[\"https:\/\/mhcalculos.com.br\/noticias\/area\/previdenciario\/trf3-sexta-turma-recursal-dos-juizados-especiais-federais-concede-auxilio-reclusao-a-filha-de-reu-preso-em-2017-2018.html\"]}]},{\"@type\":\"ImageObject\",\"inLanguage\":\"pt-BR\",\"@id\":\"https:\/\/mhcalculos.com.br\/noticias\/area\/previdenciario\/trf3-sexta-turma-recursal-dos-juizados-especiais-federais-concede-auxilio-reclusao-a-filha-de-reu-preso-em-2017-2018.html#primaryimage\",\"url\":\"https:\/\/mhcalculos.com.br\/noticias\/wp-content\/uploads\/sites\/2\/2018\/06\/previdenciario-0031.jpg\",\"contentUrl\":\"https:\/\/mhcalculos.com.br\/noticias\/wp-content\/uploads\/sites\/2\/2018\/06\/previdenciario-0031.jpg\",\"width\":2000,\"height\":800},{\"@type\":\"BreadcrumbList\",\"@id\":\"https:\/\/mhcalculos.com.br\/noticias\/area\/previdenciario\/trf3-sexta-turma-recursal-dos-juizados-especiais-federais-concede-auxilio-reclusao-a-filha-de-reu-preso-em-2017-2018.html#breadcrumb\",\"itemListElement\":[{\"@type\":\"ListItem\",\"position\":1,\"name\":\"In\u00edcio\",\"item\":\"https:\/\/mhcalculos.com.br\/noticias\/\"},{\"@type\":\"ListItem\",\"position\":2,\"name\":\"TRF3: SEXTA TURMA RECURSAL DOS JUIZADOS ESPECIAIS FEDERAIS CONCEDE AUX\u00cdLIO-RECLUS\u00c3O A FILHA DE R\u00c9U PRESO EM 2017\/2018\"}]},{\"@type\":\"WebSite\",\"@id\":\"https:\/\/mhcalculos.com.br\/noticias\/#website\",\"url\":\"https:\/\/mhcalculos.com.br\/noticias\/\",\"name\":\"Portal de Not\u00edcias\",\"description\":\"Not\u00edcias e Jurisprud\u00eancia\",\"potentialAction\":[{\"@type\":\"SearchAction\",\"target\":{\"@type\":\"EntryPoint\",\"urlTemplate\":\"https:\/\/mhcalculos.com.br\/noticias\/?s={search_term_string}\"},\"query-input\":{\"@type\":\"PropertyValueSpecification\",\"valueRequired\":true,\"valueName\":\"search_term_string\"}}],\"inLanguage\":\"pt-BR\"},{\"@type\":\"Person\",\"@id\":\"https:\/\/mhcalculos.com.br\/noticias\/#\/schema\/person\/88d1c34bf72dc779ea14a5a6b8e0ae8d\",\"name\":\"Equipe MH\",\"image\":{\"@type\":\"ImageObject\",\"inLanguage\":\"pt-BR\",\"@id\":\"https:\/\/secure.gravatar.com\/avatar\/de1c686c2ecc9c5a3f327e3431d819eb39f8f05d4e1045f5a1caad6daaba987f?s=96&d=mm&r=g\",\"url\":\"https:\/\/secure.gravatar.com\/avatar\/de1c686c2ecc9c5a3f327e3431d819eb39f8f05d4e1045f5a1caad6daaba987f?s=96&d=mm&r=g\",\"contentUrl\":\"https:\/\/secure.gravatar.com\/avatar\/de1c686c2ecc9c5a3f327e3431d819eb39f8f05d4e1045f5a1caad6daaba987f?s=96&d=mm&r=g\",\"caption\":\"Equipe MH\"}}]}<\/script>\n<!-- \/ Yoast SEO plugin. -->","yoast_head_json":{"title":"TRF3: SEXTA TURMA RECURSAL DOS JUIZADOS ESPECIAIS FEDERAIS CONCEDE AUX\u00cdLIO-RECLUS\u00c3O A FILHA DE R\u00c9U PRESO EM 2017\/2018 | Portal de Not\u00edcias","robots":{"index":"index","follow":"follow","max-snippet":"max-snippet:-1","max-image-preview":"max-image-preview:large","max-video-preview":"max-video-preview:-1"},"canonical":"https:\/\/mhcalculos.com.br\/noticias\/area\/previdenciario\/trf3-sexta-turma-recursal-dos-juizados-especiais-federais-concede-auxilio-reclusao-a-filha-de-reu-preso-em-2017-2018.html","og_locale":"pt_BR","og_type":"article","og_title":"TRF3: SEXTA TURMA RECURSAL DOS JUIZADOS ESPECIAIS FEDERAIS CONCEDE AUX\u00cdLIO-RECLUS\u00c3O A FILHA DE R\u00c9U PRESO EM 2017\/2018 | Portal de Not\u00edcias","og_description":"Ac\u00f3rd\u00e3o reformou decis\u00e3o e limitou recebimento a um sal\u00e1rio m\u00ednimo A Sexta Turma Recursal dos Juizados Especiais Federais da Se\u00e7\u00e3o Judici\u00e1ria de S\u00e3o Paulo, por unanimidade, reformou senten\u00e7a do Juizado Especial (JEF) de Campinas\/SP e condenou o Instituto Nacional de Seguro Social (INSS) a instituir o benef\u00edcio de aux\u00edlio-reclus\u00e3o \u00e0 filha de um homem que [&hellip;]","og_url":"https:\/\/mhcalculos.com.br\/noticias\/area\/previdenciario\/trf3-sexta-turma-recursal-dos-juizados-especiais-federais-concede-auxilio-reclusao-a-filha-de-reu-preso-em-2017-2018.html","og_site_name":"Portal de Not\u00edcias","article_published_time":"2019-05-29T13:00:10+00:00","article_modified_time":"2021-07-28T17:32:43+00:00","og_image":[{"width":2000,"height":800,"url":"https:\/\/mhcalculos.com.br\/noticias\/wp-content\/uploads\/sites\/2\/2018\/06\/previdenciario-0031.jpg","type":"image\/jpeg"}],"author":"Equipe MH","twitter_card":"summary_large_image","twitter_misc":{"Escrito por":"Equipe MH","Est. tempo de leitura":"2 minutos"},"schema":{"@context":"https:\/\/schema.org","@graph":[{"@type":"Article","@id":"https:\/\/mhcalculos.com.br\/noticias\/area\/previdenciario\/trf3-sexta-turma-recursal-dos-juizados-especiais-federais-concede-auxilio-reclusao-a-filha-de-reu-preso-em-2017-2018.html#article","isPartOf":{"@id":"https:\/\/mhcalculos.com.br\/noticias\/area\/previdenciario\/trf3-sexta-turma-recursal-dos-juizados-especiais-federais-concede-auxilio-reclusao-a-filha-de-reu-preso-em-2017-2018.html"},"author":{"name":"Equipe MH","@id":"https:\/\/mhcalculos.com.br\/noticias\/#\/schema\/person\/88d1c34bf72dc779ea14a5a6b8e0ae8d"},"headline":"TRF3: SEXTA TURMA RECURSAL DOS JUIZADOS ESPECIAIS FEDERAIS CONCEDE AUX\u00cdLIO-RECLUS\u00c3O A FILHA DE R\u00c9U PRESO EM 2017\/2018","datePublished":"2019-05-29T13:00:10+00:00","dateModified":"2021-07-28T17:32:43+00:00","mainEntityOfPage":{"@id":"https:\/\/mhcalculos.com.br\/noticias\/area\/previdenciario\/trf3-sexta-turma-recursal-dos-juizados-especiais-federais-concede-auxilio-reclusao-a-filha-de-reu-preso-em-2017-2018.html"},"wordCount":432,"commentCount":0,"image":{"@id":"https:\/\/mhcalculos.com.br\/noticias\/area\/previdenciario\/trf3-sexta-turma-recursal-dos-juizados-especiais-federais-concede-auxilio-reclusao-a-filha-de-reu-preso-em-2017-2018.html#primaryimage"},"thumbnailUrl":"https:\/\/mhcalculos.com.br\/noticias\/wp-content\/uploads\/sites\/2\/2018\/06\/previdenciario-0031.jpg","keywords":["aposentadoria","c\u00e1lculos previdenci\u00e1rios","direito previdenci\u00e1rio","inss","per\u00edcia","perito","trf3"],"articleSection":["Direito Previdenci\u00e1rio","TRF3"],"inLanguage":"pt-BR","potentialAction":[{"@type":"CommentAction","name":"Comment","target":["https:\/\/mhcalculos.com.br\/noticias\/area\/previdenciario\/trf3-sexta-turma-recursal-dos-juizados-especiais-federais-concede-auxilio-reclusao-a-filha-de-reu-preso-em-2017-2018.html#respond"]}]},{"@type":"WebPage","@id":"https:\/\/mhcalculos.com.br\/noticias\/area\/previdenciario\/trf3-sexta-turma-recursal-dos-juizados-especiais-federais-concede-auxilio-reclusao-a-filha-de-reu-preso-em-2017-2018.html","url":"https:\/\/mhcalculos.com.br\/noticias\/area\/previdenciario\/trf3-sexta-turma-recursal-dos-juizados-especiais-federais-concede-auxilio-reclusao-a-filha-de-reu-preso-em-2017-2018.html","name":"TRF3: SEXTA TURMA RECURSAL DOS JUIZADOS ESPECIAIS FEDERAIS CONCEDE AUX\u00cdLIO-RECLUS\u00c3O A FILHA DE R\u00c9U PRESO EM 2017\/2018 | Portal de Not\u00edcias","isPartOf":{"@id":"https:\/\/mhcalculos.com.br\/noticias\/#website"},"primaryImageOfPage":{"@id":"https:\/\/mhcalculos.com.br\/noticias\/area\/previdenciario\/trf3-sexta-turma-recursal-dos-juizados-especiais-federais-concede-auxilio-reclusao-a-filha-de-reu-preso-em-2017-2018.html#primaryimage"},"image":{"@id":"https:\/\/mhcalculos.com.br\/noticias\/area\/previdenciario\/trf3-sexta-turma-recursal-dos-juizados-especiais-federais-concede-auxilio-reclusao-a-filha-de-reu-preso-em-2017-2018.html#primaryimage"},"thumbnailUrl":"https:\/\/mhcalculos.com.br\/noticias\/wp-content\/uploads\/sites\/2\/2018\/06\/previdenciario-0031.jpg","datePublished":"2019-05-29T13:00:10+00:00","dateModified":"2021-07-28T17:32:43+00:00","author":{"@id":"https:\/\/mhcalculos.com.br\/noticias\/#\/schema\/person\/88d1c34bf72dc779ea14a5a6b8e0ae8d"},"breadcrumb":{"@id":"https:\/\/mhcalculos.com.br\/noticias\/area\/previdenciario\/trf3-sexta-turma-recursal-dos-juizados-especiais-federais-concede-auxilio-reclusao-a-filha-de-reu-preso-em-2017-2018.html#breadcrumb"},"inLanguage":"pt-BR","potentialAction":[{"@type":"ReadAction","target":["https:\/\/mhcalculos.com.br\/noticias\/area\/previdenciario\/trf3-sexta-turma-recursal-dos-juizados-especiais-federais-concede-auxilio-reclusao-a-filha-de-reu-preso-em-2017-2018.html"]}]},{"@type":"ImageObject","inLanguage":"pt-BR","@id":"https:\/\/mhcalculos.com.br\/noticias\/area\/previdenciario\/trf3-sexta-turma-recursal-dos-juizados-especiais-federais-concede-auxilio-reclusao-a-filha-de-reu-preso-em-2017-2018.html#primaryimage","url":"https:\/\/mhcalculos.com.br\/noticias\/wp-content\/uploads\/sites\/2\/2018\/06\/previdenciario-0031.jpg","contentUrl":"https:\/\/mhcalculos.com.br\/noticias\/wp-content\/uploads\/sites\/2\/2018\/06\/previdenciario-0031.jpg","width":2000,"height":800},{"@type":"BreadcrumbList","@id":"https:\/\/mhcalculos.com.br\/noticias\/area\/previdenciario\/trf3-sexta-turma-recursal-dos-juizados-especiais-federais-concede-auxilio-reclusao-a-filha-de-reu-preso-em-2017-2018.html#breadcrumb","itemListElement":[{"@type":"ListItem","position":1,"name":"In\u00edcio","item":"https:\/\/mhcalculos.com.br\/noticias\/"},{"@type":"ListItem","position":2,"name":"TRF3: SEXTA TURMA RECURSAL DOS JUIZADOS ESPECIAIS FEDERAIS CONCEDE AUX\u00cdLIO-RECLUS\u00c3O A FILHA DE R\u00c9U PRESO EM 2017\/2018"}]},{"@type":"WebSite","@id":"https:\/\/mhcalculos.com.br\/noticias\/#website","url":"https:\/\/mhcalculos.com.br\/noticias\/","name":"Portal de Not\u00edcias","description":"Not\u00edcias e Jurisprud\u00eancia","potentialAction":[{"@type":"SearchAction","target":{"@type":"EntryPoint","urlTemplate":"https:\/\/mhcalculos.com.br\/noticias\/?s={search_term_string}"},"query-input":{"@type":"PropertyValueSpecification","valueRequired":true,"valueName":"search_term_string"}}],"inLanguage":"pt-BR"},{"@type":"Person","@id":"https:\/\/mhcalculos.com.br\/noticias\/#\/schema\/person\/88d1c34bf72dc779ea14a5a6b8e0ae8d","name":"Equipe MH","image":{"@type":"ImageObject","inLanguage":"pt-BR","@id":"https:\/\/secure.gravatar.com\/avatar\/de1c686c2ecc9c5a3f327e3431d819eb39f8f05d4e1045f5a1caad6daaba987f?s=96&d=mm&r=g","url":"https:\/\/secure.gravatar.com\/avatar\/de1c686c2ecc9c5a3f327e3431d819eb39f8f05d4e1045f5a1caad6daaba987f?s=96&d=mm&r=g","contentUrl":"https:\/\/secure.gravatar.com\/avatar\/de1c686c2ecc9c5a3f327e3431d819eb39f8f05d4e1045f5a1caad6daaba987f?s=96&d=mm&r=g","caption":"Equipe MH"}}]}},"_links":{"self":[{"href":"https:\/\/mhcalculos.com.br\/noticias\/wp-json\/wp\/v2\/posts\/4372","targetHints":{"allow":["GET"]}}],"collection":[{"href":"https:\/\/mhcalculos.com.br\/noticias\/wp-json\/wp\/v2\/posts"}],"about":[{"href":"https:\/\/mhcalculos.com.br\/noticias\/wp-json\/wp\/v2\/types\/post"}],"author":[{"embeddable":true,"href":"https:\/\/mhcalculos.com.br\/noticias\/wp-json\/wp\/v2\/users\/3063"}],"replies":[{"embeddable":true,"href":"https:\/\/mhcalculos.com.br\/noticias\/wp-json\/wp\/v2\/comments?post=4372"}],"version-history":[{"count":1,"href":"https:\/\/mhcalculos.com.br\/noticias\/wp-json\/wp\/v2\/posts\/4372\/revisions"}],"predecessor-version":[{"id":9833,"href":"https:\/\/mhcalculos.com.br\/noticias\/wp-json\/wp\/v2\/posts\/4372\/revisions\/9833"}],"wp:featuredmedia":[{"embeddable":true,"href":"https:\/\/mhcalculos.com.br\/noticias\/wp-json\/wp\/v2\/media\/2153"}],"wp:attachment":[{"href":"https:\/\/mhcalculos.com.br\/noticias\/wp-json\/wp\/v2\/media?parent=4372"}],"wp:term":[{"taxonomy":"category","embeddable":true,"href":"https:\/\/mhcalculos.com.br\/noticias\/wp-json\/wp\/v2\/categories?post=4372"},{"taxonomy":"post_tag","embeddable":true,"href":"https:\/\/mhcalculos.com.br\/noticias\/wp-json\/wp\/v2\/tags?post=4372"}],"curies":[{"name":"wp","href":"https:\/\/api.w.org\/{rel}","templated":true}]}}