{"id":4356,"date":"2019-05-28T12:00:23","date_gmt":"2019-05-28T15:00:23","guid":{"rendered":"https:\/\/mhcalculos.com.br\/noticias\/2019\/05\/28\/stf-cassada-decisao-que-declarou-inexigibilidade-da-cobranca-da-art-de-obras\/"},"modified":"2021-07-28T14:32:44","modified_gmt":"2021-07-28T17:32:44","slug":"stf-cassada-decisao-que-declarou-inexigibilidade-da-cobranca-da-art-de-obras","status":"publish","type":"post","link":"https:\/\/mhcalculos.com.br\/noticias\/area\/tributario\/stf-cassada-decisao-que-declarou-inexigibilidade-da-cobranca-da-art-de-obras.html","title":{"rendered":"STF: Cassada decis\u00e3o que declarou inexigibilidade da cobran\u00e7a da ART de obras"},"content":{"rendered":"\n<p>O ministro Gilmar Mendes, do Supremo Tribunal Federal (STF), julgou procedente a Reclama\u00e7\u00e3o (RCL) 26750 e cassou decis\u00e3o da Justi\u00e7a Federal de Santa Catarina que havia declarado a inexigibilidade da cobran\u00e7a da taxa de Anota\u00e7\u00e3o de Responsabilidade T\u00e9cnica (ART) incidente sobre servi\u00e7os de engenharia, arquitetura e agronomia e condenado o Conselho Regional de Engenharia e Agronomia do estado \u00e0 restitui\u00e7\u00e3o da quantia paga.<\/p>\n<p>O relator determinou que a Terceira Turma Recursal do Juizado Especial Federal de Santa Catarina proceda a novo julgamento da causa. Segundo ele, a decis\u00e3o contrariou a tese fixada pelo STF no julgamento do Recurso Extraordin\u00e1rio (RE) 838284, com repercuss\u00e3o geral reconhecida. Na ocasi\u00e3o, o Plen\u00e1rio assentou que a Lei 6.994\/1982, que estabeleceu a ART, n\u00e3o violou o princ\u00edpio da legalidade tribut\u00e1ria ao prescrever teto para a cobran\u00e7a do tributo, possibilitando sua fixa\u00e7\u00e3o pelos conselhos profissionais da \u00e1rea de arquitetura, engenharia e agronomia.<\/p>\n<p>Segundo o ministro Gilmar Mendes, o Plen\u00e1rio entendeu que a lei, ao prescrever o teto, possibilita ao ato normativo infralegal fixar o valor da taxa em propor\u00e7\u00e3o razo\u00e1vel em rela\u00e7\u00e3o aos custos da atua\u00e7\u00e3o estatal. Esse valor n\u00e3o pode ser atualizado por ato do pr\u00f3prio conselho de fiscaliza\u00e7\u00e3o em percentual superior aos \u00edndices de corre\u00e7\u00e3o monet\u00e1ria legalmente previstos.<\/p>\n<p>O relator apontou ainda que o Supremo, ao julgar a A\u00e7\u00e3o Direta de Inconstitucionalidade (ADI) 4697, decidiu pela constitucionalidade da Lei 12.514\/2011, que trata das contribui\u00e7\u00f5es devidas aos conselhos profissionais, em raz\u00e3o da exist\u00eancia de teto legal limitador da atua\u00e7\u00e3o dos conselhos de fiscaliza\u00e7\u00e3o de profiss\u00f5es na fixa\u00e7\u00e3o de valor do tributo.<\/p>\n<p><span style=\"font-size: smaller;\">RP\/CR<\/span><\/p>\n<p>Leia mais:<\/p>\n<p>19\/10\/2016 &#8211; <a href=\"http:\/\/portal.stf.jus.br\/noticias\/verNoticiaDetalhe.asp?idConteudo=327704\">STF fixa tese de repercuss\u00e3o geral sobre cobran\u00e7a de taxa para expedi\u00e7\u00e3o de ART de obras<\/a><\/p>\n<p><i>Com informa\u00e7\u00f5es da assessoria de imprensa do STF.<\/i><\/p>\n<p><a href=\"http:\/\/www.stf.jus.br\/portal\/cms\/verNoticiaDetalhe.asp?idConteudo=412240\">Fonte<\/a><\/p>\n\n","protected":false},"excerpt":{"rendered":"<p>O ministro Gilmar Mendes, do Supremo Tribunal Federal (STF), julgou procedente a Reclama\u00e7\u00e3o (RCL) 26750 e cassou decis\u00e3o da Justi\u00e7a Federal de Santa Catarina que havia declarado a inexigibilidade da cobran\u00e7a da taxa de Anota\u00e7\u00e3o de Responsabilidade T\u00e9cnica (ART) incidente sobre servi\u00e7os de engenharia, arquitetura e agronomia e condenado o Conselho Regional de Engenharia e [&hellip;]<\/p>\n","protected":false},"author":3063,"featured_media":1585,"comment_status":"open","ping_status":"open","sticky":false,"template":"","format":"standard","meta":{"footnotes":""},"categories":[18,15],"tags":[32,31,42,30,29,213,9,12,16],"class_list":{"0":"post-4356","1":"post","2":"type-post","3":"status-publish","4":"format-standard","5":"has-post-thumbnail","7":"category-tributario","8":"category-stf","9":"tag-calculos-judiciais","10":"tag-calculos-tributarios","11":"tag-direito-tributario","12":"tag-divida-ativa","13":"tag-fazenda-publica","14":"tag-imposto","15":"tag-pericia","16":"tag-perito","17":"tag-stf"},"yoast_head":"<!-- This site is optimized with the Yoast SEO plugin v27.2 - https:\/\/yoast.com\/product\/yoast-seo-wordpress\/ -->\n<title>STF: Cassada decis\u00e3o que declarou inexigibilidade da cobran\u00e7a da ART de obras | Portal de Not\u00edcias<\/title>\n<meta name=\"robots\" content=\"index, follow, max-snippet:-1, max-image-preview:large, max-video-preview:-1\" \/>\n<link rel=\"canonical\" href=\"http:\/\/www.stf.jus.br\/portal\/cms\/verNoticiaDetalhe.asp?idConteudo=412240\" \/>\n<meta property=\"og:locale\" content=\"pt_BR\" \/>\n<meta property=\"og:type\" content=\"article\" \/>\n<meta property=\"og:title\" content=\"STF: Cassada decis\u00e3o que declarou inexigibilidade da cobran\u00e7a da ART de obras | Portal de Not\u00edcias\" \/>\n<meta property=\"og:description\" content=\"O ministro Gilmar Mendes, do Supremo Tribunal Federal (STF), julgou procedente a Reclama\u00e7\u00e3o (RCL) 26750 e cassou decis\u00e3o da Justi\u00e7a Federal de Santa Catarina que havia declarado a inexigibilidade da cobran\u00e7a da taxa de Anota\u00e7\u00e3o de Responsabilidade T\u00e9cnica (ART) incidente sobre servi\u00e7os de engenharia, arquitetura e agronomia e condenado o Conselho Regional de Engenharia e [&hellip;]\" \/>\n<meta property=\"og:url\" content=\"http:\/\/www.stf.jus.br\/portal\/cms\/verNoticiaDetalhe.asp?idConteudo=412240\" \/>\n<meta property=\"og:site_name\" content=\"Portal de Not\u00edcias\" \/>\n<meta property=\"article:published_time\" content=\"2019-05-28T15:00:23+00:00\" \/>\n<meta property=\"article:modified_time\" content=\"2021-07-28T17:32:44+00:00\" \/>\n<meta property=\"og:image\" content=\"https:\/\/mhcalculos.com.br\/noticias\/wp-content\/uploads\/sites\/2\/2018\/06\/tributario-0004.jpg\" \/>\n\t<meta property=\"og:image:width\" content=\"2000\" \/>\n\t<meta property=\"og:image:height\" content=\"800\" \/>\n\t<meta property=\"og:image:type\" content=\"image\/jpeg\" \/>\n<meta name=\"author\" content=\"Equipe MH\" \/>\n<meta name=\"twitter:card\" content=\"summary_large_image\" \/>\n<meta name=\"twitter:label1\" content=\"Escrito por\" \/>\n\t<meta name=\"twitter:data1\" content=\"Equipe MH\" \/>\n\t<meta name=\"twitter:label2\" content=\"Est. tempo de leitura\" \/>\n\t<meta name=\"twitter:data2\" content=\"2 minutos\" \/>\n<script type=\"application\/ld+json\" class=\"yoast-schema-graph\">{\"@context\":\"https:\/\/schema.org\",\"@graph\":[{\"@type\":\"Article\",\"@id\":\"http:\/\/www.stf.jus.br\/portal\/cms\/verNoticiaDetalhe.asp?idConteudo=412240#article\",\"isPartOf\":{\"@id\":\"https:\/\/mhcalculos.com.br\/noticias\/area\/tributario\/stf-cassada-decisao-que-declarou-inexigibilidade-da-cobranca-da-art-de-obras.html\"},\"author\":{\"name\":\"Equipe MH\",\"@id\":\"https:\/\/mhcalculos.com.br\/noticias\/#\/schema\/person\/88d1c34bf72dc779ea14a5a6b8e0ae8d\"},\"headline\":\"STF: Cassada decis\u00e3o que declarou inexigibilidade da cobran\u00e7a da ART de obras\",\"datePublished\":\"2019-05-28T15:00:23+00:00\",\"dateModified\":\"2021-07-28T17:32:44+00:00\",\"mainEntityOfPage\":{\"@id\":\"https:\/\/mhcalculos.com.br\/noticias\/area\/tributario\/stf-cassada-decisao-que-declarou-inexigibilidade-da-cobranca-da-art-de-obras.html\"},\"wordCount\":336,\"commentCount\":0,\"image\":{\"@id\":\"http:\/\/www.stf.jus.br\/portal\/cms\/verNoticiaDetalhe.asp?idConteudo=412240#primaryimage\"},\"thumbnailUrl\":\"https:\/\/mhcalculos.com.br\/noticias\/wp-content\/uploads\/sites\/2\/2018\/06\/tributario-0004.jpg\",\"keywords\":[\"c\u00e1lculos judiciais\",\"c\u00e1lculos tribut\u00e1rios\",\"direito tribut\u00e1rio\",\"d\u00edvida ativa\",\"fazenda p\u00fablica\",\"Imposto\",\"per\u00edcia\",\"perito\",\"stf\"],\"articleSection\":[\"Direito Tribut\u00e1rio\",\"STF\"],\"inLanguage\":\"pt-BR\",\"potentialAction\":[{\"@type\":\"CommentAction\",\"name\":\"Comment\",\"target\":[\"http:\/\/www.stf.jus.br\/portal\/cms\/verNoticiaDetalhe.asp?idConteudo=412240#respond\"]}]},{\"@type\":\"WebPage\",\"@id\":\"https:\/\/mhcalculos.com.br\/noticias\/area\/tributario\/stf-cassada-decisao-que-declarou-inexigibilidade-da-cobranca-da-art-de-obras.html\",\"url\":\"http:\/\/www.stf.jus.br\/portal\/cms\/verNoticiaDetalhe.asp?idConteudo=412240\",\"name\":\"STF: Cassada decis\u00e3o que declarou inexigibilidade da cobran\u00e7a da ART de obras | Portal de Not\u00edcias\",\"isPartOf\":{\"@id\":\"https:\/\/mhcalculos.com.br\/noticias\/#website\"},\"primaryImageOfPage\":{\"@id\":\"http:\/\/www.stf.jus.br\/portal\/cms\/verNoticiaDetalhe.asp?idConteudo=412240#primaryimage\"},\"image\":{\"@id\":\"http:\/\/www.stf.jus.br\/portal\/cms\/verNoticiaDetalhe.asp?idConteudo=412240#primaryimage\"},\"thumbnailUrl\":\"https:\/\/mhcalculos.com.br\/noticias\/wp-content\/uploads\/sites\/2\/2018\/06\/tributario-0004.jpg\",\"datePublished\":\"2019-05-28T15:00:23+00:00\",\"dateModified\":\"2021-07-28T17:32:44+00:00\",\"author\":{\"@id\":\"https:\/\/mhcalculos.com.br\/noticias\/#\/schema\/person\/88d1c34bf72dc779ea14a5a6b8e0ae8d\"},\"breadcrumb\":{\"@id\":\"http:\/\/www.stf.jus.br\/portal\/cms\/verNoticiaDetalhe.asp?idConteudo=412240#breadcrumb\"},\"inLanguage\":\"pt-BR\",\"potentialAction\":[{\"@type\":\"ReadAction\",\"target\":[\"http:\/\/www.stf.jus.br\/portal\/cms\/verNoticiaDetalhe.asp?idConteudo=412240\"]}]},{\"@type\":\"ImageObject\",\"inLanguage\":\"pt-BR\",\"@id\":\"http:\/\/www.stf.jus.br\/portal\/cms\/verNoticiaDetalhe.asp?idConteudo=412240#primaryimage\",\"url\":\"https:\/\/mhcalculos.com.br\/noticias\/wp-content\/uploads\/sites\/2\/2018\/06\/tributario-0004.jpg\",\"contentUrl\":\"https:\/\/mhcalculos.com.br\/noticias\/wp-content\/uploads\/sites\/2\/2018\/06\/tributario-0004.jpg\",\"width\":2000,\"height\":800},{\"@type\":\"BreadcrumbList\",\"@id\":\"http:\/\/www.stf.jus.br\/portal\/cms\/verNoticiaDetalhe.asp?idConteudo=412240#breadcrumb\",\"itemListElement\":[{\"@type\":\"ListItem\",\"position\":1,\"name\":\"In\u00edcio\",\"item\":\"https:\/\/mhcalculos.com.br\/noticias\/\"},{\"@type\":\"ListItem\",\"position\":2,\"name\":\"STF: Cassada decis\u00e3o que declarou inexigibilidade da cobran\u00e7a da ART de obras\"}]},{\"@type\":\"WebSite\",\"@id\":\"https:\/\/mhcalculos.com.br\/noticias\/#website\",\"url\":\"https:\/\/mhcalculos.com.br\/noticias\/\",\"name\":\"Portal de Not\u00edcias\",\"description\":\"Not\u00edcias e Jurisprud\u00eancia\",\"potentialAction\":[{\"@type\":\"SearchAction\",\"target\":{\"@type\":\"EntryPoint\",\"urlTemplate\":\"https:\/\/mhcalculos.com.br\/noticias\/?s={search_term_string}\"},\"query-input\":{\"@type\":\"PropertyValueSpecification\",\"valueRequired\":true,\"valueName\":\"search_term_string\"}}],\"inLanguage\":\"pt-BR\"},{\"@type\":\"Person\",\"@id\":\"https:\/\/mhcalculos.com.br\/noticias\/#\/schema\/person\/88d1c34bf72dc779ea14a5a6b8e0ae8d\",\"name\":\"Equipe MH\",\"image\":{\"@type\":\"ImageObject\",\"inLanguage\":\"pt-BR\",\"@id\":\"https:\/\/secure.gravatar.com\/avatar\/de1c686c2ecc9c5a3f327e3431d819eb39f8f05d4e1045f5a1caad6daaba987f?s=96&d=mm&r=g\",\"url\":\"https:\/\/secure.gravatar.com\/avatar\/de1c686c2ecc9c5a3f327e3431d819eb39f8f05d4e1045f5a1caad6daaba987f?s=96&d=mm&r=g\",\"contentUrl\":\"https:\/\/secure.gravatar.com\/avatar\/de1c686c2ecc9c5a3f327e3431d819eb39f8f05d4e1045f5a1caad6daaba987f?s=96&d=mm&r=g\",\"caption\":\"Equipe MH\"}}]}<\/script>\n<!-- \/ Yoast SEO plugin. -->","yoast_head_json":{"title":"STF: Cassada decis\u00e3o que declarou inexigibilidade da cobran\u00e7a da ART de obras | Portal de Not\u00edcias","robots":{"index":"index","follow":"follow","max-snippet":"max-snippet:-1","max-image-preview":"max-image-preview:large","max-video-preview":"max-video-preview:-1"},"canonical":"http:\/\/www.stf.jus.br\/portal\/cms\/verNoticiaDetalhe.asp?idConteudo=412240","og_locale":"pt_BR","og_type":"article","og_title":"STF: Cassada decis\u00e3o que declarou inexigibilidade da cobran\u00e7a da ART de obras | Portal de Not\u00edcias","og_description":"O ministro Gilmar Mendes, do Supremo Tribunal Federal (STF), julgou procedente a Reclama\u00e7\u00e3o (RCL) 26750 e cassou decis\u00e3o da Justi\u00e7a Federal de Santa Catarina que havia declarado a inexigibilidade da cobran\u00e7a da taxa de Anota\u00e7\u00e3o de Responsabilidade T\u00e9cnica (ART) incidente sobre servi\u00e7os de engenharia, arquitetura e agronomia e condenado o Conselho Regional de Engenharia e [&hellip;]","og_url":"http:\/\/www.stf.jus.br\/portal\/cms\/verNoticiaDetalhe.asp?idConteudo=412240","og_site_name":"Portal de Not\u00edcias","article_published_time":"2019-05-28T15:00:23+00:00","article_modified_time":"2021-07-28T17:32:44+00:00","og_image":[{"width":2000,"height":800,"url":"https:\/\/mhcalculos.com.br\/noticias\/wp-content\/uploads\/sites\/2\/2018\/06\/tributario-0004.jpg","type":"image\/jpeg"}],"author":"Equipe MH","twitter_card":"summary_large_image","twitter_misc":{"Escrito por":"Equipe MH","Est. tempo de leitura":"2 minutos"},"schema":{"@context":"https:\/\/schema.org","@graph":[{"@type":"Article","@id":"http:\/\/www.stf.jus.br\/portal\/cms\/verNoticiaDetalhe.asp?idConteudo=412240#article","isPartOf":{"@id":"https:\/\/mhcalculos.com.br\/noticias\/area\/tributario\/stf-cassada-decisao-que-declarou-inexigibilidade-da-cobranca-da-art-de-obras.html"},"author":{"name":"Equipe MH","@id":"https:\/\/mhcalculos.com.br\/noticias\/#\/schema\/person\/88d1c34bf72dc779ea14a5a6b8e0ae8d"},"headline":"STF: Cassada decis\u00e3o que declarou inexigibilidade da cobran\u00e7a da ART de obras","datePublished":"2019-05-28T15:00:23+00:00","dateModified":"2021-07-28T17:32:44+00:00","mainEntityOfPage":{"@id":"https:\/\/mhcalculos.com.br\/noticias\/area\/tributario\/stf-cassada-decisao-que-declarou-inexigibilidade-da-cobranca-da-art-de-obras.html"},"wordCount":336,"commentCount":0,"image":{"@id":"http:\/\/www.stf.jus.br\/portal\/cms\/verNoticiaDetalhe.asp?idConteudo=412240#primaryimage"},"thumbnailUrl":"https:\/\/mhcalculos.com.br\/noticias\/wp-content\/uploads\/sites\/2\/2018\/06\/tributario-0004.jpg","keywords":["c\u00e1lculos judiciais","c\u00e1lculos tribut\u00e1rios","direito tribut\u00e1rio","d\u00edvida ativa","fazenda p\u00fablica","Imposto","per\u00edcia","perito","stf"],"articleSection":["Direito Tribut\u00e1rio","STF"],"inLanguage":"pt-BR","potentialAction":[{"@type":"CommentAction","name":"Comment","target":["http:\/\/www.stf.jus.br\/portal\/cms\/verNoticiaDetalhe.asp?idConteudo=412240#respond"]}]},{"@type":"WebPage","@id":"https:\/\/mhcalculos.com.br\/noticias\/area\/tributario\/stf-cassada-decisao-que-declarou-inexigibilidade-da-cobranca-da-art-de-obras.html","url":"http:\/\/www.stf.jus.br\/portal\/cms\/verNoticiaDetalhe.asp?idConteudo=412240","name":"STF: Cassada decis\u00e3o que declarou inexigibilidade da cobran\u00e7a da ART de obras | Portal de Not\u00edcias","isPartOf":{"@id":"https:\/\/mhcalculos.com.br\/noticias\/#website"},"primaryImageOfPage":{"@id":"http:\/\/www.stf.jus.br\/portal\/cms\/verNoticiaDetalhe.asp?idConteudo=412240#primaryimage"},"image":{"@id":"http:\/\/www.stf.jus.br\/portal\/cms\/verNoticiaDetalhe.asp?idConteudo=412240#primaryimage"},"thumbnailUrl":"https:\/\/mhcalculos.com.br\/noticias\/wp-content\/uploads\/sites\/2\/2018\/06\/tributario-0004.jpg","datePublished":"2019-05-28T15:00:23+00:00","dateModified":"2021-07-28T17:32:44+00:00","author":{"@id":"https:\/\/mhcalculos.com.br\/noticias\/#\/schema\/person\/88d1c34bf72dc779ea14a5a6b8e0ae8d"},"breadcrumb":{"@id":"http:\/\/www.stf.jus.br\/portal\/cms\/verNoticiaDetalhe.asp?idConteudo=412240#breadcrumb"},"inLanguage":"pt-BR","potentialAction":[{"@type":"ReadAction","target":["http:\/\/www.stf.jus.br\/portal\/cms\/verNoticiaDetalhe.asp?idConteudo=412240"]}]},{"@type":"ImageObject","inLanguage":"pt-BR","@id":"http:\/\/www.stf.jus.br\/portal\/cms\/verNoticiaDetalhe.asp?idConteudo=412240#primaryimage","url":"https:\/\/mhcalculos.com.br\/noticias\/wp-content\/uploads\/sites\/2\/2018\/06\/tributario-0004.jpg","contentUrl":"https:\/\/mhcalculos.com.br\/noticias\/wp-content\/uploads\/sites\/2\/2018\/06\/tributario-0004.jpg","width":2000,"height":800},{"@type":"BreadcrumbList","@id":"http:\/\/www.stf.jus.br\/portal\/cms\/verNoticiaDetalhe.asp?idConteudo=412240#breadcrumb","itemListElement":[{"@type":"ListItem","position":1,"name":"In\u00edcio","item":"https:\/\/mhcalculos.com.br\/noticias\/"},{"@type":"ListItem","position":2,"name":"STF: Cassada decis\u00e3o que declarou inexigibilidade da cobran\u00e7a da ART de obras"}]},{"@type":"WebSite","@id":"https:\/\/mhcalculos.com.br\/noticias\/#website","url":"https:\/\/mhcalculos.com.br\/noticias\/","name":"Portal de Not\u00edcias","description":"Not\u00edcias e Jurisprud\u00eancia","potentialAction":[{"@type":"SearchAction","target":{"@type":"EntryPoint","urlTemplate":"https:\/\/mhcalculos.com.br\/noticias\/?s={search_term_string}"},"query-input":{"@type":"PropertyValueSpecification","valueRequired":true,"valueName":"search_term_string"}}],"inLanguage":"pt-BR"},{"@type":"Person","@id":"https:\/\/mhcalculos.com.br\/noticias\/#\/schema\/person\/88d1c34bf72dc779ea14a5a6b8e0ae8d","name":"Equipe MH","image":{"@type":"ImageObject","inLanguage":"pt-BR","@id":"https:\/\/secure.gravatar.com\/avatar\/de1c686c2ecc9c5a3f327e3431d819eb39f8f05d4e1045f5a1caad6daaba987f?s=96&d=mm&r=g","url":"https:\/\/secure.gravatar.com\/avatar\/de1c686c2ecc9c5a3f327e3431d819eb39f8f05d4e1045f5a1caad6daaba987f?s=96&d=mm&r=g","contentUrl":"https:\/\/secure.gravatar.com\/avatar\/de1c686c2ecc9c5a3f327e3431d819eb39f8f05d4e1045f5a1caad6daaba987f?s=96&d=mm&r=g","caption":"Equipe MH"}}]}},"_links":{"self":[{"href":"https:\/\/mhcalculos.com.br\/noticias\/wp-json\/wp\/v2\/posts\/4356","targetHints":{"allow":["GET"]}}],"collection":[{"href":"https:\/\/mhcalculos.com.br\/noticias\/wp-json\/wp\/v2\/posts"}],"about":[{"href":"https:\/\/mhcalculos.com.br\/noticias\/wp-json\/wp\/v2\/types\/post"}],"author":[{"embeddable":true,"href":"https:\/\/mhcalculos.com.br\/noticias\/wp-json\/wp\/v2\/users\/3063"}],"replies":[{"embeddable":true,"href":"https:\/\/mhcalculos.com.br\/noticias\/wp-json\/wp\/v2\/comments?post=4356"}],"version-history":[{"count":1,"href":"https:\/\/mhcalculos.com.br\/noticias\/wp-json\/wp\/v2\/posts\/4356\/revisions"}],"predecessor-version":[{"id":6623,"href":"https:\/\/mhcalculos.com.br\/noticias\/wp-json\/wp\/v2\/posts\/4356\/revisions\/6623"}],"wp:featuredmedia":[{"embeddable":true,"href":"https:\/\/mhcalculos.com.br\/noticias\/wp-json\/wp\/v2\/media\/1585"}],"wp:attachment":[{"href":"https:\/\/mhcalculos.com.br\/noticias\/wp-json\/wp\/v2\/media?parent=4356"}],"wp:term":[{"taxonomy":"category","embeddable":true,"href":"https:\/\/mhcalculos.com.br\/noticias\/wp-json\/wp\/v2\/categories?post=4356"},{"taxonomy":"post_tag","embeddable":true,"href":"https:\/\/mhcalculos.com.br\/noticias\/wp-json\/wp\/v2\/tags?post=4356"}],"curies":[{"name":"wp","href":"https:\/\/api.w.org\/{rel}","templated":true}]}}