{"id":4349,"date":"2019-05-28T02:00:31","date_gmt":"2019-05-28T05:00:31","guid":{"rendered":"https:\/\/mhcalculos.com.br\/noticias\/2019\/05\/28\/projeto-jornada-de-impacto-para-inclusao-de-pcd-intelectual\/"},"modified":"2021-07-28T14:32:44","modified_gmt":"2021-07-28T17:32:44","slug":"projeto-jornada-de-impacto-para-inclusao-de-pcd-intelectual","status":"publish","type":"post","link":"https:\/\/mhcalculos.com.br\/noticias\/cidadania\/projeto-jornada-de-impacto-para-inclusao-de-pcd-intelectual.html","title":{"rendered":"Projeto Jornada de Impacto para inclus\u00e3o de PcD intelectual"},"content":{"rendered":"<p> <br \/>\n<\/p>\n<p>A sua institui\u00e7\u00e3o tem interesse em fomentar o tema Empregabilidade para inclus\u00e3o da PcD intelectual? E abrangendo os atendidos, seus familiares e articula\u00e7\u00f5es com empresas? <\/p>\n<h4>Sobre o projeto<\/h4>\n<p>A <a href=\"https:\/\/asidbrasil.org.br\/\"><strong>ASID<\/strong><\/a>, em parceria com a <a href=\"https:\/\/www.castgroup.com.br\/pt\/\"><strong>Cast Group<\/strong><\/a>, criou o projeto: Jornada de Impacto. Dessa forma, tem como objetivo impulsionar a inclus\u00e3o da pessoa com defici\u00eancia intelectual no mercado de trabalho. <\/p>\n<p>Assim, o projeto possui alguns entreg\u00e1veis:<\/p>\n<ol>\n<li>Mapeamento de vagas dentro de empresas<\/li>\n<li>Elabora\u00e7\u00e3o do perfil vocacional, atrav\u00e9s de um curr\u00edculo adaptado para cada atendido participante <\/li>\n<li>Rodas de conversa com fam\u00edlias<\/li>\n<li>Capacita\u00e7\u00f5es para a PcD visando o desenvolvimento de seu perfil profissional<\/li>\n<\/ol>\n<p>Essa oportunidade \u00e9 para institui\u00e7\u00f5es de Curitiba e Regi\u00e3o Metropolitana.<\/p>\n<h4>Inscri\u00e7\u00f5es<\/h4>\n<p>Ent\u00e3o para inscrever a institui\u00e7\u00e3o clique no bot\u00e3o abaixo:<\/p>\n<div class=\"wp-block-button aligncenter\"><a class=\"wp-block-button__link has-background has-vivid-green-cyan-background-color\" href=\"https:\/\/docs.google.com\/forms\/d\/e\/1FAIpQLScV0v3LSCu9__x1h5QakQRu37ipz0t6ud4THOU-D_DsLmkE3w\/viewform\">Fazer inscri\u00e7\u00e3o no projeto Jornada de Impacto<\/a><\/div>\n<p>As inscri\u00e7\u00f5es est\u00e3o abertas at\u00e9 o dia 31\/05! Dessa maneira, teremos a devolutiva das institui\u00e7\u00f5es selecionadas at\u00e9 o dia 04\/06.<\/p>\n<p>Portanto, no caso de d\u00favidas envie para: isadora.pouza@asidbrasil.org.br ou mariana@asidbrasil.org.br.<\/p>\n<h4>Rede ASID<\/h4>\n<p>Para participar do projeto sua institui\u00e7\u00e3o deve ser participante da <strong><a href=\"https:\/\/asidbrasil.org.br\/rede-asid\/\">Rede ASID<\/a><\/strong>. Se ainda n\u00e3o faz parte clique no bot\u00e3o abaixo para saber mais e realizar sua inscri\u00e7\u00e3o. <\/p>\n<p>\u00c9 gratuito e sua institui\u00e7\u00e3o ter\u00e1 acesso a diversas oportunidades de projeto em parceria com  grandes empresas, institutos e funda\u00e7\u00f5es parceiros da ASID.<\/p>\n<div class=\"wp-block-button aligncenter\"><a class=\"wp-block-button__link has-background has-vivid-green-cyan-background-color\" href=\"https:\/\/asidbrasil.org.br\/rede-asid\/\">Fazer inscri\u00e7\u00e3o na Rede ASID<\/a><\/div>\n<h4>Cases de inclus\u00e3o e outros projetos da ASID<\/h4>\n<p>Muitas vezes a inclus\u00e3o n\u00e3o \u00e9 algo claro para todos os personagens envolvidos. Por exemplo institui\u00e7\u00f5es, pessoas com defici\u00eancia, suas fam\u00edlias, empresas e suas equipes.<\/p>\n<figure class=\"wp-block-image\"><figcaption> Dois jovens com defici\u00eancia intelectual atendidos pela Escola Especializada Primavera, em Curitiba, assinando seu primeiro contrato de trabalho<\/figcaption><\/figure>\n<p>Dessa forma, para acessar mais cases de inclus\u00e3o de PcD intelectual no mercado de trabalho. De tal maneira visando construir uma cultura organizacional inclusiva que d\u00ea suporte ao processo de recrutamento e sele\u00e7\u00e3o de PcD. Ent\u00e3o clique no bot\u00e3o abaixo.<\/p>\n<div class=\"wp-block-button aligncenter\"><a class=\"wp-block-button__link has-background has-vivid-green-cyan-background-color\" href=\"https:\/\/asidbrasil.org.br\/cases-de-inclusao\/\">Acessar cases de inclus\u00e3o<\/a><\/div>\n<p>Al\u00e9m disso, deseja conhecer hist\u00f3rias de outros projetos da ASID? Ent\u00e3o acesse gratuitamente o relat\u00f3rio de impacto:<\/p>\n<div class=\"wp-block-button aligncenter\"><a class=\"wp-block-button__link has-background has-vivid-green-cyan-background-color\" href=\"https:\/\/conteudo.asidbrasil.org.br\/relatorio-de-impacto-2017\">Acessar Relat\u00f3rio de Impacto<\/a><\/div>\n<p>O post <a rel=\"nofollow\" href=\"https:\/\/asidbrasil.org.br\/projeto-jornada-de-impacto-para-inclusao-de-pcd-intelectual\/\">Projeto Jornada de Impacto para inclus\u00e3o de PcD intelectual<\/a> apareceu primeiro em <a rel=\"nofollow\" href=\"https:\/\/asidbrasil.org.br\">ASID Brasil<\/a>.<\/p>\n<p><i>Visite o site <a href=\"https:\/\/asidbrasil.org.br\/\">asidbrasil.org.br<\/a> e conhe\u00e7a mais sobre a ASID Brasil.<\/i><br \/>\n<br \/><a href=\"https:\/\/asidbrasil.org.br\/projeto-jornada-de-impacto-para-inclusao-de-pcd-intelectual\/\">Fonte<\/a><br \/>\n<br \/><\/p>\n","protected":false},"excerpt":{"rendered":"<p>A sua institui\u00e7\u00e3o tem interesse em fomentar o tema Empregabilidade para inclus\u00e3o da PcD intelectual? E abrangendo os atendidos, seus familiares e articula\u00e7\u00f5es com empresas? Sobre o projeto A ASID, em parceria com a Cast Group, criou o projeto: Jornada de Impacto. Dessa forma, tem como objetivo impulsionar a inclus\u00e3o da pessoa com defici\u00eancia intelectual [&hellip;]<\/p>\n","protected":false},"author":3063,"featured_media":2458,"comment_status":"open","ping_status":"open","sticky":false,"template":"","format":"standard","meta":{"footnotes":""},"categories":[113],"tags":[158,157,163,162,164,161,160,159],"class_list":{"0":"post-4349","1":"post","2":"type-post","3":"status-publish","4":"format-standard","5":"has-post-thumbnail","7":"category-cidadania","8":"tag-asid","9":"tag-cidadania","10":"tag-desenvolvimento-institucional","11":"tag-diversidade","12":"tag-impacto-social","13":"tag-inclusao","14":"tag-voluntariado","15":"tag-voluntario"},"yoast_head":"<!-- This site is optimized with the Yoast SEO plugin v27.2 - https:\/\/yoast.com\/product\/yoast-seo-wordpress\/ -->\n<title>Projeto Jornada de Impacto para inclus\u00e3o de PcD intelectual | Portal de Not\u00edcias<\/title>\n<meta name=\"robots\" content=\"index, follow, max-snippet:-1, max-image-preview:large, max-video-preview:-1\" \/>\n<link rel=\"canonical\" href=\"https:\/\/asidbrasil.org.br\/projeto-jornada-de-impacto-para-inclusao-de-pcd-intelectual\/\" \/>\n<meta property=\"og:locale\" content=\"pt_BR\" \/>\n<meta property=\"og:type\" content=\"article\" \/>\n<meta property=\"og:title\" content=\"Projeto Jornada de Impacto para inclus\u00e3o de PcD intelectual | Portal de Not\u00edcias\" \/>\n<meta property=\"og:description\" content=\"A sua institui\u00e7\u00e3o tem interesse em fomentar o tema Empregabilidade para inclus\u00e3o da PcD intelectual? E abrangendo os atendidos, seus familiares e articula\u00e7\u00f5es com empresas? Sobre o projeto A ASID, em parceria com a Cast Group, criou o projeto: Jornada de Impacto. Dessa forma, tem como objetivo impulsionar a inclus\u00e3o da pessoa com defici\u00eancia intelectual [&hellip;]\" \/>\n<meta property=\"og:url\" content=\"https:\/\/asidbrasil.org.br\/projeto-jornada-de-impacto-para-inclusao-de-pcd-intelectual\/\" \/>\n<meta property=\"og:site_name\" content=\"Portal de Not\u00edcias\" \/>\n<meta property=\"article:published_time\" content=\"2019-05-28T05:00:31+00:00\" \/>\n<meta property=\"article:modified_time\" content=\"2021-07-28T17:32:44+00:00\" \/>\n<meta property=\"og:image\" content=\"https:\/\/mhcalculos.com.br\/noticias\/wp-content\/uploads\/sites\/2\/2018\/07\/logo@2x.png\" \/>\n\t<meta property=\"og:image:width\" content=\"198\" \/>\n\t<meta property=\"og:image:height\" content=\"44\" \/>\n\t<meta property=\"og:image:type\" content=\"image\/png\" \/>\n<meta name=\"author\" content=\"Equipe MH\" \/>\n<meta name=\"twitter:card\" content=\"summary_large_image\" \/>\n<meta name=\"twitter:label1\" content=\"Escrito por\" \/>\n\t<meta name=\"twitter:data1\" content=\"Equipe MH\" \/>\n\t<meta name=\"twitter:label2\" content=\"Est. tempo de leitura\" \/>\n\t<meta name=\"twitter:data2\" content=\"2 minutos\" \/>\n<script type=\"application\/ld+json\" class=\"yoast-schema-graph\">{\"@context\":\"https:\/\/schema.org\",\"@graph\":[{\"@type\":\"Article\",\"@id\":\"https:\/\/asidbrasil.org.br\/projeto-jornada-de-impacto-para-inclusao-de-pcd-intelectual\/#article\",\"isPartOf\":{\"@id\":\"https:\/\/mhcalculos.com.br\/noticias\/cidadania\/projeto-jornada-de-impacto-para-inclusao-de-pcd-intelectual.html\"},\"author\":{\"name\":\"Equipe MH\",\"@id\":\"https:\/\/mhcalculos.com.br\/noticias\/#\/schema\/person\/88d1c34bf72dc779ea14a5a6b8e0ae8d\"},\"headline\":\"Projeto Jornada de Impacto para inclus\u00e3o de PcD intelectual\",\"datePublished\":\"2019-05-28T05:00:31+00:00\",\"dateModified\":\"2021-07-28T17:32:44+00:00\",\"mainEntityOfPage\":{\"@id\":\"https:\/\/mhcalculos.com.br\/noticias\/cidadania\/projeto-jornada-de-impacto-para-inclusao-de-pcd-intelectual.html\"},\"wordCount\":423,\"commentCount\":0,\"image\":{\"@id\":\"https:\/\/asidbrasil.org.br\/projeto-jornada-de-impacto-para-inclusao-de-pcd-intelectual\/#primaryimage\"},\"thumbnailUrl\":\"https:\/\/mhcalculos.com.br\/noticias\/wp-content\/uploads\/sites\/2\/2018\/07\/logo@2x.png\",\"keywords\":[\"asid\",\"cidadania\",\"desenvolvimento institucional\",\"diversidade\",\"impacto social\",\"inclus\u00e3o\",\"voluntariado\",\"volunt\u00e1rio\"],\"articleSection\":[\"Cidadania\"],\"inLanguage\":\"pt-BR\",\"potentialAction\":[{\"@type\":\"CommentAction\",\"name\":\"Comment\",\"target\":[\"https:\/\/asidbrasil.org.br\/projeto-jornada-de-impacto-para-inclusao-de-pcd-intelectual\/#respond\"]}]},{\"@type\":\"WebPage\",\"@id\":\"https:\/\/mhcalculos.com.br\/noticias\/cidadania\/projeto-jornada-de-impacto-para-inclusao-de-pcd-intelectual.html\",\"url\":\"https:\/\/asidbrasil.org.br\/projeto-jornada-de-impacto-para-inclusao-de-pcd-intelectual\/\",\"name\":\"Projeto Jornada de Impacto para inclus\u00e3o de PcD intelectual | Portal de Not\u00edcias\",\"isPartOf\":{\"@id\":\"https:\/\/mhcalculos.com.br\/noticias\/#website\"},\"primaryImageOfPage\":{\"@id\":\"https:\/\/asidbrasil.org.br\/projeto-jornada-de-impacto-para-inclusao-de-pcd-intelectual\/#primaryimage\"},\"image\":{\"@id\":\"https:\/\/asidbrasil.org.br\/projeto-jornada-de-impacto-para-inclusao-de-pcd-intelectual\/#primaryimage\"},\"thumbnailUrl\":\"https:\/\/mhcalculos.com.br\/noticias\/wp-content\/uploads\/sites\/2\/2018\/07\/logo@2x.png\",\"datePublished\":\"2019-05-28T05:00:31+00:00\",\"dateModified\":\"2021-07-28T17:32:44+00:00\",\"author\":{\"@id\":\"https:\/\/mhcalculos.com.br\/noticias\/#\/schema\/person\/88d1c34bf72dc779ea14a5a6b8e0ae8d\"},\"breadcrumb\":{\"@id\":\"https:\/\/asidbrasil.org.br\/projeto-jornada-de-impacto-para-inclusao-de-pcd-intelectual\/#breadcrumb\"},\"inLanguage\":\"pt-BR\",\"potentialAction\":[{\"@type\":\"ReadAction\",\"target\":[\"https:\/\/asidbrasil.org.br\/projeto-jornada-de-impacto-para-inclusao-de-pcd-intelectual\/\"]}]},{\"@type\":\"ImageObject\",\"inLanguage\":\"pt-BR\",\"@id\":\"https:\/\/asidbrasil.org.br\/projeto-jornada-de-impacto-para-inclusao-de-pcd-intelectual\/#primaryimage\",\"url\":\"https:\/\/mhcalculos.com.br\/noticias\/wp-content\/uploads\/sites\/2\/2018\/07\/logo@2x.png\",\"contentUrl\":\"https:\/\/mhcalculos.com.br\/noticias\/wp-content\/uploads\/sites\/2\/2018\/07\/logo@2x.png\",\"width\":198,\"height\":44},{\"@type\":\"BreadcrumbList\",\"@id\":\"https:\/\/asidbrasil.org.br\/projeto-jornada-de-impacto-para-inclusao-de-pcd-intelectual\/#breadcrumb\",\"itemListElement\":[{\"@type\":\"ListItem\",\"position\":1,\"name\":\"In\u00edcio\",\"item\":\"https:\/\/mhcalculos.com.br\/noticias\/\"},{\"@type\":\"ListItem\",\"position\":2,\"name\":\"Projeto Jornada de Impacto para inclus\u00e3o de PcD intelectual\"}]},{\"@type\":\"WebSite\",\"@id\":\"https:\/\/mhcalculos.com.br\/noticias\/#website\",\"url\":\"https:\/\/mhcalculos.com.br\/noticias\/\",\"name\":\"Portal de Not\u00edcias\",\"description\":\"Not\u00edcias e Jurisprud\u00eancia\",\"potentialAction\":[{\"@type\":\"SearchAction\",\"target\":{\"@type\":\"EntryPoint\",\"urlTemplate\":\"https:\/\/mhcalculos.com.br\/noticias\/?s={search_term_string}\"},\"query-input\":{\"@type\":\"PropertyValueSpecification\",\"valueRequired\":true,\"valueName\":\"search_term_string\"}}],\"inLanguage\":\"pt-BR\"},{\"@type\":\"Person\",\"@id\":\"https:\/\/mhcalculos.com.br\/noticias\/#\/schema\/person\/88d1c34bf72dc779ea14a5a6b8e0ae8d\",\"name\":\"Equipe MH\",\"image\":{\"@type\":\"ImageObject\",\"inLanguage\":\"pt-BR\",\"@id\":\"https:\/\/secure.gravatar.com\/avatar\/de1c686c2ecc9c5a3f327e3431d819eb39f8f05d4e1045f5a1caad6daaba987f?s=96&d=mm&r=g\",\"url\":\"https:\/\/secure.gravatar.com\/avatar\/de1c686c2ecc9c5a3f327e3431d819eb39f8f05d4e1045f5a1caad6daaba987f?s=96&d=mm&r=g\",\"contentUrl\":\"https:\/\/secure.gravatar.com\/avatar\/de1c686c2ecc9c5a3f327e3431d819eb39f8f05d4e1045f5a1caad6daaba987f?s=96&d=mm&r=g\",\"caption\":\"Equipe MH\"}}]}<\/script>\n<!-- \/ Yoast SEO plugin. -->","yoast_head_json":{"title":"Projeto Jornada de Impacto para inclus\u00e3o de PcD intelectual | Portal de Not\u00edcias","robots":{"index":"index","follow":"follow","max-snippet":"max-snippet:-1","max-image-preview":"max-image-preview:large","max-video-preview":"max-video-preview:-1"},"canonical":"https:\/\/asidbrasil.org.br\/projeto-jornada-de-impacto-para-inclusao-de-pcd-intelectual\/","og_locale":"pt_BR","og_type":"article","og_title":"Projeto Jornada de Impacto para inclus\u00e3o de PcD intelectual | Portal de Not\u00edcias","og_description":"A sua institui\u00e7\u00e3o tem interesse em fomentar o tema Empregabilidade para inclus\u00e3o da PcD intelectual? E abrangendo os atendidos, seus familiares e articula\u00e7\u00f5es com empresas? Sobre o projeto A ASID, em parceria com a Cast Group, criou o projeto: Jornada de Impacto. Dessa forma, tem como objetivo impulsionar a inclus\u00e3o da pessoa com defici\u00eancia intelectual [&hellip;]","og_url":"https:\/\/asidbrasil.org.br\/projeto-jornada-de-impacto-para-inclusao-de-pcd-intelectual\/","og_site_name":"Portal de Not\u00edcias","article_published_time":"2019-05-28T05:00:31+00:00","article_modified_time":"2021-07-28T17:32:44+00:00","og_image":[{"width":198,"height":44,"url":"https:\/\/mhcalculos.com.br\/noticias\/wp-content\/uploads\/sites\/2\/2018\/07\/logo@2x.png","type":"image\/png"}],"author":"Equipe MH","twitter_card":"summary_large_image","twitter_misc":{"Escrito por":"Equipe MH","Est. tempo de leitura":"2 minutos"},"schema":{"@context":"https:\/\/schema.org","@graph":[{"@type":"Article","@id":"https:\/\/asidbrasil.org.br\/projeto-jornada-de-impacto-para-inclusao-de-pcd-intelectual\/#article","isPartOf":{"@id":"https:\/\/mhcalculos.com.br\/noticias\/cidadania\/projeto-jornada-de-impacto-para-inclusao-de-pcd-intelectual.html"},"author":{"name":"Equipe MH","@id":"https:\/\/mhcalculos.com.br\/noticias\/#\/schema\/person\/88d1c34bf72dc779ea14a5a6b8e0ae8d"},"headline":"Projeto Jornada de Impacto para inclus\u00e3o de PcD intelectual","datePublished":"2019-05-28T05:00:31+00:00","dateModified":"2021-07-28T17:32:44+00:00","mainEntityOfPage":{"@id":"https:\/\/mhcalculos.com.br\/noticias\/cidadania\/projeto-jornada-de-impacto-para-inclusao-de-pcd-intelectual.html"},"wordCount":423,"commentCount":0,"image":{"@id":"https:\/\/asidbrasil.org.br\/projeto-jornada-de-impacto-para-inclusao-de-pcd-intelectual\/#primaryimage"},"thumbnailUrl":"https:\/\/mhcalculos.com.br\/noticias\/wp-content\/uploads\/sites\/2\/2018\/07\/logo@2x.png","keywords":["asid","cidadania","desenvolvimento institucional","diversidade","impacto social","inclus\u00e3o","voluntariado","volunt\u00e1rio"],"articleSection":["Cidadania"],"inLanguage":"pt-BR","potentialAction":[{"@type":"CommentAction","name":"Comment","target":["https:\/\/asidbrasil.org.br\/projeto-jornada-de-impacto-para-inclusao-de-pcd-intelectual\/#respond"]}]},{"@type":"WebPage","@id":"https:\/\/mhcalculos.com.br\/noticias\/cidadania\/projeto-jornada-de-impacto-para-inclusao-de-pcd-intelectual.html","url":"https:\/\/asidbrasil.org.br\/projeto-jornada-de-impacto-para-inclusao-de-pcd-intelectual\/","name":"Projeto Jornada de Impacto para inclus\u00e3o de PcD intelectual | Portal de Not\u00edcias","isPartOf":{"@id":"https:\/\/mhcalculos.com.br\/noticias\/#website"},"primaryImageOfPage":{"@id":"https:\/\/asidbrasil.org.br\/projeto-jornada-de-impacto-para-inclusao-de-pcd-intelectual\/#primaryimage"},"image":{"@id":"https:\/\/asidbrasil.org.br\/projeto-jornada-de-impacto-para-inclusao-de-pcd-intelectual\/#primaryimage"},"thumbnailUrl":"https:\/\/mhcalculos.com.br\/noticias\/wp-content\/uploads\/sites\/2\/2018\/07\/logo@2x.png","datePublished":"2019-05-28T05:00:31+00:00","dateModified":"2021-07-28T17:32:44+00:00","author":{"@id":"https:\/\/mhcalculos.com.br\/noticias\/#\/schema\/person\/88d1c34bf72dc779ea14a5a6b8e0ae8d"},"breadcrumb":{"@id":"https:\/\/asidbrasil.org.br\/projeto-jornada-de-impacto-para-inclusao-de-pcd-intelectual\/#breadcrumb"},"inLanguage":"pt-BR","potentialAction":[{"@type":"ReadAction","target":["https:\/\/asidbrasil.org.br\/projeto-jornada-de-impacto-para-inclusao-de-pcd-intelectual\/"]}]},{"@type":"ImageObject","inLanguage":"pt-BR","@id":"https:\/\/asidbrasil.org.br\/projeto-jornada-de-impacto-para-inclusao-de-pcd-intelectual\/#primaryimage","url":"https:\/\/mhcalculos.com.br\/noticias\/wp-content\/uploads\/sites\/2\/2018\/07\/logo@2x.png","contentUrl":"https:\/\/mhcalculos.com.br\/noticias\/wp-content\/uploads\/sites\/2\/2018\/07\/logo@2x.png","width":198,"height":44},{"@type":"BreadcrumbList","@id":"https:\/\/asidbrasil.org.br\/projeto-jornada-de-impacto-para-inclusao-de-pcd-intelectual\/#breadcrumb","itemListElement":[{"@type":"ListItem","position":1,"name":"In\u00edcio","item":"https:\/\/mhcalculos.com.br\/noticias\/"},{"@type":"ListItem","position":2,"name":"Projeto Jornada de Impacto para inclus\u00e3o de PcD intelectual"}]},{"@type":"WebSite","@id":"https:\/\/mhcalculos.com.br\/noticias\/#website","url":"https:\/\/mhcalculos.com.br\/noticias\/","name":"Portal de Not\u00edcias","description":"Not\u00edcias e Jurisprud\u00eancia","potentialAction":[{"@type":"SearchAction","target":{"@type":"EntryPoint","urlTemplate":"https:\/\/mhcalculos.com.br\/noticias\/?s={search_term_string}"},"query-input":{"@type":"PropertyValueSpecification","valueRequired":true,"valueName":"search_term_string"}}],"inLanguage":"pt-BR"},{"@type":"Person","@id":"https:\/\/mhcalculos.com.br\/noticias\/#\/schema\/person\/88d1c34bf72dc779ea14a5a6b8e0ae8d","name":"Equipe MH","image":{"@type":"ImageObject","inLanguage":"pt-BR","@id":"https:\/\/secure.gravatar.com\/avatar\/de1c686c2ecc9c5a3f327e3431d819eb39f8f05d4e1045f5a1caad6daaba987f?s=96&d=mm&r=g","url":"https:\/\/secure.gravatar.com\/avatar\/de1c686c2ecc9c5a3f327e3431d819eb39f8f05d4e1045f5a1caad6daaba987f?s=96&d=mm&r=g","contentUrl":"https:\/\/secure.gravatar.com\/avatar\/de1c686c2ecc9c5a3f327e3431d819eb39f8f05d4e1045f5a1caad6daaba987f?s=96&d=mm&r=g","caption":"Equipe MH"}}]}},"_links":{"self":[{"href":"https:\/\/mhcalculos.com.br\/noticias\/wp-json\/wp\/v2\/posts\/4349","targetHints":{"allow":["GET"]}}],"collection":[{"href":"https:\/\/mhcalculos.com.br\/noticias\/wp-json\/wp\/v2\/posts"}],"about":[{"href":"https:\/\/mhcalculos.com.br\/noticias\/wp-json\/wp\/v2\/types\/post"}],"author":[{"embeddable":true,"href":"https:\/\/mhcalculos.com.br\/noticias\/wp-json\/wp\/v2\/users\/3063"}],"replies":[{"embeddable":true,"href":"https:\/\/mhcalculos.com.br\/noticias\/wp-json\/wp\/v2\/comments?post=4349"}],"version-history":[{"count":1,"href":"https:\/\/mhcalculos.com.br\/noticias\/wp-json\/wp\/v2\/posts\/4349\/revisions"}],"predecessor-version":[{"id":9837,"href":"https:\/\/mhcalculos.com.br\/noticias\/wp-json\/wp\/v2\/posts\/4349\/revisions\/9837"}],"wp:featuredmedia":[{"embeddable":true,"href":"https:\/\/mhcalculos.com.br\/noticias\/wp-json\/wp\/v2\/media\/2458"}],"wp:attachment":[{"href":"https:\/\/mhcalculos.com.br\/noticias\/wp-json\/wp\/v2\/media?parent=4349"}],"wp:term":[{"taxonomy":"category","embeddable":true,"href":"https:\/\/mhcalculos.com.br\/noticias\/wp-json\/wp\/v2\/categories?post=4349"},{"taxonomy":"post_tag","embeddable":true,"href":"https:\/\/mhcalculos.com.br\/noticias\/wp-json\/wp\/v2\/tags?post=4349"}],"curies":[{"name":"wp","href":"https:\/\/api.w.org\/{rel}","templated":true}]}}