{"id":4287,"date":"2019-05-24T14:00:18","date_gmt":"2019-05-24T17:00:18","guid":{"rendered":"https:\/\/mhcalculos.com.br\/noticias\/2019\/05\/24\/construindo-uma-educacao-inclusiva-em-juruti-pa\/"},"modified":"2021-07-28T14:32:45","modified_gmt":"2021-07-28T17:32:45","slug":"construindo-uma-educacao-inclusiva-em-juruti-pa","status":"publish","type":"post","link":"https:\/\/mhcalculos.com.br\/noticias\/cidadania\/construindo-uma-educacao-inclusiva-em-juruti-pa.html","title":{"rendered":"Construindo uma educa\u00e7\u00e3o inclusiva em Juruti-PA"},"content":{"rendered":"<p> <br \/>\n<\/p>\n<p>Com a miss\u00e3o de construir uma educa\u00e7\u00e3o inclusiva em Juruti, o <a href=\"https:\/\/www.alcoa.com\/brasil\/pt\/instituto.asp\"><strong>Instituto Alcoa<\/strong><\/a> e a <a href=\"https:\/\/asidbrasil.org.br\/\"><strong>ASID<\/strong><\/a>&nbsp;foram at\u00e9 o interior do Par\u00e1. <\/p>\n<p>Dessa forma o projeto&nbsp;\u201cAs Diferen\u00e7as que Ensinam e Constroem\u201d teve como objetivo apoiar o munic\u00edpio de Juruti na inclus\u00e3o de pessoas com defici\u00eancia nas escolas regulares. <\/p>\n<p>Assim este objetivo foi atingido por meio do fortalecimento do papel transformador e de lideran\u00e7a dos gestores das escolas regulares. A cidade possui 119 escolas, sendo que 44 delas atendem alunos com defici\u00eancia. Totalizando 157 pessoas com defici\u00eancia (PcD) matriculados na rede municipal.<\/p>\n<h4>Etapas para construir uma educa\u00e7\u00e3o inclusiva<\/h4>\n<p>O primeiro passo consistiu em realizar um&nbsp;diagn\u00f3stico da inclus\u00e3o escolar. Para isso foram realizadas entrevistas na Secretaria Municipal de Educa\u00e7\u00e3o (SEMED) e em 12 escolas, tanto rurais quanto urbanas. Portanto possibilitou uma vis\u00e3o sist\u00eamica da educa\u00e7\u00e3o de PcD na cidade. <\/p>\n<p>As \u00e1reas analisadas foram: <\/p>\n<ul>\n<li>Gest\u00e3o escolar, capacita\u00e7\u00e3o e atitude inclusiva<\/li>\n<li>Lideran\u00e7a escolar<\/li>\n<li>Acessibilidade arquitet\u00f4nica<\/li>\n<li>Envolvimento da fam\u00edlia<\/li>\n<li>Apoio da secretaria de educa\u00e7\u00e3o e acesso\/atendimento na sa\u00fade<\/li>\n<\/ul>\n<p>Dessa forma foi poss\u00edvel perceber a import\u00e2ncia da lideran\u00e7a na inclus\u00e3o e a car\u00eancia de informa\u00e7\u00f5es sobre o assunto. Al\u00e9m disso o relat\u00f3rio apresentou 4 eixos:<\/p>\n<ol>\n<li>Forma\u00e7\u00e3o de lideran\u00e7as inclusivas&nbsp;para inspirar cada vez mais os gestores a continuar no caminho da inclus\u00e3o e disseminarem para toda sua equipe o esp\u00edrito de lideran\u00e7a.<\/li>\n<li>Capacita\u00e7\u00e3o de gestores, que visou desenvolver o conceito de inclus\u00e3o. Para assim trabalhar com mais propriedade e implementar novas pr\u00e1ticas de inclus\u00e3o nas institui\u00e7\u00f5es que est\u00e3o sob seu comando.<\/li>\n<li>Compartilhamento de pr\u00e1ticas e conhecimentos sobre inclus\u00e3o&nbsp;com a jun\u00e7\u00e3o de&nbsp;materiais e informa\u00e7\u00f5es gerais sobre as defici\u00eancias, cases de sucesso de inclus\u00e3o e boas pr\u00e1ticas de outras escolas.<\/li>\n<li>Empoderamento da SEMED, para que ao fim do projeto a Secretaria conseguisse dar continuidade e suporte \u00e0s pr\u00e1ticas de inclus\u00e3o adotadas pelas escolas.  <\/li>\n<\/ol>\n<p>Ap\u00f3s o diagn\u00f3stico, foi realizada uma&nbsp;forma\u00e7\u00e3o para os gestores das escolas. De maneira que foram trabalhados conceitos como lideran\u00e7a inclusiva, conhecimento das defici\u00eancias e estudos de casos para discuss\u00e3o. <\/p>\n<p>A capacita\u00e7\u00e3o foi importante para desmistificar conceitos, sensibilizar quanto \u00e0 causa e trazer a inspira\u00e7\u00e3o para serem l\u00edderes cada vez mais inclusivos. <\/p>\n<figure class=\"wp-block-image\"><figcaption>Alguns dos integrantes do projeto<\/figcaption><\/figure>\n<h4>Implementa\u00e7\u00e3o de boas pr\u00e1ticas de inclus\u00e3o escolar<\/h4>\n<p>Assim a \u00faltima etapa foi a elabora\u00e7\u00e3o do&nbsp;Guia de Boas Pr\u00e1ticas de Inclus\u00e3o, que reuniu casos de sucesso de escolas de Juruti e de todo o Brasil. Ent\u00e3o esse material foi disponibilizado para as escolas do munic\u00edpio junto com mentorias da ASID&nbsp;para tirar as ideias do papel. <\/p>\n<p>Fa\u00e7a o download gratuito do Guia de Boas Pr\u00e1ticas de Inclus\u00e3o Escolar:<\/p>\n<div class=\"wp-block-button aligncenter\"><a class=\"wp-block-button__link has-background has-vivid-green-cyan-background-color\" href=\"https:\/\/conteudo.asidbrasil.org.br\/guia-de-boas-praticas-inclusao-escolar\">Fazer download do Guia de Boas Pr\u00e1ticas de Inclus\u00e3o Escolar<\/a><\/div>\n<p>Em resumo, foi verificada a implementa\u00e7\u00e3o de 11 boas pr\u00e1ticas de inclus\u00e3o. Dessa forma esse projeto foi um marco para a cidade de Juruti, que ter\u00e1 uma rede municipal ainda mais inclusiva, impactando na vida de milhares de pessoas.<\/p>\n<p>Impacto em n\u00fameros:<\/p>\n<ul>\n<li>22 escolas municipais<\/li>\n<li>272 pessoas <\/li>\n<li>114 alunos com defici\u00eancia<\/li>\n<li>11 pr\u00e1ticas de inclus\u00e3o implementadas<\/li>\n<li>+800 horas de projeto<\/li>\n<\/ul>\n<h4>Depoimento<\/h4>\n<blockquote class=\"wp-block-quote\">\n<p>Podemos afirmar que no munic\u00edpio de Juruti tivemos muitos avan\u00e7os na educa\u00e7\u00e3o inclusiva. E isso \u00e9 devido ao sucesso de parcerias de suma import\u00e2ncia. Dessa forma tivemos o privil\u00e9gio de contar com o apoio do projeto: As diferen\u00e7as que ensinam e constroem. Do Instituto Alcoa em parceria com a Secretaria de Educa\u00e7\u00e3o \u2013 SEMED e com execu\u00e7\u00e3o da ASID Brasil. De maneira que foi muito relevante pois trouxe para as escolas orienta\u00e7\u00f5es, discursos e reflex\u00f5es sobre a import\u00e2ncia de pr\u00e1ticas inclusivas no contexto escolar. Pois n\u00e3o basta apenas sensibilizar os professores que v\u00e3o receber as crian\u00e7as com defici\u00eancia em suas classes. Assim \u00e9 preciso que a escola enquanto respons\u00e1vel na forma\u00e7\u00e3o do indiv\u00edduo, se conscientize do seu verdadeiro papel e acima de tudo respeite e valorize a diversidade.<\/p>\n<p><cite> Dilene de Jesus da Silva, Coodenadora de Educa\u00e7\u00e3o Especial de Juruti-PA<\/cite><\/p><\/blockquote>\n<p>Deseja conhecer mais hist\u00f3rias como essa? Ent\u00e3o acesse o Relat\u00f3rio de Impacto da ASID:<\/p>\n<div class=\"wp-block-button aligncenter\"><a class=\"wp-block-button__link has-background has-vivid-green-cyan-background-color\" href=\"https:\/\/conteudo.asidbrasil.org.br\/relatorio-de-impacto-2017\">Acessar Relat\u00f3rio de Impacto<\/a><\/div>\n<p>O post <a rel=\"nofollow\" href=\"https:\/\/asidbrasil.org.br\/construindo-uma-educacao-inclusiva-em-juruti-pa\/\">Construindo uma educa\u00e7\u00e3o inclusiva em Juruti-PA<\/a> apareceu primeiro em <a rel=\"nofollow\" href=\"https:\/\/asidbrasil.org.br\">ASID Brasil<\/a>.<\/p>\n<p><i>Visite o site <a href=\"https:\/\/asidbrasil.org.br\/\">asidbrasil.org.br<\/a> e conhe\u00e7a mais sobre a ASID Brasil.<\/i><br \/>\n<br \/><a href=\"https:\/\/asidbrasil.org.br\/construindo-uma-educacao-inclusiva-em-juruti-pa\/\">Fonte<\/a><br \/>\n<br \/><\/p>\n","protected":false},"excerpt":{"rendered":"<p>Com a miss\u00e3o de construir uma educa\u00e7\u00e3o inclusiva em Juruti, o Instituto Alcoa e a ASID&nbsp;foram at\u00e9 o interior do Par\u00e1. Dessa forma o projeto&nbsp;\u201cAs Diferen\u00e7as que Ensinam e Constroem\u201d teve como objetivo apoiar o munic\u00edpio de Juruti na inclus\u00e3o de pessoas com defici\u00eancia nas escolas regulares. Assim este objetivo foi atingido por meio do [&hellip;]<\/p>\n","protected":false},"author":3063,"featured_media":2458,"comment_status":"open","ping_status":"open","sticky":false,"template":"","format":"standard","meta":{"footnotes":""},"categories":[113],"tags":[158,157,163,162,164,161,160,159],"class_list":{"0":"post-4287","1":"post","2":"type-post","3":"status-publish","4":"format-standard","5":"has-post-thumbnail","7":"category-cidadania","8":"tag-asid","9":"tag-cidadania","10":"tag-desenvolvimento-institucional","11":"tag-diversidade","12":"tag-impacto-social","13":"tag-inclusao","14":"tag-voluntariado","15":"tag-voluntario"},"yoast_head":"<!-- This site is optimized with the Yoast SEO plugin v27.2 - https:\/\/yoast.com\/product\/yoast-seo-wordpress\/ -->\n<title>Construindo uma educa\u00e7\u00e3o inclusiva em Juruti-PA | Portal de Not\u00edcias<\/title>\n<meta name=\"robots\" content=\"index, follow, max-snippet:-1, max-image-preview:large, max-video-preview:-1\" \/>\n<link rel=\"canonical\" href=\"https:\/\/asidbrasil.org.br\/construindo-uma-educacao-inclusiva-em-juruti-pa\/\" \/>\n<meta property=\"og:locale\" content=\"pt_BR\" \/>\n<meta property=\"og:type\" content=\"article\" \/>\n<meta property=\"og:title\" content=\"Construindo uma educa\u00e7\u00e3o inclusiva em Juruti-PA | Portal de Not\u00edcias\" \/>\n<meta property=\"og:description\" content=\"Com a miss\u00e3o de construir uma educa\u00e7\u00e3o inclusiva em Juruti, o Instituto Alcoa e a ASID&nbsp;foram at\u00e9 o interior do Par\u00e1. Dessa forma o projeto&nbsp;\u201cAs Diferen\u00e7as que Ensinam e Constroem\u201d teve como objetivo apoiar o munic\u00edpio de Juruti na inclus\u00e3o de pessoas com defici\u00eancia nas escolas regulares. Assim este objetivo foi atingido por meio do [&hellip;]\" \/>\n<meta property=\"og:url\" content=\"https:\/\/asidbrasil.org.br\/construindo-uma-educacao-inclusiva-em-juruti-pa\/\" \/>\n<meta property=\"og:site_name\" content=\"Portal de Not\u00edcias\" \/>\n<meta property=\"article:published_time\" content=\"2019-05-24T17:00:18+00:00\" \/>\n<meta property=\"article:modified_time\" content=\"2021-07-28T17:32:45+00:00\" \/>\n<meta property=\"og:image\" content=\"https:\/\/mhcalculos.com.br\/noticias\/wp-content\/uploads\/sites\/2\/2018\/07\/logo@2x.png\" \/>\n\t<meta property=\"og:image:width\" content=\"198\" \/>\n\t<meta property=\"og:image:height\" content=\"44\" \/>\n\t<meta property=\"og:image:type\" content=\"image\/png\" \/>\n<meta name=\"author\" content=\"Equipe MH\" \/>\n<meta name=\"twitter:card\" content=\"summary_large_image\" \/>\n<meta name=\"twitter:label1\" content=\"Escrito por\" \/>\n\t<meta name=\"twitter:data1\" content=\"Equipe MH\" \/>\n\t<meta name=\"twitter:label2\" content=\"Est. tempo de leitura\" \/>\n\t<meta name=\"twitter:data2\" content=\"4 minutos\" \/>\n<script type=\"application\/ld+json\" class=\"yoast-schema-graph\">{\"@context\":\"https:\/\/schema.org\",\"@graph\":[{\"@type\":\"Article\",\"@id\":\"https:\/\/asidbrasil.org.br\/construindo-uma-educacao-inclusiva-em-juruti-pa\/#article\",\"isPartOf\":{\"@id\":\"https:\/\/mhcalculos.com.br\/noticias\/cidadania\/construindo-uma-educacao-inclusiva-em-juruti-pa.html\"},\"author\":{\"name\":\"Equipe MH\",\"@id\":\"https:\/\/mhcalculos.com.br\/noticias\/#\/schema\/person\/88d1c34bf72dc779ea14a5a6b8e0ae8d\"},\"headline\":\"Construindo uma educa\u00e7\u00e3o inclusiva em Juruti-PA\",\"datePublished\":\"2019-05-24T17:00:18+00:00\",\"dateModified\":\"2021-07-28T17:32:45+00:00\",\"mainEntityOfPage\":{\"@id\":\"https:\/\/mhcalculos.com.br\/noticias\/cidadania\/construindo-uma-educacao-inclusiva-em-juruti-pa.html\"},\"wordCount\":789,\"commentCount\":0,\"image\":{\"@id\":\"https:\/\/asidbrasil.org.br\/construindo-uma-educacao-inclusiva-em-juruti-pa\/#primaryimage\"},\"thumbnailUrl\":\"https:\/\/mhcalculos.com.br\/noticias\/wp-content\/uploads\/sites\/2\/2018\/07\/logo@2x.png\",\"keywords\":[\"asid\",\"cidadania\",\"desenvolvimento institucional\",\"diversidade\",\"impacto social\",\"inclus\u00e3o\",\"voluntariado\",\"volunt\u00e1rio\"],\"articleSection\":[\"Cidadania\"],\"inLanguage\":\"pt-BR\",\"potentialAction\":[{\"@type\":\"CommentAction\",\"name\":\"Comment\",\"target\":[\"https:\/\/asidbrasil.org.br\/construindo-uma-educacao-inclusiva-em-juruti-pa\/#respond\"]}]},{\"@type\":\"WebPage\",\"@id\":\"https:\/\/mhcalculos.com.br\/noticias\/cidadania\/construindo-uma-educacao-inclusiva-em-juruti-pa.html\",\"url\":\"https:\/\/asidbrasil.org.br\/construindo-uma-educacao-inclusiva-em-juruti-pa\/\",\"name\":\"Construindo uma educa\u00e7\u00e3o inclusiva em Juruti-PA | Portal de Not\u00edcias\",\"isPartOf\":{\"@id\":\"https:\/\/mhcalculos.com.br\/noticias\/#website\"},\"primaryImageOfPage\":{\"@id\":\"https:\/\/asidbrasil.org.br\/construindo-uma-educacao-inclusiva-em-juruti-pa\/#primaryimage\"},\"image\":{\"@id\":\"https:\/\/asidbrasil.org.br\/construindo-uma-educacao-inclusiva-em-juruti-pa\/#primaryimage\"},\"thumbnailUrl\":\"https:\/\/mhcalculos.com.br\/noticias\/wp-content\/uploads\/sites\/2\/2018\/07\/logo@2x.png\",\"datePublished\":\"2019-05-24T17:00:18+00:00\",\"dateModified\":\"2021-07-28T17:32:45+00:00\",\"author\":{\"@id\":\"https:\/\/mhcalculos.com.br\/noticias\/#\/schema\/person\/88d1c34bf72dc779ea14a5a6b8e0ae8d\"},\"breadcrumb\":{\"@id\":\"https:\/\/asidbrasil.org.br\/construindo-uma-educacao-inclusiva-em-juruti-pa\/#breadcrumb\"},\"inLanguage\":\"pt-BR\",\"potentialAction\":[{\"@type\":\"ReadAction\",\"target\":[\"https:\/\/asidbrasil.org.br\/construindo-uma-educacao-inclusiva-em-juruti-pa\/\"]}]},{\"@type\":\"ImageObject\",\"inLanguage\":\"pt-BR\",\"@id\":\"https:\/\/asidbrasil.org.br\/construindo-uma-educacao-inclusiva-em-juruti-pa\/#primaryimage\",\"url\":\"https:\/\/mhcalculos.com.br\/noticias\/wp-content\/uploads\/sites\/2\/2018\/07\/logo@2x.png\",\"contentUrl\":\"https:\/\/mhcalculos.com.br\/noticias\/wp-content\/uploads\/sites\/2\/2018\/07\/logo@2x.png\",\"width\":198,\"height\":44},{\"@type\":\"BreadcrumbList\",\"@id\":\"https:\/\/asidbrasil.org.br\/construindo-uma-educacao-inclusiva-em-juruti-pa\/#breadcrumb\",\"itemListElement\":[{\"@type\":\"ListItem\",\"position\":1,\"name\":\"In\u00edcio\",\"item\":\"https:\/\/mhcalculos.com.br\/noticias\/\"},{\"@type\":\"ListItem\",\"position\":2,\"name\":\"Construindo uma educa\u00e7\u00e3o inclusiva em Juruti-PA\"}]},{\"@type\":\"WebSite\",\"@id\":\"https:\/\/mhcalculos.com.br\/noticias\/#website\",\"url\":\"https:\/\/mhcalculos.com.br\/noticias\/\",\"name\":\"Portal de Not\u00edcias\",\"description\":\"Not\u00edcias e Jurisprud\u00eancia\",\"potentialAction\":[{\"@type\":\"SearchAction\",\"target\":{\"@type\":\"EntryPoint\",\"urlTemplate\":\"https:\/\/mhcalculos.com.br\/noticias\/?s={search_term_string}\"},\"query-input\":{\"@type\":\"PropertyValueSpecification\",\"valueRequired\":true,\"valueName\":\"search_term_string\"}}],\"inLanguage\":\"pt-BR\"},{\"@type\":\"Person\",\"@id\":\"https:\/\/mhcalculos.com.br\/noticias\/#\/schema\/person\/88d1c34bf72dc779ea14a5a6b8e0ae8d\",\"name\":\"Equipe MH\",\"image\":{\"@type\":\"ImageObject\",\"inLanguage\":\"pt-BR\",\"@id\":\"https:\/\/secure.gravatar.com\/avatar\/de1c686c2ecc9c5a3f327e3431d819eb39f8f05d4e1045f5a1caad6daaba987f?s=96&d=mm&r=g\",\"url\":\"https:\/\/secure.gravatar.com\/avatar\/de1c686c2ecc9c5a3f327e3431d819eb39f8f05d4e1045f5a1caad6daaba987f?s=96&d=mm&r=g\",\"contentUrl\":\"https:\/\/secure.gravatar.com\/avatar\/de1c686c2ecc9c5a3f327e3431d819eb39f8f05d4e1045f5a1caad6daaba987f?s=96&d=mm&r=g\",\"caption\":\"Equipe MH\"}}]}<\/script>\n<!-- \/ Yoast SEO plugin. -->","yoast_head_json":{"title":"Construindo uma educa\u00e7\u00e3o inclusiva em Juruti-PA | Portal de Not\u00edcias","robots":{"index":"index","follow":"follow","max-snippet":"max-snippet:-1","max-image-preview":"max-image-preview:large","max-video-preview":"max-video-preview:-1"},"canonical":"https:\/\/asidbrasil.org.br\/construindo-uma-educacao-inclusiva-em-juruti-pa\/","og_locale":"pt_BR","og_type":"article","og_title":"Construindo uma educa\u00e7\u00e3o inclusiva em Juruti-PA | Portal de Not\u00edcias","og_description":"Com a miss\u00e3o de construir uma educa\u00e7\u00e3o inclusiva em Juruti, o Instituto Alcoa e a ASID&nbsp;foram at\u00e9 o interior do Par\u00e1. Dessa forma o projeto&nbsp;\u201cAs Diferen\u00e7as que Ensinam e Constroem\u201d teve como objetivo apoiar o munic\u00edpio de Juruti na inclus\u00e3o de pessoas com defici\u00eancia nas escolas regulares. Assim este objetivo foi atingido por meio do [&hellip;]","og_url":"https:\/\/asidbrasil.org.br\/construindo-uma-educacao-inclusiva-em-juruti-pa\/","og_site_name":"Portal de Not\u00edcias","article_published_time":"2019-05-24T17:00:18+00:00","article_modified_time":"2021-07-28T17:32:45+00:00","og_image":[{"width":198,"height":44,"url":"https:\/\/mhcalculos.com.br\/noticias\/wp-content\/uploads\/sites\/2\/2018\/07\/logo@2x.png","type":"image\/png"}],"author":"Equipe MH","twitter_card":"summary_large_image","twitter_misc":{"Escrito por":"Equipe MH","Est. tempo de leitura":"4 minutos"},"schema":{"@context":"https:\/\/schema.org","@graph":[{"@type":"Article","@id":"https:\/\/asidbrasil.org.br\/construindo-uma-educacao-inclusiva-em-juruti-pa\/#article","isPartOf":{"@id":"https:\/\/mhcalculos.com.br\/noticias\/cidadania\/construindo-uma-educacao-inclusiva-em-juruti-pa.html"},"author":{"name":"Equipe MH","@id":"https:\/\/mhcalculos.com.br\/noticias\/#\/schema\/person\/88d1c34bf72dc779ea14a5a6b8e0ae8d"},"headline":"Construindo uma educa\u00e7\u00e3o inclusiva em Juruti-PA","datePublished":"2019-05-24T17:00:18+00:00","dateModified":"2021-07-28T17:32:45+00:00","mainEntityOfPage":{"@id":"https:\/\/mhcalculos.com.br\/noticias\/cidadania\/construindo-uma-educacao-inclusiva-em-juruti-pa.html"},"wordCount":789,"commentCount":0,"image":{"@id":"https:\/\/asidbrasil.org.br\/construindo-uma-educacao-inclusiva-em-juruti-pa\/#primaryimage"},"thumbnailUrl":"https:\/\/mhcalculos.com.br\/noticias\/wp-content\/uploads\/sites\/2\/2018\/07\/logo@2x.png","keywords":["asid","cidadania","desenvolvimento institucional","diversidade","impacto social","inclus\u00e3o","voluntariado","volunt\u00e1rio"],"articleSection":["Cidadania"],"inLanguage":"pt-BR","potentialAction":[{"@type":"CommentAction","name":"Comment","target":["https:\/\/asidbrasil.org.br\/construindo-uma-educacao-inclusiva-em-juruti-pa\/#respond"]}]},{"@type":"WebPage","@id":"https:\/\/mhcalculos.com.br\/noticias\/cidadania\/construindo-uma-educacao-inclusiva-em-juruti-pa.html","url":"https:\/\/asidbrasil.org.br\/construindo-uma-educacao-inclusiva-em-juruti-pa\/","name":"Construindo uma educa\u00e7\u00e3o inclusiva em Juruti-PA | Portal de Not\u00edcias","isPartOf":{"@id":"https:\/\/mhcalculos.com.br\/noticias\/#website"},"primaryImageOfPage":{"@id":"https:\/\/asidbrasil.org.br\/construindo-uma-educacao-inclusiva-em-juruti-pa\/#primaryimage"},"image":{"@id":"https:\/\/asidbrasil.org.br\/construindo-uma-educacao-inclusiva-em-juruti-pa\/#primaryimage"},"thumbnailUrl":"https:\/\/mhcalculos.com.br\/noticias\/wp-content\/uploads\/sites\/2\/2018\/07\/logo@2x.png","datePublished":"2019-05-24T17:00:18+00:00","dateModified":"2021-07-28T17:32:45+00:00","author":{"@id":"https:\/\/mhcalculos.com.br\/noticias\/#\/schema\/person\/88d1c34bf72dc779ea14a5a6b8e0ae8d"},"breadcrumb":{"@id":"https:\/\/asidbrasil.org.br\/construindo-uma-educacao-inclusiva-em-juruti-pa\/#breadcrumb"},"inLanguage":"pt-BR","potentialAction":[{"@type":"ReadAction","target":["https:\/\/asidbrasil.org.br\/construindo-uma-educacao-inclusiva-em-juruti-pa\/"]}]},{"@type":"ImageObject","inLanguage":"pt-BR","@id":"https:\/\/asidbrasil.org.br\/construindo-uma-educacao-inclusiva-em-juruti-pa\/#primaryimage","url":"https:\/\/mhcalculos.com.br\/noticias\/wp-content\/uploads\/sites\/2\/2018\/07\/logo@2x.png","contentUrl":"https:\/\/mhcalculos.com.br\/noticias\/wp-content\/uploads\/sites\/2\/2018\/07\/logo@2x.png","width":198,"height":44},{"@type":"BreadcrumbList","@id":"https:\/\/asidbrasil.org.br\/construindo-uma-educacao-inclusiva-em-juruti-pa\/#breadcrumb","itemListElement":[{"@type":"ListItem","position":1,"name":"In\u00edcio","item":"https:\/\/mhcalculos.com.br\/noticias\/"},{"@type":"ListItem","position":2,"name":"Construindo uma educa\u00e7\u00e3o inclusiva em Juruti-PA"}]},{"@type":"WebSite","@id":"https:\/\/mhcalculos.com.br\/noticias\/#website","url":"https:\/\/mhcalculos.com.br\/noticias\/","name":"Portal de Not\u00edcias","description":"Not\u00edcias e Jurisprud\u00eancia","potentialAction":[{"@type":"SearchAction","target":{"@type":"EntryPoint","urlTemplate":"https:\/\/mhcalculos.com.br\/noticias\/?s={search_term_string}"},"query-input":{"@type":"PropertyValueSpecification","valueRequired":true,"valueName":"search_term_string"}}],"inLanguage":"pt-BR"},{"@type":"Person","@id":"https:\/\/mhcalculos.com.br\/noticias\/#\/schema\/person\/88d1c34bf72dc779ea14a5a6b8e0ae8d","name":"Equipe MH","image":{"@type":"ImageObject","inLanguage":"pt-BR","@id":"https:\/\/secure.gravatar.com\/avatar\/de1c686c2ecc9c5a3f327e3431d819eb39f8f05d4e1045f5a1caad6daaba987f?s=96&d=mm&r=g","url":"https:\/\/secure.gravatar.com\/avatar\/de1c686c2ecc9c5a3f327e3431d819eb39f8f05d4e1045f5a1caad6daaba987f?s=96&d=mm&r=g","contentUrl":"https:\/\/secure.gravatar.com\/avatar\/de1c686c2ecc9c5a3f327e3431d819eb39f8f05d4e1045f5a1caad6daaba987f?s=96&d=mm&r=g","caption":"Equipe MH"}}]}},"_links":{"self":[{"href":"https:\/\/mhcalculos.com.br\/noticias\/wp-json\/wp\/v2\/posts\/4287","targetHints":{"allow":["GET"]}}],"collection":[{"href":"https:\/\/mhcalculos.com.br\/noticias\/wp-json\/wp\/v2\/posts"}],"about":[{"href":"https:\/\/mhcalculos.com.br\/noticias\/wp-json\/wp\/v2\/types\/post"}],"author":[{"embeddable":true,"href":"https:\/\/mhcalculos.com.br\/noticias\/wp-json\/wp\/v2\/users\/3063"}],"replies":[{"embeddable":true,"href":"https:\/\/mhcalculos.com.br\/noticias\/wp-json\/wp\/v2\/comments?post=4287"}],"version-history":[{"count":1,"href":"https:\/\/mhcalculos.com.br\/noticias\/wp-json\/wp\/v2\/posts\/4287\/revisions"}],"predecessor-version":[{"id":9842,"href":"https:\/\/mhcalculos.com.br\/noticias\/wp-json\/wp\/v2\/posts\/4287\/revisions\/9842"}],"wp:featuredmedia":[{"embeddable":true,"href":"https:\/\/mhcalculos.com.br\/noticias\/wp-json\/wp\/v2\/media\/2458"}],"wp:attachment":[{"href":"https:\/\/mhcalculos.com.br\/noticias\/wp-json\/wp\/v2\/media?parent=4287"}],"wp:term":[{"taxonomy":"category","embeddable":true,"href":"https:\/\/mhcalculos.com.br\/noticias\/wp-json\/wp\/v2\/categories?post=4287"},{"taxonomy":"post_tag","embeddable":true,"href":"https:\/\/mhcalculos.com.br\/noticias\/wp-json\/wp\/v2\/tags?post=4287"}],"curies":[{"name":"wp","href":"https:\/\/api.w.org\/{rel}","templated":true}]}}