{"id":4269,"date":"2019-05-23T00:00:15","date_gmt":"2019-05-23T03:00:15","guid":{"rendered":"https:\/\/mhcalculos.com.br\/noticias\/2019\/05\/23\/stj-falta-de-adocao-inviabiliza-reversao-de-pensao-para-filha-de-militar\/"},"modified":"2021-07-28T14:32:46","modified_gmt":"2021-07-28T17:32:46","slug":"stj-falta-de-adocao-inviabiliza-reversao-de-pensao-para-filha-de-militar","status":"publish","type":"post","link":"https:\/\/mhcalculos.com.br\/noticias\/area\/previdenciario\/stj-falta-de-adocao-inviabiliza-reversao-de-pensao-para-filha-de-militar.html","title":{"rendered":"STJ: Falta de ado\u00e7\u00e3o inviabiliza revers\u00e3o de pens\u00e3o para filha de militar"},"content":{"rendered":"<p><br \/>\n<\/p>\n<p>A Primeira Turma do Superior Tribunal de Justi&ccedil;a (STJ) acolheu recurso da Uni&atilde;o para impedir a revers&atilde;o de uma pens&atilde;o militar por morte, que passaria da vi&uacute;va para uma filha de cria&ccedil;&atilde;o do casal &ndash; a qual, na &eacute;poca da morte do militar, n&atilde;o era adotada formalmente.<\/p>\n<p>Segundo as informa&ccedil;&otilde;es do processo, a recorrida foi criada como filha do militar e de sua esposa desde os sete anos, embora n&atilde;o houvesse processo formal de ado&ccedil;&atilde;o. Com o falecimento do militar, a esposa ficou recebendo a pens&atilde;o por morte.<\/p>\n<p>Nesse per&iacute;odo, a vi&uacute;va formalizou a ado&ccedil;&atilde;o da filha. Ap&oacute;s a morte da m&atilde;e, em 2009, a filha entrou na Justi&ccedil;a para reverter a pens&atilde;o militar em seu favor, com base no <strong><a target=\"_blank\" href=\"http:\/\/www.planalto.gov.br\/ccivil_03\/leis\/l3765.htm#art7\" rel=\"noopener\">artigo 7&ordm;<\/a><\/strong> da Lei de Pens&otilde;es Militares (Lei 3.765\/1960). Ela buscou ser reconhecida como filha de cria&ccedil;&atilde;o para fins de enquadramento legal.<\/p>\n<p>Por aus&ecirc;ncia de comprova&ccedil;&atilde;o da ado&ccedil;&atilde;o, o pedido foi julgado improcedente na via administrativa e, da mesma forma, na primeira e na segunda inst&acirc;ncias da Justi&ccedil;a. No STJ, ap&oacute;s decis&atilde;o monocr&aacute;tica do relator dando provimento ao recurso da filha e possibilitando a revers&atilde;o da pens&atilde;o, a Uni&atilde;o recorreu para o colegiado da Primeira Turma.<\/p>\n<p><strong>Invi&aacute;vel<\/strong><\/p>\n<p>Segundo o ministro Benedito Gon&ccedil;alves, autor do voto vencedor no colegiado, no momento de falecimento do militar a parte recorrida n&atilde;o era formalmente sua filha, o que inviabiliza o pedido.<\/p>\n<p>&ldquo;Como bem pontuado pelo ac&oacute;rd&atilde;o recorrido, na &eacute;poca em que o militar estava vivo, este poderia ter procedido &agrave; regular ado&ccedil;&atilde;o da autora, mas n&atilde;o o fez. Assim, &agrave; &eacute;poca do falecimento do ex-combatente (instituidor da pens&atilde;o), a parte autora n&atilde;o era filha adotiva e muito menos consangu&iacute;nea do militar, n&atilde;o preenchendo, pois, os requisitos legais para a revers&atilde;o da pens&atilde;o deixada pela m&atilde;e adotiva&rdquo;, afirmou.<\/p>\n<p>Benedito Gon&ccedil;alves destacou ainda que a Lei 3.760\/1960 estabelece uma ordem de prioridade para o recebimento da pens&atilde;o, o que foi atendido considerando ter sido concedido o benef&iacute;cio &agrave; c&ocirc;njuge sobrevivente, at&eacute; o seu falecimento em 2009.<\/p>\n<p> Leia o<strong> <a href=\"https:\/\/ww2.stj.jus.br\/processo\/revista\/documento\/mediado\/?componente=ITA&amp;sequencial=1819446&amp;num_registro=201500135669&amp;data=20190429&amp;formato=PDF\">ac&oacute;rd&atilde;o<\/a><\/strong>.<br \/>\n<br \/><i>Com informa\u00e7\u00f5es da assessoria de imprensa do STJ.<\/i><br \/>\n<br \/><a href=\"http:\/\/feedproxy.google.com\/~r\/STJNoticias\/~3\/rpEdH5casyA\/Falta-de-ado%C3%A7%C3%A3o-inviabiliza-revers%C3%A3o-de-pens%C3%A3o-para-filha-de-militar\">Fonte<\/a><br \/>\n<br \/><\/p>\n","protected":false},"excerpt":{"rendered":"<p>A Primeira Turma do Superior Tribunal de Justi&ccedil;a (STJ) acolheu recurso da Uni&atilde;o para impedir a revers&atilde;o de uma pens&atilde;o militar por morte, que passaria da vi&uacute;va para uma filha de cria&ccedil;&atilde;o do casal &ndash; a qual, na &eacute;poca da morte do militar, n&atilde;o era adotada formalmente. Segundo as informa&ccedil;&otilde;es do processo, a recorrida foi [&hellip;]<\/p>\n","protected":false},"author":3063,"featured_media":1825,"comment_status":"open","ping_status":"open","sticky":false,"template":"","format":"standard","meta":{"footnotes":""},"categories":[5,7],"tags":[11,10,8,13,9,12,14],"class_list":{"0":"post-4269","1":"post","2":"type-post","3":"status-publish","4":"format-standard","5":"has-post-thumbnail","7":"category-previdenciario","8":"category-stj","9":"tag-aposentadoria","10":"tag-calculos-previdenciarios","11":"tag-direito-previdenciario","12":"tag-inss","13":"tag-pericia","14":"tag-perito","15":"tag-stj"},"yoast_head":"<!-- This site is optimized with the Yoast SEO plugin v27.2 - https:\/\/yoast.com\/product\/yoast-seo-wordpress\/ -->\n<title>STJ: Falta de ado\u00e7\u00e3o inviabiliza revers\u00e3o de pens\u00e3o para filha de militar | Portal de Not\u00edcias<\/title>\n<meta name=\"robots\" content=\"index, follow, max-snippet:-1, max-image-preview:large, max-video-preview:-1\" \/>\n<link rel=\"canonical\" href=\"https:\/\/mhcalculos.com.br\/noticias\/area\/previdenciario\/stj-falta-de-adocao-inviabiliza-reversao-de-pensao-para-filha-de-militar.html\" \/>\n<meta property=\"og:locale\" content=\"pt_BR\" \/>\n<meta property=\"og:type\" content=\"article\" \/>\n<meta property=\"og:title\" content=\"STJ: Falta de ado\u00e7\u00e3o inviabiliza revers\u00e3o de pens\u00e3o para filha de militar | Portal de Not\u00edcias\" \/>\n<meta property=\"og:description\" content=\"A Primeira Turma do Superior Tribunal de Justi&ccedil;a (STJ) acolheu recurso da Uni&atilde;o para impedir a revers&atilde;o de uma pens&atilde;o militar por morte, que passaria da vi&uacute;va para uma filha de cria&ccedil;&atilde;o do casal &ndash; a qual, na &eacute;poca da morte do militar, n&atilde;o era adotada formalmente. Segundo as informa&ccedil;&otilde;es do processo, a recorrida foi [&hellip;]\" \/>\n<meta property=\"og:url\" content=\"https:\/\/mhcalculos.com.br\/noticias\/area\/previdenciario\/stj-falta-de-adocao-inviabiliza-reversao-de-pensao-para-filha-de-militar.html\" \/>\n<meta property=\"og:site_name\" content=\"Portal de Not\u00edcias\" \/>\n<meta property=\"article:published_time\" content=\"2019-05-23T03:00:15+00:00\" \/>\n<meta property=\"article:modified_time\" content=\"2021-07-28T17:32:46+00:00\" \/>\n<meta property=\"og:image\" content=\"https:\/\/mhcalculos.com.br\/noticias\/wp-content\/uploads\/sites\/2\/2018\/06\/judiciario-0037.jpg\" \/>\n\t<meta property=\"og:image:width\" content=\"2000\" \/>\n\t<meta property=\"og:image:height\" content=\"800\" \/>\n\t<meta property=\"og:image:type\" content=\"image\/jpeg\" \/>\n<meta name=\"author\" content=\"Equipe MH\" \/>\n<meta name=\"twitter:card\" content=\"summary_large_image\" \/>\n<meta name=\"twitter:label1\" content=\"Escrito por\" \/>\n\t<meta name=\"twitter:data1\" content=\"Equipe MH\" \/>\n\t<meta name=\"twitter:label2\" content=\"Est. tempo de leitura\" \/>\n\t<meta name=\"twitter:data2\" content=\"2 minutos\" \/>\n<script type=\"application\/ld+json\" class=\"yoast-schema-graph\">{\"@context\":\"https:\/\/schema.org\",\"@graph\":[{\"@type\":\"Article\",\"@id\":\"https:\/\/mhcalculos.com.br\/noticias\/area\/previdenciario\/stj-falta-de-adocao-inviabiliza-reversao-de-pensao-para-filha-de-militar.html#article\",\"isPartOf\":{\"@id\":\"https:\/\/mhcalculos.com.br\/noticias\/area\/previdenciario\/stj-falta-de-adocao-inviabiliza-reversao-de-pensao-para-filha-de-militar.html\"},\"author\":{\"name\":\"Equipe MH\",\"@id\":\"https:\/\/mhcalculos.com.br\/noticias\/#\/schema\/person\/88d1c34bf72dc779ea14a5a6b8e0ae8d\"},\"headline\":\"STJ: Falta de ado\u00e7\u00e3o inviabiliza revers\u00e3o de pens\u00e3o para filha de militar\",\"datePublished\":\"2019-05-23T03:00:15+00:00\",\"dateModified\":\"2021-07-28T17:32:46+00:00\",\"mainEntityOfPage\":{\"@id\":\"https:\/\/mhcalculos.com.br\/noticias\/area\/previdenciario\/stj-falta-de-adocao-inviabiliza-reversao-de-pensao-para-filha-de-militar.html\"},\"wordCount\":472,\"commentCount\":0,\"image\":{\"@id\":\"https:\/\/mhcalculos.com.br\/noticias\/area\/previdenciario\/stj-falta-de-adocao-inviabiliza-reversao-de-pensao-para-filha-de-militar.html#primaryimage\"},\"thumbnailUrl\":\"https:\/\/mhcalculos.com.br\/noticias\/wp-content\/uploads\/sites\/2\/2018\/06\/judiciario-0037.jpg\",\"keywords\":[\"aposentadoria\",\"c\u00e1lculos previdenci\u00e1rios\",\"direito previdenci\u00e1rio\",\"inss\",\"per\u00edcia\",\"perito\",\"stj\"],\"articleSection\":[\"Direito Previdenci\u00e1rio\",\"STJ\"],\"inLanguage\":\"pt-BR\",\"potentialAction\":[{\"@type\":\"CommentAction\",\"name\":\"Comment\",\"target\":[\"https:\/\/mhcalculos.com.br\/noticias\/area\/previdenciario\/stj-falta-de-adocao-inviabiliza-reversao-de-pensao-para-filha-de-militar.html#respond\"]}]},{\"@type\":\"WebPage\",\"@id\":\"https:\/\/mhcalculos.com.br\/noticias\/area\/previdenciario\/stj-falta-de-adocao-inviabiliza-reversao-de-pensao-para-filha-de-militar.html\",\"url\":\"https:\/\/mhcalculos.com.br\/noticias\/area\/previdenciario\/stj-falta-de-adocao-inviabiliza-reversao-de-pensao-para-filha-de-militar.html\",\"name\":\"STJ: Falta de ado\u00e7\u00e3o inviabiliza revers\u00e3o de pens\u00e3o para filha de militar | Portal de Not\u00edcias\",\"isPartOf\":{\"@id\":\"https:\/\/mhcalculos.com.br\/noticias\/#website\"},\"primaryImageOfPage\":{\"@id\":\"https:\/\/mhcalculos.com.br\/noticias\/area\/previdenciario\/stj-falta-de-adocao-inviabiliza-reversao-de-pensao-para-filha-de-militar.html#primaryimage\"},\"image\":{\"@id\":\"https:\/\/mhcalculos.com.br\/noticias\/area\/previdenciario\/stj-falta-de-adocao-inviabiliza-reversao-de-pensao-para-filha-de-militar.html#primaryimage\"},\"thumbnailUrl\":\"https:\/\/mhcalculos.com.br\/noticias\/wp-content\/uploads\/sites\/2\/2018\/06\/judiciario-0037.jpg\",\"datePublished\":\"2019-05-23T03:00:15+00:00\",\"dateModified\":\"2021-07-28T17:32:46+00:00\",\"author\":{\"@id\":\"https:\/\/mhcalculos.com.br\/noticias\/#\/schema\/person\/88d1c34bf72dc779ea14a5a6b8e0ae8d\"},\"breadcrumb\":{\"@id\":\"https:\/\/mhcalculos.com.br\/noticias\/area\/previdenciario\/stj-falta-de-adocao-inviabiliza-reversao-de-pensao-para-filha-de-militar.html#breadcrumb\"},\"inLanguage\":\"pt-BR\",\"potentialAction\":[{\"@type\":\"ReadAction\",\"target\":[\"https:\/\/mhcalculos.com.br\/noticias\/area\/previdenciario\/stj-falta-de-adocao-inviabiliza-reversao-de-pensao-para-filha-de-militar.html\"]}]},{\"@type\":\"ImageObject\",\"inLanguage\":\"pt-BR\",\"@id\":\"https:\/\/mhcalculos.com.br\/noticias\/area\/previdenciario\/stj-falta-de-adocao-inviabiliza-reversao-de-pensao-para-filha-de-militar.html#primaryimage\",\"url\":\"https:\/\/mhcalculos.com.br\/noticias\/wp-content\/uploads\/sites\/2\/2018\/06\/judiciario-0037.jpg\",\"contentUrl\":\"https:\/\/mhcalculos.com.br\/noticias\/wp-content\/uploads\/sites\/2\/2018\/06\/judiciario-0037.jpg\",\"width\":2000,\"height\":800},{\"@type\":\"BreadcrumbList\",\"@id\":\"https:\/\/mhcalculos.com.br\/noticias\/area\/previdenciario\/stj-falta-de-adocao-inviabiliza-reversao-de-pensao-para-filha-de-militar.html#breadcrumb\",\"itemListElement\":[{\"@type\":\"ListItem\",\"position\":1,\"name\":\"In\u00edcio\",\"item\":\"https:\/\/mhcalculos.com.br\/noticias\/\"},{\"@type\":\"ListItem\",\"position\":2,\"name\":\"STJ: Falta de ado\u00e7\u00e3o inviabiliza revers\u00e3o de pens\u00e3o para filha de militar\"}]},{\"@type\":\"WebSite\",\"@id\":\"https:\/\/mhcalculos.com.br\/noticias\/#website\",\"url\":\"https:\/\/mhcalculos.com.br\/noticias\/\",\"name\":\"Portal de Not\u00edcias\",\"description\":\"Not\u00edcias e Jurisprud\u00eancia\",\"potentialAction\":[{\"@type\":\"SearchAction\",\"target\":{\"@type\":\"EntryPoint\",\"urlTemplate\":\"https:\/\/mhcalculos.com.br\/noticias\/?s={search_term_string}\"},\"query-input\":{\"@type\":\"PropertyValueSpecification\",\"valueRequired\":true,\"valueName\":\"search_term_string\"}}],\"inLanguage\":\"pt-BR\"},{\"@type\":\"Person\",\"@id\":\"https:\/\/mhcalculos.com.br\/noticias\/#\/schema\/person\/88d1c34bf72dc779ea14a5a6b8e0ae8d\",\"name\":\"Equipe MH\",\"image\":{\"@type\":\"ImageObject\",\"inLanguage\":\"pt-BR\",\"@id\":\"https:\/\/secure.gravatar.com\/avatar\/de1c686c2ecc9c5a3f327e3431d819eb39f8f05d4e1045f5a1caad6daaba987f?s=96&d=mm&r=g\",\"url\":\"https:\/\/secure.gravatar.com\/avatar\/de1c686c2ecc9c5a3f327e3431d819eb39f8f05d4e1045f5a1caad6daaba987f?s=96&d=mm&r=g\",\"contentUrl\":\"https:\/\/secure.gravatar.com\/avatar\/de1c686c2ecc9c5a3f327e3431d819eb39f8f05d4e1045f5a1caad6daaba987f?s=96&d=mm&r=g\",\"caption\":\"Equipe MH\"}}]}<\/script>\n<!-- \/ Yoast SEO plugin. -->","yoast_head_json":{"title":"STJ: Falta de ado\u00e7\u00e3o inviabiliza revers\u00e3o de pens\u00e3o para filha de militar | Portal de Not\u00edcias","robots":{"index":"index","follow":"follow","max-snippet":"max-snippet:-1","max-image-preview":"max-image-preview:large","max-video-preview":"max-video-preview:-1"},"canonical":"https:\/\/mhcalculos.com.br\/noticias\/area\/previdenciario\/stj-falta-de-adocao-inviabiliza-reversao-de-pensao-para-filha-de-militar.html","og_locale":"pt_BR","og_type":"article","og_title":"STJ: Falta de ado\u00e7\u00e3o inviabiliza revers\u00e3o de pens\u00e3o para filha de militar | Portal de Not\u00edcias","og_description":"A Primeira Turma do Superior Tribunal de Justi&ccedil;a (STJ) acolheu recurso da Uni&atilde;o para impedir a revers&atilde;o de uma pens&atilde;o militar por morte, que passaria da vi&uacute;va para uma filha de cria&ccedil;&atilde;o do casal &ndash; a qual, na &eacute;poca da morte do militar, n&atilde;o era adotada formalmente. Segundo as informa&ccedil;&otilde;es do processo, a recorrida foi [&hellip;]","og_url":"https:\/\/mhcalculos.com.br\/noticias\/area\/previdenciario\/stj-falta-de-adocao-inviabiliza-reversao-de-pensao-para-filha-de-militar.html","og_site_name":"Portal de Not\u00edcias","article_published_time":"2019-05-23T03:00:15+00:00","article_modified_time":"2021-07-28T17:32:46+00:00","og_image":[{"width":2000,"height":800,"url":"https:\/\/mhcalculos.com.br\/noticias\/wp-content\/uploads\/sites\/2\/2018\/06\/judiciario-0037.jpg","type":"image\/jpeg"}],"author":"Equipe MH","twitter_card":"summary_large_image","twitter_misc":{"Escrito por":"Equipe MH","Est. tempo de leitura":"2 minutos"},"schema":{"@context":"https:\/\/schema.org","@graph":[{"@type":"Article","@id":"https:\/\/mhcalculos.com.br\/noticias\/area\/previdenciario\/stj-falta-de-adocao-inviabiliza-reversao-de-pensao-para-filha-de-militar.html#article","isPartOf":{"@id":"https:\/\/mhcalculos.com.br\/noticias\/area\/previdenciario\/stj-falta-de-adocao-inviabiliza-reversao-de-pensao-para-filha-de-militar.html"},"author":{"name":"Equipe MH","@id":"https:\/\/mhcalculos.com.br\/noticias\/#\/schema\/person\/88d1c34bf72dc779ea14a5a6b8e0ae8d"},"headline":"STJ: Falta de ado\u00e7\u00e3o inviabiliza revers\u00e3o de pens\u00e3o para filha de militar","datePublished":"2019-05-23T03:00:15+00:00","dateModified":"2021-07-28T17:32:46+00:00","mainEntityOfPage":{"@id":"https:\/\/mhcalculos.com.br\/noticias\/area\/previdenciario\/stj-falta-de-adocao-inviabiliza-reversao-de-pensao-para-filha-de-militar.html"},"wordCount":472,"commentCount":0,"image":{"@id":"https:\/\/mhcalculos.com.br\/noticias\/area\/previdenciario\/stj-falta-de-adocao-inviabiliza-reversao-de-pensao-para-filha-de-militar.html#primaryimage"},"thumbnailUrl":"https:\/\/mhcalculos.com.br\/noticias\/wp-content\/uploads\/sites\/2\/2018\/06\/judiciario-0037.jpg","keywords":["aposentadoria","c\u00e1lculos previdenci\u00e1rios","direito previdenci\u00e1rio","inss","per\u00edcia","perito","stj"],"articleSection":["Direito Previdenci\u00e1rio","STJ"],"inLanguage":"pt-BR","potentialAction":[{"@type":"CommentAction","name":"Comment","target":["https:\/\/mhcalculos.com.br\/noticias\/area\/previdenciario\/stj-falta-de-adocao-inviabiliza-reversao-de-pensao-para-filha-de-militar.html#respond"]}]},{"@type":"WebPage","@id":"https:\/\/mhcalculos.com.br\/noticias\/area\/previdenciario\/stj-falta-de-adocao-inviabiliza-reversao-de-pensao-para-filha-de-militar.html","url":"https:\/\/mhcalculos.com.br\/noticias\/area\/previdenciario\/stj-falta-de-adocao-inviabiliza-reversao-de-pensao-para-filha-de-militar.html","name":"STJ: Falta de ado\u00e7\u00e3o inviabiliza revers\u00e3o de pens\u00e3o para filha de militar | Portal de Not\u00edcias","isPartOf":{"@id":"https:\/\/mhcalculos.com.br\/noticias\/#website"},"primaryImageOfPage":{"@id":"https:\/\/mhcalculos.com.br\/noticias\/area\/previdenciario\/stj-falta-de-adocao-inviabiliza-reversao-de-pensao-para-filha-de-militar.html#primaryimage"},"image":{"@id":"https:\/\/mhcalculos.com.br\/noticias\/area\/previdenciario\/stj-falta-de-adocao-inviabiliza-reversao-de-pensao-para-filha-de-militar.html#primaryimage"},"thumbnailUrl":"https:\/\/mhcalculos.com.br\/noticias\/wp-content\/uploads\/sites\/2\/2018\/06\/judiciario-0037.jpg","datePublished":"2019-05-23T03:00:15+00:00","dateModified":"2021-07-28T17:32:46+00:00","author":{"@id":"https:\/\/mhcalculos.com.br\/noticias\/#\/schema\/person\/88d1c34bf72dc779ea14a5a6b8e0ae8d"},"breadcrumb":{"@id":"https:\/\/mhcalculos.com.br\/noticias\/area\/previdenciario\/stj-falta-de-adocao-inviabiliza-reversao-de-pensao-para-filha-de-militar.html#breadcrumb"},"inLanguage":"pt-BR","potentialAction":[{"@type":"ReadAction","target":["https:\/\/mhcalculos.com.br\/noticias\/area\/previdenciario\/stj-falta-de-adocao-inviabiliza-reversao-de-pensao-para-filha-de-militar.html"]}]},{"@type":"ImageObject","inLanguage":"pt-BR","@id":"https:\/\/mhcalculos.com.br\/noticias\/area\/previdenciario\/stj-falta-de-adocao-inviabiliza-reversao-de-pensao-para-filha-de-militar.html#primaryimage","url":"https:\/\/mhcalculos.com.br\/noticias\/wp-content\/uploads\/sites\/2\/2018\/06\/judiciario-0037.jpg","contentUrl":"https:\/\/mhcalculos.com.br\/noticias\/wp-content\/uploads\/sites\/2\/2018\/06\/judiciario-0037.jpg","width":2000,"height":800},{"@type":"BreadcrumbList","@id":"https:\/\/mhcalculos.com.br\/noticias\/area\/previdenciario\/stj-falta-de-adocao-inviabiliza-reversao-de-pensao-para-filha-de-militar.html#breadcrumb","itemListElement":[{"@type":"ListItem","position":1,"name":"In\u00edcio","item":"https:\/\/mhcalculos.com.br\/noticias\/"},{"@type":"ListItem","position":2,"name":"STJ: Falta de ado\u00e7\u00e3o inviabiliza revers\u00e3o de pens\u00e3o para filha de militar"}]},{"@type":"WebSite","@id":"https:\/\/mhcalculos.com.br\/noticias\/#website","url":"https:\/\/mhcalculos.com.br\/noticias\/","name":"Portal de Not\u00edcias","description":"Not\u00edcias e Jurisprud\u00eancia","potentialAction":[{"@type":"SearchAction","target":{"@type":"EntryPoint","urlTemplate":"https:\/\/mhcalculos.com.br\/noticias\/?s={search_term_string}"},"query-input":{"@type":"PropertyValueSpecification","valueRequired":true,"valueName":"search_term_string"}}],"inLanguage":"pt-BR"},{"@type":"Person","@id":"https:\/\/mhcalculos.com.br\/noticias\/#\/schema\/person\/88d1c34bf72dc779ea14a5a6b8e0ae8d","name":"Equipe MH","image":{"@type":"ImageObject","inLanguage":"pt-BR","@id":"https:\/\/secure.gravatar.com\/avatar\/de1c686c2ecc9c5a3f327e3431d819eb39f8f05d4e1045f5a1caad6daaba987f?s=96&d=mm&r=g","url":"https:\/\/secure.gravatar.com\/avatar\/de1c686c2ecc9c5a3f327e3431d819eb39f8f05d4e1045f5a1caad6daaba987f?s=96&d=mm&r=g","contentUrl":"https:\/\/secure.gravatar.com\/avatar\/de1c686c2ecc9c5a3f327e3431d819eb39f8f05d4e1045f5a1caad6daaba987f?s=96&d=mm&r=g","caption":"Equipe MH"}}]}},"_links":{"self":[{"href":"https:\/\/mhcalculos.com.br\/noticias\/wp-json\/wp\/v2\/posts\/4269","targetHints":{"allow":["GET"]}}],"collection":[{"href":"https:\/\/mhcalculos.com.br\/noticias\/wp-json\/wp\/v2\/posts"}],"about":[{"href":"https:\/\/mhcalculos.com.br\/noticias\/wp-json\/wp\/v2\/types\/post"}],"author":[{"embeddable":true,"href":"https:\/\/mhcalculos.com.br\/noticias\/wp-json\/wp\/v2\/users\/3063"}],"replies":[{"embeddable":true,"href":"https:\/\/mhcalculos.com.br\/noticias\/wp-json\/wp\/v2\/comments?post=4269"}],"version-history":[{"count":1,"href":"https:\/\/mhcalculos.com.br\/noticias\/wp-json\/wp\/v2\/posts\/4269\/revisions"}],"predecessor-version":[{"id":9847,"href":"https:\/\/mhcalculos.com.br\/noticias\/wp-json\/wp\/v2\/posts\/4269\/revisions\/9847"}],"wp:featuredmedia":[{"embeddable":true,"href":"https:\/\/mhcalculos.com.br\/noticias\/wp-json\/wp\/v2\/media\/1825"}],"wp:attachment":[{"href":"https:\/\/mhcalculos.com.br\/noticias\/wp-json\/wp\/v2\/media?parent=4269"}],"wp:term":[{"taxonomy":"category","embeddable":true,"href":"https:\/\/mhcalculos.com.br\/noticias\/wp-json\/wp\/v2\/categories?post=4269"},{"taxonomy":"post_tag","embeddable":true,"href":"https:\/\/mhcalculos.com.br\/noticias\/wp-json\/wp\/v2\/tags?post=4269"}],"curies":[{"name":"wp","href":"https:\/\/api.w.org\/{rel}","templated":true}]}}