{"id":4218,"date":"2019-05-13T07:00:00","date_gmt":"2019-05-13T10:00:00","guid":{"rendered":"https:\/\/mhcalculos.com.br\/noticias\/2019\/05\/13\/tst-gerencia-geral-de-agencia-compartilhada-nao-caracteriza-cargo-de-gestao\/"},"modified":"2021-07-28T14:32:50","modified_gmt":"2021-07-28T17:32:50","slug":"tst-gerencia-geral-de-agencia-compartilhada-nao-caracteriza-cargo-de-gestao","status":"publish","type":"post","link":"https:\/\/mhcalculos.com.br\/noticias\/area\/trabalhista\/tst-gerencia-geral-de-agencia-compartilhada-nao-caracteriza-cargo-de-gestao.html","title":{"rendered":"TST: Ger\u00eancia geral de ag\u00eancia compartilhada n\u00e3o caracteriza cargo de gest\u00e3o"},"content":{"rendered":"<p><br \/>\n  <\/p>\n<p ><em>O ocupante do cargo n\u00e3o \u00e9 a \u00fanica autoridade m\u00e1xima da ag\u00eancia.<\/em><\/p>\n<p >A Sexta Turma do Tribunal Superior do Trabalho entendeu que um ex-gerente comercial do Santander (Brasil) S.A. que compartilhava a ger\u00eancia geral de uma ag\u00eancia em Belo Horizonte (MG) n\u00e3o se enquadra na regra da CLT que afasta o pagamento de horas extras. De acordo com a jurisprud\u00eancia do TST, banc\u00e1rios que exercem a ger\u00eancia comercial ou a ger\u00eancia operacional n\u00e3o se revestem individualmente de autoridade m\u00e1xima na ag\u00eancia.<\/p>\n<p ><strong>Exce\u00e7\u00f5es<\/strong><\/p>\n<p >O artigo 62, inciso II, da CLT excepciona os gerentes da dura\u00e7\u00e3o normal da jornada (oito horas), \u201cassim considerados os exercentes de cargos de gest\u00e3o\u201d. O artigo 224, par\u00e1grafo 2\u00ba, por sua vez, excluiu da jornada especial de seis horas os banc\u00e1rios que exercem fun\u00e7\u00f5es de dire\u00e7\u00e3o, ger\u00eancia, fiscaliza\u00e7\u00e3o, chefia e equivalentes ou que desempenhem outros cargos de confian\u00e7a, desde que o valor da gratifica\u00e7\u00e3o n\u00e3o seja inferior a um ter\u00e7o do sal\u00e1rio do cargo efetivo.&nbsp;&nbsp;&nbsp;&nbsp;&nbsp;&nbsp;&nbsp;&nbsp;&nbsp;<\/p>\n<p ><strong>Pr\u00e1tica normal<\/strong><\/p>\n<p >Na reclama\u00e7\u00e3o trabalhista, o banc\u00e1rio disse que o contrato&nbsp;previa&nbsp;jornada de oito horas, mas que o trabalho ultrapassava esse limite diariamente, \u00e0s vezes se estendendo at\u00e9 \u00e0s 22h. Ele sustentou que n\u00e3o tinha poderes de gest\u00e3o, pois se reportava \u00e0 superintend\u00eancia no caso de precisar sair mais cedo, e que assinava de forma conjunta documentos com o outro gerente. Por isso, entendia que tinha direito ao pagamento das horas extras.<\/p>\n<p >Para o Tribunal Regional do Trabalho da 3\u00aa Regi\u00e3o (MG), no entanto, o fato de o gerente ter de se reportar ao superintendente n\u00e3o afasta o enquadramento na exce\u00e7\u00e3o da CLT, porque n\u00e3o constitui controle de jornada. Ainda conforme o TRT, a pr\u00e1tica de assinatura conjunta tamb\u00e9m n\u00e3o desnatura o cargo de gest\u00e3o, por tratar-se de pr\u00e1tica normal em estabelecimentos banc\u00e1rios, visando \u00e0 seguran\u00e7a da transa\u00e7\u00e3o.<\/p>\n<p ><strong>Jurisprud\u00eancia<\/strong><\/p>\n<p >A relatora do recurso de revista do banc\u00e1rio, ministra K\u00e1tia Magalh\u00e3es Arruda, destacou que, segundo o TRT, a estrutura administrativa da ag\u00eancia apresentava, no topo, o pr\u00f3prio empregado, no cargo de gerente operacional, juntamente e de forma compartilhada com o gerente operacional. \u201cEm casos como esse, em que a administra\u00e7\u00e3o da ag\u00eancia banc\u00e1ria \u00e9 exercida de forma compartilhada entre o gerente comercial e o gerente operacional, a jurisprud\u00eancia do TST se firmou no sentido de que n\u00e3o h\u00e1 incid\u00eancia do artigo 62, inciso II, da CLT\u201d, afirmou.<\/p>\n<p >Por unanimidade, a Turma reconheceu o enquadramento do banc\u00e1rio no artigo 224, par\u00e1grafo 2\u00ba, da CLT.&nbsp;O processo agora retornar\u00e1 ao ju\u00edzo de primeiro grau para o exame de todos os aspectos apontados pelo gerente no pedido de horas extras, como o intervalo intrajornada e a jornada em atividade externa em campanhas universit\u00e1rias.<\/p>\n<p >(RR\/CF)<\/p>\n<p >Processo: <a href=\"http:\/\/aplicacao4.tst.jus.br\/consultaProcessual\/consultaTstNumUnica.do?consulta=Consultar&amp;conscsjt=&amp;numeroTst=10671&amp;digitoTst=39&amp;anoTst=2015&amp;orgaoTst=5&amp;tribunalTst=03&amp;varaTst=&amp;submit=Consultar\" target=\"_blank\" rel=\"noopener\">RR-10671-39.2015.5.03.0005<\/a><\/p>\n<p> O TST possui oito Turmas, cada uma composta de tr\u00eas ministros, com a atribui\u00e7\u00e3o de analisar recursos de revista, agravos, agravos de instrumento, agravos regimentais e recursos ordin\u00e1rios em a\u00e7\u00e3o cautelar. Das decis\u00f5es das Turmas, a parte ainda pode, em alguns casos, recorrer \u00e0 Subse\u00e7\u00e3o I Especializada em Diss\u00eddios Individuais (SBDI-1). <strong>Esta mat\u00e9ria tem cunho meramente informativo.<br \/> Permitida a reprodu\u00e7\u00e3o mediante cita\u00e7\u00e3o da fonte.<br \/> Secretaria de Comunica\u00e7\u00e3o Social<br \/> <a href=\"http:\/\/www.tst.jus.br\/\" target=\"_blank\" rel=\"noopener\">Tribunal Superior do Trabalho<\/a><\/strong><br \/> <strong>Tel. (61) 3043-4907<br \/> <a href=\"mailto:secom@tst.jus.br\">secom@tst.jus.br<\/a><\/strong>       <\/br><br \/>\n<br \/><i>Com informa\u00e7\u00f5es da assessoria de imprensa do TST.<\/i><br \/>\n<br \/><a href=\"http:\/\/www.tst.jus.br\/web\/guest\/noticias?p_p_id=89Dk&#038;p_p_lifecycle=0&#038;refererPlid=10730&#038;_89Dk_struts_action=%2Fjournal_content%2Fview&#038;_89Dk_groupId=10157&#038;_89Dk_articleId=24879298\">Fonte<\/a><br \/>\n<br \/><\/p>\n","protected":false},"excerpt":{"rendered":"<p>O ocupante do cargo n\u00e3o \u00e9 a \u00fanica autoridade m\u00e1xima da ag\u00eancia. A Sexta Turma do Tribunal Superior do Trabalho entendeu que um ex-gerente comercial do Santander (Brasil) S.A. que compartilhava a ger\u00eancia geral de uma ag\u00eancia em Belo Horizonte (MG) n\u00e3o se enquadra na regra da CLT que afasta o pagamento de horas extras. [&hellip;]<\/p>\n","protected":false},"author":3063,"featured_media":4201,"comment_status":"open","ping_status":"open","sticky":false,"template":"","format":"standard","meta":{"footnotes":""},"categories":[3,21],"tags":[33,216,9,12,217,215],"class_list":{"0":"post-4218","1":"post","2":"type-post","3":"status-publish","4":"format-standard","5":"has-post-thumbnail","7":"category-trabalhista","8":"category-tst","9":"tag-calculos-trabalhistas","10":"tag-direito-trabalhista","11":"tag-pericia","12":"tag-perito","13":"tag-trabalho","14":"tag-tst"},"yoast_head":"<!-- This site is optimized with the Yoast SEO plugin v27.2 - https:\/\/yoast.com\/product\/yoast-seo-wordpress\/ -->\n<title>TST: Ger\u00eancia geral de ag\u00eancia compartilhada n\u00e3o caracteriza cargo de gest\u00e3o | Portal de Not\u00edcias<\/title>\n<meta name=\"robots\" content=\"index, follow, max-snippet:-1, max-image-preview:large, max-video-preview:-1\" \/>\n<link rel=\"canonical\" href=\"https:\/\/mhcalculos.com.br\/noticias\/area\/trabalhista\/tst-gerencia-geral-de-agencia-compartilhada-nao-caracteriza-cargo-de-gestao.html\" \/>\n<meta property=\"og:locale\" content=\"pt_BR\" \/>\n<meta property=\"og:type\" content=\"article\" \/>\n<meta property=\"og:title\" content=\"TST: Ger\u00eancia geral de ag\u00eancia compartilhada n\u00e3o caracteriza cargo de gest\u00e3o | Portal de Not\u00edcias\" \/>\n<meta property=\"og:description\" content=\"O ocupante do cargo n\u00e3o \u00e9 a \u00fanica autoridade m\u00e1xima da ag\u00eancia. A Sexta Turma do Tribunal Superior do Trabalho entendeu que um ex-gerente comercial do Santander (Brasil) S.A. que compartilhava a ger\u00eancia geral de uma ag\u00eancia em Belo Horizonte (MG) n\u00e3o se enquadra na regra da CLT que afasta o pagamento de horas extras. [&hellip;]\" \/>\n<meta property=\"og:url\" content=\"https:\/\/mhcalculos.com.br\/noticias\/area\/trabalhista\/tst-gerencia-geral-de-agencia-compartilhada-nao-caracteriza-cargo-de-gestao.html\" \/>\n<meta property=\"og:site_name\" content=\"Portal de Not\u00edcias\" \/>\n<meta property=\"article:published_time\" content=\"2019-05-13T10:00:00+00:00\" \/>\n<meta property=\"article:modified_time\" content=\"2021-07-28T17:32:50+00:00\" \/>\n<meta property=\"og:image\" content=\"https:\/\/mhcalculos.com.br\/noticias\/wp-content\/uploads\/sites\/2\/2019\/05\/trabalhista-0029.jpg\" \/>\n\t<meta property=\"og:image:width\" content=\"2000\" \/>\n\t<meta property=\"og:image:height\" content=\"800\" \/>\n\t<meta property=\"og:image:type\" content=\"image\/jpeg\" \/>\n<meta name=\"author\" content=\"Equipe MH\" \/>\n<meta name=\"twitter:card\" content=\"summary_large_image\" \/>\n<meta name=\"twitter:label1\" content=\"Escrito por\" \/>\n\t<meta name=\"twitter:data1\" content=\"Equipe MH\" \/>\n\t<meta name=\"twitter:label2\" content=\"Est. tempo de leitura\" \/>\n\t<meta name=\"twitter:data2\" content=\"3 minutos\" \/>\n<script type=\"application\/ld+json\" class=\"yoast-schema-graph\">{\"@context\":\"https:\/\/schema.org\",\"@graph\":[{\"@type\":\"Article\",\"@id\":\"https:\/\/mhcalculos.com.br\/noticias\/area\/trabalhista\/tst-gerencia-geral-de-agencia-compartilhada-nao-caracteriza-cargo-de-gestao.html#article\",\"isPartOf\":{\"@id\":\"https:\/\/mhcalculos.com.br\/noticias\/area\/trabalhista\/tst-gerencia-geral-de-agencia-compartilhada-nao-caracteriza-cargo-de-gestao.html\"},\"author\":{\"name\":\"Equipe MH\",\"@id\":\"https:\/\/mhcalculos.com.br\/noticias\/#\/schema\/person\/88d1c34bf72dc779ea14a5a6b8e0ae8d\"},\"headline\":\"TST: Ger\u00eancia geral de ag\u00eancia compartilhada n\u00e3o caracteriza cargo de gest\u00e3o\",\"datePublished\":\"2019-05-13T10:00:00+00:00\",\"dateModified\":\"2021-07-28T17:32:50+00:00\",\"mainEntityOfPage\":{\"@id\":\"https:\/\/mhcalculos.com.br\/noticias\/area\/trabalhista\/tst-gerencia-geral-de-agencia-compartilhada-nao-caracteriza-cargo-de-gestao.html\"},\"wordCount\":621,\"commentCount\":0,\"image\":{\"@id\":\"https:\/\/mhcalculos.com.br\/noticias\/area\/trabalhista\/tst-gerencia-geral-de-agencia-compartilhada-nao-caracteriza-cargo-de-gestao.html#primaryimage\"},\"thumbnailUrl\":\"https:\/\/mhcalculos.com.br\/noticias\/wp-content\/uploads\/sites\/2\/2019\/05\/trabalhista-0029.jpg\",\"keywords\":[\"c\u00e1lculos trabalhistas\",\"direito trabalhista\",\"per\u00edcia\",\"perito\",\"trabalho\",\"TST\"],\"articleSection\":[\"Direito Trabalhista\",\"TST\"],\"inLanguage\":\"pt-BR\",\"potentialAction\":[{\"@type\":\"CommentAction\",\"name\":\"Comment\",\"target\":[\"https:\/\/mhcalculos.com.br\/noticias\/area\/trabalhista\/tst-gerencia-geral-de-agencia-compartilhada-nao-caracteriza-cargo-de-gestao.html#respond\"]}]},{\"@type\":\"WebPage\",\"@id\":\"https:\/\/mhcalculos.com.br\/noticias\/area\/trabalhista\/tst-gerencia-geral-de-agencia-compartilhada-nao-caracteriza-cargo-de-gestao.html\",\"url\":\"https:\/\/mhcalculos.com.br\/noticias\/area\/trabalhista\/tst-gerencia-geral-de-agencia-compartilhada-nao-caracteriza-cargo-de-gestao.html\",\"name\":\"TST: Ger\u00eancia geral de ag\u00eancia compartilhada n\u00e3o caracteriza cargo de gest\u00e3o | Portal de Not\u00edcias\",\"isPartOf\":{\"@id\":\"https:\/\/mhcalculos.com.br\/noticias\/#website\"},\"primaryImageOfPage\":{\"@id\":\"https:\/\/mhcalculos.com.br\/noticias\/area\/trabalhista\/tst-gerencia-geral-de-agencia-compartilhada-nao-caracteriza-cargo-de-gestao.html#primaryimage\"},\"image\":{\"@id\":\"https:\/\/mhcalculos.com.br\/noticias\/area\/trabalhista\/tst-gerencia-geral-de-agencia-compartilhada-nao-caracteriza-cargo-de-gestao.html#primaryimage\"},\"thumbnailUrl\":\"https:\/\/mhcalculos.com.br\/noticias\/wp-content\/uploads\/sites\/2\/2019\/05\/trabalhista-0029.jpg\",\"datePublished\":\"2019-05-13T10:00:00+00:00\",\"dateModified\":\"2021-07-28T17:32:50+00:00\",\"author\":{\"@id\":\"https:\/\/mhcalculos.com.br\/noticias\/#\/schema\/person\/88d1c34bf72dc779ea14a5a6b8e0ae8d\"},\"breadcrumb\":{\"@id\":\"https:\/\/mhcalculos.com.br\/noticias\/area\/trabalhista\/tst-gerencia-geral-de-agencia-compartilhada-nao-caracteriza-cargo-de-gestao.html#breadcrumb\"},\"inLanguage\":\"pt-BR\",\"potentialAction\":[{\"@type\":\"ReadAction\",\"target\":[\"https:\/\/mhcalculos.com.br\/noticias\/area\/trabalhista\/tst-gerencia-geral-de-agencia-compartilhada-nao-caracteriza-cargo-de-gestao.html\"]}]},{\"@type\":\"ImageObject\",\"inLanguage\":\"pt-BR\",\"@id\":\"https:\/\/mhcalculos.com.br\/noticias\/area\/trabalhista\/tst-gerencia-geral-de-agencia-compartilhada-nao-caracteriza-cargo-de-gestao.html#primaryimage\",\"url\":\"https:\/\/mhcalculos.com.br\/noticias\/wp-content\/uploads\/sites\/2\/2019\/05\/trabalhista-0029.jpg\",\"contentUrl\":\"https:\/\/mhcalculos.com.br\/noticias\/wp-content\/uploads\/sites\/2\/2019\/05\/trabalhista-0029.jpg\",\"width\":2000,\"height\":800},{\"@type\":\"BreadcrumbList\",\"@id\":\"https:\/\/mhcalculos.com.br\/noticias\/area\/trabalhista\/tst-gerencia-geral-de-agencia-compartilhada-nao-caracteriza-cargo-de-gestao.html#breadcrumb\",\"itemListElement\":[{\"@type\":\"ListItem\",\"position\":1,\"name\":\"In\u00edcio\",\"item\":\"https:\/\/mhcalculos.com.br\/noticias\/\"},{\"@type\":\"ListItem\",\"position\":2,\"name\":\"TST: Ger\u00eancia geral de ag\u00eancia compartilhada n\u00e3o caracteriza cargo de gest\u00e3o\"}]},{\"@type\":\"WebSite\",\"@id\":\"https:\/\/mhcalculos.com.br\/noticias\/#website\",\"url\":\"https:\/\/mhcalculos.com.br\/noticias\/\",\"name\":\"Portal de Not\u00edcias\",\"description\":\"Not\u00edcias e Jurisprud\u00eancia\",\"potentialAction\":[{\"@type\":\"SearchAction\",\"target\":{\"@type\":\"EntryPoint\",\"urlTemplate\":\"https:\/\/mhcalculos.com.br\/noticias\/?s={search_term_string}\"},\"query-input\":{\"@type\":\"PropertyValueSpecification\",\"valueRequired\":true,\"valueName\":\"search_term_string\"}}],\"inLanguage\":\"pt-BR\"},{\"@type\":\"Person\",\"@id\":\"https:\/\/mhcalculos.com.br\/noticias\/#\/schema\/person\/88d1c34bf72dc779ea14a5a6b8e0ae8d\",\"name\":\"Equipe MH\",\"image\":{\"@type\":\"ImageObject\",\"inLanguage\":\"pt-BR\",\"@id\":\"https:\/\/secure.gravatar.com\/avatar\/de1c686c2ecc9c5a3f327e3431d819eb39f8f05d4e1045f5a1caad6daaba987f?s=96&d=mm&r=g\",\"url\":\"https:\/\/secure.gravatar.com\/avatar\/de1c686c2ecc9c5a3f327e3431d819eb39f8f05d4e1045f5a1caad6daaba987f?s=96&d=mm&r=g\",\"contentUrl\":\"https:\/\/secure.gravatar.com\/avatar\/de1c686c2ecc9c5a3f327e3431d819eb39f8f05d4e1045f5a1caad6daaba987f?s=96&d=mm&r=g\",\"caption\":\"Equipe MH\"}}]}<\/script>\n<!-- \/ Yoast SEO plugin. -->","yoast_head_json":{"title":"TST: Ger\u00eancia geral de ag\u00eancia compartilhada n\u00e3o caracteriza cargo de gest\u00e3o | Portal de Not\u00edcias","robots":{"index":"index","follow":"follow","max-snippet":"max-snippet:-1","max-image-preview":"max-image-preview:large","max-video-preview":"max-video-preview:-1"},"canonical":"https:\/\/mhcalculos.com.br\/noticias\/area\/trabalhista\/tst-gerencia-geral-de-agencia-compartilhada-nao-caracteriza-cargo-de-gestao.html","og_locale":"pt_BR","og_type":"article","og_title":"TST: Ger\u00eancia geral de ag\u00eancia compartilhada n\u00e3o caracteriza cargo de gest\u00e3o | Portal de Not\u00edcias","og_description":"O ocupante do cargo n\u00e3o \u00e9 a \u00fanica autoridade m\u00e1xima da ag\u00eancia. A Sexta Turma do Tribunal Superior do Trabalho entendeu que um ex-gerente comercial do Santander (Brasil) S.A. que compartilhava a ger\u00eancia geral de uma ag\u00eancia em Belo Horizonte (MG) n\u00e3o se enquadra na regra da CLT que afasta o pagamento de horas extras. [&hellip;]","og_url":"https:\/\/mhcalculos.com.br\/noticias\/area\/trabalhista\/tst-gerencia-geral-de-agencia-compartilhada-nao-caracteriza-cargo-de-gestao.html","og_site_name":"Portal de Not\u00edcias","article_published_time":"2019-05-13T10:00:00+00:00","article_modified_time":"2021-07-28T17:32:50+00:00","og_image":[{"width":2000,"height":800,"url":"https:\/\/mhcalculos.com.br\/noticias\/wp-content\/uploads\/sites\/2\/2019\/05\/trabalhista-0029.jpg","type":"image\/jpeg"}],"author":"Equipe MH","twitter_card":"summary_large_image","twitter_misc":{"Escrito por":"Equipe MH","Est. tempo de leitura":"3 minutos"},"schema":{"@context":"https:\/\/schema.org","@graph":[{"@type":"Article","@id":"https:\/\/mhcalculos.com.br\/noticias\/area\/trabalhista\/tst-gerencia-geral-de-agencia-compartilhada-nao-caracteriza-cargo-de-gestao.html#article","isPartOf":{"@id":"https:\/\/mhcalculos.com.br\/noticias\/area\/trabalhista\/tst-gerencia-geral-de-agencia-compartilhada-nao-caracteriza-cargo-de-gestao.html"},"author":{"name":"Equipe MH","@id":"https:\/\/mhcalculos.com.br\/noticias\/#\/schema\/person\/88d1c34bf72dc779ea14a5a6b8e0ae8d"},"headline":"TST: Ger\u00eancia geral de ag\u00eancia compartilhada n\u00e3o caracteriza cargo de gest\u00e3o","datePublished":"2019-05-13T10:00:00+00:00","dateModified":"2021-07-28T17:32:50+00:00","mainEntityOfPage":{"@id":"https:\/\/mhcalculos.com.br\/noticias\/area\/trabalhista\/tst-gerencia-geral-de-agencia-compartilhada-nao-caracteriza-cargo-de-gestao.html"},"wordCount":621,"commentCount":0,"image":{"@id":"https:\/\/mhcalculos.com.br\/noticias\/area\/trabalhista\/tst-gerencia-geral-de-agencia-compartilhada-nao-caracteriza-cargo-de-gestao.html#primaryimage"},"thumbnailUrl":"https:\/\/mhcalculos.com.br\/noticias\/wp-content\/uploads\/sites\/2\/2019\/05\/trabalhista-0029.jpg","keywords":["c\u00e1lculos trabalhistas","direito trabalhista","per\u00edcia","perito","trabalho","TST"],"articleSection":["Direito Trabalhista","TST"],"inLanguage":"pt-BR","potentialAction":[{"@type":"CommentAction","name":"Comment","target":["https:\/\/mhcalculos.com.br\/noticias\/area\/trabalhista\/tst-gerencia-geral-de-agencia-compartilhada-nao-caracteriza-cargo-de-gestao.html#respond"]}]},{"@type":"WebPage","@id":"https:\/\/mhcalculos.com.br\/noticias\/area\/trabalhista\/tst-gerencia-geral-de-agencia-compartilhada-nao-caracteriza-cargo-de-gestao.html","url":"https:\/\/mhcalculos.com.br\/noticias\/area\/trabalhista\/tst-gerencia-geral-de-agencia-compartilhada-nao-caracteriza-cargo-de-gestao.html","name":"TST: Ger\u00eancia geral de ag\u00eancia compartilhada n\u00e3o caracteriza cargo de gest\u00e3o | Portal de Not\u00edcias","isPartOf":{"@id":"https:\/\/mhcalculos.com.br\/noticias\/#website"},"primaryImageOfPage":{"@id":"https:\/\/mhcalculos.com.br\/noticias\/area\/trabalhista\/tst-gerencia-geral-de-agencia-compartilhada-nao-caracteriza-cargo-de-gestao.html#primaryimage"},"image":{"@id":"https:\/\/mhcalculos.com.br\/noticias\/area\/trabalhista\/tst-gerencia-geral-de-agencia-compartilhada-nao-caracteriza-cargo-de-gestao.html#primaryimage"},"thumbnailUrl":"https:\/\/mhcalculos.com.br\/noticias\/wp-content\/uploads\/sites\/2\/2019\/05\/trabalhista-0029.jpg","datePublished":"2019-05-13T10:00:00+00:00","dateModified":"2021-07-28T17:32:50+00:00","author":{"@id":"https:\/\/mhcalculos.com.br\/noticias\/#\/schema\/person\/88d1c34bf72dc779ea14a5a6b8e0ae8d"},"breadcrumb":{"@id":"https:\/\/mhcalculos.com.br\/noticias\/area\/trabalhista\/tst-gerencia-geral-de-agencia-compartilhada-nao-caracteriza-cargo-de-gestao.html#breadcrumb"},"inLanguage":"pt-BR","potentialAction":[{"@type":"ReadAction","target":["https:\/\/mhcalculos.com.br\/noticias\/area\/trabalhista\/tst-gerencia-geral-de-agencia-compartilhada-nao-caracteriza-cargo-de-gestao.html"]}]},{"@type":"ImageObject","inLanguage":"pt-BR","@id":"https:\/\/mhcalculos.com.br\/noticias\/area\/trabalhista\/tst-gerencia-geral-de-agencia-compartilhada-nao-caracteriza-cargo-de-gestao.html#primaryimage","url":"https:\/\/mhcalculos.com.br\/noticias\/wp-content\/uploads\/sites\/2\/2019\/05\/trabalhista-0029.jpg","contentUrl":"https:\/\/mhcalculos.com.br\/noticias\/wp-content\/uploads\/sites\/2\/2019\/05\/trabalhista-0029.jpg","width":2000,"height":800},{"@type":"BreadcrumbList","@id":"https:\/\/mhcalculos.com.br\/noticias\/area\/trabalhista\/tst-gerencia-geral-de-agencia-compartilhada-nao-caracteriza-cargo-de-gestao.html#breadcrumb","itemListElement":[{"@type":"ListItem","position":1,"name":"In\u00edcio","item":"https:\/\/mhcalculos.com.br\/noticias\/"},{"@type":"ListItem","position":2,"name":"TST: Ger\u00eancia geral de ag\u00eancia compartilhada n\u00e3o caracteriza cargo de gest\u00e3o"}]},{"@type":"WebSite","@id":"https:\/\/mhcalculos.com.br\/noticias\/#website","url":"https:\/\/mhcalculos.com.br\/noticias\/","name":"Portal de Not\u00edcias","description":"Not\u00edcias e Jurisprud\u00eancia","potentialAction":[{"@type":"SearchAction","target":{"@type":"EntryPoint","urlTemplate":"https:\/\/mhcalculos.com.br\/noticias\/?s={search_term_string}"},"query-input":{"@type":"PropertyValueSpecification","valueRequired":true,"valueName":"search_term_string"}}],"inLanguage":"pt-BR"},{"@type":"Person","@id":"https:\/\/mhcalculos.com.br\/noticias\/#\/schema\/person\/88d1c34bf72dc779ea14a5a6b8e0ae8d","name":"Equipe MH","image":{"@type":"ImageObject","inLanguage":"pt-BR","@id":"https:\/\/secure.gravatar.com\/avatar\/de1c686c2ecc9c5a3f327e3431d819eb39f8f05d4e1045f5a1caad6daaba987f?s=96&d=mm&r=g","url":"https:\/\/secure.gravatar.com\/avatar\/de1c686c2ecc9c5a3f327e3431d819eb39f8f05d4e1045f5a1caad6daaba987f?s=96&d=mm&r=g","contentUrl":"https:\/\/secure.gravatar.com\/avatar\/de1c686c2ecc9c5a3f327e3431d819eb39f8f05d4e1045f5a1caad6daaba987f?s=96&d=mm&r=g","caption":"Equipe MH"}}]}},"_links":{"self":[{"href":"https:\/\/mhcalculos.com.br\/noticias\/wp-json\/wp\/v2\/posts\/4218","targetHints":{"allow":["GET"]}}],"collection":[{"href":"https:\/\/mhcalculos.com.br\/noticias\/wp-json\/wp\/v2\/posts"}],"about":[{"href":"https:\/\/mhcalculos.com.br\/noticias\/wp-json\/wp\/v2\/types\/post"}],"author":[{"embeddable":true,"href":"https:\/\/mhcalculos.com.br\/noticias\/wp-json\/wp\/v2\/users\/3063"}],"replies":[{"embeddable":true,"href":"https:\/\/mhcalculos.com.br\/noticias\/wp-json\/wp\/v2\/comments?post=4218"}],"version-history":[{"count":1,"href":"https:\/\/mhcalculos.com.br\/noticias\/wp-json\/wp\/v2\/posts\/4218\/revisions"}],"predecessor-version":[{"id":9867,"href":"https:\/\/mhcalculos.com.br\/noticias\/wp-json\/wp\/v2\/posts\/4218\/revisions\/9867"}],"wp:featuredmedia":[{"embeddable":true,"href":"https:\/\/mhcalculos.com.br\/noticias\/wp-json\/wp\/v2\/media\/4201"}],"wp:attachment":[{"href":"https:\/\/mhcalculos.com.br\/noticias\/wp-json\/wp\/v2\/media?parent=4218"}],"wp:term":[{"taxonomy":"category","embeddable":true,"href":"https:\/\/mhcalculos.com.br\/noticias\/wp-json\/wp\/v2\/categories?post=4218"},{"taxonomy":"post_tag","embeddable":true,"href":"https:\/\/mhcalculos.com.br\/noticias\/wp-json\/wp\/v2\/tags?post=4218"}],"curies":[{"name":"wp","href":"https:\/\/api.w.org\/{rel}","templated":true}]}}