{"id":4154,"date":"2019-05-01T14:00:18","date_gmt":"2019-05-01T17:00:18","guid":{"rendered":"https:\/\/mhcalculos.com.br\/noticias\/2019\/05\/01\/trf4-em-menos-de-um-ano-eproc-chega-a-todas-as-comarcas-do-poder-judiciario-catarinense-30-04-2019\/"},"modified":"2021-07-28T14:32:54","modified_gmt":"2021-07-28T17:32:54","slug":"trf4-em-menos-de-um-ano-eproc-chega-a-todas-as-comarcas-do-poder-judiciario-catarinense-30-04-2019","status":"publish","type":"post","link":"https:\/\/mhcalculos.com.br\/noticias\/area\/previdenciario\/trf4-em-menos-de-um-ano-eproc-chega-a-todas-as-comarcas-do-poder-judiciario-catarinense-30-04-2019.html","title":{"rendered":"TRF4: Em menos de um ano, eproc chega a todas as comarcas do Poder Judici\u00e1rio catarinense (30\/04\/2019)"},"content":{"rendered":"<p><br \/>\n<\/p>\n<p>Antes de completar um ano do acordo de coopera\u00e7\u00e3o t\u00e9cnica para a cess\u00e3o do sistema de processo eletr\u00f4nico eproc com o Tribunal Regional Federal da 4\u00aa Regi\u00e3o (TRF4), formalizado em 16 de maio de 2018, o Tribunal de Justi\u00e7a de Santa Catarina (TJSC) concluiu ontem (29\/4) a implanta\u00e7\u00e3o da ferramenta em 128 unidades judiciais distribu\u00eddas por todas as 111 comarcas catarinenses.<\/p>\n<p>Outra novidade \u00e9 que, al\u00e9m de estar presente em 100% das comarcas de SC, o sistema passa a receber todas as novas a\u00e7\u00f5es da compet\u00eancia fazend\u00e1ria ajuizadas no Poder Judici\u00e1rio catarinense, qualquer que seja a classe processual ou assunto, incluindo as do juizado especial fazend\u00e1rio e seus recursos. A implanta\u00e7\u00e3o do sistema deve ter prosseguimento com a inclus\u00e3o das varas com compet\u00eancia para a\u00e7\u00f5es c\u00edveis a partir do dia 13 de maio.<\/p>\n<p>Em Santa Catarina, o eproc come\u00e7ou a operar de maneira experimental em julho de 2018, pela comarca de Palho\u00e7a. Durante os 11 meses de implanta\u00e7\u00e3o, com atua\u00e7\u00e3o de 22 frentes de trabalho, mais de tr\u00eas mil colaboradores foram capacitados.<\/p>\n<p>O eproc \u00e9 um sistema aberto, integr\u00e1vel a outras plataformas pelo padr\u00e3o nacional estabelecido pelo Conselho Nacional de Justi\u00e7a (CNJ), que \u00e9 o Modelo Nacional de Interoperabilidade (MNI).<\/p>\n<p>O sistema, cuja utiliza\u00e7\u00e3o \u00e9 considerada mais simples, agiliza a tramita\u00e7\u00e3o dos processos eletr\u00f4nicos e amplia a autonomia na defini\u00e7\u00e3o dos fluxos processuais, de automa\u00e7\u00f5es de rotinas e de modelos de expedientes.<\/p>\n<p>Disponibilizado gratuitamente pelo TRF4, a ferramenta tem manuten\u00e7\u00f5es e atualiza\u00e7\u00f5es realizadas pelos t\u00e9cnicos do TJSC. Atualmente, s\u00e3o 3.461 processos tramitando na nova plataforma, e esse n\u00famero tende a crescer rapidamente.<\/p>\n<p>Por conta disso, nesta semana a equipe t\u00e9cnica respons\u00e1vel realizar\u00e1 a primeira expans\u00e3o da infraestrutura computacional do sistema. Com a amplia\u00e7\u00e3o, ser\u00e1 duplicada a capacidade de processamento e armazenamento dos equipamentos de inform\u00e1tica.\u00a0<\/p>\n<p>Outra expans\u00e3o j\u00e1 est\u00e1 prevista para ocorrer em seis meses, para suportar o esperado crescimento do volume de processos em tramita\u00e7\u00e3o no eproc na Justi\u00e7a catarinense.<\/p>\n<p><strong>eproc<\/strong><\/p>\n<p>O eproc come\u00e7ou em 2003, inicialmente nos Juizados Especiais Federais dos estados do Sul. J\u00e1 em 2010, passou a ser utilizado em todas as mat\u00e9rias e graus de jurisdi\u00e7\u00e3o, da primeira inst\u00e2ncia ao TRF4.<\/p>\n<p>O sistema foi totalmente desenvolvido por servidores da \u00e1rea de Tecnologia da Informa\u00e7\u00e3o da Justi\u00e7a Federal da 4\u00aa Regi\u00e3o, com total seguran\u00e7a das informa\u00e7\u00f5es e baixo custo para os cofres p\u00fablicos. Al\u00e9m disso, o eproc \u00e9 uma aposta da gest\u00e3o sustent\u00e1vel do TRF4, porque n\u00e3o utiliza papel, tintas e outros insumos, colaborando com a economia dos recursos naturais do planeta.<\/p>\n<p>Atualmente, s\u00e3o mais de 6 milh\u00f5es de a\u00e7\u00f5es eletr\u00f4nicas tramitando. N\u00famero que garante o t\u00edtulo de justi\u00e7a mais virtual do Brasil, segundo o estudo &ldquo;Justi\u00e7a em N\u00fameros&rdquo;, do Conselho Nacional de Justi\u00e7a.<\/p>\n<p>O eproc permite a troca de informa\u00e7\u00f5es com sistemas de outros \u00f3rg\u00e3os p\u00fablicos, como INSS, AGU e MPF. Essas institui\u00e7\u00f5es podem acessar as informa\u00e7\u00f5es processuais e enviar peti\u00e7\u00f5es (iniciais e incidentais) junto ao eproc a partir de seus pr\u00f3prios sistemas internos, propiciando economia e comodidade aos seus usu\u00e1rios.<\/p>\n<p>O eproc j\u00e1 foi cedido para 8 \u00f3rg\u00e3os do judici\u00e1rio nacional.<\/p>\n<p><em>Com informa\u00e7\u00f5es da Assessoria de Imprensa do TJSC<\/em><\/p>\n<p><br \/> ()<\/p>\n<p><i>Com informa\u00e7\u00f5es da assessoria de imprensa do TRF4.<\/i><br \/>\n<br \/><a href=\"http:\/\/www2.trf4.jus.br\/trf4\/controlador.php?acao=noticia_visualizar&#038;id_noticia=14417\">Fonte<\/a><br \/>\n<br \/><\/p>\n","protected":false},"excerpt":{"rendered":"<p>Antes de completar um ano do acordo de coopera\u00e7\u00e3o t\u00e9cnica para a cess\u00e3o do sistema de processo eletr\u00f4nico eproc com o Tribunal Regional Federal da 4\u00aa Regi\u00e3o (TRF4), formalizado em 16 de maio de 2018, o Tribunal de Justi\u00e7a de Santa Catarina (TJSC) concluiu ontem (29\/4) a implanta\u00e7\u00e3o da ferramenta em 128 unidades judiciais distribu\u00eddas [&hellip;]<\/p>\n","protected":false},"author":3063,"featured_media":1593,"comment_status":"open","ping_status":"open","sticky":false,"template":"","format":"standard","meta":{"footnotes":""},"categories":[5,6],"tags":[11,10,8,13,9,12,17],"class_list":{"0":"post-4154","1":"post","2":"type-post","3":"status-publish","4":"format-standard","5":"has-post-thumbnail","7":"category-previdenciario","8":"category-trf4","9":"tag-aposentadoria","10":"tag-calculos-previdenciarios","11":"tag-direito-previdenciario","12":"tag-inss","13":"tag-pericia","14":"tag-perito","15":"tag-trf4"},"yoast_head":"<!-- This site is optimized with the Yoast SEO plugin v27.2 - https:\/\/yoast.com\/product\/yoast-seo-wordpress\/ -->\n<title>TRF4: Em menos de um ano, eproc chega a todas as comarcas do Poder Judici\u00e1rio catarinense (30\/04\/2019) | Portal de Not\u00edcias<\/title>\n<meta name=\"robots\" content=\"index, follow, max-snippet:-1, max-image-preview:large, max-video-preview:-1\" \/>\n<link rel=\"canonical\" href=\"https:\/\/mhcalculos.com.br\/noticias\/area\/previdenciario\/trf4-em-menos-de-um-ano-eproc-chega-a-todas-as-comarcas-do-poder-judiciario-catarinense-30-04-2019.html\" \/>\n<meta property=\"og:locale\" content=\"pt_BR\" \/>\n<meta property=\"og:type\" content=\"article\" \/>\n<meta property=\"og:title\" content=\"TRF4: Em menos de um ano, eproc chega a todas as comarcas do Poder Judici\u00e1rio catarinense (30\/04\/2019) | Portal de Not\u00edcias\" \/>\n<meta property=\"og:description\" content=\"Antes de completar um ano do acordo de coopera\u00e7\u00e3o t\u00e9cnica para a cess\u00e3o do sistema de processo eletr\u00f4nico eproc com o Tribunal Regional Federal da 4\u00aa Regi\u00e3o (TRF4), formalizado em 16 de maio de 2018, o Tribunal de Justi\u00e7a de Santa Catarina (TJSC) concluiu ontem (29\/4) a implanta\u00e7\u00e3o da ferramenta em 128 unidades judiciais distribu\u00eddas [&hellip;]\" \/>\n<meta property=\"og:url\" content=\"https:\/\/mhcalculos.com.br\/noticias\/area\/previdenciario\/trf4-em-menos-de-um-ano-eproc-chega-a-todas-as-comarcas-do-poder-judiciario-catarinense-30-04-2019.html\" \/>\n<meta property=\"og:site_name\" content=\"Portal de Not\u00edcias\" \/>\n<meta property=\"article:published_time\" content=\"2019-05-01T17:00:18+00:00\" \/>\n<meta property=\"article:modified_time\" content=\"2021-07-28T17:32:54+00:00\" \/>\n<meta property=\"og:image\" content=\"https:\/\/mhcalculos.com.br\/noticias\/wp-content\/uploads\/sites\/2\/2018\/06\/judiciario-0035.jpg\" \/>\n\t<meta property=\"og:image:width\" content=\"2000\" \/>\n\t<meta property=\"og:image:height\" content=\"800\" \/>\n\t<meta property=\"og:image:type\" content=\"image\/jpeg\" \/>\n<meta name=\"author\" content=\"Equipe MH\" \/>\n<meta name=\"twitter:card\" content=\"summary_large_image\" \/>\n<meta name=\"twitter:label1\" content=\"Escrito por\" \/>\n\t<meta name=\"twitter:data1\" content=\"Equipe MH\" \/>\n\t<meta name=\"twitter:label2\" content=\"Est. tempo de leitura\" \/>\n\t<meta name=\"twitter:data2\" content=\"3 minutos\" \/>\n<script type=\"application\/ld+json\" class=\"yoast-schema-graph\">{\"@context\":\"https:\/\/schema.org\",\"@graph\":[{\"@type\":\"Article\",\"@id\":\"https:\/\/mhcalculos.com.br\/noticias\/area\/previdenciario\/trf4-em-menos-de-um-ano-eproc-chega-a-todas-as-comarcas-do-poder-judiciario-catarinense-30-04-2019.html#article\",\"isPartOf\":{\"@id\":\"https:\/\/mhcalculos.com.br\/noticias\/area\/previdenciario\/trf4-em-menos-de-um-ano-eproc-chega-a-todas-as-comarcas-do-poder-judiciario-catarinense-30-04-2019.html\"},\"author\":{\"name\":\"Equipe MH\",\"@id\":\"https:\/\/mhcalculos.com.br\/noticias\/#\/schema\/person\/88d1c34bf72dc779ea14a5a6b8e0ae8d\"},\"headline\":\"TRF4: Em menos de um ano, eproc chega a todas as comarcas do Poder Judici\u00e1rio catarinense (30\/04\/2019)\",\"datePublished\":\"2019-05-01T17:00:18+00:00\",\"dateModified\":\"2021-07-28T17:32:54+00:00\",\"mainEntityOfPage\":{\"@id\":\"https:\/\/mhcalculos.com.br\/noticias\/area\/previdenciario\/trf4-em-menos-de-um-ano-eproc-chega-a-todas-as-comarcas-do-poder-judiciario-catarinense-30-04-2019.html\"},\"wordCount\":604,\"commentCount\":0,\"image\":{\"@id\":\"https:\/\/mhcalculos.com.br\/noticias\/area\/previdenciario\/trf4-em-menos-de-um-ano-eproc-chega-a-todas-as-comarcas-do-poder-judiciario-catarinense-30-04-2019.html#primaryimage\"},\"thumbnailUrl\":\"https:\/\/mhcalculos.com.br\/noticias\/wp-content\/uploads\/sites\/2\/2018\/06\/judiciario-0035.jpg\",\"keywords\":[\"aposentadoria\",\"c\u00e1lculos previdenci\u00e1rios\",\"direito previdenci\u00e1rio\",\"inss\",\"per\u00edcia\",\"perito\",\"trf4\"],\"articleSection\":[\"Direito Previdenci\u00e1rio\",\"TRF4\"],\"inLanguage\":\"pt-BR\",\"potentialAction\":[{\"@type\":\"CommentAction\",\"name\":\"Comment\",\"target\":[\"https:\/\/mhcalculos.com.br\/noticias\/area\/previdenciario\/trf4-em-menos-de-um-ano-eproc-chega-a-todas-as-comarcas-do-poder-judiciario-catarinense-30-04-2019.html#respond\"]}]},{\"@type\":\"WebPage\",\"@id\":\"https:\/\/mhcalculos.com.br\/noticias\/area\/previdenciario\/trf4-em-menos-de-um-ano-eproc-chega-a-todas-as-comarcas-do-poder-judiciario-catarinense-30-04-2019.html\",\"url\":\"https:\/\/mhcalculos.com.br\/noticias\/area\/previdenciario\/trf4-em-menos-de-um-ano-eproc-chega-a-todas-as-comarcas-do-poder-judiciario-catarinense-30-04-2019.html\",\"name\":\"TRF4: Em menos de um ano, eproc chega a todas as comarcas do Poder Judici\u00e1rio catarinense (30\/04\/2019) | Portal de Not\u00edcias\",\"isPartOf\":{\"@id\":\"https:\/\/mhcalculos.com.br\/noticias\/#website\"},\"primaryImageOfPage\":{\"@id\":\"https:\/\/mhcalculos.com.br\/noticias\/area\/previdenciario\/trf4-em-menos-de-um-ano-eproc-chega-a-todas-as-comarcas-do-poder-judiciario-catarinense-30-04-2019.html#primaryimage\"},\"image\":{\"@id\":\"https:\/\/mhcalculos.com.br\/noticias\/area\/previdenciario\/trf4-em-menos-de-um-ano-eproc-chega-a-todas-as-comarcas-do-poder-judiciario-catarinense-30-04-2019.html#primaryimage\"},\"thumbnailUrl\":\"https:\/\/mhcalculos.com.br\/noticias\/wp-content\/uploads\/sites\/2\/2018\/06\/judiciario-0035.jpg\",\"datePublished\":\"2019-05-01T17:00:18+00:00\",\"dateModified\":\"2021-07-28T17:32:54+00:00\",\"author\":{\"@id\":\"https:\/\/mhcalculos.com.br\/noticias\/#\/schema\/person\/88d1c34bf72dc779ea14a5a6b8e0ae8d\"},\"breadcrumb\":{\"@id\":\"https:\/\/mhcalculos.com.br\/noticias\/area\/previdenciario\/trf4-em-menos-de-um-ano-eproc-chega-a-todas-as-comarcas-do-poder-judiciario-catarinense-30-04-2019.html#breadcrumb\"},\"inLanguage\":\"pt-BR\",\"potentialAction\":[{\"@type\":\"ReadAction\",\"target\":[\"https:\/\/mhcalculos.com.br\/noticias\/area\/previdenciario\/trf4-em-menos-de-um-ano-eproc-chega-a-todas-as-comarcas-do-poder-judiciario-catarinense-30-04-2019.html\"]}]},{\"@type\":\"ImageObject\",\"inLanguage\":\"pt-BR\",\"@id\":\"https:\/\/mhcalculos.com.br\/noticias\/area\/previdenciario\/trf4-em-menos-de-um-ano-eproc-chega-a-todas-as-comarcas-do-poder-judiciario-catarinense-30-04-2019.html#primaryimage\",\"url\":\"https:\/\/mhcalculos.com.br\/noticias\/wp-content\/uploads\/sites\/2\/2018\/06\/judiciario-0035.jpg\",\"contentUrl\":\"https:\/\/mhcalculos.com.br\/noticias\/wp-content\/uploads\/sites\/2\/2018\/06\/judiciario-0035.jpg\",\"width\":2000,\"height\":800},{\"@type\":\"BreadcrumbList\",\"@id\":\"https:\/\/mhcalculos.com.br\/noticias\/area\/previdenciario\/trf4-em-menos-de-um-ano-eproc-chega-a-todas-as-comarcas-do-poder-judiciario-catarinense-30-04-2019.html#breadcrumb\",\"itemListElement\":[{\"@type\":\"ListItem\",\"position\":1,\"name\":\"In\u00edcio\",\"item\":\"https:\/\/mhcalculos.com.br\/noticias\/\"},{\"@type\":\"ListItem\",\"position\":2,\"name\":\"TRF4: Em menos de um ano, eproc chega a todas as comarcas do Poder Judici\u00e1rio catarinense (30\/04\/2019)\"}]},{\"@type\":\"WebSite\",\"@id\":\"https:\/\/mhcalculos.com.br\/noticias\/#website\",\"url\":\"https:\/\/mhcalculos.com.br\/noticias\/\",\"name\":\"Portal de Not\u00edcias\",\"description\":\"Not\u00edcias e Jurisprud\u00eancia\",\"potentialAction\":[{\"@type\":\"SearchAction\",\"target\":{\"@type\":\"EntryPoint\",\"urlTemplate\":\"https:\/\/mhcalculos.com.br\/noticias\/?s={search_term_string}\"},\"query-input\":{\"@type\":\"PropertyValueSpecification\",\"valueRequired\":true,\"valueName\":\"search_term_string\"}}],\"inLanguage\":\"pt-BR\"},{\"@type\":\"Person\",\"@id\":\"https:\/\/mhcalculos.com.br\/noticias\/#\/schema\/person\/88d1c34bf72dc779ea14a5a6b8e0ae8d\",\"name\":\"Equipe MH\",\"image\":{\"@type\":\"ImageObject\",\"inLanguage\":\"pt-BR\",\"@id\":\"https:\/\/secure.gravatar.com\/avatar\/de1c686c2ecc9c5a3f327e3431d819eb39f8f05d4e1045f5a1caad6daaba987f?s=96&d=mm&r=g\",\"url\":\"https:\/\/secure.gravatar.com\/avatar\/de1c686c2ecc9c5a3f327e3431d819eb39f8f05d4e1045f5a1caad6daaba987f?s=96&d=mm&r=g\",\"contentUrl\":\"https:\/\/secure.gravatar.com\/avatar\/de1c686c2ecc9c5a3f327e3431d819eb39f8f05d4e1045f5a1caad6daaba987f?s=96&d=mm&r=g\",\"caption\":\"Equipe MH\"}}]}<\/script>\n<!-- \/ Yoast SEO plugin. -->","yoast_head_json":{"title":"TRF4: Em menos de um ano, eproc chega a todas as comarcas do Poder Judici\u00e1rio catarinense (30\/04\/2019) | Portal de Not\u00edcias","robots":{"index":"index","follow":"follow","max-snippet":"max-snippet:-1","max-image-preview":"max-image-preview:large","max-video-preview":"max-video-preview:-1"},"canonical":"https:\/\/mhcalculos.com.br\/noticias\/area\/previdenciario\/trf4-em-menos-de-um-ano-eproc-chega-a-todas-as-comarcas-do-poder-judiciario-catarinense-30-04-2019.html","og_locale":"pt_BR","og_type":"article","og_title":"TRF4: Em menos de um ano, eproc chega a todas as comarcas do Poder Judici\u00e1rio catarinense (30\/04\/2019) | Portal de Not\u00edcias","og_description":"Antes de completar um ano do acordo de coopera\u00e7\u00e3o t\u00e9cnica para a cess\u00e3o do sistema de processo eletr\u00f4nico eproc com o Tribunal Regional Federal da 4\u00aa Regi\u00e3o (TRF4), formalizado em 16 de maio de 2018, o Tribunal de Justi\u00e7a de Santa Catarina (TJSC) concluiu ontem (29\/4) a implanta\u00e7\u00e3o da ferramenta em 128 unidades judiciais distribu\u00eddas [&hellip;]","og_url":"https:\/\/mhcalculos.com.br\/noticias\/area\/previdenciario\/trf4-em-menos-de-um-ano-eproc-chega-a-todas-as-comarcas-do-poder-judiciario-catarinense-30-04-2019.html","og_site_name":"Portal de Not\u00edcias","article_published_time":"2019-05-01T17:00:18+00:00","article_modified_time":"2021-07-28T17:32:54+00:00","og_image":[{"width":2000,"height":800,"url":"https:\/\/mhcalculos.com.br\/noticias\/wp-content\/uploads\/sites\/2\/2018\/06\/judiciario-0035.jpg","type":"image\/jpeg"}],"author":"Equipe MH","twitter_card":"summary_large_image","twitter_misc":{"Escrito por":"Equipe MH","Est. tempo de leitura":"3 minutos"},"schema":{"@context":"https:\/\/schema.org","@graph":[{"@type":"Article","@id":"https:\/\/mhcalculos.com.br\/noticias\/area\/previdenciario\/trf4-em-menos-de-um-ano-eproc-chega-a-todas-as-comarcas-do-poder-judiciario-catarinense-30-04-2019.html#article","isPartOf":{"@id":"https:\/\/mhcalculos.com.br\/noticias\/area\/previdenciario\/trf4-em-menos-de-um-ano-eproc-chega-a-todas-as-comarcas-do-poder-judiciario-catarinense-30-04-2019.html"},"author":{"name":"Equipe MH","@id":"https:\/\/mhcalculos.com.br\/noticias\/#\/schema\/person\/88d1c34bf72dc779ea14a5a6b8e0ae8d"},"headline":"TRF4: Em menos de um ano, eproc chega a todas as comarcas do Poder Judici\u00e1rio catarinense (30\/04\/2019)","datePublished":"2019-05-01T17:00:18+00:00","dateModified":"2021-07-28T17:32:54+00:00","mainEntityOfPage":{"@id":"https:\/\/mhcalculos.com.br\/noticias\/area\/previdenciario\/trf4-em-menos-de-um-ano-eproc-chega-a-todas-as-comarcas-do-poder-judiciario-catarinense-30-04-2019.html"},"wordCount":604,"commentCount":0,"image":{"@id":"https:\/\/mhcalculos.com.br\/noticias\/area\/previdenciario\/trf4-em-menos-de-um-ano-eproc-chega-a-todas-as-comarcas-do-poder-judiciario-catarinense-30-04-2019.html#primaryimage"},"thumbnailUrl":"https:\/\/mhcalculos.com.br\/noticias\/wp-content\/uploads\/sites\/2\/2018\/06\/judiciario-0035.jpg","keywords":["aposentadoria","c\u00e1lculos previdenci\u00e1rios","direito previdenci\u00e1rio","inss","per\u00edcia","perito","trf4"],"articleSection":["Direito Previdenci\u00e1rio","TRF4"],"inLanguage":"pt-BR","potentialAction":[{"@type":"CommentAction","name":"Comment","target":["https:\/\/mhcalculos.com.br\/noticias\/area\/previdenciario\/trf4-em-menos-de-um-ano-eproc-chega-a-todas-as-comarcas-do-poder-judiciario-catarinense-30-04-2019.html#respond"]}]},{"@type":"WebPage","@id":"https:\/\/mhcalculos.com.br\/noticias\/area\/previdenciario\/trf4-em-menos-de-um-ano-eproc-chega-a-todas-as-comarcas-do-poder-judiciario-catarinense-30-04-2019.html","url":"https:\/\/mhcalculos.com.br\/noticias\/area\/previdenciario\/trf4-em-menos-de-um-ano-eproc-chega-a-todas-as-comarcas-do-poder-judiciario-catarinense-30-04-2019.html","name":"TRF4: Em menos de um ano, eproc chega a todas as comarcas do Poder Judici\u00e1rio catarinense (30\/04\/2019) | Portal de Not\u00edcias","isPartOf":{"@id":"https:\/\/mhcalculos.com.br\/noticias\/#website"},"primaryImageOfPage":{"@id":"https:\/\/mhcalculos.com.br\/noticias\/area\/previdenciario\/trf4-em-menos-de-um-ano-eproc-chega-a-todas-as-comarcas-do-poder-judiciario-catarinense-30-04-2019.html#primaryimage"},"image":{"@id":"https:\/\/mhcalculos.com.br\/noticias\/area\/previdenciario\/trf4-em-menos-de-um-ano-eproc-chega-a-todas-as-comarcas-do-poder-judiciario-catarinense-30-04-2019.html#primaryimage"},"thumbnailUrl":"https:\/\/mhcalculos.com.br\/noticias\/wp-content\/uploads\/sites\/2\/2018\/06\/judiciario-0035.jpg","datePublished":"2019-05-01T17:00:18+00:00","dateModified":"2021-07-28T17:32:54+00:00","author":{"@id":"https:\/\/mhcalculos.com.br\/noticias\/#\/schema\/person\/88d1c34bf72dc779ea14a5a6b8e0ae8d"},"breadcrumb":{"@id":"https:\/\/mhcalculos.com.br\/noticias\/area\/previdenciario\/trf4-em-menos-de-um-ano-eproc-chega-a-todas-as-comarcas-do-poder-judiciario-catarinense-30-04-2019.html#breadcrumb"},"inLanguage":"pt-BR","potentialAction":[{"@type":"ReadAction","target":["https:\/\/mhcalculos.com.br\/noticias\/area\/previdenciario\/trf4-em-menos-de-um-ano-eproc-chega-a-todas-as-comarcas-do-poder-judiciario-catarinense-30-04-2019.html"]}]},{"@type":"ImageObject","inLanguage":"pt-BR","@id":"https:\/\/mhcalculos.com.br\/noticias\/area\/previdenciario\/trf4-em-menos-de-um-ano-eproc-chega-a-todas-as-comarcas-do-poder-judiciario-catarinense-30-04-2019.html#primaryimage","url":"https:\/\/mhcalculos.com.br\/noticias\/wp-content\/uploads\/sites\/2\/2018\/06\/judiciario-0035.jpg","contentUrl":"https:\/\/mhcalculos.com.br\/noticias\/wp-content\/uploads\/sites\/2\/2018\/06\/judiciario-0035.jpg","width":2000,"height":800},{"@type":"BreadcrumbList","@id":"https:\/\/mhcalculos.com.br\/noticias\/area\/previdenciario\/trf4-em-menos-de-um-ano-eproc-chega-a-todas-as-comarcas-do-poder-judiciario-catarinense-30-04-2019.html#breadcrumb","itemListElement":[{"@type":"ListItem","position":1,"name":"In\u00edcio","item":"https:\/\/mhcalculos.com.br\/noticias\/"},{"@type":"ListItem","position":2,"name":"TRF4: Em menos de um ano, eproc chega a todas as comarcas do Poder Judici\u00e1rio catarinense (30\/04\/2019)"}]},{"@type":"WebSite","@id":"https:\/\/mhcalculos.com.br\/noticias\/#website","url":"https:\/\/mhcalculos.com.br\/noticias\/","name":"Portal de Not\u00edcias","description":"Not\u00edcias e Jurisprud\u00eancia","potentialAction":[{"@type":"SearchAction","target":{"@type":"EntryPoint","urlTemplate":"https:\/\/mhcalculos.com.br\/noticias\/?s={search_term_string}"},"query-input":{"@type":"PropertyValueSpecification","valueRequired":true,"valueName":"search_term_string"}}],"inLanguage":"pt-BR"},{"@type":"Person","@id":"https:\/\/mhcalculos.com.br\/noticias\/#\/schema\/person\/88d1c34bf72dc779ea14a5a6b8e0ae8d","name":"Equipe MH","image":{"@type":"ImageObject","inLanguage":"pt-BR","@id":"https:\/\/secure.gravatar.com\/avatar\/de1c686c2ecc9c5a3f327e3431d819eb39f8f05d4e1045f5a1caad6daaba987f?s=96&d=mm&r=g","url":"https:\/\/secure.gravatar.com\/avatar\/de1c686c2ecc9c5a3f327e3431d819eb39f8f05d4e1045f5a1caad6daaba987f?s=96&d=mm&r=g","contentUrl":"https:\/\/secure.gravatar.com\/avatar\/de1c686c2ecc9c5a3f327e3431d819eb39f8f05d4e1045f5a1caad6daaba987f?s=96&d=mm&r=g","caption":"Equipe MH"}}]}},"_links":{"self":[{"href":"https:\/\/mhcalculos.com.br\/noticias\/wp-json\/wp\/v2\/posts\/4154","targetHints":{"allow":["GET"]}}],"collection":[{"href":"https:\/\/mhcalculos.com.br\/noticias\/wp-json\/wp\/v2\/posts"}],"about":[{"href":"https:\/\/mhcalculos.com.br\/noticias\/wp-json\/wp\/v2\/types\/post"}],"author":[{"embeddable":true,"href":"https:\/\/mhcalculos.com.br\/noticias\/wp-json\/wp\/v2\/users\/3063"}],"replies":[{"embeddable":true,"href":"https:\/\/mhcalculos.com.br\/noticias\/wp-json\/wp\/v2\/comments?post=4154"}],"version-history":[{"count":1,"href":"https:\/\/mhcalculos.com.br\/noticias\/wp-json\/wp\/v2\/posts\/4154\/revisions"}],"predecessor-version":[{"id":9884,"href":"https:\/\/mhcalculos.com.br\/noticias\/wp-json\/wp\/v2\/posts\/4154\/revisions\/9884"}],"wp:featuredmedia":[{"embeddable":true,"href":"https:\/\/mhcalculos.com.br\/noticias\/wp-json\/wp\/v2\/media\/1593"}],"wp:attachment":[{"href":"https:\/\/mhcalculos.com.br\/noticias\/wp-json\/wp\/v2\/media?parent=4154"}],"wp:term":[{"taxonomy":"category","embeddable":true,"href":"https:\/\/mhcalculos.com.br\/noticias\/wp-json\/wp\/v2\/categories?post=4154"},{"taxonomy":"post_tag","embeddable":true,"href":"https:\/\/mhcalculos.com.br\/noticias\/wp-json\/wp\/v2\/tags?post=4154"}],"curies":[{"name":"wp","href":"https:\/\/api.w.org\/{rel}","templated":true}]}}