{"id":4130,"date":"2019-04-27T16:00:07","date_gmt":"2019-04-27T19:00:07","guid":{"rendered":"https:\/\/mhcalculos.com.br\/noticias\/2019\/04\/27\/stf-stf-reconhece-direito-a-creditamento-de-ipi-de-insumos-da-zona-franca-de-manaus\/"},"modified":"2021-07-28T14:32:56","modified_gmt":"2021-07-28T17:32:56","slug":"stf-stf-reconhece-direito-a-creditamento-de-ipi-de-insumos-da-zona-franca-de-manaus","status":"publish","type":"post","link":"https:\/\/mhcalculos.com.br\/noticias\/area\/tributario\/stf-stf-reconhece-direito-a-creditamento-de-ipi-de-insumos-da-zona-franca-de-manaus.html","title":{"rendered":"STF: STF reconhece direito a creditamento de IPI de insumos da Zona Franca de Manaus"},"content":{"rendered":"\n<p>Por maioria de votos, o Plen\u00e1rio do Supremo Tribunal Federal (STF), na sess\u00e3o de julgamento desta quinta-feira (25), negou provimento aos Recursos Extraordin\u00e1rios (RE) 592891, com repercuss\u00e3o geral reconhecida, e 596614, para admitir a utiliza\u00e7\u00e3o de cr\u00e9ditos de Imposto sobre Produtos Industrializados (IPI) na entrada de mat\u00e9rias primas e insumos isentos oriundos da Zona Franca de Manaus.<\/p>\n<p>Os ministros aprovaram a seguinte tese para fins de repercuss\u00e3o geral: \u201cH\u00e1 direito ao creditamento de IPI na entrada de insumos, mat\u00e9ria prima e material de embalagem adquiridos junto \u00e0 Zona Franca de Manaus sob o regime de isen\u00e7\u00e3o, considerada a previs\u00e3o de incentivos regionais constante do artigo 43, par\u00e1grafo 2\u00ba, inciso III, da Constitui\u00e7\u00e3o Federal, combinada com o comando do artigo 40 do Ato das Disposi\u00e7\u00f5es Constitucionais Transit\u00f3rias (ADCT)\u201d. Ficou vencido, neste ponto, o ministro Marco Aur\u00e9lio.<\/p>\n<p><b>Correntes<\/b><\/p>\n<p>Votaram pela possibilidade do creditamento, em ambos os recursos, a relatora do RE 592891, ministra Rosa Weber, e os ministros Edson Fachin, Lu\u00eds Roberto Barroso, Ricardo Lewandowski, Celso de Mello e Dias Toffoli. Neste RE, estavam impedidos os ministros Marco Aur\u00e9lio e Luiz Fux.<\/p>\n<p>Para a corrente vencedora, o direito ao creditamento no \u00e2mbito da Zona Franca de Manaus est\u00e1 previsto na Constitui\u00e7\u00e3o Federal e na legisla\u00e7\u00e3o tribut\u00e1ria infraconstitucional e representa exce\u00e7\u00e3o \u00e0 regra geral com a finalidade de neutralizar as desigualdades em prol do desenvolvimento do pa\u00eds, do fortalecimento da federa\u00e7\u00e3o e da soberania nacional. Segundo os ministros, o artigo 40 do ADCT, ao constitucionalizar a Zona Franca de Manaus, promoveu o princ\u00edpio da igualdade por meio da redu\u00e7\u00e3o das desigualdades regionais.<\/p>\n<p>Entendimento diverso tiveram os ministros Marco Aur\u00e9lio, relator do RE 596614, Alexandre de Moraes, Luiz Fux e C\u00e1rmen L\u00facia, no sentido de que o direito ao cr\u00e9dito de IPI pressup\u00f5e a exist\u00eancia de imposto devido na etapa anterior e de previs\u00e3o legislativa. Na sua avalia\u00e7\u00e3o, se n\u00e3o h\u00e1 lei espec\u00edfica que preveja o creditamento de IPI para a regi\u00e3o, h\u00e1 de prevalecer a jurisprud\u00eancia do STF no sentido de que, n\u00e3o tendo havido pagamento de tributo na compra de insumos, n\u00e3o h\u00e1 direito \u00e0 compensa\u00e7\u00e3o.<\/p>\n<p><span style=\"font-size: smaller;\">SP\/CR<\/span><\/p>\n<p>Leia mais:<\/p>\n<p>25\/05\/2016 &#8211; <a href=\"http:\/\/portal.stf.jus.br\/noticias\/verNoticiaDetalhe.asp?idConteudo=317377\" target=\"_blank\" rel=\"noopener noreferrer\">Suspenso julgamento sobre IPI de insumos da Zona Franca de Manaus<\/a><\/p>\n<p>24\/04\/2019 &#8211; <a href=\"http:\/\/portal.stf.jus.br\/noticias\/verNoticiaDetalhe.asp?idConteudo=409378\">STF inicia julgamento sobre creditamento do IPI de insumos da Zona Franca de Manaus<\/a><\/p>\n<p><i>Com informa\u00e7\u00f5es da assessoria de imprensa do STF.<\/i><\/p>\n<p><a href=\"http:\/\/www.stf.jus.br\/portal\/cms\/verNoticiaDetalhe.asp?idConteudo=409481\">Fonte<\/a><\/p>\n\n","protected":false},"excerpt":{"rendered":"<p>Por maioria de votos, o Plen\u00e1rio do Supremo Tribunal Federal (STF), na sess\u00e3o de julgamento desta quinta-feira (25), negou provimento aos Recursos Extraordin\u00e1rios (RE) 592891, com repercuss\u00e3o geral reconhecida, e 596614, para admitir a utiliza\u00e7\u00e3o de cr\u00e9ditos de Imposto sobre Produtos Industrializados (IPI) na entrada de mat\u00e9rias primas e insumos isentos oriundos da Zona Franca [&hellip;]<\/p>\n","protected":false},"author":3063,"featured_media":2198,"comment_status":"open","ping_status":"open","sticky":false,"template":"","format":"standard","meta":{"footnotes":""},"categories":[18,15],"tags":[32,31,42,30,29,213,9,12,16],"class_list":{"0":"post-4130","1":"post","2":"type-post","3":"status-publish","4":"format-standard","5":"has-post-thumbnail","7":"category-tributario","8":"category-stf","9":"tag-calculos-judiciais","10":"tag-calculos-tributarios","11":"tag-direito-tributario","12":"tag-divida-ativa","13":"tag-fazenda-publica","14":"tag-imposto","15":"tag-pericia","16":"tag-perito","17":"tag-stf"},"yoast_head":"<!-- This site is optimized with the Yoast SEO plugin v27.2 - https:\/\/yoast.com\/product\/yoast-seo-wordpress\/ -->\n<title>STF: STF reconhece direito a creditamento de IPI de insumos da Zona Franca de Manaus | Portal de Not\u00edcias<\/title>\n<meta name=\"robots\" content=\"index, follow, max-snippet:-1, max-image-preview:large, max-video-preview:-1\" \/>\n<link rel=\"canonical\" href=\"http:\/\/www.stf.jus.br\/portal\/cms\/verNoticiaDetalhe.asp?idConteudo=409481\" \/>\n<meta property=\"og:locale\" content=\"pt_BR\" \/>\n<meta property=\"og:type\" content=\"article\" \/>\n<meta property=\"og:title\" content=\"STF: STF reconhece direito a creditamento de IPI de insumos da Zona Franca de Manaus | Portal de Not\u00edcias\" \/>\n<meta property=\"og:description\" content=\"Por maioria de votos, o Plen\u00e1rio do Supremo Tribunal Federal (STF), na sess\u00e3o de julgamento desta quinta-feira (25), negou provimento aos Recursos Extraordin\u00e1rios (RE) 592891, com repercuss\u00e3o geral reconhecida, e 596614, para admitir a utiliza\u00e7\u00e3o de cr\u00e9ditos de Imposto sobre Produtos Industrializados (IPI) na entrada de mat\u00e9rias primas e insumos isentos oriundos da Zona Franca [&hellip;]\" \/>\n<meta property=\"og:url\" content=\"http:\/\/www.stf.jus.br\/portal\/cms\/verNoticiaDetalhe.asp?idConteudo=409481\" \/>\n<meta property=\"og:site_name\" content=\"Portal de Not\u00edcias\" \/>\n<meta property=\"article:published_time\" content=\"2019-04-27T19:00:07+00:00\" \/>\n<meta property=\"article:modified_time\" content=\"2021-07-28T17:32:56+00:00\" \/>\n<meta property=\"og:image\" content=\"https:\/\/mhcalculos.com.br\/noticias\/wp-content\/uploads\/sites\/2\/2018\/06\/judiciario-0027.jpg\" \/>\n\t<meta property=\"og:image:width\" content=\"2000\" \/>\n\t<meta property=\"og:image:height\" content=\"800\" \/>\n\t<meta property=\"og:image:type\" content=\"image\/jpeg\" \/>\n<meta name=\"author\" content=\"Equipe MH\" \/>\n<meta name=\"twitter:card\" content=\"summary_large_image\" \/>\n<meta name=\"twitter:label1\" content=\"Escrito por\" \/>\n\t<meta name=\"twitter:data1\" content=\"Equipe MH\" \/>\n\t<meta name=\"twitter:label2\" content=\"Est. tempo de leitura\" \/>\n\t<meta name=\"twitter:data2\" content=\"2 minutos\" \/>\n<script type=\"application\/ld+json\" class=\"yoast-schema-graph\">{\"@context\":\"https:\/\/schema.org\",\"@graph\":[{\"@type\":\"Article\",\"@id\":\"http:\/\/www.stf.jus.br\/portal\/cms\/verNoticiaDetalhe.asp?idConteudo=409481#article\",\"isPartOf\":{\"@id\":\"https:\/\/mhcalculos.com.br\/noticias\/area\/tributario\/stf-stf-reconhece-direito-a-creditamento-de-ipi-de-insumos-da-zona-franca-de-manaus.html\"},\"author\":{\"name\":\"Equipe MH\",\"@id\":\"https:\/\/mhcalculos.com.br\/noticias\/#\/schema\/person\/88d1c34bf72dc779ea14a5a6b8e0ae8d\"},\"headline\":\"STF: STF reconhece direito a creditamento de IPI de insumos da Zona Franca de Manaus\",\"datePublished\":\"2019-04-27T19:00:07+00:00\",\"dateModified\":\"2021-07-28T17:32:56+00:00\",\"mainEntityOfPage\":{\"@id\":\"https:\/\/mhcalculos.com.br\/noticias\/area\/tributario\/stf-stf-reconhece-direito-a-creditamento-de-ipi-de-insumos-da-zona-franca-de-manaus.html\"},\"wordCount\":431,\"commentCount\":0,\"image\":{\"@id\":\"http:\/\/www.stf.jus.br\/portal\/cms\/verNoticiaDetalhe.asp?idConteudo=409481#primaryimage\"},\"thumbnailUrl\":\"https:\/\/mhcalculos.com.br\/noticias\/wp-content\/uploads\/sites\/2\/2018\/06\/judiciario-0027.jpg\",\"keywords\":[\"c\u00e1lculos judiciais\",\"c\u00e1lculos tribut\u00e1rios\",\"direito tribut\u00e1rio\",\"d\u00edvida ativa\",\"fazenda p\u00fablica\",\"Imposto\",\"per\u00edcia\",\"perito\",\"stf\"],\"articleSection\":[\"Direito Tribut\u00e1rio\",\"STF\"],\"inLanguage\":\"pt-BR\",\"potentialAction\":[{\"@type\":\"CommentAction\",\"name\":\"Comment\",\"target\":[\"http:\/\/www.stf.jus.br\/portal\/cms\/verNoticiaDetalhe.asp?idConteudo=409481#respond\"]}]},{\"@type\":\"WebPage\",\"@id\":\"https:\/\/mhcalculos.com.br\/noticias\/area\/tributario\/stf-stf-reconhece-direito-a-creditamento-de-ipi-de-insumos-da-zona-franca-de-manaus.html\",\"url\":\"http:\/\/www.stf.jus.br\/portal\/cms\/verNoticiaDetalhe.asp?idConteudo=409481\",\"name\":\"STF: STF reconhece direito a creditamento de IPI de insumos da Zona Franca de Manaus | Portal de Not\u00edcias\",\"isPartOf\":{\"@id\":\"https:\/\/mhcalculos.com.br\/noticias\/#website\"},\"primaryImageOfPage\":{\"@id\":\"http:\/\/www.stf.jus.br\/portal\/cms\/verNoticiaDetalhe.asp?idConteudo=409481#primaryimage\"},\"image\":{\"@id\":\"http:\/\/www.stf.jus.br\/portal\/cms\/verNoticiaDetalhe.asp?idConteudo=409481#primaryimage\"},\"thumbnailUrl\":\"https:\/\/mhcalculos.com.br\/noticias\/wp-content\/uploads\/sites\/2\/2018\/06\/judiciario-0027.jpg\",\"datePublished\":\"2019-04-27T19:00:07+00:00\",\"dateModified\":\"2021-07-28T17:32:56+00:00\",\"author\":{\"@id\":\"https:\/\/mhcalculos.com.br\/noticias\/#\/schema\/person\/88d1c34bf72dc779ea14a5a6b8e0ae8d\"},\"breadcrumb\":{\"@id\":\"http:\/\/www.stf.jus.br\/portal\/cms\/verNoticiaDetalhe.asp?idConteudo=409481#breadcrumb\"},\"inLanguage\":\"pt-BR\",\"potentialAction\":[{\"@type\":\"ReadAction\",\"target\":[\"http:\/\/www.stf.jus.br\/portal\/cms\/verNoticiaDetalhe.asp?idConteudo=409481\"]}]},{\"@type\":\"ImageObject\",\"inLanguage\":\"pt-BR\",\"@id\":\"http:\/\/www.stf.jus.br\/portal\/cms\/verNoticiaDetalhe.asp?idConteudo=409481#primaryimage\",\"url\":\"https:\/\/mhcalculos.com.br\/noticias\/wp-content\/uploads\/sites\/2\/2018\/06\/judiciario-0027.jpg\",\"contentUrl\":\"https:\/\/mhcalculos.com.br\/noticias\/wp-content\/uploads\/sites\/2\/2018\/06\/judiciario-0027.jpg\",\"width\":2000,\"height\":800},{\"@type\":\"BreadcrumbList\",\"@id\":\"http:\/\/www.stf.jus.br\/portal\/cms\/verNoticiaDetalhe.asp?idConteudo=409481#breadcrumb\",\"itemListElement\":[{\"@type\":\"ListItem\",\"position\":1,\"name\":\"In\u00edcio\",\"item\":\"https:\/\/mhcalculos.com.br\/noticias\/\"},{\"@type\":\"ListItem\",\"position\":2,\"name\":\"STF: STF reconhece direito a creditamento de IPI de insumos da Zona Franca de Manaus\"}]},{\"@type\":\"WebSite\",\"@id\":\"https:\/\/mhcalculos.com.br\/noticias\/#website\",\"url\":\"https:\/\/mhcalculos.com.br\/noticias\/\",\"name\":\"Portal de Not\u00edcias\",\"description\":\"Not\u00edcias e Jurisprud\u00eancia\",\"potentialAction\":[{\"@type\":\"SearchAction\",\"target\":{\"@type\":\"EntryPoint\",\"urlTemplate\":\"https:\/\/mhcalculos.com.br\/noticias\/?s={search_term_string}\"},\"query-input\":{\"@type\":\"PropertyValueSpecification\",\"valueRequired\":true,\"valueName\":\"search_term_string\"}}],\"inLanguage\":\"pt-BR\"},{\"@type\":\"Person\",\"@id\":\"https:\/\/mhcalculos.com.br\/noticias\/#\/schema\/person\/88d1c34bf72dc779ea14a5a6b8e0ae8d\",\"name\":\"Equipe MH\",\"image\":{\"@type\":\"ImageObject\",\"inLanguage\":\"pt-BR\",\"@id\":\"https:\/\/secure.gravatar.com\/avatar\/de1c686c2ecc9c5a3f327e3431d819eb39f8f05d4e1045f5a1caad6daaba987f?s=96&d=mm&r=g\",\"url\":\"https:\/\/secure.gravatar.com\/avatar\/de1c686c2ecc9c5a3f327e3431d819eb39f8f05d4e1045f5a1caad6daaba987f?s=96&d=mm&r=g\",\"contentUrl\":\"https:\/\/secure.gravatar.com\/avatar\/de1c686c2ecc9c5a3f327e3431d819eb39f8f05d4e1045f5a1caad6daaba987f?s=96&d=mm&r=g\",\"caption\":\"Equipe MH\"}}]}<\/script>\n<!-- \/ Yoast SEO plugin. -->","yoast_head_json":{"title":"STF: STF reconhece direito a creditamento de IPI de insumos da Zona Franca de Manaus | Portal de Not\u00edcias","robots":{"index":"index","follow":"follow","max-snippet":"max-snippet:-1","max-image-preview":"max-image-preview:large","max-video-preview":"max-video-preview:-1"},"canonical":"http:\/\/www.stf.jus.br\/portal\/cms\/verNoticiaDetalhe.asp?idConteudo=409481","og_locale":"pt_BR","og_type":"article","og_title":"STF: STF reconhece direito a creditamento de IPI de insumos da Zona Franca de Manaus | Portal de Not\u00edcias","og_description":"Por maioria de votos, o Plen\u00e1rio do Supremo Tribunal Federal (STF), na sess\u00e3o de julgamento desta quinta-feira (25), negou provimento aos Recursos Extraordin\u00e1rios (RE) 592891, com repercuss\u00e3o geral reconhecida, e 596614, para admitir a utiliza\u00e7\u00e3o de cr\u00e9ditos de Imposto sobre Produtos Industrializados (IPI) na entrada de mat\u00e9rias primas e insumos isentos oriundos da Zona Franca [&hellip;]","og_url":"http:\/\/www.stf.jus.br\/portal\/cms\/verNoticiaDetalhe.asp?idConteudo=409481","og_site_name":"Portal de Not\u00edcias","article_published_time":"2019-04-27T19:00:07+00:00","article_modified_time":"2021-07-28T17:32:56+00:00","og_image":[{"width":2000,"height":800,"url":"https:\/\/mhcalculos.com.br\/noticias\/wp-content\/uploads\/sites\/2\/2018\/06\/judiciario-0027.jpg","type":"image\/jpeg"}],"author":"Equipe MH","twitter_card":"summary_large_image","twitter_misc":{"Escrito por":"Equipe MH","Est. tempo de leitura":"2 minutos"},"schema":{"@context":"https:\/\/schema.org","@graph":[{"@type":"Article","@id":"http:\/\/www.stf.jus.br\/portal\/cms\/verNoticiaDetalhe.asp?idConteudo=409481#article","isPartOf":{"@id":"https:\/\/mhcalculos.com.br\/noticias\/area\/tributario\/stf-stf-reconhece-direito-a-creditamento-de-ipi-de-insumos-da-zona-franca-de-manaus.html"},"author":{"name":"Equipe MH","@id":"https:\/\/mhcalculos.com.br\/noticias\/#\/schema\/person\/88d1c34bf72dc779ea14a5a6b8e0ae8d"},"headline":"STF: STF reconhece direito a creditamento de IPI de insumos da Zona Franca de Manaus","datePublished":"2019-04-27T19:00:07+00:00","dateModified":"2021-07-28T17:32:56+00:00","mainEntityOfPage":{"@id":"https:\/\/mhcalculos.com.br\/noticias\/area\/tributario\/stf-stf-reconhece-direito-a-creditamento-de-ipi-de-insumos-da-zona-franca-de-manaus.html"},"wordCount":431,"commentCount":0,"image":{"@id":"http:\/\/www.stf.jus.br\/portal\/cms\/verNoticiaDetalhe.asp?idConteudo=409481#primaryimage"},"thumbnailUrl":"https:\/\/mhcalculos.com.br\/noticias\/wp-content\/uploads\/sites\/2\/2018\/06\/judiciario-0027.jpg","keywords":["c\u00e1lculos judiciais","c\u00e1lculos tribut\u00e1rios","direito tribut\u00e1rio","d\u00edvida ativa","fazenda p\u00fablica","Imposto","per\u00edcia","perito","stf"],"articleSection":["Direito Tribut\u00e1rio","STF"],"inLanguage":"pt-BR","potentialAction":[{"@type":"CommentAction","name":"Comment","target":["http:\/\/www.stf.jus.br\/portal\/cms\/verNoticiaDetalhe.asp?idConteudo=409481#respond"]}]},{"@type":"WebPage","@id":"https:\/\/mhcalculos.com.br\/noticias\/area\/tributario\/stf-stf-reconhece-direito-a-creditamento-de-ipi-de-insumos-da-zona-franca-de-manaus.html","url":"http:\/\/www.stf.jus.br\/portal\/cms\/verNoticiaDetalhe.asp?idConteudo=409481","name":"STF: STF reconhece direito a creditamento de IPI de insumos da Zona Franca de Manaus | Portal de Not\u00edcias","isPartOf":{"@id":"https:\/\/mhcalculos.com.br\/noticias\/#website"},"primaryImageOfPage":{"@id":"http:\/\/www.stf.jus.br\/portal\/cms\/verNoticiaDetalhe.asp?idConteudo=409481#primaryimage"},"image":{"@id":"http:\/\/www.stf.jus.br\/portal\/cms\/verNoticiaDetalhe.asp?idConteudo=409481#primaryimage"},"thumbnailUrl":"https:\/\/mhcalculos.com.br\/noticias\/wp-content\/uploads\/sites\/2\/2018\/06\/judiciario-0027.jpg","datePublished":"2019-04-27T19:00:07+00:00","dateModified":"2021-07-28T17:32:56+00:00","author":{"@id":"https:\/\/mhcalculos.com.br\/noticias\/#\/schema\/person\/88d1c34bf72dc779ea14a5a6b8e0ae8d"},"breadcrumb":{"@id":"http:\/\/www.stf.jus.br\/portal\/cms\/verNoticiaDetalhe.asp?idConteudo=409481#breadcrumb"},"inLanguage":"pt-BR","potentialAction":[{"@type":"ReadAction","target":["http:\/\/www.stf.jus.br\/portal\/cms\/verNoticiaDetalhe.asp?idConteudo=409481"]}]},{"@type":"ImageObject","inLanguage":"pt-BR","@id":"http:\/\/www.stf.jus.br\/portal\/cms\/verNoticiaDetalhe.asp?idConteudo=409481#primaryimage","url":"https:\/\/mhcalculos.com.br\/noticias\/wp-content\/uploads\/sites\/2\/2018\/06\/judiciario-0027.jpg","contentUrl":"https:\/\/mhcalculos.com.br\/noticias\/wp-content\/uploads\/sites\/2\/2018\/06\/judiciario-0027.jpg","width":2000,"height":800},{"@type":"BreadcrumbList","@id":"http:\/\/www.stf.jus.br\/portal\/cms\/verNoticiaDetalhe.asp?idConteudo=409481#breadcrumb","itemListElement":[{"@type":"ListItem","position":1,"name":"In\u00edcio","item":"https:\/\/mhcalculos.com.br\/noticias\/"},{"@type":"ListItem","position":2,"name":"STF: STF reconhece direito a creditamento de IPI de insumos da Zona Franca de Manaus"}]},{"@type":"WebSite","@id":"https:\/\/mhcalculos.com.br\/noticias\/#website","url":"https:\/\/mhcalculos.com.br\/noticias\/","name":"Portal de Not\u00edcias","description":"Not\u00edcias e Jurisprud\u00eancia","potentialAction":[{"@type":"SearchAction","target":{"@type":"EntryPoint","urlTemplate":"https:\/\/mhcalculos.com.br\/noticias\/?s={search_term_string}"},"query-input":{"@type":"PropertyValueSpecification","valueRequired":true,"valueName":"search_term_string"}}],"inLanguage":"pt-BR"},{"@type":"Person","@id":"https:\/\/mhcalculos.com.br\/noticias\/#\/schema\/person\/88d1c34bf72dc779ea14a5a6b8e0ae8d","name":"Equipe MH","image":{"@type":"ImageObject","inLanguage":"pt-BR","@id":"https:\/\/secure.gravatar.com\/avatar\/de1c686c2ecc9c5a3f327e3431d819eb39f8f05d4e1045f5a1caad6daaba987f?s=96&d=mm&r=g","url":"https:\/\/secure.gravatar.com\/avatar\/de1c686c2ecc9c5a3f327e3431d819eb39f8f05d4e1045f5a1caad6daaba987f?s=96&d=mm&r=g","contentUrl":"https:\/\/secure.gravatar.com\/avatar\/de1c686c2ecc9c5a3f327e3431d819eb39f8f05d4e1045f5a1caad6daaba987f?s=96&d=mm&r=g","caption":"Equipe MH"}}]}},"_links":{"self":[{"href":"https:\/\/mhcalculos.com.br\/noticias\/wp-json\/wp\/v2\/posts\/4130","targetHints":{"allow":["GET"]}}],"collection":[{"href":"https:\/\/mhcalculos.com.br\/noticias\/wp-json\/wp\/v2\/posts"}],"about":[{"href":"https:\/\/mhcalculos.com.br\/noticias\/wp-json\/wp\/v2\/types\/post"}],"author":[{"embeddable":true,"href":"https:\/\/mhcalculos.com.br\/noticias\/wp-json\/wp\/v2\/users\/3063"}],"replies":[{"embeddable":true,"href":"https:\/\/mhcalculos.com.br\/noticias\/wp-json\/wp\/v2\/comments?post=4130"}],"version-history":[{"count":1,"href":"https:\/\/mhcalculos.com.br\/noticias\/wp-json\/wp\/v2\/posts\/4130\/revisions"}],"predecessor-version":[{"id":6648,"href":"https:\/\/mhcalculos.com.br\/noticias\/wp-json\/wp\/v2\/posts\/4130\/revisions\/6648"}],"wp:featuredmedia":[{"embeddable":true,"href":"https:\/\/mhcalculos.com.br\/noticias\/wp-json\/wp\/v2\/media\/2198"}],"wp:attachment":[{"href":"https:\/\/mhcalculos.com.br\/noticias\/wp-json\/wp\/v2\/media?parent=4130"}],"wp:term":[{"taxonomy":"category","embeddable":true,"href":"https:\/\/mhcalculos.com.br\/noticias\/wp-json\/wp\/v2\/categories?post=4130"},{"taxonomy":"post_tag","embeddable":true,"href":"https:\/\/mhcalculos.com.br\/noticias\/wp-json\/wp\/v2\/tags?post=4130"}],"curies":[{"name":"wp","href":"https:\/\/api.w.org\/{rel}","templated":true}]}}