{"id":4110,"date":"2019-04-25T12:00:15","date_gmt":"2019-04-25T15:00:15","guid":{"rendered":"https:\/\/mhcalculos.com.br\/noticias\/2019\/04\/25\/trf4-curso-para-magistrados-aborda-temas-atuais-do-direito-tributario-24-04-2019\/"},"modified":"2021-07-28T14:32:58","modified_gmt":"2021-07-28T17:32:58","slug":"trf4-curso-para-magistrados-aborda-temas-atuais-do-direito-tributario-24-04-2019","status":"publish","type":"post","link":"https:\/\/mhcalculos.com.br\/noticias\/area\/tributario\/trf4-curso-para-magistrados-aborda-temas-atuais-do-direito-tributario-24-04-2019.html","title":{"rendered":"TRF4: Curso para magistrados aborda temas atuais do Direito Tribut\u00e1rio (24\/04\/2019)"},"content":{"rendered":"\n<p>Iniciou nessa tarde (24\/4) o curso sobre temas atuais de Direito Tribut\u00e1rio, voltado para os magistrados da Justi\u00e7a Federal da 4\u00aa Regi\u00e3o e procuradores da Fazenda Nacional. O evento, que vai at\u00e9 sexta-feira (26\/4), \u00e9 promovido pela Escola da Magistratura (Emagis) do Tribunal Regional Federal da 4\u00aa Regi\u00e3o e ocorre no audit\u00f3rio da corte.<\/p>\n<p>Segundo o juiz federal Marcel Citro de Azevedo, coordenador cient\u00edfico, o curso est\u00e1 dividido em dois eixos, a efici\u00eancia da execu\u00e7\u00e3o fiscal e a discuss\u00e3o dos assuntos controversos que s\u00e3o atuais no debate sobre o tema. \u201cEsses assuntos est\u00e3o em pauta, pois s\u00e3o casos que vinham sendo decididos no \u00e2mbito do Conselho Administrativo de Recursos Fiscais (CARF) e agora v\u00e3o passar a ser judicializados. A comunidade jur\u00eddica precisa se posicionar sobre o entendimento jur\u00eddico acerca do assunto\u201d, observou o juiz.<\/p>\n<p>O primeiro dia de programa\u00e7\u00e3o foi aberto pela desembargadora federal V\u00e2nia Hack de Almeida, que \u00e9 conselheira da Emagis. A magistrada agradeceu pela presen\u00e7a dos painelistas presentes na mesa e destacou a import\u00e2ncia dos temas que ser\u00e3o abordados durante os pr\u00f3ximos dias.<\/p>\n<p>O curso foi inaugurado com o painel sobre ajuizamento seletivo de execu\u00e7\u00f5es fiscais que, al\u00e9m de Citro de Azevedo, contou com a participa\u00e7\u00e3o do procurador da Fazenda Nacional Cristiano Neuenschwander Lins de Morais, do procurador-geral adjunto de gest\u00e3o da D\u00edvida Ativa da Uni\u00e3o e FGTS, advogado \u00c9derson Garin Porto, do adjunto do advogado-geral da Uni\u00e3o, Fabr\u00edcio Da Soller, e do procurador-chefe da Procuradoria-Regional da Fazenda Nacional da 4\u00aa Regi\u00e3o, Rafael Dias Degani.<\/p>\n<p>Inicialmente, Lins de Morais apresentou a evolu\u00e7\u00e3o da execu\u00e7\u00e3o fiscal a partir de portarias da Procuradoria-Geral da Fazenda Nacional at\u00e9 a defini\u00e7\u00e3o do ajuizamento seletivo, instalado desde 2016. Segundo os dados apresentados, a medida, que avalia qual mecanismo \u00e9 mais apropriado para a cobran\u00e7a de cada d\u00edvida, aumentou as taxas de recupera\u00e7\u00e3o de valores de cr\u00e9ditos com o sistema tribut\u00e1rio. Ap\u00f3s, Garin Porto levantou provoca\u00e7\u00f5es sobre as medidas de redu\u00e7\u00e3o da litigiosidade. O advogado destacou alguns obst\u00e1culos como a falta de servidores. \u201cA massa de cr\u00e9dito a ser recuperada \u00e9 incompat\u00edvel com o n\u00famero de servidores da justi\u00e7a\u201d, pontuou Garin Porto.<\/p>\n<p>Al\u00e9m do ajuizamento seletivo, Citro de Azevedo apontou que at\u00e9 a sexta-feira ser\u00e3o abordadas tem\u00e1ticas sobre os conceitos de receita, os insumos para PIS e Confins, a recupera\u00e7\u00e3o judicial com seus efeitos na recupera\u00e7\u00e3o fiscal e, por fim, o funcionamento da Medida Cautelar Fiscal. O \u00faltimo ponto, que ser\u00e1 apresentado na sexta-feira pela manh\u00e3, contar\u00e1 com a palestra do desembargador federal da 8\u00aa Turma do TRF4 Leandro Paulsen.<\/p>\n<p><br \/>\nCurso aborda temas atuais do Direito Tribut\u00e1rio (Foto: Sylvio Sirangelo\/TRF4)<\/p>\n<p><img decoding=\"async\" style=\"width: 800px;\" title=\"Foto: Sylvio Sirangelo\/TRF4\" data-src=\"https:\/\/www2.trf4.jus.br\/trf4\/upload\/editor\/ppi_emagistributario_6658.jpg\" alt=\"Desembargadora Federal V\u00e2nia Hack de Almeida fez a abertura do curso\" src=\"data:image\/svg+xml;base64,PHN2ZyB3aWR0aD0iMSIgaGVpZ2h0PSIxIiB4bWxucz0iaHR0cDovL3d3dy53My5vcmcvMjAwMC9zdmciPjwvc3ZnPg==\" class=\"lazyload\" \/><br \/>\nDesembargadora Federal V\u00e2nia Hack de Almeida fez a abertura do curso (Foto: Sylvio Sirangelo\/TRF4)<\/p>\n<p><img decoding=\"async\" style=\"width: 800px;\" title=\"Foto: Sylvio Sirangelo\/TRF4\" data-src=\"https:\/\/www2.trf4.jus.br\/trf4\/upload\/editor\/ppi_emagistributario_6671.jpg\" alt=\"Juiz federal Marcel Citro de Azevedo\" src=\"data:image\/svg+xml;base64,PHN2ZyB3aWR0aD0iMSIgaGVpZ2h0PSIxIiB4bWxucz0iaHR0cDovL3d3dy53My5vcmcvMjAwMC9zdmciPjwvc3ZnPg==\" class=\"lazyload\" \/><br \/>\nJuiz federal Marcel Citro de Azevedo (Foto: Sylvio Sirangelo\/TRF4)<\/p>\n<p><img decoding=\"async\" style=\"width: 800px;\" title=\"Foto: Sylvio Sirangelo\/TRF4\" data-src=\"https:\/\/www2.trf4.jus.br\/trf4\/upload\/editor\/ppi_emagistributario_2278.jpg\" alt=\"Procurador da Fazenda Nacional Cristiano Neuenschwander Lins de Morais\" src=\"data:image\/svg+xml;base64,PHN2ZyB3aWR0aD0iMSIgaGVpZ2h0PSIxIiB4bWxucz0iaHR0cDovL3d3dy53My5vcmcvMjAwMC9zdmciPjwvc3ZnPg==\" class=\"lazyload\" \/><br \/>\nProcurador da Fazenda Nacional Cristiano Neuenschwander Lins de Morais (Foto: Sylvio Sirangelo\/TRF4)<\/p>\n<p><i>Com informa\u00e7\u00f5es da assessoria de imprensa do TRF4.<\/i><\/p>\n<p><a href=\"http:\/\/www2.trf4.jus.br\/trf4\/controlador.php?acao=noticia_visualizar&amp;id_noticia=14403\">Fonte<\/a><\/p>\n\n","protected":false},"excerpt":{"rendered":"<p>Iniciou nessa tarde (24\/4) o curso sobre temas atuais de Direito Tribut\u00e1rio, voltado para os magistrados da Justi\u00e7a Federal da 4\u00aa Regi\u00e3o e procuradores da Fazenda Nacional. O evento, que vai at\u00e9 sexta-feira (26\/4), \u00e9 promovido pela Escola da Magistratura (Emagis) do Tribunal Regional Federal da 4\u00aa Regi\u00e3o e ocorre no audit\u00f3rio da corte. Segundo [&hellip;]<\/p>\n","protected":false},"author":3063,"featured_media":4111,"comment_status":"open","ping_status":"open","sticky":false,"template":"","format":"standard","meta":{"footnotes":""},"categories":[18,6],"tags":[31,42,30,29,213,9,12,17,218,176,214],"class_list":{"0":"post-4110","1":"post","2":"type-post","3":"status-publish","4":"format-standard","5":"has-post-thumbnail","7":"category-tributario","8":"category-trf4","9":"tag-calculos-tributarios","10":"tag-direito-tributario","11":"tag-divida-ativa","12":"tag-fazenda-publica","13":"tag-imposto","14":"tag-pericia","15":"tag-perito","16":"tag-trf4","17":"tag-tribunal-regional-federal","18":"tag-tributario","19":"tag-tributo"},"yoast_head":"<!-- This site is optimized with the Yoast SEO plugin v27.2 - https:\/\/yoast.com\/product\/yoast-seo-wordpress\/ -->\n<title>TRF4: Curso para magistrados aborda temas atuais do Direito Tribut\u00e1rio (24\/04\/2019) | Portal de Not\u00edcias<\/title>\n<meta name=\"robots\" content=\"index, follow, max-snippet:-1, max-image-preview:large, max-video-preview:-1\" \/>\n<link rel=\"canonical\" href=\"https:\/\/mhcalculos.com.br\/noticias\/area\/tributario\/trf4-curso-para-magistrados-aborda-temas-atuais-do-direito-tributario-24-04-2019.html\" \/>\n<meta property=\"og:locale\" content=\"pt_BR\" \/>\n<meta property=\"og:type\" content=\"article\" \/>\n<meta property=\"og:title\" content=\"TRF4: Curso para magistrados aborda temas atuais do Direito Tribut\u00e1rio (24\/04\/2019) | Portal de Not\u00edcias\" \/>\n<meta property=\"og:description\" content=\"Iniciou nessa tarde (24\/4) o curso sobre temas atuais de Direito Tribut\u00e1rio, voltado para os magistrados da Justi\u00e7a Federal da 4\u00aa Regi\u00e3o e procuradores da Fazenda Nacional. O evento, que vai at\u00e9 sexta-feira (26\/4), \u00e9 promovido pela Escola da Magistratura (Emagis) do Tribunal Regional Federal da 4\u00aa Regi\u00e3o e ocorre no audit\u00f3rio da corte. Segundo [&hellip;]\" \/>\n<meta property=\"og:url\" content=\"https:\/\/mhcalculos.com.br\/noticias\/area\/tributario\/trf4-curso-para-magistrados-aborda-temas-atuais-do-direito-tributario-24-04-2019.html\" \/>\n<meta property=\"og:site_name\" content=\"Portal de Not\u00edcias\" \/>\n<meta property=\"article:published_time\" content=\"2019-04-25T15:00:15+00:00\" \/>\n<meta property=\"article:modified_time\" content=\"2021-07-28T17:32:58+00:00\" \/>\n<meta property=\"og:image\" content=\"https:\/\/mhcalculos.com.br\/noticias\/wp-content\/uploads\/sites\/2\/2019\/04\/ppi_emagistributario_6665.jpg\" \/>\n\t<meta property=\"og:image:width\" content=\"2200\" \/>\n\t<meta property=\"og:image:height\" content=\"1300\" \/>\n\t<meta property=\"og:image:type\" content=\"image\/jpeg\" \/>\n<meta name=\"author\" content=\"Equipe MH\" \/>\n<meta name=\"twitter:card\" content=\"summary_large_image\" \/>\n<meta name=\"twitter:label1\" content=\"Escrito por\" \/>\n\t<meta name=\"twitter:data1\" content=\"Equipe MH\" \/>\n\t<meta name=\"twitter:label2\" content=\"Est. tempo de leitura\" \/>\n\t<meta name=\"twitter:data2\" content=\"3 minutos\" \/>\n<script type=\"application\/ld+json\" class=\"yoast-schema-graph\">{\"@context\":\"https:\/\/schema.org\",\"@graph\":[{\"@type\":\"Article\",\"@id\":\"https:\/\/mhcalculos.com.br\/noticias\/area\/tributario\/trf4-curso-para-magistrados-aborda-temas-atuais-do-direito-tributario-24-04-2019.html#article\",\"isPartOf\":{\"@id\":\"https:\/\/mhcalculos.com.br\/noticias\/area\/tributario\/trf4-curso-para-magistrados-aborda-temas-atuais-do-direito-tributario-24-04-2019.html\"},\"author\":{\"name\":\"Equipe MH\",\"@id\":\"https:\/\/mhcalculos.com.br\/noticias\/#\/schema\/person\/88d1c34bf72dc779ea14a5a6b8e0ae8d\"},\"headline\":\"TRF4: Curso para magistrados aborda temas atuais do Direito Tribut\u00e1rio (24\/04\/2019)\",\"datePublished\":\"2019-04-25T15:00:15+00:00\",\"dateModified\":\"2021-07-28T17:32:58+00:00\",\"mainEntityOfPage\":{\"@id\":\"https:\/\/mhcalculos.com.br\/noticias\/area\/tributario\/trf4-curso-para-magistrados-aborda-temas-atuais-do-direito-tributario-24-04-2019.html\"},\"wordCount\":531,\"commentCount\":0,\"image\":{\"@id\":\"https:\/\/mhcalculos.com.br\/noticias\/area\/tributario\/trf4-curso-para-magistrados-aborda-temas-atuais-do-direito-tributario-24-04-2019.html#primaryimage\"},\"thumbnailUrl\":\"https:\/\/mhcalculos.com.br\/noticias\/wp-content\/uploads\/sites\/2\/2019\/04\/ppi_emagistributario_6665.jpg\",\"keywords\":[\"c\u00e1lculos tribut\u00e1rios\",\"direito tribut\u00e1rio\",\"d\u00edvida ativa\",\"fazenda p\u00fablica\",\"Imposto\",\"per\u00edcia\",\"perito\",\"trf4\",\"Tribunal Regional Federal\",\"tribut\u00e1rio\",\"tributo\"],\"articleSection\":[\"Direito Tribut\u00e1rio\",\"TRF4\"],\"inLanguage\":\"pt-BR\",\"potentialAction\":[{\"@type\":\"CommentAction\",\"name\":\"Comment\",\"target\":[\"https:\/\/mhcalculos.com.br\/noticias\/area\/tributario\/trf4-curso-para-magistrados-aborda-temas-atuais-do-direito-tributario-24-04-2019.html#respond\"]}]},{\"@type\":\"WebPage\",\"@id\":\"https:\/\/mhcalculos.com.br\/noticias\/area\/tributario\/trf4-curso-para-magistrados-aborda-temas-atuais-do-direito-tributario-24-04-2019.html\",\"url\":\"https:\/\/mhcalculos.com.br\/noticias\/area\/tributario\/trf4-curso-para-magistrados-aborda-temas-atuais-do-direito-tributario-24-04-2019.html\",\"name\":\"TRF4: Curso para magistrados aborda temas atuais do Direito Tribut\u00e1rio (24\/04\/2019) | Portal de Not\u00edcias\",\"isPartOf\":{\"@id\":\"https:\/\/mhcalculos.com.br\/noticias\/#website\"},\"primaryImageOfPage\":{\"@id\":\"https:\/\/mhcalculos.com.br\/noticias\/area\/tributario\/trf4-curso-para-magistrados-aborda-temas-atuais-do-direito-tributario-24-04-2019.html#primaryimage\"},\"image\":{\"@id\":\"https:\/\/mhcalculos.com.br\/noticias\/area\/tributario\/trf4-curso-para-magistrados-aborda-temas-atuais-do-direito-tributario-24-04-2019.html#primaryimage\"},\"thumbnailUrl\":\"https:\/\/mhcalculos.com.br\/noticias\/wp-content\/uploads\/sites\/2\/2019\/04\/ppi_emagistributario_6665.jpg\",\"datePublished\":\"2019-04-25T15:00:15+00:00\",\"dateModified\":\"2021-07-28T17:32:58+00:00\",\"author\":{\"@id\":\"https:\/\/mhcalculos.com.br\/noticias\/#\/schema\/person\/88d1c34bf72dc779ea14a5a6b8e0ae8d\"},\"breadcrumb\":{\"@id\":\"https:\/\/mhcalculos.com.br\/noticias\/area\/tributario\/trf4-curso-para-magistrados-aborda-temas-atuais-do-direito-tributario-24-04-2019.html#breadcrumb\"},\"inLanguage\":\"pt-BR\",\"potentialAction\":[{\"@type\":\"ReadAction\",\"target\":[\"https:\/\/mhcalculos.com.br\/noticias\/area\/tributario\/trf4-curso-para-magistrados-aborda-temas-atuais-do-direito-tributario-24-04-2019.html\"]}]},{\"@type\":\"ImageObject\",\"inLanguage\":\"pt-BR\",\"@id\":\"https:\/\/mhcalculos.com.br\/noticias\/area\/tributario\/trf4-curso-para-magistrados-aborda-temas-atuais-do-direito-tributario-24-04-2019.html#primaryimage\",\"url\":\"https:\/\/mhcalculos.com.br\/noticias\/wp-content\/uploads\/sites\/2\/2019\/04\/ppi_emagistributario_6665.jpg\",\"contentUrl\":\"https:\/\/mhcalculos.com.br\/noticias\/wp-content\/uploads\/sites\/2\/2019\/04\/ppi_emagistributario_6665.jpg\",\"width\":2200,\"height\":1300},{\"@type\":\"BreadcrumbList\",\"@id\":\"https:\/\/mhcalculos.com.br\/noticias\/area\/tributario\/trf4-curso-para-magistrados-aborda-temas-atuais-do-direito-tributario-24-04-2019.html#breadcrumb\",\"itemListElement\":[{\"@type\":\"ListItem\",\"position\":1,\"name\":\"In\u00edcio\",\"item\":\"https:\/\/mhcalculos.com.br\/noticias\/\"},{\"@type\":\"ListItem\",\"position\":2,\"name\":\"TRF4: Curso para magistrados aborda temas atuais do Direito Tribut\u00e1rio (24\/04\/2019)\"}]},{\"@type\":\"WebSite\",\"@id\":\"https:\/\/mhcalculos.com.br\/noticias\/#website\",\"url\":\"https:\/\/mhcalculos.com.br\/noticias\/\",\"name\":\"Portal de Not\u00edcias\",\"description\":\"Not\u00edcias e Jurisprud\u00eancia\",\"potentialAction\":[{\"@type\":\"SearchAction\",\"target\":{\"@type\":\"EntryPoint\",\"urlTemplate\":\"https:\/\/mhcalculos.com.br\/noticias\/?s={search_term_string}\"},\"query-input\":{\"@type\":\"PropertyValueSpecification\",\"valueRequired\":true,\"valueName\":\"search_term_string\"}}],\"inLanguage\":\"pt-BR\"},{\"@type\":\"Person\",\"@id\":\"https:\/\/mhcalculos.com.br\/noticias\/#\/schema\/person\/88d1c34bf72dc779ea14a5a6b8e0ae8d\",\"name\":\"Equipe MH\",\"image\":{\"@type\":\"ImageObject\",\"inLanguage\":\"pt-BR\",\"@id\":\"https:\/\/secure.gravatar.com\/avatar\/de1c686c2ecc9c5a3f327e3431d819eb39f8f05d4e1045f5a1caad6daaba987f?s=96&d=mm&r=g\",\"url\":\"https:\/\/secure.gravatar.com\/avatar\/de1c686c2ecc9c5a3f327e3431d819eb39f8f05d4e1045f5a1caad6daaba987f?s=96&d=mm&r=g\",\"contentUrl\":\"https:\/\/secure.gravatar.com\/avatar\/de1c686c2ecc9c5a3f327e3431d819eb39f8f05d4e1045f5a1caad6daaba987f?s=96&d=mm&r=g\",\"caption\":\"Equipe MH\"}}]}<\/script>\n<!-- \/ Yoast SEO plugin. -->","yoast_head_json":{"title":"TRF4: Curso para magistrados aborda temas atuais do Direito Tribut\u00e1rio (24\/04\/2019) | Portal de Not\u00edcias","robots":{"index":"index","follow":"follow","max-snippet":"max-snippet:-1","max-image-preview":"max-image-preview:large","max-video-preview":"max-video-preview:-1"},"canonical":"https:\/\/mhcalculos.com.br\/noticias\/area\/tributario\/trf4-curso-para-magistrados-aborda-temas-atuais-do-direito-tributario-24-04-2019.html","og_locale":"pt_BR","og_type":"article","og_title":"TRF4: Curso para magistrados aborda temas atuais do Direito Tribut\u00e1rio (24\/04\/2019) | Portal de Not\u00edcias","og_description":"Iniciou nessa tarde (24\/4) o curso sobre temas atuais de Direito Tribut\u00e1rio, voltado para os magistrados da Justi\u00e7a Federal da 4\u00aa Regi\u00e3o e procuradores da Fazenda Nacional. O evento, que vai at\u00e9 sexta-feira (26\/4), \u00e9 promovido pela Escola da Magistratura (Emagis) do Tribunal Regional Federal da 4\u00aa Regi\u00e3o e ocorre no audit\u00f3rio da corte. Segundo [&hellip;]","og_url":"https:\/\/mhcalculos.com.br\/noticias\/area\/tributario\/trf4-curso-para-magistrados-aborda-temas-atuais-do-direito-tributario-24-04-2019.html","og_site_name":"Portal de Not\u00edcias","article_published_time":"2019-04-25T15:00:15+00:00","article_modified_time":"2021-07-28T17:32:58+00:00","og_image":[{"width":2200,"height":1300,"url":"https:\/\/mhcalculos.com.br\/noticias\/wp-content\/uploads\/sites\/2\/2019\/04\/ppi_emagistributario_6665.jpg","type":"image\/jpeg"}],"author":"Equipe MH","twitter_card":"summary_large_image","twitter_misc":{"Escrito por":"Equipe MH","Est. tempo de leitura":"3 minutos"},"schema":{"@context":"https:\/\/schema.org","@graph":[{"@type":"Article","@id":"https:\/\/mhcalculos.com.br\/noticias\/area\/tributario\/trf4-curso-para-magistrados-aborda-temas-atuais-do-direito-tributario-24-04-2019.html#article","isPartOf":{"@id":"https:\/\/mhcalculos.com.br\/noticias\/area\/tributario\/trf4-curso-para-magistrados-aborda-temas-atuais-do-direito-tributario-24-04-2019.html"},"author":{"name":"Equipe MH","@id":"https:\/\/mhcalculos.com.br\/noticias\/#\/schema\/person\/88d1c34bf72dc779ea14a5a6b8e0ae8d"},"headline":"TRF4: Curso para magistrados aborda temas atuais do Direito Tribut\u00e1rio (24\/04\/2019)","datePublished":"2019-04-25T15:00:15+00:00","dateModified":"2021-07-28T17:32:58+00:00","mainEntityOfPage":{"@id":"https:\/\/mhcalculos.com.br\/noticias\/area\/tributario\/trf4-curso-para-magistrados-aborda-temas-atuais-do-direito-tributario-24-04-2019.html"},"wordCount":531,"commentCount":0,"image":{"@id":"https:\/\/mhcalculos.com.br\/noticias\/area\/tributario\/trf4-curso-para-magistrados-aborda-temas-atuais-do-direito-tributario-24-04-2019.html#primaryimage"},"thumbnailUrl":"https:\/\/mhcalculos.com.br\/noticias\/wp-content\/uploads\/sites\/2\/2019\/04\/ppi_emagistributario_6665.jpg","keywords":["c\u00e1lculos tribut\u00e1rios","direito tribut\u00e1rio","d\u00edvida ativa","fazenda p\u00fablica","Imposto","per\u00edcia","perito","trf4","Tribunal Regional Federal","tribut\u00e1rio","tributo"],"articleSection":["Direito Tribut\u00e1rio","TRF4"],"inLanguage":"pt-BR","potentialAction":[{"@type":"CommentAction","name":"Comment","target":["https:\/\/mhcalculos.com.br\/noticias\/area\/tributario\/trf4-curso-para-magistrados-aborda-temas-atuais-do-direito-tributario-24-04-2019.html#respond"]}]},{"@type":"WebPage","@id":"https:\/\/mhcalculos.com.br\/noticias\/area\/tributario\/trf4-curso-para-magistrados-aborda-temas-atuais-do-direito-tributario-24-04-2019.html","url":"https:\/\/mhcalculos.com.br\/noticias\/area\/tributario\/trf4-curso-para-magistrados-aborda-temas-atuais-do-direito-tributario-24-04-2019.html","name":"TRF4: Curso para magistrados aborda temas atuais do Direito Tribut\u00e1rio (24\/04\/2019) | Portal de Not\u00edcias","isPartOf":{"@id":"https:\/\/mhcalculos.com.br\/noticias\/#website"},"primaryImageOfPage":{"@id":"https:\/\/mhcalculos.com.br\/noticias\/area\/tributario\/trf4-curso-para-magistrados-aborda-temas-atuais-do-direito-tributario-24-04-2019.html#primaryimage"},"image":{"@id":"https:\/\/mhcalculos.com.br\/noticias\/area\/tributario\/trf4-curso-para-magistrados-aborda-temas-atuais-do-direito-tributario-24-04-2019.html#primaryimage"},"thumbnailUrl":"https:\/\/mhcalculos.com.br\/noticias\/wp-content\/uploads\/sites\/2\/2019\/04\/ppi_emagistributario_6665.jpg","datePublished":"2019-04-25T15:00:15+00:00","dateModified":"2021-07-28T17:32:58+00:00","author":{"@id":"https:\/\/mhcalculos.com.br\/noticias\/#\/schema\/person\/88d1c34bf72dc779ea14a5a6b8e0ae8d"},"breadcrumb":{"@id":"https:\/\/mhcalculos.com.br\/noticias\/area\/tributario\/trf4-curso-para-magistrados-aborda-temas-atuais-do-direito-tributario-24-04-2019.html#breadcrumb"},"inLanguage":"pt-BR","potentialAction":[{"@type":"ReadAction","target":["https:\/\/mhcalculos.com.br\/noticias\/area\/tributario\/trf4-curso-para-magistrados-aborda-temas-atuais-do-direito-tributario-24-04-2019.html"]}]},{"@type":"ImageObject","inLanguage":"pt-BR","@id":"https:\/\/mhcalculos.com.br\/noticias\/area\/tributario\/trf4-curso-para-magistrados-aborda-temas-atuais-do-direito-tributario-24-04-2019.html#primaryimage","url":"https:\/\/mhcalculos.com.br\/noticias\/wp-content\/uploads\/sites\/2\/2019\/04\/ppi_emagistributario_6665.jpg","contentUrl":"https:\/\/mhcalculos.com.br\/noticias\/wp-content\/uploads\/sites\/2\/2019\/04\/ppi_emagistributario_6665.jpg","width":2200,"height":1300},{"@type":"BreadcrumbList","@id":"https:\/\/mhcalculos.com.br\/noticias\/area\/tributario\/trf4-curso-para-magistrados-aborda-temas-atuais-do-direito-tributario-24-04-2019.html#breadcrumb","itemListElement":[{"@type":"ListItem","position":1,"name":"In\u00edcio","item":"https:\/\/mhcalculos.com.br\/noticias\/"},{"@type":"ListItem","position":2,"name":"TRF4: Curso para magistrados aborda temas atuais do Direito Tribut\u00e1rio (24\/04\/2019)"}]},{"@type":"WebSite","@id":"https:\/\/mhcalculos.com.br\/noticias\/#website","url":"https:\/\/mhcalculos.com.br\/noticias\/","name":"Portal de Not\u00edcias","description":"Not\u00edcias e Jurisprud\u00eancia","potentialAction":[{"@type":"SearchAction","target":{"@type":"EntryPoint","urlTemplate":"https:\/\/mhcalculos.com.br\/noticias\/?s={search_term_string}"},"query-input":{"@type":"PropertyValueSpecification","valueRequired":true,"valueName":"search_term_string"}}],"inLanguage":"pt-BR"},{"@type":"Person","@id":"https:\/\/mhcalculos.com.br\/noticias\/#\/schema\/person\/88d1c34bf72dc779ea14a5a6b8e0ae8d","name":"Equipe MH","image":{"@type":"ImageObject","inLanguage":"pt-BR","@id":"https:\/\/secure.gravatar.com\/avatar\/de1c686c2ecc9c5a3f327e3431d819eb39f8f05d4e1045f5a1caad6daaba987f?s=96&d=mm&r=g","url":"https:\/\/secure.gravatar.com\/avatar\/de1c686c2ecc9c5a3f327e3431d819eb39f8f05d4e1045f5a1caad6daaba987f?s=96&d=mm&r=g","contentUrl":"https:\/\/secure.gravatar.com\/avatar\/de1c686c2ecc9c5a3f327e3431d819eb39f8f05d4e1045f5a1caad6daaba987f?s=96&d=mm&r=g","caption":"Equipe MH"}}]}},"_links":{"self":[{"href":"https:\/\/mhcalculos.com.br\/noticias\/wp-json\/wp\/v2\/posts\/4110","targetHints":{"allow":["GET"]}}],"collection":[{"href":"https:\/\/mhcalculos.com.br\/noticias\/wp-json\/wp\/v2\/posts"}],"about":[{"href":"https:\/\/mhcalculos.com.br\/noticias\/wp-json\/wp\/v2\/types\/post"}],"author":[{"embeddable":true,"href":"https:\/\/mhcalculos.com.br\/noticias\/wp-json\/wp\/v2\/users\/3063"}],"replies":[{"embeddable":true,"href":"https:\/\/mhcalculos.com.br\/noticias\/wp-json\/wp\/v2\/comments?post=4110"}],"version-history":[{"count":1,"href":"https:\/\/mhcalculos.com.br\/noticias\/wp-json\/wp\/v2\/posts\/4110\/revisions"}],"predecessor-version":[{"id":6652,"href":"https:\/\/mhcalculos.com.br\/noticias\/wp-json\/wp\/v2\/posts\/4110\/revisions\/6652"}],"wp:featuredmedia":[{"embeddable":true,"href":"https:\/\/mhcalculos.com.br\/noticias\/wp-json\/wp\/v2\/media\/4111"}],"wp:attachment":[{"href":"https:\/\/mhcalculos.com.br\/noticias\/wp-json\/wp\/v2\/media?parent=4110"}],"wp:term":[{"taxonomy":"category","embeddable":true,"href":"https:\/\/mhcalculos.com.br\/noticias\/wp-json\/wp\/v2\/categories?post=4110"},{"taxonomy":"post_tag","embeddable":true,"href":"https:\/\/mhcalculos.com.br\/noticias\/wp-json\/wp\/v2\/tags?post=4110"}],"curies":[{"name":"wp","href":"https:\/\/api.w.org\/{rel}","templated":true}]}}