{"id":4044,"date":"2019-04-13T23:00:10","date_gmt":"2019-04-14T02:00:10","guid":{"rendered":"https:\/\/mhcalculos.com.br\/noticias\/2019\/04\/13\/stj-primeira-turma-suspende-limite-de-18-anos-previsto-para-pensao-por-morte-no-ma\/"},"modified":"2021-07-28T14:33:02","modified_gmt":"2021-07-28T17:33:02","slug":"stj-primeira-turma-suspende-limite-de-18-anos-previsto-para-pensao-por-morte-no-ma","status":"publish","type":"post","link":"https:\/\/mhcalculos.com.br\/noticias\/area\/previdenciario\/stj-primeira-turma-suspende-limite-de-18-anos-previsto-para-pensao-por-morte-no-ma.html","title":{"rendered":"STJ: Primeira Turma suspende limite de 18 anos previsto para pens\u00e3o por morte no MA"},"content":{"rendered":"<p><br \/>\n<\/p>\n<p>Em virtude da previs&atilde;o, na legisla&ccedil;&atilde;o federal, do limite de 21 anos para o recebimento da pens&atilde;o por morte, a Primeira Turma do Superior Tribunal de Justi&ccedil;a (STJ) determinou a suspens&atilde;o da efic&aacute;cia de dispositivos da <strong><a target=\"_blank\" href=\"http:\/\/www.stc.ma.gov.br\/legisla-documento\/?id=1800\" rel=\"noopener\">Lei Complementar 73\/2004<\/a><\/strong> do Maranh&atilde;o que previam a interrup&ccedil;&atilde;o do benef&iacute;cio quando o dependente de servidor p&uacute;blico completasse a maioridade civil, aos 18 anos.<\/p>\n<p>Por maioria de votos, o colegiado entendeu que a <strong><a target=\"_blank\" href=\"http:\/\/www.planalto.gov.br\/ccivil_03\/leis\/L9717.htm\" rel=\"noopener\">Lei Federal 9.717\/1998<\/a><\/strong>, que veda a concess&atilde;o a servidores de benef&iacute;cios distintos daqueles previstos no Regime Geral de Previd&ecirc;ncia Social (RGPS), deve prevalecer sobre as disposi&ccedil;&otilde;es de lei local fixadas em sentido diferente. Assim, a turma entendeu que deve prevalecer o limite de 21 anos previsto na <strong><a target=\"_blank\" href=\"http:\/\/www.planalto.gov.br\/ccivil_03\/leis\/L8213cons.htm\" rel=\"noopener\">Lei 8.213\/1991<\/a><\/strong>.<\/p>\n<p>No mandado de seguran&ccedil;a, a parte autora alegou que vinha recebendo regularmente o benef&iacute;cio de pens&atilde;o por morte at&eacute; que, em dezembro de 2014, foi exclu&iacute;da da folha de pagamento do estado sob o argumento de que teria completado 18 anos, atingindo o limite para pagamento de benef&iacute;cios previstos pela LC 73\/2004.<\/p>\n<p>Segundo a autora, ao fixar em 18 anos o teto para o recebimento do benef&iacute;cio, a legisla&ccedil;&atilde;o local contrariou os dispositivos da Lei 8.213\/1991, que prev&ecirc; a extin&ccedil;&atilde;o da pens&atilde;o pela emancipa&ccedil;&atilde;o ou quando a pessoa completar 21 anos.<\/p>\n<p><strong>Compet&ecirc;ncia concorrente<\/strong><\/p>\n<p>Ap&oacute;s decis&atilde;o monocr&aacute;tica do ministro Gurgel de Faria que suspendeu as normas sobre limites de idade previstos na LC 73\/2004, o Estado do Maranh&atilde;o recorreu &agrave; Primeira Turma e argumentou que, em mat&eacute;ria previdenci&aacute;ria, a Constitui&ccedil;&atilde;o Federal prev&ecirc; a compet&ecirc;ncia legislativa concorrente da Uni&atilde;o, dos estados e dos munic&iacute;pios.<\/p>\n<p>Para o ente estadual, em virtude da exist&ecirc;ncia de legisla&ccedil;&atilde;o local, seriam inaplic&aacute;veis as disposi&ccedil;&otilde;es gerais do RGPS. Al&eacute;m disso, o estado defendia a observ&acirc;ncia da <strong><a href=\"https:\/\/ww2.stj.jus.br\/docs_internet\/revista\/eletronica\/stj-revista-sumulas-2012_29_capSumula340.pdf\">S&uacute;mula 340<\/a><\/strong> do STJ, segundo a qual a lei aplic&aacute;vel &agrave; concess&atilde;o da pens&atilde;o previdenci&aacute;ria &eacute; aquela vigente na data da morte do segurado.<\/p>\n<p><strong>Par&acirc;metros impositivos <\/strong><\/p>\n<p>Ao analisar o caso perante a turma, o ministro Gurgel de Faria apontou jurisprud&ecirc;ncia do STJ no sentido de que a Lei 9.717\/1998 vedou &agrave; Uni&atilde;o, aos estados e aos munic&iacute;pios, na organiza&ccedil;&atilde;o de seus regimes pr&oacute;prios de previd&ecirc;ncia, a concess&atilde;o de benef&iacute;cios distintos daqueles previstos no RGPS.<\/p>\n<p>Por consequ&ecirc;ncia, Gurgel de Faria destacou que, em rela&ccedil;&atilde;o ao processo em julgamento, a legisla&ccedil;&atilde;o federal deve prevalecer sobre as disposi&ccedil;&otilde;es de lei local em sentido diverso ou contr&aacute;rio, devendo ser observados os par&acirc;metros da Lei 8.213\/1991 sobre os limites de idade para as pens&otilde;es.&nbsp;<\/p>\n<p>Segundo o ministro, a impetrante do mandado de seguran&ccedil;a, que &eacute; filha de servidor estadual falecido, &ldquo;faz jus &agrave; continuidade de percep&ccedil;&atilde;o da pens&atilde;o por morte at&eacute; o implemento de seus 21 anos, devendo-se ter por suspensa a efic&aacute;cia dos artigos 9&ordm;, II, e 10, III, da Lei Complementar do Estado do Maranh&atilde;o 73\/2004, que determinam a perda de qualidade de dependente do filho de servidor p&uacute;blico ao atingir a maioridade civil&rdquo;.<\/p>\n<p> Leia o <strong><a href=\"https:\/\/ww2.stj.jus.br\/processo\/revista\/documento\/mediado\/?componente=ITA&amp;sequencial=1795596&amp;num_registro=201502524508&amp;data=20190301&amp;formato=PDF\">ac&oacute;rd&atilde;o<\/a><\/strong>.<br \/>\n<br \/><i>Com informa\u00e7\u00f5es da assessoria de imprensa do STJ.<\/i><br \/>\n<br \/><a href=\"http:\/\/feedproxy.google.com\/~r\/STJNoticias\/~3\/TDDuv9jMWyQ\/Primeira-Turma-suspende-limite-de-18-anos-previsto-para-pens%C3%A3o-por-morte-no-MA\">Fonte<\/a><br \/>\n<br \/><\/p>\n","protected":false},"excerpt":{"rendered":"<p>Em virtude da previs&atilde;o, na legisla&ccedil;&atilde;o federal, do limite de 21 anos para o recebimento da pens&atilde;o por morte, a Primeira Turma do Superior Tribunal de Justi&ccedil;a (STJ) determinou a suspens&atilde;o da efic&aacute;cia de dispositivos da Lei Complementar 73\/2004 do Maranh&atilde;o que previam a interrup&ccedil;&atilde;o do benef&iacute;cio quando o dependente de servidor p&uacute;blico completasse a [&hellip;]<\/p>\n","protected":false},"author":3063,"featured_media":3921,"comment_status":"open","ping_status":"open","sticky":false,"template":"","format":"standard","meta":{"footnotes":""},"categories":[5,7],"tags":[11,10,8,13,9,12,14],"class_list":{"0":"post-4044","1":"post","2":"type-post","3":"status-publish","4":"format-standard","5":"has-post-thumbnail","7":"category-previdenciario","8":"category-stj","9":"tag-aposentadoria","10":"tag-calculos-previdenciarios","11":"tag-direito-previdenciario","12":"tag-inss","13":"tag-pericia","14":"tag-perito","15":"tag-stj"},"yoast_head":"<!-- This site is optimized with the Yoast SEO plugin v27.2 - https:\/\/yoast.com\/product\/yoast-seo-wordpress\/ -->\n<title>STJ: Primeira Turma suspende limite de 18 anos previsto para pens\u00e3o por morte no MA | Portal de Not\u00edcias<\/title>\n<meta name=\"robots\" content=\"index, follow, max-snippet:-1, max-image-preview:large, max-video-preview:-1\" \/>\n<link rel=\"canonical\" href=\"https:\/\/mhcalculos.com.br\/noticias\/area\/previdenciario\/stj-primeira-turma-suspende-limite-de-18-anos-previsto-para-pensao-por-morte-no-ma.html\" \/>\n<meta property=\"og:locale\" content=\"pt_BR\" \/>\n<meta property=\"og:type\" content=\"article\" \/>\n<meta property=\"og:title\" content=\"STJ: Primeira Turma suspende limite de 18 anos previsto para pens\u00e3o por morte no MA | Portal de Not\u00edcias\" \/>\n<meta property=\"og:description\" content=\"Em virtude da previs&atilde;o, na legisla&ccedil;&atilde;o federal, do limite de 21 anos para o recebimento da pens&atilde;o por morte, a Primeira Turma do Superior Tribunal de Justi&ccedil;a (STJ) determinou a suspens&atilde;o da efic&aacute;cia de dispositivos da Lei Complementar 73\/2004 do Maranh&atilde;o que previam a interrup&ccedil;&atilde;o do benef&iacute;cio quando o dependente de servidor p&uacute;blico completasse a [&hellip;]\" \/>\n<meta property=\"og:url\" content=\"https:\/\/mhcalculos.com.br\/noticias\/area\/previdenciario\/stj-primeira-turma-suspende-limite-de-18-anos-previsto-para-pensao-por-morte-no-ma.html\" \/>\n<meta property=\"og:site_name\" content=\"Portal de Not\u00edcias\" \/>\n<meta property=\"article:published_time\" content=\"2019-04-14T02:00:10+00:00\" \/>\n<meta property=\"article:modified_time\" content=\"2021-07-28T17:33:02+00:00\" \/>\n<meta property=\"og:image\" content=\"https:\/\/mhcalculos.com.br\/noticias\/wp-content\/uploads\/sites\/2\/2019\/03\/previdenciario-0005.jpg\" \/>\n\t<meta property=\"og:image:width\" content=\"2000\" \/>\n\t<meta property=\"og:image:height\" content=\"800\" \/>\n\t<meta property=\"og:image:type\" content=\"image\/jpeg\" \/>\n<meta name=\"author\" content=\"Equipe MH\" \/>\n<meta name=\"twitter:card\" content=\"summary_large_image\" \/>\n<meta name=\"twitter:label1\" content=\"Escrito por\" \/>\n\t<meta name=\"twitter:data1\" content=\"Equipe MH\" \/>\n\t<meta name=\"twitter:label2\" content=\"Est. tempo de leitura\" \/>\n\t<meta name=\"twitter:data2\" content=\"3 minutos\" \/>\n<script type=\"application\/ld+json\" class=\"yoast-schema-graph\">{\"@context\":\"https:\/\/schema.org\",\"@graph\":[{\"@type\":\"Article\",\"@id\":\"https:\/\/mhcalculos.com.br\/noticias\/area\/previdenciario\/stj-primeira-turma-suspende-limite-de-18-anos-previsto-para-pensao-por-morte-no-ma.html#article\",\"isPartOf\":{\"@id\":\"https:\/\/mhcalculos.com.br\/noticias\/area\/previdenciario\/stj-primeira-turma-suspende-limite-de-18-anos-previsto-para-pensao-por-morte-no-ma.html\"},\"author\":{\"name\":\"Equipe MH\",\"@id\":\"https:\/\/mhcalculos.com.br\/noticias\/#\/schema\/person\/88d1c34bf72dc779ea14a5a6b8e0ae8d\"},\"headline\":\"STJ: Primeira Turma suspende limite de 18 anos previsto para pens\u00e3o por morte no MA\",\"datePublished\":\"2019-04-14T02:00:10+00:00\",\"dateModified\":\"2021-07-28T17:33:02+00:00\",\"mainEntityOfPage\":{\"@id\":\"https:\/\/mhcalculos.com.br\/noticias\/area\/previdenciario\/stj-primeira-turma-suspende-limite-de-18-anos-previsto-para-pensao-por-morte-no-ma.html\"},\"wordCount\":649,\"commentCount\":0,\"image\":{\"@id\":\"https:\/\/mhcalculos.com.br\/noticias\/area\/previdenciario\/stj-primeira-turma-suspende-limite-de-18-anos-previsto-para-pensao-por-morte-no-ma.html#primaryimage\"},\"thumbnailUrl\":\"https:\/\/mhcalculos.com.br\/noticias\/wp-content\/uploads\/sites\/2\/2019\/03\/previdenciario-0005.jpg\",\"keywords\":[\"aposentadoria\",\"c\u00e1lculos previdenci\u00e1rios\",\"direito previdenci\u00e1rio\",\"inss\",\"per\u00edcia\",\"perito\",\"stj\"],\"articleSection\":[\"Direito Previdenci\u00e1rio\",\"STJ\"],\"inLanguage\":\"pt-BR\",\"potentialAction\":[{\"@type\":\"CommentAction\",\"name\":\"Comment\",\"target\":[\"https:\/\/mhcalculos.com.br\/noticias\/area\/previdenciario\/stj-primeira-turma-suspende-limite-de-18-anos-previsto-para-pensao-por-morte-no-ma.html#respond\"]}]},{\"@type\":\"WebPage\",\"@id\":\"https:\/\/mhcalculos.com.br\/noticias\/area\/previdenciario\/stj-primeira-turma-suspende-limite-de-18-anos-previsto-para-pensao-por-morte-no-ma.html\",\"url\":\"https:\/\/mhcalculos.com.br\/noticias\/area\/previdenciario\/stj-primeira-turma-suspende-limite-de-18-anos-previsto-para-pensao-por-morte-no-ma.html\",\"name\":\"STJ: Primeira Turma suspende limite de 18 anos previsto para pens\u00e3o por morte no MA | Portal de Not\u00edcias\",\"isPartOf\":{\"@id\":\"https:\/\/mhcalculos.com.br\/noticias\/#website\"},\"primaryImageOfPage\":{\"@id\":\"https:\/\/mhcalculos.com.br\/noticias\/area\/previdenciario\/stj-primeira-turma-suspende-limite-de-18-anos-previsto-para-pensao-por-morte-no-ma.html#primaryimage\"},\"image\":{\"@id\":\"https:\/\/mhcalculos.com.br\/noticias\/area\/previdenciario\/stj-primeira-turma-suspende-limite-de-18-anos-previsto-para-pensao-por-morte-no-ma.html#primaryimage\"},\"thumbnailUrl\":\"https:\/\/mhcalculos.com.br\/noticias\/wp-content\/uploads\/sites\/2\/2019\/03\/previdenciario-0005.jpg\",\"datePublished\":\"2019-04-14T02:00:10+00:00\",\"dateModified\":\"2021-07-28T17:33:02+00:00\",\"author\":{\"@id\":\"https:\/\/mhcalculos.com.br\/noticias\/#\/schema\/person\/88d1c34bf72dc779ea14a5a6b8e0ae8d\"},\"breadcrumb\":{\"@id\":\"https:\/\/mhcalculos.com.br\/noticias\/area\/previdenciario\/stj-primeira-turma-suspende-limite-de-18-anos-previsto-para-pensao-por-morte-no-ma.html#breadcrumb\"},\"inLanguage\":\"pt-BR\",\"potentialAction\":[{\"@type\":\"ReadAction\",\"target\":[\"https:\/\/mhcalculos.com.br\/noticias\/area\/previdenciario\/stj-primeira-turma-suspende-limite-de-18-anos-previsto-para-pensao-por-morte-no-ma.html\"]}]},{\"@type\":\"ImageObject\",\"inLanguage\":\"pt-BR\",\"@id\":\"https:\/\/mhcalculos.com.br\/noticias\/area\/previdenciario\/stj-primeira-turma-suspende-limite-de-18-anos-previsto-para-pensao-por-morte-no-ma.html#primaryimage\",\"url\":\"https:\/\/mhcalculos.com.br\/noticias\/wp-content\/uploads\/sites\/2\/2019\/03\/previdenciario-0005.jpg\",\"contentUrl\":\"https:\/\/mhcalculos.com.br\/noticias\/wp-content\/uploads\/sites\/2\/2019\/03\/previdenciario-0005.jpg\",\"width\":2000,\"height\":800,\"caption\":\"Ministras discutem desafios da mulher no Judici\u00e1rio\"},{\"@type\":\"BreadcrumbList\",\"@id\":\"https:\/\/mhcalculos.com.br\/noticias\/area\/previdenciario\/stj-primeira-turma-suspende-limite-de-18-anos-previsto-para-pensao-por-morte-no-ma.html#breadcrumb\",\"itemListElement\":[{\"@type\":\"ListItem\",\"position\":1,\"name\":\"In\u00edcio\",\"item\":\"https:\/\/mhcalculos.com.br\/noticias\/\"},{\"@type\":\"ListItem\",\"position\":2,\"name\":\"STJ: Primeira Turma suspende limite de 18 anos previsto para pens\u00e3o por morte no MA\"}]},{\"@type\":\"WebSite\",\"@id\":\"https:\/\/mhcalculos.com.br\/noticias\/#website\",\"url\":\"https:\/\/mhcalculos.com.br\/noticias\/\",\"name\":\"Portal de Not\u00edcias\",\"description\":\"Not\u00edcias e Jurisprud\u00eancia\",\"potentialAction\":[{\"@type\":\"SearchAction\",\"target\":{\"@type\":\"EntryPoint\",\"urlTemplate\":\"https:\/\/mhcalculos.com.br\/noticias\/?s={search_term_string}\"},\"query-input\":{\"@type\":\"PropertyValueSpecification\",\"valueRequired\":true,\"valueName\":\"search_term_string\"}}],\"inLanguage\":\"pt-BR\"},{\"@type\":\"Person\",\"@id\":\"https:\/\/mhcalculos.com.br\/noticias\/#\/schema\/person\/88d1c34bf72dc779ea14a5a6b8e0ae8d\",\"name\":\"Equipe MH\",\"image\":{\"@type\":\"ImageObject\",\"inLanguage\":\"pt-BR\",\"@id\":\"https:\/\/secure.gravatar.com\/avatar\/de1c686c2ecc9c5a3f327e3431d819eb39f8f05d4e1045f5a1caad6daaba987f?s=96&d=mm&r=g\",\"url\":\"https:\/\/secure.gravatar.com\/avatar\/de1c686c2ecc9c5a3f327e3431d819eb39f8f05d4e1045f5a1caad6daaba987f?s=96&d=mm&r=g\",\"contentUrl\":\"https:\/\/secure.gravatar.com\/avatar\/de1c686c2ecc9c5a3f327e3431d819eb39f8f05d4e1045f5a1caad6daaba987f?s=96&d=mm&r=g\",\"caption\":\"Equipe MH\"}}]}<\/script>\n<!-- \/ Yoast SEO plugin. -->","yoast_head_json":{"title":"STJ: Primeira Turma suspende limite de 18 anos previsto para pens\u00e3o por morte no MA | Portal de Not\u00edcias","robots":{"index":"index","follow":"follow","max-snippet":"max-snippet:-1","max-image-preview":"max-image-preview:large","max-video-preview":"max-video-preview:-1"},"canonical":"https:\/\/mhcalculos.com.br\/noticias\/area\/previdenciario\/stj-primeira-turma-suspende-limite-de-18-anos-previsto-para-pensao-por-morte-no-ma.html","og_locale":"pt_BR","og_type":"article","og_title":"STJ: Primeira Turma suspende limite de 18 anos previsto para pens\u00e3o por morte no MA | Portal de Not\u00edcias","og_description":"Em virtude da previs&atilde;o, na legisla&ccedil;&atilde;o federal, do limite de 21 anos para o recebimento da pens&atilde;o por morte, a Primeira Turma do Superior Tribunal de Justi&ccedil;a (STJ) determinou a suspens&atilde;o da efic&aacute;cia de dispositivos da Lei Complementar 73\/2004 do Maranh&atilde;o que previam a interrup&ccedil;&atilde;o do benef&iacute;cio quando o dependente de servidor p&uacute;blico completasse a [&hellip;]","og_url":"https:\/\/mhcalculos.com.br\/noticias\/area\/previdenciario\/stj-primeira-turma-suspende-limite-de-18-anos-previsto-para-pensao-por-morte-no-ma.html","og_site_name":"Portal de Not\u00edcias","article_published_time":"2019-04-14T02:00:10+00:00","article_modified_time":"2021-07-28T17:33:02+00:00","og_image":[{"width":2000,"height":800,"url":"https:\/\/mhcalculos.com.br\/noticias\/wp-content\/uploads\/sites\/2\/2019\/03\/previdenciario-0005.jpg","type":"image\/jpeg"}],"author":"Equipe MH","twitter_card":"summary_large_image","twitter_misc":{"Escrito por":"Equipe MH","Est. tempo de leitura":"3 minutos"},"schema":{"@context":"https:\/\/schema.org","@graph":[{"@type":"Article","@id":"https:\/\/mhcalculos.com.br\/noticias\/area\/previdenciario\/stj-primeira-turma-suspende-limite-de-18-anos-previsto-para-pensao-por-morte-no-ma.html#article","isPartOf":{"@id":"https:\/\/mhcalculos.com.br\/noticias\/area\/previdenciario\/stj-primeira-turma-suspende-limite-de-18-anos-previsto-para-pensao-por-morte-no-ma.html"},"author":{"name":"Equipe MH","@id":"https:\/\/mhcalculos.com.br\/noticias\/#\/schema\/person\/88d1c34bf72dc779ea14a5a6b8e0ae8d"},"headline":"STJ: Primeira Turma suspende limite de 18 anos previsto para pens\u00e3o por morte no MA","datePublished":"2019-04-14T02:00:10+00:00","dateModified":"2021-07-28T17:33:02+00:00","mainEntityOfPage":{"@id":"https:\/\/mhcalculos.com.br\/noticias\/area\/previdenciario\/stj-primeira-turma-suspende-limite-de-18-anos-previsto-para-pensao-por-morte-no-ma.html"},"wordCount":649,"commentCount":0,"image":{"@id":"https:\/\/mhcalculos.com.br\/noticias\/area\/previdenciario\/stj-primeira-turma-suspende-limite-de-18-anos-previsto-para-pensao-por-morte-no-ma.html#primaryimage"},"thumbnailUrl":"https:\/\/mhcalculos.com.br\/noticias\/wp-content\/uploads\/sites\/2\/2019\/03\/previdenciario-0005.jpg","keywords":["aposentadoria","c\u00e1lculos previdenci\u00e1rios","direito previdenci\u00e1rio","inss","per\u00edcia","perito","stj"],"articleSection":["Direito Previdenci\u00e1rio","STJ"],"inLanguage":"pt-BR","potentialAction":[{"@type":"CommentAction","name":"Comment","target":["https:\/\/mhcalculos.com.br\/noticias\/area\/previdenciario\/stj-primeira-turma-suspende-limite-de-18-anos-previsto-para-pensao-por-morte-no-ma.html#respond"]}]},{"@type":"WebPage","@id":"https:\/\/mhcalculos.com.br\/noticias\/area\/previdenciario\/stj-primeira-turma-suspende-limite-de-18-anos-previsto-para-pensao-por-morte-no-ma.html","url":"https:\/\/mhcalculos.com.br\/noticias\/area\/previdenciario\/stj-primeira-turma-suspende-limite-de-18-anos-previsto-para-pensao-por-morte-no-ma.html","name":"STJ: Primeira Turma suspende limite de 18 anos previsto para pens\u00e3o por morte no MA | Portal de Not\u00edcias","isPartOf":{"@id":"https:\/\/mhcalculos.com.br\/noticias\/#website"},"primaryImageOfPage":{"@id":"https:\/\/mhcalculos.com.br\/noticias\/area\/previdenciario\/stj-primeira-turma-suspende-limite-de-18-anos-previsto-para-pensao-por-morte-no-ma.html#primaryimage"},"image":{"@id":"https:\/\/mhcalculos.com.br\/noticias\/area\/previdenciario\/stj-primeira-turma-suspende-limite-de-18-anos-previsto-para-pensao-por-morte-no-ma.html#primaryimage"},"thumbnailUrl":"https:\/\/mhcalculos.com.br\/noticias\/wp-content\/uploads\/sites\/2\/2019\/03\/previdenciario-0005.jpg","datePublished":"2019-04-14T02:00:10+00:00","dateModified":"2021-07-28T17:33:02+00:00","author":{"@id":"https:\/\/mhcalculos.com.br\/noticias\/#\/schema\/person\/88d1c34bf72dc779ea14a5a6b8e0ae8d"},"breadcrumb":{"@id":"https:\/\/mhcalculos.com.br\/noticias\/area\/previdenciario\/stj-primeira-turma-suspende-limite-de-18-anos-previsto-para-pensao-por-morte-no-ma.html#breadcrumb"},"inLanguage":"pt-BR","potentialAction":[{"@type":"ReadAction","target":["https:\/\/mhcalculos.com.br\/noticias\/area\/previdenciario\/stj-primeira-turma-suspende-limite-de-18-anos-previsto-para-pensao-por-morte-no-ma.html"]}]},{"@type":"ImageObject","inLanguage":"pt-BR","@id":"https:\/\/mhcalculos.com.br\/noticias\/area\/previdenciario\/stj-primeira-turma-suspende-limite-de-18-anos-previsto-para-pensao-por-morte-no-ma.html#primaryimage","url":"https:\/\/mhcalculos.com.br\/noticias\/wp-content\/uploads\/sites\/2\/2019\/03\/previdenciario-0005.jpg","contentUrl":"https:\/\/mhcalculos.com.br\/noticias\/wp-content\/uploads\/sites\/2\/2019\/03\/previdenciario-0005.jpg","width":2000,"height":800,"caption":"Ministras discutem desafios da mulher no Judici\u00e1rio"},{"@type":"BreadcrumbList","@id":"https:\/\/mhcalculos.com.br\/noticias\/area\/previdenciario\/stj-primeira-turma-suspende-limite-de-18-anos-previsto-para-pensao-por-morte-no-ma.html#breadcrumb","itemListElement":[{"@type":"ListItem","position":1,"name":"In\u00edcio","item":"https:\/\/mhcalculos.com.br\/noticias\/"},{"@type":"ListItem","position":2,"name":"STJ: Primeira Turma suspende limite de 18 anos previsto para pens\u00e3o por morte no MA"}]},{"@type":"WebSite","@id":"https:\/\/mhcalculos.com.br\/noticias\/#website","url":"https:\/\/mhcalculos.com.br\/noticias\/","name":"Portal de Not\u00edcias","description":"Not\u00edcias e Jurisprud\u00eancia","potentialAction":[{"@type":"SearchAction","target":{"@type":"EntryPoint","urlTemplate":"https:\/\/mhcalculos.com.br\/noticias\/?s={search_term_string}"},"query-input":{"@type":"PropertyValueSpecification","valueRequired":true,"valueName":"search_term_string"}}],"inLanguage":"pt-BR"},{"@type":"Person","@id":"https:\/\/mhcalculos.com.br\/noticias\/#\/schema\/person\/88d1c34bf72dc779ea14a5a6b8e0ae8d","name":"Equipe MH","image":{"@type":"ImageObject","inLanguage":"pt-BR","@id":"https:\/\/secure.gravatar.com\/avatar\/de1c686c2ecc9c5a3f327e3431d819eb39f8f05d4e1045f5a1caad6daaba987f?s=96&d=mm&r=g","url":"https:\/\/secure.gravatar.com\/avatar\/de1c686c2ecc9c5a3f327e3431d819eb39f8f05d4e1045f5a1caad6daaba987f?s=96&d=mm&r=g","contentUrl":"https:\/\/secure.gravatar.com\/avatar\/de1c686c2ecc9c5a3f327e3431d819eb39f8f05d4e1045f5a1caad6daaba987f?s=96&d=mm&r=g","caption":"Equipe MH"}}]}},"_links":{"self":[{"href":"https:\/\/mhcalculos.com.br\/noticias\/wp-json\/wp\/v2\/posts\/4044","targetHints":{"allow":["GET"]}}],"collection":[{"href":"https:\/\/mhcalculos.com.br\/noticias\/wp-json\/wp\/v2\/posts"}],"about":[{"href":"https:\/\/mhcalculos.com.br\/noticias\/wp-json\/wp\/v2\/types\/post"}],"author":[{"embeddable":true,"href":"https:\/\/mhcalculos.com.br\/noticias\/wp-json\/wp\/v2\/users\/3063"}],"replies":[{"embeddable":true,"href":"https:\/\/mhcalculos.com.br\/noticias\/wp-json\/wp\/v2\/comments?post=4044"}],"version-history":[{"count":1,"href":"https:\/\/mhcalculos.com.br\/noticias\/wp-json\/wp\/v2\/posts\/4044\/revisions"}],"predecessor-version":[{"id":9919,"href":"https:\/\/mhcalculos.com.br\/noticias\/wp-json\/wp\/v2\/posts\/4044\/revisions\/9919"}],"wp:featuredmedia":[{"embeddable":true,"href":"https:\/\/mhcalculos.com.br\/noticias\/wp-json\/wp\/v2\/media\/3921"}],"wp:attachment":[{"href":"https:\/\/mhcalculos.com.br\/noticias\/wp-json\/wp\/v2\/media?parent=4044"}],"wp:term":[{"taxonomy":"category","embeddable":true,"href":"https:\/\/mhcalculos.com.br\/noticias\/wp-json\/wp\/v2\/categories?post=4044"},{"taxonomy":"post_tag","embeddable":true,"href":"https:\/\/mhcalculos.com.br\/noticias\/wp-json\/wp\/v2\/tags?post=4044"}],"curies":[{"name":"wp","href":"https:\/\/api.w.org\/{rel}","templated":true}]}}