{"id":4024,"date":"2019-04-11T15:00:10","date_gmt":"2019-04-11T18:00:10","guid":{"rendered":"https:\/\/mhcalculos.com.br\/noticias\/2019\/04\/11\/stj-crise-no-poder-judiciario-levou-a-criacao-do-superior-tribunal-de-justica\/"},"modified":"2021-07-28T14:33:03","modified_gmt":"2021-07-28T17:33:03","slug":"stj-crise-no-poder-judiciario-levou-a-criacao-do-superior-tribunal-de-justica","status":"publish","type":"post","link":"https:\/\/mhcalculos.com.br\/noticias\/area\/previdenciario\/stj-crise-no-poder-judiciario-levou-a-criacao-do-superior-tribunal-de-justica.html","title":{"rendered":"STJ: Crise no Poder Judici\u00e1rio levou \u00e0 cria\u00e7\u00e3o do Superior Tribunal de Justi\u00e7a"},"content":{"rendered":"<p><br \/>\n<\/p>\n<div class=\"selo_30anos\">&nbsp;<\/div>\n<p>Nos &uacute;ltimos quatro meses, a s&eacute;rie <strong>30 anos, 30 hist&oacute;rias<\/strong> divulgou reportagens sobre brasileiros que de alguma forma tiveram suas vidas entrela&ccedil;adas com a trajet&oacute;ria do Superior Tribunal de Justi&ccedil;a (STJ) &ndash; que neste domingo, 7 de abril, completa tr&ecirc;s d&eacute;cadas de instala&ccedil;&atilde;o. S&atilde;o hist&oacute;rias de brasileiros que ajudaram a construir o Tribunal da Cidadania ou que vivenciaram diretamente os problemas tratados em algumas de suas decis&otilde;es mais emblem&aacute;ticas.<\/p>\n<div style=\"float: left;width: auto;margin-bottom: 10px;margin-right: 10px\"> <\/p>\n<div>P&aacute;dua Ribeiro: em menos de 20 meses, a comiss&atilde;o partiu do zero para chegar ao desenho do Judici&aacute;rio na<br \/>nova Constitui&ccedil;&atilde;o, incluindo a cria&ccedil;&atilde;o do STJ. Foto: Rafael Luz \/ STJ<\/div>\n<\/p><\/div>\n<p>Na &uacute;ltima reportagem da s&eacute;rie, voltamos &agrave; origem para falar de um personagem fundamental em tudo isso. Afinal, nenhuma das hist&oacute;rias contadas nesses quatro meses teria acontecido do mesmo jeito, n&atilde;o fosse a vontade pol&iacute;tica que levou &agrave; cria&ccedil;&atilde;o do STJ na Constitui&ccedil;&atilde;o de 1988.<\/p>\n<p>Em meados de 1987, um ano e meio antes da promulga&ccedil;&atilde;o da Constitui&ccedil;&atilde;o, juristas de todo o pa&iacute;s j&aacute; vinham trabalhando no novo desenho institucional do Poder Judici&aacute;rio, e uma das reformas mais importantes tinha no centro o Tribunal Federal de Recursos (TFR), corte de segunda inst&acirc;ncia da Justi&ccedil;a Federal.<\/p>\n<p>&ldquo;Em tal contexto, n&atilde;o se pode deixar de salientar que o Tribunal Federal de Recursos, em sua subst&acirc;ncia, n&atilde;o se extinguiu. Desdobrou-se em v&aacute;rios Tribunais Regionais Federais, cedendo seus ministros para a composi&ccedil;&atilde;o inicial do STJ. Em outras palavras, n&atilde;o morreu, e sim transformou-se.&rdquo;<\/p>\n<p>As palavras do ministro P&aacute;dua Ribeiro, presidente da comiss&atilde;o criada pelo TFR para apresentar sugest&otilde;es &agrave; Assembleia Constituinte, explicam que, ao contr&aacute;rio do que muitos pensam, o TFR n&atilde;o foi extinto para a cria&ccedil;&atilde;o do STJ, tampouco o STJ &eacute; sucessor do TFR.<\/p>\n<p>Segundo P&aacute;dua Ribeiro, hoje aposentado, a cria&ccedil;&atilde;o do STJ ocorreu em virtude da sobrecarga de processos do Supremo Tribunal Federal (STF), que atravancava a corte e gerava uma crise em todo o Judici&aacute;rio.<\/p>\n<p>&ldquo;O STJ resulta de um desmembramento do STF. Falam erroneamente que o STJ seria um tribunal que sucedeu o TFR, mas isso n&atilde;o &eacute; verdade porque as atribui&ccedil;&otilde;es s&atilde;o distintas. O TFR foi dividido em v&aacute;rios tribunais de apela&ccedil;&atilde;o, os TRFs.&rdquo;<\/p>\n<p>De acordo com o magistrado, o pr&oacute;prio TFR j&aacute; havia sido o resultado de um esfor&ccedil;o para aliviar o STF do excesso de processos em 1948, e anos ap&oacute;s a sua cria&ccedil;&atilde;o a mesma sobrecarga foi constatada novamente, surgindo a necessidade de novo desenho institucional do Judici&aacute;rio, que seria materializado na Constitui&ccedil;&atilde;o de 1988.<\/p>\n<p><strong>Propostas diversas<\/strong><\/p>\n<p>A ideia de criar mais um tribunal superior n&atilde;o era nova quando o Brasil se organizou para escrever a Constitui&ccedil;&atilde;o de 1988. Estudos do jurista Miguel Reale em meados da d&eacute;cada de 1960 j&aacute; apontavam o congestionamento do STF e a necessidade de criar um tribunal para as quest&otilde;es infraconstitucionais.<\/p>\n<p>Na d&eacute;cada de 1980, a Comiss&atilde;o Afonso Arinos fez um importante trabalho que resultou em uma proposta de reestrutura&ccedil;&atilde;o da Justi&ccedil;a. Em 1987, o TFR criou uma comiss&atilde;o para propor as altera&ccedil;&otilde;es necess&aacute;rias quanto &agrave; organiza&ccedil;&atilde;o do Poder Judici&aacute;rio (Ato 1.126, de 31 de agosto de 1988, com efeitos retroativos a 4 de junho de 1987).<\/p>\n<p>P&aacute;dua Ribeiro, na &eacute;poca ministro do TFR, presidiu a comiss&atilde;o e, posteriormente aos trabalhos da Constituinte, integrou a primeira composi&ccedil;&atilde;o do STJ, tribunal onde atuou at&eacute; a sua aposentadoria, em 2007. Ele foi presidente da corte no bi&ecirc;nio 1999-2000, per&iacute;odo no qual o STJ comemorou dez anos de sua instala&ccedil;&atilde;o.<\/p>\n<p>O trabalho da comiss&atilde;o n&atilde;o foi simples: P&aacute;dua Ribeiro relata discuss&otilde;es em fins de semana, noites adentro, e at&eacute; durante as f&eacute;rias. &ldquo;Come&ccedil;ou-se do nada para, em menos de 20 meses, chegar &agrave; formata&ccedil;&atilde;o da estrutura de hoje, incluindo a cria&ccedil;&atilde;o do STJ&rdquo;, conta o ministro.<\/p>\n<p><strong>Enfoque institucional<\/strong><\/p>\n<p>A comiss&atilde;o criada pelo TFR foi bem recebida na Constituinte devido ao car&aacute;ter t&eacute;cnico dos estudos. P&aacute;dua Ribeiro lembra ter dito aos seus pares que a comiss&atilde;o n&atilde;o iria tratar de mat&eacute;rias de interesse particular dos ju&iacute;zes, j&aacute; que tais demandas seriam delegadas aos &oacute;rg&atilde;os de classe da magistratura.<\/p>\n<p>&ldquo;Tratamos de mat&eacute;ria institucional, de interesse geral do pa&iacute;s. Atuamos nessa linha, com base na t&eacute;cnica jur&iacute;dica, com o cuidado de n&atilde;o cuidar de assuntos pessoais. Todas as emendas que apresentamos eram vistas com muito respeito pelos constituintes, independentemente do partido&rdquo;, relata o ministro.<\/p>\n<p>Dentre os deputados constituintes, P&aacute;dua Ribeiro destaca tr&ecirc;s cujo empenho foi fundamental para a cria&ccedil;&atilde;o do STJ: Bernardo Cabral, relator-geral; Oscar Dias Corr&ecirc;a J&uacute;nior, presidente da Comiss&atilde;o de Organiza&ccedil;&atilde;o dos Poderes e Sistema de Governo; e Eg&iacute;dio Ferreira Lima, relator dessa comiss&atilde;o.<\/p>\n<p>&ldquo;O Bernardo Cabral, inclusive, fez um esfor&ccedil;o para sempre nos receber. O Brasil todo ia atr&aacute;s dele porque ele era o relator-geral. Fizemos reuni&atilde;o com ele at&eacute; mesmo no Semin&aacute;rio S&atilde;o Bento, perto do Lago Parano&aacute;, em Bras&iacute;lia&rdquo;, lembra P&aacute;dua Ribeiro.<\/p>\n<p>O relator da constituinte foi importante para resolver um impasse que poderia ter adiado indefinidamente a instala&ccedil;&atilde;o do STJ &ndash; hist&oacute;ria que, segundo P&aacute;dua Ribeiro, poucos conhecem.<\/p>\n<p><strong>Hora do impasse<\/strong><\/p>\n<p>Segundo o ministro, a defini&ccedil;&atilde;o das cidades-sede para os cinco TRFs foi um assunto que gerou conflitos entre os membros da Constituinte j&aacute; na etapa final das discuss&otilde;es sobre o texto a ser aprovado, chegando ao ponto de colocar em risco a instala&ccedil;&atilde;o do STJ.<\/p>\n<p>&ldquo;Para superar o problema, o deputado Bernardo Cabral prop&ocirc;s delegar a escolha das sedes para uma lei complementar. Quando vimos aquilo, pensamos: ora, est&atilde;o sendo criados os TRFs para serem instalados em seis meses; se depender da LC, ser&aacute; que n&atilde;o vai voltar a discuss&atilde;o no tocante &agrave; escolha da sede? Se n&atilde;o criarem os TRFs, n&atilde;o instala o STJ. Que problema s&eacute;rio!&rdquo;<\/p>\n<p>A solu&ccedil;&atilde;o acabou sendo uma emenda proposta pelo pr&oacute;prio ministro e encampada por Cabral: a defini&ccedil;&atilde;o das sedes dos TRFs ficaria a cargo do TFR, que faria a escolha de acordo com o n&uacute;mero de processos a serem distribu&iacute;dos. A emenda &eacute; o par&aacute;grafo 6&ordm; do artigo 27 do Ato das Disposi&ccedil;&otilde;es Constitucionais Transit&oacute;rias (ADCT).<\/p>\n<p>Foi o que ocorreu. Segundo P&aacute;dua Ribeiro, as sedes foram bem aceitas e, gra&ccedil;as ao trabalho da comiss&atilde;o junto ao relator, tudo foi resolvido a tempo.<\/p>\n<p>&ldquo;Foi um problema na parte final da Constituinte que precisou de atua&ccedil;&atilde;o r&aacute;pida. Se n&atilde;o fosse resolvido, n&atilde;o sei quando teria sido instalado o STJ. Por certo que no dia 7 de abril de 1989 n&atilde;o seria.&rdquo;<\/p>\n<p><strong>Miss&atilde;o cumprida<\/strong><\/p>\n<p>O ministro aposentado recorda que uma das preocupa&ccedil;&otilde;es da nova corte foi promover a divulga&ccedil;&atilde;o de suas decis&otilde;es de forma que atingisse o cidad&atilde;o comum, n&atilde;o especializado em direito, j&aacute; que os casos julgados costumam afetar de forma direta o cotidiano das pessoas &ndash; e isso exigia uma linguagem simplificada, acess&iacute;vel.<\/p>\n<p>E conta que foram feitas reuni&otilde;es com jornalistas &ndash; entre eles Carlos Chagas e Boris Casoy &ndash; em busca de um formato de comunica&ccedil;&atilde;o que traduzisse o &ldquo;juridiqu&ecirc;s&rdquo; e facilitasse a compreens&atilde;o do p&uacute;blico.<\/p>\n<p>O tribunal foi pioneiro em v&aacute;rias estrat&eacute;gias de divulga&ccedil;&atilde;o das suas decis&otilde;es. Em 2000, segundo a revista <em>Exame<\/em>, o site institucional do STJ era o sexto em quantidade de acessos no Brasil.<\/p>\n<p>Ao avaliar a atua&ccedil;&atilde;o do STJ, em compara&ccedil;&atilde;o com o que foi pensado no momento de sua cria&ccedil;&atilde;o, P&aacute;dua Ribeiro afirma que o tribunal cumpriu de maneira brilhante as atribui&ccedil;&otilde;es previstas na Carta de 1988.<\/p>\n<p>&ldquo;&Eacute; um tribunal que ficou com um alto conceito perante os brasileiros, tanto &eacute; que passou a ser chamado de Tribunal da Cidadania. Isso &eacute; muito relevante&rdquo;, afirma o ministro, sem disfar&ccedil;ar o orgulho de ter participado ativamente dessa hist&oacute;ria.<\/p>\n<p>No momento da cria&ccedil;&atilde;o do STJ, dados do relat&oacute;rio da comiss&atilde;o presidida por P&aacute;dua Ribeiro apontavam a sobrecarga do Judici&aacute;rio como problema quase incontorn&aacute;vel: de um total de 1,8 milh&atilde;o de processos recebidos pela Justi&ccedil;a Federal entre 1967 e 1987, mais de 900 mil ainda aguardavam julgamento.<\/p>\n<p>Fazendo um paralelo com os dados de hoje, P&aacute;dua Ribeiro avalia que a produtividade do tribunal criado pela Constitui&ccedil;&atilde;o &eacute; impressionante, tendo em vista os mais de 5 milh&otilde;es de processos distribu&iacute;dos aos ministros desde a instala&ccedil;&atilde;o do STJ, em abril de 1989. &ldquo;O n&uacute;mero n&atilde;o &eacute; razo&aacute;vel, cada ministro recebe mais de 10 mil processos por ano. O tribunal tem consci&ecirc;ncia disso e tem tomado medidas para racionalizar a sua atua&ccedil;&atilde;o.&rdquo;<\/p>\n<div class=\"texto_rodapeDest\"><em>A s&eacute;rie&nbsp;<strong><a href=\"http:\/\/www.stj.jus.br\/sites\/STJ\/default\/pt_BR\/Comunica%C3%A7%C3%A3o\/noticias\/Not%C3%ADcias\/S%C3%A9rie-especial-de-reportagens-sobre-os-30-anos-do-STJ-estreia-neste-s%C3%A1bado-(8)\">30 anos, 30 hist&oacute;rias<\/a><\/strong>&nbsp;apresentou reportagens especiais sobre pessoas que, por diferentes raz&otilde;es, t&ecirc;m suas vidas entrela&ccedil;adas com a hist&oacute;ria de tr&ecirc;s d&eacute;cadas do Superior Tribunal de Justi&ccedil;a. Os textos foram publicados nos fins de semana.<\/em><\/div>\n<p><img decoding=\"async\" src=\"http:\/\/feeds.feedburner.com\/~r\/STJNoticias\/~4\/3MQijAfvPos\" height=\"1\" width=\"1\" alt=\"\" \/><br \/>\n<br \/><i>Com informa\u00e7\u00f5es da assessoria de imprensa do STJ.<\/i><br \/>\n<br \/><a href=\"http:\/\/feedproxy.google.com\/~r\/STJNoticias\/~3\/3MQijAfvPos\/Crise-no-Poder-Judici%C3%A1rio-levou-%C3%A0-cria%C3%A7%C3%A3o-do-Superior-Tribunal-de-Justi%C3%A7a\">Fonte<\/a><br \/>\n<br \/><\/p>\n","protected":false},"excerpt":{"rendered":"<p>&nbsp; Nos &uacute;ltimos quatro meses, a s&eacute;rie 30 anos, 30 hist&oacute;rias divulgou reportagens sobre brasileiros que de alguma forma tiveram suas vidas entrela&ccedil;adas com a trajet&oacute;ria do Superior Tribunal de Justi&ccedil;a (STJ) &ndash; que neste domingo, 7 de abril, completa tr&ecirc;s d&eacute;cadas de instala&ccedil;&atilde;o. S&atilde;o hist&oacute;rias de brasileiros que ajudaram a construir o Tribunal da [&hellip;]<\/p>\n","protected":false},"author":3063,"featured_media":2984,"comment_status":"open","ping_status":"open","sticky":false,"template":"","format":"standard","meta":{"footnotes":""},"categories":[5,7],"tags":[11,10,8,13,9,12,14],"class_list":{"0":"post-4024","1":"post","2":"type-post","3":"status-publish","4":"format-standard","5":"has-post-thumbnail","7":"category-previdenciario","8":"category-stj","9":"tag-aposentadoria","10":"tag-calculos-previdenciarios","11":"tag-direito-previdenciario","12":"tag-inss","13":"tag-pericia","14":"tag-perito","15":"tag-stj"},"yoast_head":"<!-- This site is optimized with the Yoast SEO plugin v27.2 - https:\/\/yoast.com\/product\/yoast-seo-wordpress\/ -->\n<title>STJ: Crise no Poder Judici\u00e1rio levou \u00e0 cria\u00e7\u00e3o do Superior Tribunal de Justi\u00e7a | Portal de Not\u00edcias<\/title>\n<meta name=\"robots\" content=\"index, follow, max-snippet:-1, max-image-preview:large, max-video-preview:-1\" \/>\n<link rel=\"canonical\" href=\"https:\/\/mhcalculos.com.br\/noticias\/area\/previdenciario\/stj-crise-no-poder-judiciario-levou-a-criacao-do-superior-tribunal-de-justica.html\" \/>\n<meta property=\"og:locale\" content=\"pt_BR\" \/>\n<meta property=\"og:type\" content=\"article\" \/>\n<meta property=\"og:title\" content=\"STJ: Crise no Poder Judici\u00e1rio levou \u00e0 cria\u00e7\u00e3o do Superior Tribunal de Justi\u00e7a | Portal de Not\u00edcias\" \/>\n<meta property=\"og:description\" content=\"&nbsp; Nos &uacute;ltimos quatro meses, a s&eacute;rie 30 anos, 30 hist&oacute;rias divulgou reportagens sobre brasileiros que de alguma forma tiveram suas vidas entrela&ccedil;adas com a trajet&oacute;ria do Superior Tribunal de Justi&ccedil;a (STJ) &ndash; que neste domingo, 7 de abril, completa tr&ecirc;s d&eacute;cadas de instala&ccedil;&atilde;o. S&atilde;o hist&oacute;rias de brasileiros que ajudaram a construir o Tribunal da [&hellip;]\" \/>\n<meta property=\"og:url\" content=\"https:\/\/mhcalculos.com.br\/noticias\/area\/previdenciario\/stj-crise-no-poder-judiciario-levou-a-criacao-do-superior-tribunal-de-justica.html\" \/>\n<meta property=\"og:site_name\" content=\"Portal de Not\u00edcias\" \/>\n<meta property=\"article:published_time\" content=\"2019-04-11T18:00:10+00:00\" \/>\n<meta property=\"article:modified_time\" content=\"2021-07-28T17:33:03+00:00\" \/>\n<meta property=\"og:image\" content=\"https:\/\/mhcalculos.com.br\/noticias\/wp-content\/uploads\/sites\/2\/2018\/08\/previdenciario-0027.jpg\" \/>\n\t<meta property=\"og:image:width\" content=\"2000\" \/>\n\t<meta property=\"og:image:height\" content=\"800\" \/>\n\t<meta property=\"og:image:type\" content=\"image\/jpeg\" \/>\n<meta name=\"author\" content=\"Equipe MH\" \/>\n<meta name=\"twitter:card\" content=\"summary_large_image\" \/>\n<meta name=\"twitter:label1\" content=\"Escrito por\" \/>\n\t<meta name=\"twitter:data1\" content=\"Equipe MH\" \/>\n\t<meta name=\"twitter:label2\" content=\"Est. tempo de leitura\" \/>\n\t<meta name=\"twitter:data2\" content=\"9 minutos\" \/>\n<script type=\"application\/ld+json\" class=\"yoast-schema-graph\">{\"@context\":\"https:\/\/schema.org\",\"@graph\":[{\"@type\":\"Article\",\"@id\":\"https:\/\/mhcalculos.com.br\/noticias\/area\/previdenciario\/stj-crise-no-poder-judiciario-levou-a-criacao-do-superior-tribunal-de-justica.html#article\",\"isPartOf\":{\"@id\":\"https:\/\/mhcalculos.com.br\/noticias\/area\/previdenciario\/stj-crise-no-poder-judiciario-levou-a-criacao-do-superior-tribunal-de-justica.html\"},\"author\":{\"name\":\"Equipe MH\",\"@id\":\"https:\/\/mhcalculos.com.br\/noticias\/#\/schema\/person\/88d1c34bf72dc779ea14a5a6b8e0ae8d\"},\"headline\":\"STJ: Crise no Poder Judici\u00e1rio levou \u00e0 cria\u00e7\u00e3o do Superior Tribunal de Justi\u00e7a\",\"datePublished\":\"2019-04-11T18:00:10+00:00\",\"dateModified\":\"2021-07-28T17:33:03+00:00\",\"mainEntityOfPage\":{\"@id\":\"https:\/\/mhcalculos.com.br\/noticias\/area\/previdenciario\/stj-crise-no-poder-judiciario-levou-a-criacao-do-superior-tribunal-de-justica.html\"},\"wordCount\":1854,\"commentCount\":0,\"image\":{\"@id\":\"https:\/\/mhcalculos.com.br\/noticias\/area\/previdenciario\/stj-crise-no-poder-judiciario-levou-a-criacao-do-superior-tribunal-de-justica.html#primaryimage\"},\"thumbnailUrl\":\"https:\/\/mhcalculos.com.br\/noticias\/wp-content\/uploads\/sites\/2\/2018\/08\/previdenciario-0027.jpg\",\"keywords\":[\"aposentadoria\",\"c\u00e1lculos previdenci\u00e1rios\",\"direito previdenci\u00e1rio\",\"inss\",\"per\u00edcia\",\"perito\",\"stj\"],\"articleSection\":[\"Direito Previdenci\u00e1rio\",\"STJ\"],\"inLanguage\":\"pt-BR\",\"potentialAction\":[{\"@type\":\"CommentAction\",\"name\":\"Comment\",\"target\":[\"https:\/\/mhcalculos.com.br\/noticias\/area\/previdenciario\/stj-crise-no-poder-judiciario-levou-a-criacao-do-superior-tribunal-de-justica.html#respond\"]}]},{\"@type\":\"WebPage\",\"@id\":\"https:\/\/mhcalculos.com.br\/noticias\/area\/previdenciario\/stj-crise-no-poder-judiciario-levou-a-criacao-do-superior-tribunal-de-justica.html\",\"url\":\"https:\/\/mhcalculos.com.br\/noticias\/area\/previdenciario\/stj-crise-no-poder-judiciario-levou-a-criacao-do-superior-tribunal-de-justica.html\",\"name\":\"STJ: Crise no Poder Judici\u00e1rio levou \u00e0 cria\u00e7\u00e3o do Superior Tribunal de Justi\u00e7a | Portal de Not\u00edcias\",\"isPartOf\":{\"@id\":\"https:\/\/mhcalculos.com.br\/noticias\/#website\"},\"primaryImageOfPage\":{\"@id\":\"https:\/\/mhcalculos.com.br\/noticias\/area\/previdenciario\/stj-crise-no-poder-judiciario-levou-a-criacao-do-superior-tribunal-de-justica.html#primaryimage\"},\"image\":{\"@id\":\"https:\/\/mhcalculos.com.br\/noticias\/area\/previdenciario\/stj-crise-no-poder-judiciario-levou-a-criacao-do-superior-tribunal-de-justica.html#primaryimage\"},\"thumbnailUrl\":\"https:\/\/mhcalculos.com.br\/noticias\/wp-content\/uploads\/sites\/2\/2018\/08\/previdenciario-0027.jpg\",\"datePublished\":\"2019-04-11T18:00:10+00:00\",\"dateModified\":\"2021-07-28T17:33:03+00:00\",\"author\":{\"@id\":\"https:\/\/mhcalculos.com.br\/noticias\/#\/schema\/person\/88d1c34bf72dc779ea14a5a6b8e0ae8d\"},\"breadcrumb\":{\"@id\":\"https:\/\/mhcalculos.com.br\/noticias\/area\/previdenciario\/stj-crise-no-poder-judiciario-levou-a-criacao-do-superior-tribunal-de-justica.html#breadcrumb\"},\"inLanguage\":\"pt-BR\",\"potentialAction\":[{\"@type\":\"ReadAction\",\"target\":[\"https:\/\/mhcalculos.com.br\/noticias\/area\/previdenciario\/stj-crise-no-poder-judiciario-levou-a-criacao-do-superior-tribunal-de-justica.html\"]}]},{\"@type\":\"ImageObject\",\"inLanguage\":\"pt-BR\",\"@id\":\"https:\/\/mhcalculos.com.br\/noticias\/area\/previdenciario\/stj-crise-no-poder-judiciario-levou-a-criacao-do-superior-tribunal-de-justica.html#primaryimage\",\"url\":\"https:\/\/mhcalculos.com.br\/noticias\/wp-content\/uploads\/sites\/2\/2018\/08\/previdenciario-0027.jpg\",\"contentUrl\":\"https:\/\/mhcalculos.com.br\/noticias\/wp-content\/uploads\/sites\/2\/2018\/08\/previdenciario-0027.jpg\",\"width\":2000,\"height\":800,\"caption\":\"Admitido incidente de uniformiza\u00e7\u00e3o sobre convers\u00e3o de atividade especial em comum para fins de aposentadoria\"},{\"@type\":\"BreadcrumbList\",\"@id\":\"https:\/\/mhcalculos.com.br\/noticias\/area\/previdenciario\/stj-crise-no-poder-judiciario-levou-a-criacao-do-superior-tribunal-de-justica.html#breadcrumb\",\"itemListElement\":[{\"@type\":\"ListItem\",\"position\":1,\"name\":\"In\u00edcio\",\"item\":\"https:\/\/mhcalculos.com.br\/noticias\/\"},{\"@type\":\"ListItem\",\"position\":2,\"name\":\"STJ: Crise no Poder Judici\u00e1rio levou \u00e0 cria\u00e7\u00e3o do Superior Tribunal de Justi\u00e7a\"}]},{\"@type\":\"WebSite\",\"@id\":\"https:\/\/mhcalculos.com.br\/noticias\/#website\",\"url\":\"https:\/\/mhcalculos.com.br\/noticias\/\",\"name\":\"Portal de Not\u00edcias\",\"description\":\"Not\u00edcias e Jurisprud\u00eancia\",\"potentialAction\":[{\"@type\":\"SearchAction\",\"target\":{\"@type\":\"EntryPoint\",\"urlTemplate\":\"https:\/\/mhcalculos.com.br\/noticias\/?s={search_term_string}\"},\"query-input\":{\"@type\":\"PropertyValueSpecification\",\"valueRequired\":true,\"valueName\":\"search_term_string\"}}],\"inLanguage\":\"pt-BR\"},{\"@type\":\"Person\",\"@id\":\"https:\/\/mhcalculos.com.br\/noticias\/#\/schema\/person\/88d1c34bf72dc779ea14a5a6b8e0ae8d\",\"name\":\"Equipe MH\",\"image\":{\"@type\":\"ImageObject\",\"inLanguage\":\"pt-BR\",\"@id\":\"https:\/\/secure.gravatar.com\/avatar\/de1c686c2ecc9c5a3f327e3431d819eb39f8f05d4e1045f5a1caad6daaba987f?s=96&d=mm&r=g\",\"url\":\"https:\/\/secure.gravatar.com\/avatar\/de1c686c2ecc9c5a3f327e3431d819eb39f8f05d4e1045f5a1caad6daaba987f?s=96&d=mm&r=g\",\"contentUrl\":\"https:\/\/secure.gravatar.com\/avatar\/de1c686c2ecc9c5a3f327e3431d819eb39f8f05d4e1045f5a1caad6daaba987f?s=96&d=mm&r=g\",\"caption\":\"Equipe MH\"}}]}<\/script>\n<!-- \/ Yoast SEO plugin. -->","yoast_head_json":{"title":"STJ: Crise no Poder Judici\u00e1rio levou \u00e0 cria\u00e7\u00e3o do Superior Tribunal de Justi\u00e7a | Portal de Not\u00edcias","robots":{"index":"index","follow":"follow","max-snippet":"max-snippet:-1","max-image-preview":"max-image-preview:large","max-video-preview":"max-video-preview:-1"},"canonical":"https:\/\/mhcalculos.com.br\/noticias\/area\/previdenciario\/stj-crise-no-poder-judiciario-levou-a-criacao-do-superior-tribunal-de-justica.html","og_locale":"pt_BR","og_type":"article","og_title":"STJ: Crise no Poder Judici\u00e1rio levou \u00e0 cria\u00e7\u00e3o do Superior Tribunal de Justi\u00e7a | Portal de Not\u00edcias","og_description":"&nbsp; Nos &uacute;ltimos quatro meses, a s&eacute;rie 30 anos, 30 hist&oacute;rias divulgou reportagens sobre brasileiros que de alguma forma tiveram suas vidas entrela&ccedil;adas com a trajet&oacute;ria do Superior Tribunal de Justi&ccedil;a (STJ) &ndash; que neste domingo, 7 de abril, completa tr&ecirc;s d&eacute;cadas de instala&ccedil;&atilde;o. S&atilde;o hist&oacute;rias de brasileiros que ajudaram a construir o Tribunal da [&hellip;]","og_url":"https:\/\/mhcalculos.com.br\/noticias\/area\/previdenciario\/stj-crise-no-poder-judiciario-levou-a-criacao-do-superior-tribunal-de-justica.html","og_site_name":"Portal de Not\u00edcias","article_published_time":"2019-04-11T18:00:10+00:00","article_modified_time":"2021-07-28T17:33:03+00:00","og_image":[{"width":2000,"height":800,"url":"https:\/\/mhcalculos.com.br\/noticias\/wp-content\/uploads\/sites\/2\/2018\/08\/previdenciario-0027.jpg","type":"image\/jpeg"}],"author":"Equipe MH","twitter_card":"summary_large_image","twitter_misc":{"Escrito por":"Equipe MH","Est. tempo de leitura":"9 minutos"},"schema":{"@context":"https:\/\/schema.org","@graph":[{"@type":"Article","@id":"https:\/\/mhcalculos.com.br\/noticias\/area\/previdenciario\/stj-crise-no-poder-judiciario-levou-a-criacao-do-superior-tribunal-de-justica.html#article","isPartOf":{"@id":"https:\/\/mhcalculos.com.br\/noticias\/area\/previdenciario\/stj-crise-no-poder-judiciario-levou-a-criacao-do-superior-tribunal-de-justica.html"},"author":{"name":"Equipe MH","@id":"https:\/\/mhcalculos.com.br\/noticias\/#\/schema\/person\/88d1c34bf72dc779ea14a5a6b8e0ae8d"},"headline":"STJ: Crise no Poder Judici\u00e1rio levou \u00e0 cria\u00e7\u00e3o do Superior Tribunal de Justi\u00e7a","datePublished":"2019-04-11T18:00:10+00:00","dateModified":"2021-07-28T17:33:03+00:00","mainEntityOfPage":{"@id":"https:\/\/mhcalculos.com.br\/noticias\/area\/previdenciario\/stj-crise-no-poder-judiciario-levou-a-criacao-do-superior-tribunal-de-justica.html"},"wordCount":1854,"commentCount":0,"image":{"@id":"https:\/\/mhcalculos.com.br\/noticias\/area\/previdenciario\/stj-crise-no-poder-judiciario-levou-a-criacao-do-superior-tribunal-de-justica.html#primaryimage"},"thumbnailUrl":"https:\/\/mhcalculos.com.br\/noticias\/wp-content\/uploads\/sites\/2\/2018\/08\/previdenciario-0027.jpg","keywords":["aposentadoria","c\u00e1lculos previdenci\u00e1rios","direito previdenci\u00e1rio","inss","per\u00edcia","perito","stj"],"articleSection":["Direito Previdenci\u00e1rio","STJ"],"inLanguage":"pt-BR","potentialAction":[{"@type":"CommentAction","name":"Comment","target":["https:\/\/mhcalculos.com.br\/noticias\/area\/previdenciario\/stj-crise-no-poder-judiciario-levou-a-criacao-do-superior-tribunal-de-justica.html#respond"]}]},{"@type":"WebPage","@id":"https:\/\/mhcalculos.com.br\/noticias\/area\/previdenciario\/stj-crise-no-poder-judiciario-levou-a-criacao-do-superior-tribunal-de-justica.html","url":"https:\/\/mhcalculos.com.br\/noticias\/area\/previdenciario\/stj-crise-no-poder-judiciario-levou-a-criacao-do-superior-tribunal-de-justica.html","name":"STJ: Crise no Poder Judici\u00e1rio levou \u00e0 cria\u00e7\u00e3o do Superior Tribunal de Justi\u00e7a | Portal de Not\u00edcias","isPartOf":{"@id":"https:\/\/mhcalculos.com.br\/noticias\/#website"},"primaryImageOfPage":{"@id":"https:\/\/mhcalculos.com.br\/noticias\/area\/previdenciario\/stj-crise-no-poder-judiciario-levou-a-criacao-do-superior-tribunal-de-justica.html#primaryimage"},"image":{"@id":"https:\/\/mhcalculos.com.br\/noticias\/area\/previdenciario\/stj-crise-no-poder-judiciario-levou-a-criacao-do-superior-tribunal-de-justica.html#primaryimage"},"thumbnailUrl":"https:\/\/mhcalculos.com.br\/noticias\/wp-content\/uploads\/sites\/2\/2018\/08\/previdenciario-0027.jpg","datePublished":"2019-04-11T18:00:10+00:00","dateModified":"2021-07-28T17:33:03+00:00","author":{"@id":"https:\/\/mhcalculos.com.br\/noticias\/#\/schema\/person\/88d1c34bf72dc779ea14a5a6b8e0ae8d"},"breadcrumb":{"@id":"https:\/\/mhcalculos.com.br\/noticias\/area\/previdenciario\/stj-crise-no-poder-judiciario-levou-a-criacao-do-superior-tribunal-de-justica.html#breadcrumb"},"inLanguage":"pt-BR","potentialAction":[{"@type":"ReadAction","target":["https:\/\/mhcalculos.com.br\/noticias\/area\/previdenciario\/stj-crise-no-poder-judiciario-levou-a-criacao-do-superior-tribunal-de-justica.html"]}]},{"@type":"ImageObject","inLanguage":"pt-BR","@id":"https:\/\/mhcalculos.com.br\/noticias\/area\/previdenciario\/stj-crise-no-poder-judiciario-levou-a-criacao-do-superior-tribunal-de-justica.html#primaryimage","url":"https:\/\/mhcalculos.com.br\/noticias\/wp-content\/uploads\/sites\/2\/2018\/08\/previdenciario-0027.jpg","contentUrl":"https:\/\/mhcalculos.com.br\/noticias\/wp-content\/uploads\/sites\/2\/2018\/08\/previdenciario-0027.jpg","width":2000,"height":800,"caption":"Admitido incidente de uniformiza\u00e7\u00e3o sobre convers\u00e3o de atividade especial em comum para fins de aposentadoria"},{"@type":"BreadcrumbList","@id":"https:\/\/mhcalculos.com.br\/noticias\/area\/previdenciario\/stj-crise-no-poder-judiciario-levou-a-criacao-do-superior-tribunal-de-justica.html#breadcrumb","itemListElement":[{"@type":"ListItem","position":1,"name":"In\u00edcio","item":"https:\/\/mhcalculos.com.br\/noticias\/"},{"@type":"ListItem","position":2,"name":"STJ: Crise no Poder Judici\u00e1rio levou \u00e0 cria\u00e7\u00e3o do Superior Tribunal de Justi\u00e7a"}]},{"@type":"WebSite","@id":"https:\/\/mhcalculos.com.br\/noticias\/#website","url":"https:\/\/mhcalculos.com.br\/noticias\/","name":"Portal de Not\u00edcias","description":"Not\u00edcias e Jurisprud\u00eancia","potentialAction":[{"@type":"SearchAction","target":{"@type":"EntryPoint","urlTemplate":"https:\/\/mhcalculos.com.br\/noticias\/?s={search_term_string}"},"query-input":{"@type":"PropertyValueSpecification","valueRequired":true,"valueName":"search_term_string"}}],"inLanguage":"pt-BR"},{"@type":"Person","@id":"https:\/\/mhcalculos.com.br\/noticias\/#\/schema\/person\/88d1c34bf72dc779ea14a5a6b8e0ae8d","name":"Equipe MH","image":{"@type":"ImageObject","inLanguage":"pt-BR","@id":"https:\/\/secure.gravatar.com\/avatar\/de1c686c2ecc9c5a3f327e3431d819eb39f8f05d4e1045f5a1caad6daaba987f?s=96&d=mm&r=g","url":"https:\/\/secure.gravatar.com\/avatar\/de1c686c2ecc9c5a3f327e3431d819eb39f8f05d4e1045f5a1caad6daaba987f?s=96&d=mm&r=g","contentUrl":"https:\/\/secure.gravatar.com\/avatar\/de1c686c2ecc9c5a3f327e3431d819eb39f8f05d4e1045f5a1caad6daaba987f?s=96&d=mm&r=g","caption":"Equipe MH"}}]}},"_links":{"self":[{"href":"https:\/\/mhcalculos.com.br\/noticias\/wp-json\/wp\/v2\/posts\/4024","targetHints":{"allow":["GET"]}}],"collection":[{"href":"https:\/\/mhcalculos.com.br\/noticias\/wp-json\/wp\/v2\/posts"}],"about":[{"href":"https:\/\/mhcalculos.com.br\/noticias\/wp-json\/wp\/v2\/types\/post"}],"author":[{"embeddable":true,"href":"https:\/\/mhcalculos.com.br\/noticias\/wp-json\/wp\/v2\/users\/3063"}],"replies":[{"embeddable":true,"href":"https:\/\/mhcalculos.com.br\/noticias\/wp-json\/wp\/v2\/comments?post=4024"}],"version-history":[{"count":1,"href":"https:\/\/mhcalculos.com.br\/noticias\/wp-json\/wp\/v2\/posts\/4024\/revisions"}],"predecessor-version":[{"id":9924,"href":"https:\/\/mhcalculos.com.br\/noticias\/wp-json\/wp\/v2\/posts\/4024\/revisions\/9924"}],"wp:featuredmedia":[{"embeddable":true,"href":"https:\/\/mhcalculos.com.br\/noticias\/wp-json\/wp\/v2\/media\/2984"}],"wp:attachment":[{"href":"https:\/\/mhcalculos.com.br\/noticias\/wp-json\/wp\/v2\/media?parent=4024"}],"wp:term":[{"taxonomy":"category","embeddable":true,"href":"https:\/\/mhcalculos.com.br\/noticias\/wp-json\/wp\/v2\/categories?post=4024"},{"taxonomy":"post_tag","embeddable":true,"href":"https:\/\/mhcalculos.com.br\/noticias\/wp-json\/wp\/v2\/tags?post=4024"}],"curies":[{"name":"wp","href":"https:\/\/api.w.org\/{rel}","templated":true}]}}