{"id":3991,"date":"2019-04-04T16:00:11","date_gmt":"2019-04-04T19:00:11","guid":{"rendered":"https:\/\/mhcalculos.com.br\/noticias\/2019\/04\/04\/trf3-tribunal-regional-federal-da-3-a-regiao-comemora-30-anos-com-apresentacao-de-orquestra-regida-pelo-maestro-joao-carlos-martins\/"},"modified":"2021-07-28T14:33:06","modified_gmt":"2021-07-28T17:33:06","slug":"trf3-tribunal-regional-federal-da-3-a-regiao-comemora-30-anos-com-apresentacao-de-orquestra-regida-pelo-maestro-joao-carlos-martins","status":"publish","type":"post","link":"https:\/\/mhcalculos.com.br\/noticias\/area\/previdenciario\/trf3-tribunal-regional-federal-da-3-a-regiao-comemora-30-anos-com-apresentacao-de-orquestra-regida-pelo-maestro-joao-carlos-martins.html","title":{"rendered":"TRF3: TRIBUNAL REGIONAL FEDERAL DA 3.\u00aa REGI\u00c3O COMEMORA 30 ANOS COM APRESENTA\u00c7\u00c3O DE ORQUESTRA REGIDA PELO MAESTRO JO\u00c3O CARLOS MARTINS"},"content":{"rendered":"\n<div class=\"mat\">\n<p><em>Solenidade ocorreu no Teatro da Fiesp, com a presen\u00e7a de autoridades do Judici\u00e1rio, do Legislativo e do Executivo<\/em><\/p>\n<p>O Tribunal Regional Federal da 3.<sup>a<\/sup> Regi\u00e3o (TRF3) comemorou 30 anos de sua instala\u00e7\u00e3o, na noite do dia 1.<sup>o<\/sup> de abril, com a apresenta\u00e7\u00e3o da Orquestra Bachiana Filarm\u00f4nica Sesi, sob a reg\u00eancia do Maestro Jo\u00e3o Carlos Martins, no Teatro do Sesi. A Presidente do TRF3, Desembargadora Federal Therezinha Cazerta, e o Presidente do Supremo Tribunal Federal (STF) e do Conselho Nacional de Justi\u00e7a (CNJ), Ministro Dias Toffoli, saudaram o p\u00fablico presente e relembraram momentos que marcaram a hist\u00f3ria da Corte. Autoridades dos Poderes Executivo, Legislativo e Judici\u00e1rio, das esferas federal, estadual e municipal; representantes das For\u00e7as Armadas, do Conselho Nacional de Justi\u00e7a, do Minist\u00e9rio P\u00fablico, da Advocacia-Geral da Uni\u00e3o e da Defensoria P\u00fablica; Advogados e servidores do Judici\u00e1rio prestigiaram o evento.<\/p>\n<p>Ao se pronunciar sobre a celebra\u00e7\u00e3o dos 30 anos do Tribunal, a Presidente do TRF3, Desembargadora Federal Therezinha Cazerta, ressaltou essas tr\u00eas d\u00e9cadas de trabalho, de aprendizado, de crescimento e de relevantes servi\u00e7os prestados ao cidad\u00e3o que busca a Justi\u00e7a para assegurar os direitos que lhe s\u00e3o mais caros. Lembrou a hist\u00f3ria da Justi\u00e7a Federal, permeada por avan\u00e7os e retrocessos que traduzem as vicissitudes e os momentos marcantes da Institui\u00e7\u00e3o. Criada em 1890, foi extinta pela Constitui\u00e7\u00e3o de 1937, durante o Estado Novo. Em 1946, deu-se a cria\u00e7\u00e3o do Tribunal Federal de Recursos. A restaura\u00e7\u00e3o da Justi\u00e7a Federal de 1.<sup>a<\/sup> inst\u00e2ncia deu-se em 1965 e foi mantida pela Constitui\u00e7\u00e3o de 1967.<\/p>\n<p>\u201cA redemocratiza\u00e7\u00e3o floresceu com a Constitui\u00e7\u00e3o Federal de 1988, que trouxe novas esperan\u00e7as ao Brasil e ao seu povo\u201d. Segundo a Presidente, a Carta Constitucional nasceu sob forte inspira\u00e7\u00e3o democr\u00e1tica e prestigiou, em grande escala, os direitos sociais, individuais e coletivos. Nesse cen\u00e1rio de renova\u00e7\u00e3o, foram criados os cinco Tribunais Regionais Federais. A instala\u00e7\u00e3o do Tribunal Regional Federal da 3.<sup>a<\/sup> Regi\u00e3o ocorreu no dia 30 de mar\u00e7o de 1989, no Edif\u00edcio \u201cSaldanha Marinho\u201d, no centro de S\u00e3o Paulo.<\/p>\n<p>A Presidente prestou homenagem aos primeiros magistrados integrantes da Corte: \u201cA esses pioneiros o nosso reconhecimento, por terem desbravado caminhos \u00e1rduos e desconhecidos, superado com louvor os desafios que ent\u00e3o se descortinavam e assentado os alicerces da Institui\u00e7\u00e3o que hoje celebramos\u201d.<\/p>\n<p>Causas de relevo marcaram a atua\u00e7\u00e3o do TRF3, como o julgamento de a\u00e7\u00f5es referentes ao Imposto Provis\u00f3rio sobre Movimenta\u00e7\u00e3o Financeira (IPMF), ao Plano Collor, \u00e0s grandes opera\u00e7\u00f5es policiais e \u00e0s a\u00e7\u00f5es previdenci\u00e1rias.<\/p>\n<p>Em virtude da sua crescente atua\u00e7\u00e3o, o Tribunal se expandiu e hoje conta com 43 desembargadores e 1.865 servidores. A Presidente registrou os agradecimentos a todos os funcion\u00e1rios e colaboradores pela dedica\u00e7\u00e3o e pelo trabalho desenvolvido: \u201cSem um corpo funcional qualificado e comprometido em n\u00e3o se alcan\u00e7am os ideais de justi\u00e7a a que aspiramos, e cuja concretiza\u00e7\u00e3o a sociedade confia ao Poder Judici\u00e1rio\u201d.<\/p>\n<p><strong>Rumo ao futuro<\/strong><\/p>\n<p>Entre os avan\u00e7os registrados na hist\u00f3ria do TRF3, a Presidente ressaltou a implanta\u00e7\u00e3o, em 2002, dos Juizados Especiais Federais, desde o in\u00edcio com processos judiciais integralmente eletr\u00f4nicos, em todas as suas fases, prescindindo do uso do papel, o que, segundo a Magistrada, foi um passo em dire\u00e7\u00e3o ao futuro. Ressaltou que nesse sistema j\u00e1 foram distribu\u00eddos mais de quatro milh\u00f5es e quinhentos mil processos e por onde tramitam atualmente mais de quinhentos mil feitos.<\/p>\n<p>Outro passo rumo ao futuro foi dado com a cria\u00e7\u00e3o do Processo Judicial Eletr\u00f4nico \u2013 PJe, em 2015, que se expandiu gradativamente quanto \u00e0s classes processuais abrangidas e ao n\u00famero de unidades processantes. Em 2017, todas as Subse\u00e7\u00f5es Judiciais da 3.<sup>a<\/sup> Regi\u00e3o j\u00e1 utilizavam o PJe.<\/p>\n<p>At\u00e9 fevereiro de 2016, cerca de 900 a\u00e7\u00f5es haviam sido ajuizadas no sistema. Dois anos depois, esse n\u00famero subiu para 200 mil e, em fevereiro de 2019, chegou a cerca de 700 mil processos, dos quais quase 570 mil tramitam no 1.<sup>o<\/sup> grau e cerca de 150 mil, no 2.<sup>o<\/sup> grau de jurisdi\u00e7\u00e3o.<\/p>\n<p>A Magistrada explicou que o Projeto \u201cTRF3 100% PJe\u201d objetiva atingir maior abrang\u00eancia, com a inclus\u00e3o de novas classes processuais no sistema e com a virtualiza\u00e7\u00e3o dos processos f\u00edsicos remanescentes. \u201cNesse ponto, o Tribunal contou com a importante colabora\u00e7\u00e3o do Conselho Nacional de Justi\u00e7a, por meio de seu Presidente, Ministro Dias Toffoli, que prontamente se disp\u00f4s a prestar apoio institucional para o alcance da ambiciosa meta de completar a transi\u00e7\u00e3o dos processos f\u00edsicos ao ambiente eletr\u00f4nico\u201d. Desde novembro de 2018, j\u00e1 foram digitalizados 21 milh\u00f5es de imagens relativas a mais de 100 mil volumes processuais.<\/p>\n<p>No m\u00eas de mar\u00e7o de 2019, o PJe expandiu-se para os feitos de natureza criminal. \u201cA utiliza\u00e7\u00e3o do sistema racionaliza o fluxo de trabalho e reduz o tempo de tramita\u00e7\u00e3o processual, otimizando o uso de recursos humanos e materiais e, ainda, promovendo pr\u00e1ticas de sustentabilidade\u201d, explicou.<\/p>\n<p>A Presidente finalizou agradecendo a presen\u00e7a de todos e afirmando que \u201cesta Corte se tornou pujante, independente e determinada a cumprir cada vez mais e melhor a miss\u00e3o de distribuir justi\u00e7a a quem dela necessita\u201d.<\/p>\n<p><strong>Ministro Dias Toffoli<\/strong><\/p>\n<p>O Presidente do Supremo Tribunal Federal e do Conselho Nacional de Justi\u00e7a, Ministro Dias Toffoli, cumprimentou a Presidente do TRF3, \u201cHoje \u00e9 um dia de festa e de alegria, e n\u00e3o de discurso.&#8221; O Ministro recordou que, na \u00e9poca em que era estudante da Faculdade de Direito do Largo S\u00e3o Francisco, o Edif\u00edcio \u201cSaldanha Marinho\u201d era ocupado pela Secretaria da Cultura e depois, em 1989, passou a ser a sede do TRF3, com a Constitui\u00e7\u00e3o de 1988, que descentralizou a Justi\u00e7a Federal.<\/p>\n<p>Segundo o Ministro, a Magistratura brasileira se orgulha do Tribunal Regional Federal da 3.<sup>a<\/sup> Regi\u00e3o e dos seus membros. Para ele, esses 30 anos demonstraram a import\u00e2ncia da descentraliza\u00e7\u00e3o trazida pela Constitui\u00e7\u00e3o de 1988.<\/p>\n<p>\u201cHoje a Justi\u00e7a Federal est\u00e1 interiorizada, no Brasil inteiro. Aqui em S\u00e3o Paulo e em Mato Grosso do Sul, o TRF3 tem desempenhado um papel absolutamente importante para a nossa jurisdi\u00e7\u00e3o. \u00c9 um tribunal extremamente relevante na quest\u00e3o tribut\u00e1ria, uma vez que S\u00e3o Paulo \u00e9 o maior motor da economia nacional, onde est\u00e3o presentes as maiores causas que dizem respeito \u00e0s quest\u00f5es tribut\u00e1rias nacionais. Aqui se forma a jurisprud\u00eancia que depois \u00e9 levada a Bras\u00edlia e aos tribunais superiores.\u201d<\/p>\n<p>Ao encerrar sua sauda\u00e7\u00e3o, o Ministro Toffoli lembrou que o TRF3 tem um hist\u00f3rico de muitas mulheres no seu comando. \u201c\u00c9 uma alegria poder estar aqui, tendo Vossa Excel\u00eancia na Presid\u00eancia do Tribunal Regional Federal da 3.<sup>a<\/sup> Regi\u00e3o, uma mulher que honra a Magistratura\u201d, concluiu.<\/p>\n<p><strong>Orquestra Bachiana Filarm\u00f4nica do Sesi<\/strong><\/p>\n<p>O concerto da Orquestra Bachiana Filarm\u00f4nica do Sesi, sob a reg\u00eancia do Maestro Jo\u00e3o Carlos Martins, emocionou a todos. Al\u00e9m dos m\u00fasicos, tamb\u00e9m se apresentaram a cantora soprano Ana Beatriz Gomes e o tenor Jean William. O repert\u00f3rio incluiu alguns cl\u00e1ssicos conhecidos do p\u00fablico, como a sinfonia n.<sup>o<\/sup> 3 \u201cEroica\u201d, de Ludwig von Beethoven. A escolha dessa m\u00fasica para iniciar a apresenta\u00e7\u00e3o, segundo o regente, foi para demonstrar a ra\u00e7a dos ju\u00edzes e dos desembargadores. O cl\u00e1ssico popular \u201cTrem das Onze\u201d, de Adoniran Barbosa, encerrou a noite musical.<\/p>\n<p>O evento contou com o apoio institucional da Federa\u00e7\u00e3o das Ind\u00fastrias do Estado de S\u00e3o Paulo (Fiesp), Servi\u00e7o Social da Ind\u00fastria (Sesi), Associa\u00e7\u00e3o dos Ju\u00edzes Federais do Brasil (Ajufe), Associa\u00e7\u00e3o dos Ju\u00edzes Federais de S\u00e3o Paulo e Mato Grosso do Sul (AJUFESP) e da Associa\u00e7\u00e3o dos Ju\u00edzes Federais de Mato Grosso do Sul (AJUFEMS).<\/p>\n<table width=\"500\" align=\"center\" border=\"0\" cellspacing=\"0\" cellpadding=\"0\">\n<tbody>\n<tr>\n<td>\u00a0<span><span>Fotos: ACOM\/TRF3<\/span><\/span> <\/td>\n<\/tr>\n<tr>\n<td><img decoding=\"async\" width=\"500\" height=\"326\" alt=\"\" data-src=\"http:\/\/web.trf3.jus.br\/noticias\/uploaddir\/image\/13-TRINTA%20ANOS%20DO%20TRF3-DSC_9047-para%20site.jpg\" src=\"data:image\/svg+xml;base64,PHN2ZyB3aWR0aD0iMSIgaGVpZ2h0PSIxIiB4bWxucz0iaHR0cDovL3d3dy53My5vcmcvMjAwMC9zdmciPjwvc3ZnPg==\" class=\"lazyload\" style=\"--smush-placeholder-width: 500px; --smush-placeholder-aspect-ratio: 500\/326;\"><\/td>\n<\/tr>\n<tr>\n<td>Desembargadora Federal Therezinha Cazerta, presidente do TRF3, \u00a0ressaltou os relevantes servi\u00e7os prestados ao cidad\u00e3o pelo Tribunal ao longo de tr\u00eas d\u00e9cadas<\/td>\n<\/tr>\n<tr>\n<td><img decoding=\"async\" width=\"500\" height=\"260\" alt=\"\" data-src=\"http:\/\/web.trf3.jus.br\/noticias\/uploaddir\/image\/09-TRINTA%20ANOS%20DO%20TRF3-para%20sitePanorama_Sem%20T%C3%ADtulo1.jpg\" src=\"data:image\/svg+xml;base64,PHN2ZyB3aWR0aD0iMSIgaGVpZ2h0PSIxIiB4bWxucz0iaHR0cDovL3d3dy53My5vcmcvMjAwMC9zdmciPjwvc3ZnPg==\" class=\"lazyload\" style=\"--smush-placeholder-width: 500px; --smush-placeholder-aspect-ratio: 500\/260;\"><\/td>\n<\/tr>\n<tr>\n<td>Presidente do Supremo Tribunal Federal e do Conselho Nacional de Justi\u00e7a, Ministro Dias Toffoli, disse que a Magistratura brasileira se orgulha do Tribunal Regional Federal da 3.<sup>a<\/sup> Regi\u00e3o e dos seus membros<\/td>\n<\/tr>\n<tr>\n<td><img decoding=\"async\" width=\"500\" height=\"394\" alt=\"\" data-src=\"http:\/\/web.trf3.jus.br\/noticias\/uploaddir\/image\/05-TRINTA%20ANOS%20DO%20TRF3-DSC_8976-para%20site.jpg\" src=\"data:image\/svg+xml;base64,PHN2ZyB3aWR0aD0iMSIgaGVpZ2h0PSIxIiB4bWxucz0iaHR0cDovL3d3dy53My5vcmcvMjAwMC9zdmciPjwvc3ZnPg==\" class=\"lazyload\" style=\"--smush-placeholder-width: 500px; --smush-placeholder-aspect-ratio: 500\/394;\"><\/td>\n<\/tr>\n<tr>\n<td>Desembargadora Federal Therezinha Cazerta, Presidente do TRF3<\/td>\n<\/tr>\n<tr>\n<td><img decoding=\"async\" width=\"500\" height=\"348\" alt=\"\" data-src=\"http:\/\/web.trf3.jus.br\/noticias\/uploaddir\/image\/07-TRINTA%20ANOS%20DO%20TRF3-%20DSC_9004-%20para%20site.jpg\" src=\"data:image\/svg+xml;base64,PHN2ZyB3aWR0aD0iMSIgaGVpZ2h0PSIxIiB4bWxucz0iaHR0cDovL3d3dy53My5vcmcvMjAwMC9zdmciPjwvc3ZnPg==\" class=\"lazyload\" style=\"--smush-placeholder-width: 500px; --smush-placeholder-aspect-ratio: 500\/348;\"><\/td>\n<\/tr>\n<tr>\n<td>Presidente do Supremo Tribunal Federal e do Conselho Nacional de Justi\u00e7a, Ministro Dias Toffoli<\/td>\n<\/tr>\n<tr>\n<td><img decoding=\"async\" width=\"500\" height=\"275\" alt=\"\" data-src=\"http:\/\/web.trf3.jus.br\/noticias\/uploaddir\/image\/08-TRINTA%20ANOS%20DO%20TRF3-DSC_9194-para%20site.jpg\" src=\"data:image\/svg+xml;base64,PHN2ZyB3aWR0aD0iMSIgaGVpZ2h0PSIxIiB4bWxucz0iaHR0cDovL3d3dy53My5vcmcvMjAwMC9zdmciPjwvc3ZnPg==\" class=\"lazyload\" style=\"--smush-placeholder-width: 500px; --smush-placeholder-aspect-ratio: 500\/275;\"><\/td>\n<\/tr>\n<tr>\n<td>Concerto da Orquestra Bachiana Filarm\u00f4nica do Sesi, sob a reg\u00eancia do Maestro Jo\u00e3o Carlos Martins, a cantora soprano Ana Beatriz Gomes e o tenor Jean William (\u00e0 esquerda)\u00a0<\/td>\n<\/tr>\n<tr>\n<td><img decoding=\"async\" width=\"500\" height=\"340\" alt=\"\" data-src=\"http:\/\/web.trf3.jus.br\/noticias\/uploaddir\/image\/04-TRINTA%20ANOS%20DO%20TRF3-%20DSC_9001-para%20site.jpg\" src=\"data:image\/svg+xml;base64,PHN2ZyB3aWR0aD0iMSIgaGVpZ2h0PSIxIiB4bWxucz0iaHR0cDovL3d3dy53My5vcmcvMjAwMC9zdmciPjwvc3ZnPg==\" class=\"lazyload\" style=\"--smush-placeholder-width: 500px; --smush-placeholder-aspect-ratio: 500\/340;\"><\/td>\n<\/tr>\n<tr>\n<td>Da direita para a esquerda\u00a0Ruy Balmer, Diretor Financeiro da Fiesp; Presidente do TRF3, Therezinha Cazerta; Presidente do STF e do CNJ,\u00a0Dias Toffoli; Presidente do TJSP, Manoel de Queiroz Pereira Cal\u00e7as; e\u00a0 Presidente TRE-SP,\u00a0Carlos Eduardo Cauduro Padin<\/td>\n<\/tr>\n<\/tbody>\n<\/table>\n<p>\u00a0<\/p>\n<\/p><\/div>\n<p><i>Com informa\u00e7\u00f5es da assessoria de imprensa do TRF3.<\/i><br \/>\n<br \/><a href=\"http:\/\/web.trf3.jus.br\/noticias\/Noticias\/Noticia\/Exibir\/379845\">Fonte<\/a><br \/>\n<br \/><\/p>\n","protected":false},"excerpt":{"rendered":"<p>Solenidade ocorreu no Teatro da Fiesp, com a presen\u00e7a de autoridades do Judici\u00e1rio, do Legislativo e do Executivo O Tribunal Regional Federal da 3.a Regi\u00e3o (TRF3) comemorou 30 anos de sua instala\u00e7\u00e3o, na noite do dia 1.o de abril, com a apresenta\u00e7\u00e3o da Orquestra Bachiana Filarm\u00f4nica Sesi, sob a reg\u00eancia do Maestro Jo\u00e3o Carlos Martins, [&hellip;]<\/p>\n","protected":false},"author":3063,"featured_media":3992,"comment_status":"open","ping_status":"open","sticky":false,"template":"","format":"standard","meta":{"footnotes":""},"categories":[5,110],"tags":[32,31,42,30,29,213,9,152,218,214],"class_list":{"0":"post-3991","1":"post","2":"type-post","3":"status-publish","4":"format-standard","5":"has-post-thumbnail","7":"category-previdenciario","8":"category-trf3","9":"tag-calculos-judiciais","10":"tag-calculos-tributarios","11":"tag-direito-tributario","12":"tag-divida-ativa","13":"tag-fazenda-publica","14":"tag-imposto","15":"tag-pericia","16":"tag-trf3","17":"tag-tribunal-regional-federal","18":"tag-tributo"},"yoast_head":"<!-- This site is optimized with the Yoast SEO plugin v27.2 - https:\/\/yoast.com\/product\/yoast-seo-wordpress\/ -->\n<title>TRF3: TRIBUNAL REGIONAL FEDERAL DA 3.\u00aa REGI\u00c3O COMEMORA 30 ANOS COM APRESENTA\u00c7\u00c3O DE ORQUESTRA REGIDA PELO MAESTRO JO\u00c3O CARLOS MARTINS | Portal de Not\u00edcias<\/title>\n<meta name=\"robots\" content=\"index, follow, max-snippet:-1, max-image-preview:large, max-video-preview:-1\" \/>\n<link rel=\"canonical\" href=\"https:\/\/mhcalculos.com.br\/noticias\/area\/previdenciario\/trf3-tribunal-regional-federal-da-3-a-regiao-comemora-30-anos-com-apresentacao-de-orquestra-regida-pelo-maestro-joao-carlos-martins.html\" \/>\n<meta property=\"og:locale\" content=\"pt_BR\" \/>\n<meta property=\"og:type\" content=\"article\" \/>\n<meta property=\"og:title\" content=\"TRF3: TRIBUNAL REGIONAL FEDERAL DA 3.\u00aa REGI\u00c3O COMEMORA 30 ANOS COM APRESENTA\u00c7\u00c3O DE ORQUESTRA REGIDA PELO MAESTRO JO\u00c3O CARLOS MARTINS | Portal de Not\u00edcias\" \/>\n<meta property=\"og:description\" content=\"Solenidade ocorreu no Teatro da Fiesp, com a presen\u00e7a de autoridades do Judici\u00e1rio, do Legislativo e do Executivo O Tribunal Regional Federal da 3.a Regi\u00e3o (TRF3) comemorou 30 anos de sua instala\u00e7\u00e3o, na noite do dia 1.o de abril, com a apresenta\u00e7\u00e3o da Orquestra Bachiana Filarm\u00f4nica Sesi, sob a reg\u00eancia do Maestro Jo\u00e3o Carlos Martins, [&hellip;]\" \/>\n<meta property=\"og:url\" content=\"https:\/\/mhcalculos.com.br\/noticias\/area\/previdenciario\/trf3-tribunal-regional-federal-da-3-a-regiao-comemora-30-anos-com-apresentacao-de-orquestra-regida-pelo-maestro-joao-carlos-martins.html\" \/>\n<meta property=\"og:site_name\" content=\"Portal de Not\u00edcias\" \/>\n<meta property=\"article:published_time\" content=\"2019-04-04T19:00:11+00:00\" \/>\n<meta property=\"article:modified_time\" content=\"2021-07-28T17:33:06+00:00\" \/>\n<meta property=\"og:image\" content=\"https:\/\/mhcalculos.com.br\/noticias\/wp-content\/uploads\/sites\/2\/2019\/04\/tributario-0010.jpg\" \/>\n\t<meta property=\"og:image:width\" content=\"2000\" \/>\n\t<meta property=\"og:image:height\" content=\"800\" \/>\n\t<meta property=\"og:image:type\" content=\"image\/jpeg\" \/>\n<meta name=\"author\" content=\"Equipe MH\" \/>\n<meta name=\"twitter:card\" content=\"summary_large_image\" \/>\n<meta name=\"twitter:label1\" content=\"Escrito por\" \/>\n\t<meta name=\"twitter:data1\" content=\"Equipe MH\" \/>\n\t<meta name=\"twitter:label2\" content=\"Est. tempo de leitura\" \/>\n\t<meta name=\"twitter:data2\" content=\"7 minutos\" \/>\n<script type=\"application\/ld+json\" class=\"yoast-schema-graph\">{\"@context\":\"https:\/\/schema.org\",\"@graph\":[{\"@type\":\"Article\",\"@id\":\"https:\/\/mhcalculos.com.br\/noticias\/area\/previdenciario\/trf3-tribunal-regional-federal-da-3-a-regiao-comemora-30-anos-com-apresentacao-de-orquestra-regida-pelo-maestro-joao-carlos-martins.html#article\",\"isPartOf\":{\"@id\":\"https:\/\/mhcalculos.com.br\/noticias\/area\/previdenciario\/trf3-tribunal-regional-federal-da-3-a-regiao-comemora-30-anos-com-apresentacao-de-orquestra-regida-pelo-maestro-joao-carlos-martins.html\"},\"author\":{\"name\":\"Equipe MH\",\"@id\":\"https:\/\/mhcalculos.com.br\/noticias\/#\/schema\/person\/88d1c34bf72dc779ea14a5a6b8e0ae8d\"},\"headline\":\"TRF3: TRIBUNAL REGIONAL FEDERAL DA 3.\u00aa REGI\u00c3O COMEMORA 30 ANOS COM APRESENTA\u00c7\u00c3O DE ORQUESTRA REGIDA PELO MAESTRO JO\u00c3O CARLOS MARTINS\",\"datePublished\":\"2019-04-04T19:00:11+00:00\",\"dateModified\":\"2021-07-28T17:33:06+00:00\",\"mainEntityOfPage\":{\"@id\":\"https:\/\/mhcalculos.com.br\/noticias\/area\/previdenciario\/trf3-tribunal-regional-federal-da-3-a-regiao-comemora-30-anos-com-apresentacao-de-orquestra-regida-pelo-maestro-joao-carlos-martins.html\"},\"wordCount\":1509,\"commentCount\":0,\"image\":{\"@id\":\"https:\/\/mhcalculos.com.br\/noticias\/area\/previdenciario\/trf3-tribunal-regional-federal-da-3-a-regiao-comemora-30-anos-com-apresentacao-de-orquestra-regida-pelo-maestro-joao-carlos-martins.html#primaryimage\"},\"thumbnailUrl\":\"https:\/\/mhcalculos.com.br\/noticias\/wp-content\/uploads\/sites\/2\/2019\/04\/tributario-0010.jpg\",\"keywords\":[\"c\u00e1lculos judiciais\",\"c\u00e1lculos tribut\u00e1rios\",\"direito tribut\u00e1rio\",\"d\u00edvida ativa\",\"fazenda p\u00fablica\",\"Imposto\",\"per\u00edcia\",\"trf3\",\"Tribunal Regional Federal\",\"tributo\"],\"articleSection\":[\"Direito Previdenci\u00e1rio\",\"TRF3\"],\"inLanguage\":\"pt-BR\",\"potentialAction\":[{\"@type\":\"CommentAction\",\"name\":\"Comment\",\"target\":[\"https:\/\/mhcalculos.com.br\/noticias\/area\/previdenciario\/trf3-tribunal-regional-federal-da-3-a-regiao-comemora-30-anos-com-apresentacao-de-orquestra-regida-pelo-maestro-joao-carlos-martins.html#respond\"]}]},{\"@type\":\"WebPage\",\"@id\":\"https:\/\/mhcalculos.com.br\/noticias\/area\/previdenciario\/trf3-tribunal-regional-federal-da-3-a-regiao-comemora-30-anos-com-apresentacao-de-orquestra-regida-pelo-maestro-joao-carlos-martins.html\",\"url\":\"https:\/\/mhcalculos.com.br\/noticias\/area\/previdenciario\/trf3-tribunal-regional-federal-da-3-a-regiao-comemora-30-anos-com-apresentacao-de-orquestra-regida-pelo-maestro-joao-carlos-martins.html\",\"name\":\"TRF3: TRIBUNAL REGIONAL FEDERAL DA 3.\u00aa REGI\u00c3O COMEMORA 30 ANOS COM APRESENTA\u00c7\u00c3O DE ORQUESTRA REGIDA PELO MAESTRO JO\u00c3O CARLOS MARTINS | Portal de Not\u00edcias\",\"isPartOf\":{\"@id\":\"https:\/\/mhcalculos.com.br\/noticias\/#website\"},\"primaryImageOfPage\":{\"@id\":\"https:\/\/mhcalculos.com.br\/noticias\/area\/previdenciario\/trf3-tribunal-regional-federal-da-3-a-regiao-comemora-30-anos-com-apresentacao-de-orquestra-regida-pelo-maestro-joao-carlos-martins.html#primaryimage\"},\"image\":{\"@id\":\"https:\/\/mhcalculos.com.br\/noticias\/area\/previdenciario\/trf3-tribunal-regional-federal-da-3-a-regiao-comemora-30-anos-com-apresentacao-de-orquestra-regida-pelo-maestro-joao-carlos-martins.html#primaryimage\"},\"thumbnailUrl\":\"https:\/\/mhcalculos.com.br\/noticias\/wp-content\/uploads\/sites\/2\/2019\/04\/tributario-0010.jpg\",\"datePublished\":\"2019-04-04T19:00:11+00:00\",\"dateModified\":\"2021-07-28T17:33:06+00:00\",\"author\":{\"@id\":\"https:\/\/mhcalculos.com.br\/noticias\/#\/schema\/person\/88d1c34bf72dc779ea14a5a6b8e0ae8d\"},\"breadcrumb\":{\"@id\":\"https:\/\/mhcalculos.com.br\/noticias\/area\/previdenciario\/trf3-tribunal-regional-federal-da-3-a-regiao-comemora-30-anos-com-apresentacao-de-orquestra-regida-pelo-maestro-joao-carlos-martins.html#breadcrumb\"},\"inLanguage\":\"pt-BR\",\"potentialAction\":[{\"@type\":\"ReadAction\",\"target\":[\"https:\/\/mhcalculos.com.br\/noticias\/area\/previdenciario\/trf3-tribunal-regional-federal-da-3-a-regiao-comemora-30-anos-com-apresentacao-de-orquestra-regida-pelo-maestro-joao-carlos-martins.html\"]}]},{\"@type\":\"ImageObject\",\"inLanguage\":\"pt-BR\",\"@id\":\"https:\/\/mhcalculos.com.br\/noticias\/area\/previdenciario\/trf3-tribunal-regional-federal-da-3-a-regiao-comemora-30-anos-com-apresentacao-de-orquestra-regida-pelo-maestro-joao-carlos-martins.html#primaryimage\",\"url\":\"https:\/\/mhcalculos.com.br\/noticias\/wp-content\/uploads\/sites\/2\/2019\/04\/tributario-0010.jpg\",\"contentUrl\":\"https:\/\/mhcalculos.com.br\/noticias\/wp-content\/uploads\/sites\/2\/2019\/04\/tributario-0010.jpg\",\"width\":2000,\"height\":800},{\"@type\":\"BreadcrumbList\",\"@id\":\"https:\/\/mhcalculos.com.br\/noticias\/area\/previdenciario\/trf3-tribunal-regional-federal-da-3-a-regiao-comemora-30-anos-com-apresentacao-de-orquestra-regida-pelo-maestro-joao-carlos-martins.html#breadcrumb\",\"itemListElement\":[{\"@type\":\"ListItem\",\"position\":1,\"name\":\"In\u00edcio\",\"item\":\"https:\/\/mhcalculos.com.br\/noticias\/\"},{\"@type\":\"ListItem\",\"position\":2,\"name\":\"TRF3: TRIBUNAL REGIONAL FEDERAL DA 3.\u00aa REGI\u00c3O COMEMORA 30 ANOS COM APRESENTA\u00c7\u00c3O DE ORQUESTRA REGIDA PELO MAESTRO JO\u00c3O CARLOS MARTINS\"}]},{\"@type\":\"WebSite\",\"@id\":\"https:\/\/mhcalculos.com.br\/noticias\/#website\",\"url\":\"https:\/\/mhcalculos.com.br\/noticias\/\",\"name\":\"Portal de Not\u00edcias\",\"description\":\"Not\u00edcias e Jurisprud\u00eancia\",\"potentialAction\":[{\"@type\":\"SearchAction\",\"target\":{\"@type\":\"EntryPoint\",\"urlTemplate\":\"https:\/\/mhcalculos.com.br\/noticias\/?s={search_term_string}\"},\"query-input\":{\"@type\":\"PropertyValueSpecification\",\"valueRequired\":true,\"valueName\":\"search_term_string\"}}],\"inLanguage\":\"pt-BR\"},{\"@type\":\"Person\",\"@id\":\"https:\/\/mhcalculos.com.br\/noticias\/#\/schema\/person\/88d1c34bf72dc779ea14a5a6b8e0ae8d\",\"name\":\"Equipe MH\",\"image\":{\"@type\":\"ImageObject\",\"inLanguage\":\"pt-BR\",\"@id\":\"https:\/\/secure.gravatar.com\/avatar\/de1c686c2ecc9c5a3f327e3431d819eb39f8f05d4e1045f5a1caad6daaba987f?s=96&d=mm&r=g\",\"url\":\"https:\/\/secure.gravatar.com\/avatar\/de1c686c2ecc9c5a3f327e3431d819eb39f8f05d4e1045f5a1caad6daaba987f?s=96&d=mm&r=g\",\"contentUrl\":\"https:\/\/secure.gravatar.com\/avatar\/de1c686c2ecc9c5a3f327e3431d819eb39f8f05d4e1045f5a1caad6daaba987f?s=96&d=mm&r=g\",\"caption\":\"Equipe MH\"}}]}<\/script>\n<!-- \/ Yoast SEO plugin. -->","yoast_head_json":{"title":"TRF3: TRIBUNAL REGIONAL FEDERAL DA 3.\u00aa REGI\u00c3O COMEMORA 30 ANOS COM APRESENTA\u00c7\u00c3O DE ORQUESTRA REGIDA PELO MAESTRO JO\u00c3O CARLOS MARTINS | Portal de Not\u00edcias","robots":{"index":"index","follow":"follow","max-snippet":"max-snippet:-1","max-image-preview":"max-image-preview:large","max-video-preview":"max-video-preview:-1"},"canonical":"https:\/\/mhcalculos.com.br\/noticias\/area\/previdenciario\/trf3-tribunal-regional-federal-da-3-a-regiao-comemora-30-anos-com-apresentacao-de-orquestra-regida-pelo-maestro-joao-carlos-martins.html","og_locale":"pt_BR","og_type":"article","og_title":"TRF3: TRIBUNAL REGIONAL FEDERAL DA 3.\u00aa REGI\u00c3O COMEMORA 30 ANOS COM APRESENTA\u00c7\u00c3O DE ORQUESTRA REGIDA PELO MAESTRO JO\u00c3O CARLOS MARTINS | Portal de Not\u00edcias","og_description":"Solenidade ocorreu no Teatro da Fiesp, com a presen\u00e7a de autoridades do Judici\u00e1rio, do Legislativo e do Executivo O Tribunal Regional Federal da 3.a Regi\u00e3o (TRF3) comemorou 30 anos de sua instala\u00e7\u00e3o, na noite do dia 1.o de abril, com a apresenta\u00e7\u00e3o da Orquestra Bachiana Filarm\u00f4nica Sesi, sob a reg\u00eancia do Maestro Jo\u00e3o Carlos Martins, [&hellip;]","og_url":"https:\/\/mhcalculos.com.br\/noticias\/area\/previdenciario\/trf3-tribunal-regional-federal-da-3-a-regiao-comemora-30-anos-com-apresentacao-de-orquestra-regida-pelo-maestro-joao-carlos-martins.html","og_site_name":"Portal de Not\u00edcias","article_published_time":"2019-04-04T19:00:11+00:00","article_modified_time":"2021-07-28T17:33:06+00:00","og_image":[{"width":2000,"height":800,"url":"https:\/\/mhcalculos.com.br\/noticias\/wp-content\/uploads\/sites\/2\/2019\/04\/tributario-0010.jpg","type":"image\/jpeg"}],"author":"Equipe MH","twitter_card":"summary_large_image","twitter_misc":{"Escrito por":"Equipe MH","Est. tempo de leitura":"7 minutos"},"schema":{"@context":"https:\/\/schema.org","@graph":[{"@type":"Article","@id":"https:\/\/mhcalculos.com.br\/noticias\/area\/previdenciario\/trf3-tribunal-regional-federal-da-3-a-regiao-comemora-30-anos-com-apresentacao-de-orquestra-regida-pelo-maestro-joao-carlos-martins.html#article","isPartOf":{"@id":"https:\/\/mhcalculos.com.br\/noticias\/area\/previdenciario\/trf3-tribunal-regional-federal-da-3-a-regiao-comemora-30-anos-com-apresentacao-de-orquestra-regida-pelo-maestro-joao-carlos-martins.html"},"author":{"name":"Equipe MH","@id":"https:\/\/mhcalculos.com.br\/noticias\/#\/schema\/person\/88d1c34bf72dc779ea14a5a6b8e0ae8d"},"headline":"TRF3: TRIBUNAL REGIONAL FEDERAL DA 3.\u00aa REGI\u00c3O COMEMORA 30 ANOS COM APRESENTA\u00c7\u00c3O DE ORQUESTRA REGIDA PELO MAESTRO JO\u00c3O CARLOS MARTINS","datePublished":"2019-04-04T19:00:11+00:00","dateModified":"2021-07-28T17:33:06+00:00","mainEntityOfPage":{"@id":"https:\/\/mhcalculos.com.br\/noticias\/area\/previdenciario\/trf3-tribunal-regional-federal-da-3-a-regiao-comemora-30-anos-com-apresentacao-de-orquestra-regida-pelo-maestro-joao-carlos-martins.html"},"wordCount":1509,"commentCount":0,"image":{"@id":"https:\/\/mhcalculos.com.br\/noticias\/area\/previdenciario\/trf3-tribunal-regional-federal-da-3-a-regiao-comemora-30-anos-com-apresentacao-de-orquestra-regida-pelo-maestro-joao-carlos-martins.html#primaryimage"},"thumbnailUrl":"https:\/\/mhcalculos.com.br\/noticias\/wp-content\/uploads\/sites\/2\/2019\/04\/tributario-0010.jpg","keywords":["c\u00e1lculos judiciais","c\u00e1lculos tribut\u00e1rios","direito tribut\u00e1rio","d\u00edvida ativa","fazenda p\u00fablica","Imposto","per\u00edcia","trf3","Tribunal Regional Federal","tributo"],"articleSection":["Direito Previdenci\u00e1rio","TRF3"],"inLanguage":"pt-BR","potentialAction":[{"@type":"CommentAction","name":"Comment","target":["https:\/\/mhcalculos.com.br\/noticias\/area\/previdenciario\/trf3-tribunal-regional-federal-da-3-a-regiao-comemora-30-anos-com-apresentacao-de-orquestra-regida-pelo-maestro-joao-carlos-martins.html#respond"]}]},{"@type":"WebPage","@id":"https:\/\/mhcalculos.com.br\/noticias\/area\/previdenciario\/trf3-tribunal-regional-federal-da-3-a-regiao-comemora-30-anos-com-apresentacao-de-orquestra-regida-pelo-maestro-joao-carlos-martins.html","url":"https:\/\/mhcalculos.com.br\/noticias\/area\/previdenciario\/trf3-tribunal-regional-federal-da-3-a-regiao-comemora-30-anos-com-apresentacao-de-orquestra-regida-pelo-maestro-joao-carlos-martins.html","name":"TRF3: TRIBUNAL REGIONAL FEDERAL DA 3.\u00aa REGI\u00c3O COMEMORA 30 ANOS COM APRESENTA\u00c7\u00c3O DE ORQUESTRA REGIDA PELO MAESTRO JO\u00c3O CARLOS MARTINS | Portal de Not\u00edcias","isPartOf":{"@id":"https:\/\/mhcalculos.com.br\/noticias\/#website"},"primaryImageOfPage":{"@id":"https:\/\/mhcalculos.com.br\/noticias\/area\/previdenciario\/trf3-tribunal-regional-federal-da-3-a-regiao-comemora-30-anos-com-apresentacao-de-orquestra-regida-pelo-maestro-joao-carlos-martins.html#primaryimage"},"image":{"@id":"https:\/\/mhcalculos.com.br\/noticias\/area\/previdenciario\/trf3-tribunal-regional-federal-da-3-a-regiao-comemora-30-anos-com-apresentacao-de-orquestra-regida-pelo-maestro-joao-carlos-martins.html#primaryimage"},"thumbnailUrl":"https:\/\/mhcalculos.com.br\/noticias\/wp-content\/uploads\/sites\/2\/2019\/04\/tributario-0010.jpg","datePublished":"2019-04-04T19:00:11+00:00","dateModified":"2021-07-28T17:33:06+00:00","author":{"@id":"https:\/\/mhcalculos.com.br\/noticias\/#\/schema\/person\/88d1c34bf72dc779ea14a5a6b8e0ae8d"},"breadcrumb":{"@id":"https:\/\/mhcalculos.com.br\/noticias\/area\/previdenciario\/trf3-tribunal-regional-federal-da-3-a-regiao-comemora-30-anos-com-apresentacao-de-orquestra-regida-pelo-maestro-joao-carlos-martins.html#breadcrumb"},"inLanguage":"pt-BR","potentialAction":[{"@type":"ReadAction","target":["https:\/\/mhcalculos.com.br\/noticias\/area\/previdenciario\/trf3-tribunal-regional-federal-da-3-a-regiao-comemora-30-anos-com-apresentacao-de-orquestra-regida-pelo-maestro-joao-carlos-martins.html"]}]},{"@type":"ImageObject","inLanguage":"pt-BR","@id":"https:\/\/mhcalculos.com.br\/noticias\/area\/previdenciario\/trf3-tribunal-regional-federal-da-3-a-regiao-comemora-30-anos-com-apresentacao-de-orquestra-regida-pelo-maestro-joao-carlos-martins.html#primaryimage","url":"https:\/\/mhcalculos.com.br\/noticias\/wp-content\/uploads\/sites\/2\/2019\/04\/tributario-0010.jpg","contentUrl":"https:\/\/mhcalculos.com.br\/noticias\/wp-content\/uploads\/sites\/2\/2019\/04\/tributario-0010.jpg","width":2000,"height":800},{"@type":"BreadcrumbList","@id":"https:\/\/mhcalculos.com.br\/noticias\/area\/previdenciario\/trf3-tribunal-regional-federal-da-3-a-regiao-comemora-30-anos-com-apresentacao-de-orquestra-regida-pelo-maestro-joao-carlos-martins.html#breadcrumb","itemListElement":[{"@type":"ListItem","position":1,"name":"In\u00edcio","item":"https:\/\/mhcalculos.com.br\/noticias\/"},{"@type":"ListItem","position":2,"name":"TRF3: TRIBUNAL REGIONAL FEDERAL DA 3.\u00aa REGI\u00c3O COMEMORA 30 ANOS COM APRESENTA\u00c7\u00c3O DE ORQUESTRA REGIDA PELO MAESTRO JO\u00c3O CARLOS MARTINS"}]},{"@type":"WebSite","@id":"https:\/\/mhcalculos.com.br\/noticias\/#website","url":"https:\/\/mhcalculos.com.br\/noticias\/","name":"Portal de Not\u00edcias","description":"Not\u00edcias e Jurisprud\u00eancia","potentialAction":[{"@type":"SearchAction","target":{"@type":"EntryPoint","urlTemplate":"https:\/\/mhcalculos.com.br\/noticias\/?s={search_term_string}"},"query-input":{"@type":"PropertyValueSpecification","valueRequired":true,"valueName":"search_term_string"}}],"inLanguage":"pt-BR"},{"@type":"Person","@id":"https:\/\/mhcalculos.com.br\/noticias\/#\/schema\/person\/88d1c34bf72dc779ea14a5a6b8e0ae8d","name":"Equipe MH","image":{"@type":"ImageObject","inLanguage":"pt-BR","@id":"https:\/\/secure.gravatar.com\/avatar\/de1c686c2ecc9c5a3f327e3431d819eb39f8f05d4e1045f5a1caad6daaba987f?s=96&d=mm&r=g","url":"https:\/\/secure.gravatar.com\/avatar\/de1c686c2ecc9c5a3f327e3431d819eb39f8f05d4e1045f5a1caad6daaba987f?s=96&d=mm&r=g","contentUrl":"https:\/\/secure.gravatar.com\/avatar\/de1c686c2ecc9c5a3f327e3431d819eb39f8f05d4e1045f5a1caad6daaba987f?s=96&d=mm&r=g","caption":"Equipe MH"}}]}},"_links":{"self":[{"href":"https:\/\/mhcalculos.com.br\/noticias\/wp-json\/wp\/v2\/posts\/3991","targetHints":{"allow":["GET"]}}],"collection":[{"href":"https:\/\/mhcalculos.com.br\/noticias\/wp-json\/wp\/v2\/posts"}],"about":[{"href":"https:\/\/mhcalculos.com.br\/noticias\/wp-json\/wp\/v2\/types\/post"}],"author":[{"embeddable":true,"href":"https:\/\/mhcalculos.com.br\/noticias\/wp-json\/wp\/v2\/users\/3063"}],"replies":[{"embeddable":true,"href":"https:\/\/mhcalculos.com.br\/noticias\/wp-json\/wp\/v2\/comments?post=3991"}],"version-history":[{"count":1,"href":"https:\/\/mhcalculos.com.br\/noticias\/wp-json\/wp\/v2\/posts\/3991\/revisions"}],"predecessor-version":[{"id":9937,"href":"https:\/\/mhcalculos.com.br\/noticias\/wp-json\/wp\/v2\/posts\/3991\/revisions\/9937"}],"wp:featuredmedia":[{"embeddable":true,"href":"https:\/\/mhcalculos.com.br\/noticias\/wp-json\/wp\/v2\/media\/3992"}],"wp:attachment":[{"href":"https:\/\/mhcalculos.com.br\/noticias\/wp-json\/wp\/v2\/media?parent=3991"}],"wp:term":[{"taxonomy":"category","embeddable":true,"href":"https:\/\/mhcalculos.com.br\/noticias\/wp-json\/wp\/v2\/categories?post=3991"},{"taxonomy":"post_tag","embeddable":true,"href":"https:\/\/mhcalculos.com.br\/noticias\/wp-json\/wp\/v2\/tags?post=3991"}],"curies":[{"name":"wp","href":"https:\/\/api.w.org\/{rel}","templated":true}]}}