{"id":3980,"date":"2019-04-03T02:00:27","date_gmt":"2019-04-03T05:00:27","guid":{"rendered":"https:\/\/mhcalculos.com.br\/noticias\/2019\/04\/03\/trf4-tribunal-nega-acao-regressiva-ao-inss-02-04-2019\/"},"modified":"2021-07-28T14:33:07","modified_gmt":"2021-07-28T17:33:07","slug":"trf4-tribunal-nega-acao-regressiva-ao-inss-02-04-2019","status":"publish","type":"post","link":"https:\/\/mhcalculos.com.br\/noticias\/area\/previdenciario\/trf4-tribunal-nega-acao-regressiva-ao-inss-02-04-2019.html","title":{"rendered":"TRF4: Tribunal&nbsp;nega a\u00e7\u00e3o regressiva ao INSS (02\/04\/2019)"},"content":{"rendered":"<p><br \/>\n<\/p>\n<p><span style=\"font-family:Arial\">O Tribunal Regional Federal da 4\u00aa Regi\u00e3o (TRF4) negou provimento a recurso do Instituto Nacional do Seguro Social (INSS) e determinou que a autarquia pague integralmente os gastos com uma funcion\u00e1ria que sofreu les\u00f5es graves enquanto trabalhava no setor industrial. O entendimento da 4\u00aa Turma foi de que n\u00e3o houve falha de seguran\u00e7a por parte da empresa, mas sim imprud\u00eancia da funcion\u00e1ria durante o manuseio de um equipamento mec\u00e2nico. O julgamento ocorreu no dia 13 de mar\u00e7o.<\/span><\/p>\n<p><span style=\"font-family:Arial\">A funcion\u00e1ria, que trabalhava com m\u00e1quinas que retiravam a pele de aves, teve sua luva sugada por rolos cil\u00edndricos de uma m\u00e1quina de produ\u00e7\u00e3o, acarretando no esmagamento da m\u00e3o direita. O caso ocorreu em agosto de 2012, no munic\u00edpio de S\u00e3o Jos\u00e9, em Santa Catarina.<\/span><\/p>\n<p><span style=\"font-family:Arial\">O INSS ajuizou, em abril de 2013, uma a\u00e7\u00e3o na Justi\u00e7a Federal de Santa Catarina contra a empresa Macedo Agroindustrial LTDA, requerendo o ressarcimento pelos valores gastos com os procedimentos e tratamentos da funcion\u00e1ria.<\/span><\/p>\n<p><span style=\"font-family:Arial\">A v\u00edtima precisou passar por interven\u00e7\u00e3o cir\u00fargica e teve quatro dedos amputados. Desde ent\u00e3o, a segurada da Previd\u00eancia Social recebe benef\u00edcio de aux\u00edlio-doen\u00e7a por acidente de trabalho.<\/span><\/p>\n<p><span style=\"font-family:Arial\">De acordo com a autarquia, a neglig\u00eancia da empresa com as normas de seguran\u00e7a do trabalho teria sido o fator que causou o acidente.<\/span><\/p>\n<p><span style=\"font-family:Arial\">A 1\u00b0 Vara Federal de Florian\u00f3polis (SC) condenou a empresa a ressarcir o INSS em 50% de todos os gastos despendidos com a v\u00edtima, al\u00e9m de arcar com poss\u00edveis benef\u00edcios futuros, como aux\u00edlio-doen\u00e7a e aposentadoria por invalidez.<\/span><\/p>\n<p><span style=\"font-family:Arial\">Tanto a empresa quanto a autarquia federal recorreram da decis\u00e3o ao TRF4. O INSS pleiteou o ressarcimento de 100% dos benef\u00edcios pagos. A empresa r\u00e9 alegou que as provas produzidas nos autos demonstram a culpa exclusiva da v\u00edtima.<\/span><\/p>\n<p><span style=\"font-family:Arial\">A 4\u00aa Turma, por maioria, reformou a senten\u00e7a e absolveu a empresa. O relator do \u00e1cord\u00e3o, desembargador federal C\u00e2ndido Alfredo Silva Leal J\u00fanior, destacou que &ldquo;est\u00e1 comprovado nos autos que a v\u00edtima tinha ci\u00eancia de que a conduta por ela adotada, conduta que ocasionou o acidente de trabalho, era proibida. \u00c9 inequ\u00edvoco que ela assinou ordem de servi\u00e7o, na qual constou expressamente a proibi\u00e7\u00e3o de colocar a m\u00e3o dentro de m\u00e1quinas em funcionamento, bem como a proibi\u00e7\u00e3o de realizar limpeza nas m\u00e1quinas quando estas estiverem em funcionamento&rdquo;.<\/span><\/p>\n<p><span style=\"font-family:Arial\">Ele concluiu declarando que &ldquo;no depoimento da v\u00edtima, ela pr\u00f3pria deu conta de que sabia como desligar a m\u00e1quina. Ela tamb\u00e9m afirmou que nunca viu outro empregado chegar t\u00e3o perto da m\u00e1quina para lav\u00e1-la. Nesse contexto, entendo que houve culpa exclusiva da v\u00edtima&rdquo;.<\/span><\/p>\n<p><br \/>Funcion\u00e1ria de empresa de alimentos se acidentou enquanto fazia a limpeza de uma m\u00e1quina (Foto: phil_bird\/123 RF)<\/p>\n<p><i>Com informa\u00e7\u00f5es da assessoria de imprensa do TRF4.<\/i><br \/>\n<br \/><a href=\"http:\/\/www2.trf4.jus.br\/trf4\/controlador.php?acao=noticia_visualizar&#038;id_noticia=14349\">Fonte<\/a><br \/>\n<br \/><\/p>\n","protected":false},"excerpt":{"rendered":"<p>O Tribunal Regional Federal da 4\u00aa Regi\u00e3o (TRF4) negou provimento a recurso do Instituto Nacional do Seguro Social (INSS) e determinou que a autarquia pague integralmente os gastos com uma funcion\u00e1ria que sofreu les\u00f5es graves enquanto trabalhava no setor industrial. O entendimento da 4\u00aa Turma foi de que n\u00e3o houve falha de seguran\u00e7a por parte [&hellip;]<\/p>\n","protected":false},"author":3063,"featured_media":2709,"comment_status":"open","ping_status":"open","sticky":false,"template":"","format":"standard","meta":{"footnotes":""},"categories":[5,6],"tags":[11,10,8,13,9,12,17],"class_list":{"0":"post-3980","1":"post","2":"type-post","3":"status-publish","4":"format-standard","5":"has-post-thumbnail","7":"category-previdenciario","8":"category-trf4","9":"tag-aposentadoria","10":"tag-calculos-previdenciarios","11":"tag-direito-previdenciario","12":"tag-inss","13":"tag-pericia","14":"tag-perito","15":"tag-trf4"},"yoast_head":"<!-- This site is optimized with the Yoast SEO plugin v27.2 - https:\/\/yoast.com\/product\/yoast-seo-wordpress\/ -->\n<title>TRF4: Tribunal&nbsp;nega a\u00e7\u00e3o regressiva ao INSS (02\/04\/2019) | Portal de Not\u00edcias<\/title>\n<meta name=\"robots\" content=\"index, follow, max-snippet:-1, max-image-preview:large, max-video-preview:-1\" \/>\n<link rel=\"canonical\" href=\"https:\/\/mhcalculos.com.br\/noticias\/area\/previdenciario\/trf4-tribunal-nega-acao-regressiva-ao-inss-02-04-2019.html\" \/>\n<meta property=\"og:locale\" content=\"pt_BR\" \/>\n<meta property=\"og:type\" content=\"article\" \/>\n<meta property=\"og:title\" content=\"TRF4: Tribunal&nbsp;nega a\u00e7\u00e3o regressiva ao INSS (02\/04\/2019) | Portal de Not\u00edcias\" \/>\n<meta property=\"og:description\" content=\"O Tribunal Regional Federal da 4\u00aa Regi\u00e3o (TRF4) negou provimento a recurso do Instituto Nacional do Seguro Social (INSS) e determinou que a autarquia pague integralmente os gastos com uma funcion\u00e1ria que sofreu les\u00f5es graves enquanto trabalhava no setor industrial. O entendimento da 4\u00aa Turma foi de que n\u00e3o houve falha de seguran\u00e7a por parte [&hellip;]\" \/>\n<meta property=\"og:url\" content=\"https:\/\/mhcalculos.com.br\/noticias\/area\/previdenciario\/trf4-tribunal-nega-acao-regressiva-ao-inss-02-04-2019.html\" \/>\n<meta property=\"og:site_name\" content=\"Portal de Not\u00edcias\" \/>\n<meta property=\"article:published_time\" content=\"2019-04-03T05:00:27+00:00\" \/>\n<meta property=\"article:modified_time\" content=\"2021-07-28T17:33:07+00:00\" \/>\n<meta property=\"og:image\" content=\"https:\/\/mhcalculos.com.br\/noticias\/wp-content\/uploads\/sites\/2\/2018\/08\/previdenciario-0039.jpg\" \/>\n\t<meta property=\"og:image:width\" content=\"2000\" \/>\n\t<meta property=\"og:image:height\" content=\"800\" \/>\n\t<meta property=\"og:image:type\" content=\"image\/jpeg\" \/>\n<meta name=\"author\" content=\"Equipe MH\" \/>\n<meta name=\"twitter:card\" content=\"summary_large_image\" \/>\n<meta name=\"twitter:label1\" content=\"Escrito por\" \/>\n\t<meta name=\"twitter:data1\" content=\"Equipe MH\" \/>\n\t<meta name=\"twitter:label2\" content=\"Est. tempo de leitura\" \/>\n\t<meta name=\"twitter:data2\" content=\"2 minutos\" \/>\n<script type=\"application\/ld+json\" class=\"yoast-schema-graph\">{\"@context\":\"https:\/\/schema.org\",\"@graph\":[{\"@type\":\"Article\",\"@id\":\"https:\/\/mhcalculos.com.br\/noticias\/area\/previdenciario\/trf4-tribunal-nega-acao-regressiva-ao-inss-02-04-2019.html#article\",\"isPartOf\":{\"@id\":\"https:\/\/mhcalculos.com.br\/noticias\/area\/previdenciario\/trf4-tribunal-nega-acao-regressiva-ao-inss-02-04-2019.html\"},\"author\":{\"name\":\"Equipe MH\",\"@id\":\"https:\/\/mhcalculos.com.br\/noticias\/#\/schema\/person\/88d1c34bf72dc779ea14a5a6b8e0ae8d\"},\"headline\":\"TRF4: Tribunal&nbsp;nega a\u00e7\u00e3o regressiva ao INSS (02\/04\/2019)\",\"datePublished\":\"2019-04-03T05:00:27+00:00\",\"dateModified\":\"2021-07-28T17:33:07+00:00\",\"mainEntityOfPage\":{\"@id\":\"https:\/\/mhcalculos.com.br\/noticias\/area\/previdenciario\/trf4-tribunal-nega-acao-regressiva-ao-inss-02-04-2019.html\"},\"wordCount\":508,\"commentCount\":0,\"image\":{\"@id\":\"https:\/\/mhcalculos.com.br\/noticias\/area\/previdenciario\/trf4-tribunal-nega-acao-regressiva-ao-inss-02-04-2019.html#primaryimage\"},\"thumbnailUrl\":\"https:\/\/mhcalculos.com.br\/noticias\/wp-content\/uploads\/sites\/2\/2018\/08\/previdenciario-0039.jpg\",\"keywords\":[\"aposentadoria\",\"c\u00e1lculos previdenci\u00e1rios\",\"direito previdenci\u00e1rio\",\"inss\",\"per\u00edcia\",\"perito\",\"trf4\"],\"articleSection\":[\"Direito Previdenci\u00e1rio\",\"TRF4\"],\"inLanguage\":\"pt-BR\",\"potentialAction\":[{\"@type\":\"CommentAction\",\"name\":\"Comment\",\"target\":[\"https:\/\/mhcalculos.com.br\/noticias\/area\/previdenciario\/trf4-tribunal-nega-acao-regressiva-ao-inss-02-04-2019.html#respond\"]}]},{\"@type\":\"WebPage\",\"@id\":\"https:\/\/mhcalculos.com.br\/noticias\/area\/previdenciario\/trf4-tribunal-nega-acao-regressiva-ao-inss-02-04-2019.html\",\"url\":\"https:\/\/mhcalculos.com.br\/noticias\/area\/previdenciario\/trf4-tribunal-nega-acao-regressiva-ao-inss-02-04-2019.html\",\"name\":\"TRF4: Tribunal&nbsp;nega a\u00e7\u00e3o regressiva ao INSS (02\/04\/2019) | Portal de Not\u00edcias\",\"isPartOf\":{\"@id\":\"https:\/\/mhcalculos.com.br\/noticias\/#website\"},\"primaryImageOfPage\":{\"@id\":\"https:\/\/mhcalculos.com.br\/noticias\/area\/previdenciario\/trf4-tribunal-nega-acao-regressiva-ao-inss-02-04-2019.html#primaryimage\"},\"image\":{\"@id\":\"https:\/\/mhcalculos.com.br\/noticias\/area\/previdenciario\/trf4-tribunal-nega-acao-regressiva-ao-inss-02-04-2019.html#primaryimage\"},\"thumbnailUrl\":\"https:\/\/mhcalculos.com.br\/noticias\/wp-content\/uploads\/sites\/2\/2018\/08\/previdenciario-0039.jpg\",\"datePublished\":\"2019-04-03T05:00:27+00:00\",\"dateModified\":\"2021-07-28T17:33:07+00:00\",\"author\":{\"@id\":\"https:\/\/mhcalculos.com.br\/noticias\/#\/schema\/person\/88d1c34bf72dc779ea14a5a6b8e0ae8d\"},\"breadcrumb\":{\"@id\":\"https:\/\/mhcalculos.com.br\/noticias\/area\/previdenciario\/trf4-tribunal-nega-acao-regressiva-ao-inss-02-04-2019.html#breadcrumb\"},\"inLanguage\":\"pt-BR\",\"potentialAction\":[{\"@type\":\"ReadAction\",\"target\":[\"https:\/\/mhcalculos.com.br\/noticias\/area\/previdenciario\/trf4-tribunal-nega-acao-regressiva-ao-inss-02-04-2019.html\"]}]},{\"@type\":\"ImageObject\",\"inLanguage\":\"pt-BR\",\"@id\":\"https:\/\/mhcalculos.com.br\/noticias\/area\/previdenciario\/trf4-tribunal-nega-acao-regressiva-ao-inss-02-04-2019.html#primaryimage\",\"url\":\"https:\/\/mhcalculos.com.br\/noticias\/wp-content\/uploads\/sites\/2\/2018\/08\/previdenciario-0039.jpg\",\"contentUrl\":\"https:\/\/mhcalculos.com.br\/noticias\/wp-content\/uploads\/sites\/2\/2018\/08\/previdenciario-0039.jpg\",\"width\":2000,\"height\":800},{\"@type\":\"BreadcrumbList\",\"@id\":\"https:\/\/mhcalculos.com.br\/noticias\/area\/previdenciario\/trf4-tribunal-nega-acao-regressiva-ao-inss-02-04-2019.html#breadcrumb\",\"itemListElement\":[{\"@type\":\"ListItem\",\"position\":1,\"name\":\"In\u00edcio\",\"item\":\"https:\/\/mhcalculos.com.br\/noticias\/\"},{\"@type\":\"ListItem\",\"position\":2,\"name\":\"TRF4: Tribunal&nbsp;nega a\u00e7\u00e3o regressiva ao INSS (02\/04\/2019)\"}]},{\"@type\":\"WebSite\",\"@id\":\"https:\/\/mhcalculos.com.br\/noticias\/#website\",\"url\":\"https:\/\/mhcalculos.com.br\/noticias\/\",\"name\":\"Portal de Not\u00edcias\",\"description\":\"Not\u00edcias e Jurisprud\u00eancia\",\"potentialAction\":[{\"@type\":\"SearchAction\",\"target\":{\"@type\":\"EntryPoint\",\"urlTemplate\":\"https:\/\/mhcalculos.com.br\/noticias\/?s={search_term_string}\"},\"query-input\":{\"@type\":\"PropertyValueSpecification\",\"valueRequired\":true,\"valueName\":\"search_term_string\"}}],\"inLanguage\":\"pt-BR\"},{\"@type\":\"Person\",\"@id\":\"https:\/\/mhcalculos.com.br\/noticias\/#\/schema\/person\/88d1c34bf72dc779ea14a5a6b8e0ae8d\",\"name\":\"Equipe MH\",\"image\":{\"@type\":\"ImageObject\",\"inLanguage\":\"pt-BR\",\"@id\":\"https:\/\/secure.gravatar.com\/avatar\/de1c686c2ecc9c5a3f327e3431d819eb39f8f05d4e1045f5a1caad6daaba987f?s=96&d=mm&r=g\",\"url\":\"https:\/\/secure.gravatar.com\/avatar\/de1c686c2ecc9c5a3f327e3431d819eb39f8f05d4e1045f5a1caad6daaba987f?s=96&d=mm&r=g\",\"contentUrl\":\"https:\/\/secure.gravatar.com\/avatar\/de1c686c2ecc9c5a3f327e3431d819eb39f8f05d4e1045f5a1caad6daaba987f?s=96&d=mm&r=g\",\"caption\":\"Equipe MH\"}}]}<\/script>\n<!-- \/ Yoast SEO plugin. -->","yoast_head_json":{"title":"TRF4: Tribunal&nbsp;nega a\u00e7\u00e3o regressiva ao INSS (02\/04\/2019) | Portal de Not\u00edcias","robots":{"index":"index","follow":"follow","max-snippet":"max-snippet:-1","max-image-preview":"max-image-preview:large","max-video-preview":"max-video-preview:-1"},"canonical":"https:\/\/mhcalculos.com.br\/noticias\/area\/previdenciario\/trf4-tribunal-nega-acao-regressiva-ao-inss-02-04-2019.html","og_locale":"pt_BR","og_type":"article","og_title":"TRF4: Tribunal&nbsp;nega a\u00e7\u00e3o regressiva ao INSS (02\/04\/2019) | Portal de Not\u00edcias","og_description":"O Tribunal Regional Federal da 4\u00aa Regi\u00e3o (TRF4) negou provimento a recurso do Instituto Nacional do Seguro Social (INSS) e determinou que a autarquia pague integralmente os gastos com uma funcion\u00e1ria que sofreu les\u00f5es graves enquanto trabalhava no setor industrial. O entendimento da 4\u00aa Turma foi de que n\u00e3o houve falha de seguran\u00e7a por parte [&hellip;]","og_url":"https:\/\/mhcalculos.com.br\/noticias\/area\/previdenciario\/trf4-tribunal-nega-acao-regressiva-ao-inss-02-04-2019.html","og_site_name":"Portal de Not\u00edcias","article_published_time":"2019-04-03T05:00:27+00:00","article_modified_time":"2021-07-28T17:33:07+00:00","og_image":[{"width":2000,"height":800,"url":"https:\/\/mhcalculos.com.br\/noticias\/wp-content\/uploads\/sites\/2\/2018\/08\/previdenciario-0039.jpg","type":"image\/jpeg"}],"author":"Equipe MH","twitter_card":"summary_large_image","twitter_misc":{"Escrito por":"Equipe MH","Est. tempo de leitura":"2 minutos"},"schema":{"@context":"https:\/\/schema.org","@graph":[{"@type":"Article","@id":"https:\/\/mhcalculos.com.br\/noticias\/area\/previdenciario\/trf4-tribunal-nega-acao-regressiva-ao-inss-02-04-2019.html#article","isPartOf":{"@id":"https:\/\/mhcalculos.com.br\/noticias\/area\/previdenciario\/trf4-tribunal-nega-acao-regressiva-ao-inss-02-04-2019.html"},"author":{"name":"Equipe MH","@id":"https:\/\/mhcalculos.com.br\/noticias\/#\/schema\/person\/88d1c34bf72dc779ea14a5a6b8e0ae8d"},"headline":"TRF4: Tribunal&nbsp;nega a\u00e7\u00e3o regressiva ao INSS (02\/04\/2019)","datePublished":"2019-04-03T05:00:27+00:00","dateModified":"2021-07-28T17:33:07+00:00","mainEntityOfPage":{"@id":"https:\/\/mhcalculos.com.br\/noticias\/area\/previdenciario\/trf4-tribunal-nega-acao-regressiva-ao-inss-02-04-2019.html"},"wordCount":508,"commentCount":0,"image":{"@id":"https:\/\/mhcalculos.com.br\/noticias\/area\/previdenciario\/trf4-tribunal-nega-acao-regressiva-ao-inss-02-04-2019.html#primaryimage"},"thumbnailUrl":"https:\/\/mhcalculos.com.br\/noticias\/wp-content\/uploads\/sites\/2\/2018\/08\/previdenciario-0039.jpg","keywords":["aposentadoria","c\u00e1lculos previdenci\u00e1rios","direito previdenci\u00e1rio","inss","per\u00edcia","perito","trf4"],"articleSection":["Direito Previdenci\u00e1rio","TRF4"],"inLanguage":"pt-BR","potentialAction":[{"@type":"CommentAction","name":"Comment","target":["https:\/\/mhcalculos.com.br\/noticias\/area\/previdenciario\/trf4-tribunal-nega-acao-regressiva-ao-inss-02-04-2019.html#respond"]}]},{"@type":"WebPage","@id":"https:\/\/mhcalculos.com.br\/noticias\/area\/previdenciario\/trf4-tribunal-nega-acao-regressiva-ao-inss-02-04-2019.html","url":"https:\/\/mhcalculos.com.br\/noticias\/area\/previdenciario\/trf4-tribunal-nega-acao-regressiva-ao-inss-02-04-2019.html","name":"TRF4: Tribunal&nbsp;nega a\u00e7\u00e3o regressiva ao INSS (02\/04\/2019) | Portal de Not\u00edcias","isPartOf":{"@id":"https:\/\/mhcalculos.com.br\/noticias\/#website"},"primaryImageOfPage":{"@id":"https:\/\/mhcalculos.com.br\/noticias\/area\/previdenciario\/trf4-tribunal-nega-acao-regressiva-ao-inss-02-04-2019.html#primaryimage"},"image":{"@id":"https:\/\/mhcalculos.com.br\/noticias\/area\/previdenciario\/trf4-tribunal-nega-acao-regressiva-ao-inss-02-04-2019.html#primaryimage"},"thumbnailUrl":"https:\/\/mhcalculos.com.br\/noticias\/wp-content\/uploads\/sites\/2\/2018\/08\/previdenciario-0039.jpg","datePublished":"2019-04-03T05:00:27+00:00","dateModified":"2021-07-28T17:33:07+00:00","author":{"@id":"https:\/\/mhcalculos.com.br\/noticias\/#\/schema\/person\/88d1c34bf72dc779ea14a5a6b8e0ae8d"},"breadcrumb":{"@id":"https:\/\/mhcalculos.com.br\/noticias\/area\/previdenciario\/trf4-tribunal-nega-acao-regressiva-ao-inss-02-04-2019.html#breadcrumb"},"inLanguage":"pt-BR","potentialAction":[{"@type":"ReadAction","target":["https:\/\/mhcalculos.com.br\/noticias\/area\/previdenciario\/trf4-tribunal-nega-acao-regressiva-ao-inss-02-04-2019.html"]}]},{"@type":"ImageObject","inLanguage":"pt-BR","@id":"https:\/\/mhcalculos.com.br\/noticias\/area\/previdenciario\/trf4-tribunal-nega-acao-regressiva-ao-inss-02-04-2019.html#primaryimage","url":"https:\/\/mhcalculos.com.br\/noticias\/wp-content\/uploads\/sites\/2\/2018\/08\/previdenciario-0039.jpg","contentUrl":"https:\/\/mhcalculos.com.br\/noticias\/wp-content\/uploads\/sites\/2\/2018\/08\/previdenciario-0039.jpg","width":2000,"height":800},{"@type":"BreadcrumbList","@id":"https:\/\/mhcalculos.com.br\/noticias\/area\/previdenciario\/trf4-tribunal-nega-acao-regressiva-ao-inss-02-04-2019.html#breadcrumb","itemListElement":[{"@type":"ListItem","position":1,"name":"In\u00edcio","item":"https:\/\/mhcalculos.com.br\/noticias\/"},{"@type":"ListItem","position":2,"name":"TRF4: Tribunal&nbsp;nega a\u00e7\u00e3o regressiva ao INSS (02\/04\/2019)"}]},{"@type":"WebSite","@id":"https:\/\/mhcalculos.com.br\/noticias\/#website","url":"https:\/\/mhcalculos.com.br\/noticias\/","name":"Portal de Not\u00edcias","description":"Not\u00edcias e Jurisprud\u00eancia","potentialAction":[{"@type":"SearchAction","target":{"@type":"EntryPoint","urlTemplate":"https:\/\/mhcalculos.com.br\/noticias\/?s={search_term_string}"},"query-input":{"@type":"PropertyValueSpecification","valueRequired":true,"valueName":"search_term_string"}}],"inLanguage":"pt-BR"},{"@type":"Person","@id":"https:\/\/mhcalculos.com.br\/noticias\/#\/schema\/person\/88d1c34bf72dc779ea14a5a6b8e0ae8d","name":"Equipe MH","image":{"@type":"ImageObject","inLanguage":"pt-BR","@id":"https:\/\/secure.gravatar.com\/avatar\/de1c686c2ecc9c5a3f327e3431d819eb39f8f05d4e1045f5a1caad6daaba987f?s=96&d=mm&r=g","url":"https:\/\/secure.gravatar.com\/avatar\/de1c686c2ecc9c5a3f327e3431d819eb39f8f05d4e1045f5a1caad6daaba987f?s=96&d=mm&r=g","contentUrl":"https:\/\/secure.gravatar.com\/avatar\/de1c686c2ecc9c5a3f327e3431d819eb39f8f05d4e1045f5a1caad6daaba987f?s=96&d=mm&r=g","caption":"Equipe MH"}}]}},"_links":{"self":[{"href":"https:\/\/mhcalculos.com.br\/noticias\/wp-json\/wp\/v2\/posts\/3980","targetHints":{"allow":["GET"]}}],"collection":[{"href":"https:\/\/mhcalculos.com.br\/noticias\/wp-json\/wp\/v2\/posts"}],"about":[{"href":"https:\/\/mhcalculos.com.br\/noticias\/wp-json\/wp\/v2\/types\/post"}],"author":[{"embeddable":true,"href":"https:\/\/mhcalculos.com.br\/noticias\/wp-json\/wp\/v2\/users\/3063"}],"replies":[{"embeddable":true,"href":"https:\/\/mhcalculos.com.br\/noticias\/wp-json\/wp\/v2\/comments?post=3980"}],"version-history":[{"count":1,"href":"https:\/\/mhcalculos.com.br\/noticias\/wp-json\/wp\/v2\/posts\/3980\/revisions"}],"predecessor-version":[{"id":9944,"href":"https:\/\/mhcalculos.com.br\/noticias\/wp-json\/wp\/v2\/posts\/3980\/revisions\/9944"}],"wp:featuredmedia":[{"embeddable":true,"href":"https:\/\/mhcalculos.com.br\/noticias\/wp-json\/wp\/v2\/media\/2709"}],"wp:attachment":[{"href":"https:\/\/mhcalculos.com.br\/noticias\/wp-json\/wp\/v2\/media?parent=3980"}],"wp:term":[{"taxonomy":"category","embeddable":true,"href":"https:\/\/mhcalculos.com.br\/noticias\/wp-json\/wp\/v2\/categories?post=3980"},{"taxonomy":"post_tag","embeddable":true,"href":"https:\/\/mhcalculos.com.br\/noticias\/wp-json\/wp\/v2\/tags?post=3980"}],"curies":[{"name":"wp","href":"https:\/\/api.w.org\/{rel}","templated":true}]}}