{"id":3938,"date":"2019-03-22T22:00:08","date_gmt":"2019-03-23T01:00:08","guid":{"rendered":"https:\/\/mhcalculos.com.br\/noticias\/2019\/03\/22\/trf3-turma-regional-de-uniformizacao-realiza-sessao-em-sao-paulo\/"},"modified":"2021-07-28T14:33:10","modified_gmt":"2021-07-28T17:33:10","slug":"trf3-turma-regional-de-uniformizacao-realiza-sessao-em-sao-paulo","status":"publish","type":"post","link":"https:\/\/mhcalculos.com.br\/noticias\/area\/previdenciario\/trf3-turma-regional-de-uniformizacao-realiza-sessao-em-sao-paulo.html","title":{"rendered":"TRF3: TURMA REGIONAL DE UNIFORMIZA\u00c7\u00c3O REALIZA SESS\u00c3O EM S\u00c3O PAULO"},"content":{"rendered":"\n<div class=\"mat\">\n<p><em>Foram julgados 101 processos, duas sustenta\u00e7\u00f5es por videoconfer\u00eancia em Bauru<\/em><\/p>\n<p>A Turma Regional de Uniformiza\u00e7\u00e3o (TRU) realizou, em 13 de mar\u00e7o, o julgamento de 101 processos de grande relev\u00e2ncia social, com a finalidade de uniformizar a jurisprud\u00eancia nas 17 Turmas Recursais integrantes da Justi\u00e7a Federal da 3\u00aa Regi\u00e3o e aplica\u00e7\u00e3o das teses firmadas pelo Supremo Tribunal Federal, Superior Tribunal de Justi\u00e7a e Turma Nacional de Uniformiza\u00e7\u00e3o.<\/p>\n<p>  A sess\u00e3o foi presidida pelo Desembargador Federal Mauricio Kato, Coordenador dos Juizados Especiais Federais da 3.\u00aa Regi\u00e3o e contou com a presen\u00e7a dos ju\u00edzes federais das 17 Turmas Recursais da 3.\u00aa Regi\u00e3o.<\/p>\n<p>A Turma Regional de Uniformiza\u00e7\u00e3o (TRU) \u00e9 o \u00f3rg\u00e3o jurisdicional competente para processar e julgar o pedido de uniformiza\u00e7\u00e3o de interpreta\u00e7\u00e3o de lei federal, quando houver diverg\u00eancia sobre quest\u00f5es de direito material entre as turmas recursais da 3\u00aa Regi\u00e3o. Compete a ela tamb\u00e9m o julgamento de embargos de declara\u00e7\u00e3o opostos a seus ac\u00f3rd\u00e3os, argui\u00e7\u00f5es de falsidade e tutelas de urg\u00eancia nas causas pendentes de sua decis\u00e3o, agravo interposto em face de decis\u00e3o monocr\u00e1tica do juiz relator ou do Presidente da TRU e o interposto em face da decis\u00e3o de inadmiss\u00e3o do pedido de uniformiza\u00e7\u00e3o.<\/p>\n<p>Sediada na Se\u00e7\u00e3o Judici\u00e1ria de S\u00e3o Paulo \u00e9 formada pela reuni\u00e3o dos magistrados presidentes das turmas recursais que representam as turmas em conflito, sob a presid\u00eancia do Desembargador Federal Coordenador dos Juizados Especiais Federais.<\/p>\n<p>Na sess\u00e3o do dia 13 de mar\u00e7o, al\u00e9m do Desembargador Federal Mauricio Kato, participaram os Ju\u00edzes Federais Fernando Moreira Gon\u00e7alves, Uilton Reina Cecato, Leandro Gonsalves Ferreira, Angela Cristina Monteiro, Kyu Soon Lee, Ciro Brandani Fonseca, Claudia Mantovani Arruga, Luiz Renato Pacheco Chaves de Oliveira, Marisa Regina Amoroso Quedinho Cassettari, Claudia Hilst Menezes, Luciana Melchiori Bezerra, Fernanda Soraia Pacheco Costa, Gabriela Azevedo Campos Salles, Ta\u00eds Vargas Ferracini de Campos Gurgel, Luciana Jac\u00f3 Braga, Raquel Domingues do Amaral Corniglion e Janio Roberto dos Santos.<\/p>\n<p><strong>Sustenta\u00e7\u00e3o oral por videoconfer\u00eancia<\/strong><\/p>\n<p>Houve sustenta\u00e7\u00e3o oral por videoconfer\u00eancia, conectada do Juizado Federal de Bauru, nos processos n\u00ba 0001101-59.2018.403.9300 e 0001027-05.2018.403.9300, de relatoria do Juiz Federal Fernando Moreira Gon\u00e7alves e que tratam de mat\u00e9ria previdenci\u00e1ria, prestigiada a ampla defesa e o livre acesso dos advogados ao \u00f3rg\u00e3o julgador.<\/p>\n<p>O Processo TRU n\u00ba 0001101-59.2018.403.9300 se referia \u00e0 aposentadoria por tempo de servi\u00e7o com atividade especial (agente eletricidade). O resultado, por unanimidade, deu provimento ao agravo para conhecer e dar provimento ao pedido de uniformiza\u00e7\u00e3o de interpreta\u00e7\u00e3o de lei federal apresentado pela parte autora.<\/p>\n<p>\u201c\u00c9 poss\u00edvel o reconhecimento de tempo especial prestado com exposi\u00e7\u00e3o a agente nocivo periculoso em data posterior a 05\/03\/1997, desde que laudo t\u00e9cnico (ou elemento material equivalente) comprove a permanente exposi\u00e7\u00e3o ao agente nocivo, independentemente de previs\u00e3o em legisla\u00e7\u00e3o espec\u00edfica\u201d, diz a decis\u00e3o.<\/p>\n<p>J\u00e1 o Processo TRU n\u00ba 0001027-05.2018.403.9300 envolvia o reconhecimento de atividade de aluno aprendiz como tempo de servi\u00e7o para fins previdenci\u00e1rios. A quest\u00e3o importava reavalia\u00e7\u00e3o da instru\u00e7\u00e3o f\u00e1tico-probat\u00f3ria. O resultado da TRU foi, por unanimidade, negar provimento ao agravo interposto pela parte autora.<\/p>\n<p>\u201cA discuss\u00e3o sobre a possibilidade ou n\u00e3o do reconhecimento do per\u00edodo laborado pelo autor como aluno-aprendiz, para fins previdenci\u00e1rios, ensejar\u00e1 a reavalia\u00e7\u00e3o da instru\u00e7\u00e3o f\u00e1tico-probat\u00f3ria, o que implica incid\u00eancia da S\u00famula n\u00b0 42, da TNU: N\u00e3o se conhece do incidente de uniformiza\u00e7\u00e3o que implique reexame da mat\u00e9ria de fato\u201d, concluiu a TRU.<\/p>\n<table width=\"500\" align=\"center\" border=\"0\" cellspacing=\"0\" cellpadding=\"0\">\n<tbody>\n<tr>\n<td><span>ACOM\/TRF3<\/span><\/td>\n<\/tr>\n<tr>\n<td><img decoding=\"async\" width=\"500\" height=\"469\" alt=\"\" data-src=\"http:\/\/web.trf3.jus.br\/noticias\/uploaddir\/image\/2019\/Mar%C3%A7o\/TRU.jpg\" src=\"data:image\/svg+xml;base64,PHN2ZyB3aWR0aD0iMSIgaGVpZ2h0PSIxIiB4bWxucz0iaHR0cDovL3d3dy53My5vcmcvMjAwMC9zdmciPjwvc3ZnPg==\" class=\"lazyload\" style=\"--smush-placeholder-width: 500px; --smush-placeholder-aspect-ratio: 500\/469;\"><\/td>\n<\/tr>\n<tr>\n<td>Magistrados em sess\u00e3o da Turma Regional de Uniformiza\u00e7\u00e3o, em S\u00e3o Paulo\/SP<\/td>\n<\/tr>\n<\/tbody>\n<\/table>\n<p>  Com informa\u00e7\u00f5es da Coordenadoria dos JEFS da 3\u00aa Regi\u00e3o<\/p>\n<\/p><\/div>\n<p><i>Com informa\u00e7\u00f5es da assessoria de imprensa do TRF3.<\/i><br \/>\n<br \/><a href=\"http:\/\/web.trf3.jus.br\/noticias\/Noticias\/Noticia\/Exibir\/379350\">Fonte<\/a><br \/>\n<br \/><\/p>\n","protected":false},"excerpt":{"rendered":"<p>Foram julgados 101 processos, duas sustenta\u00e7\u00f5es por videoconfer\u00eancia em Bauru A Turma Regional de Uniformiza\u00e7\u00e3o (TRU) realizou, em 13 de mar\u00e7o, o julgamento de 101 processos de grande relev\u00e2ncia social, com a finalidade de uniformizar a jurisprud\u00eancia nas 17 Turmas Recursais integrantes da Justi\u00e7a Federal da 3\u00aa Regi\u00e3o e aplica\u00e7\u00e3o das teses firmadas pelo Supremo [&hellip;]<\/p>\n","protected":false},"author":3063,"featured_media":3939,"comment_status":"open","ping_status":"open","sticky":false,"template":"","format":"standard","meta":{"footnotes":""},"categories":[5,110],"tags":[11,10,8,13,9,12,152],"class_list":{"0":"post-3938","1":"post","2":"type-post","3":"status-publish","4":"format-standard","5":"has-post-thumbnail","7":"category-previdenciario","8":"category-trf3","9":"tag-aposentadoria","10":"tag-calculos-previdenciarios","11":"tag-direito-previdenciario","12":"tag-inss","13":"tag-pericia","14":"tag-perito","15":"tag-trf3"},"yoast_head":"<!-- This site is optimized with the Yoast SEO plugin v27.2 - https:\/\/yoast.com\/product\/yoast-seo-wordpress\/ -->\n<title>TRF3: TURMA REGIONAL DE UNIFORMIZA\u00c7\u00c3O REALIZA SESS\u00c3O EM S\u00c3O PAULO | Portal de Not\u00edcias<\/title>\n<meta name=\"robots\" content=\"index, follow, max-snippet:-1, max-image-preview:large, max-video-preview:-1\" \/>\n<link rel=\"canonical\" href=\"https:\/\/mhcalculos.com.br\/noticias\/area\/previdenciario\/trf3-turma-regional-de-uniformizacao-realiza-sessao-em-sao-paulo.html\" \/>\n<meta property=\"og:locale\" content=\"pt_BR\" \/>\n<meta property=\"og:type\" content=\"article\" \/>\n<meta property=\"og:title\" content=\"TRF3: TURMA REGIONAL DE UNIFORMIZA\u00c7\u00c3O REALIZA SESS\u00c3O EM S\u00c3O PAULO | Portal de Not\u00edcias\" \/>\n<meta property=\"og:description\" content=\"Foram julgados 101 processos, duas sustenta\u00e7\u00f5es por videoconfer\u00eancia em Bauru A Turma Regional de Uniformiza\u00e7\u00e3o (TRU) realizou, em 13 de mar\u00e7o, o julgamento de 101 processos de grande relev\u00e2ncia social, com a finalidade de uniformizar a jurisprud\u00eancia nas 17 Turmas Recursais integrantes da Justi\u00e7a Federal da 3\u00aa Regi\u00e3o e aplica\u00e7\u00e3o das teses firmadas pelo Supremo [&hellip;]\" \/>\n<meta property=\"og:url\" content=\"https:\/\/mhcalculos.com.br\/noticias\/area\/previdenciario\/trf3-turma-regional-de-uniformizacao-realiza-sessao-em-sao-paulo.html\" \/>\n<meta property=\"og:site_name\" content=\"Portal de Not\u00edcias\" \/>\n<meta property=\"article:published_time\" content=\"2019-03-23T01:00:08+00:00\" \/>\n<meta property=\"article:modified_time\" content=\"2021-07-28T17:33:10+00:00\" \/>\n<meta property=\"og:image\" content=\"https:\/\/mhcalculos.com.br\/noticias\/wp-content\/uploads\/sites\/2\/2019\/03\/previdenciario-0020.jpg\" \/>\n\t<meta property=\"og:image:width\" content=\"2000\" \/>\n\t<meta property=\"og:image:height\" content=\"800\" \/>\n\t<meta property=\"og:image:type\" content=\"image\/jpeg\" \/>\n<meta name=\"author\" content=\"Equipe MH\" \/>\n<meta name=\"twitter:card\" content=\"summary_large_image\" \/>\n<meta name=\"twitter:label1\" content=\"Escrito por\" \/>\n\t<meta name=\"twitter:data1\" content=\"Equipe MH\" \/>\n\t<meta name=\"twitter:label2\" content=\"Est. tempo de leitura\" \/>\n\t<meta name=\"twitter:data2\" content=\"3 minutos\" \/>\n<script type=\"application\/ld+json\" class=\"yoast-schema-graph\">{\"@context\":\"https:\/\/schema.org\",\"@graph\":[{\"@type\":\"Article\",\"@id\":\"https:\/\/mhcalculos.com.br\/noticias\/area\/previdenciario\/trf3-turma-regional-de-uniformizacao-realiza-sessao-em-sao-paulo.html#article\",\"isPartOf\":{\"@id\":\"https:\/\/mhcalculos.com.br\/noticias\/area\/previdenciario\/trf3-turma-regional-de-uniformizacao-realiza-sessao-em-sao-paulo.html\"},\"author\":{\"name\":\"Equipe MH\",\"@id\":\"https:\/\/mhcalculos.com.br\/noticias\/#\/schema\/person\/88d1c34bf72dc779ea14a5a6b8e0ae8d\"},\"headline\":\"TRF3: TURMA REGIONAL DE UNIFORMIZA\u00c7\u00c3O REALIZA SESS\u00c3O EM S\u00c3O PAULO\",\"datePublished\":\"2019-03-23T01:00:08+00:00\",\"dateModified\":\"2021-07-28T17:33:10+00:00\",\"mainEntityOfPage\":{\"@id\":\"https:\/\/mhcalculos.com.br\/noticias\/area\/previdenciario\/trf3-turma-regional-de-uniformizacao-realiza-sessao-em-sao-paulo.html\"},\"wordCount\":659,\"commentCount\":0,\"image\":{\"@id\":\"https:\/\/mhcalculos.com.br\/noticias\/area\/previdenciario\/trf3-turma-regional-de-uniformizacao-realiza-sessao-em-sao-paulo.html#primaryimage\"},\"thumbnailUrl\":\"https:\/\/mhcalculos.com.br\/noticias\/wp-content\/uploads\/sites\/2\/2019\/03\/previdenciario-0020.jpg\",\"keywords\":[\"aposentadoria\",\"c\u00e1lculos previdenci\u00e1rios\",\"direito previdenci\u00e1rio\",\"inss\",\"per\u00edcia\",\"perito\",\"trf3\"],\"articleSection\":[\"Direito Previdenci\u00e1rio\",\"TRF3\"],\"inLanguage\":\"pt-BR\",\"potentialAction\":[{\"@type\":\"CommentAction\",\"name\":\"Comment\",\"target\":[\"https:\/\/mhcalculos.com.br\/noticias\/area\/previdenciario\/trf3-turma-regional-de-uniformizacao-realiza-sessao-em-sao-paulo.html#respond\"]}]},{\"@type\":\"WebPage\",\"@id\":\"https:\/\/mhcalculos.com.br\/noticias\/area\/previdenciario\/trf3-turma-regional-de-uniformizacao-realiza-sessao-em-sao-paulo.html\",\"url\":\"https:\/\/mhcalculos.com.br\/noticias\/area\/previdenciario\/trf3-turma-regional-de-uniformizacao-realiza-sessao-em-sao-paulo.html\",\"name\":\"TRF3: TURMA REGIONAL DE UNIFORMIZA\u00c7\u00c3O REALIZA SESS\u00c3O EM S\u00c3O PAULO | Portal de Not\u00edcias\",\"isPartOf\":{\"@id\":\"https:\/\/mhcalculos.com.br\/noticias\/#website\"},\"primaryImageOfPage\":{\"@id\":\"https:\/\/mhcalculos.com.br\/noticias\/area\/previdenciario\/trf3-turma-regional-de-uniformizacao-realiza-sessao-em-sao-paulo.html#primaryimage\"},\"image\":{\"@id\":\"https:\/\/mhcalculos.com.br\/noticias\/area\/previdenciario\/trf3-turma-regional-de-uniformizacao-realiza-sessao-em-sao-paulo.html#primaryimage\"},\"thumbnailUrl\":\"https:\/\/mhcalculos.com.br\/noticias\/wp-content\/uploads\/sites\/2\/2019\/03\/previdenciario-0020.jpg\",\"datePublished\":\"2019-03-23T01:00:08+00:00\",\"dateModified\":\"2021-07-28T17:33:10+00:00\",\"author\":{\"@id\":\"https:\/\/mhcalculos.com.br\/noticias\/#\/schema\/person\/88d1c34bf72dc779ea14a5a6b8e0ae8d\"},\"breadcrumb\":{\"@id\":\"https:\/\/mhcalculos.com.br\/noticias\/area\/previdenciario\/trf3-turma-regional-de-uniformizacao-realiza-sessao-em-sao-paulo.html#breadcrumb\"},\"inLanguage\":\"pt-BR\",\"potentialAction\":[{\"@type\":\"ReadAction\",\"target\":[\"https:\/\/mhcalculos.com.br\/noticias\/area\/previdenciario\/trf3-turma-regional-de-uniformizacao-realiza-sessao-em-sao-paulo.html\"]}]},{\"@type\":\"ImageObject\",\"inLanguage\":\"pt-BR\",\"@id\":\"https:\/\/mhcalculos.com.br\/noticias\/area\/previdenciario\/trf3-turma-regional-de-uniformizacao-realiza-sessao-em-sao-paulo.html#primaryimage\",\"url\":\"https:\/\/mhcalculos.com.br\/noticias\/wp-content\/uploads\/sites\/2\/2019\/03\/previdenciario-0020.jpg\",\"contentUrl\":\"https:\/\/mhcalculos.com.br\/noticias\/wp-content\/uploads\/sites\/2\/2019\/03\/previdenciario-0020.jpg\",\"width\":2000,\"height\":800},{\"@type\":\"BreadcrumbList\",\"@id\":\"https:\/\/mhcalculos.com.br\/noticias\/area\/previdenciario\/trf3-turma-regional-de-uniformizacao-realiza-sessao-em-sao-paulo.html#breadcrumb\",\"itemListElement\":[{\"@type\":\"ListItem\",\"position\":1,\"name\":\"In\u00edcio\",\"item\":\"https:\/\/mhcalculos.com.br\/noticias\/\"},{\"@type\":\"ListItem\",\"position\":2,\"name\":\"TRF3: TURMA REGIONAL DE UNIFORMIZA\u00c7\u00c3O REALIZA SESS\u00c3O EM S\u00c3O PAULO\"}]},{\"@type\":\"WebSite\",\"@id\":\"https:\/\/mhcalculos.com.br\/noticias\/#website\",\"url\":\"https:\/\/mhcalculos.com.br\/noticias\/\",\"name\":\"Portal de Not\u00edcias\",\"description\":\"Not\u00edcias e Jurisprud\u00eancia\",\"potentialAction\":[{\"@type\":\"SearchAction\",\"target\":{\"@type\":\"EntryPoint\",\"urlTemplate\":\"https:\/\/mhcalculos.com.br\/noticias\/?s={search_term_string}\"},\"query-input\":{\"@type\":\"PropertyValueSpecification\",\"valueRequired\":true,\"valueName\":\"search_term_string\"}}],\"inLanguage\":\"pt-BR\"},{\"@type\":\"Person\",\"@id\":\"https:\/\/mhcalculos.com.br\/noticias\/#\/schema\/person\/88d1c34bf72dc779ea14a5a6b8e0ae8d\",\"name\":\"Equipe MH\",\"image\":{\"@type\":\"ImageObject\",\"inLanguage\":\"pt-BR\",\"@id\":\"https:\/\/secure.gravatar.com\/avatar\/de1c686c2ecc9c5a3f327e3431d819eb39f8f05d4e1045f5a1caad6daaba987f?s=96&d=mm&r=g\",\"url\":\"https:\/\/secure.gravatar.com\/avatar\/de1c686c2ecc9c5a3f327e3431d819eb39f8f05d4e1045f5a1caad6daaba987f?s=96&d=mm&r=g\",\"contentUrl\":\"https:\/\/secure.gravatar.com\/avatar\/de1c686c2ecc9c5a3f327e3431d819eb39f8f05d4e1045f5a1caad6daaba987f?s=96&d=mm&r=g\",\"caption\":\"Equipe MH\"}}]}<\/script>\n<!-- \/ Yoast SEO plugin. -->","yoast_head_json":{"title":"TRF3: TURMA REGIONAL DE UNIFORMIZA\u00c7\u00c3O REALIZA SESS\u00c3O EM S\u00c3O PAULO | Portal de Not\u00edcias","robots":{"index":"index","follow":"follow","max-snippet":"max-snippet:-1","max-image-preview":"max-image-preview:large","max-video-preview":"max-video-preview:-1"},"canonical":"https:\/\/mhcalculos.com.br\/noticias\/area\/previdenciario\/trf3-turma-regional-de-uniformizacao-realiza-sessao-em-sao-paulo.html","og_locale":"pt_BR","og_type":"article","og_title":"TRF3: TURMA REGIONAL DE UNIFORMIZA\u00c7\u00c3O REALIZA SESS\u00c3O EM S\u00c3O PAULO | Portal de Not\u00edcias","og_description":"Foram julgados 101 processos, duas sustenta\u00e7\u00f5es por videoconfer\u00eancia em Bauru A Turma Regional de Uniformiza\u00e7\u00e3o (TRU) realizou, em 13 de mar\u00e7o, o julgamento de 101 processos de grande relev\u00e2ncia social, com a finalidade de uniformizar a jurisprud\u00eancia nas 17 Turmas Recursais integrantes da Justi\u00e7a Federal da 3\u00aa Regi\u00e3o e aplica\u00e7\u00e3o das teses firmadas pelo Supremo [&hellip;]","og_url":"https:\/\/mhcalculos.com.br\/noticias\/area\/previdenciario\/trf3-turma-regional-de-uniformizacao-realiza-sessao-em-sao-paulo.html","og_site_name":"Portal de Not\u00edcias","article_published_time":"2019-03-23T01:00:08+00:00","article_modified_time":"2021-07-28T17:33:10+00:00","og_image":[{"width":2000,"height":800,"url":"https:\/\/mhcalculos.com.br\/noticias\/wp-content\/uploads\/sites\/2\/2019\/03\/previdenciario-0020.jpg","type":"image\/jpeg"}],"author":"Equipe MH","twitter_card":"summary_large_image","twitter_misc":{"Escrito por":"Equipe MH","Est. tempo de leitura":"3 minutos"},"schema":{"@context":"https:\/\/schema.org","@graph":[{"@type":"Article","@id":"https:\/\/mhcalculos.com.br\/noticias\/area\/previdenciario\/trf3-turma-regional-de-uniformizacao-realiza-sessao-em-sao-paulo.html#article","isPartOf":{"@id":"https:\/\/mhcalculos.com.br\/noticias\/area\/previdenciario\/trf3-turma-regional-de-uniformizacao-realiza-sessao-em-sao-paulo.html"},"author":{"name":"Equipe MH","@id":"https:\/\/mhcalculos.com.br\/noticias\/#\/schema\/person\/88d1c34bf72dc779ea14a5a6b8e0ae8d"},"headline":"TRF3: TURMA REGIONAL DE UNIFORMIZA\u00c7\u00c3O REALIZA SESS\u00c3O EM S\u00c3O PAULO","datePublished":"2019-03-23T01:00:08+00:00","dateModified":"2021-07-28T17:33:10+00:00","mainEntityOfPage":{"@id":"https:\/\/mhcalculos.com.br\/noticias\/area\/previdenciario\/trf3-turma-regional-de-uniformizacao-realiza-sessao-em-sao-paulo.html"},"wordCount":659,"commentCount":0,"image":{"@id":"https:\/\/mhcalculos.com.br\/noticias\/area\/previdenciario\/trf3-turma-regional-de-uniformizacao-realiza-sessao-em-sao-paulo.html#primaryimage"},"thumbnailUrl":"https:\/\/mhcalculos.com.br\/noticias\/wp-content\/uploads\/sites\/2\/2019\/03\/previdenciario-0020.jpg","keywords":["aposentadoria","c\u00e1lculos previdenci\u00e1rios","direito previdenci\u00e1rio","inss","per\u00edcia","perito","trf3"],"articleSection":["Direito Previdenci\u00e1rio","TRF3"],"inLanguage":"pt-BR","potentialAction":[{"@type":"CommentAction","name":"Comment","target":["https:\/\/mhcalculos.com.br\/noticias\/area\/previdenciario\/trf3-turma-regional-de-uniformizacao-realiza-sessao-em-sao-paulo.html#respond"]}]},{"@type":"WebPage","@id":"https:\/\/mhcalculos.com.br\/noticias\/area\/previdenciario\/trf3-turma-regional-de-uniformizacao-realiza-sessao-em-sao-paulo.html","url":"https:\/\/mhcalculos.com.br\/noticias\/area\/previdenciario\/trf3-turma-regional-de-uniformizacao-realiza-sessao-em-sao-paulo.html","name":"TRF3: TURMA REGIONAL DE UNIFORMIZA\u00c7\u00c3O REALIZA SESS\u00c3O EM S\u00c3O PAULO | Portal de Not\u00edcias","isPartOf":{"@id":"https:\/\/mhcalculos.com.br\/noticias\/#website"},"primaryImageOfPage":{"@id":"https:\/\/mhcalculos.com.br\/noticias\/area\/previdenciario\/trf3-turma-regional-de-uniformizacao-realiza-sessao-em-sao-paulo.html#primaryimage"},"image":{"@id":"https:\/\/mhcalculos.com.br\/noticias\/area\/previdenciario\/trf3-turma-regional-de-uniformizacao-realiza-sessao-em-sao-paulo.html#primaryimage"},"thumbnailUrl":"https:\/\/mhcalculos.com.br\/noticias\/wp-content\/uploads\/sites\/2\/2019\/03\/previdenciario-0020.jpg","datePublished":"2019-03-23T01:00:08+00:00","dateModified":"2021-07-28T17:33:10+00:00","author":{"@id":"https:\/\/mhcalculos.com.br\/noticias\/#\/schema\/person\/88d1c34bf72dc779ea14a5a6b8e0ae8d"},"breadcrumb":{"@id":"https:\/\/mhcalculos.com.br\/noticias\/area\/previdenciario\/trf3-turma-regional-de-uniformizacao-realiza-sessao-em-sao-paulo.html#breadcrumb"},"inLanguage":"pt-BR","potentialAction":[{"@type":"ReadAction","target":["https:\/\/mhcalculos.com.br\/noticias\/area\/previdenciario\/trf3-turma-regional-de-uniformizacao-realiza-sessao-em-sao-paulo.html"]}]},{"@type":"ImageObject","inLanguage":"pt-BR","@id":"https:\/\/mhcalculos.com.br\/noticias\/area\/previdenciario\/trf3-turma-regional-de-uniformizacao-realiza-sessao-em-sao-paulo.html#primaryimage","url":"https:\/\/mhcalculos.com.br\/noticias\/wp-content\/uploads\/sites\/2\/2019\/03\/previdenciario-0020.jpg","contentUrl":"https:\/\/mhcalculos.com.br\/noticias\/wp-content\/uploads\/sites\/2\/2019\/03\/previdenciario-0020.jpg","width":2000,"height":800},{"@type":"BreadcrumbList","@id":"https:\/\/mhcalculos.com.br\/noticias\/area\/previdenciario\/trf3-turma-regional-de-uniformizacao-realiza-sessao-em-sao-paulo.html#breadcrumb","itemListElement":[{"@type":"ListItem","position":1,"name":"In\u00edcio","item":"https:\/\/mhcalculos.com.br\/noticias\/"},{"@type":"ListItem","position":2,"name":"TRF3: TURMA REGIONAL DE UNIFORMIZA\u00c7\u00c3O REALIZA SESS\u00c3O EM S\u00c3O PAULO"}]},{"@type":"WebSite","@id":"https:\/\/mhcalculos.com.br\/noticias\/#website","url":"https:\/\/mhcalculos.com.br\/noticias\/","name":"Portal de Not\u00edcias","description":"Not\u00edcias e Jurisprud\u00eancia","potentialAction":[{"@type":"SearchAction","target":{"@type":"EntryPoint","urlTemplate":"https:\/\/mhcalculos.com.br\/noticias\/?s={search_term_string}"},"query-input":{"@type":"PropertyValueSpecification","valueRequired":true,"valueName":"search_term_string"}}],"inLanguage":"pt-BR"},{"@type":"Person","@id":"https:\/\/mhcalculos.com.br\/noticias\/#\/schema\/person\/88d1c34bf72dc779ea14a5a6b8e0ae8d","name":"Equipe MH","image":{"@type":"ImageObject","inLanguage":"pt-BR","@id":"https:\/\/secure.gravatar.com\/avatar\/de1c686c2ecc9c5a3f327e3431d819eb39f8f05d4e1045f5a1caad6daaba987f?s=96&d=mm&r=g","url":"https:\/\/secure.gravatar.com\/avatar\/de1c686c2ecc9c5a3f327e3431d819eb39f8f05d4e1045f5a1caad6daaba987f?s=96&d=mm&r=g","contentUrl":"https:\/\/secure.gravatar.com\/avatar\/de1c686c2ecc9c5a3f327e3431d819eb39f8f05d4e1045f5a1caad6daaba987f?s=96&d=mm&r=g","caption":"Equipe MH"}}]}},"_links":{"self":[{"href":"https:\/\/mhcalculos.com.br\/noticias\/wp-json\/wp\/v2\/posts\/3938","targetHints":{"allow":["GET"]}}],"collection":[{"href":"https:\/\/mhcalculos.com.br\/noticias\/wp-json\/wp\/v2\/posts"}],"about":[{"href":"https:\/\/mhcalculos.com.br\/noticias\/wp-json\/wp\/v2\/types\/post"}],"author":[{"embeddable":true,"href":"https:\/\/mhcalculos.com.br\/noticias\/wp-json\/wp\/v2\/users\/3063"}],"replies":[{"embeddable":true,"href":"https:\/\/mhcalculos.com.br\/noticias\/wp-json\/wp\/v2\/comments?post=3938"}],"version-history":[{"count":1,"href":"https:\/\/mhcalculos.com.br\/noticias\/wp-json\/wp\/v2\/posts\/3938\/revisions"}],"predecessor-version":[{"id":9957,"href":"https:\/\/mhcalculos.com.br\/noticias\/wp-json\/wp\/v2\/posts\/3938\/revisions\/9957"}],"wp:featuredmedia":[{"embeddable":true,"href":"https:\/\/mhcalculos.com.br\/noticias\/wp-json\/wp\/v2\/media\/3939"}],"wp:attachment":[{"href":"https:\/\/mhcalculos.com.br\/noticias\/wp-json\/wp\/v2\/media?parent=3938"}],"wp:term":[{"taxonomy":"category","embeddable":true,"href":"https:\/\/mhcalculos.com.br\/noticias\/wp-json\/wp\/v2\/categories?post=3938"},{"taxonomy":"post_tag","embeddable":true,"href":"https:\/\/mhcalculos.com.br\/noticias\/wp-json\/wp\/v2\/tags?post=3938"}],"curies":[{"name":"wp","href":"https:\/\/api.w.org\/{rel}","templated":true}]}}