{"id":3920,"date":"2019-03-20T00:00:35","date_gmt":"2019-03-20T03:00:35","guid":{"rendered":"https:\/\/mhcalculos.com.br\/noticias\/2019\/03\/20\/stj-ministras-discutem-desafios-da-mulher-no-judiciario\/"},"modified":"2021-07-28T14:33:11","modified_gmt":"2021-07-28T17:33:11","slug":"stj-ministras-discutem-desafios-da-mulher-no-judiciario","status":"publish","type":"post","link":"https:\/\/mhcalculos.com.br\/noticias\/area\/previdenciario\/stj-ministras-discutem-desafios-da-mulher-no-judiciario.html","title":{"rendered":"STJ: Ministras discutem desafios da mulher no Judici\u00e1rio"},"content":{"rendered":"<p><br \/>\n<\/p>\n<p>Em continuidade &agrave; programa&ccedil;&atilde;o da <em>Semana da Mulher Equilibra<\/em>, foi promovido nesta quarta-feira (13) um di&aacute;logo p&uacute;blico entre as ministras Laurita Vaz e Assusete Magalh&atilde;es, do Superior Tribunal de Justi&ccedil;a (STJ), e Maria Elizabeth Guimar&atilde;es Teixeira Rocha, do Superior Tribunal Militar (STM), sobre suas trajet&oacute;rias profissionais. O evento, intitulado <em>Trajet&oacute;rias e Desafios das Mulheres no Judici&aacute;rio<\/em>, contou com a participa&ccedil;&atilde;o do presidente do STJ, ministro Jo&atilde;o Ot&aacute;vio de Noronha, e da ministra Nancy Andrighi.<\/p>\n<div style=\"float: left;width: auto;margin-bottom: 10px;margin-right: 10px\"> <\/p>\n<div>Ministro Noronha abriu o encontro com a participa&ccedil;&atilde;o da jornalista D&eacute;bora Bergamasco e das ministras<br \/> Laurita Vaz, Maria Elizabeth Rocha e Assusete Magalh&atilde;es.&nbsp; <span style=\"color: #888888\">Foto: Gustavo Lima\/STJ<\/span><\/div>\n<\/p><\/div>\n<p>As magistradas falaram sobre conquistas e problemas enfrentados em suas rela&ccedil;&otilde;es de trabalho. O debate foi mediado pela jornalista D&eacute;bora Bergamasco, rep&oacute;rter especial do SBT. Realizado no audit&oacute;rio externo do STJ, o evento faz parte das comemora&ccedil;&otilde;es do Dia Internacional da Mulher, celebrado na &uacute;ltima sexta-feira (8).<\/p>\n<p>O ministro Noronha abriu o encontro lembrando que as mulheres no STJ v&ecirc;m ocupando um espa&ccedil;o n&atilde;o s&oacute; quantitativo, mas tamb&eacute;m qualitativo, cada vez maior. Atualmente, 47% dos cargos de confian&ccedil;a do tribunal s&atilde;o ocupados por mulheres. &ldquo;Elas est&atilde;o l&aacute; por compet&ecirc;ncia, e n&atilde;o por favor&rdquo;, destacou o presidente. &ldquo;&Eacute; bom saber que nesta casa temos funcion&aacute;rias dessa envergadura. &Eacute; bom saber que aqui as mulheres s&atilde;o promovidas n&atilde;o por prote&ccedil;&atilde;o, ou por cota, mas porque vencem desafios, porque topam desafios; porque mostram compet&ecirc;ncia&rdquo;, completou.<\/p>\n<p><strong>Trajet&oacute;rias<\/strong><\/p>\n<p>A ministra Laurita Vaz falou sobre seu in&iacute;cio de carreira e o esfor&ccedil;o pessoal para ser aprovada nos concursos p&uacute;blicos para promotora de Justi&ccedil;a em Goi&aacute;s, sua terra natal. Posteriormente, foi procuradora do Minist&eacute;rio P&uacute;blico Federal (MPF), tendo alcan&ccedil;ado todas as promo&ccedil;&otilde;es oferecidas pela institui&ccedil;&atilde;o.<\/p>\n<p>No MPF, Laurita chegou a exercer o cargo de subprocuradora-geral da Rep&uacute;blica, e integrou a lista para concorrer ao cargo de ministro do STJ. &ldquo;Veio a grande d&uacute;vida: se concorreria ou n&atilde;o ao cargo, pois j&aacute; tinha uma carreira consolidada no MPF. Por&eacute;m, fui incentivada por colegas de trabalho, alunos de faculdade e pelos pr&oacute;prios ministros do tribunal. N&atilde;o foi uma decis&atilde;o f&aacute;cil de tomar&rdquo;, recordou a ministra, que em 2016 se tornaria a primeira mulher a presidir o STJ.<\/p>\n<p>Maria Elizabeth Rocha foi a primeira &ndash; e at&eacute; agora &uacute;nica &ndash; mulher a ser empossada como ministra do STM (o mais antigo tribunal superior do pa&iacute;s), em 2007. Ela exerceu a advocacia p&uacute;blica na Advocacia-Geral da Uni&atilde;o (AGU) durante 25 anos. Disse que sempre se dedicou ao estudo do direito, mas que foi na magistratura, na atividade pr&aacute;tica de julgar, que p&ocirc;de realizar plenamente suas convic&ccedil;&otilde;es.<\/p>\n<p>A ministra Assusete Magalh&atilde;es &ndash; que antes de entrar para o STJ foi advogada, procuradora do INSS, procuradora da Rep&uacute;blica, ju&iacute;za e desembargadora federal &ndash; relembrou a trajet&oacute;ria de outras personalidades femininas, como: Bertha Lutz, defensora dos direitos da mulher; Myrthes Campos, primeira advogada brasileira; Maria Rita Soares de Andrade, primeira ju&iacute;za federal; Eliana Calmon, primeira ministra do STJ (hoje aposentada); e a ministra do STJ Nancy Andrighi.<\/p>\n<p><strong>Desafio constante<\/strong><\/p>\n<p>As tr&ecirc;s ministras trocaram impress&otilde;es sobre a import&acirc;ncia do apoio familiar nos momentos dif&iacute;ceis da profiss&atilde;o e sobre a dificuldade de conciliar responsabilidades e atribui&ccedil;&otilde;es do trabalho e da vida dom&eacute;stica. Elas apresentaram tamb&eacute;m n&uacute;meros que traduzem a desigualdade ainda existente entre homens e mulheres no Poder Judici&aacute;rio: hoje, as mulheres ocupam apenas 18% dos cargos de ministro nos tribunais superiores.<\/p>\n<p>&ldquo;Ainda vivemos numa sociedade em que o predom&iacute;nio masculino se faz sentir. Nosso esfor&ccedil;o tem de ser redobrado, temos que provar todo o tempo que somos competentes. Na verdade, n&atilde;o queremos favores; queremos direitos que a Constitui&ccedil;&atilde;o consagra&rdquo;, ressaltou Maria Elizabeth.<\/p>\n<p>A ministra Assusete lembrou que a luta &eacute; permanente e di&aacute;ria. &ldquo;A nossa sociedade nunca permitiu &agrave;s mulheres avan&ccedil;arem. As mudan&ccedil;as culturais n&atilde;o ocorrem de um dia para o outro; &agrave;s vezes isso demanda gera&ccedil;&otilde;es. O sabor da vit&oacute;ria depende da medida do esfor&ccedil;o e do sacrif&iacute;cio de cada uma&rdquo;, frisou a magistrada.<\/p>\n<p> Por fim, Laurita Vaz destacou que, nos &oacute;rg&atilde;os de c&uacute;pula do Judici&aacute;rio, o espa&ccedil;o ocupado pelas mulheres n&atilde;o corresponde &agrave;quele conquistado nos n&iacute;veis b&aacute;sicos da carreira, onde o acesso se d&aacute; por concurso p&uacute;blico. &ldquo;Isso acontece n&atilde;o pela falta de compet&ecirc;ncia ou merecimento das mulheres, mas sim pela exist&ecirc;ncia de dificuldades para transitar em espa&ccedil;os pol&iacute;ticos historicamente ocupados por homens&rdquo;, concluiu a ministra.<img decoding=\"async\" src=\"http:\/\/feeds.feedburner.com\/~r\/STJNoticias\/~4\/GmmZ3R570jg\" height=\"1\" width=\"1\" alt=\"\" \/><br \/>\n<br \/><i>Com informa\u00e7\u00f5es da assessoria de imprensa do STJ.<\/i><br \/>\n<br \/><a href=\"http:\/\/feedproxy.google.com\/~r\/STJNoticias\/~3\/GmmZ3R570jg\/Ministras-discutem-desafios-da-mulher-no-Judici%C3%A1rio\">Fonte<\/a><br \/>\n<br \/><\/p>\n","protected":false},"excerpt":{"rendered":"<p>Em continuidade &agrave; programa&ccedil;&atilde;o da Semana da Mulher Equilibra, foi promovido nesta quarta-feira (13) um di&aacute;logo p&uacute;blico entre as ministras Laurita Vaz e Assusete Magalh&atilde;es, do Superior Tribunal de Justi&ccedil;a (STJ), e Maria Elizabeth Guimar&atilde;es Teixeira Rocha, do Superior Tribunal Militar (STM), sobre suas trajet&oacute;rias profissionais. O evento, intitulado Trajet&oacute;rias e Desafios das Mulheres no [&hellip;]<\/p>\n","protected":false},"author":3063,"featured_media":3921,"comment_status":"open","ping_status":"open","sticky":false,"template":"","format":"standard","meta":{"footnotes":""},"categories":[5,7],"tags":[11,10,8,13,9,12,14],"class_list":{"0":"post-3920","1":"post","2":"type-post","3":"status-publish","4":"format-standard","5":"has-post-thumbnail","7":"category-previdenciario","8":"category-stj","9":"tag-aposentadoria","10":"tag-calculos-previdenciarios","11":"tag-direito-previdenciario","12":"tag-inss","13":"tag-pericia","14":"tag-perito","15":"tag-stj"},"yoast_head":"<!-- This site is optimized with the Yoast SEO plugin v27.2 - https:\/\/yoast.com\/product\/yoast-seo-wordpress\/ -->\n<title>STJ: Ministras discutem desafios da mulher no Judici\u00e1rio | Portal de Not\u00edcias<\/title>\n<meta name=\"robots\" content=\"index, follow, max-snippet:-1, max-image-preview:large, max-video-preview:-1\" \/>\n<link rel=\"canonical\" href=\"https:\/\/mhcalculos.com.br\/noticias\/area\/previdenciario\/stj-ministras-discutem-desafios-da-mulher-no-judiciario.html\" \/>\n<meta property=\"og:locale\" content=\"pt_BR\" \/>\n<meta property=\"og:type\" content=\"article\" \/>\n<meta property=\"og:title\" content=\"STJ: Ministras discutem desafios da mulher no Judici\u00e1rio | Portal de Not\u00edcias\" \/>\n<meta property=\"og:description\" content=\"Em continuidade &agrave; programa&ccedil;&atilde;o da Semana da Mulher Equilibra, foi promovido nesta quarta-feira (13) um di&aacute;logo p&uacute;blico entre as ministras Laurita Vaz e Assusete Magalh&atilde;es, do Superior Tribunal de Justi&ccedil;a (STJ), e Maria Elizabeth Guimar&atilde;es Teixeira Rocha, do Superior Tribunal Militar (STM), sobre suas trajet&oacute;rias profissionais. O evento, intitulado Trajet&oacute;rias e Desafios das Mulheres no [&hellip;]\" \/>\n<meta property=\"og:url\" content=\"https:\/\/mhcalculos.com.br\/noticias\/area\/previdenciario\/stj-ministras-discutem-desafios-da-mulher-no-judiciario.html\" \/>\n<meta property=\"og:site_name\" content=\"Portal de Not\u00edcias\" \/>\n<meta property=\"article:published_time\" content=\"2019-03-20T03:00:35+00:00\" \/>\n<meta property=\"article:modified_time\" content=\"2021-07-28T17:33:11+00:00\" \/>\n<meta property=\"og:image\" content=\"https:\/\/mhcalculos.com.br\/noticias\/wp-content\/uploads\/sites\/2\/2019\/03\/previdenciario-0005.jpg\" \/>\n\t<meta property=\"og:image:width\" content=\"2000\" \/>\n\t<meta property=\"og:image:height\" content=\"800\" \/>\n\t<meta property=\"og:image:type\" content=\"image\/jpeg\" \/>\n<meta name=\"author\" content=\"Equipe MH\" \/>\n<meta name=\"twitter:card\" content=\"summary_large_image\" \/>\n<meta name=\"twitter:label1\" content=\"Escrito por\" \/>\n\t<meta name=\"twitter:data1\" content=\"Equipe MH\" \/>\n\t<meta name=\"twitter:label2\" content=\"Est. tempo de leitura\" \/>\n\t<meta name=\"twitter:data2\" content=\"5 minutos\" \/>\n<script type=\"application\/ld+json\" class=\"yoast-schema-graph\">{\"@context\":\"https:\/\/schema.org\",\"@graph\":[{\"@type\":\"Article\",\"@id\":\"https:\/\/mhcalculos.com.br\/noticias\/area\/previdenciario\/stj-ministras-discutem-desafios-da-mulher-no-judiciario.html#article\",\"isPartOf\":{\"@id\":\"https:\/\/mhcalculos.com.br\/noticias\/area\/previdenciario\/stj-ministras-discutem-desafios-da-mulher-no-judiciario.html\"},\"author\":{\"name\":\"Equipe MH\",\"@id\":\"https:\/\/mhcalculos.com.br\/noticias\/#\/schema\/person\/88d1c34bf72dc779ea14a5a6b8e0ae8d\"},\"headline\":\"STJ: Ministras discutem desafios da mulher no Judici\u00e1rio\",\"datePublished\":\"2019-03-20T03:00:35+00:00\",\"dateModified\":\"2021-07-28T17:33:11+00:00\",\"mainEntityOfPage\":{\"@id\":\"https:\/\/mhcalculos.com.br\/noticias\/area\/previdenciario\/stj-ministras-discutem-desafios-da-mulher-no-judiciario.html\"},\"wordCount\":962,\"commentCount\":0,\"image\":{\"@id\":\"https:\/\/mhcalculos.com.br\/noticias\/area\/previdenciario\/stj-ministras-discutem-desafios-da-mulher-no-judiciario.html#primaryimage\"},\"thumbnailUrl\":\"https:\/\/mhcalculos.com.br\/noticias\/wp-content\/uploads\/sites\/2\/2019\/03\/previdenciario-0005.jpg\",\"keywords\":[\"aposentadoria\",\"c\u00e1lculos previdenci\u00e1rios\",\"direito previdenci\u00e1rio\",\"inss\",\"per\u00edcia\",\"perito\",\"stj\"],\"articleSection\":[\"Direito Previdenci\u00e1rio\",\"STJ\"],\"inLanguage\":\"pt-BR\",\"potentialAction\":[{\"@type\":\"CommentAction\",\"name\":\"Comment\",\"target\":[\"https:\/\/mhcalculos.com.br\/noticias\/area\/previdenciario\/stj-ministras-discutem-desafios-da-mulher-no-judiciario.html#respond\"]}]},{\"@type\":\"WebPage\",\"@id\":\"https:\/\/mhcalculos.com.br\/noticias\/area\/previdenciario\/stj-ministras-discutem-desafios-da-mulher-no-judiciario.html\",\"url\":\"https:\/\/mhcalculos.com.br\/noticias\/area\/previdenciario\/stj-ministras-discutem-desafios-da-mulher-no-judiciario.html\",\"name\":\"STJ: Ministras discutem desafios da mulher no Judici\u00e1rio | Portal de Not\u00edcias\",\"isPartOf\":{\"@id\":\"https:\/\/mhcalculos.com.br\/noticias\/#website\"},\"primaryImageOfPage\":{\"@id\":\"https:\/\/mhcalculos.com.br\/noticias\/area\/previdenciario\/stj-ministras-discutem-desafios-da-mulher-no-judiciario.html#primaryimage\"},\"image\":{\"@id\":\"https:\/\/mhcalculos.com.br\/noticias\/area\/previdenciario\/stj-ministras-discutem-desafios-da-mulher-no-judiciario.html#primaryimage\"},\"thumbnailUrl\":\"https:\/\/mhcalculos.com.br\/noticias\/wp-content\/uploads\/sites\/2\/2019\/03\/previdenciario-0005.jpg\",\"datePublished\":\"2019-03-20T03:00:35+00:00\",\"dateModified\":\"2021-07-28T17:33:11+00:00\",\"author\":{\"@id\":\"https:\/\/mhcalculos.com.br\/noticias\/#\/schema\/person\/88d1c34bf72dc779ea14a5a6b8e0ae8d\"},\"breadcrumb\":{\"@id\":\"https:\/\/mhcalculos.com.br\/noticias\/area\/previdenciario\/stj-ministras-discutem-desafios-da-mulher-no-judiciario.html#breadcrumb\"},\"inLanguage\":\"pt-BR\",\"potentialAction\":[{\"@type\":\"ReadAction\",\"target\":[\"https:\/\/mhcalculos.com.br\/noticias\/area\/previdenciario\/stj-ministras-discutem-desafios-da-mulher-no-judiciario.html\"]}]},{\"@type\":\"ImageObject\",\"inLanguage\":\"pt-BR\",\"@id\":\"https:\/\/mhcalculos.com.br\/noticias\/area\/previdenciario\/stj-ministras-discutem-desafios-da-mulher-no-judiciario.html#primaryimage\",\"url\":\"https:\/\/mhcalculos.com.br\/noticias\/wp-content\/uploads\/sites\/2\/2019\/03\/previdenciario-0005.jpg\",\"contentUrl\":\"https:\/\/mhcalculos.com.br\/noticias\/wp-content\/uploads\/sites\/2\/2019\/03\/previdenciario-0005.jpg\",\"width\":2000,\"height\":800,\"caption\":\"Ministras discutem desafios da mulher no Judici\u00e1rio\"},{\"@type\":\"BreadcrumbList\",\"@id\":\"https:\/\/mhcalculos.com.br\/noticias\/area\/previdenciario\/stj-ministras-discutem-desafios-da-mulher-no-judiciario.html#breadcrumb\",\"itemListElement\":[{\"@type\":\"ListItem\",\"position\":1,\"name\":\"In\u00edcio\",\"item\":\"https:\/\/mhcalculos.com.br\/noticias\/\"},{\"@type\":\"ListItem\",\"position\":2,\"name\":\"STJ: Ministras discutem desafios da mulher no Judici\u00e1rio\"}]},{\"@type\":\"WebSite\",\"@id\":\"https:\/\/mhcalculos.com.br\/noticias\/#website\",\"url\":\"https:\/\/mhcalculos.com.br\/noticias\/\",\"name\":\"Portal de Not\u00edcias\",\"description\":\"Not\u00edcias e Jurisprud\u00eancia\",\"potentialAction\":[{\"@type\":\"SearchAction\",\"target\":{\"@type\":\"EntryPoint\",\"urlTemplate\":\"https:\/\/mhcalculos.com.br\/noticias\/?s={search_term_string}\"},\"query-input\":{\"@type\":\"PropertyValueSpecification\",\"valueRequired\":true,\"valueName\":\"search_term_string\"}}],\"inLanguage\":\"pt-BR\"},{\"@type\":\"Person\",\"@id\":\"https:\/\/mhcalculos.com.br\/noticias\/#\/schema\/person\/88d1c34bf72dc779ea14a5a6b8e0ae8d\",\"name\":\"Equipe MH\",\"image\":{\"@type\":\"ImageObject\",\"inLanguage\":\"pt-BR\",\"@id\":\"https:\/\/secure.gravatar.com\/avatar\/de1c686c2ecc9c5a3f327e3431d819eb39f8f05d4e1045f5a1caad6daaba987f?s=96&d=mm&r=g\",\"url\":\"https:\/\/secure.gravatar.com\/avatar\/de1c686c2ecc9c5a3f327e3431d819eb39f8f05d4e1045f5a1caad6daaba987f?s=96&d=mm&r=g\",\"contentUrl\":\"https:\/\/secure.gravatar.com\/avatar\/de1c686c2ecc9c5a3f327e3431d819eb39f8f05d4e1045f5a1caad6daaba987f?s=96&d=mm&r=g\",\"caption\":\"Equipe MH\"}}]}<\/script>\n<!-- \/ Yoast SEO plugin. -->","yoast_head_json":{"title":"STJ: Ministras discutem desafios da mulher no Judici\u00e1rio | Portal de Not\u00edcias","robots":{"index":"index","follow":"follow","max-snippet":"max-snippet:-1","max-image-preview":"max-image-preview:large","max-video-preview":"max-video-preview:-1"},"canonical":"https:\/\/mhcalculos.com.br\/noticias\/area\/previdenciario\/stj-ministras-discutem-desafios-da-mulher-no-judiciario.html","og_locale":"pt_BR","og_type":"article","og_title":"STJ: Ministras discutem desafios da mulher no Judici\u00e1rio | Portal de Not\u00edcias","og_description":"Em continuidade &agrave; programa&ccedil;&atilde;o da Semana da Mulher Equilibra, foi promovido nesta quarta-feira (13) um di&aacute;logo p&uacute;blico entre as ministras Laurita Vaz e Assusete Magalh&atilde;es, do Superior Tribunal de Justi&ccedil;a (STJ), e Maria Elizabeth Guimar&atilde;es Teixeira Rocha, do Superior Tribunal Militar (STM), sobre suas trajet&oacute;rias profissionais. O evento, intitulado Trajet&oacute;rias e Desafios das Mulheres no [&hellip;]","og_url":"https:\/\/mhcalculos.com.br\/noticias\/area\/previdenciario\/stj-ministras-discutem-desafios-da-mulher-no-judiciario.html","og_site_name":"Portal de Not\u00edcias","article_published_time":"2019-03-20T03:00:35+00:00","article_modified_time":"2021-07-28T17:33:11+00:00","og_image":[{"width":2000,"height":800,"url":"https:\/\/mhcalculos.com.br\/noticias\/wp-content\/uploads\/sites\/2\/2019\/03\/previdenciario-0005.jpg","type":"image\/jpeg"}],"author":"Equipe MH","twitter_card":"summary_large_image","twitter_misc":{"Escrito por":"Equipe MH","Est. tempo de leitura":"5 minutos"},"schema":{"@context":"https:\/\/schema.org","@graph":[{"@type":"Article","@id":"https:\/\/mhcalculos.com.br\/noticias\/area\/previdenciario\/stj-ministras-discutem-desafios-da-mulher-no-judiciario.html#article","isPartOf":{"@id":"https:\/\/mhcalculos.com.br\/noticias\/area\/previdenciario\/stj-ministras-discutem-desafios-da-mulher-no-judiciario.html"},"author":{"name":"Equipe MH","@id":"https:\/\/mhcalculos.com.br\/noticias\/#\/schema\/person\/88d1c34bf72dc779ea14a5a6b8e0ae8d"},"headline":"STJ: Ministras discutem desafios da mulher no Judici\u00e1rio","datePublished":"2019-03-20T03:00:35+00:00","dateModified":"2021-07-28T17:33:11+00:00","mainEntityOfPage":{"@id":"https:\/\/mhcalculos.com.br\/noticias\/area\/previdenciario\/stj-ministras-discutem-desafios-da-mulher-no-judiciario.html"},"wordCount":962,"commentCount":0,"image":{"@id":"https:\/\/mhcalculos.com.br\/noticias\/area\/previdenciario\/stj-ministras-discutem-desafios-da-mulher-no-judiciario.html#primaryimage"},"thumbnailUrl":"https:\/\/mhcalculos.com.br\/noticias\/wp-content\/uploads\/sites\/2\/2019\/03\/previdenciario-0005.jpg","keywords":["aposentadoria","c\u00e1lculos previdenci\u00e1rios","direito previdenci\u00e1rio","inss","per\u00edcia","perito","stj"],"articleSection":["Direito Previdenci\u00e1rio","STJ"],"inLanguage":"pt-BR","potentialAction":[{"@type":"CommentAction","name":"Comment","target":["https:\/\/mhcalculos.com.br\/noticias\/area\/previdenciario\/stj-ministras-discutem-desafios-da-mulher-no-judiciario.html#respond"]}]},{"@type":"WebPage","@id":"https:\/\/mhcalculos.com.br\/noticias\/area\/previdenciario\/stj-ministras-discutem-desafios-da-mulher-no-judiciario.html","url":"https:\/\/mhcalculos.com.br\/noticias\/area\/previdenciario\/stj-ministras-discutem-desafios-da-mulher-no-judiciario.html","name":"STJ: Ministras discutem desafios da mulher no Judici\u00e1rio | Portal de Not\u00edcias","isPartOf":{"@id":"https:\/\/mhcalculos.com.br\/noticias\/#website"},"primaryImageOfPage":{"@id":"https:\/\/mhcalculos.com.br\/noticias\/area\/previdenciario\/stj-ministras-discutem-desafios-da-mulher-no-judiciario.html#primaryimage"},"image":{"@id":"https:\/\/mhcalculos.com.br\/noticias\/area\/previdenciario\/stj-ministras-discutem-desafios-da-mulher-no-judiciario.html#primaryimage"},"thumbnailUrl":"https:\/\/mhcalculos.com.br\/noticias\/wp-content\/uploads\/sites\/2\/2019\/03\/previdenciario-0005.jpg","datePublished":"2019-03-20T03:00:35+00:00","dateModified":"2021-07-28T17:33:11+00:00","author":{"@id":"https:\/\/mhcalculos.com.br\/noticias\/#\/schema\/person\/88d1c34bf72dc779ea14a5a6b8e0ae8d"},"breadcrumb":{"@id":"https:\/\/mhcalculos.com.br\/noticias\/area\/previdenciario\/stj-ministras-discutem-desafios-da-mulher-no-judiciario.html#breadcrumb"},"inLanguage":"pt-BR","potentialAction":[{"@type":"ReadAction","target":["https:\/\/mhcalculos.com.br\/noticias\/area\/previdenciario\/stj-ministras-discutem-desafios-da-mulher-no-judiciario.html"]}]},{"@type":"ImageObject","inLanguage":"pt-BR","@id":"https:\/\/mhcalculos.com.br\/noticias\/area\/previdenciario\/stj-ministras-discutem-desafios-da-mulher-no-judiciario.html#primaryimage","url":"https:\/\/mhcalculos.com.br\/noticias\/wp-content\/uploads\/sites\/2\/2019\/03\/previdenciario-0005.jpg","contentUrl":"https:\/\/mhcalculos.com.br\/noticias\/wp-content\/uploads\/sites\/2\/2019\/03\/previdenciario-0005.jpg","width":2000,"height":800,"caption":"Ministras discutem desafios da mulher no Judici\u00e1rio"},{"@type":"BreadcrumbList","@id":"https:\/\/mhcalculos.com.br\/noticias\/area\/previdenciario\/stj-ministras-discutem-desafios-da-mulher-no-judiciario.html#breadcrumb","itemListElement":[{"@type":"ListItem","position":1,"name":"In\u00edcio","item":"https:\/\/mhcalculos.com.br\/noticias\/"},{"@type":"ListItem","position":2,"name":"STJ: Ministras discutem desafios da mulher no Judici\u00e1rio"}]},{"@type":"WebSite","@id":"https:\/\/mhcalculos.com.br\/noticias\/#website","url":"https:\/\/mhcalculos.com.br\/noticias\/","name":"Portal de Not\u00edcias","description":"Not\u00edcias e Jurisprud\u00eancia","potentialAction":[{"@type":"SearchAction","target":{"@type":"EntryPoint","urlTemplate":"https:\/\/mhcalculos.com.br\/noticias\/?s={search_term_string}"},"query-input":{"@type":"PropertyValueSpecification","valueRequired":true,"valueName":"search_term_string"}}],"inLanguage":"pt-BR"},{"@type":"Person","@id":"https:\/\/mhcalculos.com.br\/noticias\/#\/schema\/person\/88d1c34bf72dc779ea14a5a6b8e0ae8d","name":"Equipe MH","image":{"@type":"ImageObject","inLanguage":"pt-BR","@id":"https:\/\/secure.gravatar.com\/avatar\/de1c686c2ecc9c5a3f327e3431d819eb39f8f05d4e1045f5a1caad6daaba987f?s=96&d=mm&r=g","url":"https:\/\/secure.gravatar.com\/avatar\/de1c686c2ecc9c5a3f327e3431d819eb39f8f05d4e1045f5a1caad6daaba987f?s=96&d=mm&r=g","contentUrl":"https:\/\/secure.gravatar.com\/avatar\/de1c686c2ecc9c5a3f327e3431d819eb39f8f05d4e1045f5a1caad6daaba987f?s=96&d=mm&r=g","caption":"Equipe MH"}}]}},"_links":{"self":[{"href":"https:\/\/mhcalculos.com.br\/noticias\/wp-json\/wp\/v2\/posts\/3920","targetHints":{"allow":["GET"]}}],"collection":[{"href":"https:\/\/mhcalculos.com.br\/noticias\/wp-json\/wp\/v2\/posts"}],"about":[{"href":"https:\/\/mhcalculos.com.br\/noticias\/wp-json\/wp\/v2\/types\/post"}],"author":[{"embeddable":true,"href":"https:\/\/mhcalculos.com.br\/noticias\/wp-json\/wp\/v2\/users\/3063"}],"replies":[{"embeddable":true,"href":"https:\/\/mhcalculos.com.br\/noticias\/wp-json\/wp\/v2\/comments?post=3920"}],"version-history":[{"count":1,"href":"https:\/\/mhcalculos.com.br\/noticias\/wp-json\/wp\/v2\/posts\/3920\/revisions"}],"predecessor-version":[{"id":9966,"href":"https:\/\/mhcalculos.com.br\/noticias\/wp-json\/wp\/v2\/posts\/3920\/revisions\/9966"}],"wp:featuredmedia":[{"embeddable":true,"href":"https:\/\/mhcalculos.com.br\/noticias\/wp-json\/wp\/v2\/media\/3921"}],"wp:attachment":[{"href":"https:\/\/mhcalculos.com.br\/noticias\/wp-json\/wp\/v2\/media?parent=3920"}],"wp:term":[{"taxonomy":"category","embeddable":true,"href":"https:\/\/mhcalculos.com.br\/noticias\/wp-json\/wp\/v2\/categories?post=3920"},{"taxonomy":"post_tag","embeddable":true,"href":"https:\/\/mhcalculos.com.br\/noticias\/wp-json\/wp\/v2\/tags?post=3920"}],"curies":[{"name":"wp","href":"https:\/\/api.w.org\/{rel}","templated":true}]}}