{"id":3886,"date":"2019-03-07T07:00:00","date_gmt":"2019-03-07T10:00:00","guid":{"rendered":"https:\/\/mhcalculos.com.br\/noticias\/2019\/03\/07\/tst-mineradora-nao-e-responsavel-por-dividas-trabalhistas-contraidas-por-contratada\/"},"modified":"2021-07-28T14:33:15","modified_gmt":"2021-07-28T17:33:15","slug":"tst-mineradora-nao-e-responsavel-por-dividas-trabalhistas-contraidas-por-contratada","status":"publish","type":"post","link":"https:\/\/mhcalculos.com.br\/noticias\/area\/trabalhista\/tst-mineradora-nao-e-responsavel-por-dividas-trabalhistas-contraidas-por-contratada.html","title":{"rendered":"TST: Mineradora n\u00e3o \u00e9 respons\u00e1vel por d\u00edvidas trabalhistas contra\u00eddas por contratada"},"content":{"rendered":"<p><br \/>\n <\/p>\n<p ><em>A decis\u00e3o segue a jurisprud\u00eancia do TST em rela\u00e7\u00e3o ao dono da obra.<\/em><\/p>\n<p >A Oitava Turma do Tribunal Superior do Trabalho acolheu o recurso de revista da Vale S.A. contra a decis\u00e3o que a condenou a responder subsidiariamente por d\u00edvidas trabalhistas contra\u00eddas por uma de suas contratadas. Segundo o colegiado, a condena\u00e7\u00e3o contraria a jurisprud\u00eancia do TST.<\/p>\n<p ><strong>Viola\u00e7\u00f5es<\/strong><\/p>\n<p >A Vale celebrou contrato com a Construtora Barbosa Mello S.A., em Belo Oriente (MG), para que um carpinteiro prestasse servi\u00e7os na mina de Itabira (MG). Admitido em janeiro de 2011, ele disse na reclama\u00e7\u00e3o trabalhista que foi dispensado em setembro de 2014 sem justa causa e sem receber as verbas rescis\u00f3rias. Pediu, assim, a condena\u00e7\u00e3o das empresas ao pagamento de valores que, segundo ele, deveriam chegar a R$ 40 mil.<\/p>\n<p ><strong>Fiscaliza\u00e7\u00e3o<\/strong><\/p>\n<p >Em sua defesa, a Vale disse que jamais havia mantido contato com o carpinteiro ou se beneficiado de sua presta\u00e7\u00e3o de servi\u00e7os. Defendeu ainda que, na celebra\u00e7\u00e3o do contrato com a prestadora de servi\u00e7os, foram observados os requisitos b\u00e1sicos relacionados \u00e0 idoneidade financeira da empresa contratada e que era dever do empregado comprovar a falta de fiscaliza\u00e7\u00e3o do cumprimento do contrato por parte da prestadora.<\/p>\n<p >Condenada no primeiro grau, a Vale interp\u00f4s recurso ao Tribunal Regional do Trabalho da 3\u00aa Regi\u00e3o (MG), que manteve a senten\u00e7a.<\/p>\n<p ><strong>Dono da obra<\/strong><\/p>\n<p >A relatora do recurso de revista da Vale, ministra Dora Maria da Costa, assinalou que, de acordo com a&nbsp;<a href=\"http:\/\/www3.tst.jus.br\/jurisprudencia\/OJ_SDI_1\/n_s1_181.htm#TEMA191\" target=\"_blank\" rel=\"noopener\">Orienta\u00e7\u00e3o Jurisprudencial 191<\/a>&nbsp;da Subse\u00e7\u00e3o I Especializada em Diss\u00eddios Individuais (SDI-1) do TST, o contrato de empreitada n\u00e3o acarreta ao dono da obra a responsabilidade solid\u00e1ria ou subsidi\u00e1ria pelas obriga\u00e7\u00f5es trabalhistas contra\u00eddas pelo empreiteiro, diante da previs\u00e3o legal espec\u00edfica. As exce\u00e7\u00f5es s\u00e3o as empresas construtoras ou incorporadoras.<\/p>\n<p >Em maio de 2017, em julgamento de incidente de recurso de revista repetitivo (IRR-190-53.2015.5.03.0090), a SDI-1, ao interpretar a OJ 191, fixou a tese jur\u00eddica de que o dono da obra responder\u00e1 subsidiariamente pelas d\u00edvidas do empreiteiro inid\u00f4neo. Esse entendimento, contudo, aplica-se exclusivamente aos contratos celebrados ap\u00f3s o julgamento do IRR.<\/p>\n<p >No caso da Vale, a relatora explicou que ficou constatado que a empresa, na condi\u00e7\u00e3o de dona da obra, n\u00e3o \u00e9 construtora ou incorporadora e que o empregado trabalhou de janeiro de 2011 a agosto de 2014.<\/p>\n<p >A decis\u00e3o foi un\u00e2nime.<\/p>\n<p >(RR\/CF)<\/p>\n<p >Processo:&nbsp;<a href=\"http:\/\/aplicacao4.tst.jus.br\/consultaProcessual\/consultaTstNumUnica.do?consulta=Consultar&amp;conscsjt=&amp;numeroTst=11190&amp;digitoTst=43&amp;anoTst=2015&amp;orgaoTst=5&amp;tribunalTst=03&amp;varaTst=0060&amp;submit=Consultar\" target=\"_blank\" rel=\"noopener\">RR-11190.43.2015.5.03.0060<\/a><\/p>\n<p> O TST possui oito Turmas, cada uma composta de tr\u00eas ministros, com a atribui\u00e7\u00e3o de analisar recursos de revista, agravos, agravos de instrumento, agravos regimentais e recursos ordin\u00e1rios em a\u00e7\u00e3o cautelar. Das decis\u00f5es das Turmas, a parte ainda pode, em alguns casos, recorrer \u00e0 Subse\u00e7\u00e3o I Especializada em Diss\u00eddios Individuais (SBDI-1). <strong>Esta mat\u00e9ria tem cunho meramente informativo.<br \/> Permitida a reprodu\u00e7\u00e3o mediante cita\u00e7\u00e3o da fonte.<br \/> Secretaria de Comunica\u00e7\u00e3o Social<br \/> <a href=\"http:\/\/www.tst.jus.br\/\" target=\"_blank\" rel=\"noopener\">Tribunal Superior do Trabalho<\/a><br \/> Tel. (61) 3043-4907<br \/> <a href=\"mailto:secom@tst.jus.br\">secom@tst.jus.br<\/a><\/strong> <\/p>\n<p>&nbsp;<\/p>\n<p>     <\/br><br \/>\n<br \/><i>Com informa\u00e7\u00f5es da assessoria de imprensa do TST.<\/i><br \/>\n<br \/><a href=\"http:\/\/www.tst.jus.br\/web\/guest\/noticias?p_p_id=89Dk&#038;p_p_lifecycle=0&#038;refererPlid=10730&#038;_89Dk_struts_action=%2Fjournal_content%2Fview&#038;_89Dk_groupId=10157&#038;_89Dk_articleId=24821142\">Fonte<\/a><br \/>\n<br \/><\/p>\n","protected":false},"excerpt":{"rendered":"<p>A decis\u00e3o segue a jurisprud\u00eancia do TST em rela\u00e7\u00e3o ao dono da obra. A Oitava Turma do Tribunal Superior do Trabalho acolheu o recurso de revista da Vale S.A. contra a decis\u00e3o que a condenou a responder subsidiariamente por d\u00edvidas trabalhistas contra\u00eddas por uma de suas contratadas. Segundo o colegiado, a condena\u00e7\u00e3o contraria a jurisprud\u00eancia [&hellip;]<\/p>\n","protected":false},"author":3063,"featured_media":2108,"comment_status":"open","ping_status":"open","sticky":false,"template":"","format":"standard","meta":{"footnotes":""},"categories":[3,21],"tags":[33,216,9,12,217,215],"class_list":{"0":"post-3886","1":"post","2":"type-post","3":"status-publish","4":"format-standard","5":"has-post-thumbnail","7":"category-trabalhista","8":"category-tst","9":"tag-calculos-trabalhistas","10":"tag-direito-trabalhista","11":"tag-pericia","12":"tag-perito","13":"tag-trabalho","14":"tag-tst"},"yoast_head":"<!-- This site is optimized with the Yoast SEO plugin v27.2 - https:\/\/yoast.com\/product\/yoast-seo-wordpress\/ -->\n<title>TST: Mineradora n\u00e3o \u00e9 respons\u00e1vel por d\u00edvidas trabalhistas contra\u00eddas por contratada | Portal de Not\u00edcias<\/title>\n<meta name=\"robots\" content=\"index, follow, max-snippet:-1, max-image-preview:large, max-video-preview:-1\" \/>\n<link rel=\"canonical\" href=\"https:\/\/mhcalculos.com.br\/noticias\/area\/trabalhista\/tst-mineradora-nao-e-responsavel-por-dividas-trabalhistas-contraidas-por-contratada.html\" \/>\n<meta property=\"og:locale\" content=\"pt_BR\" \/>\n<meta property=\"og:type\" content=\"article\" \/>\n<meta property=\"og:title\" content=\"TST: Mineradora n\u00e3o \u00e9 respons\u00e1vel por d\u00edvidas trabalhistas contra\u00eddas por contratada | Portal de Not\u00edcias\" \/>\n<meta property=\"og:description\" content=\"A decis\u00e3o segue a jurisprud\u00eancia do TST em rela\u00e7\u00e3o ao dono da obra. A Oitava Turma do Tribunal Superior do Trabalho acolheu o recurso de revista da Vale S.A. contra a decis\u00e3o que a condenou a responder subsidiariamente por d\u00edvidas trabalhistas contra\u00eddas por uma de suas contratadas. Segundo o colegiado, a condena\u00e7\u00e3o contraria a jurisprud\u00eancia [&hellip;]\" \/>\n<meta property=\"og:url\" content=\"https:\/\/mhcalculos.com.br\/noticias\/area\/trabalhista\/tst-mineradora-nao-e-responsavel-por-dividas-trabalhistas-contraidas-por-contratada.html\" \/>\n<meta property=\"og:site_name\" content=\"Portal de Not\u00edcias\" \/>\n<meta property=\"article:published_time\" content=\"2019-03-07T10:00:00+00:00\" \/>\n<meta property=\"article:modified_time\" content=\"2021-07-28T17:33:15+00:00\" \/>\n<meta property=\"og:image\" content=\"https:\/\/mhcalculos.com.br\/noticias\/wp-content\/uploads\/sites\/2\/2018\/06\/judiciario-0003.jpg\" \/>\n\t<meta property=\"og:image:width\" content=\"2000\" \/>\n\t<meta property=\"og:image:height\" content=\"800\" \/>\n\t<meta property=\"og:image:type\" content=\"image\/jpeg\" \/>\n<meta name=\"author\" content=\"Equipe MH\" \/>\n<meta name=\"twitter:card\" content=\"summary_large_image\" \/>\n<meta name=\"twitter:label1\" content=\"Escrito por\" \/>\n\t<meta name=\"twitter:data1\" content=\"Equipe MH\" \/>\n\t<meta name=\"twitter:label2\" content=\"Est. tempo de leitura\" \/>\n\t<meta name=\"twitter:data2\" content=\"3 minutos\" \/>\n<script type=\"application\/ld+json\" class=\"yoast-schema-graph\">{\"@context\":\"https:\/\/schema.org\",\"@graph\":[{\"@type\":\"Article\",\"@id\":\"https:\/\/mhcalculos.com.br\/noticias\/area\/trabalhista\/tst-mineradora-nao-e-responsavel-por-dividas-trabalhistas-contraidas-por-contratada.html#article\",\"isPartOf\":{\"@id\":\"https:\/\/mhcalculos.com.br\/noticias\/area\/trabalhista\/tst-mineradora-nao-e-responsavel-por-dividas-trabalhistas-contraidas-por-contratada.html\"},\"author\":{\"name\":\"Equipe MH\",\"@id\":\"https:\/\/mhcalculos.com.br\/noticias\/#\/schema\/person\/88d1c34bf72dc779ea14a5a6b8e0ae8d\"},\"headline\":\"TST: Mineradora n\u00e3o \u00e9 respons\u00e1vel por d\u00edvidas trabalhistas contra\u00eddas por contratada\",\"datePublished\":\"2019-03-07T10:00:00+00:00\",\"dateModified\":\"2021-07-28T17:33:15+00:00\",\"mainEntityOfPage\":{\"@id\":\"https:\/\/mhcalculos.com.br\/noticias\/area\/trabalhista\/tst-mineradora-nao-e-responsavel-por-dividas-trabalhistas-contraidas-por-contratada.html\"},\"wordCount\":533,\"commentCount\":0,\"image\":{\"@id\":\"https:\/\/mhcalculos.com.br\/noticias\/area\/trabalhista\/tst-mineradora-nao-e-responsavel-por-dividas-trabalhistas-contraidas-por-contratada.html#primaryimage\"},\"thumbnailUrl\":\"https:\/\/mhcalculos.com.br\/noticias\/wp-content\/uploads\/sites\/2\/2018\/06\/judiciario-0003.jpg\",\"keywords\":[\"c\u00e1lculos trabalhistas\",\"direito trabalhista\",\"per\u00edcia\",\"perito\",\"trabalho\",\"TST\"],\"articleSection\":[\"Direito Trabalhista\",\"TST\"],\"inLanguage\":\"pt-BR\",\"potentialAction\":[{\"@type\":\"CommentAction\",\"name\":\"Comment\",\"target\":[\"https:\/\/mhcalculos.com.br\/noticias\/area\/trabalhista\/tst-mineradora-nao-e-responsavel-por-dividas-trabalhistas-contraidas-por-contratada.html#respond\"]}]},{\"@type\":\"WebPage\",\"@id\":\"https:\/\/mhcalculos.com.br\/noticias\/area\/trabalhista\/tst-mineradora-nao-e-responsavel-por-dividas-trabalhistas-contraidas-por-contratada.html\",\"url\":\"https:\/\/mhcalculos.com.br\/noticias\/area\/trabalhista\/tst-mineradora-nao-e-responsavel-por-dividas-trabalhistas-contraidas-por-contratada.html\",\"name\":\"TST: Mineradora n\u00e3o \u00e9 respons\u00e1vel por d\u00edvidas trabalhistas contra\u00eddas por contratada | Portal de Not\u00edcias\",\"isPartOf\":{\"@id\":\"https:\/\/mhcalculos.com.br\/noticias\/#website\"},\"primaryImageOfPage\":{\"@id\":\"https:\/\/mhcalculos.com.br\/noticias\/area\/trabalhista\/tst-mineradora-nao-e-responsavel-por-dividas-trabalhistas-contraidas-por-contratada.html#primaryimage\"},\"image\":{\"@id\":\"https:\/\/mhcalculos.com.br\/noticias\/area\/trabalhista\/tst-mineradora-nao-e-responsavel-por-dividas-trabalhistas-contraidas-por-contratada.html#primaryimage\"},\"thumbnailUrl\":\"https:\/\/mhcalculos.com.br\/noticias\/wp-content\/uploads\/sites\/2\/2018\/06\/judiciario-0003.jpg\",\"datePublished\":\"2019-03-07T10:00:00+00:00\",\"dateModified\":\"2021-07-28T17:33:15+00:00\",\"author\":{\"@id\":\"https:\/\/mhcalculos.com.br\/noticias\/#\/schema\/person\/88d1c34bf72dc779ea14a5a6b8e0ae8d\"},\"breadcrumb\":{\"@id\":\"https:\/\/mhcalculos.com.br\/noticias\/area\/trabalhista\/tst-mineradora-nao-e-responsavel-por-dividas-trabalhistas-contraidas-por-contratada.html#breadcrumb\"},\"inLanguage\":\"pt-BR\",\"potentialAction\":[{\"@type\":\"ReadAction\",\"target\":[\"https:\/\/mhcalculos.com.br\/noticias\/area\/trabalhista\/tst-mineradora-nao-e-responsavel-por-dividas-trabalhistas-contraidas-por-contratada.html\"]}]},{\"@type\":\"ImageObject\",\"inLanguage\":\"pt-BR\",\"@id\":\"https:\/\/mhcalculos.com.br\/noticias\/area\/trabalhista\/tst-mineradora-nao-e-responsavel-por-dividas-trabalhistas-contraidas-por-contratada.html#primaryimage\",\"url\":\"https:\/\/mhcalculos.com.br\/noticias\/wp-content\/uploads\/sites\/2\/2018\/06\/judiciario-0003.jpg\",\"contentUrl\":\"https:\/\/mhcalculos.com.br\/noticias\/wp-content\/uploads\/sites\/2\/2018\/06\/judiciario-0003.jpg\",\"width\":2000,\"height\":800},{\"@type\":\"BreadcrumbList\",\"@id\":\"https:\/\/mhcalculos.com.br\/noticias\/area\/trabalhista\/tst-mineradora-nao-e-responsavel-por-dividas-trabalhistas-contraidas-por-contratada.html#breadcrumb\",\"itemListElement\":[{\"@type\":\"ListItem\",\"position\":1,\"name\":\"In\u00edcio\",\"item\":\"https:\/\/mhcalculos.com.br\/noticias\/\"},{\"@type\":\"ListItem\",\"position\":2,\"name\":\"TST: Mineradora n\u00e3o \u00e9 respons\u00e1vel por d\u00edvidas trabalhistas contra\u00eddas por contratada\"}]},{\"@type\":\"WebSite\",\"@id\":\"https:\/\/mhcalculos.com.br\/noticias\/#website\",\"url\":\"https:\/\/mhcalculos.com.br\/noticias\/\",\"name\":\"Portal de Not\u00edcias\",\"description\":\"Not\u00edcias e Jurisprud\u00eancia\",\"potentialAction\":[{\"@type\":\"SearchAction\",\"target\":{\"@type\":\"EntryPoint\",\"urlTemplate\":\"https:\/\/mhcalculos.com.br\/noticias\/?s={search_term_string}\"},\"query-input\":{\"@type\":\"PropertyValueSpecification\",\"valueRequired\":true,\"valueName\":\"search_term_string\"}}],\"inLanguage\":\"pt-BR\"},{\"@type\":\"Person\",\"@id\":\"https:\/\/mhcalculos.com.br\/noticias\/#\/schema\/person\/88d1c34bf72dc779ea14a5a6b8e0ae8d\",\"name\":\"Equipe MH\",\"image\":{\"@type\":\"ImageObject\",\"inLanguage\":\"pt-BR\",\"@id\":\"https:\/\/secure.gravatar.com\/avatar\/de1c686c2ecc9c5a3f327e3431d819eb39f8f05d4e1045f5a1caad6daaba987f?s=96&d=mm&r=g\",\"url\":\"https:\/\/secure.gravatar.com\/avatar\/de1c686c2ecc9c5a3f327e3431d819eb39f8f05d4e1045f5a1caad6daaba987f?s=96&d=mm&r=g\",\"contentUrl\":\"https:\/\/secure.gravatar.com\/avatar\/de1c686c2ecc9c5a3f327e3431d819eb39f8f05d4e1045f5a1caad6daaba987f?s=96&d=mm&r=g\",\"caption\":\"Equipe MH\"}}]}<\/script>\n<!-- \/ Yoast SEO plugin. -->","yoast_head_json":{"title":"TST: Mineradora n\u00e3o \u00e9 respons\u00e1vel por d\u00edvidas trabalhistas contra\u00eddas por contratada | Portal de Not\u00edcias","robots":{"index":"index","follow":"follow","max-snippet":"max-snippet:-1","max-image-preview":"max-image-preview:large","max-video-preview":"max-video-preview:-1"},"canonical":"https:\/\/mhcalculos.com.br\/noticias\/area\/trabalhista\/tst-mineradora-nao-e-responsavel-por-dividas-trabalhistas-contraidas-por-contratada.html","og_locale":"pt_BR","og_type":"article","og_title":"TST: Mineradora n\u00e3o \u00e9 respons\u00e1vel por d\u00edvidas trabalhistas contra\u00eddas por contratada | Portal de Not\u00edcias","og_description":"A decis\u00e3o segue a jurisprud\u00eancia do TST em rela\u00e7\u00e3o ao dono da obra. A Oitava Turma do Tribunal Superior do Trabalho acolheu o recurso de revista da Vale S.A. contra a decis\u00e3o que a condenou a responder subsidiariamente por d\u00edvidas trabalhistas contra\u00eddas por uma de suas contratadas. Segundo o colegiado, a condena\u00e7\u00e3o contraria a jurisprud\u00eancia [&hellip;]","og_url":"https:\/\/mhcalculos.com.br\/noticias\/area\/trabalhista\/tst-mineradora-nao-e-responsavel-por-dividas-trabalhistas-contraidas-por-contratada.html","og_site_name":"Portal de Not\u00edcias","article_published_time":"2019-03-07T10:00:00+00:00","article_modified_time":"2021-07-28T17:33:15+00:00","og_image":[{"width":2000,"height":800,"url":"https:\/\/mhcalculos.com.br\/noticias\/wp-content\/uploads\/sites\/2\/2018\/06\/judiciario-0003.jpg","type":"image\/jpeg"}],"author":"Equipe MH","twitter_card":"summary_large_image","twitter_misc":{"Escrito por":"Equipe MH","Est. tempo de leitura":"3 minutos"},"schema":{"@context":"https:\/\/schema.org","@graph":[{"@type":"Article","@id":"https:\/\/mhcalculos.com.br\/noticias\/area\/trabalhista\/tst-mineradora-nao-e-responsavel-por-dividas-trabalhistas-contraidas-por-contratada.html#article","isPartOf":{"@id":"https:\/\/mhcalculos.com.br\/noticias\/area\/trabalhista\/tst-mineradora-nao-e-responsavel-por-dividas-trabalhistas-contraidas-por-contratada.html"},"author":{"name":"Equipe MH","@id":"https:\/\/mhcalculos.com.br\/noticias\/#\/schema\/person\/88d1c34bf72dc779ea14a5a6b8e0ae8d"},"headline":"TST: Mineradora n\u00e3o \u00e9 respons\u00e1vel por d\u00edvidas trabalhistas contra\u00eddas por contratada","datePublished":"2019-03-07T10:00:00+00:00","dateModified":"2021-07-28T17:33:15+00:00","mainEntityOfPage":{"@id":"https:\/\/mhcalculos.com.br\/noticias\/area\/trabalhista\/tst-mineradora-nao-e-responsavel-por-dividas-trabalhistas-contraidas-por-contratada.html"},"wordCount":533,"commentCount":0,"image":{"@id":"https:\/\/mhcalculos.com.br\/noticias\/area\/trabalhista\/tst-mineradora-nao-e-responsavel-por-dividas-trabalhistas-contraidas-por-contratada.html#primaryimage"},"thumbnailUrl":"https:\/\/mhcalculos.com.br\/noticias\/wp-content\/uploads\/sites\/2\/2018\/06\/judiciario-0003.jpg","keywords":["c\u00e1lculos trabalhistas","direito trabalhista","per\u00edcia","perito","trabalho","TST"],"articleSection":["Direito Trabalhista","TST"],"inLanguage":"pt-BR","potentialAction":[{"@type":"CommentAction","name":"Comment","target":["https:\/\/mhcalculos.com.br\/noticias\/area\/trabalhista\/tst-mineradora-nao-e-responsavel-por-dividas-trabalhistas-contraidas-por-contratada.html#respond"]}]},{"@type":"WebPage","@id":"https:\/\/mhcalculos.com.br\/noticias\/area\/trabalhista\/tst-mineradora-nao-e-responsavel-por-dividas-trabalhistas-contraidas-por-contratada.html","url":"https:\/\/mhcalculos.com.br\/noticias\/area\/trabalhista\/tst-mineradora-nao-e-responsavel-por-dividas-trabalhistas-contraidas-por-contratada.html","name":"TST: Mineradora n\u00e3o \u00e9 respons\u00e1vel por d\u00edvidas trabalhistas contra\u00eddas por contratada | Portal de Not\u00edcias","isPartOf":{"@id":"https:\/\/mhcalculos.com.br\/noticias\/#website"},"primaryImageOfPage":{"@id":"https:\/\/mhcalculos.com.br\/noticias\/area\/trabalhista\/tst-mineradora-nao-e-responsavel-por-dividas-trabalhistas-contraidas-por-contratada.html#primaryimage"},"image":{"@id":"https:\/\/mhcalculos.com.br\/noticias\/area\/trabalhista\/tst-mineradora-nao-e-responsavel-por-dividas-trabalhistas-contraidas-por-contratada.html#primaryimage"},"thumbnailUrl":"https:\/\/mhcalculos.com.br\/noticias\/wp-content\/uploads\/sites\/2\/2018\/06\/judiciario-0003.jpg","datePublished":"2019-03-07T10:00:00+00:00","dateModified":"2021-07-28T17:33:15+00:00","author":{"@id":"https:\/\/mhcalculos.com.br\/noticias\/#\/schema\/person\/88d1c34bf72dc779ea14a5a6b8e0ae8d"},"breadcrumb":{"@id":"https:\/\/mhcalculos.com.br\/noticias\/area\/trabalhista\/tst-mineradora-nao-e-responsavel-por-dividas-trabalhistas-contraidas-por-contratada.html#breadcrumb"},"inLanguage":"pt-BR","potentialAction":[{"@type":"ReadAction","target":["https:\/\/mhcalculos.com.br\/noticias\/area\/trabalhista\/tst-mineradora-nao-e-responsavel-por-dividas-trabalhistas-contraidas-por-contratada.html"]}]},{"@type":"ImageObject","inLanguage":"pt-BR","@id":"https:\/\/mhcalculos.com.br\/noticias\/area\/trabalhista\/tst-mineradora-nao-e-responsavel-por-dividas-trabalhistas-contraidas-por-contratada.html#primaryimage","url":"https:\/\/mhcalculos.com.br\/noticias\/wp-content\/uploads\/sites\/2\/2018\/06\/judiciario-0003.jpg","contentUrl":"https:\/\/mhcalculos.com.br\/noticias\/wp-content\/uploads\/sites\/2\/2018\/06\/judiciario-0003.jpg","width":2000,"height":800},{"@type":"BreadcrumbList","@id":"https:\/\/mhcalculos.com.br\/noticias\/area\/trabalhista\/tst-mineradora-nao-e-responsavel-por-dividas-trabalhistas-contraidas-por-contratada.html#breadcrumb","itemListElement":[{"@type":"ListItem","position":1,"name":"In\u00edcio","item":"https:\/\/mhcalculos.com.br\/noticias\/"},{"@type":"ListItem","position":2,"name":"TST: Mineradora n\u00e3o \u00e9 respons\u00e1vel por d\u00edvidas trabalhistas contra\u00eddas por contratada"}]},{"@type":"WebSite","@id":"https:\/\/mhcalculos.com.br\/noticias\/#website","url":"https:\/\/mhcalculos.com.br\/noticias\/","name":"Portal de Not\u00edcias","description":"Not\u00edcias e Jurisprud\u00eancia","potentialAction":[{"@type":"SearchAction","target":{"@type":"EntryPoint","urlTemplate":"https:\/\/mhcalculos.com.br\/noticias\/?s={search_term_string}"},"query-input":{"@type":"PropertyValueSpecification","valueRequired":true,"valueName":"search_term_string"}}],"inLanguage":"pt-BR"},{"@type":"Person","@id":"https:\/\/mhcalculos.com.br\/noticias\/#\/schema\/person\/88d1c34bf72dc779ea14a5a6b8e0ae8d","name":"Equipe MH","image":{"@type":"ImageObject","inLanguage":"pt-BR","@id":"https:\/\/secure.gravatar.com\/avatar\/de1c686c2ecc9c5a3f327e3431d819eb39f8f05d4e1045f5a1caad6daaba987f?s=96&d=mm&r=g","url":"https:\/\/secure.gravatar.com\/avatar\/de1c686c2ecc9c5a3f327e3431d819eb39f8f05d4e1045f5a1caad6daaba987f?s=96&d=mm&r=g","contentUrl":"https:\/\/secure.gravatar.com\/avatar\/de1c686c2ecc9c5a3f327e3431d819eb39f8f05d4e1045f5a1caad6daaba987f?s=96&d=mm&r=g","caption":"Equipe MH"}}]}},"_links":{"self":[{"href":"https:\/\/mhcalculos.com.br\/noticias\/wp-json\/wp\/v2\/posts\/3886","targetHints":{"allow":["GET"]}}],"collection":[{"href":"https:\/\/mhcalculos.com.br\/noticias\/wp-json\/wp\/v2\/posts"}],"about":[{"href":"https:\/\/mhcalculos.com.br\/noticias\/wp-json\/wp\/v2\/types\/post"}],"author":[{"embeddable":true,"href":"https:\/\/mhcalculos.com.br\/noticias\/wp-json\/wp\/v2\/users\/3063"}],"replies":[{"embeddable":true,"href":"https:\/\/mhcalculos.com.br\/noticias\/wp-json\/wp\/v2\/comments?post=3886"}],"version-history":[{"count":1,"href":"https:\/\/mhcalculos.com.br\/noticias\/wp-json\/wp\/v2\/posts\/3886\/revisions"}],"predecessor-version":[{"id":9984,"href":"https:\/\/mhcalculos.com.br\/noticias\/wp-json\/wp\/v2\/posts\/3886\/revisions\/9984"}],"wp:featuredmedia":[{"embeddable":true,"href":"https:\/\/mhcalculos.com.br\/noticias\/wp-json\/wp\/v2\/media\/2108"}],"wp:attachment":[{"href":"https:\/\/mhcalculos.com.br\/noticias\/wp-json\/wp\/v2\/media?parent=3886"}],"wp:term":[{"taxonomy":"category","embeddable":true,"href":"https:\/\/mhcalculos.com.br\/noticias\/wp-json\/wp\/v2\/categories?post=3886"},{"taxonomy":"post_tag","embeddable":true,"href":"https:\/\/mhcalculos.com.br\/noticias\/wp-json\/wp\/v2\/tags?post=3886"}],"curies":[{"name":"wp","href":"https:\/\/api.w.org\/{rel}","templated":true}]}}