{"id":3876,"date":"2019-03-08T10:00:18","date_gmt":"2019-03-08T13:00:18","guid":{"rendered":"https:\/\/mhcalculos.com.br\/noticias\/2019\/03\/08\/trf4-aposentada-pelo-inss-segue-com-direito-a-pensao-por-morte-do-pai-07-03-2019\/"},"modified":"2021-07-28T14:33:15","modified_gmt":"2021-07-28T17:33:15","slug":"trf4-aposentada-pelo-inss-segue-com-direito-a-pensao-por-morte-do-pai-07-03-2019","status":"publish","type":"post","link":"https:\/\/mhcalculos.com.br\/noticias\/area\/previdenciario\/trf4-aposentada-pelo-inss-segue-com-direito-a-pensao-por-morte-do-pai-07-03-2019.html","title":{"rendered":"TRF4: Aposentada pelo INSS segue com direito \u00e0 pens\u00e3o por morte do pai (07\/03\/2019)"},"content":{"rendered":"<p><br \/>\n<\/p>\n<p>Uma aposentada de 65 anos, filha de servidor p\u00fablico federal falecido, ter\u00e1 restabelecida a pens\u00e3o por morte do pai. O Tribunal Regional Federal da 4\u00aa Regi\u00e3o (TRF4) negou provimento, no final de fevereiro (25\/2), a recurso da Uni\u00e3o sob o entendimento de que n\u00e3o cabe a exig\u00eancia de prova de depend\u00eancia econ\u00f4mica por n\u00e3o ser requisito da lei aplicada \u00e0 \u00e9poca do \u00f3bito.<\/p>\n<p>Conforme a decis\u00e3o da 3\u00aa Turma, a Lei n\u00ba 3.373\/58, que dispunha sobre plano de assist\u00eancia a funcion\u00e1rios da Uni\u00e3o e sua fam\u00edlia, requeria como requisitos para o recebimento da pens\u00e3o por morte a condi\u00e7\u00e3o de filha maior de 21 anos solteira e n\u00e3o ocupante de cargo p\u00fablico. &ldquo;N\u00e3o cabe \u00e0 Administra\u00e7\u00e3o impor crit\u00e9rio restritivo de comprova\u00e7\u00e3o da persist\u00eancia da situa\u00e7\u00e3o da depend\u00eancia econ\u00f4mica existente \u00e0 \u00e9poca do \u00f3bito&rdquo;, afirmou a relatora do caso, desembargadora federal V\u00e2nia Hack de Almeida.<\/p>\n<p>A autora, que mora em Caxias do Sul (RS), ajuizou a a\u00e7\u00e3o contra o Instituto Nacional de Seguro Social (INSS) e a Uni\u00e3o ap\u00f3s ter o benef\u00edcio cessado em 2017, quando teve que comprovar a depend\u00eancia econ\u00f4mica da pens\u00e3o. A filha do servidor falecido, que recebe de aposentadoria um sal\u00e1rio m\u00ednimo mensal, requereu na a\u00e7\u00e3o o restabelecimento do direito e o pagamento dos valores pelo tempo que teve o aux\u00edlio cortado.<br \/>\u00a0<br \/>A decis\u00e3o de 1\u00ba grau foi favor\u00e1vel ao restabelecimento da pens\u00e3o. O INSS e a Uni\u00e3o recorreram ao tribunal pela reforma da senten\u00e7a.<\/p>\n<p>A relatora do caso, desembargadora federal V\u00e2nia Hack de Almeida, manteve o entendimento da 1\u00aa inst\u00e2ncia, condenando as r\u00e9s ao pagamento das parcelas desde a cessa\u00e7\u00e3o indevida da pens\u00e3o.<\/p>\n<p>&ldquo;A concess\u00e3o de pens\u00e3o por morte \u00e9 regida pela legisla\u00e7\u00e3o vigente \u00e0 data do falecimento do instituidor. Diante do princ\u00edpio da seguran\u00e7a jur\u00eddica, h\u00e1 um limite ao direito da Administra\u00e7\u00e3o em proceder \u00e0 revis\u00e3o de ato administrativo, sobretudo em se tratando de verba alimentar recebida de boa-f\u00e9 pelo destinat\u00e1rio&rdquo;, explicou V\u00e2nia.<\/p>\n<p>&ldquo;Em respeito aos\u00a0 princ\u00edpios da legalidade e da seguran\u00e7a jur\u00eddica, as pens\u00f5es concedidas \u00e0s filhas maiores sob a \u00e9gide da Lei 3.373\/58 que preenchiam os requisitos pertinentes ao estado civil e a n\u00e3o ocupa\u00e7\u00e3o de cargo p\u00fablico de car\u00e1ter permanente encontram-se consolidadas e somente podem ser cessadas se um destes dois requisitos legais for superado, independentemente da an\u00e1lise da depend\u00eancia econ\u00f4mica, porque n\u00e3o \u00e9 condi\u00e7\u00e3o essencial prevista naquela Lei&rdquo;, concluiu a desembargadora.<\/p>\n<p><br \/> (Foto: aletia\/123 RF)<\/p>\n<p><i>Com informa\u00e7\u00f5es da assessoria de imprensa do TRF4.<\/i><br \/>\n<br \/><a href=\"http:\/\/www2.trf4.jus.br\/trf4\/controlador.php?acao=noticia_visualizar&#038;id_noticia=14289\">Fonte<\/a><br \/>\n<br \/><\/p>\n","protected":false},"excerpt":{"rendered":"<p>Uma aposentada de 65 anos, filha de servidor p\u00fablico federal falecido, ter\u00e1 restabelecida a pens\u00e3o por morte do pai. O Tribunal Regional Federal da 4\u00aa Regi\u00e3o (TRF4) negou provimento, no final de fevereiro (25\/2), a recurso da Uni\u00e3o sob o entendimento de que n\u00e3o cabe a exig\u00eancia de prova de depend\u00eancia econ\u00f4mica por n\u00e3o ser [&hellip;]<\/p>\n","protected":false},"author":3063,"featured_media":1694,"comment_status":"open","ping_status":"open","sticky":false,"template":"","format":"standard","meta":{"footnotes":""},"categories":[5,6],"tags":[11,10,8,13,9,12,17],"class_list":{"0":"post-3876","1":"post","2":"type-post","3":"status-publish","4":"format-standard","5":"has-post-thumbnail","7":"category-previdenciario","8":"category-trf4","9":"tag-aposentadoria","10":"tag-calculos-previdenciarios","11":"tag-direito-previdenciario","12":"tag-inss","13":"tag-pericia","14":"tag-perito","15":"tag-trf4"},"yoast_head":"<!-- This site is optimized with the Yoast SEO plugin v27.2 - https:\/\/yoast.com\/product\/yoast-seo-wordpress\/ -->\n<title>TRF4: Aposentada pelo INSS segue com direito \u00e0 pens\u00e3o por morte do pai (07\/03\/2019) | Portal de Not\u00edcias<\/title>\n<meta name=\"robots\" content=\"index, follow, max-snippet:-1, max-image-preview:large, max-video-preview:-1\" \/>\n<link rel=\"canonical\" href=\"https:\/\/mhcalculos.com.br\/noticias\/area\/previdenciario\/trf4-aposentada-pelo-inss-segue-com-direito-a-pensao-por-morte-do-pai-07-03-2019.html\" \/>\n<meta property=\"og:locale\" content=\"pt_BR\" \/>\n<meta property=\"og:type\" content=\"article\" \/>\n<meta property=\"og:title\" content=\"TRF4: Aposentada pelo INSS segue com direito \u00e0 pens\u00e3o por morte do pai (07\/03\/2019) | Portal de Not\u00edcias\" \/>\n<meta property=\"og:description\" content=\"Uma aposentada de 65 anos, filha de servidor p\u00fablico federal falecido, ter\u00e1 restabelecida a pens\u00e3o por morte do pai. O Tribunal Regional Federal da 4\u00aa Regi\u00e3o (TRF4) negou provimento, no final de fevereiro (25\/2), a recurso da Uni\u00e3o sob o entendimento de que n\u00e3o cabe a exig\u00eancia de prova de depend\u00eancia econ\u00f4mica por n\u00e3o ser [&hellip;]\" \/>\n<meta property=\"og:url\" content=\"https:\/\/mhcalculos.com.br\/noticias\/area\/previdenciario\/trf4-aposentada-pelo-inss-segue-com-direito-a-pensao-por-morte-do-pai-07-03-2019.html\" \/>\n<meta property=\"og:site_name\" content=\"Portal de Not\u00edcias\" \/>\n<meta property=\"article:published_time\" content=\"2019-03-08T13:00:18+00:00\" \/>\n<meta property=\"article:modified_time\" content=\"2021-07-28T17:33:15+00:00\" \/>\n<meta property=\"og:image\" content=\"https:\/\/mhcalculos.com.br\/noticias\/wp-content\/uploads\/sites\/2\/2018\/06\/previdenciario-0006.jpg\" \/>\n\t<meta property=\"og:image:width\" content=\"2000\" \/>\n\t<meta property=\"og:image:height\" content=\"800\" \/>\n\t<meta property=\"og:image:type\" content=\"image\/jpeg\" \/>\n<meta name=\"author\" content=\"Equipe MH\" \/>\n<meta name=\"twitter:card\" content=\"summary_large_image\" \/>\n<meta name=\"twitter:label1\" content=\"Escrito por\" \/>\n\t<meta name=\"twitter:data1\" content=\"Equipe MH\" \/>\n\t<meta name=\"twitter:label2\" content=\"Est. tempo de leitura\" \/>\n\t<meta name=\"twitter:data2\" content=\"2 minutos\" \/>\n<script type=\"application\/ld+json\" class=\"yoast-schema-graph\">{\"@context\":\"https:\/\/schema.org\",\"@graph\":[{\"@type\":\"Article\",\"@id\":\"https:\/\/mhcalculos.com.br\/noticias\/area\/previdenciario\/trf4-aposentada-pelo-inss-segue-com-direito-a-pensao-por-morte-do-pai-07-03-2019.html#article\",\"isPartOf\":{\"@id\":\"https:\/\/mhcalculos.com.br\/noticias\/area\/previdenciario\/trf4-aposentada-pelo-inss-segue-com-direito-a-pensao-por-morte-do-pai-07-03-2019.html\"},\"author\":{\"name\":\"Equipe MH\",\"@id\":\"https:\/\/mhcalculos.com.br\/noticias\/#\/schema\/person\/88d1c34bf72dc779ea14a5a6b8e0ae8d\"},\"headline\":\"TRF4: Aposentada pelo INSS segue com direito \u00e0 pens\u00e3o por morte do pai (07\/03\/2019)\",\"datePublished\":\"2019-03-08T13:00:18+00:00\",\"dateModified\":\"2021-07-28T17:33:15+00:00\",\"mainEntityOfPage\":{\"@id\":\"https:\/\/mhcalculos.com.br\/noticias\/area\/previdenciario\/trf4-aposentada-pelo-inss-segue-com-direito-a-pensao-por-morte-do-pai-07-03-2019.html\"},\"wordCount\":477,\"commentCount\":0,\"image\":{\"@id\":\"https:\/\/mhcalculos.com.br\/noticias\/area\/previdenciario\/trf4-aposentada-pelo-inss-segue-com-direito-a-pensao-por-morte-do-pai-07-03-2019.html#primaryimage\"},\"thumbnailUrl\":\"https:\/\/mhcalculos.com.br\/noticias\/wp-content\/uploads\/sites\/2\/2018\/06\/previdenciario-0006.jpg\",\"keywords\":[\"aposentadoria\",\"c\u00e1lculos previdenci\u00e1rios\",\"direito previdenci\u00e1rio\",\"inss\",\"per\u00edcia\",\"perito\",\"trf4\"],\"articleSection\":[\"Direito Previdenci\u00e1rio\",\"TRF4\"],\"inLanguage\":\"pt-BR\",\"potentialAction\":[{\"@type\":\"CommentAction\",\"name\":\"Comment\",\"target\":[\"https:\/\/mhcalculos.com.br\/noticias\/area\/previdenciario\/trf4-aposentada-pelo-inss-segue-com-direito-a-pensao-por-morte-do-pai-07-03-2019.html#respond\"]}]},{\"@type\":\"WebPage\",\"@id\":\"https:\/\/mhcalculos.com.br\/noticias\/area\/previdenciario\/trf4-aposentada-pelo-inss-segue-com-direito-a-pensao-por-morte-do-pai-07-03-2019.html\",\"url\":\"https:\/\/mhcalculos.com.br\/noticias\/area\/previdenciario\/trf4-aposentada-pelo-inss-segue-com-direito-a-pensao-por-morte-do-pai-07-03-2019.html\",\"name\":\"TRF4: Aposentada pelo INSS segue com direito \u00e0 pens\u00e3o por morte do pai (07\/03\/2019) | Portal de Not\u00edcias\",\"isPartOf\":{\"@id\":\"https:\/\/mhcalculos.com.br\/noticias\/#website\"},\"primaryImageOfPage\":{\"@id\":\"https:\/\/mhcalculos.com.br\/noticias\/area\/previdenciario\/trf4-aposentada-pelo-inss-segue-com-direito-a-pensao-por-morte-do-pai-07-03-2019.html#primaryimage\"},\"image\":{\"@id\":\"https:\/\/mhcalculos.com.br\/noticias\/area\/previdenciario\/trf4-aposentada-pelo-inss-segue-com-direito-a-pensao-por-morte-do-pai-07-03-2019.html#primaryimage\"},\"thumbnailUrl\":\"https:\/\/mhcalculos.com.br\/noticias\/wp-content\/uploads\/sites\/2\/2018\/06\/previdenciario-0006.jpg\",\"datePublished\":\"2019-03-08T13:00:18+00:00\",\"dateModified\":\"2021-07-28T17:33:15+00:00\",\"author\":{\"@id\":\"https:\/\/mhcalculos.com.br\/noticias\/#\/schema\/person\/88d1c34bf72dc779ea14a5a6b8e0ae8d\"},\"breadcrumb\":{\"@id\":\"https:\/\/mhcalculos.com.br\/noticias\/area\/previdenciario\/trf4-aposentada-pelo-inss-segue-com-direito-a-pensao-por-morte-do-pai-07-03-2019.html#breadcrumb\"},\"inLanguage\":\"pt-BR\",\"potentialAction\":[{\"@type\":\"ReadAction\",\"target\":[\"https:\/\/mhcalculos.com.br\/noticias\/area\/previdenciario\/trf4-aposentada-pelo-inss-segue-com-direito-a-pensao-por-morte-do-pai-07-03-2019.html\"]}]},{\"@type\":\"ImageObject\",\"inLanguage\":\"pt-BR\",\"@id\":\"https:\/\/mhcalculos.com.br\/noticias\/area\/previdenciario\/trf4-aposentada-pelo-inss-segue-com-direito-a-pensao-por-morte-do-pai-07-03-2019.html#primaryimage\",\"url\":\"https:\/\/mhcalculos.com.br\/noticias\/wp-content\/uploads\/sites\/2\/2018\/06\/previdenciario-0006.jpg\",\"contentUrl\":\"https:\/\/mhcalculos.com.br\/noticias\/wp-content\/uploads\/sites\/2\/2018\/06\/previdenciario-0006.jpg\",\"width\":2000,\"height\":800},{\"@type\":\"BreadcrumbList\",\"@id\":\"https:\/\/mhcalculos.com.br\/noticias\/area\/previdenciario\/trf4-aposentada-pelo-inss-segue-com-direito-a-pensao-por-morte-do-pai-07-03-2019.html#breadcrumb\",\"itemListElement\":[{\"@type\":\"ListItem\",\"position\":1,\"name\":\"In\u00edcio\",\"item\":\"https:\/\/mhcalculos.com.br\/noticias\/\"},{\"@type\":\"ListItem\",\"position\":2,\"name\":\"TRF4: Aposentada pelo INSS segue com direito \u00e0 pens\u00e3o por morte do pai (07\/03\/2019)\"}]},{\"@type\":\"WebSite\",\"@id\":\"https:\/\/mhcalculos.com.br\/noticias\/#website\",\"url\":\"https:\/\/mhcalculos.com.br\/noticias\/\",\"name\":\"Portal de Not\u00edcias\",\"description\":\"Not\u00edcias e Jurisprud\u00eancia\",\"potentialAction\":[{\"@type\":\"SearchAction\",\"target\":{\"@type\":\"EntryPoint\",\"urlTemplate\":\"https:\/\/mhcalculos.com.br\/noticias\/?s={search_term_string}\"},\"query-input\":{\"@type\":\"PropertyValueSpecification\",\"valueRequired\":true,\"valueName\":\"search_term_string\"}}],\"inLanguage\":\"pt-BR\"},{\"@type\":\"Person\",\"@id\":\"https:\/\/mhcalculos.com.br\/noticias\/#\/schema\/person\/88d1c34bf72dc779ea14a5a6b8e0ae8d\",\"name\":\"Equipe MH\",\"image\":{\"@type\":\"ImageObject\",\"inLanguage\":\"pt-BR\",\"@id\":\"https:\/\/secure.gravatar.com\/avatar\/de1c686c2ecc9c5a3f327e3431d819eb39f8f05d4e1045f5a1caad6daaba987f?s=96&d=mm&r=g\",\"url\":\"https:\/\/secure.gravatar.com\/avatar\/de1c686c2ecc9c5a3f327e3431d819eb39f8f05d4e1045f5a1caad6daaba987f?s=96&d=mm&r=g\",\"contentUrl\":\"https:\/\/secure.gravatar.com\/avatar\/de1c686c2ecc9c5a3f327e3431d819eb39f8f05d4e1045f5a1caad6daaba987f?s=96&d=mm&r=g\",\"caption\":\"Equipe MH\"}}]}<\/script>\n<!-- \/ Yoast SEO plugin. -->","yoast_head_json":{"title":"TRF4: Aposentada pelo INSS segue com direito \u00e0 pens\u00e3o por morte do pai (07\/03\/2019) | Portal de Not\u00edcias","robots":{"index":"index","follow":"follow","max-snippet":"max-snippet:-1","max-image-preview":"max-image-preview:large","max-video-preview":"max-video-preview:-1"},"canonical":"https:\/\/mhcalculos.com.br\/noticias\/area\/previdenciario\/trf4-aposentada-pelo-inss-segue-com-direito-a-pensao-por-morte-do-pai-07-03-2019.html","og_locale":"pt_BR","og_type":"article","og_title":"TRF4: Aposentada pelo INSS segue com direito \u00e0 pens\u00e3o por morte do pai (07\/03\/2019) | Portal de Not\u00edcias","og_description":"Uma aposentada de 65 anos, filha de servidor p\u00fablico federal falecido, ter\u00e1 restabelecida a pens\u00e3o por morte do pai. O Tribunal Regional Federal da 4\u00aa Regi\u00e3o (TRF4) negou provimento, no final de fevereiro (25\/2), a recurso da Uni\u00e3o sob o entendimento de que n\u00e3o cabe a exig\u00eancia de prova de depend\u00eancia econ\u00f4mica por n\u00e3o ser [&hellip;]","og_url":"https:\/\/mhcalculos.com.br\/noticias\/area\/previdenciario\/trf4-aposentada-pelo-inss-segue-com-direito-a-pensao-por-morte-do-pai-07-03-2019.html","og_site_name":"Portal de Not\u00edcias","article_published_time":"2019-03-08T13:00:18+00:00","article_modified_time":"2021-07-28T17:33:15+00:00","og_image":[{"width":2000,"height":800,"url":"https:\/\/mhcalculos.com.br\/noticias\/wp-content\/uploads\/sites\/2\/2018\/06\/previdenciario-0006.jpg","type":"image\/jpeg"}],"author":"Equipe MH","twitter_card":"summary_large_image","twitter_misc":{"Escrito por":"Equipe MH","Est. tempo de leitura":"2 minutos"},"schema":{"@context":"https:\/\/schema.org","@graph":[{"@type":"Article","@id":"https:\/\/mhcalculos.com.br\/noticias\/area\/previdenciario\/trf4-aposentada-pelo-inss-segue-com-direito-a-pensao-por-morte-do-pai-07-03-2019.html#article","isPartOf":{"@id":"https:\/\/mhcalculos.com.br\/noticias\/area\/previdenciario\/trf4-aposentada-pelo-inss-segue-com-direito-a-pensao-por-morte-do-pai-07-03-2019.html"},"author":{"name":"Equipe MH","@id":"https:\/\/mhcalculos.com.br\/noticias\/#\/schema\/person\/88d1c34bf72dc779ea14a5a6b8e0ae8d"},"headline":"TRF4: Aposentada pelo INSS segue com direito \u00e0 pens\u00e3o por morte do pai (07\/03\/2019)","datePublished":"2019-03-08T13:00:18+00:00","dateModified":"2021-07-28T17:33:15+00:00","mainEntityOfPage":{"@id":"https:\/\/mhcalculos.com.br\/noticias\/area\/previdenciario\/trf4-aposentada-pelo-inss-segue-com-direito-a-pensao-por-morte-do-pai-07-03-2019.html"},"wordCount":477,"commentCount":0,"image":{"@id":"https:\/\/mhcalculos.com.br\/noticias\/area\/previdenciario\/trf4-aposentada-pelo-inss-segue-com-direito-a-pensao-por-morte-do-pai-07-03-2019.html#primaryimage"},"thumbnailUrl":"https:\/\/mhcalculos.com.br\/noticias\/wp-content\/uploads\/sites\/2\/2018\/06\/previdenciario-0006.jpg","keywords":["aposentadoria","c\u00e1lculos previdenci\u00e1rios","direito previdenci\u00e1rio","inss","per\u00edcia","perito","trf4"],"articleSection":["Direito Previdenci\u00e1rio","TRF4"],"inLanguage":"pt-BR","potentialAction":[{"@type":"CommentAction","name":"Comment","target":["https:\/\/mhcalculos.com.br\/noticias\/area\/previdenciario\/trf4-aposentada-pelo-inss-segue-com-direito-a-pensao-por-morte-do-pai-07-03-2019.html#respond"]}]},{"@type":"WebPage","@id":"https:\/\/mhcalculos.com.br\/noticias\/area\/previdenciario\/trf4-aposentada-pelo-inss-segue-com-direito-a-pensao-por-morte-do-pai-07-03-2019.html","url":"https:\/\/mhcalculos.com.br\/noticias\/area\/previdenciario\/trf4-aposentada-pelo-inss-segue-com-direito-a-pensao-por-morte-do-pai-07-03-2019.html","name":"TRF4: Aposentada pelo INSS segue com direito \u00e0 pens\u00e3o por morte do pai (07\/03\/2019) | Portal de Not\u00edcias","isPartOf":{"@id":"https:\/\/mhcalculos.com.br\/noticias\/#website"},"primaryImageOfPage":{"@id":"https:\/\/mhcalculos.com.br\/noticias\/area\/previdenciario\/trf4-aposentada-pelo-inss-segue-com-direito-a-pensao-por-morte-do-pai-07-03-2019.html#primaryimage"},"image":{"@id":"https:\/\/mhcalculos.com.br\/noticias\/area\/previdenciario\/trf4-aposentada-pelo-inss-segue-com-direito-a-pensao-por-morte-do-pai-07-03-2019.html#primaryimage"},"thumbnailUrl":"https:\/\/mhcalculos.com.br\/noticias\/wp-content\/uploads\/sites\/2\/2018\/06\/previdenciario-0006.jpg","datePublished":"2019-03-08T13:00:18+00:00","dateModified":"2021-07-28T17:33:15+00:00","author":{"@id":"https:\/\/mhcalculos.com.br\/noticias\/#\/schema\/person\/88d1c34bf72dc779ea14a5a6b8e0ae8d"},"breadcrumb":{"@id":"https:\/\/mhcalculos.com.br\/noticias\/area\/previdenciario\/trf4-aposentada-pelo-inss-segue-com-direito-a-pensao-por-morte-do-pai-07-03-2019.html#breadcrumb"},"inLanguage":"pt-BR","potentialAction":[{"@type":"ReadAction","target":["https:\/\/mhcalculos.com.br\/noticias\/area\/previdenciario\/trf4-aposentada-pelo-inss-segue-com-direito-a-pensao-por-morte-do-pai-07-03-2019.html"]}]},{"@type":"ImageObject","inLanguage":"pt-BR","@id":"https:\/\/mhcalculos.com.br\/noticias\/area\/previdenciario\/trf4-aposentada-pelo-inss-segue-com-direito-a-pensao-por-morte-do-pai-07-03-2019.html#primaryimage","url":"https:\/\/mhcalculos.com.br\/noticias\/wp-content\/uploads\/sites\/2\/2018\/06\/previdenciario-0006.jpg","contentUrl":"https:\/\/mhcalculos.com.br\/noticias\/wp-content\/uploads\/sites\/2\/2018\/06\/previdenciario-0006.jpg","width":2000,"height":800},{"@type":"BreadcrumbList","@id":"https:\/\/mhcalculos.com.br\/noticias\/area\/previdenciario\/trf4-aposentada-pelo-inss-segue-com-direito-a-pensao-por-morte-do-pai-07-03-2019.html#breadcrumb","itemListElement":[{"@type":"ListItem","position":1,"name":"In\u00edcio","item":"https:\/\/mhcalculos.com.br\/noticias\/"},{"@type":"ListItem","position":2,"name":"TRF4: Aposentada pelo INSS segue com direito \u00e0 pens\u00e3o por morte do pai (07\/03\/2019)"}]},{"@type":"WebSite","@id":"https:\/\/mhcalculos.com.br\/noticias\/#website","url":"https:\/\/mhcalculos.com.br\/noticias\/","name":"Portal de Not\u00edcias","description":"Not\u00edcias e Jurisprud\u00eancia","potentialAction":[{"@type":"SearchAction","target":{"@type":"EntryPoint","urlTemplate":"https:\/\/mhcalculos.com.br\/noticias\/?s={search_term_string}"},"query-input":{"@type":"PropertyValueSpecification","valueRequired":true,"valueName":"search_term_string"}}],"inLanguage":"pt-BR"},{"@type":"Person","@id":"https:\/\/mhcalculos.com.br\/noticias\/#\/schema\/person\/88d1c34bf72dc779ea14a5a6b8e0ae8d","name":"Equipe MH","image":{"@type":"ImageObject","inLanguage":"pt-BR","@id":"https:\/\/secure.gravatar.com\/avatar\/de1c686c2ecc9c5a3f327e3431d819eb39f8f05d4e1045f5a1caad6daaba987f?s=96&d=mm&r=g","url":"https:\/\/secure.gravatar.com\/avatar\/de1c686c2ecc9c5a3f327e3431d819eb39f8f05d4e1045f5a1caad6daaba987f?s=96&d=mm&r=g","contentUrl":"https:\/\/secure.gravatar.com\/avatar\/de1c686c2ecc9c5a3f327e3431d819eb39f8f05d4e1045f5a1caad6daaba987f?s=96&d=mm&r=g","caption":"Equipe MH"}}]}},"_links":{"self":[{"href":"https:\/\/mhcalculos.com.br\/noticias\/wp-json\/wp\/v2\/posts\/3876","targetHints":{"allow":["GET"]}}],"collection":[{"href":"https:\/\/mhcalculos.com.br\/noticias\/wp-json\/wp\/v2\/posts"}],"about":[{"href":"https:\/\/mhcalculos.com.br\/noticias\/wp-json\/wp\/v2\/types\/post"}],"author":[{"embeddable":true,"href":"https:\/\/mhcalculos.com.br\/noticias\/wp-json\/wp\/v2\/users\/3063"}],"replies":[{"embeddable":true,"href":"https:\/\/mhcalculos.com.br\/noticias\/wp-json\/wp\/v2\/comments?post=3876"}],"version-history":[{"count":1,"href":"https:\/\/mhcalculos.com.br\/noticias\/wp-json\/wp\/v2\/posts\/3876\/revisions"}],"predecessor-version":[{"id":9983,"href":"https:\/\/mhcalculos.com.br\/noticias\/wp-json\/wp\/v2\/posts\/3876\/revisions\/9983"}],"wp:featuredmedia":[{"embeddable":true,"href":"https:\/\/mhcalculos.com.br\/noticias\/wp-json\/wp\/v2\/media\/1694"}],"wp:attachment":[{"href":"https:\/\/mhcalculos.com.br\/noticias\/wp-json\/wp\/v2\/media?parent=3876"}],"wp:term":[{"taxonomy":"category","embeddable":true,"href":"https:\/\/mhcalculos.com.br\/noticias\/wp-json\/wp\/v2\/categories?post=3876"},{"taxonomy":"post_tag","embeddable":true,"href":"https:\/\/mhcalculos.com.br\/noticias\/wp-json\/wp\/v2\/tags?post=3876"}],"curies":[{"name":"wp","href":"https:\/\/api.w.org\/{rel}","templated":true}]}}