{"id":3808,"date":"2019-02-21T18:00:46","date_gmt":"2019-02-21T21:00:46","guid":{"rendered":"https:\/\/mhcalculos.com.br\/noticias\/2019\/02\/21\/trf3-funpresp-jud-realiza-webinar-para-tirar-duvidas-antes-do-encerramento-do-prazo-de-migracao\/"},"modified":"2021-07-28T14:33:19","modified_gmt":"2021-07-28T17:33:19","slug":"trf3-funpresp-jud-realiza-webinar-para-tirar-duvidas-antes-do-encerramento-do-prazo-de-migracao","status":"publish","type":"post","link":"https:\/\/mhcalculos.com.br\/noticias\/area\/previdenciario\/trf3-funpresp-jud-realiza-webinar-para-tirar-duvidas-antes-do-encerramento-do-prazo-de-migracao.html","title":{"rendered":"TRF3: FUNPRESP-JUD REALIZA WEBINAR PARA TIRAR D\u00daVIDAS ANTES DO ENCERRAMENTO DO PRAZO DE MIGRA\u00c7\u00c3O"},"content":{"rendered":"\n<div class=\"mat\">\n<p><em>Evento interativo ser\u00e1 realizado pela internet no dia 28 de fevereiro, das 15h \u00e0s 17h<\/em><\/p>\n<p>O Diretor de Seguridade da Funpresp-Jud, Edmilson Enedino das Chagas, abordar\u00e1 as novidades sobre a Reforma da Previd\u00eancia, a migra\u00e7\u00e3o, o c\u00e1lculo do benef\u00edcio especial e a Funpresp-Jud no pr\u00f3ximo <a href=\"http:\/\/www.funprespjud.com.br\/webinar\">webinar<\/a> que est\u00e1 agendado para 28 de fevereiro.<\/p>\n<p>O objetivo da Funda\u00e7\u00e3o \u00e9 informar cada vez mais todos os interessados no tema. O webinar ser\u00e1 uma \u00f3tima oportunidade pois tratar\u00e1 esses assuntos e explicar\u00e1 ainda, as regras do Plano de Benef\u00edcios JusMP-Prev.<\/p>\n<p>A migra\u00e7\u00e3o de regime \u00e9 uma decis\u00e3o individual, irrevog\u00e1vel e irretrat\u00e1vel que deve ser avaliada por membros e servidores do Poder Judici\u00e1rio Federal e do Minist\u00e9rio P\u00fablico da Uni\u00e3o.<\/p>\n<p>O webinar \u00e9 um evento interativo realizado pela internet, acessado por meio de um link, no qual pessoas de todo o Brasil pode participar, com data e hor\u00e1rio marcado, as perguntas e respostas ocorrem em tempo real, por um chat. Ao final, o palestrante responder\u00e1 as perguntas.<\/p>\n<p>Edmilson pretende esclarecer todas as d\u00favidas para que o participante possa entender como calcular e projetar os seus valores para auxili\u00e1-lo na tomada de decis\u00e3o.<\/p>\n<p><strong>Quem pode migrar?<\/strong><\/p>\n<p>O membro ou servidor que ingressou no servi\u00e7o p\u00fablico federal antes de 14 de outubro de 2013 ganhou novo prazo para fazer a op\u00e7\u00e3o de migra\u00e7\u00e3o do Regime Pr\u00f3prio de Previd\u00eancia Social (RPPS), que proporciona uma aposentadoria integral ou pela m\u00e9dia remunerat\u00f3ria, para o novo RPPS que proporciona uma aposentadoria limitada ao teto do Regime Geral de Previd\u00eancia Social (RGPS\/INSS).<\/p>\n<p>A Medida Provis\u00f3ria n\u00ba 853 reabriu o prazo para migra\u00e7\u00e3o at\u00e9 29\/03\/2019.<\/p>\n<p>Os servidores empossados antes de 14\/10\/2013 que migrarem de regime poder\u00e3o aderir \u00e0 Funpresp-Jud como participante patrocinado, com direito \u00e0 contrapartida da Uni\u00e3o. Aquele que optar pela migra\u00e7\u00e3o ter\u00e1 direito a um benef\u00edcio especial. O valor ser\u00e1 pago pelo RPPS da Uni\u00e3o, por ocasi\u00e3o da aposentadoria, com base nos valores e quantidade de contribui\u00e7\u00f5es efetuadas para os Regimes Pr\u00f3prios.<\/p>\n<p>As al\u00edquotas de contribui\u00e7\u00e3o para a Funda\u00e7\u00e3o variam de 6,5% a 8,5% sobre a remunera\u00e7\u00e3o de participa\u00e7\u00e3o, que \u00e9 a diferen\u00e7a entre a o teto do INSS (R$ 5.839,45) e a remunera\u00e7\u00e3o recebida pelo membro ou servidor.<\/p>\n<p>A mudan\u00e7a de regime deve ser solicitada \u00e0s \u00e1reas de gest\u00e3o de pessoas do \u00f3rg\u00e3o no qual o membro ou servidor trabalha.<\/p>\n<p>Quem preferir se manter no regime antigo tamb\u00e9m pode aderir \u00e0 Funpresp-Jud como participante vinculado, para ter uma renda suplementar na aposentadoria. Ou seja, sem a contrapartida da Uni\u00e3o e sem abrir m\u00e3o do regime da integralidade ou da m\u00e9dia remunerat\u00f3ria.<\/p>\n<p>Participe! Tire suas d\u00favidas e fique seguro para tomar a melhor decis\u00e3o para voc\u00ea e sua fam\u00edlia!<\/p>\n<p><strong>Servi\u00e7o<\/strong><br \/>  <strong>Dia:<\/strong> 28\/02\/2018 (quinta-feira)<br \/>  <strong>Hor\u00e1rio:<\/strong> Das 15h \u00e0s 17h (hor\u00e1rio de Bras\u00edlia)<br \/>  <strong>Link de acesso e de inscri\u00e7\u00f5es do webinar:<\/strong> <a href=\"http:\/\/www.funprespjud.com.br\/webinar\">www.funprespjud.com.br\/webinar<\/a><br \/>  <strong>Informa\u00e7\u00f5es: <\/strong><a href=\"http:\/\/eventos@funprespjud.com.br\">eventos@funprespjud.com.br<\/a><br \/>  <strong>Inscri\u00e7\u00f5es gratuitas<\/strong><\/p>\n<p><strong>Fonte:<\/strong> Assessoria de Comunica\u00e7\u00e3o do Funpresp-Jud<\/p>\n<\/p><\/div>\n<p><i>Com informa\u00e7\u00f5es da assessoria de imprensa do TRF3.<\/i><br \/>\n<br \/><a href=\"http:\/\/web.trf3.jus.br\/noticias\/Noticias\/Noticia\/Exibir\/378169\">Fonte<\/a><br \/>\n<br \/><\/p>\n","protected":false},"excerpt":{"rendered":"<p>Evento interativo ser\u00e1 realizado pela internet no dia 28 de fevereiro, das 15h \u00e0s 17h O Diretor de Seguridade da Funpresp-Jud, Edmilson Enedino das Chagas, abordar\u00e1 as novidades sobre a Reforma da Previd\u00eancia, a migra\u00e7\u00e3o, o c\u00e1lculo do benef\u00edcio especial e a Funpresp-Jud no pr\u00f3ximo webinar que est\u00e1 agendado para 28 de fevereiro. O objetivo [&hellip;]<\/p>\n","protected":false},"author":3063,"featured_media":1910,"comment_status":"open","ping_status":"open","sticky":false,"template":"","format":"standard","meta":{"footnotes":""},"categories":[5,110],"tags":[11,10,8,13,9,12,152],"class_list":{"0":"post-3808","1":"post","2":"type-post","3":"status-publish","4":"format-standard","5":"has-post-thumbnail","7":"category-previdenciario","8":"category-trf3","9":"tag-aposentadoria","10":"tag-calculos-previdenciarios","11":"tag-direito-previdenciario","12":"tag-inss","13":"tag-pericia","14":"tag-perito","15":"tag-trf3"},"yoast_head":"<!-- This site is optimized with the Yoast SEO plugin v27.2 - https:\/\/yoast.com\/product\/yoast-seo-wordpress\/ -->\n<title>TRF3: FUNPRESP-JUD REALIZA WEBINAR PARA TIRAR D\u00daVIDAS ANTES DO ENCERRAMENTO DO PRAZO DE MIGRA\u00c7\u00c3O | Portal de Not\u00edcias<\/title>\n<meta name=\"robots\" content=\"index, follow, max-snippet:-1, max-image-preview:large, max-video-preview:-1\" \/>\n<link rel=\"canonical\" href=\"https:\/\/mhcalculos.com.br\/noticias\/area\/previdenciario\/trf3-funpresp-jud-realiza-webinar-para-tirar-duvidas-antes-do-encerramento-do-prazo-de-migracao.html\" \/>\n<meta property=\"og:locale\" content=\"pt_BR\" \/>\n<meta property=\"og:type\" content=\"article\" \/>\n<meta property=\"og:title\" content=\"TRF3: FUNPRESP-JUD REALIZA WEBINAR PARA TIRAR D\u00daVIDAS ANTES DO ENCERRAMENTO DO PRAZO DE MIGRA\u00c7\u00c3O | Portal de Not\u00edcias\" \/>\n<meta property=\"og:description\" content=\"Evento interativo ser\u00e1 realizado pela internet no dia 28 de fevereiro, das 15h \u00e0s 17h O Diretor de Seguridade da Funpresp-Jud, Edmilson Enedino das Chagas, abordar\u00e1 as novidades sobre a Reforma da Previd\u00eancia, a migra\u00e7\u00e3o, o c\u00e1lculo do benef\u00edcio especial e a Funpresp-Jud no pr\u00f3ximo webinar que est\u00e1 agendado para 28 de fevereiro. O objetivo [&hellip;]\" \/>\n<meta property=\"og:url\" content=\"https:\/\/mhcalculos.com.br\/noticias\/area\/previdenciario\/trf3-funpresp-jud-realiza-webinar-para-tirar-duvidas-antes-do-encerramento-do-prazo-de-migracao.html\" \/>\n<meta property=\"og:site_name\" content=\"Portal de Not\u00edcias\" \/>\n<meta property=\"article:published_time\" content=\"2019-02-21T21:00:46+00:00\" \/>\n<meta property=\"article:modified_time\" content=\"2021-07-28T17:33:19+00:00\" \/>\n<meta property=\"og:image\" content=\"https:\/\/mhcalculos.com.br\/noticias\/wp-content\/uploads\/sites\/2\/2018\/06\/judiciario-0017.jpg\" \/>\n\t<meta property=\"og:image:width\" content=\"2000\" \/>\n\t<meta property=\"og:image:height\" content=\"800\" \/>\n\t<meta property=\"og:image:type\" content=\"image\/jpeg\" \/>\n<meta name=\"author\" content=\"Equipe MH\" \/>\n<meta name=\"twitter:card\" content=\"summary_large_image\" \/>\n<meta name=\"twitter:label1\" content=\"Escrito por\" \/>\n\t<meta name=\"twitter:data1\" content=\"Equipe MH\" \/>\n\t<meta name=\"twitter:label2\" content=\"Est. tempo de leitura\" \/>\n\t<meta name=\"twitter:data2\" content=\"3 minutos\" \/>\n<script type=\"application\/ld+json\" class=\"yoast-schema-graph\">{\"@context\":\"https:\/\/schema.org\",\"@graph\":[{\"@type\":\"Article\",\"@id\":\"https:\/\/mhcalculos.com.br\/noticias\/area\/previdenciario\/trf3-funpresp-jud-realiza-webinar-para-tirar-duvidas-antes-do-encerramento-do-prazo-de-migracao.html#article\",\"isPartOf\":{\"@id\":\"https:\/\/mhcalculos.com.br\/noticias\/area\/previdenciario\/trf3-funpresp-jud-realiza-webinar-para-tirar-duvidas-antes-do-encerramento-do-prazo-de-migracao.html\"},\"author\":{\"name\":\"Equipe MH\",\"@id\":\"https:\/\/mhcalculos.com.br\/noticias\/#\/schema\/person\/88d1c34bf72dc779ea14a5a6b8e0ae8d\"},\"headline\":\"TRF3: FUNPRESP-JUD REALIZA WEBINAR PARA TIRAR D\u00daVIDAS ANTES DO ENCERRAMENTO DO PRAZO DE MIGRA\u00c7\u00c3O\",\"datePublished\":\"2019-02-21T21:00:46+00:00\",\"dateModified\":\"2021-07-28T17:33:19+00:00\",\"mainEntityOfPage\":{\"@id\":\"https:\/\/mhcalculos.com.br\/noticias\/area\/previdenciario\/trf3-funpresp-jud-realiza-webinar-para-tirar-duvidas-antes-do-encerramento-do-prazo-de-migracao.html\"},\"wordCount\":552,\"commentCount\":0,\"image\":{\"@id\":\"https:\/\/mhcalculos.com.br\/noticias\/area\/previdenciario\/trf3-funpresp-jud-realiza-webinar-para-tirar-duvidas-antes-do-encerramento-do-prazo-de-migracao.html#primaryimage\"},\"thumbnailUrl\":\"https:\/\/mhcalculos.com.br\/noticias\/wp-content\/uploads\/sites\/2\/2018\/06\/judiciario-0017.jpg\",\"keywords\":[\"aposentadoria\",\"c\u00e1lculos previdenci\u00e1rios\",\"direito previdenci\u00e1rio\",\"inss\",\"per\u00edcia\",\"perito\",\"trf3\"],\"articleSection\":[\"Direito Previdenci\u00e1rio\",\"TRF3\"],\"inLanguage\":\"pt-BR\",\"potentialAction\":[{\"@type\":\"CommentAction\",\"name\":\"Comment\",\"target\":[\"https:\/\/mhcalculos.com.br\/noticias\/area\/previdenciario\/trf3-funpresp-jud-realiza-webinar-para-tirar-duvidas-antes-do-encerramento-do-prazo-de-migracao.html#respond\"]}]},{\"@type\":\"WebPage\",\"@id\":\"https:\/\/mhcalculos.com.br\/noticias\/area\/previdenciario\/trf3-funpresp-jud-realiza-webinar-para-tirar-duvidas-antes-do-encerramento-do-prazo-de-migracao.html\",\"url\":\"https:\/\/mhcalculos.com.br\/noticias\/area\/previdenciario\/trf3-funpresp-jud-realiza-webinar-para-tirar-duvidas-antes-do-encerramento-do-prazo-de-migracao.html\",\"name\":\"TRF3: FUNPRESP-JUD REALIZA WEBINAR PARA TIRAR D\u00daVIDAS ANTES DO ENCERRAMENTO DO PRAZO DE MIGRA\u00c7\u00c3O | Portal de Not\u00edcias\",\"isPartOf\":{\"@id\":\"https:\/\/mhcalculos.com.br\/noticias\/#website\"},\"primaryImageOfPage\":{\"@id\":\"https:\/\/mhcalculos.com.br\/noticias\/area\/previdenciario\/trf3-funpresp-jud-realiza-webinar-para-tirar-duvidas-antes-do-encerramento-do-prazo-de-migracao.html#primaryimage\"},\"image\":{\"@id\":\"https:\/\/mhcalculos.com.br\/noticias\/area\/previdenciario\/trf3-funpresp-jud-realiza-webinar-para-tirar-duvidas-antes-do-encerramento-do-prazo-de-migracao.html#primaryimage\"},\"thumbnailUrl\":\"https:\/\/mhcalculos.com.br\/noticias\/wp-content\/uploads\/sites\/2\/2018\/06\/judiciario-0017.jpg\",\"datePublished\":\"2019-02-21T21:00:46+00:00\",\"dateModified\":\"2021-07-28T17:33:19+00:00\",\"author\":{\"@id\":\"https:\/\/mhcalculos.com.br\/noticias\/#\/schema\/person\/88d1c34bf72dc779ea14a5a6b8e0ae8d\"},\"breadcrumb\":{\"@id\":\"https:\/\/mhcalculos.com.br\/noticias\/area\/previdenciario\/trf3-funpresp-jud-realiza-webinar-para-tirar-duvidas-antes-do-encerramento-do-prazo-de-migracao.html#breadcrumb\"},\"inLanguage\":\"pt-BR\",\"potentialAction\":[{\"@type\":\"ReadAction\",\"target\":[\"https:\/\/mhcalculos.com.br\/noticias\/area\/previdenciario\/trf3-funpresp-jud-realiza-webinar-para-tirar-duvidas-antes-do-encerramento-do-prazo-de-migracao.html\"]}]},{\"@type\":\"ImageObject\",\"inLanguage\":\"pt-BR\",\"@id\":\"https:\/\/mhcalculos.com.br\/noticias\/area\/previdenciario\/trf3-funpresp-jud-realiza-webinar-para-tirar-duvidas-antes-do-encerramento-do-prazo-de-migracao.html#primaryimage\",\"url\":\"https:\/\/mhcalculos.com.br\/noticias\/wp-content\/uploads\/sites\/2\/2018\/06\/judiciario-0017.jpg\",\"contentUrl\":\"https:\/\/mhcalculos.com.br\/noticias\/wp-content\/uploads\/sites\/2\/2018\/06\/judiciario-0017.jpg\",\"width\":2000,\"height\":800},{\"@type\":\"BreadcrumbList\",\"@id\":\"https:\/\/mhcalculos.com.br\/noticias\/area\/previdenciario\/trf3-funpresp-jud-realiza-webinar-para-tirar-duvidas-antes-do-encerramento-do-prazo-de-migracao.html#breadcrumb\",\"itemListElement\":[{\"@type\":\"ListItem\",\"position\":1,\"name\":\"In\u00edcio\",\"item\":\"https:\/\/mhcalculos.com.br\/noticias\/\"},{\"@type\":\"ListItem\",\"position\":2,\"name\":\"TRF3: FUNPRESP-JUD REALIZA WEBINAR PARA TIRAR D\u00daVIDAS ANTES DO ENCERRAMENTO DO PRAZO DE MIGRA\u00c7\u00c3O\"}]},{\"@type\":\"WebSite\",\"@id\":\"https:\/\/mhcalculos.com.br\/noticias\/#website\",\"url\":\"https:\/\/mhcalculos.com.br\/noticias\/\",\"name\":\"Portal de Not\u00edcias\",\"description\":\"Not\u00edcias e Jurisprud\u00eancia\",\"potentialAction\":[{\"@type\":\"SearchAction\",\"target\":{\"@type\":\"EntryPoint\",\"urlTemplate\":\"https:\/\/mhcalculos.com.br\/noticias\/?s={search_term_string}\"},\"query-input\":{\"@type\":\"PropertyValueSpecification\",\"valueRequired\":true,\"valueName\":\"search_term_string\"}}],\"inLanguage\":\"pt-BR\"},{\"@type\":\"Person\",\"@id\":\"https:\/\/mhcalculos.com.br\/noticias\/#\/schema\/person\/88d1c34bf72dc779ea14a5a6b8e0ae8d\",\"name\":\"Equipe MH\",\"image\":{\"@type\":\"ImageObject\",\"inLanguage\":\"pt-BR\",\"@id\":\"https:\/\/secure.gravatar.com\/avatar\/de1c686c2ecc9c5a3f327e3431d819eb39f8f05d4e1045f5a1caad6daaba987f?s=96&d=mm&r=g\",\"url\":\"https:\/\/secure.gravatar.com\/avatar\/de1c686c2ecc9c5a3f327e3431d819eb39f8f05d4e1045f5a1caad6daaba987f?s=96&d=mm&r=g\",\"contentUrl\":\"https:\/\/secure.gravatar.com\/avatar\/de1c686c2ecc9c5a3f327e3431d819eb39f8f05d4e1045f5a1caad6daaba987f?s=96&d=mm&r=g\",\"caption\":\"Equipe MH\"}}]}<\/script>\n<!-- \/ Yoast SEO plugin. -->","yoast_head_json":{"title":"TRF3: FUNPRESP-JUD REALIZA WEBINAR PARA TIRAR D\u00daVIDAS ANTES DO ENCERRAMENTO DO PRAZO DE MIGRA\u00c7\u00c3O | Portal de Not\u00edcias","robots":{"index":"index","follow":"follow","max-snippet":"max-snippet:-1","max-image-preview":"max-image-preview:large","max-video-preview":"max-video-preview:-1"},"canonical":"https:\/\/mhcalculos.com.br\/noticias\/area\/previdenciario\/trf3-funpresp-jud-realiza-webinar-para-tirar-duvidas-antes-do-encerramento-do-prazo-de-migracao.html","og_locale":"pt_BR","og_type":"article","og_title":"TRF3: FUNPRESP-JUD REALIZA WEBINAR PARA TIRAR D\u00daVIDAS ANTES DO ENCERRAMENTO DO PRAZO DE MIGRA\u00c7\u00c3O | Portal de Not\u00edcias","og_description":"Evento interativo ser\u00e1 realizado pela internet no dia 28 de fevereiro, das 15h \u00e0s 17h O Diretor de Seguridade da Funpresp-Jud, Edmilson Enedino das Chagas, abordar\u00e1 as novidades sobre a Reforma da Previd\u00eancia, a migra\u00e7\u00e3o, o c\u00e1lculo do benef\u00edcio especial e a Funpresp-Jud no pr\u00f3ximo webinar que est\u00e1 agendado para 28 de fevereiro. O objetivo [&hellip;]","og_url":"https:\/\/mhcalculos.com.br\/noticias\/area\/previdenciario\/trf3-funpresp-jud-realiza-webinar-para-tirar-duvidas-antes-do-encerramento-do-prazo-de-migracao.html","og_site_name":"Portal de Not\u00edcias","article_published_time":"2019-02-21T21:00:46+00:00","article_modified_time":"2021-07-28T17:33:19+00:00","og_image":[{"width":2000,"height":800,"url":"https:\/\/mhcalculos.com.br\/noticias\/wp-content\/uploads\/sites\/2\/2018\/06\/judiciario-0017.jpg","type":"image\/jpeg"}],"author":"Equipe MH","twitter_card":"summary_large_image","twitter_misc":{"Escrito por":"Equipe MH","Est. tempo de leitura":"3 minutos"},"schema":{"@context":"https:\/\/schema.org","@graph":[{"@type":"Article","@id":"https:\/\/mhcalculos.com.br\/noticias\/area\/previdenciario\/trf3-funpresp-jud-realiza-webinar-para-tirar-duvidas-antes-do-encerramento-do-prazo-de-migracao.html#article","isPartOf":{"@id":"https:\/\/mhcalculos.com.br\/noticias\/area\/previdenciario\/trf3-funpresp-jud-realiza-webinar-para-tirar-duvidas-antes-do-encerramento-do-prazo-de-migracao.html"},"author":{"name":"Equipe MH","@id":"https:\/\/mhcalculos.com.br\/noticias\/#\/schema\/person\/88d1c34bf72dc779ea14a5a6b8e0ae8d"},"headline":"TRF3: FUNPRESP-JUD REALIZA WEBINAR PARA TIRAR D\u00daVIDAS ANTES DO ENCERRAMENTO DO PRAZO DE MIGRA\u00c7\u00c3O","datePublished":"2019-02-21T21:00:46+00:00","dateModified":"2021-07-28T17:33:19+00:00","mainEntityOfPage":{"@id":"https:\/\/mhcalculos.com.br\/noticias\/area\/previdenciario\/trf3-funpresp-jud-realiza-webinar-para-tirar-duvidas-antes-do-encerramento-do-prazo-de-migracao.html"},"wordCount":552,"commentCount":0,"image":{"@id":"https:\/\/mhcalculos.com.br\/noticias\/area\/previdenciario\/trf3-funpresp-jud-realiza-webinar-para-tirar-duvidas-antes-do-encerramento-do-prazo-de-migracao.html#primaryimage"},"thumbnailUrl":"https:\/\/mhcalculos.com.br\/noticias\/wp-content\/uploads\/sites\/2\/2018\/06\/judiciario-0017.jpg","keywords":["aposentadoria","c\u00e1lculos previdenci\u00e1rios","direito previdenci\u00e1rio","inss","per\u00edcia","perito","trf3"],"articleSection":["Direito Previdenci\u00e1rio","TRF3"],"inLanguage":"pt-BR","potentialAction":[{"@type":"CommentAction","name":"Comment","target":["https:\/\/mhcalculos.com.br\/noticias\/area\/previdenciario\/trf3-funpresp-jud-realiza-webinar-para-tirar-duvidas-antes-do-encerramento-do-prazo-de-migracao.html#respond"]}]},{"@type":"WebPage","@id":"https:\/\/mhcalculos.com.br\/noticias\/area\/previdenciario\/trf3-funpresp-jud-realiza-webinar-para-tirar-duvidas-antes-do-encerramento-do-prazo-de-migracao.html","url":"https:\/\/mhcalculos.com.br\/noticias\/area\/previdenciario\/trf3-funpresp-jud-realiza-webinar-para-tirar-duvidas-antes-do-encerramento-do-prazo-de-migracao.html","name":"TRF3: FUNPRESP-JUD REALIZA WEBINAR PARA TIRAR D\u00daVIDAS ANTES DO ENCERRAMENTO DO PRAZO DE MIGRA\u00c7\u00c3O | Portal de Not\u00edcias","isPartOf":{"@id":"https:\/\/mhcalculos.com.br\/noticias\/#website"},"primaryImageOfPage":{"@id":"https:\/\/mhcalculos.com.br\/noticias\/area\/previdenciario\/trf3-funpresp-jud-realiza-webinar-para-tirar-duvidas-antes-do-encerramento-do-prazo-de-migracao.html#primaryimage"},"image":{"@id":"https:\/\/mhcalculos.com.br\/noticias\/area\/previdenciario\/trf3-funpresp-jud-realiza-webinar-para-tirar-duvidas-antes-do-encerramento-do-prazo-de-migracao.html#primaryimage"},"thumbnailUrl":"https:\/\/mhcalculos.com.br\/noticias\/wp-content\/uploads\/sites\/2\/2018\/06\/judiciario-0017.jpg","datePublished":"2019-02-21T21:00:46+00:00","dateModified":"2021-07-28T17:33:19+00:00","author":{"@id":"https:\/\/mhcalculos.com.br\/noticias\/#\/schema\/person\/88d1c34bf72dc779ea14a5a6b8e0ae8d"},"breadcrumb":{"@id":"https:\/\/mhcalculos.com.br\/noticias\/area\/previdenciario\/trf3-funpresp-jud-realiza-webinar-para-tirar-duvidas-antes-do-encerramento-do-prazo-de-migracao.html#breadcrumb"},"inLanguage":"pt-BR","potentialAction":[{"@type":"ReadAction","target":["https:\/\/mhcalculos.com.br\/noticias\/area\/previdenciario\/trf3-funpresp-jud-realiza-webinar-para-tirar-duvidas-antes-do-encerramento-do-prazo-de-migracao.html"]}]},{"@type":"ImageObject","inLanguage":"pt-BR","@id":"https:\/\/mhcalculos.com.br\/noticias\/area\/previdenciario\/trf3-funpresp-jud-realiza-webinar-para-tirar-duvidas-antes-do-encerramento-do-prazo-de-migracao.html#primaryimage","url":"https:\/\/mhcalculos.com.br\/noticias\/wp-content\/uploads\/sites\/2\/2018\/06\/judiciario-0017.jpg","contentUrl":"https:\/\/mhcalculos.com.br\/noticias\/wp-content\/uploads\/sites\/2\/2018\/06\/judiciario-0017.jpg","width":2000,"height":800},{"@type":"BreadcrumbList","@id":"https:\/\/mhcalculos.com.br\/noticias\/area\/previdenciario\/trf3-funpresp-jud-realiza-webinar-para-tirar-duvidas-antes-do-encerramento-do-prazo-de-migracao.html#breadcrumb","itemListElement":[{"@type":"ListItem","position":1,"name":"In\u00edcio","item":"https:\/\/mhcalculos.com.br\/noticias\/"},{"@type":"ListItem","position":2,"name":"TRF3: FUNPRESP-JUD REALIZA WEBINAR PARA TIRAR D\u00daVIDAS ANTES DO ENCERRAMENTO DO PRAZO DE MIGRA\u00c7\u00c3O"}]},{"@type":"WebSite","@id":"https:\/\/mhcalculos.com.br\/noticias\/#website","url":"https:\/\/mhcalculos.com.br\/noticias\/","name":"Portal de Not\u00edcias","description":"Not\u00edcias e Jurisprud\u00eancia","potentialAction":[{"@type":"SearchAction","target":{"@type":"EntryPoint","urlTemplate":"https:\/\/mhcalculos.com.br\/noticias\/?s={search_term_string}"},"query-input":{"@type":"PropertyValueSpecification","valueRequired":true,"valueName":"search_term_string"}}],"inLanguage":"pt-BR"},{"@type":"Person","@id":"https:\/\/mhcalculos.com.br\/noticias\/#\/schema\/person\/88d1c34bf72dc779ea14a5a6b8e0ae8d","name":"Equipe MH","image":{"@type":"ImageObject","inLanguage":"pt-BR","@id":"https:\/\/secure.gravatar.com\/avatar\/de1c686c2ecc9c5a3f327e3431d819eb39f8f05d4e1045f5a1caad6daaba987f?s=96&d=mm&r=g","url":"https:\/\/secure.gravatar.com\/avatar\/de1c686c2ecc9c5a3f327e3431d819eb39f8f05d4e1045f5a1caad6daaba987f?s=96&d=mm&r=g","contentUrl":"https:\/\/secure.gravatar.com\/avatar\/de1c686c2ecc9c5a3f327e3431d819eb39f8f05d4e1045f5a1caad6daaba987f?s=96&d=mm&r=g","caption":"Equipe MH"}}]}},"_links":{"self":[{"href":"https:\/\/mhcalculos.com.br\/noticias\/wp-json\/wp\/v2\/posts\/3808","targetHints":{"allow":["GET"]}}],"collection":[{"href":"https:\/\/mhcalculos.com.br\/noticias\/wp-json\/wp\/v2\/posts"}],"about":[{"href":"https:\/\/mhcalculos.com.br\/noticias\/wp-json\/wp\/v2\/types\/post"}],"author":[{"embeddable":true,"href":"https:\/\/mhcalculos.com.br\/noticias\/wp-json\/wp\/v2\/users\/3063"}],"replies":[{"embeddable":true,"href":"https:\/\/mhcalculos.com.br\/noticias\/wp-json\/wp\/v2\/comments?post=3808"}],"version-history":[{"count":1,"href":"https:\/\/mhcalculos.com.br\/noticias\/wp-json\/wp\/v2\/posts\/3808\/revisions"}],"predecessor-version":[{"id":10005,"href":"https:\/\/mhcalculos.com.br\/noticias\/wp-json\/wp\/v2\/posts\/3808\/revisions\/10005"}],"wp:featuredmedia":[{"embeddable":true,"href":"https:\/\/mhcalculos.com.br\/noticias\/wp-json\/wp\/v2\/media\/1910"}],"wp:attachment":[{"href":"https:\/\/mhcalculos.com.br\/noticias\/wp-json\/wp\/v2\/media?parent=3808"}],"wp:term":[{"taxonomy":"category","embeddable":true,"href":"https:\/\/mhcalculos.com.br\/noticias\/wp-json\/wp\/v2\/categories?post=3808"},{"taxonomy":"post_tag","embeddable":true,"href":"https:\/\/mhcalculos.com.br\/noticias\/wp-json\/wp\/v2\/tags?post=3808"}],"curies":[{"name":"wp","href":"https:\/\/api.w.org\/{rel}","templated":true}]}}