{"id":3803,"date":"2019-02-21T12:00:12","date_gmt":"2019-02-21T15:00:12","guid":{"rendered":"https:\/\/mhcalculos.com.br\/noticias\/2019\/02\/21\/tudo-que-voce-precisa-saber-sobre-a-reforma-trabalhista-e-os-calculos-judiciais\/"},"modified":"2021-07-28T14:33:20","modified_gmt":"2021-07-28T17:33:20","slug":"tudo-que-voce-precisa-saber-sobre-a-reforma-trabalhista-e-os-calculos-judiciais","status":"publish","type":"post","link":"https:\/\/mhcalculos.com.br\/noticias\/inegavel-logica\/tudo-que-voce-precisa-saber-sobre-a-reforma-trabalhista-e-os-calculos-judiciais.html","title":{"rendered":"Tudo que voc\u00ea precisa saber sobre a Reforma Trabalhista e os c\u00e1lculos judiciais"},"content":{"rendered":"<p> <br \/>\n<\/p>\n<p><img decoding=\"async\" class=\"alignnone wp-image-1603 lazyload\" data-src=\"https:\/\/mhcalculos.com.br\/inegavel-logica\/wp-content\/uploads\/sites\/4\/2019\/02\/MH-C\u00c1LCULOS-1-300x300.png\" alt=\"\" width=\"472\" height=\"472\" src=\"data:image\/svg+xml;base64,PHN2ZyB3aWR0aD0iMSIgaGVpZ2h0PSIxIiB4bWxucz0iaHR0cDovL3d3dy53My5vcmcvMjAwMC9zdmciPjwvc3ZnPg==\" style=\"--smush-placeholder-width: 472px; --smush-placeholder-aspect-ratio: 472\/472;\" \/><\/p>\n<p>Este foi um encontro realizado pela MH onde os nossos Perito respons\u00e1vel (Economista Marlos Henrique) e CEO (Gustavo Ribeiro) esclareceram todos os pontos cruciais com a entrada em vigor da Reforma trabalhista, abordando temas como: A Reforma altera algo nos c\u00e1lculos judiciais? Ajuda ou atrapalha a vida do Perito? Vou fazer menos ou <span id=\"more-1602\"><\/span>mais c\u00e1lculos? Como devo me posicionar junto aos advogados para gerar valor a partir de agora, entre outros questionamentos importantes.<\/p>\n<p>Foi excelente esse momento e pudemos tirar muitas d\u00favidas com certeza.<\/p>\n<p>Para acessar o encontro <a href=\"https:\/\/youtu.be\/o-EJAcrYzXM\" target=\"_blank\" rel=\"noopener\">clique aqui.<\/a><\/p>\n<p>Aproveite!<\/p>\n<p>O post <a rel=\"nofollow\" href=\"https:\/\/mhcalculos.com.br\/inegavel-logica\/tudo-que-voce-precisa-saber-sobre-a-reforma-trabalhista-e-os-calculos-judiciais\/\">Tudo que voc\u00ea precisa saber sobre a Reforma Trabalhista e os c\u00e1lculos judiciais<\/a> apareceu primeiro em <a rel=\"nofollow\" href=\"https:\/\/mhcalculos.com.br\/inegavel-logica\">Ineg\u00e1vel L\u00f3gica dos C\u00e1lculos Judiciais<\/a>.<\/p>\n<p><i>Acesse o blog <a href=\"http:\/\/inegavellogica.com.br\/\">Ineg\u00e1vel L\u00f3gica<\/a> para conhecer mais conte\u00fados sobre c\u00e1lculos judiciais.<\/i><br \/>\n<br \/><a href=\"https:\/\/mhcalculos.com.br\/inegavel-logica\/tudo-que-voce-precisa-saber-sobre-a-reforma-trabalhista-e-os-calculos-judiciais\/\">Fonte<\/a><br \/>\n<br \/><\/p>\n","protected":false},"excerpt":{"rendered":"<p>Este foi um encontro realizado pela MH onde os nossos Perito respons\u00e1vel (Economista Marlos Henrique) e CEO (Gustavo Ribeiro) esclareceram todos os pontos cruciais com a entrada em vigor da Reforma trabalhista, abordando temas como: A Reforma altera algo nos c\u00e1lculos judiciais? Ajuda ou atrapalha a vida do Perito? Vou fazer menos ou mais c\u00e1lculos? [&hellip;]<\/p>\n","protected":false},"author":3063,"featured_media":2521,"comment_status":"open","ping_status":"open","sticky":false,"template":"","format":"standard","meta":{"footnotes":""},"categories":[114],"tags":[32,165,60],"class_list":{"0":"post-3803","1":"post","2":"type-post","3":"status-publish","4":"format-standard","5":"has-post-thumbnail","7":"category-inegavel-logica","8":"tag-calculos-judiciais","9":"tag-inegavel-logica","10":"tag-pericia-judicial"},"yoast_head":"<!-- This site is optimized with the Yoast SEO plugin v27.2 - https:\/\/yoast.com\/product\/yoast-seo-wordpress\/ -->\n<title>Tudo que voc\u00ea precisa saber sobre a Reforma Trabalhista e os c\u00e1lculos judiciais | Portal de Not\u00edcias<\/title>\n<meta name=\"robots\" content=\"index, follow, max-snippet:-1, max-image-preview:large, max-video-preview:-1\" \/>\n<link rel=\"canonical\" href=\"https:\/\/mhcalculos.com.br\/noticias\/inegavel-logica\/tudo-que-voce-precisa-saber-sobre-a-reforma-trabalhista-e-os-calculos-judiciais.html\" \/>\n<meta property=\"og:locale\" content=\"pt_BR\" \/>\n<meta property=\"og:type\" content=\"article\" \/>\n<meta property=\"og:title\" content=\"Tudo que voc\u00ea precisa saber sobre a Reforma Trabalhista e os c\u00e1lculos judiciais | Portal de Not\u00edcias\" \/>\n<meta property=\"og:description\" content=\"Este foi um encontro realizado pela MH onde os nossos Perito respons\u00e1vel (Economista Marlos Henrique) e CEO (Gustavo Ribeiro) esclareceram todos os pontos cruciais com a entrada em vigor da Reforma trabalhista, abordando temas como: A Reforma altera algo nos c\u00e1lculos judiciais? Ajuda ou atrapalha a vida do Perito? Vou fazer menos ou mais c\u00e1lculos? [&hellip;]\" \/>\n<meta property=\"og:url\" content=\"https:\/\/mhcalculos.com.br\/noticias\/inegavel-logica\/tudo-que-voce-precisa-saber-sobre-a-reforma-trabalhista-e-os-calculos-judiciais.html\" \/>\n<meta property=\"og:site_name\" content=\"Portal de Not\u00edcias\" \/>\n<meta property=\"article:published_time\" content=\"2019-02-21T15:00:12+00:00\" \/>\n<meta property=\"article:modified_time\" content=\"2021-07-28T17:33:20+00:00\" \/>\n<meta property=\"og:image\" content=\"https:\/\/mhcalculos.com.br\/noticias\/wp-content\/uploads\/sites\/2\/2018\/07\/inegavel-logica-0019.jpg\" \/>\n\t<meta property=\"og:image:width\" content=\"2000\" \/>\n\t<meta property=\"og:image:height\" content=\"800\" \/>\n\t<meta property=\"og:image:type\" content=\"image\/jpeg\" \/>\n<meta name=\"author\" content=\"Equipe MH\" \/>\n<meta name=\"twitter:card\" content=\"summary_large_image\" \/>\n<meta name=\"twitter:label1\" content=\"Escrito por\" \/>\n\t<meta name=\"twitter:data1\" content=\"Equipe MH\" \/>\n\t<meta name=\"twitter:label2\" content=\"Est. tempo de leitura\" \/>\n\t<meta name=\"twitter:data2\" content=\"1 minuto\" \/>\n<script type=\"application\/ld+json\" class=\"yoast-schema-graph\">{\"@context\":\"https:\/\/schema.org\",\"@graph\":[{\"@type\":\"Article\",\"@id\":\"https:\/\/mhcalculos.com.br\/noticias\/inegavel-logica\/tudo-que-voce-precisa-saber-sobre-a-reforma-trabalhista-e-os-calculos-judiciais.html#article\",\"isPartOf\":{\"@id\":\"https:\/\/mhcalculos.com.br\/noticias\/inegavel-logica\/tudo-que-voce-precisa-saber-sobre-a-reforma-trabalhista-e-os-calculos-judiciais.html\"},\"author\":{\"name\":\"Equipe MH\",\"@id\":\"https:\/\/mhcalculos.com.br\/noticias\/#\/schema\/person\/88d1c34bf72dc779ea14a5a6b8e0ae8d\"},\"headline\":\"Tudo que voc\u00ea precisa saber sobre a Reforma Trabalhista e os c\u00e1lculos judiciais\",\"datePublished\":\"2019-02-21T15:00:12+00:00\",\"dateModified\":\"2021-07-28T17:33:20+00:00\",\"mainEntityOfPage\":{\"@id\":\"https:\/\/mhcalculos.com.br\/noticias\/inegavel-logica\/tudo-que-voce-precisa-saber-sobre-a-reforma-trabalhista-e-os-calculos-judiciais.html\"},\"wordCount\":155,\"commentCount\":0,\"image\":{\"@id\":\"https:\/\/mhcalculos.com.br\/noticias\/inegavel-logica\/tudo-que-voce-precisa-saber-sobre-a-reforma-trabalhista-e-os-calculos-judiciais.html#primaryimage\"},\"thumbnailUrl\":\"https:\/\/mhcalculos.com.br\/noticias\/wp-content\/uploads\/sites\/2\/2018\/07\/inegavel-logica-0019.jpg\",\"keywords\":[\"c\u00e1lculos judiciais\",\"ineg\u00e1vel l\u00f3gica\",\"per\u00edcia judicial\"],\"articleSection\":[\"Ineg\u00e1vel L\u00f3gica\"],\"inLanguage\":\"pt-BR\",\"potentialAction\":[{\"@type\":\"CommentAction\",\"name\":\"Comment\",\"target\":[\"https:\/\/mhcalculos.com.br\/noticias\/inegavel-logica\/tudo-que-voce-precisa-saber-sobre-a-reforma-trabalhista-e-os-calculos-judiciais.html#respond\"]}]},{\"@type\":\"WebPage\",\"@id\":\"https:\/\/mhcalculos.com.br\/noticias\/inegavel-logica\/tudo-que-voce-precisa-saber-sobre-a-reforma-trabalhista-e-os-calculos-judiciais.html\",\"url\":\"https:\/\/mhcalculos.com.br\/noticias\/inegavel-logica\/tudo-que-voce-precisa-saber-sobre-a-reforma-trabalhista-e-os-calculos-judiciais.html\",\"name\":\"Tudo que voc\u00ea precisa saber sobre a Reforma Trabalhista e os c\u00e1lculos judiciais | Portal de Not\u00edcias\",\"isPartOf\":{\"@id\":\"https:\/\/mhcalculos.com.br\/noticias\/#website\"},\"primaryImageOfPage\":{\"@id\":\"https:\/\/mhcalculos.com.br\/noticias\/inegavel-logica\/tudo-que-voce-precisa-saber-sobre-a-reforma-trabalhista-e-os-calculos-judiciais.html#primaryimage\"},\"image\":{\"@id\":\"https:\/\/mhcalculos.com.br\/noticias\/inegavel-logica\/tudo-que-voce-precisa-saber-sobre-a-reforma-trabalhista-e-os-calculos-judiciais.html#primaryimage\"},\"thumbnailUrl\":\"https:\/\/mhcalculos.com.br\/noticias\/wp-content\/uploads\/sites\/2\/2018\/07\/inegavel-logica-0019.jpg\",\"datePublished\":\"2019-02-21T15:00:12+00:00\",\"dateModified\":\"2021-07-28T17:33:20+00:00\",\"author\":{\"@id\":\"https:\/\/mhcalculos.com.br\/noticias\/#\/schema\/person\/88d1c34bf72dc779ea14a5a6b8e0ae8d\"},\"breadcrumb\":{\"@id\":\"https:\/\/mhcalculos.com.br\/noticias\/inegavel-logica\/tudo-que-voce-precisa-saber-sobre-a-reforma-trabalhista-e-os-calculos-judiciais.html#breadcrumb\"},\"inLanguage\":\"pt-BR\",\"potentialAction\":[{\"@type\":\"ReadAction\",\"target\":[\"https:\/\/mhcalculos.com.br\/noticias\/inegavel-logica\/tudo-que-voce-precisa-saber-sobre-a-reforma-trabalhista-e-os-calculos-judiciais.html\"]}]},{\"@type\":\"ImageObject\",\"inLanguage\":\"pt-BR\",\"@id\":\"https:\/\/mhcalculos.com.br\/noticias\/inegavel-logica\/tudo-que-voce-precisa-saber-sobre-a-reforma-trabalhista-e-os-calculos-judiciais.html#primaryimage\",\"url\":\"https:\/\/mhcalculos.com.br\/noticias\/wp-content\/uploads\/sites\/2\/2018\/07\/inegavel-logica-0019.jpg\",\"contentUrl\":\"https:\/\/mhcalculos.com.br\/noticias\/wp-content\/uploads\/sites\/2\/2018\/07\/inegavel-logica-0019.jpg\",\"width\":2000,\"height\":800},{\"@type\":\"BreadcrumbList\",\"@id\":\"https:\/\/mhcalculos.com.br\/noticias\/inegavel-logica\/tudo-que-voce-precisa-saber-sobre-a-reforma-trabalhista-e-os-calculos-judiciais.html#breadcrumb\",\"itemListElement\":[{\"@type\":\"ListItem\",\"position\":1,\"name\":\"In\u00edcio\",\"item\":\"https:\/\/mhcalculos.com.br\/noticias\/\"},{\"@type\":\"ListItem\",\"position\":2,\"name\":\"Tudo que voc\u00ea precisa saber sobre a Reforma Trabalhista e os c\u00e1lculos judiciais\"}]},{\"@type\":\"WebSite\",\"@id\":\"https:\/\/mhcalculos.com.br\/noticias\/#website\",\"url\":\"https:\/\/mhcalculos.com.br\/noticias\/\",\"name\":\"Portal de Not\u00edcias\",\"description\":\"Not\u00edcias e Jurisprud\u00eancia\",\"potentialAction\":[{\"@type\":\"SearchAction\",\"target\":{\"@type\":\"EntryPoint\",\"urlTemplate\":\"https:\/\/mhcalculos.com.br\/noticias\/?s={search_term_string}\"},\"query-input\":{\"@type\":\"PropertyValueSpecification\",\"valueRequired\":true,\"valueName\":\"search_term_string\"}}],\"inLanguage\":\"pt-BR\"},{\"@type\":\"Person\",\"@id\":\"https:\/\/mhcalculos.com.br\/noticias\/#\/schema\/person\/88d1c34bf72dc779ea14a5a6b8e0ae8d\",\"name\":\"Equipe MH\",\"image\":{\"@type\":\"ImageObject\",\"inLanguage\":\"pt-BR\",\"@id\":\"https:\/\/secure.gravatar.com\/avatar\/de1c686c2ecc9c5a3f327e3431d819eb39f8f05d4e1045f5a1caad6daaba987f?s=96&d=mm&r=g\",\"url\":\"https:\/\/secure.gravatar.com\/avatar\/de1c686c2ecc9c5a3f327e3431d819eb39f8f05d4e1045f5a1caad6daaba987f?s=96&d=mm&r=g\",\"contentUrl\":\"https:\/\/secure.gravatar.com\/avatar\/de1c686c2ecc9c5a3f327e3431d819eb39f8f05d4e1045f5a1caad6daaba987f?s=96&d=mm&r=g\",\"caption\":\"Equipe MH\"}}]}<\/script>\n<!-- \/ Yoast SEO plugin. -->","yoast_head_json":{"title":"Tudo que voc\u00ea precisa saber sobre a Reforma Trabalhista e os c\u00e1lculos judiciais | Portal de Not\u00edcias","robots":{"index":"index","follow":"follow","max-snippet":"max-snippet:-1","max-image-preview":"max-image-preview:large","max-video-preview":"max-video-preview:-1"},"canonical":"https:\/\/mhcalculos.com.br\/noticias\/inegavel-logica\/tudo-que-voce-precisa-saber-sobre-a-reforma-trabalhista-e-os-calculos-judiciais.html","og_locale":"pt_BR","og_type":"article","og_title":"Tudo que voc\u00ea precisa saber sobre a Reforma Trabalhista e os c\u00e1lculos judiciais | Portal de Not\u00edcias","og_description":"Este foi um encontro realizado pela MH onde os nossos Perito respons\u00e1vel (Economista Marlos Henrique) e CEO (Gustavo Ribeiro) esclareceram todos os pontos cruciais com a entrada em vigor da Reforma trabalhista, abordando temas como: A Reforma altera algo nos c\u00e1lculos judiciais? Ajuda ou atrapalha a vida do Perito? Vou fazer menos ou mais c\u00e1lculos? [&hellip;]","og_url":"https:\/\/mhcalculos.com.br\/noticias\/inegavel-logica\/tudo-que-voce-precisa-saber-sobre-a-reforma-trabalhista-e-os-calculos-judiciais.html","og_site_name":"Portal de Not\u00edcias","article_published_time":"2019-02-21T15:00:12+00:00","article_modified_time":"2021-07-28T17:33:20+00:00","og_image":[{"width":2000,"height":800,"url":"https:\/\/mhcalculos.com.br\/noticias\/wp-content\/uploads\/sites\/2\/2018\/07\/inegavel-logica-0019.jpg","type":"image\/jpeg"}],"author":"Equipe MH","twitter_card":"summary_large_image","twitter_misc":{"Escrito por":"Equipe MH","Est. tempo de leitura":"1 minuto"},"schema":{"@context":"https:\/\/schema.org","@graph":[{"@type":"Article","@id":"https:\/\/mhcalculos.com.br\/noticias\/inegavel-logica\/tudo-que-voce-precisa-saber-sobre-a-reforma-trabalhista-e-os-calculos-judiciais.html#article","isPartOf":{"@id":"https:\/\/mhcalculos.com.br\/noticias\/inegavel-logica\/tudo-que-voce-precisa-saber-sobre-a-reforma-trabalhista-e-os-calculos-judiciais.html"},"author":{"name":"Equipe MH","@id":"https:\/\/mhcalculos.com.br\/noticias\/#\/schema\/person\/88d1c34bf72dc779ea14a5a6b8e0ae8d"},"headline":"Tudo que voc\u00ea precisa saber sobre a Reforma Trabalhista e os c\u00e1lculos judiciais","datePublished":"2019-02-21T15:00:12+00:00","dateModified":"2021-07-28T17:33:20+00:00","mainEntityOfPage":{"@id":"https:\/\/mhcalculos.com.br\/noticias\/inegavel-logica\/tudo-que-voce-precisa-saber-sobre-a-reforma-trabalhista-e-os-calculos-judiciais.html"},"wordCount":155,"commentCount":0,"image":{"@id":"https:\/\/mhcalculos.com.br\/noticias\/inegavel-logica\/tudo-que-voce-precisa-saber-sobre-a-reforma-trabalhista-e-os-calculos-judiciais.html#primaryimage"},"thumbnailUrl":"https:\/\/mhcalculos.com.br\/noticias\/wp-content\/uploads\/sites\/2\/2018\/07\/inegavel-logica-0019.jpg","keywords":["c\u00e1lculos judiciais","ineg\u00e1vel l\u00f3gica","per\u00edcia judicial"],"articleSection":["Ineg\u00e1vel L\u00f3gica"],"inLanguage":"pt-BR","potentialAction":[{"@type":"CommentAction","name":"Comment","target":["https:\/\/mhcalculos.com.br\/noticias\/inegavel-logica\/tudo-que-voce-precisa-saber-sobre-a-reforma-trabalhista-e-os-calculos-judiciais.html#respond"]}]},{"@type":"WebPage","@id":"https:\/\/mhcalculos.com.br\/noticias\/inegavel-logica\/tudo-que-voce-precisa-saber-sobre-a-reforma-trabalhista-e-os-calculos-judiciais.html","url":"https:\/\/mhcalculos.com.br\/noticias\/inegavel-logica\/tudo-que-voce-precisa-saber-sobre-a-reforma-trabalhista-e-os-calculos-judiciais.html","name":"Tudo que voc\u00ea precisa saber sobre a Reforma Trabalhista e os c\u00e1lculos judiciais | Portal de Not\u00edcias","isPartOf":{"@id":"https:\/\/mhcalculos.com.br\/noticias\/#website"},"primaryImageOfPage":{"@id":"https:\/\/mhcalculos.com.br\/noticias\/inegavel-logica\/tudo-que-voce-precisa-saber-sobre-a-reforma-trabalhista-e-os-calculos-judiciais.html#primaryimage"},"image":{"@id":"https:\/\/mhcalculos.com.br\/noticias\/inegavel-logica\/tudo-que-voce-precisa-saber-sobre-a-reforma-trabalhista-e-os-calculos-judiciais.html#primaryimage"},"thumbnailUrl":"https:\/\/mhcalculos.com.br\/noticias\/wp-content\/uploads\/sites\/2\/2018\/07\/inegavel-logica-0019.jpg","datePublished":"2019-02-21T15:00:12+00:00","dateModified":"2021-07-28T17:33:20+00:00","author":{"@id":"https:\/\/mhcalculos.com.br\/noticias\/#\/schema\/person\/88d1c34bf72dc779ea14a5a6b8e0ae8d"},"breadcrumb":{"@id":"https:\/\/mhcalculos.com.br\/noticias\/inegavel-logica\/tudo-que-voce-precisa-saber-sobre-a-reforma-trabalhista-e-os-calculos-judiciais.html#breadcrumb"},"inLanguage":"pt-BR","potentialAction":[{"@type":"ReadAction","target":["https:\/\/mhcalculos.com.br\/noticias\/inegavel-logica\/tudo-que-voce-precisa-saber-sobre-a-reforma-trabalhista-e-os-calculos-judiciais.html"]}]},{"@type":"ImageObject","inLanguage":"pt-BR","@id":"https:\/\/mhcalculos.com.br\/noticias\/inegavel-logica\/tudo-que-voce-precisa-saber-sobre-a-reforma-trabalhista-e-os-calculos-judiciais.html#primaryimage","url":"https:\/\/mhcalculos.com.br\/noticias\/wp-content\/uploads\/sites\/2\/2018\/07\/inegavel-logica-0019.jpg","contentUrl":"https:\/\/mhcalculos.com.br\/noticias\/wp-content\/uploads\/sites\/2\/2018\/07\/inegavel-logica-0019.jpg","width":2000,"height":800},{"@type":"BreadcrumbList","@id":"https:\/\/mhcalculos.com.br\/noticias\/inegavel-logica\/tudo-que-voce-precisa-saber-sobre-a-reforma-trabalhista-e-os-calculos-judiciais.html#breadcrumb","itemListElement":[{"@type":"ListItem","position":1,"name":"In\u00edcio","item":"https:\/\/mhcalculos.com.br\/noticias\/"},{"@type":"ListItem","position":2,"name":"Tudo que voc\u00ea precisa saber sobre a Reforma Trabalhista e os c\u00e1lculos judiciais"}]},{"@type":"WebSite","@id":"https:\/\/mhcalculos.com.br\/noticias\/#website","url":"https:\/\/mhcalculos.com.br\/noticias\/","name":"Portal de Not\u00edcias","description":"Not\u00edcias e Jurisprud\u00eancia","potentialAction":[{"@type":"SearchAction","target":{"@type":"EntryPoint","urlTemplate":"https:\/\/mhcalculos.com.br\/noticias\/?s={search_term_string}"},"query-input":{"@type":"PropertyValueSpecification","valueRequired":true,"valueName":"search_term_string"}}],"inLanguage":"pt-BR"},{"@type":"Person","@id":"https:\/\/mhcalculos.com.br\/noticias\/#\/schema\/person\/88d1c34bf72dc779ea14a5a6b8e0ae8d","name":"Equipe MH","image":{"@type":"ImageObject","inLanguage":"pt-BR","@id":"https:\/\/secure.gravatar.com\/avatar\/de1c686c2ecc9c5a3f327e3431d819eb39f8f05d4e1045f5a1caad6daaba987f?s=96&d=mm&r=g","url":"https:\/\/secure.gravatar.com\/avatar\/de1c686c2ecc9c5a3f327e3431d819eb39f8f05d4e1045f5a1caad6daaba987f?s=96&d=mm&r=g","contentUrl":"https:\/\/secure.gravatar.com\/avatar\/de1c686c2ecc9c5a3f327e3431d819eb39f8f05d4e1045f5a1caad6daaba987f?s=96&d=mm&r=g","caption":"Equipe MH"}}]}},"_links":{"self":[{"href":"https:\/\/mhcalculos.com.br\/noticias\/wp-json\/wp\/v2\/posts\/3803","targetHints":{"allow":["GET"]}}],"collection":[{"href":"https:\/\/mhcalculos.com.br\/noticias\/wp-json\/wp\/v2\/posts"}],"about":[{"href":"https:\/\/mhcalculos.com.br\/noticias\/wp-json\/wp\/v2\/types\/post"}],"author":[{"embeddable":true,"href":"https:\/\/mhcalculos.com.br\/noticias\/wp-json\/wp\/v2\/users\/3063"}],"replies":[{"embeddable":true,"href":"https:\/\/mhcalculos.com.br\/noticias\/wp-json\/wp\/v2\/comments?post=3803"}],"version-history":[{"count":1,"href":"https:\/\/mhcalculos.com.br\/noticias\/wp-json\/wp\/v2\/posts\/3803\/revisions"}],"predecessor-version":[{"id":10007,"href":"https:\/\/mhcalculos.com.br\/noticias\/wp-json\/wp\/v2\/posts\/3803\/revisions\/10007"}],"wp:featuredmedia":[{"embeddable":true,"href":"https:\/\/mhcalculos.com.br\/noticias\/wp-json\/wp\/v2\/media\/2521"}],"wp:attachment":[{"href":"https:\/\/mhcalculos.com.br\/noticias\/wp-json\/wp\/v2\/media?parent=3803"}],"wp:term":[{"taxonomy":"category","embeddable":true,"href":"https:\/\/mhcalculos.com.br\/noticias\/wp-json\/wp\/v2\/categories?post=3803"},{"taxonomy":"post_tag","embeddable":true,"href":"https:\/\/mhcalculos.com.br\/noticias\/wp-json\/wp\/v2\/tags?post=3803"}],"curies":[{"name":"wp","href":"https:\/\/api.w.org\/{rel}","templated":true}]}}