{"id":3779,"date":"2019-02-16T11:00:07","date_gmt":"2019-02-16T13:00:07","guid":{"rendered":"https:\/\/mhcalculos.com.br\/noticias\/2019\/02\/16\/stf-negada-liminar-para-suspender-acao-penal-contra-desembargador-aposentado-do-ceara\/"},"modified":"2021-07-28T14:33:22","modified_gmt":"2021-07-28T17:33:22","slug":"stf-negada-liminar-para-suspender-acao-penal-contra-desembargador-aposentado-do-ceara","status":"publish","type":"post","link":"https:\/\/mhcalculos.com.br\/noticias\/area\/previdenciario\/stf-negada-liminar-para-suspender-acao-penal-contra-desembargador-aposentado-do-ceara.html","title":{"rendered":"STF: Negada liminar para suspender a\u00e7\u00e3o penal contra desembargador aposentado do Cear\u00e1"},"content":{"rendered":"<p><br \/>\n<\/p>\n<p>O ministro Ricardo Lewandowski, do Supremo Tribunal Federal (STF), negou medida liminar por meio da qual a defesa do desembargador aposentado do Tribunal de Justi\u00e7a do Cear\u00e1 (TJ-CE) Valdsen da Silva Alves Pereira buscava suspender a a\u00e7\u00e3o penal a que ele responde pela suposta pr\u00e1tica do crime de corrup\u00e7\u00e3o passiva. A decis\u00e3o foi tomada no Habeas Corpus (HC) 165536.<\/p>\n<p>O magistrado aposentou-se compulsoriamente, em raz\u00e3o da idade, em maio de 2014. Mesmo assim, foi inserido na condi\u00e7\u00e3o de investigado em inqu\u00e9rito aberto no Superior Tribunal de Justi\u00e7a (STJ), foro para julgamento de desembargadores. Segundo a den\u00fancia do Minist\u00e9rio P\u00fablico Federal (MPF), oferecida em novembro de 2017, o magistrado participava de uma suposta rede de corrup\u00e7\u00e3o, formada por outros desembargadores do TJ-CE, que recebia vantagem pecuni\u00e1ria em troca de decis\u00f5es judiciais favor\u00e1veis a supostos corruptores.<\/p>\n<p>Ao analisar quest\u00e3o de ordem, a Corte Especial do STJ decidiu pelo desmembramento da a\u00e7\u00e3o penal e pela remessa da den\u00fancia contra o magistrado ao ju\u00edzo competente, mantendo v\u00e1lidos todos os atos investigat\u00f3rios, processuais e as medidas cautelares at\u00e9 ent\u00e3o determinadas.<\/p>\n<p>No HC impetrado no Supremo, a defesa alega que o STJ n\u00e3o era o ju\u00edzo competente para autorizar atos de instru\u00e7\u00e3o processual contra o desembargador, em virtude de sua aposentadoria, e que n\u00e3o h\u00e1 conex\u00e3o de sua conduta com a dos demais acusados. Al\u00e9m do pedido cautelar para suspender o curso da a\u00e7\u00e3o penal, requer, no m\u00e9rito, a nulidade de todos os atos investigat\u00f3rios e decis\u00f5es ocorridos a partir da aposentadoria e a libera\u00e7\u00e3o dos seus bens bloqueados.<\/p>\n<p><b>Decis\u00e3o<\/b><\/p>\n<p>O ministro Ricardo Lewandowski n\u00e3o verificou no caso os requisitos autorizadores da concess\u00e3o da medida cautelar. &ldquo;A Corte Especial do Superior Tribunal de Justi\u00e7a examinou verticalmente a possibilidade de desmembramento da a\u00e7\u00e3o penal, bem como da validade de todos os atos investigat\u00f3rios, processuais e as medidas cautelares determinadas&rdquo;, disse.<\/p>\n<p>De acordo com o relator, a investiga\u00e7\u00e3o foi mantida no STJ em decorr\u00eancia de conex\u00e3o verificada a partir dos ind\u00edcios iniciais coletados pela autoridade policial e, somente ap\u00f3s o seu t\u00e9rmino, o colegiado entendeu ser poss\u00edvel o desmembramento. Para Lewandowski, numa an\u00e1lise preliminar, n\u00e3o se revelam ilegais ou nulas as provas obtidas sob a supervis\u00e3o do STJ, o que afasta a plausibilidade do direito alegado (<i>fumus boni iuris<\/i>). O ministro apontou que tamb\u00e9m n\u00e3o h\u00e1 possibilidade de les\u00e3o irrepar\u00e1vel ou de dif\u00edcil repara\u00e7\u00e3o (<i>periculum in mora<\/i>), em raz\u00e3o do est\u00e1gio inicial da a\u00e7\u00e3o penal remetida ao ju\u00edzo competente.<\/p>\n<p>Sobre a alega\u00e7\u00e3o de cerceamento de defesa em rela\u00e7\u00e3o ao julgamento da quest\u00e3o de ordem e do apontado preju\u00edzo \u00e0 an\u00e1lise da exce\u00e7\u00e3o de compet\u00eancia (ajuizada pela defesa no STJ), o relator frisou que \u00e9 necess\u00e1ria a requisi\u00e7\u00e3o de informa\u00e7\u00f5es ao STJ de forma a subsidiar a an\u00e1lise do argumento.<\/p>\n<p><span style=\"font-size: small\">RP\/AD<\/span><\/p>\n<p>&nbsp;<\/p>\n<p><i>Com informa\u00e7\u00f5es da assessoria de imprensa do STF.<\/i><br \/>\n<br \/><br \/>\n<br \/><a href=\"http:\/\/www.stf.jus.br\/portal\/cms\/verNoticiaDetalhe.asp?idConteudo=403336\">Fonte<\/a><\/p>\n","protected":false},"excerpt":{"rendered":"<p>O ministro Ricardo Lewandowski, do Supremo Tribunal Federal (STF), negou medida liminar por meio da qual a defesa do desembargador aposentado do Tribunal de Justi\u00e7a do Cear\u00e1 (TJ-CE) Valdsen da Silva Alves Pereira buscava suspender a a\u00e7\u00e3o penal a que ele responde pela suposta pr\u00e1tica do crime de corrup\u00e7\u00e3o passiva. A decis\u00e3o foi tomada no [&hellip;]<\/p>\n","protected":false},"author":3063,"featured_media":2775,"comment_status":"open","ping_status":"open","sticky":false,"template":"","format":"standard","meta":{"footnotes":""},"categories":[5,15],"tags":[11,10,8,13,9,12,16],"class_list":{"0":"post-3779","1":"post","2":"type-post","3":"status-publish","4":"format-standard","5":"has-post-thumbnail","7":"category-previdenciario","8":"category-stf","9":"tag-aposentadoria","10":"tag-calculos-previdenciarios","11":"tag-direito-previdenciario","12":"tag-inss","13":"tag-pericia","14":"tag-perito","15":"tag-stf"},"yoast_head":"<!-- This site is optimized with the Yoast SEO plugin v27.2 - https:\/\/yoast.com\/product\/yoast-seo-wordpress\/ -->\n<title>STF: Negada liminar para suspender a\u00e7\u00e3o penal contra desembargador aposentado do Cear\u00e1 | Portal de Not\u00edcias<\/title>\n<meta name=\"robots\" content=\"index, follow, max-snippet:-1, max-image-preview:large, max-video-preview:-1\" \/>\n<link rel=\"canonical\" href=\"https:\/\/mhcalculos.com.br\/noticias\/area\/previdenciario\/stf-negada-liminar-para-suspender-acao-penal-contra-desembargador-aposentado-do-ceara.html\" \/>\n<meta property=\"og:locale\" content=\"pt_BR\" \/>\n<meta property=\"og:type\" content=\"article\" \/>\n<meta property=\"og:title\" content=\"STF: Negada liminar para suspender a\u00e7\u00e3o penal contra desembargador aposentado do Cear\u00e1 | Portal de Not\u00edcias\" \/>\n<meta property=\"og:description\" content=\"O ministro Ricardo Lewandowski, do Supremo Tribunal Federal (STF), negou medida liminar por meio da qual a defesa do desembargador aposentado do Tribunal de Justi\u00e7a do Cear\u00e1 (TJ-CE) Valdsen da Silva Alves Pereira buscava suspender a a\u00e7\u00e3o penal a que ele responde pela suposta pr\u00e1tica do crime de corrup\u00e7\u00e3o passiva. A decis\u00e3o foi tomada no [&hellip;]\" \/>\n<meta property=\"og:url\" content=\"https:\/\/mhcalculos.com.br\/noticias\/area\/previdenciario\/stf-negada-liminar-para-suspender-acao-penal-contra-desembargador-aposentado-do-ceara.html\" \/>\n<meta property=\"og:site_name\" content=\"Portal de Not\u00edcias\" \/>\n<meta property=\"article:published_time\" content=\"2019-02-16T13:00:07+00:00\" \/>\n<meta property=\"article:modified_time\" content=\"2021-07-28T17:33:22+00:00\" \/>\n<meta property=\"og:image\" content=\"https:\/\/mhcalculos.com.br\/noticias\/wp-content\/uploads\/sites\/2\/2018\/08\/previdenciario-0022.jpg\" \/>\n\t<meta property=\"og:image:width\" content=\"2000\" \/>\n\t<meta property=\"og:image:height\" content=\"800\" \/>\n\t<meta property=\"og:image:type\" content=\"image\/jpeg\" \/>\n<meta name=\"author\" content=\"Equipe MH\" \/>\n<meta name=\"twitter:card\" content=\"summary_large_image\" \/>\n<meta name=\"twitter:label1\" content=\"Escrito por\" \/>\n\t<meta name=\"twitter:data1\" content=\"Equipe MH\" \/>\n\t<meta name=\"twitter:label2\" content=\"Est. tempo de leitura\" \/>\n\t<meta name=\"twitter:data2\" content=\"3 minutos\" \/>\n<script type=\"application\/ld+json\" class=\"yoast-schema-graph\">{\"@context\":\"https:\/\/schema.org\",\"@graph\":[{\"@type\":\"Article\",\"@id\":\"https:\/\/mhcalculos.com.br\/noticias\/area\/previdenciario\/stf-negada-liminar-para-suspender-acao-penal-contra-desembargador-aposentado-do-ceara.html#article\",\"isPartOf\":{\"@id\":\"https:\/\/mhcalculos.com.br\/noticias\/area\/previdenciario\/stf-negada-liminar-para-suspender-acao-penal-contra-desembargador-aposentado-do-ceara.html\"},\"author\":{\"name\":\"Equipe MH\",\"@id\":\"https:\/\/mhcalculos.com.br\/noticias\/#\/schema\/person\/88d1c34bf72dc779ea14a5a6b8e0ae8d\"},\"headline\":\"STF: Negada liminar para suspender a\u00e7\u00e3o penal contra desembargador aposentado do Cear\u00e1\",\"datePublished\":\"2019-02-16T13:00:07+00:00\",\"dateModified\":\"2021-07-28T17:33:22+00:00\",\"mainEntityOfPage\":{\"@id\":\"https:\/\/mhcalculos.com.br\/noticias\/area\/previdenciario\/stf-negada-liminar-para-suspender-acao-penal-contra-desembargador-aposentado-do-ceara.html\"},\"wordCount\":547,\"commentCount\":0,\"image\":{\"@id\":\"https:\/\/mhcalculos.com.br\/noticias\/area\/previdenciario\/stf-negada-liminar-para-suspender-acao-penal-contra-desembargador-aposentado-do-ceara.html#primaryimage\"},\"thumbnailUrl\":\"https:\/\/mhcalculos.com.br\/noticias\/wp-content\/uploads\/sites\/2\/2018\/08\/previdenciario-0022.jpg\",\"keywords\":[\"aposentadoria\",\"c\u00e1lculos previdenci\u00e1rios\",\"direito previdenci\u00e1rio\",\"inss\",\"per\u00edcia\",\"perito\",\"stf\"],\"articleSection\":[\"Direito Previdenci\u00e1rio\",\"STF\"],\"inLanguage\":\"pt-BR\",\"potentialAction\":[{\"@type\":\"CommentAction\",\"name\":\"Comment\",\"target\":[\"https:\/\/mhcalculos.com.br\/noticias\/area\/previdenciario\/stf-negada-liminar-para-suspender-acao-penal-contra-desembargador-aposentado-do-ceara.html#respond\"]}]},{\"@type\":\"WebPage\",\"@id\":\"https:\/\/mhcalculos.com.br\/noticias\/area\/previdenciario\/stf-negada-liminar-para-suspender-acao-penal-contra-desembargador-aposentado-do-ceara.html\",\"url\":\"https:\/\/mhcalculos.com.br\/noticias\/area\/previdenciario\/stf-negada-liminar-para-suspender-acao-penal-contra-desembargador-aposentado-do-ceara.html\",\"name\":\"STF: Negada liminar para suspender a\u00e7\u00e3o penal contra desembargador aposentado do Cear\u00e1 | Portal de Not\u00edcias\",\"isPartOf\":{\"@id\":\"https:\/\/mhcalculos.com.br\/noticias\/#website\"},\"primaryImageOfPage\":{\"@id\":\"https:\/\/mhcalculos.com.br\/noticias\/area\/previdenciario\/stf-negada-liminar-para-suspender-acao-penal-contra-desembargador-aposentado-do-ceara.html#primaryimage\"},\"image\":{\"@id\":\"https:\/\/mhcalculos.com.br\/noticias\/area\/previdenciario\/stf-negada-liminar-para-suspender-acao-penal-contra-desembargador-aposentado-do-ceara.html#primaryimage\"},\"thumbnailUrl\":\"https:\/\/mhcalculos.com.br\/noticias\/wp-content\/uploads\/sites\/2\/2018\/08\/previdenciario-0022.jpg\",\"datePublished\":\"2019-02-16T13:00:07+00:00\",\"dateModified\":\"2021-07-28T17:33:22+00:00\",\"author\":{\"@id\":\"https:\/\/mhcalculos.com.br\/noticias\/#\/schema\/person\/88d1c34bf72dc779ea14a5a6b8e0ae8d\"},\"breadcrumb\":{\"@id\":\"https:\/\/mhcalculos.com.br\/noticias\/area\/previdenciario\/stf-negada-liminar-para-suspender-acao-penal-contra-desembargador-aposentado-do-ceara.html#breadcrumb\"},\"inLanguage\":\"pt-BR\",\"potentialAction\":[{\"@type\":\"ReadAction\",\"target\":[\"https:\/\/mhcalculos.com.br\/noticias\/area\/previdenciario\/stf-negada-liminar-para-suspender-acao-penal-contra-desembargador-aposentado-do-ceara.html\"]}]},{\"@type\":\"ImageObject\",\"inLanguage\":\"pt-BR\",\"@id\":\"https:\/\/mhcalculos.com.br\/noticias\/area\/previdenciario\/stf-negada-liminar-para-suspender-acao-penal-contra-desembargador-aposentado-do-ceara.html#primaryimage\",\"url\":\"https:\/\/mhcalculos.com.br\/noticias\/wp-content\/uploads\/sites\/2\/2018\/08\/previdenciario-0022.jpg\",\"contentUrl\":\"https:\/\/mhcalculos.com.br\/noticias\/wp-content\/uploads\/sites\/2\/2018\/08\/previdenciario-0022.jpg\",\"width\":2000,\"height\":800,\"caption\":\"Tribunal emite novo alerta contra golpe do processo\"},{\"@type\":\"BreadcrumbList\",\"@id\":\"https:\/\/mhcalculos.com.br\/noticias\/area\/previdenciario\/stf-negada-liminar-para-suspender-acao-penal-contra-desembargador-aposentado-do-ceara.html#breadcrumb\",\"itemListElement\":[{\"@type\":\"ListItem\",\"position\":1,\"name\":\"In\u00edcio\",\"item\":\"https:\/\/mhcalculos.com.br\/noticias\/\"},{\"@type\":\"ListItem\",\"position\":2,\"name\":\"STF: Negada liminar para suspender a\u00e7\u00e3o penal contra desembargador aposentado do Cear\u00e1\"}]},{\"@type\":\"WebSite\",\"@id\":\"https:\/\/mhcalculos.com.br\/noticias\/#website\",\"url\":\"https:\/\/mhcalculos.com.br\/noticias\/\",\"name\":\"Portal de Not\u00edcias\",\"description\":\"Not\u00edcias e Jurisprud\u00eancia\",\"potentialAction\":[{\"@type\":\"SearchAction\",\"target\":{\"@type\":\"EntryPoint\",\"urlTemplate\":\"https:\/\/mhcalculos.com.br\/noticias\/?s={search_term_string}\"},\"query-input\":{\"@type\":\"PropertyValueSpecification\",\"valueRequired\":true,\"valueName\":\"search_term_string\"}}],\"inLanguage\":\"pt-BR\"},{\"@type\":\"Person\",\"@id\":\"https:\/\/mhcalculos.com.br\/noticias\/#\/schema\/person\/88d1c34bf72dc779ea14a5a6b8e0ae8d\",\"name\":\"Equipe MH\",\"image\":{\"@type\":\"ImageObject\",\"inLanguage\":\"pt-BR\",\"@id\":\"https:\/\/secure.gravatar.com\/avatar\/de1c686c2ecc9c5a3f327e3431d819eb39f8f05d4e1045f5a1caad6daaba987f?s=96&d=mm&r=g\",\"url\":\"https:\/\/secure.gravatar.com\/avatar\/de1c686c2ecc9c5a3f327e3431d819eb39f8f05d4e1045f5a1caad6daaba987f?s=96&d=mm&r=g\",\"contentUrl\":\"https:\/\/secure.gravatar.com\/avatar\/de1c686c2ecc9c5a3f327e3431d819eb39f8f05d4e1045f5a1caad6daaba987f?s=96&d=mm&r=g\",\"caption\":\"Equipe MH\"}}]}<\/script>\n<!-- \/ Yoast SEO plugin. -->","yoast_head_json":{"title":"STF: Negada liminar para suspender a\u00e7\u00e3o penal contra desembargador aposentado do Cear\u00e1 | Portal de Not\u00edcias","robots":{"index":"index","follow":"follow","max-snippet":"max-snippet:-1","max-image-preview":"max-image-preview:large","max-video-preview":"max-video-preview:-1"},"canonical":"https:\/\/mhcalculos.com.br\/noticias\/area\/previdenciario\/stf-negada-liminar-para-suspender-acao-penal-contra-desembargador-aposentado-do-ceara.html","og_locale":"pt_BR","og_type":"article","og_title":"STF: Negada liminar para suspender a\u00e7\u00e3o penal contra desembargador aposentado do Cear\u00e1 | Portal de Not\u00edcias","og_description":"O ministro Ricardo Lewandowski, do Supremo Tribunal Federal (STF), negou medida liminar por meio da qual a defesa do desembargador aposentado do Tribunal de Justi\u00e7a do Cear\u00e1 (TJ-CE) Valdsen da Silva Alves Pereira buscava suspender a a\u00e7\u00e3o penal a que ele responde pela suposta pr\u00e1tica do crime de corrup\u00e7\u00e3o passiva. A decis\u00e3o foi tomada no [&hellip;]","og_url":"https:\/\/mhcalculos.com.br\/noticias\/area\/previdenciario\/stf-negada-liminar-para-suspender-acao-penal-contra-desembargador-aposentado-do-ceara.html","og_site_name":"Portal de Not\u00edcias","article_published_time":"2019-02-16T13:00:07+00:00","article_modified_time":"2021-07-28T17:33:22+00:00","og_image":[{"width":2000,"height":800,"url":"https:\/\/mhcalculos.com.br\/noticias\/wp-content\/uploads\/sites\/2\/2018\/08\/previdenciario-0022.jpg","type":"image\/jpeg"}],"author":"Equipe MH","twitter_card":"summary_large_image","twitter_misc":{"Escrito por":"Equipe MH","Est. tempo de leitura":"3 minutos"},"schema":{"@context":"https:\/\/schema.org","@graph":[{"@type":"Article","@id":"https:\/\/mhcalculos.com.br\/noticias\/area\/previdenciario\/stf-negada-liminar-para-suspender-acao-penal-contra-desembargador-aposentado-do-ceara.html#article","isPartOf":{"@id":"https:\/\/mhcalculos.com.br\/noticias\/area\/previdenciario\/stf-negada-liminar-para-suspender-acao-penal-contra-desembargador-aposentado-do-ceara.html"},"author":{"name":"Equipe MH","@id":"https:\/\/mhcalculos.com.br\/noticias\/#\/schema\/person\/88d1c34bf72dc779ea14a5a6b8e0ae8d"},"headline":"STF: Negada liminar para suspender a\u00e7\u00e3o penal contra desembargador aposentado do Cear\u00e1","datePublished":"2019-02-16T13:00:07+00:00","dateModified":"2021-07-28T17:33:22+00:00","mainEntityOfPage":{"@id":"https:\/\/mhcalculos.com.br\/noticias\/area\/previdenciario\/stf-negada-liminar-para-suspender-acao-penal-contra-desembargador-aposentado-do-ceara.html"},"wordCount":547,"commentCount":0,"image":{"@id":"https:\/\/mhcalculos.com.br\/noticias\/area\/previdenciario\/stf-negada-liminar-para-suspender-acao-penal-contra-desembargador-aposentado-do-ceara.html#primaryimage"},"thumbnailUrl":"https:\/\/mhcalculos.com.br\/noticias\/wp-content\/uploads\/sites\/2\/2018\/08\/previdenciario-0022.jpg","keywords":["aposentadoria","c\u00e1lculos previdenci\u00e1rios","direito previdenci\u00e1rio","inss","per\u00edcia","perito","stf"],"articleSection":["Direito Previdenci\u00e1rio","STF"],"inLanguage":"pt-BR","potentialAction":[{"@type":"CommentAction","name":"Comment","target":["https:\/\/mhcalculos.com.br\/noticias\/area\/previdenciario\/stf-negada-liminar-para-suspender-acao-penal-contra-desembargador-aposentado-do-ceara.html#respond"]}]},{"@type":"WebPage","@id":"https:\/\/mhcalculos.com.br\/noticias\/area\/previdenciario\/stf-negada-liminar-para-suspender-acao-penal-contra-desembargador-aposentado-do-ceara.html","url":"https:\/\/mhcalculos.com.br\/noticias\/area\/previdenciario\/stf-negada-liminar-para-suspender-acao-penal-contra-desembargador-aposentado-do-ceara.html","name":"STF: Negada liminar para suspender a\u00e7\u00e3o penal contra desembargador aposentado do Cear\u00e1 | Portal de Not\u00edcias","isPartOf":{"@id":"https:\/\/mhcalculos.com.br\/noticias\/#website"},"primaryImageOfPage":{"@id":"https:\/\/mhcalculos.com.br\/noticias\/area\/previdenciario\/stf-negada-liminar-para-suspender-acao-penal-contra-desembargador-aposentado-do-ceara.html#primaryimage"},"image":{"@id":"https:\/\/mhcalculos.com.br\/noticias\/area\/previdenciario\/stf-negada-liminar-para-suspender-acao-penal-contra-desembargador-aposentado-do-ceara.html#primaryimage"},"thumbnailUrl":"https:\/\/mhcalculos.com.br\/noticias\/wp-content\/uploads\/sites\/2\/2018\/08\/previdenciario-0022.jpg","datePublished":"2019-02-16T13:00:07+00:00","dateModified":"2021-07-28T17:33:22+00:00","author":{"@id":"https:\/\/mhcalculos.com.br\/noticias\/#\/schema\/person\/88d1c34bf72dc779ea14a5a6b8e0ae8d"},"breadcrumb":{"@id":"https:\/\/mhcalculos.com.br\/noticias\/area\/previdenciario\/stf-negada-liminar-para-suspender-acao-penal-contra-desembargador-aposentado-do-ceara.html#breadcrumb"},"inLanguage":"pt-BR","potentialAction":[{"@type":"ReadAction","target":["https:\/\/mhcalculos.com.br\/noticias\/area\/previdenciario\/stf-negada-liminar-para-suspender-acao-penal-contra-desembargador-aposentado-do-ceara.html"]}]},{"@type":"ImageObject","inLanguage":"pt-BR","@id":"https:\/\/mhcalculos.com.br\/noticias\/area\/previdenciario\/stf-negada-liminar-para-suspender-acao-penal-contra-desembargador-aposentado-do-ceara.html#primaryimage","url":"https:\/\/mhcalculos.com.br\/noticias\/wp-content\/uploads\/sites\/2\/2018\/08\/previdenciario-0022.jpg","contentUrl":"https:\/\/mhcalculos.com.br\/noticias\/wp-content\/uploads\/sites\/2\/2018\/08\/previdenciario-0022.jpg","width":2000,"height":800,"caption":"Tribunal emite novo alerta contra golpe do processo"},{"@type":"BreadcrumbList","@id":"https:\/\/mhcalculos.com.br\/noticias\/area\/previdenciario\/stf-negada-liminar-para-suspender-acao-penal-contra-desembargador-aposentado-do-ceara.html#breadcrumb","itemListElement":[{"@type":"ListItem","position":1,"name":"In\u00edcio","item":"https:\/\/mhcalculos.com.br\/noticias\/"},{"@type":"ListItem","position":2,"name":"STF: Negada liminar para suspender a\u00e7\u00e3o penal contra desembargador aposentado do Cear\u00e1"}]},{"@type":"WebSite","@id":"https:\/\/mhcalculos.com.br\/noticias\/#website","url":"https:\/\/mhcalculos.com.br\/noticias\/","name":"Portal de Not\u00edcias","description":"Not\u00edcias e Jurisprud\u00eancia","potentialAction":[{"@type":"SearchAction","target":{"@type":"EntryPoint","urlTemplate":"https:\/\/mhcalculos.com.br\/noticias\/?s={search_term_string}"},"query-input":{"@type":"PropertyValueSpecification","valueRequired":true,"valueName":"search_term_string"}}],"inLanguage":"pt-BR"},{"@type":"Person","@id":"https:\/\/mhcalculos.com.br\/noticias\/#\/schema\/person\/88d1c34bf72dc779ea14a5a6b8e0ae8d","name":"Equipe MH","image":{"@type":"ImageObject","inLanguage":"pt-BR","@id":"https:\/\/secure.gravatar.com\/avatar\/de1c686c2ecc9c5a3f327e3431d819eb39f8f05d4e1045f5a1caad6daaba987f?s=96&d=mm&r=g","url":"https:\/\/secure.gravatar.com\/avatar\/de1c686c2ecc9c5a3f327e3431d819eb39f8f05d4e1045f5a1caad6daaba987f?s=96&d=mm&r=g","contentUrl":"https:\/\/secure.gravatar.com\/avatar\/de1c686c2ecc9c5a3f327e3431d819eb39f8f05d4e1045f5a1caad6daaba987f?s=96&d=mm&r=g","caption":"Equipe MH"}}]}},"_links":{"self":[{"href":"https:\/\/mhcalculos.com.br\/noticias\/wp-json\/wp\/v2\/posts\/3779","targetHints":{"allow":["GET"]}}],"collection":[{"href":"https:\/\/mhcalculos.com.br\/noticias\/wp-json\/wp\/v2\/posts"}],"about":[{"href":"https:\/\/mhcalculos.com.br\/noticias\/wp-json\/wp\/v2\/types\/post"}],"author":[{"embeddable":true,"href":"https:\/\/mhcalculos.com.br\/noticias\/wp-json\/wp\/v2\/users\/3063"}],"replies":[{"embeddable":true,"href":"https:\/\/mhcalculos.com.br\/noticias\/wp-json\/wp\/v2\/comments?post=3779"}],"version-history":[{"count":1,"href":"https:\/\/mhcalculos.com.br\/noticias\/wp-json\/wp\/v2\/posts\/3779\/revisions"}],"predecessor-version":[{"id":10017,"href":"https:\/\/mhcalculos.com.br\/noticias\/wp-json\/wp\/v2\/posts\/3779\/revisions\/10017"}],"wp:featuredmedia":[{"embeddable":true,"href":"https:\/\/mhcalculos.com.br\/noticias\/wp-json\/wp\/v2\/media\/2775"}],"wp:attachment":[{"href":"https:\/\/mhcalculos.com.br\/noticias\/wp-json\/wp\/v2\/media?parent=3779"}],"wp:term":[{"taxonomy":"category","embeddable":true,"href":"https:\/\/mhcalculos.com.br\/noticias\/wp-json\/wp\/v2\/categories?post=3779"},{"taxonomy":"post_tag","embeddable":true,"href":"https:\/\/mhcalculos.com.br\/noticias\/wp-json\/wp\/v2\/tags?post=3779"}],"curies":[{"name":"wp","href":"https:\/\/api.w.org\/{rel}","templated":true}]}}