{"id":3752,"date":"2019-02-09T10:00:15","date_gmt":"2019-02-09T12:00:15","guid":{"rendered":"https:\/\/mhcalculos.com.br\/noticias\/2019\/02\/09\/stf-plenario-mantem-validade-de-normas-sobre-regime-juridico-de-empregados-de-empresa-gaucha\/"},"modified":"2021-07-28T14:33:24","modified_gmt":"2021-07-28T17:33:24","slug":"stf-plenario-mantem-validade-de-normas-sobre-regime-juridico-de-empregados-de-empresa-gaucha","status":"publish","type":"post","link":"https:\/\/mhcalculos.com.br\/noticias\/area\/previdenciario\/stf-plenario-mantem-validade-de-normas-sobre-regime-juridico-de-empregados-de-empresa-gaucha.html","title":{"rendered":"STF: Plen\u00e1rio mant\u00e9m validade de normas sobre regime jur\u00eddico de empregados de empresa ga\u00facha"},"content":{"rendered":"<p><br \/>\n<\/p>\n<p>O Plen\u00e1rio do Supremo Tribunal Federal (STF) manteve a validade de dispositivos da Constitui\u00e7\u00e3o do Rio Grande do Sul e de lei estadual que asseguram aos empregados da antiga Companhia de Energia El\u00e9trica Rio-Grandense o direito de op\u00e7\u00e3o retroativa pelo regime jur\u00eddico mais conveniente para fins de contagem de tempo de servi\u00e7o para aposentadoria e atribui a condi\u00e7\u00e3o de servidores aut\u00e1rquicos aos empregados da ent\u00e3o Comiss\u00e3o Estadual de Energia El\u00e9trica admitidos at\u00e9 9\/1\/1964. O julgamento foi conclu\u00eddo nesta quinta-feira (7) na an\u00e1lise das A\u00e7\u00f5es Diretas de Inconstitucionalidade (ADI) 807 e 3037, ajuizadas, respectivamente, pela Procuradoria-Geral da Rep\u00fablica (PGR) e pelo governador do Rio Grande do Sul. As a\u00e7\u00f5es foram julgadas improcedentes pela maioria dos votos.<\/p>\n<p>Foram questionados os artigos 6&ordm;, par\u00e1grafo \u00fanico, e 7&ordm;, caput, do Ato das Disposi\u00e7\u00f5es Constitucionais Transit\u00f3rias (ADCT) da Constitui\u00e7\u00e3o ga\u00facha e a Lei estadual 9.136\/1990, que regulamenta os dispositivos do ADCT. As provid\u00eancias decorrentes das normas cabem \u00e0 Companhia Estadual de Energia El\u00e9trica (CEEE) do Rio Grande do Sul, sociedade de economia mista controlada pelo governo estadual que atua na gera\u00e7\u00e3o, transmiss\u00e3o e distribui\u00e7\u00e3o de energia el\u00e9trica.<\/p>\n<p>Da tribuna, representante do estado afirmou, nesta tarde, que a decis\u00e3o da Corte afeta 321 empregados da empresa e ressaltou que a repercuss\u00e3o financeira da quest\u00e3o \u00e9 de R$ 3 milh\u00f5es por m\u00eas.<\/p>\n<p><b>Voto do relator<\/b><\/p>\n<p>Em mar\u00e7o de 2012, o ministro Dias Toffoli (relator) entendeu que os dispositivos questionados promoveram modifica\u00e7\u00e3o retroativa das rela\u00e7\u00f5es jur\u00eddicas mantidas entre a CEEE e ex-servidores da Comiss\u00e3o de Energia El\u00e9trica admitidos como pessoal de obras e empregados transpostos da extinta companhia de energia el\u00e9trica do estado, que sempre estiveram sob o regime celetista. O relator votou pela proced\u00eancia das duas a\u00e7\u00f5es considerando, entre outros pontos, viola\u00e7\u00e3o ao princ\u00edpio constitucional do concurso p\u00fablico. Ele ressaltou que a altera\u00e7\u00e3o de regime jur\u00eddico de celetista para estatut\u00e1rio na vig\u00eancia da Constitui\u00e7\u00e3o Federal de 1988 ofende seus artigos 173, par\u00e1grafo 1&ordm;, e 37, inciso II, da CF, e ainda o artigo 19, par\u00e1grafo 2&ordm;, do ADCT. Na ocasi\u00e3o, o julgamento foi suspenso pelo pedido de vista da ministra Rosa Weber.<\/p>\n<p><b>Voto-vista<\/b><\/p>\n<p>Na sess\u00e3o desta quinta-feira (7), a ministra Rosa Weber abriu diverg\u00eancia em rela\u00e7\u00e3o ao voto do relator, pronunciando-se pela improced\u00eancia das ADIs. A ministra fez uma an\u00e1lise cronol\u00f3gica das altera\u00e7\u00f5es da natureza jur\u00eddica e do quadro de pessoal da CEEE e destacou que a situa\u00e7\u00e3o discutida nos autos se consolidou h\u00e1 d\u00e9cadas, uma vez que todas as altera\u00e7\u00f5es dizem respeito \u00e0 presta\u00e7\u00e3o de servi\u00e7os de pessoal at\u00e9 janeiro de 1964. &ldquo;N\u00e3o se trata de ingresso origin\u00e1rio no servi\u00e7o p\u00fablico na vig\u00eancia da Constitui\u00e7\u00e3o Federal de 1988&rdquo;, afirmou.<\/p>\n<p>De acordo com a ministra, na \u00e9poca da convers\u00e3o do regime jur\u00eddico da CEEE de autarquia para sociedade de economia mista, o artigo 12 da Lei estadual 4.136\/1961 unificou o enquadramento dos seus trabalhadores como servidores aut\u00e1rquicos antes de realizar a transposi\u00e7\u00e3o das rela\u00e7\u00f5es jur\u00eddicas para as regras celetistas. Isso, a seu ver, garantiu a incorpora\u00e7\u00e3o dos direitos relativos ao regime funcional anterior aos contratos de trabalho.<\/p>\n<p>Ela observou que os dispositivos contestados n\u00e3o modificaram de forma retroativa o regime jur\u00eddico do pessoal de obras ou dos trabalhadores da Comiss\u00e3o de Energia El\u00e9trica Rio-Grandense. &ldquo;Ao contr\u00e1rio, apenas revestiram de seguran\u00e7a jur\u00eddica situa\u00e7\u00e3o pr\u00e9-existente \u00e0 Constitui\u00e7\u00e3o Federal de 1988 e regulada pelo artigo 12 da Lei estadual 4.136\/1961&rdquo;, disse. Para a ministra, o reconhecimento da condi\u00e7\u00e3o de ex-aut\u00e1rquicos aos antigos trabalhadores da CEEE pela Assembleia Constituinte do Estado do Rio Grande do Sul visa a dirimir controv\u00e9rsias e a assegurar igualdade entre empregados na mesma condi\u00e7\u00e3o.<\/p>\n<p>Acompanharam o voto da ministra pela improced\u00eancia das ADIs os ministros Edson Fachin, Lu\u00eds Roberto Barroso, Luiz Fux, Ricardo Lewandowski, Marco Aur\u00e9lio e Celso de Mello. Em seu voto, o decano ressaltou que a situa\u00e7\u00e3o, h\u00e1 muito consolidada, exige o reconhecimento da for\u00e7a normativa dos fatos.<\/p>\n<p>Ficaram vencidos os ministros Dias Toffoli (relator), Alexandere de Moraes e Gilmar Mendes.<\/p>\n<p>EC\/AD<\/p>\n<p>Leia mais:<\/p>\n<p>01\/03\/2012 &ndash; <a href=\"http:\/\/portal.stf.jus.br\/noticias\/verNoticiaDetalhe.asp?idConteudo=201461\" target=\"_blank\" rel=\"noopener\">Vista suspende julgamento de ADIs sobre regime jur\u00eddico de empregados de empresa ga\u00facha<\/a><\/p>\n<p><i>Com informa\u00e7\u00f5es da assessoria de imprensa do STF.<\/i><br \/>\n<br \/><br \/>\n<br \/><a href=\"http:\/\/www.stf.jus.br\/portal\/cms\/verNoticiaDetalhe.asp?idConteudo=402766\">Fonte<\/a><\/p>\n","protected":false},"excerpt":{"rendered":"<p>O Plen\u00e1rio do Supremo Tribunal Federal (STF) manteve a validade de dispositivos da Constitui\u00e7\u00e3o do Rio Grande do Sul e de lei estadual que asseguram aos empregados da antiga Companhia de Energia El\u00e9trica Rio-Grandense o direito de op\u00e7\u00e3o retroativa pelo regime jur\u00eddico mais conveniente para fins de contagem de tempo de servi\u00e7o para aposentadoria e [&hellip;]<\/p>\n","protected":false},"author":3063,"featured_media":3753,"comment_status":"open","ping_status":"open","sticky":false,"template":"","format":"standard","meta":{"footnotes":""},"categories":[5,15],"tags":[11,10,8,13,9,12,16],"class_list":{"0":"post-3752","1":"post","2":"type-post","3":"status-publish","4":"format-standard","5":"has-post-thumbnail","7":"category-previdenciario","8":"category-stf","9":"tag-aposentadoria","10":"tag-calculos-previdenciarios","11":"tag-direito-previdenciario","12":"tag-inss","13":"tag-pericia","14":"tag-perito","15":"tag-stf"},"yoast_head":"<!-- This site is optimized with the Yoast SEO plugin v27.2 - https:\/\/yoast.com\/product\/yoast-seo-wordpress\/ -->\n<title>STF: Plen\u00e1rio mant\u00e9m validade de normas sobre regime jur\u00eddico de empregados de empresa ga\u00facha | Portal de Not\u00edcias<\/title>\n<meta name=\"robots\" content=\"index, follow, max-snippet:-1, max-image-preview:large, max-video-preview:-1\" \/>\n<link rel=\"canonical\" href=\"https:\/\/mhcalculos.com.br\/noticias\/area\/previdenciario\/stf-plenario-mantem-validade-de-normas-sobre-regime-juridico-de-empregados-de-empresa-gaucha.html\" \/>\n<meta property=\"og:locale\" content=\"pt_BR\" \/>\n<meta property=\"og:type\" content=\"article\" \/>\n<meta property=\"og:title\" content=\"STF: Plen\u00e1rio mant\u00e9m validade de normas sobre regime jur\u00eddico de empregados de empresa ga\u00facha | Portal de Not\u00edcias\" \/>\n<meta property=\"og:description\" content=\"O Plen\u00e1rio do Supremo Tribunal Federal (STF) manteve a validade de dispositivos da Constitui\u00e7\u00e3o do Rio Grande do Sul e de lei estadual que asseguram aos empregados da antiga Companhia de Energia El\u00e9trica Rio-Grandense o direito de op\u00e7\u00e3o retroativa pelo regime jur\u00eddico mais conveniente para fins de contagem de tempo de servi\u00e7o para aposentadoria e [&hellip;]\" \/>\n<meta property=\"og:url\" content=\"https:\/\/mhcalculos.com.br\/noticias\/area\/previdenciario\/stf-plenario-mantem-validade-de-normas-sobre-regime-juridico-de-empregados-de-empresa-gaucha.html\" \/>\n<meta property=\"og:site_name\" content=\"Portal de Not\u00edcias\" \/>\n<meta property=\"article:published_time\" content=\"2019-02-09T12:00:15+00:00\" \/>\n<meta property=\"article:modified_time\" content=\"2021-07-28T17:33:24+00:00\" \/>\n<meta property=\"og:image\" content=\"https:\/\/mhcalculos.com.br\/noticias\/wp-content\/uploads\/sites\/2\/2019\/02\/previdenciario-0036.jpg\" \/>\n\t<meta property=\"og:image:width\" content=\"2000\" \/>\n\t<meta property=\"og:image:height\" content=\"800\" \/>\n\t<meta property=\"og:image:type\" content=\"image\/jpeg\" \/>\n<meta name=\"author\" content=\"Equipe MH\" \/>\n<meta name=\"twitter:card\" content=\"summary_large_image\" \/>\n<meta name=\"twitter:label1\" content=\"Escrito por\" \/>\n\t<meta name=\"twitter:data1\" content=\"Equipe MH\" \/>\n\t<meta name=\"twitter:label2\" content=\"Est. tempo de leitura\" \/>\n\t<meta name=\"twitter:data2\" content=\"4 minutos\" \/>\n<script type=\"application\/ld+json\" class=\"yoast-schema-graph\">{\"@context\":\"https:\/\/schema.org\",\"@graph\":[{\"@type\":\"Article\",\"@id\":\"https:\/\/mhcalculos.com.br\/noticias\/area\/previdenciario\/stf-plenario-mantem-validade-de-normas-sobre-regime-juridico-de-empregados-de-empresa-gaucha.html#article\",\"isPartOf\":{\"@id\":\"https:\/\/mhcalculos.com.br\/noticias\/area\/previdenciario\/stf-plenario-mantem-validade-de-normas-sobre-regime-juridico-de-empregados-de-empresa-gaucha.html\"},\"author\":{\"name\":\"Equipe MH\",\"@id\":\"https:\/\/mhcalculos.com.br\/noticias\/#\/schema\/person\/88d1c34bf72dc779ea14a5a6b8e0ae8d\"},\"headline\":\"STF: Plen\u00e1rio mant\u00e9m validade de normas sobre regime jur\u00eddico de empregados de empresa ga\u00facha\",\"datePublished\":\"2019-02-09T12:00:15+00:00\",\"dateModified\":\"2021-07-28T17:33:24+00:00\",\"mainEntityOfPage\":{\"@id\":\"https:\/\/mhcalculos.com.br\/noticias\/area\/previdenciario\/stf-plenario-mantem-validade-de-normas-sobre-regime-juridico-de-empregados-de-empresa-gaucha.html\"},\"wordCount\":774,\"commentCount\":0,\"image\":{\"@id\":\"https:\/\/mhcalculos.com.br\/noticias\/area\/previdenciario\/stf-plenario-mantem-validade-de-normas-sobre-regime-juridico-de-empregados-de-empresa-gaucha.html#primaryimage\"},\"thumbnailUrl\":\"https:\/\/mhcalculos.com.br\/noticias\/wp-content\/uploads\/sites\/2\/2019\/02\/previdenciario-0036.jpg\",\"keywords\":[\"aposentadoria\",\"c\u00e1lculos previdenci\u00e1rios\",\"direito previdenci\u00e1rio\",\"inss\",\"per\u00edcia\",\"perito\",\"stf\"],\"articleSection\":[\"Direito Previdenci\u00e1rio\",\"STF\"],\"inLanguage\":\"pt-BR\",\"potentialAction\":[{\"@type\":\"CommentAction\",\"name\":\"Comment\",\"target\":[\"https:\/\/mhcalculos.com.br\/noticias\/area\/previdenciario\/stf-plenario-mantem-validade-de-normas-sobre-regime-juridico-de-empregados-de-empresa-gaucha.html#respond\"]}]},{\"@type\":\"WebPage\",\"@id\":\"https:\/\/mhcalculos.com.br\/noticias\/area\/previdenciario\/stf-plenario-mantem-validade-de-normas-sobre-regime-juridico-de-empregados-de-empresa-gaucha.html\",\"url\":\"https:\/\/mhcalculos.com.br\/noticias\/area\/previdenciario\/stf-plenario-mantem-validade-de-normas-sobre-regime-juridico-de-empregados-de-empresa-gaucha.html\",\"name\":\"STF: Plen\u00e1rio mant\u00e9m validade de normas sobre regime jur\u00eddico de empregados de empresa ga\u00facha | Portal de Not\u00edcias\",\"isPartOf\":{\"@id\":\"https:\/\/mhcalculos.com.br\/noticias\/#website\"},\"primaryImageOfPage\":{\"@id\":\"https:\/\/mhcalculos.com.br\/noticias\/area\/previdenciario\/stf-plenario-mantem-validade-de-normas-sobre-regime-juridico-de-empregados-de-empresa-gaucha.html#primaryimage\"},\"image\":{\"@id\":\"https:\/\/mhcalculos.com.br\/noticias\/area\/previdenciario\/stf-plenario-mantem-validade-de-normas-sobre-regime-juridico-de-empregados-de-empresa-gaucha.html#primaryimage\"},\"thumbnailUrl\":\"https:\/\/mhcalculos.com.br\/noticias\/wp-content\/uploads\/sites\/2\/2019\/02\/previdenciario-0036.jpg\",\"datePublished\":\"2019-02-09T12:00:15+00:00\",\"dateModified\":\"2021-07-28T17:33:24+00:00\",\"author\":{\"@id\":\"https:\/\/mhcalculos.com.br\/noticias\/#\/schema\/person\/88d1c34bf72dc779ea14a5a6b8e0ae8d\"},\"breadcrumb\":{\"@id\":\"https:\/\/mhcalculos.com.br\/noticias\/area\/previdenciario\/stf-plenario-mantem-validade-de-normas-sobre-regime-juridico-de-empregados-de-empresa-gaucha.html#breadcrumb\"},\"inLanguage\":\"pt-BR\",\"potentialAction\":[{\"@type\":\"ReadAction\",\"target\":[\"https:\/\/mhcalculos.com.br\/noticias\/area\/previdenciario\/stf-plenario-mantem-validade-de-normas-sobre-regime-juridico-de-empregados-de-empresa-gaucha.html\"]}]},{\"@type\":\"ImageObject\",\"inLanguage\":\"pt-BR\",\"@id\":\"https:\/\/mhcalculos.com.br\/noticias\/area\/previdenciario\/stf-plenario-mantem-validade-de-normas-sobre-regime-juridico-de-empregados-de-empresa-gaucha.html#primaryimage\",\"url\":\"https:\/\/mhcalculos.com.br\/noticias\/wp-content\/uploads\/sites\/2\/2019\/02\/previdenciario-0036.jpg\",\"contentUrl\":\"https:\/\/mhcalculos.com.br\/noticias\/wp-content\/uploads\/sites\/2\/2019\/02\/previdenciario-0036.jpg\",\"width\":2000,\"height\":800},{\"@type\":\"BreadcrumbList\",\"@id\":\"https:\/\/mhcalculos.com.br\/noticias\/area\/previdenciario\/stf-plenario-mantem-validade-de-normas-sobre-regime-juridico-de-empregados-de-empresa-gaucha.html#breadcrumb\",\"itemListElement\":[{\"@type\":\"ListItem\",\"position\":1,\"name\":\"In\u00edcio\",\"item\":\"https:\/\/mhcalculos.com.br\/noticias\/\"},{\"@type\":\"ListItem\",\"position\":2,\"name\":\"STF: Plen\u00e1rio mant\u00e9m validade de normas sobre regime jur\u00eddico de empregados de empresa ga\u00facha\"}]},{\"@type\":\"WebSite\",\"@id\":\"https:\/\/mhcalculos.com.br\/noticias\/#website\",\"url\":\"https:\/\/mhcalculos.com.br\/noticias\/\",\"name\":\"Portal de Not\u00edcias\",\"description\":\"Not\u00edcias e Jurisprud\u00eancia\",\"potentialAction\":[{\"@type\":\"SearchAction\",\"target\":{\"@type\":\"EntryPoint\",\"urlTemplate\":\"https:\/\/mhcalculos.com.br\/noticias\/?s={search_term_string}\"},\"query-input\":{\"@type\":\"PropertyValueSpecification\",\"valueRequired\":true,\"valueName\":\"search_term_string\"}}],\"inLanguage\":\"pt-BR\"},{\"@type\":\"Person\",\"@id\":\"https:\/\/mhcalculos.com.br\/noticias\/#\/schema\/person\/88d1c34bf72dc779ea14a5a6b8e0ae8d\",\"name\":\"Equipe MH\",\"image\":{\"@type\":\"ImageObject\",\"inLanguage\":\"pt-BR\",\"@id\":\"https:\/\/secure.gravatar.com\/avatar\/de1c686c2ecc9c5a3f327e3431d819eb39f8f05d4e1045f5a1caad6daaba987f?s=96&d=mm&r=g\",\"url\":\"https:\/\/secure.gravatar.com\/avatar\/de1c686c2ecc9c5a3f327e3431d819eb39f8f05d4e1045f5a1caad6daaba987f?s=96&d=mm&r=g\",\"contentUrl\":\"https:\/\/secure.gravatar.com\/avatar\/de1c686c2ecc9c5a3f327e3431d819eb39f8f05d4e1045f5a1caad6daaba987f?s=96&d=mm&r=g\",\"caption\":\"Equipe MH\"}}]}<\/script>\n<!-- \/ Yoast SEO plugin. -->","yoast_head_json":{"title":"STF: Plen\u00e1rio mant\u00e9m validade de normas sobre regime jur\u00eddico de empregados de empresa ga\u00facha | Portal de Not\u00edcias","robots":{"index":"index","follow":"follow","max-snippet":"max-snippet:-1","max-image-preview":"max-image-preview:large","max-video-preview":"max-video-preview:-1"},"canonical":"https:\/\/mhcalculos.com.br\/noticias\/area\/previdenciario\/stf-plenario-mantem-validade-de-normas-sobre-regime-juridico-de-empregados-de-empresa-gaucha.html","og_locale":"pt_BR","og_type":"article","og_title":"STF: Plen\u00e1rio mant\u00e9m validade de normas sobre regime jur\u00eddico de empregados de empresa ga\u00facha | Portal de Not\u00edcias","og_description":"O Plen\u00e1rio do Supremo Tribunal Federal (STF) manteve a validade de dispositivos da Constitui\u00e7\u00e3o do Rio Grande do Sul e de lei estadual que asseguram aos empregados da antiga Companhia de Energia El\u00e9trica Rio-Grandense o direito de op\u00e7\u00e3o retroativa pelo regime jur\u00eddico mais conveniente para fins de contagem de tempo de servi\u00e7o para aposentadoria e [&hellip;]","og_url":"https:\/\/mhcalculos.com.br\/noticias\/area\/previdenciario\/stf-plenario-mantem-validade-de-normas-sobre-regime-juridico-de-empregados-de-empresa-gaucha.html","og_site_name":"Portal de Not\u00edcias","article_published_time":"2019-02-09T12:00:15+00:00","article_modified_time":"2021-07-28T17:33:24+00:00","og_image":[{"width":2000,"height":800,"url":"https:\/\/mhcalculos.com.br\/noticias\/wp-content\/uploads\/sites\/2\/2019\/02\/previdenciario-0036.jpg","type":"image\/jpeg"}],"author":"Equipe MH","twitter_card":"summary_large_image","twitter_misc":{"Escrito por":"Equipe MH","Est. tempo de leitura":"4 minutos"},"schema":{"@context":"https:\/\/schema.org","@graph":[{"@type":"Article","@id":"https:\/\/mhcalculos.com.br\/noticias\/area\/previdenciario\/stf-plenario-mantem-validade-de-normas-sobre-regime-juridico-de-empregados-de-empresa-gaucha.html#article","isPartOf":{"@id":"https:\/\/mhcalculos.com.br\/noticias\/area\/previdenciario\/stf-plenario-mantem-validade-de-normas-sobre-regime-juridico-de-empregados-de-empresa-gaucha.html"},"author":{"name":"Equipe MH","@id":"https:\/\/mhcalculos.com.br\/noticias\/#\/schema\/person\/88d1c34bf72dc779ea14a5a6b8e0ae8d"},"headline":"STF: Plen\u00e1rio mant\u00e9m validade de normas sobre regime jur\u00eddico de empregados de empresa ga\u00facha","datePublished":"2019-02-09T12:00:15+00:00","dateModified":"2021-07-28T17:33:24+00:00","mainEntityOfPage":{"@id":"https:\/\/mhcalculos.com.br\/noticias\/area\/previdenciario\/stf-plenario-mantem-validade-de-normas-sobre-regime-juridico-de-empregados-de-empresa-gaucha.html"},"wordCount":774,"commentCount":0,"image":{"@id":"https:\/\/mhcalculos.com.br\/noticias\/area\/previdenciario\/stf-plenario-mantem-validade-de-normas-sobre-regime-juridico-de-empregados-de-empresa-gaucha.html#primaryimage"},"thumbnailUrl":"https:\/\/mhcalculos.com.br\/noticias\/wp-content\/uploads\/sites\/2\/2019\/02\/previdenciario-0036.jpg","keywords":["aposentadoria","c\u00e1lculos previdenci\u00e1rios","direito previdenci\u00e1rio","inss","per\u00edcia","perito","stf"],"articleSection":["Direito Previdenci\u00e1rio","STF"],"inLanguage":"pt-BR","potentialAction":[{"@type":"CommentAction","name":"Comment","target":["https:\/\/mhcalculos.com.br\/noticias\/area\/previdenciario\/stf-plenario-mantem-validade-de-normas-sobre-regime-juridico-de-empregados-de-empresa-gaucha.html#respond"]}]},{"@type":"WebPage","@id":"https:\/\/mhcalculos.com.br\/noticias\/area\/previdenciario\/stf-plenario-mantem-validade-de-normas-sobre-regime-juridico-de-empregados-de-empresa-gaucha.html","url":"https:\/\/mhcalculos.com.br\/noticias\/area\/previdenciario\/stf-plenario-mantem-validade-de-normas-sobre-regime-juridico-de-empregados-de-empresa-gaucha.html","name":"STF: Plen\u00e1rio mant\u00e9m validade de normas sobre regime jur\u00eddico de empregados de empresa ga\u00facha | Portal de Not\u00edcias","isPartOf":{"@id":"https:\/\/mhcalculos.com.br\/noticias\/#website"},"primaryImageOfPage":{"@id":"https:\/\/mhcalculos.com.br\/noticias\/area\/previdenciario\/stf-plenario-mantem-validade-de-normas-sobre-regime-juridico-de-empregados-de-empresa-gaucha.html#primaryimage"},"image":{"@id":"https:\/\/mhcalculos.com.br\/noticias\/area\/previdenciario\/stf-plenario-mantem-validade-de-normas-sobre-regime-juridico-de-empregados-de-empresa-gaucha.html#primaryimage"},"thumbnailUrl":"https:\/\/mhcalculos.com.br\/noticias\/wp-content\/uploads\/sites\/2\/2019\/02\/previdenciario-0036.jpg","datePublished":"2019-02-09T12:00:15+00:00","dateModified":"2021-07-28T17:33:24+00:00","author":{"@id":"https:\/\/mhcalculos.com.br\/noticias\/#\/schema\/person\/88d1c34bf72dc779ea14a5a6b8e0ae8d"},"breadcrumb":{"@id":"https:\/\/mhcalculos.com.br\/noticias\/area\/previdenciario\/stf-plenario-mantem-validade-de-normas-sobre-regime-juridico-de-empregados-de-empresa-gaucha.html#breadcrumb"},"inLanguage":"pt-BR","potentialAction":[{"@type":"ReadAction","target":["https:\/\/mhcalculos.com.br\/noticias\/area\/previdenciario\/stf-plenario-mantem-validade-de-normas-sobre-regime-juridico-de-empregados-de-empresa-gaucha.html"]}]},{"@type":"ImageObject","inLanguage":"pt-BR","@id":"https:\/\/mhcalculos.com.br\/noticias\/area\/previdenciario\/stf-plenario-mantem-validade-de-normas-sobre-regime-juridico-de-empregados-de-empresa-gaucha.html#primaryimage","url":"https:\/\/mhcalculos.com.br\/noticias\/wp-content\/uploads\/sites\/2\/2019\/02\/previdenciario-0036.jpg","contentUrl":"https:\/\/mhcalculos.com.br\/noticias\/wp-content\/uploads\/sites\/2\/2019\/02\/previdenciario-0036.jpg","width":2000,"height":800},{"@type":"BreadcrumbList","@id":"https:\/\/mhcalculos.com.br\/noticias\/area\/previdenciario\/stf-plenario-mantem-validade-de-normas-sobre-regime-juridico-de-empregados-de-empresa-gaucha.html#breadcrumb","itemListElement":[{"@type":"ListItem","position":1,"name":"In\u00edcio","item":"https:\/\/mhcalculos.com.br\/noticias\/"},{"@type":"ListItem","position":2,"name":"STF: Plen\u00e1rio mant\u00e9m validade de normas sobre regime jur\u00eddico de empregados de empresa ga\u00facha"}]},{"@type":"WebSite","@id":"https:\/\/mhcalculos.com.br\/noticias\/#website","url":"https:\/\/mhcalculos.com.br\/noticias\/","name":"Portal de Not\u00edcias","description":"Not\u00edcias e Jurisprud\u00eancia","potentialAction":[{"@type":"SearchAction","target":{"@type":"EntryPoint","urlTemplate":"https:\/\/mhcalculos.com.br\/noticias\/?s={search_term_string}"},"query-input":{"@type":"PropertyValueSpecification","valueRequired":true,"valueName":"search_term_string"}}],"inLanguage":"pt-BR"},{"@type":"Person","@id":"https:\/\/mhcalculos.com.br\/noticias\/#\/schema\/person\/88d1c34bf72dc779ea14a5a6b8e0ae8d","name":"Equipe MH","image":{"@type":"ImageObject","inLanguage":"pt-BR","@id":"https:\/\/secure.gravatar.com\/avatar\/de1c686c2ecc9c5a3f327e3431d819eb39f8f05d4e1045f5a1caad6daaba987f?s=96&d=mm&r=g","url":"https:\/\/secure.gravatar.com\/avatar\/de1c686c2ecc9c5a3f327e3431d819eb39f8f05d4e1045f5a1caad6daaba987f?s=96&d=mm&r=g","contentUrl":"https:\/\/secure.gravatar.com\/avatar\/de1c686c2ecc9c5a3f327e3431d819eb39f8f05d4e1045f5a1caad6daaba987f?s=96&d=mm&r=g","caption":"Equipe MH"}}]}},"_links":{"self":[{"href":"https:\/\/mhcalculos.com.br\/noticias\/wp-json\/wp\/v2\/posts\/3752","targetHints":{"allow":["GET"]}}],"collection":[{"href":"https:\/\/mhcalculos.com.br\/noticias\/wp-json\/wp\/v2\/posts"}],"about":[{"href":"https:\/\/mhcalculos.com.br\/noticias\/wp-json\/wp\/v2\/types\/post"}],"author":[{"embeddable":true,"href":"https:\/\/mhcalculos.com.br\/noticias\/wp-json\/wp\/v2\/users\/3063"}],"replies":[{"embeddable":true,"href":"https:\/\/mhcalculos.com.br\/noticias\/wp-json\/wp\/v2\/comments?post=3752"}],"version-history":[{"count":1,"href":"https:\/\/mhcalculos.com.br\/noticias\/wp-json\/wp\/v2\/posts\/3752\/revisions"}],"predecessor-version":[{"id":10030,"href":"https:\/\/mhcalculos.com.br\/noticias\/wp-json\/wp\/v2\/posts\/3752\/revisions\/10030"}],"wp:featuredmedia":[{"embeddable":true,"href":"https:\/\/mhcalculos.com.br\/noticias\/wp-json\/wp\/v2\/media\/3753"}],"wp:attachment":[{"href":"https:\/\/mhcalculos.com.br\/noticias\/wp-json\/wp\/v2\/media?parent=3752"}],"wp:term":[{"taxonomy":"category","embeddable":true,"href":"https:\/\/mhcalculos.com.br\/noticias\/wp-json\/wp\/v2\/categories?post=3752"},{"taxonomy":"post_tag","embeddable":true,"href":"https:\/\/mhcalculos.com.br\/noticias\/wp-json\/wp\/v2\/tags?post=3752"}],"curies":[{"name":"wp","href":"https:\/\/api.w.org\/{rel}","templated":true}]}}