{"id":3739,"date":"2019-02-05T22:01:34","date_gmt":"2019-02-06T00:01:34","guid":{"rendered":"https:\/\/mhcalculos.com.br\/noticias\/2019\/02\/05\/stf-1a-turma-mantem-punicao-de-juiza-envolvida-no-caso-de-prisao-de-adolescente-em-cela-masculina-no-para\/"},"modified":"2021-07-28T14:33:25","modified_gmt":"2021-07-28T17:33:25","slug":"stf-1a-turma-mantem-punicao-de-juiza-envolvida-no-caso-de-prisao-de-adolescente-em-cela-masculina-no-para","status":"publish","type":"post","link":"https:\/\/mhcalculos.com.br\/noticias\/area\/previdenciario\/stf-1a-turma-mantem-punicao-de-juiza-envolvida-no-caso-de-prisao-de-adolescente-em-cela-masculina-no-para.html","title":{"rendered":"STF: 1\u00aa Turma mant\u00e9m puni\u00e7\u00e3o de ju\u00edza envolvida no caso de pris\u00e3o de adolescente em cela masculina no Par\u00e1"},"content":{"rendered":"<p><br \/>\n<\/p>\n<p>A Primeira Turma do Supremo Tribunal Federal (STF) manteve a pena de disponibilidade aplicada pelo Conselho Nacional de Justi\u00e7a (CNJ) \u00e0 ju\u00edza Clarice Maria de Andrade, da Justi\u00e7a estadual do Par\u00e1, que demorou 13 dias para transferir da pris\u00e3o uma adolescente de 15 anos que foi mantida durante 24 dias em cela com diversos homens adultos na delegacia de pol\u00edcia de Abaetetuba (PA). Ao aplicar a san\u00e7\u00e3o no \u00e2mbito de processo administrativo disciplinar (PAD), o Conselho apontou neglig\u00eancia da magistrada em adotar provid\u00eancias para a transfer\u00eancia da presa ap\u00f3s a medida ter sido expressamente requerida pela autoridade policial.<\/p>\n<p>Por decis\u00e3o majorit\u00e1ria, vencido o ministro Marco Aur\u00e9lio (relator), o colegiado acompanhou a diverg\u00eancia aberta pelo ministro Lu\u00eds Roberto Barroso no sentido de negar o Mandado de Seguran\u00e7a (MS) 34490, impetrado pela ju\u00edza, e revogar a liminar concedida pelo relator em dezembro de 2016. A magistrada alegava que a puni\u00e7\u00e3o estaria respaldada em fato analisado e considerado insubsistente no MS 28816, em que o Plen\u00e1rio cassou ato do CNJ que aplicava a ela a san\u00e7\u00e3o de aposentadoria compuls\u00f3ria.<\/p>\n<p><b>Julgamento<\/b><\/p>\n<p>O MS 34490 come\u00e7ou a ser julgado em novembro do ano passado. Na ocasi\u00e3o, o ministro Marco Aur\u00e9lio votou pelo deferimento do pedido para anular o ato do CNJ. Segundo ele, como no julgamento do MS 28816 o STF j\u00e1 havia afastado a imputa\u00e7\u00e3o relativa \u00e0 responsabilidade na cust\u00f3dia da adolescente, caberia ao CNJ apreciar, em nova an\u00e1lise, apenas a suposta fraude documental de confec\u00e7\u00e3o e envio, pela magistrada, de of\u00edcio \u00e0 Corregedoria de Justi\u00e7a estadual. Para o relator, o CNJ inovou ao avaliar imputa\u00e7\u00e3o que n\u00e3o estava envolvida no processo administrativo disciplinar.<\/p>\n<p>Ao abrir diverg\u00eancia, o ministro Lu\u00eds Roberto Barroso afirmou a decis\u00e3o do CNJ n\u00e3o extrapolou o que havia sido decidido pelo Supremo, pois o  levou em considera\u00e7\u00e3o a neglig\u00eancia da magistrada em adotar provid\u00eancias para a transfer\u00eancia da presa. O Conselho tamb\u00e9m se baseou no fato de que a ju\u00edza procurou se eximir de reponsabilidade produzindo documento falso com data retroativa, na tentativa de comprovar que  teria adotado provid\u00eancias que, na realidade, n\u00e3o adotou.<\/p>\n<p><b>Descumprimento de deveres funcionais<\/b><\/p>\n<p>Na sess\u00e3o desta ter\u00e7a-feira (5), a ministra Rosa Weber apresentou voto-vista acompanhando a diverg\u00eancia. Em seu entendimento, a imposi\u00e7\u00e3o da pena de disponibilidade levou em conta o descumprimento dos deveres funcionais previstos no artigo 35, incisos I e III, da Lei Org\u00e2nica da Magistratura (Loman). &ldquo;Ap\u00f3s cientificada do encarceramento ilegal e esdr\u00faxulo da adolescente com detentos do sexo masculino, a magistrada n\u00e3o adotou medidas efetivas para sanar a situa\u00e7\u00e3o de lesividade&rdquo;, avaliou a ministra. &ldquo;O descaso da ju\u00edza com a prote\u00e7\u00e3o dos direitos da custodiada perdurou 13 dias&rdquo;. A ministra assinalou, ainda, a produ\u00e7\u00e3o da certid\u00e3o falsa.<\/p>\n<p>No mesmo sentido votou o ministro Alexandre de Moraes. Segundo ele, a fun\u00e7\u00e3o de verificar a regularidade da interna\u00e7\u00e3o de menores de idade \u00e9 do juiz da Inf\u00e2ncia e da Juventude, fun\u00e7\u00e3o da magistrada naquela comarca. &ldquo;Houve claramente uma des\u00eddia&rdquo;, entendeu.<\/p>\n<p>Tamb\u00e9m votou pela negativa do pedido o presidente da Turma, ministro Luiz Fux, que considerou que a magistrada tomou provid\u00eancias tardias e que a falha judicial s\u00f3 foi superada pela atua\u00e7\u00e3o do Conselho Tutelar. Fux lembrou que, na an\u00e1lise do primeiro MS, a Corte esclareceu que, apesar de n\u00e3o poder ser aposentada compulsoriamente por n\u00e3o ter responsabilidade direta pelo encarceramento, a ju\u00edza poderia sofrer puni\u00e7\u00f5es &ldquo;por falha residual, porque j\u00e1 se antevia in\u00e9rcia em rela\u00e7\u00e3o \u00e0s provid\u00eancias complementares&rdquo;.<\/p>\n<p><span style=\"font-size: smaller\">EC\/AD<\/span><\/p>\n<p>27\/11\/2018 &ndash; <a href=\"http:\/\/portal.stf.jus.br\/noticias\/verNoticiaDetalhe.asp?idConteudo=396922\" target=\"_blank\" rel=\"noopener\">1&ordf; Turma: Suspenso julgamento de MS de ju\u00edza envolvida no caso de pris\u00e3o de garota em cela masculina<\/a><\/p>\n<p><i>Com informa\u00e7\u00f5es da assessoria de imprensa do STF.<\/i><br \/>\n<br \/><br \/>\n<br \/><a href=\"http:\/\/www.stf.jus.br\/portal\/cms\/verNoticiaDetalhe.asp?idConteudo=402542\">Fonte<\/a><\/p>\n","protected":false},"excerpt":{"rendered":"<p>A Primeira Turma do Supremo Tribunal Federal (STF) manteve a pena de disponibilidade aplicada pelo Conselho Nacional de Justi\u00e7a (CNJ) \u00e0 ju\u00edza Clarice Maria de Andrade, da Justi\u00e7a estadual do Par\u00e1, que demorou 13 dias para transferir da pris\u00e3o uma adolescente de 15 anos que foi mantida durante 24 dias em cela com diversos homens [&hellip;]<\/p>\n","protected":false},"author":3063,"featured_media":3221,"comment_status":"open","ping_status":"open","sticky":false,"template":"","format":"standard","meta":{"footnotes":""},"categories":[5,15],"tags":[11,10,8,13,9,12,16],"class_list":{"0":"post-3739","1":"post","2":"type-post","3":"status-publish","4":"format-standard","5":"has-post-thumbnail","7":"category-previdenciario","8":"category-stf","9":"tag-aposentadoria","10":"tag-calculos-previdenciarios","11":"tag-direito-previdenciario","12":"tag-inss","13":"tag-pericia","14":"tag-perito","15":"tag-stf"},"yoast_head":"<!-- This site is optimized with the Yoast SEO plugin v27.2 - https:\/\/yoast.com\/product\/yoast-seo-wordpress\/ -->\n<title>STF: 1\u00aa Turma mant\u00e9m puni\u00e7\u00e3o de ju\u00edza envolvida no caso de pris\u00e3o de adolescente em cela masculina no Par\u00e1 | Portal de Not\u00edcias<\/title>\n<meta name=\"robots\" content=\"index, follow, max-snippet:-1, max-image-preview:large, max-video-preview:-1\" \/>\n<link rel=\"canonical\" href=\"https:\/\/mhcalculos.com.br\/noticias\/area\/previdenciario\/stf-1a-turma-mantem-punicao-de-juiza-envolvida-no-caso-de-prisao-de-adolescente-em-cela-masculina-no-para.html\" \/>\n<meta property=\"og:locale\" content=\"pt_BR\" \/>\n<meta property=\"og:type\" content=\"article\" \/>\n<meta property=\"og:title\" content=\"STF: 1\u00aa Turma mant\u00e9m puni\u00e7\u00e3o de ju\u00edza envolvida no caso de pris\u00e3o de adolescente em cela masculina no Par\u00e1 | Portal de Not\u00edcias\" \/>\n<meta property=\"og:description\" content=\"A Primeira Turma do Supremo Tribunal Federal (STF) manteve a pena de disponibilidade aplicada pelo Conselho Nacional de Justi\u00e7a (CNJ) \u00e0 ju\u00edza Clarice Maria de Andrade, da Justi\u00e7a estadual do Par\u00e1, que demorou 13 dias para transferir da pris\u00e3o uma adolescente de 15 anos que foi mantida durante 24 dias em cela com diversos homens [&hellip;]\" \/>\n<meta property=\"og:url\" content=\"https:\/\/mhcalculos.com.br\/noticias\/area\/previdenciario\/stf-1a-turma-mantem-punicao-de-juiza-envolvida-no-caso-de-prisao-de-adolescente-em-cela-masculina-no-para.html\" \/>\n<meta property=\"og:site_name\" content=\"Portal de Not\u00edcias\" \/>\n<meta property=\"article:published_time\" content=\"2019-02-06T00:01:34+00:00\" \/>\n<meta property=\"article:modified_time\" content=\"2021-07-28T17:33:25+00:00\" \/>\n<meta property=\"og:image\" content=\"https:\/\/mhcalculos.com.br\/noticias\/wp-content\/uploads\/sites\/2\/2018\/09\/previdenciario-0034.jpg\" \/>\n\t<meta property=\"og:image:width\" content=\"2000\" \/>\n\t<meta property=\"og:image:height\" content=\"800\" \/>\n\t<meta property=\"og:image:type\" content=\"image\/jpeg\" \/>\n<meta name=\"author\" content=\"Equipe MH\" \/>\n<meta name=\"twitter:card\" content=\"summary_large_image\" \/>\n<meta name=\"twitter:label1\" content=\"Escrito por\" \/>\n\t<meta name=\"twitter:data1\" content=\"Equipe MH\" \/>\n\t<meta name=\"twitter:label2\" content=\"Est. tempo de leitura\" \/>\n\t<meta name=\"twitter:data2\" content=\"3 minutos\" \/>\n<script type=\"application\/ld+json\" class=\"yoast-schema-graph\">{\"@context\":\"https:\/\/schema.org\",\"@graph\":[{\"@type\":\"Article\",\"@id\":\"https:\/\/mhcalculos.com.br\/noticias\/area\/previdenciario\/stf-1a-turma-mantem-punicao-de-juiza-envolvida-no-caso-de-prisao-de-adolescente-em-cela-masculina-no-para.html#article\",\"isPartOf\":{\"@id\":\"https:\/\/mhcalculos.com.br\/noticias\/area\/previdenciario\/stf-1a-turma-mantem-punicao-de-juiza-envolvida-no-caso-de-prisao-de-adolescente-em-cela-masculina-no-para.html\"},\"author\":{\"name\":\"Equipe MH\",\"@id\":\"https:\/\/mhcalculos.com.br\/noticias\/#\/schema\/person\/88d1c34bf72dc779ea14a5a6b8e0ae8d\"},\"headline\":\"STF: 1\u00aa Turma mant\u00e9m puni\u00e7\u00e3o de ju\u00edza envolvida no caso de pris\u00e3o de adolescente em cela masculina no Par\u00e1\",\"datePublished\":\"2019-02-06T00:01:34+00:00\",\"dateModified\":\"2021-07-28T17:33:25+00:00\",\"mainEntityOfPage\":{\"@id\":\"https:\/\/mhcalculos.com.br\/noticias\/area\/previdenciario\/stf-1a-turma-mantem-punicao-de-juiza-envolvida-no-caso-de-prisao-de-adolescente-em-cela-masculina-no-para.html\"},\"wordCount\":687,\"commentCount\":0,\"image\":{\"@id\":\"https:\/\/mhcalculos.com.br\/noticias\/area\/previdenciario\/stf-1a-turma-mantem-punicao-de-juiza-envolvida-no-caso-de-prisao-de-adolescente-em-cela-masculina-no-para.html#primaryimage\"},\"thumbnailUrl\":\"https:\/\/mhcalculos.com.br\/noticias\/wp-content\/uploads\/sites\/2\/2018\/09\/previdenciario-0034.jpg\",\"keywords\":[\"aposentadoria\",\"c\u00e1lculos previdenci\u00e1rios\",\"direito previdenci\u00e1rio\",\"inss\",\"per\u00edcia\",\"perito\",\"stf\"],\"articleSection\":[\"Direito Previdenci\u00e1rio\",\"STF\"],\"inLanguage\":\"pt-BR\",\"potentialAction\":[{\"@type\":\"CommentAction\",\"name\":\"Comment\",\"target\":[\"https:\/\/mhcalculos.com.br\/noticias\/area\/previdenciario\/stf-1a-turma-mantem-punicao-de-juiza-envolvida-no-caso-de-prisao-de-adolescente-em-cela-masculina-no-para.html#respond\"]}]},{\"@type\":\"WebPage\",\"@id\":\"https:\/\/mhcalculos.com.br\/noticias\/area\/previdenciario\/stf-1a-turma-mantem-punicao-de-juiza-envolvida-no-caso-de-prisao-de-adolescente-em-cela-masculina-no-para.html\",\"url\":\"https:\/\/mhcalculos.com.br\/noticias\/area\/previdenciario\/stf-1a-turma-mantem-punicao-de-juiza-envolvida-no-caso-de-prisao-de-adolescente-em-cela-masculina-no-para.html\",\"name\":\"STF: 1\u00aa Turma mant\u00e9m puni\u00e7\u00e3o de ju\u00edza envolvida no caso de pris\u00e3o de adolescente em cela masculina no Par\u00e1 | Portal de Not\u00edcias\",\"isPartOf\":{\"@id\":\"https:\/\/mhcalculos.com.br\/noticias\/#website\"},\"primaryImageOfPage\":{\"@id\":\"https:\/\/mhcalculos.com.br\/noticias\/area\/previdenciario\/stf-1a-turma-mantem-punicao-de-juiza-envolvida-no-caso-de-prisao-de-adolescente-em-cela-masculina-no-para.html#primaryimage\"},\"image\":{\"@id\":\"https:\/\/mhcalculos.com.br\/noticias\/area\/previdenciario\/stf-1a-turma-mantem-punicao-de-juiza-envolvida-no-caso-de-prisao-de-adolescente-em-cela-masculina-no-para.html#primaryimage\"},\"thumbnailUrl\":\"https:\/\/mhcalculos.com.br\/noticias\/wp-content\/uploads\/sites\/2\/2018\/09\/previdenciario-0034.jpg\",\"datePublished\":\"2019-02-06T00:01:34+00:00\",\"dateModified\":\"2021-07-28T17:33:25+00:00\",\"author\":{\"@id\":\"https:\/\/mhcalculos.com.br\/noticias\/#\/schema\/person\/88d1c34bf72dc779ea14a5a6b8e0ae8d\"},\"breadcrumb\":{\"@id\":\"https:\/\/mhcalculos.com.br\/noticias\/area\/previdenciario\/stf-1a-turma-mantem-punicao-de-juiza-envolvida-no-caso-de-prisao-de-adolescente-em-cela-masculina-no-para.html#breadcrumb\"},\"inLanguage\":\"pt-BR\",\"potentialAction\":[{\"@type\":\"ReadAction\",\"target\":[\"https:\/\/mhcalculos.com.br\/noticias\/area\/previdenciario\/stf-1a-turma-mantem-punicao-de-juiza-envolvida-no-caso-de-prisao-de-adolescente-em-cela-masculina-no-para.html\"]}]},{\"@type\":\"ImageObject\",\"inLanguage\":\"pt-BR\",\"@id\":\"https:\/\/mhcalculos.com.br\/noticias\/area\/previdenciario\/stf-1a-turma-mantem-punicao-de-juiza-envolvida-no-caso-de-prisao-de-adolescente-em-cela-masculina-no-para.html#primaryimage\",\"url\":\"https:\/\/mhcalculos.com.br\/noticias\/wp-content\/uploads\/sites\/2\/2018\/09\/previdenciario-0034.jpg\",\"contentUrl\":\"https:\/\/mhcalculos.com.br\/noticias\/wp-content\/uploads\/sites\/2\/2018\/09\/previdenciario-0034.jpg\",\"width\":2000,\"height\":800},{\"@type\":\"BreadcrumbList\",\"@id\":\"https:\/\/mhcalculos.com.br\/noticias\/area\/previdenciario\/stf-1a-turma-mantem-punicao-de-juiza-envolvida-no-caso-de-prisao-de-adolescente-em-cela-masculina-no-para.html#breadcrumb\",\"itemListElement\":[{\"@type\":\"ListItem\",\"position\":1,\"name\":\"In\u00edcio\",\"item\":\"https:\/\/mhcalculos.com.br\/noticias\/\"},{\"@type\":\"ListItem\",\"position\":2,\"name\":\"STF: 1\u00aa Turma mant\u00e9m puni\u00e7\u00e3o de ju\u00edza envolvida no caso de pris\u00e3o de adolescente em cela masculina no Par\u00e1\"}]},{\"@type\":\"WebSite\",\"@id\":\"https:\/\/mhcalculos.com.br\/noticias\/#website\",\"url\":\"https:\/\/mhcalculos.com.br\/noticias\/\",\"name\":\"Portal de Not\u00edcias\",\"description\":\"Not\u00edcias e Jurisprud\u00eancia\",\"potentialAction\":[{\"@type\":\"SearchAction\",\"target\":{\"@type\":\"EntryPoint\",\"urlTemplate\":\"https:\/\/mhcalculos.com.br\/noticias\/?s={search_term_string}\"},\"query-input\":{\"@type\":\"PropertyValueSpecification\",\"valueRequired\":true,\"valueName\":\"search_term_string\"}}],\"inLanguage\":\"pt-BR\"},{\"@type\":\"Person\",\"@id\":\"https:\/\/mhcalculos.com.br\/noticias\/#\/schema\/person\/88d1c34bf72dc779ea14a5a6b8e0ae8d\",\"name\":\"Equipe MH\",\"image\":{\"@type\":\"ImageObject\",\"inLanguage\":\"pt-BR\",\"@id\":\"https:\/\/secure.gravatar.com\/avatar\/de1c686c2ecc9c5a3f327e3431d819eb39f8f05d4e1045f5a1caad6daaba987f?s=96&d=mm&r=g\",\"url\":\"https:\/\/secure.gravatar.com\/avatar\/de1c686c2ecc9c5a3f327e3431d819eb39f8f05d4e1045f5a1caad6daaba987f?s=96&d=mm&r=g\",\"contentUrl\":\"https:\/\/secure.gravatar.com\/avatar\/de1c686c2ecc9c5a3f327e3431d819eb39f8f05d4e1045f5a1caad6daaba987f?s=96&d=mm&r=g\",\"caption\":\"Equipe MH\"}}]}<\/script>\n<!-- \/ Yoast SEO plugin. -->","yoast_head_json":{"title":"STF: 1\u00aa Turma mant\u00e9m puni\u00e7\u00e3o de ju\u00edza envolvida no caso de pris\u00e3o de adolescente em cela masculina no Par\u00e1 | Portal de Not\u00edcias","robots":{"index":"index","follow":"follow","max-snippet":"max-snippet:-1","max-image-preview":"max-image-preview:large","max-video-preview":"max-video-preview:-1"},"canonical":"https:\/\/mhcalculos.com.br\/noticias\/area\/previdenciario\/stf-1a-turma-mantem-punicao-de-juiza-envolvida-no-caso-de-prisao-de-adolescente-em-cela-masculina-no-para.html","og_locale":"pt_BR","og_type":"article","og_title":"STF: 1\u00aa Turma mant\u00e9m puni\u00e7\u00e3o de ju\u00edza envolvida no caso de pris\u00e3o de adolescente em cela masculina no Par\u00e1 | Portal de Not\u00edcias","og_description":"A Primeira Turma do Supremo Tribunal Federal (STF) manteve a pena de disponibilidade aplicada pelo Conselho Nacional de Justi\u00e7a (CNJ) \u00e0 ju\u00edza Clarice Maria de Andrade, da Justi\u00e7a estadual do Par\u00e1, que demorou 13 dias para transferir da pris\u00e3o uma adolescente de 15 anos que foi mantida durante 24 dias em cela com diversos homens [&hellip;]","og_url":"https:\/\/mhcalculos.com.br\/noticias\/area\/previdenciario\/stf-1a-turma-mantem-punicao-de-juiza-envolvida-no-caso-de-prisao-de-adolescente-em-cela-masculina-no-para.html","og_site_name":"Portal de Not\u00edcias","article_published_time":"2019-02-06T00:01:34+00:00","article_modified_time":"2021-07-28T17:33:25+00:00","og_image":[{"width":2000,"height":800,"url":"https:\/\/mhcalculos.com.br\/noticias\/wp-content\/uploads\/sites\/2\/2018\/09\/previdenciario-0034.jpg","type":"image\/jpeg"}],"author":"Equipe MH","twitter_card":"summary_large_image","twitter_misc":{"Escrito por":"Equipe MH","Est. tempo de leitura":"3 minutos"},"schema":{"@context":"https:\/\/schema.org","@graph":[{"@type":"Article","@id":"https:\/\/mhcalculos.com.br\/noticias\/area\/previdenciario\/stf-1a-turma-mantem-punicao-de-juiza-envolvida-no-caso-de-prisao-de-adolescente-em-cela-masculina-no-para.html#article","isPartOf":{"@id":"https:\/\/mhcalculos.com.br\/noticias\/area\/previdenciario\/stf-1a-turma-mantem-punicao-de-juiza-envolvida-no-caso-de-prisao-de-adolescente-em-cela-masculina-no-para.html"},"author":{"name":"Equipe MH","@id":"https:\/\/mhcalculos.com.br\/noticias\/#\/schema\/person\/88d1c34bf72dc779ea14a5a6b8e0ae8d"},"headline":"STF: 1\u00aa Turma mant\u00e9m puni\u00e7\u00e3o de ju\u00edza envolvida no caso de pris\u00e3o de adolescente em cela masculina no Par\u00e1","datePublished":"2019-02-06T00:01:34+00:00","dateModified":"2021-07-28T17:33:25+00:00","mainEntityOfPage":{"@id":"https:\/\/mhcalculos.com.br\/noticias\/area\/previdenciario\/stf-1a-turma-mantem-punicao-de-juiza-envolvida-no-caso-de-prisao-de-adolescente-em-cela-masculina-no-para.html"},"wordCount":687,"commentCount":0,"image":{"@id":"https:\/\/mhcalculos.com.br\/noticias\/area\/previdenciario\/stf-1a-turma-mantem-punicao-de-juiza-envolvida-no-caso-de-prisao-de-adolescente-em-cela-masculina-no-para.html#primaryimage"},"thumbnailUrl":"https:\/\/mhcalculos.com.br\/noticias\/wp-content\/uploads\/sites\/2\/2018\/09\/previdenciario-0034.jpg","keywords":["aposentadoria","c\u00e1lculos previdenci\u00e1rios","direito previdenci\u00e1rio","inss","per\u00edcia","perito","stf"],"articleSection":["Direito Previdenci\u00e1rio","STF"],"inLanguage":"pt-BR","potentialAction":[{"@type":"CommentAction","name":"Comment","target":["https:\/\/mhcalculos.com.br\/noticias\/area\/previdenciario\/stf-1a-turma-mantem-punicao-de-juiza-envolvida-no-caso-de-prisao-de-adolescente-em-cela-masculina-no-para.html#respond"]}]},{"@type":"WebPage","@id":"https:\/\/mhcalculos.com.br\/noticias\/area\/previdenciario\/stf-1a-turma-mantem-punicao-de-juiza-envolvida-no-caso-de-prisao-de-adolescente-em-cela-masculina-no-para.html","url":"https:\/\/mhcalculos.com.br\/noticias\/area\/previdenciario\/stf-1a-turma-mantem-punicao-de-juiza-envolvida-no-caso-de-prisao-de-adolescente-em-cela-masculina-no-para.html","name":"STF: 1\u00aa Turma mant\u00e9m puni\u00e7\u00e3o de ju\u00edza envolvida no caso de pris\u00e3o de adolescente em cela masculina no Par\u00e1 | Portal de Not\u00edcias","isPartOf":{"@id":"https:\/\/mhcalculos.com.br\/noticias\/#website"},"primaryImageOfPage":{"@id":"https:\/\/mhcalculos.com.br\/noticias\/area\/previdenciario\/stf-1a-turma-mantem-punicao-de-juiza-envolvida-no-caso-de-prisao-de-adolescente-em-cela-masculina-no-para.html#primaryimage"},"image":{"@id":"https:\/\/mhcalculos.com.br\/noticias\/area\/previdenciario\/stf-1a-turma-mantem-punicao-de-juiza-envolvida-no-caso-de-prisao-de-adolescente-em-cela-masculina-no-para.html#primaryimage"},"thumbnailUrl":"https:\/\/mhcalculos.com.br\/noticias\/wp-content\/uploads\/sites\/2\/2018\/09\/previdenciario-0034.jpg","datePublished":"2019-02-06T00:01:34+00:00","dateModified":"2021-07-28T17:33:25+00:00","author":{"@id":"https:\/\/mhcalculos.com.br\/noticias\/#\/schema\/person\/88d1c34bf72dc779ea14a5a6b8e0ae8d"},"breadcrumb":{"@id":"https:\/\/mhcalculos.com.br\/noticias\/area\/previdenciario\/stf-1a-turma-mantem-punicao-de-juiza-envolvida-no-caso-de-prisao-de-adolescente-em-cela-masculina-no-para.html#breadcrumb"},"inLanguage":"pt-BR","potentialAction":[{"@type":"ReadAction","target":["https:\/\/mhcalculos.com.br\/noticias\/area\/previdenciario\/stf-1a-turma-mantem-punicao-de-juiza-envolvida-no-caso-de-prisao-de-adolescente-em-cela-masculina-no-para.html"]}]},{"@type":"ImageObject","inLanguage":"pt-BR","@id":"https:\/\/mhcalculos.com.br\/noticias\/area\/previdenciario\/stf-1a-turma-mantem-punicao-de-juiza-envolvida-no-caso-de-prisao-de-adolescente-em-cela-masculina-no-para.html#primaryimage","url":"https:\/\/mhcalculos.com.br\/noticias\/wp-content\/uploads\/sites\/2\/2018\/09\/previdenciario-0034.jpg","contentUrl":"https:\/\/mhcalculos.com.br\/noticias\/wp-content\/uploads\/sites\/2\/2018\/09\/previdenciario-0034.jpg","width":2000,"height":800},{"@type":"BreadcrumbList","@id":"https:\/\/mhcalculos.com.br\/noticias\/area\/previdenciario\/stf-1a-turma-mantem-punicao-de-juiza-envolvida-no-caso-de-prisao-de-adolescente-em-cela-masculina-no-para.html#breadcrumb","itemListElement":[{"@type":"ListItem","position":1,"name":"In\u00edcio","item":"https:\/\/mhcalculos.com.br\/noticias\/"},{"@type":"ListItem","position":2,"name":"STF: 1\u00aa Turma mant\u00e9m puni\u00e7\u00e3o de ju\u00edza envolvida no caso de pris\u00e3o de adolescente em cela masculina no Par\u00e1"}]},{"@type":"WebSite","@id":"https:\/\/mhcalculos.com.br\/noticias\/#website","url":"https:\/\/mhcalculos.com.br\/noticias\/","name":"Portal de Not\u00edcias","description":"Not\u00edcias e Jurisprud\u00eancia","potentialAction":[{"@type":"SearchAction","target":{"@type":"EntryPoint","urlTemplate":"https:\/\/mhcalculos.com.br\/noticias\/?s={search_term_string}"},"query-input":{"@type":"PropertyValueSpecification","valueRequired":true,"valueName":"search_term_string"}}],"inLanguage":"pt-BR"},{"@type":"Person","@id":"https:\/\/mhcalculos.com.br\/noticias\/#\/schema\/person\/88d1c34bf72dc779ea14a5a6b8e0ae8d","name":"Equipe MH","image":{"@type":"ImageObject","inLanguage":"pt-BR","@id":"https:\/\/secure.gravatar.com\/avatar\/de1c686c2ecc9c5a3f327e3431d819eb39f8f05d4e1045f5a1caad6daaba987f?s=96&d=mm&r=g","url":"https:\/\/secure.gravatar.com\/avatar\/de1c686c2ecc9c5a3f327e3431d819eb39f8f05d4e1045f5a1caad6daaba987f?s=96&d=mm&r=g","contentUrl":"https:\/\/secure.gravatar.com\/avatar\/de1c686c2ecc9c5a3f327e3431d819eb39f8f05d4e1045f5a1caad6daaba987f?s=96&d=mm&r=g","caption":"Equipe MH"}}]}},"_links":{"self":[{"href":"https:\/\/mhcalculos.com.br\/noticias\/wp-json\/wp\/v2\/posts\/3739","targetHints":{"allow":["GET"]}}],"collection":[{"href":"https:\/\/mhcalculos.com.br\/noticias\/wp-json\/wp\/v2\/posts"}],"about":[{"href":"https:\/\/mhcalculos.com.br\/noticias\/wp-json\/wp\/v2\/types\/post"}],"author":[{"embeddable":true,"href":"https:\/\/mhcalculos.com.br\/noticias\/wp-json\/wp\/v2\/users\/3063"}],"replies":[{"embeddable":true,"href":"https:\/\/mhcalculos.com.br\/noticias\/wp-json\/wp\/v2\/comments?post=3739"}],"version-history":[{"count":1,"href":"https:\/\/mhcalculos.com.br\/noticias\/wp-json\/wp\/v2\/posts\/3739\/revisions"}],"predecessor-version":[{"id":10034,"href":"https:\/\/mhcalculos.com.br\/noticias\/wp-json\/wp\/v2\/posts\/3739\/revisions\/10034"}],"wp:featuredmedia":[{"embeddable":true,"href":"https:\/\/mhcalculos.com.br\/noticias\/wp-json\/wp\/v2\/media\/3221"}],"wp:attachment":[{"href":"https:\/\/mhcalculos.com.br\/noticias\/wp-json\/wp\/v2\/media?parent=3739"}],"wp:term":[{"taxonomy":"category","embeddable":true,"href":"https:\/\/mhcalculos.com.br\/noticias\/wp-json\/wp\/v2\/categories?post=3739"},{"taxonomy":"post_tag","embeddable":true,"href":"https:\/\/mhcalculos.com.br\/noticias\/wp-json\/wp\/v2\/tags?post=3739"}],"curies":[{"name":"wp","href":"https:\/\/api.w.org\/{rel}","templated":true}]}}