{"id":3563,"date":"2019-01-14T16:41:00","date_gmt":"2019-01-14T18:41:00","guid":{"rendered":"https:\/\/mhcalculos.com.br\/noticias\/2019\/01\/14\/tst-execucao-nao-pode-ser-iniciada-sem-citacao-da-empresa\/"},"modified":"2021-07-28T14:33:29","modified_gmt":"2021-07-28T17:33:29","slug":"tst-execucao-nao-pode-ser-iniciada-sem-citacao-da-empresa","status":"publish","type":"post","link":"https:\/\/mhcalculos.com.br\/noticias\/area\/trabalhista\/tst-execucao-nao-pode-ser-iniciada-sem-citacao-da-empresa.html","title":{"rendered":"TST: Execu\u00e7\u00e3o n\u00e3o pode ser iniciada sem cita\u00e7\u00e3o da empresa"},"content":{"rendered":"<p><br \/>\n  <\/p>\n<p ><em>A CLT determina expressamente a necessidade de cita\u00e7\u00e3o do executado.<\/em><\/p>\n<p >A Oitava Turma do Tribunal Superior do Trabalho determinou que a Biopalma da Amaz\u00f4nia S. A. seja citada no in\u00edcio da fase de execu\u00e7\u00e3o em reclama\u00e7\u00e3o trabalhista movida por um cortador de cana. Assim, o processo retornar\u00e1 ao ju\u00edzo de primeiro grau para que seja feita a cita\u00e7\u00e3o.<\/p>\n<p ><strong>Bloqueio imediato<\/strong><\/p>\n<p >A empresa foi condenada pelo ju\u00edzo da Vara do Trabalho de Santa Isabel (PA) ao pagamento de diversas parcelas ao empregado. A senten\u00e7a determinava explicitamente que, em caso de n\u00e3o cumprimento do prazo de cinco dias do tr\u00e2nsito em julgado, fosse feito \u201co imediato bloqueio banc\u00e1rio sobre as contas-correntes e aplica\u00e7\u00f5es financeiras, efetivando-se o pagamento ao credor e aos recolhimentos legais, ap\u00f3s o levantamento do valor bloqueado\u201d. Previa tamb\u00e9m que, no caso de insufici\u00eancia de cr\u00e9ditos para a integral garantia do ju\u00edzo, fosse expedido mandado de penhora e demais atos execut\u00f3rios.<\/p>\n<p >O Tribunal Regional do Trabalho da 8\u00aa Regi\u00e3o (PA\/AP) manteve a senten\u00e7a.<\/p>\n<p ><strong>CLT<\/strong><\/p>\n<p >No recurso de revista, a Biopalma sustentou que o processo trabalhista possui regramento pr\u00f3prio para o procedimento da execu\u00e7\u00e3o e requereu a aplica\u00e7\u00e3o do artigo 880 da CLT, que exige a cita\u00e7\u00e3o do executado.<\/p>\n<p >A relatora, ministra Maria Cristina Peduzzi, assinalou que o artigo 880 da CLT determina que o pagamento seja efetuado no prazo de 48 horas a partir da cita\u00e7\u00e3o ou que a execu\u00e7\u00e3o seja garantida, sob pena de penhora. \u201cDiante de previs\u00e3o legal expressa acerca do modo de execu\u00e7\u00e3o trabalhista, com necessidade de expedi\u00e7\u00e3o do mandado de cita\u00e7\u00e3o, n\u00e3o h\u00e1 falar em determina\u00e7\u00e3o em sentido contr\u00e1rio\u201d, enfatizou a relatora em seu voto.<\/p>\n<p >Por unanimidade, a Turma deu provimento ao recurso.<\/p>\n<p >(LT\/CF)<\/p>\n<p >Processo: <a href=\"http:\/\/aplicacao4.tst.jus.br\/consultaProcessual\/consultaTstNumUnica.do;jsessionid=BB8A94F5AE3F7659E7C13529E033E469.vm152?conscsjt=&amp;numeroTst=2914&amp;digitoTst=48&amp;anoTst=2014&amp;orgaoTst=5&amp;tribunalTst=08&amp;varaTst=0115&amp;consulta=Consultar\" target=\"_blank\" rel=\"noopener\">ARR-2914-48.2014.5.08.0115<\/a><\/p>\n<p> O TST possui oito Turmas, cada uma composta de tr\u00eas ministros, com a atribui\u00e7\u00e3o de analisar recursos de revista, agravos, agravos de instrumento, agravos regimentais e recursos ordin\u00e1rios em a\u00e7\u00e3o cautelar. Das decis\u00f5es das Turmas, a parte ainda pode, em alguns casos, recorrer \u00e0 Subse\u00e7\u00e3o I Especializada em Diss\u00eddios Individuais (SBDI-1). <strong>Esta mat\u00e9ria tem cunho meramente informativo.<br \/> Permitida a reprodu\u00e7\u00e3o mediante cita\u00e7\u00e3o da fonte.<br \/> Secretaria de Comunica\u00e7\u00e3o Social<br \/> <a href=\"http:\/\/www.tst.jus.br\/\" target=\"_blank\" rel=\"noopener\">Tribunal Superior do Trabalho<\/a><br \/> Tel. (61) 3043-4907<br \/> <a href=\"mailto:secom@tst.jus.br\">secom@tst.jus.br<\/a><\/strong>       <\/br><br \/>\n<br \/><i>Com informa\u00e7\u00f5es da assessoria de imprensa do TST.<\/i><br \/>\n<br \/><a href=\"http:\/\/www.tst.jus.br\/web\/guest\/noticias?p_p_id=89Dk&#038;p_p_lifecycle=0&#038;refererPlid=10730&#038;_89Dk_struts_action=%2Fjournal_content%2Fview&#038;_89Dk_groupId=10157&#038;_89Dk_articleId=24769767\">Fonte<\/a><br \/>\n<br \/><\/p>\n","protected":false},"excerpt":{"rendered":"<p>A CLT determina expressamente a necessidade de cita\u00e7\u00e3o do executado. A Oitava Turma do Tribunal Superior do Trabalho determinou que a Biopalma da Amaz\u00f4nia S. A. seja citada no in\u00edcio da fase de execu\u00e7\u00e3o em reclama\u00e7\u00e3o trabalhista movida por um cortador de cana. Assim, o processo retornar\u00e1 ao ju\u00edzo de primeiro grau para que seja [&hellip;]<\/p>\n","protected":false},"author":3063,"featured_media":1597,"comment_status":"open","ping_status":"open","sticky":false,"template":"","format":"standard","meta":{"footnotes":""},"categories":[3,21],"tags":[33,216,9,12,217,215],"class_list":{"0":"post-3563","1":"post","2":"type-post","3":"status-publish","4":"format-standard","5":"has-post-thumbnail","7":"category-trabalhista","8":"category-tst","9":"tag-calculos-trabalhistas","10":"tag-direito-trabalhista","11":"tag-pericia","12":"tag-perito","13":"tag-trabalho","14":"tag-tst"},"yoast_head":"<!-- This site is optimized with the Yoast SEO plugin v27.2 - https:\/\/yoast.com\/product\/yoast-seo-wordpress\/ -->\n<title>TST: Execu\u00e7\u00e3o n\u00e3o pode ser iniciada sem cita\u00e7\u00e3o da empresa | Portal de Not\u00edcias<\/title>\n<meta name=\"robots\" content=\"index, follow, max-snippet:-1, max-image-preview:large, max-video-preview:-1\" \/>\n<link rel=\"canonical\" href=\"https:\/\/mhcalculos.com.br\/noticias\/area\/trabalhista\/tst-execucao-nao-pode-ser-iniciada-sem-citacao-da-empresa.html\" \/>\n<meta property=\"og:locale\" content=\"pt_BR\" \/>\n<meta property=\"og:type\" content=\"article\" \/>\n<meta property=\"og:title\" content=\"TST: Execu\u00e7\u00e3o n\u00e3o pode ser iniciada sem cita\u00e7\u00e3o da empresa | Portal de Not\u00edcias\" \/>\n<meta property=\"og:description\" content=\"A CLT determina expressamente a necessidade de cita\u00e7\u00e3o do executado. A Oitava Turma do Tribunal Superior do Trabalho determinou que a Biopalma da Amaz\u00f4nia S. A. seja citada no in\u00edcio da fase de execu\u00e7\u00e3o em reclama\u00e7\u00e3o trabalhista movida por um cortador de cana. Assim, o processo retornar\u00e1 ao ju\u00edzo de primeiro grau para que seja [&hellip;]\" \/>\n<meta property=\"og:url\" content=\"https:\/\/mhcalculos.com.br\/noticias\/area\/trabalhista\/tst-execucao-nao-pode-ser-iniciada-sem-citacao-da-empresa.html\" \/>\n<meta property=\"og:site_name\" content=\"Portal de Not\u00edcias\" \/>\n<meta property=\"article:published_time\" content=\"2019-01-14T18:41:00+00:00\" \/>\n<meta property=\"article:modified_time\" content=\"2021-07-28T17:33:29+00:00\" \/>\n<meta property=\"og:image\" content=\"https:\/\/mhcalculos.com.br\/noticias\/wp-content\/uploads\/sites\/2\/2018\/06\/trabalhista-0037.jpg\" \/>\n\t<meta property=\"og:image:width\" content=\"2000\" \/>\n\t<meta property=\"og:image:height\" content=\"800\" \/>\n\t<meta property=\"og:image:type\" content=\"image\/jpeg\" \/>\n<meta name=\"author\" content=\"Equipe MH\" \/>\n<meta name=\"twitter:card\" content=\"summary_large_image\" \/>\n<meta name=\"twitter:label1\" content=\"Escrito por\" \/>\n\t<meta name=\"twitter:data1\" content=\"Equipe MH\" \/>\n\t<meta name=\"twitter:label2\" content=\"Est. tempo de leitura\" \/>\n\t<meta name=\"twitter:data2\" content=\"2 minutos\" \/>\n<script type=\"application\/ld+json\" class=\"yoast-schema-graph\">{\"@context\":\"https:\/\/schema.org\",\"@graph\":[{\"@type\":\"Article\",\"@id\":\"https:\/\/mhcalculos.com.br\/noticias\/area\/trabalhista\/tst-execucao-nao-pode-ser-iniciada-sem-citacao-da-empresa.html#article\",\"isPartOf\":{\"@id\":\"https:\/\/mhcalculos.com.br\/noticias\/area\/trabalhista\/tst-execucao-nao-pode-ser-iniciada-sem-citacao-da-empresa.html\"},\"author\":{\"name\":\"Equipe MH\",\"@id\":\"https:\/\/mhcalculos.com.br\/noticias\/#\/schema\/person\/88d1c34bf72dc779ea14a5a6b8e0ae8d\"},\"headline\":\"TST: Execu\u00e7\u00e3o n\u00e3o pode ser iniciada sem cita\u00e7\u00e3o da empresa\",\"datePublished\":\"2019-01-14T18:41:00+00:00\",\"dateModified\":\"2021-07-28T17:33:29+00:00\",\"mainEntityOfPage\":{\"@id\":\"https:\/\/mhcalculos.com.br\/noticias\/area\/trabalhista\/tst-execucao-nao-pode-ser-iniciada-sem-citacao-da-empresa.html\"},\"wordCount\":426,\"commentCount\":0,\"image\":{\"@id\":\"https:\/\/mhcalculos.com.br\/noticias\/area\/trabalhista\/tst-execucao-nao-pode-ser-iniciada-sem-citacao-da-empresa.html#primaryimage\"},\"thumbnailUrl\":\"https:\/\/mhcalculos.com.br\/noticias\/wp-content\/uploads\/sites\/2\/2018\/06\/trabalhista-0037.jpg\",\"keywords\":[\"c\u00e1lculos trabalhistas\",\"direito trabalhista\",\"per\u00edcia\",\"perito\",\"trabalho\",\"TST\"],\"articleSection\":[\"Direito Trabalhista\",\"TST\"],\"inLanguage\":\"pt-BR\",\"potentialAction\":[{\"@type\":\"CommentAction\",\"name\":\"Comment\",\"target\":[\"https:\/\/mhcalculos.com.br\/noticias\/area\/trabalhista\/tst-execucao-nao-pode-ser-iniciada-sem-citacao-da-empresa.html#respond\"]}]},{\"@type\":\"WebPage\",\"@id\":\"https:\/\/mhcalculos.com.br\/noticias\/area\/trabalhista\/tst-execucao-nao-pode-ser-iniciada-sem-citacao-da-empresa.html\",\"url\":\"https:\/\/mhcalculos.com.br\/noticias\/area\/trabalhista\/tst-execucao-nao-pode-ser-iniciada-sem-citacao-da-empresa.html\",\"name\":\"TST: Execu\u00e7\u00e3o n\u00e3o pode ser iniciada sem cita\u00e7\u00e3o da empresa | Portal de Not\u00edcias\",\"isPartOf\":{\"@id\":\"https:\/\/mhcalculos.com.br\/noticias\/#website\"},\"primaryImageOfPage\":{\"@id\":\"https:\/\/mhcalculos.com.br\/noticias\/area\/trabalhista\/tst-execucao-nao-pode-ser-iniciada-sem-citacao-da-empresa.html#primaryimage\"},\"image\":{\"@id\":\"https:\/\/mhcalculos.com.br\/noticias\/area\/trabalhista\/tst-execucao-nao-pode-ser-iniciada-sem-citacao-da-empresa.html#primaryimage\"},\"thumbnailUrl\":\"https:\/\/mhcalculos.com.br\/noticias\/wp-content\/uploads\/sites\/2\/2018\/06\/trabalhista-0037.jpg\",\"datePublished\":\"2019-01-14T18:41:00+00:00\",\"dateModified\":\"2021-07-28T17:33:29+00:00\",\"author\":{\"@id\":\"https:\/\/mhcalculos.com.br\/noticias\/#\/schema\/person\/88d1c34bf72dc779ea14a5a6b8e0ae8d\"},\"breadcrumb\":{\"@id\":\"https:\/\/mhcalculos.com.br\/noticias\/area\/trabalhista\/tst-execucao-nao-pode-ser-iniciada-sem-citacao-da-empresa.html#breadcrumb\"},\"inLanguage\":\"pt-BR\",\"potentialAction\":[{\"@type\":\"ReadAction\",\"target\":[\"https:\/\/mhcalculos.com.br\/noticias\/area\/trabalhista\/tst-execucao-nao-pode-ser-iniciada-sem-citacao-da-empresa.html\"]}]},{\"@type\":\"ImageObject\",\"inLanguage\":\"pt-BR\",\"@id\":\"https:\/\/mhcalculos.com.br\/noticias\/area\/trabalhista\/tst-execucao-nao-pode-ser-iniciada-sem-citacao-da-empresa.html#primaryimage\",\"url\":\"https:\/\/mhcalculos.com.br\/noticias\/wp-content\/uploads\/sites\/2\/2018\/06\/trabalhista-0037.jpg\",\"contentUrl\":\"https:\/\/mhcalculos.com.br\/noticias\/wp-content\/uploads\/sites\/2\/2018\/06\/trabalhista-0037.jpg\",\"width\":2000,\"height\":800},{\"@type\":\"BreadcrumbList\",\"@id\":\"https:\/\/mhcalculos.com.br\/noticias\/area\/trabalhista\/tst-execucao-nao-pode-ser-iniciada-sem-citacao-da-empresa.html#breadcrumb\",\"itemListElement\":[{\"@type\":\"ListItem\",\"position\":1,\"name\":\"In\u00edcio\",\"item\":\"https:\/\/mhcalculos.com.br\/noticias\/\"},{\"@type\":\"ListItem\",\"position\":2,\"name\":\"TST: Execu\u00e7\u00e3o n\u00e3o pode ser iniciada sem cita\u00e7\u00e3o da empresa\"}]},{\"@type\":\"WebSite\",\"@id\":\"https:\/\/mhcalculos.com.br\/noticias\/#website\",\"url\":\"https:\/\/mhcalculos.com.br\/noticias\/\",\"name\":\"Portal de Not\u00edcias\",\"description\":\"Not\u00edcias e Jurisprud\u00eancia\",\"potentialAction\":[{\"@type\":\"SearchAction\",\"target\":{\"@type\":\"EntryPoint\",\"urlTemplate\":\"https:\/\/mhcalculos.com.br\/noticias\/?s={search_term_string}\"},\"query-input\":{\"@type\":\"PropertyValueSpecification\",\"valueRequired\":true,\"valueName\":\"search_term_string\"}}],\"inLanguage\":\"pt-BR\"},{\"@type\":\"Person\",\"@id\":\"https:\/\/mhcalculos.com.br\/noticias\/#\/schema\/person\/88d1c34bf72dc779ea14a5a6b8e0ae8d\",\"name\":\"Equipe MH\",\"image\":{\"@type\":\"ImageObject\",\"inLanguage\":\"pt-BR\",\"@id\":\"https:\/\/secure.gravatar.com\/avatar\/de1c686c2ecc9c5a3f327e3431d819eb39f8f05d4e1045f5a1caad6daaba987f?s=96&d=mm&r=g\",\"url\":\"https:\/\/secure.gravatar.com\/avatar\/de1c686c2ecc9c5a3f327e3431d819eb39f8f05d4e1045f5a1caad6daaba987f?s=96&d=mm&r=g\",\"contentUrl\":\"https:\/\/secure.gravatar.com\/avatar\/de1c686c2ecc9c5a3f327e3431d819eb39f8f05d4e1045f5a1caad6daaba987f?s=96&d=mm&r=g\",\"caption\":\"Equipe MH\"}}]}<\/script>\n<!-- \/ Yoast SEO plugin. -->","yoast_head_json":{"title":"TST: Execu\u00e7\u00e3o n\u00e3o pode ser iniciada sem cita\u00e7\u00e3o da empresa | Portal de Not\u00edcias","robots":{"index":"index","follow":"follow","max-snippet":"max-snippet:-1","max-image-preview":"max-image-preview:large","max-video-preview":"max-video-preview:-1"},"canonical":"https:\/\/mhcalculos.com.br\/noticias\/area\/trabalhista\/tst-execucao-nao-pode-ser-iniciada-sem-citacao-da-empresa.html","og_locale":"pt_BR","og_type":"article","og_title":"TST: Execu\u00e7\u00e3o n\u00e3o pode ser iniciada sem cita\u00e7\u00e3o da empresa | Portal de Not\u00edcias","og_description":"A CLT determina expressamente a necessidade de cita\u00e7\u00e3o do executado. A Oitava Turma do Tribunal Superior do Trabalho determinou que a Biopalma da Amaz\u00f4nia S. A. seja citada no in\u00edcio da fase de execu\u00e7\u00e3o em reclama\u00e7\u00e3o trabalhista movida por um cortador de cana. Assim, o processo retornar\u00e1 ao ju\u00edzo de primeiro grau para que seja [&hellip;]","og_url":"https:\/\/mhcalculos.com.br\/noticias\/area\/trabalhista\/tst-execucao-nao-pode-ser-iniciada-sem-citacao-da-empresa.html","og_site_name":"Portal de Not\u00edcias","article_published_time":"2019-01-14T18:41:00+00:00","article_modified_time":"2021-07-28T17:33:29+00:00","og_image":[{"width":2000,"height":800,"url":"https:\/\/mhcalculos.com.br\/noticias\/wp-content\/uploads\/sites\/2\/2018\/06\/trabalhista-0037.jpg","type":"image\/jpeg"}],"author":"Equipe MH","twitter_card":"summary_large_image","twitter_misc":{"Escrito por":"Equipe MH","Est. tempo de leitura":"2 minutos"},"schema":{"@context":"https:\/\/schema.org","@graph":[{"@type":"Article","@id":"https:\/\/mhcalculos.com.br\/noticias\/area\/trabalhista\/tst-execucao-nao-pode-ser-iniciada-sem-citacao-da-empresa.html#article","isPartOf":{"@id":"https:\/\/mhcalculos.com.br\/noticias\/area\/trabalhista\/tst-execucao-nao-pode-ser-iniciada-sem-citacao-da-empresa.html"},"author":{"name":"Equipe MH","@id":"https:\/\/mhcalculos.com.br\/noticias\/#\/schema\/person\/88d1c34bf72dc779ea14a5a6b8e0ae8d"},"headline":"TST: Execu\u00e7\u00e3o n\u00e3o pode ser iniciada sem cita\u00e7\u00e3o da empresa","datePublished":"2019-01-14T18:41:00+00:00","dateModified":"2021-07-28T17:33:29+00:00","mainEntityOfPage":{"@id":"https:\/\/mhcalculos.com.br\/noticias\/area\/trabalhista\/tst-execucao-nao-pode-ser-iniciada-sem-citacao-da-empresa.html"},"wordCount":426,"commentCount":0,"image":{"@id":"https:\/\/mhcalculos.com.br\/noticias\/area\/trabalhista\/tst-execucao-nao-pode-ser-iniciada-sem-citacao-da-empresa.html#primaryimage"},"thumbnailUrl":"https:\/\/mhcalculos.com.br\/noticias\/wp-content\/uploads\/sites\/2\/2018\/06\/trabalhista-0037.jpg","keywords":["c\u00e1lculos trabalhistas","direito trabalhista","per\u00edcia","perito","trabalho","TST"],"articleSection":["Direito Trabalhista","TST"],"inLanguage":"pt-BR","potentialAction":[{"@type":"CommentAction","name":"Comment","target":["https:\/\/mhcalculos.com.br\/noticias\/area\/trabalhista\/tst-execucao-nao-pode-ser-iniciada-sem-citacao-da-empresa.html#respond"]}]},{"@type":"WebPage","@id":"https:\/\/mhcalculos.com.br\/noticias\/area\/trabalhista\/tst-execucao-nao-pode-ser-iniciada-sem-citacao-da-empresa.html","url":"https:\/\/mhcalculos.com.br\/noticias\/area\/trabalhista\/tst-execucao-nao-pode-ser-iniciada-sem-citacao-da-empresa.html","name":"TST: Execu\u00e7\u00e3o n\u00e3o pode ser iniciada sem cita\u00e7\u00e3o da empresa | Portal de Not\u00edcias","isPartOf":{"@id":"https:\/\/mhcalculos.com.br\/noticias\/#website"},"primaryImageOfPage":{"@id":"https:\/\/mhcalculos.com.br\/noticias\/area\/trabalhista\/tst-execucao-nao-pode-ser-iniciada-sem-citacao-da-empresa.html#primaryimage"},"image":{"@id":"https:\/\/mhcalculos.com.br\/noticias\/area\/trabalhista\/tst-execucao-nao-pode-ser-iniciada-sem-citacao-da-empresa.html#primaryimage"},"thumbnailUrl":"https:\/\/mhcalculos.com.br\/noticias\/wp-content\/uploads\/sites\/2\/2018\/06\/trabalhista-0037.jpg","datePublished":"2019-01-14T18:41:00+00:00","dateModified":"2021-07-28T17:33:29+00:00","author":{"@id":"https:\/\/mhcalculos.com.br\/noticias\/#\/schema\/person\/88d1c34bf72dc779ea14a5a6b8e0ae8d"},"breadcrumb":{"@id":"https:\/\/mhcalculos.com.br\/noticias\/area\/trabalhista\/tst-execucao-nao-pode-ser-iniciada-sem-citacao-da-empresa.html#breadcrumb"},"inLanguage":"pt-BR","potentialAction":[{"@type":"ReadAction","target":["https:\/\/mhcalculos.com.br\/noticias\/area\/trabalhista\/tst-execucao-nao-pode-ser-iniciada-sem-citacao-da-empresa.html"]}]},{"@type":"ImageObject","inLanguage":"pt-BR","@id":"https:\/\/mhcalculos.com.br\/noticias\/area\/trabalhista\/tst-execucao-nao-pode-ser-iniciada-sem-citacao-da-empresa.html#primaryimage","url":"https:\/\/mhcalculos.com.br\/noticias\/wp-content\/uploads\/sites\/2\/2018\/06\/trabalhista-0037.jpg","contentUrl":"https:\/\/mhcalculos.com.br\/noticias\/wp-content\/uploads\/sites\/2\/2018\/06\/trabalhista-0037.jpg","width":2000,"height":800},{"@type":"BreadcrumbList","@id":"https:\/\/mhcalculos.com.br\/noticias\/area\/trabalhista\/tst-execucao-nao-pode-ser-iniciada-sem-citacao-da-empresa.html#breadcrumb","itemListElement":[{"@type":"ListItem","position":1,"name":"In\u00edcio","item":"https:\/\/mhcalculos.com.br\/noticias\/"},{"@type":"ListItem","position":2,"name":"TST: Execu\u00e7\u00e3o n\u00e3o pode ser iniciada sem cita\u00e7\u00e3o da empresa"}]},{"@type":"WebSite","@id":"https:\/\/mhcalculos.com.br\/noticias\/#website","url":"https:\/\/mhcalculos.com.br\/noticias\/","name":"Portal de Not\u00edcias","description":"Not\u00edcias e Jurisprud\u00eancia","potentialAction":[{"@type":"SearchAction","target":{"@type":"EntryPoint","urlTemplate":"https:\/\/mhcalculos.com.br\/noticias\/?s={search_term_string}"},"query-input":{"@type":"PropertyValueSpecification","valueRequired":true,"valueName":"search_term_string"}}],"inLanguage":"pt-BR"},{"@type":"Person","@id":"https:\/\/mhcalculos.com.br\/noticias\/#\/schema\/person\/88d1c34bf72dc779ea14a5a6b8e0ae8d","name":"Equipe MH","image":{"@type":"ImageObject","inLanguage":"pt-BR","@id":"https:\/\/secure.gravatar.com\/avatar\/de1c686c2ecc9c5a3f327e3431d819eb39f8f05d4e1045f5a1caad6daaba987f?s=96&d=mm&r=g","url":"https:\/\/secure.gravatar.com\/avatar\/de1c686c2ecc9c5a3f327e3431d819eb39f8f05d4e1045f5a1caad6daaba987f?s=96&d=mm&r=g","contentUrl":"https:\/\/secure.gravatar.com\/avatar\/de1c686c2ecc9c5a3f327e3431d819eb39f8f05d4e1045f5a1caad6daaba987f?s=96&d=mm&r=g","caption":"Equipe MH"}}]}},"_links":{"self":[{"href":"https:\/\/mhcalculos.com.br\/noticias\/wp-json\/wp\/v2\/posts\/3563","targetHints":{"allow":["GET"]}}],"collection":[{"href":"https:\/\/mhcalculos.com.br\/noticias\/wp-json\/wp\/v2\/posts"}],"about":[{"href":"https:\/\/mhcalculos.com.br\/noticias\/wp-json\/wp\/v2\/types\/post"}],"author":[{"embeddable":true,"href":"https:\/\/mhcalculos.com.br\/noticias\/wp-json\/wp\/v2\/users\/3063"}],"replies":[{"embeddable":true,"href":"https:\/\/mhcalculos.com.br\/noticias\/wp-json\/wp\/v2\/comments?post=3563"}],"version-history":[{"count":1,"href":"https:\/\/mhcalculos.com.br\/noticias\/wp-json\/wp\/v2\/posts\/3563\/revisions"}],"predecessor-version":[{"id":10059,"href":"https:\/\/mhcalculos.com.br\/noticias\/wp-json\/wp\/v2\/posts\/3563\/revisions\/10059"}],"wp:featuredmedia":[{"embeddable":true,"href":"https:\/\/mhcalculos.com.br\/noticias\/wp-json\/wp\/v2\/media\/1597"}],"wp:attachment":[{"href":"https:\/\/mhcalculos.com.br\/noticias\/wp-json\/wp\/v2\/media?parent=3563"}],"wp:term":[{"taxonomy":"category","embeddable":true,"href":"https:\/\/mhcalculos.com.br\/noticias\/wp-json\/wp\/v2\/categories?post=3563"},{"taxonomy":"post_tag","embeddable":true,"href":"https:\/\/mhcalculos.com.br\/noticias\/wp-json\/wp\/v2\/tags?post=3563"}],"curies":[{"name":"wp","href":"https:\/\/api.w.org\/{rel}","templated":true}]}}