{"id":3526,"date":"2019-01-03T01:00:14","date_gmt":"2019-01-03T03:00:14","guid":{"rendered":"https:\/\/mhcalculos.com.br\/noticias\/2019\/01\/03\/stf-ministro-rejeita-pedido-de-desembargador-aposentado-do-tj-ce-para-anular-processo-disciplinar\/"},"modified":"2021-07-28T14:33:33","modified_gmt":"2021-07-28T17:33:33","slug":"stf-ministro-rejeita-pedido-de-desembargador-aposentado-do-tj-ce-para-anular-processo-disciplinar","status":"publish","type":"post","link":"https:\/\/mhcalculos.com.br\/noticias\/area\/previdenciario\/stf-ministro-rejeita-pedido-de-desembargador-aposentado-do-tj-ce-para-anular-processo-disciplinar.html","title":{"rendered":"STF: Ministro rejeita pedido de desembargador aposentado do TJ-CE para anular processo disciplinar"},"content":{"rendered":"<p><br \/>\n<\/p>\n<p>O ministro Luiz Fux, do Supremo Tribunal Federal (STF), negou seguimento (julgou invi\u00e1vel) ao Mandado de Seguran\u00e7a (MS) 36062, impetrado pelo desembargador aposentado do Tribunal de Justi\u00e7a do Cear\u00e1 (TJ-CE) V\u00e1ldsen da Silva Alves Pereira com o objetivo de anular processo administrativo disciplinar a que responde perante o Conselho Nacional de Justi\u00e7a (CNJ). V\u00e1ldsen \u00e9 investigado por ind\u00edcios de participa\u00e7\u00e3o no direcionamento da distribui\u00e7\u00e3o de habeas corpus e deferimento irregular de liminares nesses processos quando atuou em plant\u00f5es judiciais no TJ-CE, em dezembro de 2013.<\/p>\n<p>Segundo alegou o desembargador aposentado, al\u00e9m de n\u00e3o existirem provas de atua\u00e7\u00e3o il\u00edcita dele no caso investigado, como a aposentadoria compuls\u00f3ria \u00e9 a penalidade m\u00e1xima em \u00e2mbito administrativo aplicada a magistrados, n\u00e3o haveria interesse processual na instaura\u00e7\u00e3o do PAD, uma vez que V\u00e1ldsen j\u00e1 est\u00e1 aposentado compulsoriamente por idade.<\/p>\n<p>Ao negar seguimento ao pedido, o ministro Luiz Fux explicou que o CNJ determinou a instaura\u00e7\u00e3o do PAD &ldquo;de forma adequada e fundamentada&rdquo;. Logo, segundo o relator, para se verificar suposta irregularidade na decis\u00e3o proferida pelo Conselho ou debater a alegada aus\u00eancia de provas seria necess\u00e1rio o reexame de fatos e provas, o que \u00e9 invi\u00e1vel na via do mandado de seguran\u00e7a.<\/p>\n<p>O segundo argumento do magistrado tamb\u00e9m foi afastado pelo ministro Fux. De acordo com ele, o pr\u00f3prio CNJ apontou, em informa\u00e7\u00f5es prestadas no processo, que  &ldquo;a mera aposentadoria compuls\u00f3ria por idade, por n\u00e3o corresponder a nenhuma penalidade disciplinar, n\u00e3o \u00e9 motivo suficiente para impedir a apura\u00e7\u00e3o de infra\u00e7\u00f5es pela via administrativa&rdquo;. Isso porque consequ\u00eancias decorrem da apura\u00e7\u00e3o dos fatos na esfera disciplinar, como eventual necessidade de investiga\u00e7\u00e3o de infra\u00e7\u00e3o penal ou de ato de improbidade administrativa. Nesse caso, os autos seriam enviados ao Minist\u00e9rio P\u00fablico para a propositura das a\u00e7\u00f5es cab\u00edveis, que poderiam resultar, em tese, na perda de cargo e proventos da aposentadoria.<\/p>\n<p>&ldquo;O pr\u00f3prio Conselho Nacional de Justi\u00e7a possui jurisprud\u00eancia antiga no sentido de que a aposentadoria compuls\u00f3ria por idade n\u00e3o deve obstar a instaura\u00e7\u00e3o e o prosseguimento de procedimento administrativo disciplinar&rdquo;, concluiu.<\/p>\n<p>A decis\u00e3o do ministro Luiz Fux foi tomada antes do in\u00edcio do recesso forense.<\/p>\n<p><span style=\"font-size: small\">RR\/AD<\/span><\/p>\n<p><i>Com informa\u00e7\u00f5es da assessoria de imprensa do STF.<\/i><br \/>\n<br \/><br \/>\n<br \/><a href=\"http:\/\/www.stf.jus.br\/portal\/cms\/verNoticiaDetalhe.asp?idConteudo=399974\">Fonte<\/a><\/p>\n","protected":false},"excerpt":{"rendered":"<p>O ministro Luiz Fux, do Supremo Tribunal Federal (STF), negou seguimento (julgou invi\u00e1vel) ao Mandado de Seguran\u00e7a (MS) 36062, impetrado pelo desembargador aposentado do Tribunal de Justi\u00e7a do Cear\u00e1 (TJ-CE) V\u00e1ldsen da Silva Alves Pereira com o objetivo de anular processo administrativo disciplinar a que responde perante o Conselho Nacional de Justi\u00e7a (CNJ). V\u00e1ldsen \u00e9 [&hellip;]<\/p>\n","protected":false},"author":3063,"featured_media":2775,"comment_status":"open","ping_status":"open","sticky":false,"template":"","format":"standard","meta":{"footnotes":""},"categories":[5,15],"tags":[11,10,8,13,9,12,16],"class_list":{"0":"post-3526","1":"post","2":"type-post","3":"status-publish","4":"format-standard","5":"has-post-thumbnail","7":"category-previdenciario","8":"category-stf","9":"tag-aposentadoria","10":"tag-calculos-previdenciarios","11":"tag-direito-previdenciario","12":"tag-inss","13":"tag-pericia","14":"tag-perito","15":"tag-stf"},"yoast_head":"<!-- This site is optimized with the Yoast SEO plugin v27.2 - https:\/\/yoast.com\/product\/yoast-seo-wordpress\/ -->\n<title>STF: Ministro rejeita pedido de desembargador aposentado do TJ-CE para anular processo disciplinar | Portal de Not\u00edcias<\/title>\n<meta name=\"robots\" content=\"index, follow, max-snippet:-1, max-image-preview:large, max-video-preview:-1\" \/>\n<link rel=\"canonical\" href=\"https:\/\/mhcalculos.com.br\/noticias\/area\/previdenciario\/stf-ministro-rejeita-pedido-de-desembargador-aposentado-do-tj-ce-para-anular-processo-disciplinar.html\" \/>\n<meta property=\"og:locale\" content=\"pt_BR\" \/>\n<meta property=\"og:type\" content=\"article\" \/>\n<meta property=\"og:title\" content=\"STF: Ministro rejeita pedido de desembargador aposentado do TJ-CE para anular processo disciplinar | Portal de Not\u00edcias\" \/>\n<meta property=\"og:description\" content=\"O ministro Luiz Fux, do Supremo Tribunal Federal (STF), negou seguimento (julgou invi\u00e1vel) ao Mandado de Seguran\u00e7a (MS) 36062, impetrado pelo desembargador aposentado do Tribunal de Justi\u00e7a do Cear\u00e1 (TJ-CE) V\u00e1ldsen da Silva Alves Pereira com o objetivo de anular processo administrativo disciplinar a que responde perante o Conselho Nacional de Justi\u00e7a (CNJ). V\u00e1ldsen \u00e9 [&hellip;]\" \/>\n<meta property=\"og:url\" content=\"https:\/\/mhcalculos.com.br\/noticias\/area\/previdenciario\/stf-ministro-rejeita-pedido-de-desembargador-aposentado-do-tj-ce-para-anular-processo-disciplinar.html\" \/>\n<meta property=\"og:site_name\" content=\"Portal de Not\u00edcias\" \/>\n<meta property=\"article:published_time\" content=\"2019-01-03T03:00:14+00:00\" \/>\n<meta property=\"article:modified_time\" content=\"2021-07-28T17:33:33+00:00\" \/>\n<meta property=\"og:image\" content=\"https:\/\/mhcalculos.com.br\/noticias\/wp-content\/uploads\/sites\/2\/2018\/08\/previdenciario-0022.jpg\" \/>\n\t<meta property=\"og:image:width\" content=\"2000\" \/>\n\t<meta property=\"og:image:height\" content=\"800\" \/>\n\t<meta property=\"og:image:type\" content=\"image\/jpeg\" \/>\n<meta name=\"author\" content=\"Equipe MH\" \/>\n<meta name=\"twitter:card\" content=\"summary_large_image\" \/>\n<meta name=\"twitter:label1\" content=\"Escrito por\" \/>\n\t<meta name=\"twitter:data1\" content=\"Equipe MH\" \/>\n\t<meta name=\"twitter:label2\" content=\"Est. tempo de leitura\" \/>\n\t<meta name=\"twitter:data2\" content=\"2 minutos\" \/>\n<script type=\"application\/ld+json\" class=\"yoast-schema-graph\">{\"@context\":\"https:\/\/schema.org\",\"@graph\":[{\"@type\":\"Article\",\"@id\":\"https:\/\/mhcalculos.com.br\/noticias\/area\/previdenciario\/stf-ministro-rejeita-pedido-de-desembargador-aposentado-do-tj-ce-para-anular-processo-disciplinar.html#article\",\"isPartOf\":{\"@id\":\"https:\/\/mhcalculos.com.br\/noticias\/area\/previdenciario\/stf-ministro-rejeita-pedido-de-desembargador-aposentado-do-tj-ce-para-anular-processo-disciplinar.html\"},\"author\":{\"name\":\"Equipe MH\",\"@id\":\"https:\/\/mhcalculos.com.br\/noticias\/#\/schema\/person\/88d1c34bf72dc779ea14a5a6b8e0ae8d\"},\"headline\":\"STF: Ministro rejeita pedido de desembargador aposentado do TJ-CE para anular processo disciplinar\",\"datePublished\":\"2019-01-03T03:00:14+00:00\",\"dateModified\":\"2021-07-28T17:33:33+00:00\",\"mainEntityOfPage\":{\"@id\":\"https:\/\/mhcalculos.com.br\/noticias\/area\/previdenciario\/stf-ministro-rejeita-pedido-de-desembargador-aposentado-do-tj-ce-para-anular-processo-disciplinar.html\"},\"wordCount\":421,\"commentCount\":0,\"image\":{\"@id\":\"https:\/\/mhcalculos.com.br\/noticias\/area\/previdenciario\/stf-ministro-rejeita-pedido-de-desembargador-aposentado-do-tj-ce-para-anular-processo-disciplinar.html#primaryimage\"},\"thumbnailUrl\":\"https:\/\/mhcalculos.com.br\/noticias\/wp-content\/uploads\/sites\/2\/2018\/08\/previdenciario-0022.jpg\",\"keywords\":[\"aposentadoria\",\"c\u00e1lculos previdenci\u00e1rios\",\"direito previdenci\u00e1rio\",\"inss\",\"per\u00edcia\",\"perito\",\"stf\"],\"articleSection\":[\"Direito Previdenci\u00e1rio\",\"STF\"],\"inLanguage\":\"pt-BR\",\"potentialAction\":[{\"@type\":\"CommentAction\",\"name\":\"Comment\",\"target\":[\"https:\/\/mhcalculos.com.br\/noticias\/area\/previdenciario\/stf-ministro-rejeita-pedido-de-desembargador-aposentado-do-tj-ce-para-anular-processo-disciplinar.html#respond\"]}]},{\"@type\":\"WebPage\",\"@id\":\"https:\/\/mhcalculos.com.br\/noticias\/area\/previdenciario\/stf-ministro-rejeita-pedido-de-desembargador-aposentado-do-tj-ce-para-anular-processo-disciplinar.html\",\"url\":\"https:\/\/mhcalculos.com.br\/noticias\/area\/previdenciario\/stf-ministro-rejeita-pedido-de-desembargador-aposentado-do-tj-ce-para-anular-processo-disciplinar.html\",\"name\":\"STF: Ministro rejeita pedido de desembargador aposentado do TJ-CE para anular processo disciplinar | Portal de Not\u00edcias\",\"isPartOf\":{\"@id\":\"https:\/\/mhcalculos.com.br\/noticias\/#website\"},\"primaryImageOfPage\":{\"@id\":\"https:\/\/mhcalculos.com.br\/noticias\/area\/previdenciario\/stf-ministro-rejeita-pedido-de-desembargador-aposentado-do-tj-ce-para-anular-processo-disciplinar.html#primaryimage\"},\"image\":{\"@id\":\"https:\/\/mhcalculos.com.br\/noticias\/area\/previdenciario\/stf-ministro-rejeita-pedido-de-desembargador-aposentado-do-tj-ce-para-anular-processo-disciplinar.html#primaryimage\"},\"thumbnailUrl\":\"https:\/\/mhcalculos.com.br\/noticias\/wp-content\/uploads\/sites\/2\/2018\/08\/previdenciario-0022.jpg\",\"datePublished\":\"2019-01-03T03:00:14+00:00\",\"dateModified\":\"2021-07-28T17:33:33+00:00\",\"author\":{\"@id\":\"https:\/\/mhcalculos.com.br\/noticias\/#\/schema\/person\/88d1c34bf72dc779ea14a5a6b8e0ae8d\"},\"breadcrumb\":{\"@id\":\"https:\/\/mhcalculos.com.br\/noticias\/area\/previdenciario\/stf-ministro-rejeita-pedido-de-desembargador-aposentado-do-tj-ce-para-anular-processo-disciplinar.html#breadcrumb\"},\"inLanguage\":\"pt-BR\",\"potentialAction\":[{\"@type\":\"ReadAction\",\"target\":[\"https:\/\/mhcalculos.com.br\/noticias\/area\/previdenciario\/stf-ministro-rejeita-pedido-de-desembargador-aposentado-do-tj-ce-para-anular-processo-disciplinar.html\"]}]},{\"@type\":\"ImageObject\",\"inLanguage\":\"pt-BR\",\"@id\":\"https:\/\/mhcalculos.com.br\/noticias\/area\/previdenciario\/stf-ministro-rejeita-pedido-de-desembargador-aposentado-do-tj-ce-para-anular-processo-disciplinar.html#primaryimage\",\"url\":\"https:\/\/mhcalculos.com.br\/noticias\/wp-content\/uploads\/sites\/2\/2018\/08\/previdenciario-0022.jpg\",\"contentUrl\":\"https:\/\/mhcalculos.com.br\/noticias\/wp-content\/uploads\/sites\/2\/2018\/08\/previdenciario-0022.jpg\",\"width\":2000,\"height\":800,\"caption\":\"Tribunal emite novo alerta contra golpe do processo\"},{\"@type\":\"BreadcrumbList\",\"@id\":\"https:\/\/mhcalculos.com.br\/noticias\/area\/previdenciario\/stf-ministro-rejeita-pedido-de-desembargador-aposentado-do-tj-ce-para-anular-processo-disciplinar.html#breadcrumb\",\"itemListElement\":[{\"@type\":\"ListItem\",\"position\":1,\"name\":\"In\u00edcio\",\"item\":\"https:\/\/mhcalculos.com.br\/noticias\/\"},{\"@type\":\"ListItem\",\"position\":2,\"name\":\"STF: Ministro rejeita pedido de desembargador aposentado do TJ-CE para anular processo disciplinar\"}]},{\"@type\":\"WebSite\",\"@id\":\"https:\/\/mhcalculos.com.br\/noticias\/#website\",\"url\":\"https:\/\/mhcalculos.com.br\/noticias\/\",\"name\":\"Portal de Not\u00edcias\",\"description\":\"Not\u00edcias e Jurisprud\u00eancia\",\"potentialAction\":[{\"@type\":\"SearchAction\",\"target\":{\"@type\":\"EntryPoint\",\"urlTemplate\":\"https:\/\/mhcalculos.com.br\/noticias\/?s={search_term_string}\"},\"query-input\":{\"@type\":\"PropertyValueSpecification\",\"valueRequired\":true,\"valueName\":\"search_term_string\"}}],\"inLanguage\":\"pt-BR\"},{\"@type\":\"Person\",\"@id\":\"https:\/\/mhcalculos.com.br\/noticias\/#\/schema\/person\/88d1c34bf72dc779ea14a5a6b8e0ae8d\",\"name\":\"Equipe MH\",\"image\":{\"@type\":\"ImageObject\",\"inLanguage\":\"pt-BR\",\"@id\":\"https:\/\/secure.gravatar.com\/avatar\/de1c686c2ecc9c5a3f327e3431d819eb39f8f05d4e1045f5a1caad6daaba987f?s=96&d=mm&r=g\",\"url\":\"https:\/\/secure.gravatar.com\/avatar\/de1c686c2ecc9c5a3f327e3431d819eb39f8f05d4e1045f5a1caad6daaba987f?s=96&d=mm&r=g\",\"contentUrl\":\"https:\/\/secure.gravatar.com\/avatar\/de1c686c2ecc9c5a3f327e3431d819eb39f8f05d4e1045f5a1caad6daaba987f?s=96&d=mm&r=g\",\"caption\":\"Equipe MH\"}}]}<\/script>\n<!-- \/ Yoast SEO plugin. -->","yoast_head_json":{"title":"STF: Ministro rejeita pedido de desembargador aposentado do TJ-CE para anular processo disciplinar | Portal de Not\u00edcias","robots":{"index":"index","follow":"follow","max-snippet":"max-snippet:-1","max-image-preview":"max-image-preview:large","max-video-preview":"max-video-preview:-1"},"canonical":"https:\/\/mhcalculos.com.br\/noticias\/area\/previdenciario\/stf-ministro-rejeita-pedido-de-desembargador-aposentado-do-tj-ce-para-anular-processo-disciplinar.html","og_locale":"pt_BR","og_type":"article","og_title":"STF: Ministro rejeita pedido de desembargador aposentado do TJ-CE para anular processo disciplinar | Portal de Not\u00edcias","og_description":"O ministro Luiz Fux, do Supremo Tribunal Federal (STF), negou seguimento (julgou invi\u00e1vel) ao Mandado de Seguran\u00e7a (MS) 36062, impetrado pelo desembargador aposentado do Tribunal de Justi\u00e7a do Cear\u00e1 (TJ-CE) V\u00e1ldsen da Silva Alves Pereira com o objetivo de anular processo administrativo disciplinar a que responde perante o Conselho Nacional de Justi\u00e7a (CNJ). V\u00e1ldsen \u00e9 [&hellip;]","og_url":"https:\/\/mhcalculos.com.br\/noticias\/area\/previdenciario\/stf-ministro-rejeita-pedido-de-desembargador-aposentado-do-tj-ce-para-anular-processo-disciplinar.html","og_site_name":"Portal de Not\u00edcias","article_published_time":"2019-01-03T03:00:14+00:00","article_modified_time":"2021-07-28T17:33:33+00:00","og_image":[{"width":2000,"height":800,"url":"https:\/\/mhcalculos.com.br\/noticias\/wp-content\/uploads\/sites\/2\/2018\/08\/previdenciario-0022.jpg","type":"image\/jpeg"}],"author":"Equipe MH","twitter_card":"summary_large_image","twitter_misc":{"Escrito por":"Equipe MH","Est. tempo de leitura":"2 minutos"},"schema":{"@context":"https:\/\/schema.org","@graph":[{"@type":"Article","@id":"https:\/\/mhcalculos.com.br\/noticias\/area\/previdenciario\/stf-ministro-rejeita-pedido-de-desembargador-aposentado-do-tj-ce-para-anular-processo-disciplinar.html#article","isPartOf":{"@id":"https:\/\/mhcalculos.com.br\/noticias\/area\/previdenciario\/stf-ministro-rejeita-pedido-de-desembargador-aposentado-do-tj-ce-para-anular-processo-disciplinar.html"},"author":{"name":"Equipe MH","@id":"https:\/\/mhcalculos.com.br\/noticias\/#\/schema\/person\/88d1c34bf72dc779ea14a5a6b8e0ae8d"},"headline":"STF: Ministro rejeita pedido de desembargador aposentado do TJ-CE para anular processo disciplinar","datePublished":"2019-01-03T03:00:14+00:00","dateModified":"2021-07-28T17:33:33+00:00","mainEntityOfPage":{"@id":"https:\/\/mhcalculos.com.br\/noticias\/area\/previdenciario\/stf-ministro-rejeita-pedido-de-desembargador-aposentado-do-tj-ce-para-anular-processo-disciplinar.html"},"wordCount":421,"commentCount":0,"image":{"@id":"https:\/\/mhcalculos.com.br\/noticias\/area\/previdenciario\/stf-ministro-rejeita-pedido-de-desembargador-aposentado-do-tj-ce-para-anular-processo-disciplinar.html#primaryimage"},"thumbnailUrl":"https:\/\/mhcalculos.com.br\/noticias\/wp-content\/uploads\/sites\/2\/2018\/08\/previdenciario-0022.jpg","keywords":["aposentadoria","c\u00e1lculos previdenci\u00e1rios","direito previdenci\u00e1rio","inss","per\u00edcia","perito","stf"],"articleSection":["Direito Previdenci\u00e1rio","STF"],"inLanguage":"pt-BR","potentialAction":[{"@type":"CommentAction","name":"Comment","target":["https:\/\/mhcalculos.com.br\/noticias\/area\/previdenciario\/stf-ministro-rejeita-pedido-de-desembargador-aposentado-do-tj-ce-para-anular-processo-disciplinar.html#respond"]}]},{"@type":"WebPage","@id":"https:\/\/mhcalculos.com.br\/noticias\/area\/previdenciario\/stf-ministro-rejeita-pedido-de-desembargador-aposentado-do-tj-ce-para-anular-processo-disciplinar.html","url":"https:\/\/mhcalculos.com.br\/noticias\/area\/previdenciario\/stf-ministro-rejeita-pedido-de-desembargador-aposentado-do-tj-ce-para-anular-processo-disciplinar.html","name":"STF: Ministro rejeita pedido de desembargador aposentado do TJ-CE para anular processo disciplinar | Portal de Not\u00edcias","isPartOf":{"@id":"https:\/\/mhcalculos.com.br\/noticias\/#website"},"primaryImageOfPage":{"@id":"https:\/\/mhcalculos.com.br\/noticias\/area\/previdenciario\/stf-ministro-rejeita-pedido-de-desembargador-aposentado-do-tj-ce-para-anular-processo-disciplinar.html#primaryimage"},"image":{"@id":"https:\/\/mhcalculos.com.br\/noticias\/area\/previdenciario\/stf-ministro-rejeita-pedido-de-desembargador-aposentado-do-tj-ce-para-anular-processo-disciplinar.html#primaryimage"},"thumbnailUrl":"https:\/\/mhcalculos.com.br\/noticias\/wp-content\/uploads\/sites\/2\/2018\/08\/previdenciario-0022.jpg","datePublished":"2019-01-03T03:00:14+00:00","dateModified":"2021-07-28T17:33:33+00:00","author":{"@id":"https:\/\/mhcalculos.com.br\/noticias\/#\/schema\/person\/88d1c34bf72dc779ea14a5a6b8e0ae8d"},"breadcrumb":{"@id":"https:\/\/mhcalculos.com.br\/noticias\/area\/previdenciario\/stf-ministro-rejeita-pedido-de-desembargador-aposentado-do-tj-ce-para-anular-processo-disciplinar.html#breadcrumb"},"inLanguage":"pt-BR","potentialAction":[{"@type":"ReadAction","target":["https:\/\/mhcalculos.com.br\/noticias\/area\/previdenciario\/stf-ministro-rejeita-pedido-de-desembargador-aposentado-do-tj-ce-para-anular-processo-disciplinar.html"]}]},{"@type":"ImageObject","inLanguage":"pt-BR","@id":"https:\/\/mhcalculos.com.br\/noticias\/area\/previdenciario\/stf-ministro-rejeita-pedido-de-desembargador-aposentado-do-tj-ce-para-anular-processo-disciplinar.html#primaryimage","url":"https:\/\/mhcalculos.com.br\/noticias\/wp-content\/uploads\/sites\/2\/2018\/08\/previdenciario-0022.jpg","contentUrl":"https:\/\/mhcalculos.com.br\/noticias\/wp-content\/uploads\/sites\/2\/2018\/08\/previdenciario-0022.jpg","width":2000,"height":800,"caption":"Tribunal emite novo alerta contra golpe do processo"},{"@type":"BreadcrumbList","@id":"https:\/\/mhcalculos.com.br\/noticias\/area\/previdenciario\/stf-ministro-rejeita-pedido-de-desembargador-aposentado-do-tj-ce-para-anular-processo-disciplinar.html#breadcrumb","itemListElement":[{"@type":"ListItem","position":1,"name":"In\u00edcio","item":"https:\/\/mhcalculos.com.br\/noticias\/"},{"@type":"ListItem","position":2,"name":"STF: Ministro rejeita pedido de desembargador aposentado do TJ-CE para anular processo disciplinar"}]},{"@type":"WebSite","@id":"https:\/\/mhcalculos.com.br\/noticias\/#website","url":"https:\/\/mhcalculos.com.br\/noticias\/","name":"Portal de Not\u00edcias","description":"Not\u00edcias e Jurisprud\u00eancia","potentialAction":[{"@type":"SearchAction","target":{"@type":"EntryPoint","urlTemplate":"https:\/\/mhcalculos.com.br\/noticias\/?s={search_term_string}"},"query-input":{"@type":"PropertyValueSpecification","valueRequired":true,"valueName":"search_term_string"}}],"inLanguage":"pt-BR"},{"@type":"Person","@id":"https:\/\/mhcalculos.com.br\/noticias\/#\/schema\/person\/88d1c34bf72dc779ea14a5a6b8e0ae8d","name":"Equipe MH","image":{"@type":"ImageObject","inLanguage":"pt-BR","@id":"https:\/\/secure.gravatar.com\/avatar\/de1c686c2ecc9c5a3f327e3431d819eb39f8f05d4e1045f5a1caad6daaba987f?s=96&d=mm&r=g","url":"https:\/\/secure.gravatar.com\/avatar\/de1c686c2ecc9c5a3f327e3431d819eb39f8f05d4e1045f5a1caad6daaba987f?s=96&d=mm&r=g","contentUrl":"https:\/\/secure.gravatar.com\/avatar\/de1c686c2ecc9c5a3f327e3431d819eb39f8f05d4e1045f5a1caad6daaba987f?s=96&d=mm&r=g","caption":"Equipe MH"}}]}},"_links":{"self":[{"href":"https:\/\/mhcalculos.com.br\/noticias\/wp-json\/wp\/v2\/posts\/3526","targetHints":{"allow":["GET"]}}],"collection":[{"href":"https:\/\/mhcalculos.com.br\/noticias\/wp-json\/wp\/v2\/posts"}],"about":[{"href":"https:\/\/mhcalculos.com.br\/noticias\/wp-json\/wp\/v2\/types\/post"}],"author":[{"embeddable":true,"href":"https:\/\/mhcalculos.com.br\/noticias\/wp-json\/wp\/v2\/users\/3063"}],"replies":[{"embeddable":true,"href":"https:\/\/mhcalculos.com.br\/noticias\/wp-json\/wp\/v2\/comments?post=3526"}],"version-history":[{"count":1,"href":"https:\/\/mhcalculos.com.br\/noticias\/wp-json\/wp\/v2\/posts\/3526\/revisions"}],"predecessor-version":[{"id":10078,"href":"https:\/\/mhcalculos.com.br\/noticias\/wp-json\/wp\/v2\/posts\/3526\/revisions\/10078"}],"wp:featuredmedia":[{"embeddable":true,"href":"https:\/\/mhcalculos.com.br\/noticias\/wp-json\/wp\/v2\/media\/2775"}],"wp:attachment":[{"href":"https:\/\/mhcalculos.com.br\/noticias\/wp-json\/wp\/v2\/media?parent=3526"}],"wp:term":[{"taxonomy":"category","embeddable":true,"href":"https:\/\/mhcalculos.com.br\/noticias\/wp-json\/wp\/v2\/categories?post=3526"},{"taxonomy":"post_tag","embeddable":true,"href":"https:\/\/mhcalculos.com.br\/noticias\/wp-json\/wp\/v2\/tags?post=3526"}],"curies":[{"name":"wp","href":"https:\/\/api.w.org\/{rel}","templated":true}]}}