{"id":3495,"date":"2018-12-18T21:00:43","date_gmt":"2018-12-18T23:00:43","guid":{"rendered":"https:\/\/mhcalculos.com.br\/noticias\/2018\/12\/18\/stf-1a-turma-determina-emissao-de-certificado-de-regularidade-previdenciaria-do-df-e-retirada-de-cadastro-negativo\/"},"modified":"2021-07-28T14:33:36","modified_gmt":"2021-07-28T17:33:36","slug":"stf-1a-turma-determina-emissao-de-certificado-de-regularidade-previdenciaria-do-df-e-retirada-de-cadastro-negativo","status":"publish","type":"post","link":"https:\/\/mhcalculos.com.br\/noticias\/area\/previdenciario\/stf-1a-turma-determina-emissao-de-certificado-de-regularidade-previdenciaria-do-df-e-retirada-de-cadastro-negativo.html","title":{"rendered":"STF: 1\u00aa Turma determina emiss\u00e3o de Certificado de Regularidade Previdenci\u00e1ria do DF e retirada de cadastro negativo"},"content":{"rendered":"<p><br \/>\n<\/p>\n<p>A Primeira Turma do Supremo Tribunal Federal (STF) determinou que a Uni\u00e3o emita o Certificado de Regularidade Previdenci\u00e1ria (CRP) do Distrito Federal e suspenda sua inscri\u00e7\u00e3o no Sistema de Informa\u00e7\u00f5es dos Regimes P\u00fablicos de Previd\u00eancia Social (CADPREV). A decis\u00e3o, por maioria dos votos, se deu na sess\u00e3o desta ter\u00e7a-feira (18) na an\u00e1lise de recurso (segundo agravo regimental) em tutela provis\u00f3ria na A\u00e7\u00e3o Civil Ordin\u00e1ria (ACO) 3134.<\/p>\n<p>O colegiado deu provimento ao recurso interposto pelo Distrito Federal e pelo Instituto de Previd\u00eancia dos Servidores do DF (Iprev) contra decis\u00e3o do ministro Lu\u00eds Roberto Barroso. Relator da mat\u00e9ria, o ministro havia deferido parcialmente o pedido de liminar na A\u00e7\u00e3o Civil Ordin\u00e1ria (ACO) 3134 para determinar a retirada do Distrito Federal do cadastro negativo da Secretaria de Previd\u00eancia do Minist\u00e9rio da Fazenda, bem como para a expedi\u00e7\u00e3o do CRP para todos os fins, exceto para o recebimento de verbas e recursos de natureza previdenci\u00e1ria.<\/p>\n<p><b>Relator<\/b><\/p>\n<p>O julgamento teve in\u00edcio em 4\/12, quando o ministro Lu\u00eds Roberto Barroso votou pelo desprovimento do agravo. Segundo o relator, a mat\u00e9ria trata de uma mudan\u00e7a no sistema de previd\u00eancia do DF, e a Uni\u00e3o entendeu que foram violadas normas federais referentes ao equil\u00edbrio econ\u00f4mico e financeiro do sistema previdenci\u00e1rio estadual.<\/p>\n<p>Na ocasi\u00e3o, o ministro Barroso observou que o artigo 40 da Constitui\u00e7\u00e3o Federal imp\u00f5e a observ\u00e2ncia do equil\u00edbrio econ\u00f4mico, financeiro e atuarial aos regimes pr\u00f3prios de previd\u00eancia social. No mesmo sentido, o relator afirmou que o artigo 69 da Lei de Responsabilidade Fiscal exige que os entes p\u00fablicos organizem seus fundos de previd\u00eancia com base em normas de contabilidade e de atu\u00e1ria que preservem seu equil\u00edbrio financeiro e atuarial. &ldquo;Trata-se de uma obriga\u00e7\u00e3o constitucional que n\u00e3o tem fundamento na Lei 9717\/1998, cabendo ao DF a demonstra\u00e7\u00e3o do equil\u00edbrio de suas contas previdenci\u00e1rias&rdquo;, afirmou. Ele foi acompanhado pelo ministro Luiz Fux.<\/p>\n<p><b>Diverg\u00eancia<\/b><\/p>\n<p>Tamb\u00e9m na sess\u00e3o do dia 4, o ministro Marco Aur\u00e9lio observou, preliminarmente,  que a mat\u00e9ria deveria ser analisada pelo Plen\u00e1rio da Corte em raz\u00e3o do controle difuso de constitucionalidade. Vencido nessa parte, ele abriu diverg\u00eancia e votou no sentido de prover o agravo regimental a fim de determinar a expedi\u00e7\u00e3o do certificado de regularidade previdenci\u00e1ria do DF para todos os fins, afastada a restri\u00e7\u00e3o imposta pelo relator quanto ao recebimento de verbas e recursos de natureza previdenci\u00e1ria.<\/p>\n<p><b>Voto-vista<\/b><\/p>\n<p>Na sess\u00e3o de hoje, o ministro Alexandre de Moraes acompanhou a diverg\u00eancia. Ele observou que h\u00e1 diversos precedentes, tanto dele como de outros ministros, nos quais foi concedida liminar em casos semelhantes e apontou tamb\u00e9m o ac\u00f3rd\u00e3o proferido na ACO 2821, de relatoria do ministro Ricardo Lewandowski. A ministra Rosa Weber tamb\u00e9m acompanhou a diverg\u00eancia.<\/p>\n<p><span style=\"font-size: small\">EC\/PR<\/span><\/p>\n<p>Leia mais:<\/p>\n<p>06\/08\/2018 &#8211; <a href=\"http:\/\/stf.jus.br\/portal\/cms\/verNoticiaDetalhe.asp?idConteudo=385945&amp;caixaBusca=N\" target=\"_blank\" rel=\"noopener\">Ministro afasta restri\u00e7\u00e3o que impedia DF de receber verbas para continuidade de obras p\u00fablicas<\/a><\/p>\n<p><i>Com informa\u00e7\u00f5es da assessoria de imprensa do STF.<\/i><br \/>\n<br \/><br \/>\n<br \/><a href=\"http:\/\/www.stf.jus.br\/portal\/cms\/verNoticiaDetalhe.asp?idConteudo=398979\">Fonte<\/a><\/p>\n","protected":false},"excerpt":{"rendered":"<p>A Primeira Turma do Supremo Tribunal Federal (STF) determinou que a Uni\u00e3o emita o Certificado de Regularidade Previdenci\u00e1ria (CRP) do Distrito Federal e suspenda sua inscri\u00e7\u00e3o no Sistema de Informa\u00e7\u00f5es dos Regimes P\u00fablicos de Previd\u00eancia Social (CADPREV). A decis\u00e3o, por maioria dos votos, se deu na sess\u00e3o desta ter\u00e7a-feira (18) na an\u00e1lise de recurso (segundo [&hellip;]<\/p>\n","protected":false},"author":3063,"featured_media":2779,"comment_status":"open","ping_status":"open","sticky":false,"template":"","format":"standard","meta":{"footnotes":""},"categories":[5,15],"tags":[11,10,8,13,9,12,16],"class_list":{"0":"post-3495","1":"post","2":"type-post","3":"status-publish","4":"format-standard","5":"has-post-thumbnail","7":"category-previdenciario","8":"category-stf","9":"tag-aposentadoria","10":"tag-calculos-previdenciarios","11":"tag-direito-previdenciario","12":"tag-inss","13":"tag-pericia","14":"tag-perito","15":"tag-stf"},"yoast_head":"<!-- This site is optimized with the Yoast SEO plugin v27.2 - https:\/\/yoast.com\/product\/yoast-seo-wordpress\/ -->\n<title>STF: 1\u00aa Turma determina emiss\u00e3o de Certificado de Regularidade Previdenci\u00e1ria do DF e retirada de cadastro negativo | Portal de Not\u00edcias<\/title>\n<meta name=\"robots\" content=\"index, follow, max-snippet:-1, max-image-preview:large, max-video-preview:-1\" \/>\n<link rel=\"canonical\" href=\"https:\/\/mhcalculos.com.br\/noticias\/area\/previdenciario\/stf-1a-turma-determina-emissao-de-certificado-de-regularidade-previdenciaria-do-df-e-retirada-de-cadastro-negativo.html\" \/>\n<meta property=\"og:locale\" content=\"pt_BR\" \/>\n<meta property=\"og:type\" content=\"article\" \/>\n<meta property=\"og:title\" content=\"STF: 1\u00aa Turma determina emiss\u00e3o de Certificado de Regularidade Previdenci\u00e1ria do DF e retirada de cadastro negativo | Portal de Not\u00edcias\" \/>\n<meta property=\"og:description\" content=\"A Primeira Turma do Supremo Tribunal Federal (STF) determinou que a Uni\u00e3o emita o Certificado de Regularidade Previdenci\u00e1ria (CRP) do Distrito Federal e suspenda sua inscri\u00e7\u00e3o no Sistema de Informa\u00e7\u00f5es dos Regimes P\u00fablicos de Previd\u00eancia Social (CADPREV). A decis\u00e3o, por maioria dos votos, se deu na sess\u00e3o desta ter\u00e7a-feira (18) na an\u00e1lise de recurso (segundo [&hellip;]\" \/>\n<meta property=\"og:url\" content=\"https:\/\/mhcalculos.com.br\/noticias\/area\/previdenciario\/stf-1a-turma-determina-emissao-de-certificado-de-regularidade-previdenciaria-do-df-e-retirada-de-cadastro-negativo.html\" \/>\n<meta property=\"og:site_name\" content=\"Portal de Not\u00edcias\" \/>\n<meta property=\"article:published_time\" content=\"2018-12-18T23:00:43+00:00\" \/>\n<meta property=\"article:modified_time\" content=\"2021-07-28T17:33:36+00:00\" \/>\n<meta property=\"og:image\" content=\"https:\/\/mhcalculos.com.br\/noticias\/wp-content\/uploads\/sites\/2\/2018\/08\/judiciario-0009.jpg\" \/>\n\t<meta property=\"og:image:width\" content=\"2000\" \/>\n\t<meta property=\"og:image:height\" content=\"800\" \/>\n\t<meta property=\"og:image:type\" content=\"image\/jpeg\" \/>\n<meta name=\"author\" content=\"Equipe MH\" \/>\n<meta name=\"twitter:card\" content=\"summary_large_image\" \/>\n<meta name=\"twitter:label1\" content=\"Escrito por\" \/>\n\t<meta name=\"twitter:data1\" content=\"Equipe MH\" \/>\n\t<meta name=\"twitter:label2\" content=\"Est. tempo de leitura\" \/>\n\t<meta name=\"twitter:data2\" content=\"3 minutos\" \/>\n<script type=\"application\/ld+json\" class=\"yoast-schema-graph\">{\"@context\":\"https:\/\/schema.org\",\"@graph\":[{\"@type\":\"Article\",\"@id\":\"https:\/\/mhcalculos.com.br\/noticias\/area\/previdenciario\/stf-1a-turma-determina-emissao-de-certificado-de-regularidade-previdenciaria-do-df-e-retirada-de-cadastro-negativo.html#article\",\"isPartOf\":{\"@id\":\"https:\/\/mhcalculos.com.br\/noticias\/area\/previdenciario\/stf-1a-turma-determina-emissao-de-certificado-de-regularidade-previdenciaria-do-df-e-retirada-de-cadastro-negativo.html\"},\"author\":{\"name\":\"Equipe MH\",\"@id\":\"https:\/\/mhcalculos.com.br\/noticias\/#\/schema\/person\/88d1c34bf72dc779ea14a5a6b8e0ae8d\"},\"headline\":\"STF: 1\u00aa Turma determina emiss\u00e3o de Certificado de Regularidade Previdenci\u00e1ria do DF e retirada de cadastro negativo\",\"datePublished\":\"2018-12-18T23:00:43+00:00\",\"dateModified\":\"2021-07-28T17:33:36+00:00\",\"mainEntityOfPage\":{\"@id\":\"https:\/\/mhcalculos.com.br\/noticias\/area\/previdenciario\/stf-1a-turma-determina-emissao-de-certificado-de-regularidade-previdenciaria-do-df-e-retirada-de-cadastro-negativo.html\"},\"wordCount\":549,\"commentCount\":0,\"image\":{\"@id\":\"https:\/\/mhcalculos.com.br\/noticias\/area\/previdenciario\/stf-1a-turma-determina-emissao-de-certificado-de-regularidade-previdenciaria-do-df-e-retirada-de-cadastro-negativo.html#primaryimage\"},\"thumbnailUrl\":\"https:\/\/mhcalculos.com.br\/noticias\/wp-content\/uploads\/sites\/2\/2018\/08\/judiciario-0009.jpg\",\"keywords\":[\"aposentadoria\",\"c\u00e1lculos previdenci\u00e1rios\",\"direito previdenci\u00e1rio\",\"inss\",\"per\u00edcia\",\"perito\",\"stf\"],\"articleSection\":[\"Direito Previdenci\u00e1rio\",\"STF\"],\"inLanguage\":\"pt-BR\",\"potentialAction\":[{\"@type\":\"CommentAction\",\"name\":\"Comment\",\"target\":[\"https:\/\/mhcalculos.com.br\/noticias\/area\/previdenciario\/stf-1a-turma-determina-emissao-de-certificado-de-regularidade-previdenciaria-do-df-e-retirada-de-cadastro-negativo.html#respond\"]}]},{\"@type\":\"WebPage\",\"@id\":\"https:\/\/mhcalculos.com.br\/noticias\/area\/previdenciario\/stf-1a-turma-determina-emissao-de-certificado-de-regularidade-previdenciaria-do-df-e-retirada-de-cadastro-negativo.html\",\"url\":\"https:\/\/mhcalculos.com.br\/noticias\/area\/previdenciario\/stf-1a-turma-determina-emissao-de-certificado-de-regularidade-previdenciaria-do-df-e-retirada-de-cadastro-negativo.html\",\"name\":\"STF: 1\u00aa Turma determina emiss\u00e3o de Certificado de Regularidade Previdenci\u00e1ria do DF e retirada de cadastro negativo | Portal de Not\u00edcias\",\"isPartOf\":{\"@id\":\"https:\/\/mhcalculos.com.br\/noticias\/#website\"},\"primaryImageOfPage\":{\"@id\":\"https:\/\/mhcalculos.com.br\/noticias\/area\/previdenciario\/stf-1a-turma-determina-emissao-de-certificado-de-regularidade-previdenciaria-do-df-e-retirada-de-cadastro-negativo.html#primaryimage\"},\"image\":{\"@id\":\"https:\/\/mhcalculos.com.br\/noticias\/area\/previdenciario\/stf-1a-turma-determina-emissao-de-certificado-de-regularidade-previdenciaria-do-df-e-retirada-de-cadastro-negativo.html#primaryimage\"},\"thumbnailUrl\":\"https:\/\/mhcalculos.com.br\/noticias\/wp-content\/uploads\/sites\/2\/2018\/08\/judiciario-0009.jpg\",\"datePublished\":\"2018-12-18T23:00:43+00:00\",\"dateModified\":\"2021-07-28T17:33:36+00:00\",\"author\":{\"@id\":\"https:\/\/mhcalculos.com.br\/noticias\/#\/schema\/person\/88d1c34bf72dc779ea14a5a6b8e0ae8d\"},\"breadcrumb\":{\"@id\":\"https:\/\/mhcalculos.com.br\/noticias\/area\/previdenciario\/stf-1a-turma-determina-emissao-de-certificado-de-regularidade-previdenciaria-do-df-e-retirada-de-cadastro-negativo.html#breadcrumb\"},\"inLanguage\":\"pt-BR\",\"potentialAction\":[{\"@type\":\"ReadAction\",\"target\":[\"https:\/\/mhcalculos.com.br\/noticias\/area\/previdenciario\/stf-1a-turma-determina-emissao-de-certificado-de-regularidade-previdenciaria-do-df-e-retirada-de-cadastro-negativo.html\"]}]},{\"@type\":\"ImageObject\",\"inLanguage\":\"pt-BR\",\"@id\":\"https:\/\/mhcalculos.com.br\/noticias\/area\/previdenciario\/stf-1a-turma-determina-emissao-de-certificado-de-regularidade-previdenciaria-do-df-e-retirada-de-cadastro-negativo.html#primaryimage\",\"url\":\"https:\/\/mhcalculos.com.br\/noticias\/wp-content\/uploads\/sites\/2\/2018\/08\/judiciario-0009.jpg\",\"contentUrl\":\"https:\/\/mhcalculos.com.br\/noticias\/wp-content\/uploads\/sites\/2\/2018\/08\/judiciario-0009.jpg\",\"width\":2000,\"height\":800},{\"@type\":\"BreadcrumbList\",\"@id\":\"https:\/\/mhcalculos.com.br\/noticias\/area\/previdenciario\/stf-1a-turma-determina-emissao-de-certificado-de-regularidade-previdenciaria-do-df-e-retirada-de-cadastro-negativo.html#breadcrumb\",\"itemListElement\":[{\"@type\":\"ListItem\",\"position\":1,\"name\":\"In\u00edcio\",\"item\":\"https:\/\/mhcalculos.com.br\/noticias\/\"},{\"@type\":\"ListItem\",\"position\":2,\"name\":\"STF: 1\u00aa Turma determina emiss\u00e3o de Certificado de Regularidade Previdenci\u00e1ria do DF e retirada de cadastro negativo\"}]},{\"@type\":\"WebSite\",\"@id\":\"https:\/\/mhcalculos.com.br\/noticias\/#website\",\"url\":\"https:\/\/mhcalculos.com.br\/noticias\/\",\"name\":\"Portal de Not\u00edcias\",\"description\":\"Not\u00edcias e Jurisprud\u00eancia\",\"potentialAction\":[{\"@type\":\"SearchAction\",\"target\":{\"@type\":\"EntryPoint\",\"urlTemplate\":\"https:\/\/mhcalculos.com.br\/noticias\/?s={search_term_string}\"},\"query-input\":{\"@type\":\"PropertyValueSpecification\",\"valueRequired\":true,\"valueName\":\"search_term_string\"}}],\"inLanguage\":\"pt-BR\"},{\"@type\":\"Person\",\"@id\":\"https:\/\/mhcalculos.com.br\/noticias\/#\/schema\/person\/88d1c34bf72dc779ea14a5a6b8e0ae8d\",\"name\":\"Equipe MH\",\"image\":{\"@type\":\"ImageObject\",\"inLanguage\":\"pt-BR\",\"@id\":\"https:\/\/secure.gravatar.com\/avatar\/de1c686c2ecc9c5a3f327e3431d819eb39f8f05d4e1045f5a1caad6daaba987f?s=96&d=mm&r=g\",\"url\":\"https:\/\/secure.gravatar.com\/avatar\/de1c686c2ecc9c5a3f327e3431d819eb39f8f05d4e1045f5a1caad6daaba987f?s=96&d=mm&r=g\",\"contentUrl\":\"https:\/\/secure.gravatar.com\/avatar\/de1c686c2ecc9c5a3f327e3431d819eb39f8f05d4e1045f5a1caad6daaba987f?s=96&d=mm&r=g\",\"caption\":\"Equipe MH\"}}]}<\/script>\n<!-- \/ Yoast SEO plugin. -->","yoast_head_json":{"title":"STF: 1\u00aa Turma determina emiss\u00e3o de Certificado de Regularidade Previdenci\u00e1ria do DF e retirada de cadastro negativo | Portal de Not\u00edcias","robots":{"index":"index","follow":"follow","max-snippet":"max-snippet:-1","max-image-preview":"max-image-preview:large","max-video-preview":"max-video-preview:-1"},"canonical":"https:\/\/mhcalculos.com.br\/noticias\/area\/previdenciario\/stf-1a-turma-determina-emissao-de-certificado-de-regularidade-previdenciaria-do-df-e-retirada-de-cadastro-negativo.html","og_locale":"pt_BR","og_type":"article","og_title":"STF: 1\u00aa Turma determina emiss\u00e3o de Certificado de Regularidade Previdenci\u00e1ria do DF e retirada de cadastro negativo | Portal de Not\u00edcias","og_description":"A Primeira Turma do Supremo Tribunal Federal (STF) determinou que a Uni\u00e3o emita o Certificado de Regularidade Previdenci\u00e1ria (CRP) do Distrito Federal e suspenda sua inscri\u00e7\u00e3o no Sistema de Informa\u00e7\u00f5es dos Regimes P\u00fablicos de Previd\u00eancia Social (CADPREV). A decis\u00e3o, por maioria dos votos, se deu na sess\u00e3o desta ter\u00e7a-feira (18) na an\u00e1lise de recurso (segundo [&hellip;]","og_url":"https:\/\/mhcalculos.com.br\/noticias\/area\/previdenciario\/stf-1a-turma-determina-emissao-de-certificado-de-regularidade-previdenciaria-do-df-e-retirada-de-cadastro-negativo.html","og_site_name":"Portal de Not\u00edcias","article_published_time":"2018-12-18T23:00:43+00:00","article_modified_time":"2021-07-28T17:33:36+00:00","og_image":[{"width":2000,"height":800,"url":"https:\/\/mhcalculos.com.br\/noticias\/wp-content\/uploads\/sites\/2\/2018\/08\/judiciario-0009.jpg","type":"image\/jpeg"}],"author":"Equipe MH","twitter_card":"summary_large_image","twitter_misc":{"Escrito por":"Equipe MH","Est. tempo de leitura":"3 minutos"},"schema":{"@context":"https:\/\/schema.org","@graph":[{"@type":"Article","@id":"https:\/\/mhcalculos.com.br\/noticias\/area\/previdenciario\/stf-1a-turma-determina-emissao-de-certificado-de-regularidade-previdenciaria-do-df-e-retirada-de-cadastro-negativo.html#article","isPartOf":{"@id":"https:\/\/mhcalculos.com.br\/noticias\/area\/previdenciario\/stf-1a-turma-determina-emissao-de-certificado-de-regularidade-previdenciaria-do-df-e-retirada-de-cadastro-negativo.html"},"author":{"name":"Equipe MH","@id":"https:\/\/mhcalculos.com.br\/noticias\/#\/schema\/person\/88d1c34bf72dc779ea14a5a6b8e0ae8d"},"headline":"STF: 1\u00aa Turma determina emiss\u00e3o de Certificado de Regularidade Previdenci\u00e1ria do DF e retirada de cadastro negativo","datePublished":"2018-12-18T23:00:43+00:00","dateModified":"2021-07-28T17:33:36+00:00","mainEntityOfPage":{"@id":"https:\/\/mhcalculos.com.br\/noticias\/area\/previdenciario\/stf-1a-turma-determina-emissao-de-certificado-de-regularidade-previdenciaria-do-df-e-retirada-de-cadastro-negativo.html"},"wordCount":549,"commentCount":0,"image":{"@id":"https:\/\/mhcalculos.com.br\/noticias\/area\/previdenciario\/stf-1a-turma-determina-emissao-de-certificado-de-regularidade-previdenciaria-do-df-e-retirada-de-cadastro-negativo.html#primaryimage"},"thumbnailUrl":"https:\/\/mhcalculos.com.br\/noticias\/wp-content\/uploads\/sites\/2\/2018\/08\/judiciario-0009.jpg","keywords":["aposentadoria","c\u00e1lculos previdenci\u00e1rios","direito previdenci\u00e1rio","inss","per\u00edcia","perito","stf"],"articleSection":["Direito Previdenci\u00e1rio","STF"],"inLanguage":"pt-BR","potentialAction":[{"@type":"CommentAction","name":"Comment","target":["https:\/\/mhcalculos.com.br\/noticias\/area\/previdenciario\/stf-1a-turma-determina-emissao-de-certificado-de-regularidade-previdenciaria-do-df-e-retirada-de-cadastro-negativo.html#respond"]}]},{"@type":"WebPage","@id":"https:\/\/mhcalculos.com.br\/noticias\/area\/previdenciario\/stf-1a-turma-determina-emissao-de-certificado-de-regularidade-previdenciaria-do-df-e-retirada-de-cadastro-negativo.html","url":"https:\/\/mhcalculos.com.br\/noticias\/area\/previdenciario\/stf-1a-turma-determina-emissao-de-certificado-de-regularidade-previdenciaria-do-df-e-retirada-de-cadastro-negativo.html","name":"STF: 1\u00aa Turma determina emiss\u00e3o de Certificado de Regularidade Previdenci\u00e1ria do DF e retirada de cadastro negativo | Portal de Not\u00edcias","isPartOf":{"@id":"https:\/\/mhcalculos.com.br\/noticias\/#website"},"primaryImageOfPage":{"@id":"https:\/\/mhcalculos.com.br\/noticias\/area\/previdenciario\/stf-1a-turma-determina-emissao-de-certificado-de-regularidade-previdenciaria-do-df-e-retirada-de-cadastro-negativo.html#primaryimage"},"image":{"@id":"https:\/\/mhcalculos.com.br\/noticias\/area\/previdenciario\/stf-1a-turma-determina-emissao-de-certificado-de-regularidade-previdenciaria-do-df-e-retirada-de-cadastro-negativo.html#primaryimage"},"thumbnailUrl":"https:\/\/mhcalculos.com.br\/noticias\/wp-content\/uploads\/sites\/2\/2018\/08\/judiciario-0009.jpg","datePublished":"2018-12-18T23:00:43+00:00","dateModified":"2021-07-28T17:33:36+00:00","author":{"@id":"https:\/\/mhcalculos.com.br\/noticias\/#\/schema\/person\/88d1c34bf72dc779ea14a5a6b8e0ae8d"},"breadcrumb":{"@id":"https:\/\/mhcalculos.com.br\/noticias\/area\/previdenciario\/stf-1a-turma-determina-emissao-de-certificado-de-regularidade-previdenciaria-do-df-e-retirada-de-cadastro-negativo.html#breadcrumb"},"inLanguage":"pt-BR","potentialAction":[{"@type":"ReadAction","target":["https:\/\/mhcalculos.com.br\/noticias\/area\/previdenciario\/stf-1a-turma-determina-emissao-de-certificado-de-regularidade-previdenciaria-do-df-e-retirada-de-cadastro-negativo.html"]}]},{"@type":"ImageObject","inLanguage":"pt-BR","@id":"https:\/\/mhcalculos.com.br\/noticias\/area\/previdenciario\/stf-1a-turma-determina-emissao-de-certificado-de-regularidade-previdenciaria-do-df-e-retirada-de-cadastro-negativo.html#primaryimage","url":"https:\/\/mhcalculos.com.br\/noticias\/wp-content\/uploads\/sites\/2\/2018\/08\/judiciario-0009.jpg","contentUrl":"https:\/\/mhcalculos.com.br\/noticias\/wp-content\/uploads\/sites\/2\/2018\/08\/judiciario-0009.jpg","width":2000,"height":800},{"@type":"BreadcrumbList","@id":"https:\/\/mhcalculos.com.br\/noticias\/area\/previdenciario\/stf-1a-turma-determina-emissao-de-certificado-de-regularidade-previdenciaria-do-df-e-retirada-de-cadastro-negativo.html#breadcrumb","itemListElement":[{"@type":"ListItem","position":1,"name":"In\u00edcio","item":"https:\/\/mhcalculos.com.br\/noticias\/"},{"@type":"ListItem","position":2,"name":"STF: 1\u00aa Turma determina emiss\u00e3o de Certificado de Regularidade Previdenci\u00e1ria do DF e retirada de cadastro negativo"}]},{"@type":"WebSite","@id":"https:\/\/mhcalculos.com.br\/noticias\/#website","url":"https:\/\/mhcalculos.com.br\/noticias\/","name":"Portal de Not\u00edcias","description":"Not\u00edcias e Jurisprud\u00eancia","potentialAction":[{"@type":"SearchAction","target":{"@type":"EntryPoint","urlTemplate":"https:\/\/mhcalculos.com.br\/noticias\/?s={search_term_string}"},"query-input":{"@type":"PropertyValueSpecification","valueRequired":true,"valueName":"search_term_string"}}],"inLanguage":"pt-BR"},{"@type":"Person","@id":"https:\/\/mhcalculos.com.br\/noticias\/#\/schema\/person\/88d1c34bf72dc779ea14a5a6b8e0ae8d","name":"Equipe MH","image":{"@type":"ImageObject","inLanguage":"pt-BR","@id":"https:\/\/secure.gravatar.com\/avatar\/de1c686c2ecc9c5a3f327e3431d819eb39f8f05d4e1045f5a1caad6daaba987f?s=96&d=mm&r=g","url":"https:\/\/secure.gravatar.com\/avatar\/de1c686c2ecc9c5a3f327e3431d819eb39f8f05d4e1045f5a1caad6daaba987f?s=96&d=mm&r=g","contentUrl":"https:\/\/secure.gravatar.com\/avatar\/de1c686c2ecc9c5a3f327e3431d819eb39f8f05d4e1045f5a1caad6daaba987f?s=96&d=mm&r=g","caption":"Equipe MH"}}]}},"_links":{"self":[{"href":"https:\/\/mhcalculos.com.br\/noticias\/wp-json\/wp\/v2\/posts\/3495","targetHints":{"allow":["GET"]}}],"collection":[{"href":"https:\/\/mhcalculos.com.br\/noticias\/wp-json\/wp\/v2\/posts"}],"about":[{"href":"https:\/\/mhcalculos.com.br\/noticias\/wp-json\/wp\/v2\/types\/post"}],"author":[{"embeddable":true,"href":"https:\/\/mhcalculos.com.br\/noticias\/wp-json\/wp\/v2\/users\/3063"}],"replies":[{"embeddable":true,"href":"https:\/\/mhcalculos.com.br\/noticias\/wp-json\/wp\/v2\/comments?post=3495"}],"version-history":[{"count":1,"href":"https:\/\/mhcalculos.com.br\/noticias\/wp-json\/wp\/v2\/posts\/3495\/revisions"}],"predecessor-version":[{"id":10092,"href":"https:\/\/mhcalculos.com.br\/noticias\/wp-json\/wp\/v2\/posts\/3495\/revisions\/10092"}],"wp:featuredmedia":[{"embeddable":true,"href":"https:\/\/mhcalculos.com.br\/noticias\/wp-json\/wp\/v2\/media\/2779"}],"wp:attachment":[{"href":"https:\/\/mhcalculos.com.br\/noticias\/wp-json\/wp\/v2\/media?parent=3495"}],"wp:term":[{"taxonomy":"category","embeddable":true,"href":"https:\/\/mhcalculos.com.br\/noticias\/wp-json\/wp\/v2\/categories?post=3495"},{"taxonomy":"post_tag","embeddable":true,"href":"https:\/\/mhcalculos.com.br\/noticias\/wp-json\/wp\/v2\/tags?post=3495"}],"curies":[{"name":"wp","href":"https:\/\/api.w.org\/{rel}","templated":true}]}}