{"id":3477,"date":"2018-12-15T03:00:13","date_gmt":"2018-12-15T05:00:13","guid":{"rendered":"https:\/\/mhcalculos.com.br\/noticias\/2018\/12\/15\/stf-diferenca-de-tratamento-entre-empresas-publicas-e-privadas-para-fins-de-contribuicao-ao-pis-pasep-e-constitucional\/"},"modified":"2021-07-28T14:33:38","modified_gmt":"2021-07-28T17:33:38","slug":"stf-diferenca-de-tratamento-entre-empresas-publicas-e-privadas-para-fins-de-contribuicao-ao-pis-pasep-e-constitucional","status":"publish","type":"post","link":"https:\/\/mhcalculos.com.br\/noticias\/area\/tributario\/stf-diferenca-de-tratamento-entre-empresas-publicas-e-privadas-para-fins-de-contribuicao-ao-pis-pasep-e-constitucional.html","title":{"rendered":"STF: Diferen\u00e7a de tratamento entre empresas p\u00fablicas e privadas para fins de contribui\u00e7\u00e3o ao PIS\/PASEP \u00e9 constitucional"},"content":{"rendered":"\n<p>Por maioria de votos, o Plen\u00e1rio do Supremo Tribunal Federal (STF) reconheceu a constitucionalidade do tratamento diferenciado conferido \u00e0s empresas privadas e \u00e0s empresas p\u00fablicas pelas Leis Complementares 7\/70 e 8\/70, que institu\u00edram, respectivamente, as contribui\u00e7\u00f5es para o PIS (Programa de Integra\u00e7\u00e3o Social) e para o PASEP (Programa de Forma\u00e7\u00e3o do Patrim\u00f4nio do Servidor P\u00fablico). A decis\u00e3o foi tomada no julgamento do Recurso Extraordin\u00e1rio (RE) 577494, realizado na tarde desta quinta-feira (13), por meio do qual o Banestado pretendia ver reconhecido o direito de que empresas p\u00fablicas contribu\u00edssem para o PIS, e n\u00e3o para o PASEP.<\/p>\n<p>O Plen\u00e1rio Virtual da Corte reconheceu a exist\u00eancia de repercuss\u00e3o geral na mat\u00e9ria em debate. Segundo o presidente do Supremo, ministro Dias Toffoli, existem cerca de 20 casos sobrestados aguardando a solu\u00e7\u00e3o da controv\u00e9rsia.<\/p>\n<p>O recurso foi ajuizado pelo Banestado Administradora de Cart\u00f5es de Cr\u00e9dito para questionar ac\u00f3rd\u00e3o da Primeira Turma do Tribunal Regional Federal da 4\u00aa Regi\u00e3o (TRF-4) que, por unanimidade, havia decidido que o tratamento diferenciado n\u00e3o ferem o artigo 173, par\u00e1grafo 1\u00ba, da Constitui\u00e7\u00e3o Federal. Segundo o autor, qualquer lei ou ato que confira privil\u00e9gios \u00e0s empresas p\u00fablicas e \u00e0s sociedades de economia mista deve ser considerada inconstitucional, uma vez que revela tratamento desleal entre estas e as empresas privadas. Ao preverem tratamento diferenciado entre as empresas que concorrem na explora\u00e7\u00e3o de uma mesma atividade econ\u00f4mica, as normas contestadas n\u00e3o teriam sido recepcionadas pelo texto constitucional, argumentava o Banestado.<\/p>\n<p><b>Escolha legislativa<\/b><\/p>\n<p>O relator do caso, ministro Edson Fachin, explicou que o que est\u00e1 em debate \u00e9 saber se sociedades de economia mista e empresas p\u00fablicas que recolhem a contribui\u00e7\u00e3o para o PASEP poderiam recolher contribui\u00e7\u00e3o para PIS, que \u00e9 menos gravosa. Para o ministro, o acord\u00e3o questionado pela institui\u00e7\u00e3o banc\u00e1ria acertou ao afastar ofensa ao artigo 173 da Constitui\u00e7\u00e3o Federal. A seu ver, \u00e9 leg\u00edtima a escolha legislativa de tratar como n\u00e3o equivalentes as duas situa\u00e7\u00f5es.<\/p>\n<p><b>Tese<\/b><\/p>\n<p>A tese aprovada pela maioria dos ministros presentes \u00e0 sess\u00e3o diz que \u201cn\u00e3o ofende o artigo 173 par\u00e1grafo 1\u00ba, inciso II, da Constitui\u00e7\u00e3o Federal, a escolha legislativa de reputar n\u00e3o equivalentes a situa\u00e7\u00e3o das empresas privadas com rela\u00e7\u00e3o a das sociedades de economia mista, das empresas p\u00fablicas e respectivas subsidi\u00e1rias que exploram atividade econ\u00f4mica para fins de submiss\u00e3o ao regime tribut\u00e1rio das contribui\u00e7\u00f5es para o PIS e para o PASEP, \u00e0 luz dos princ\u00edpios da igualdade tribut\u00e1ria e da seletividade no financiamento da seguridade social\u201d.<\/p>\n<p><span style=\"font-size: small;\">MB\/CR<\/span><\/p>\n<p><i>Com informa\u00e7\u00f5es da assessoria de imprensa do STF.<\/i><\/p>\n<p><a href=\"http:\/\/www.stf.jus.br\/portal\/cms\/verNoticiaDetalhe.asp?idConteudo=398619\">Fonte<\/a><\/p>\n\n","protected":false},"excerpt":{"rendered":"<p>Por maioria de votos, o Plen\u00e1rio do Supremo Tribunal Federal (STF) reconheceu a constitucionalidade do tratamento diferenciado conferido \u00e0s empresas privadas e \u00e0s empresas p\u00fablicas pelas Leis Complementares 7\/70 e 8\/70, que institu\u00edram, respectivamente, as contribui\u00e7\u00f5es para o PIS (Programa de Integra\u00e7\u00e3o Social) e para o PASEP (Programa de Forma\u00e7\u00e3o do Patrim\u00f4nio do Servidor P\u00fablico). [&hellip;]<\/p>\n","protected":false},"author":3063,"featured_media":2108,"comment_status":"open","ping_status":"open","sticky":false,"template":"","format":"standard","meta":{"footnotes":""},"categories":[18,15],"tags":[32,31,42,30,29,213,9,12,16],"class_list":{"0":"post-3477","1":"post","2":"type-post","3":"status-publish","4":"format-standard","5":"has-post-thumbnail","7":"category-tributario","8":"category-stf","9":"tag-calculos-judiciais","10":"tag-calculos-tributarios","11":"tag-direito-tributario","12":"tag-divida-ativa","13":"tag-fazenda-publica","14":"tag-imposto","15":"tag-pericia","16":"tag-perito","17":"tag-stf"},"yoast_head":"<!-- This site is optimized with the Yoast SEO plugin v27.2 - https:\/\/yoast.com\/product\/yoast-seo-wordpress\/ -->\n<title>STF: Diferen\u00e7a de tratamento entre empresas p\u00fablicas e privadas para fins de contribui\u00e7\u00e3o ao PIS\/PASEP \u00e9 constitucional | Portal de Not\u00edcias<\/title>\n<meta name=\"robots\" content=\"index, follow, max-snippet:-1, max-image-preview:large, max-video-preview:-1\" \/>\n<link rel=\"canonical\" href=\"https:\/\/mhcalculos.com.br\/noticias\/area\/tributario\/stf-diferenca-de-tratamento-entre-empresas-publicas-e-privadas-para-fins-de-contribuicao-ao-pis-pasep-e-constitucional.html\" \/>\n<meta property=\"og:locale\" content=\"pt_BR\" \/>\n<meta property=\"og:type\" content=\"article\" \/>\n<meta property=\"og:title\" content=\"STF: Diferen\u00e7a de tratamento entre empresas p\u00fablicas e privadas para fins de contribui\u00e7\u00e3o ao PIS\/PASEP \u00e9 constitucional | Portal de Not\u00edcias\" \/>\n<meta property=\"og:description\" content=\"Por maioria de votos, o Plen\u00e1rio do Supremo Tribunal Federal (STF) reconheceu a constitucionalidade do tratamento diferenciado conferido \u00e0s empresas privadas e \u00e0s empresas p\u00fablicas pelas Leis Complementares 7\/70 e 8\/70, que institu\u00edram, respectivamente, as contribui\u00e7\u00f5es para o PIS (Programa de Integra\u00e7\u00e3o Social) e para o PASEP (Programa de Forma\u00e7\u00e3o do Patrim\u00f4nio do Servidor P\u00fablico). [&hellip;]\" \/>\n<meta property=\"og:url\" content=\"https:\/\/mhcalculos.com.br\/noticias\/area\/tributario\/stf-diferenca-de-tratamento-entre-empresas-publicas-e-privadas-para-fins-de-contribuicao-ao-pis-pasep-e-constitucional.html\" \/>\n<meta property=\"og:site_name\" content=\"Portal de Not\u00edcias\" \/>\n<meta property=\"article:published_time\" content=\"2018-12-15T05:00:13+00:00\" \/>\n<meta property=\"article:modified_time\" content=\"2021-07-28T17:33:38+00:00\" \/>\n<meta property=\"og:image\" content=\"https:\/\/mhcalculos.com.br\/noticias\/wp-content\/uploads\/sites\/2\/2018\/06\/judiciario-0003.jpg\" \/>\n\t<meta property=\"og:image:width\" content=\"2000\" \/>\n\t<meta property=\"og:image:height\" content=\"800\" \/>\n\t<meta property=\"og:image:type\" content=\"image\/jpeg\" \/>\n<meta name=\"author\" content=\"Equipe MH\" \/>\n<meta name=\"twitter:card\" content=\"summary_large_image\" \/>\n<meta name=\"twitter:label1\" content=\"Escrito por\" \/>\n\t<meta name=\"twitter:data1\" content=\"Equipe MH\" \/>\n\t<meta name=\"twitter:label2\" content=\"Est. tempo de leitura\" \/>\n\t<meta name=\"twitter:data2\" content=\"2 minutos\" \/>\n<script type=\"application\/ld+json\" class=\"yoast-schema-graph\">{\"@context\":\"https:\/\/schema.org\",\"@graph\":[{\"@type\":\"Article\",\"@id\":\"https:\/\/mhcalculos.com.br\/noticias\/area\/tributario\/stf-diferenca-de-tratamento-entre-empresas-publicas-e-privadas-para-fins-de-contribuicao-ao-pis-pasep-e-constitucional.html#article\",\"isPartOf\":{\"@id\":\"https:\/\/mhcalculos.com.br\/noticias\/area\/tributario\/stf-diferenca-de-tratamento-entre-empresas-publicas-e-privadas-para-fins-de-contribuicao-ao-pis-pasep-e-constitucional.html\"},\"author\":{\"name\":\"Equipe MH\",\"@id\":\"https:\/\/mhcalculos.com.br\/noticias\/#\/schema\/person\/88d1c34bf72dc779ea14a5a6b8e0ae8d\"},\"headline\":\"STF: Diferen\u00e7a de tratamento entre empresas p\u00fablicas e privadas para fins de contribui\u00e7\u00e3o ao PIS\/PASEP \u00e9 constitucional\",\"datePublished\":\"2018-12-15T05:00:13+00:00\",\"dateModified\":\"2021-07-28T17:33:38+00:00\",\"mainEntityOfPage\":{\"@id\":\"https:\/\/mhcalculos.com.br\/noticias\/area\/tributario\/stf-diferenca-de-tratamento-entre-empresas-publicas-e-privadas-para-fins-de-contribuicao-ao-pis-pasep-e-constitucional.html\"},\"wordCount\":476,\"commentCount\":0,\"image\":{\"@id\":\"https:\/\/mhcalculos.com.br\/noticias\/area\/tributario\/stf-diferenca-de-tratamento-entre-empresas-publicas-e-privadas-para-fins-de-contribuicao-ao-pis-pasep-e-constitucional.html#primaryimage\"},\"thumbnailUrl\":\"https:\/\/mhcalculos.com.br\/noticias\/wp-content\/uploads\/sites\/2\/2018\/06\/judiciario-0003.jpg\",\"keywords\":[\"c\u00e1lculos judiciais\",\"c\u00e1lculos tribut\u00e1rios\",\"direito tribut\u00e1rio\",\"d\u00edvida ativa\",\"fazenda p\u00fablica\",\"Imposto\",\"per\u00edcia\",\"perito\",\"stf\"],\"articleSection\":[\"Direito Tribut\u00e1rio\",\"STF\"],\"inLanguage\":\"pt-BR\",\"potentialAction\":[{\"@type\":\"CommentAction\",\"name\":\"Comment\",\"target\":[\"https:\/\/mhcalculos.com.br\/noticias\/area\/tributario\/stf-diferenca-de-tratamento-entre-empresas-publicas-e-privadas-para-fins-de-contribuicao-ao-pis-pasep-e-constitucional.html#respond\"]}]},{\"@type\":\"WebPage\",\"@id\":\"https:\/\/mhcalculos.com.br\/noticias\/area\/tributario\/stf-diferenca-de-tratamento-entre-empresas-publicas-e-privadas-para-fins-de-contribuicao-ao-pis-pasep-e-constitucional.html\",\"url\":\"https:\/\/mhcalculos.com.br\/noticias\/area\/tributario\/stf-diferenca-de-tratamento-entre-empresas-publicas-e-privadas-para-fins-de-contribuicao-ao-pis-pasep-e-constitucional.html\",\"name\":\"STF: Diferen\u00e7a de tratamento entre empresas p\u00fablicas e privadas para fins de contribui\u00e7\u00e3o ao PIS\/PASEP \u00e9 constitucional | Portal de Not\u00edcias\",\"isPartOf\":{\"@id\":\"https:\/\/mhcalculos.com.br\/noticias\/#website\"},\"primaryImageOfPage\":{\"@id\":\"https:\/\/mhcalculos.com.br\/noticias\/area\/tributario\/stf-diferenca-de-tratamento-entre-empresas-publicas-e-privadas-para-fins-de-contribuicao-ao-pis-pasep-e-constitucional.html#primaryimage\"},\"image\":{\"@id\":\"https:\/\/mhcalculos.com.br\/noticias\/area\/tributario\/stf-diferenca-de-tratamento-entre-empresas-publicas-e-privadas-para-fins-de-contribuicao-ao-pis-pasep-e-constitucional.html#primaryimage\"},\"thumbnailUrl\":\"https:\/\/mhcalculos.com.br\/noticias\/wp-content\/uploads\/sites\/2\/2018\/06\/judiciario-0003.jpg\",\"datePublished\":\"2018-12-15T05:00:13+00:00\",\"dateModified\":\"2021-07-28T17:33:38+00:00\",\"author\":{\"@id\":\"https:\/\/mhcalculos.com.br\/noticias\/#\/schema\/person\/88d1c34bf72dc779ea14a5a6b8e0ae8d\"},\"breadcrumb\":{\"@id\":\"https:\/\/mhcalculos.com.br\/noticias\/area\/tributario\/stf-diferenca-de-tratamento-entre-empresas-publicas-e-privadas-para-fins-de-contribuicao-ao-pis-pasep-e-constitucional.html#breadcrumb\"},\"inLanguage\":\"pt-BR\",\"potentialAction\":[{\"@type\":\"ReadAction\",\"target\":[\"https:\/\/mhcalculos.com.br\/noticias\/area\/tributario\/stf-diferenca-de-tratamento-entre-empresas-publicas-e-privadas-para-fins-de-contribuicao-ao-pis-pasep-e-constitucional.html\"]}]},{\"@type\":\"ImageObject\",\"inLanguage\":\"pt-BR\",\"@id\":\"https:\/\/mhcalculos.com.br\/noticias\/area\/tributario\/stf-diferenca-de-tratamento-entre-empresas-publicas-e-privadas-para-fins-de-contribuicao-ao-pis-pasep-e-constitucional.html#primaryimage\",\"url\":\"https:\/\/mhcalculos.com.br\/noticias\/wp-content\/uploads\/sites\/2\/2018\/06\/judiciario-0003.jpg\",\"contentUrl\":\"https:\/\/mhcalculos.com.br\/noticias\/wp-content\/uploads\/sites\/2\/2018\/06\/judiciario-0003.jpg\",\"width\":2000,\"height\":800},{\"@type\":\"BreadcrumbList\",\"@id\":\"https:\/\/mhcalculos.com.br\/noticias\/area\/tributario\/stf-diferenca-de-tratamento-entre-empresas-publicas-e-privadas-para-fins-de-contribuicao-ao-pis-pasep-e-constitucional.html#breadcrumb\",\"itemListElement\":[{\"@type\":\"ListItem\",\"position\":1,\"name\":\"In\u00edcio\",\"item\":\"https:\/\/mhcalculos.com.br\/noticias\/\"},{\"@type\":\"ListItem\",\"position\":2,\"name\":\"STF: Diferen\u00e7a de tratamento entre empresas p\u00fablicas e privadas para fins de contribui\u00e7\u00e3o ao PIS\/PASEP \u00e9 constitucional\"}]},{\"@type\":\"WebSite\",\"@id\":\"https:\/\/mhcalculos.com.br\/noticias\/#website\",\"url\":\"https:\/\/mhcalculos.com.br\/noticias\/\",\"name\":\"Portal de Not\u00edcias\",\"description\":\"Not\u00edcias e Jurisprud\u00eancia\",\"potentialAction\":[{\"@type\":\"SearchAction\",\"target\":{\"@type\":\"EntryPoint\",\"urlTemplate\":\"https:\/\/mhcalculos.com.br\/noticias\/?s={search_term_string}\"},\"query-input\":{\"@type\":\"PropertyValueSpecification\",\"valueRequired\":true,\"valueName\":\"search_term_string\"}}],\"inLanguage\":\"pt-BR\"},{\"@type\":\"Person\",\"@id\":\"https:\/\/mhcalculos.com.br\/noticias\/#\/schema\/person\/88d1c34bf72dc779ea14a5a6b8e0ae8d\",\"name\":\"Equipe MH\",\"image\":{\"@type\":\"ImageObject\",\"inLanguage\":\"pt-BR\",\"@id\":\"https:\/\/secure.gravatar.com\/avatar\/de1c686c2ecc9c5a3f327e3431d819eb39f8f05d4e1045f5a1caad6daaba987f?s=96&d=mm&r=g\",\"url\":\"https:\/\/secure.gravatar.com\/avatar\/de1c686c2ecc9c5a3f327e3431d819eb39f8f05d4e1045f5a1caad6daaba987f?s=96&d=mm&r=g\",\"contentUrl\":\"https:\/\/secure.gravatar.com\/avatar\/de1c686c2ecc9c5a3f327e3431d819eb39f8f05d4e1045f5a1caad6daaba987f?s=96&d=mm&r=g\",\"caption\":\"Equipe MH\"}}]}<\/script>\n<!-- \/ Yoast SEO plugin. -->","yoast_head_json":{"title":"STF: Diferen\u00e7a de tratamento entre empresas p\u00fablicas e privadas para fins de contribui\u00e7\u00e3o ao PIS\/PASEP \u00e9 constitucional | Portal de Not\u00edcias","robots":{"index":"index","follow":"follow","max-snippet":"max-snippet:-1","max-image-preview":"max-image-preview:large","max-video-preview":"max-video-preview:-1"},"canonical":"https:\/\/mhcalculos.com.br\/noticias\/area\/tributario\/stf-diferenca-de-tratamento-entre-empresas-publicas-e-privadas-para-fins-de-contribuicao-ao-pis-pasep-e-constitucional.html","og_locale":"pt_BR","og_type":"article","og_title":"STF: Diferen\u00e7a de tratamento entre empresas p\u00fablicas e privadas para fins de contribui\u00e7\u00e3o ao PIS\/PASEP \u00e9 constitucional | Portal de Not\u00edcias","og_description":"Por maioria de votos, o Plen\u00e1rio do Supremo Tribunal Federal (STF) reconheceu a constitucionalidade do tratamento diferenciado conferido \u00e0s empresas privadas e \u00e0s empresas p\u00fablicas pelas Leis Complementares 7\/70 e 8\/70, que institu\u00edram, respectivamente, as contribui\u00e7\u00f5es para o PIS (Programa de Integra\u00e7\u00e3o Social) e para o PASEP (Programa de Forma\u00e7\u00e3o do Patrim\u00f4nio do Servidor P\u00fablico). [&hellip;]","og_url":"https:\/\/mhcalculos.com.br\/noticias\/area\/tributario\/stf-diferenca-de-tratamento-entre-empresas-publicas-e-privadas-para-fins-de-contribuicao-ao-pis-pasep-e-constitucional.html","og_site_name":"Portal de Not\u00edcias","article_published_time":"2018-12-15T05:00:13+00:00","article_modified_time":"2021-07-28T17:33:38+00:00","og_image":[{"width":2000,"height":800,"url":"https:\/\/mhcalculos.com.br\/noticias\/wp-content\/uploads\/sites\/2\/2018\/06\/judiciario-0003.jpg","type":"image\/jpeg"}],"author":"Equipe MH","twitter_card":"summary_large_image","twitter_misc":{"Escrito por":"Equipe MH","Est. tempo de leitura":"2 minutos"},"schema":{"@context":"https:\/\/schema.org","@graph":[{"@type":"Article","@id":"https:\/\/mhcalculos.com.br\/noticias\/area\/tributario\/stf-diferenca-de-tratamento-entre-empresas-publicas-e-privadas-para-fins-de-contribuicao-ao-pis-pasep-e-constitucional.html#article","isPartOf":{"@id":"https:\/\/mhcalculos.com.br\/noticias\/area\/tributario\/stf-diferenca-de-tratamento-entre-empresas-publicas-e-privadas-para-fins-de-contribuicao-ao-pis-pasep-e-constitucional.html"},"author":{"name":"Equipe MH","@id":"https:\/\/mhcalculos.com.br\/noticias\/#\/schema\/person\/88d1c34bf72dc779ea14a5a6b8e0ae8d"},"headline":"STF: Diferen\u00e7a de tratamento entre empresas p\u00fablicas e privadas para fins de contribui\u00e7\u00e3o ao PIS\/PASEP \u00e9 constitucional","datePublished":"2018-12-15T05:00:13+00:00","dateModified":"2021-07-28T17:33:38+00:00","mainEntityOfPage":{"@id":"https:\/\/mhcalculos.com.br\/noticias\/area\/tributario\/stf-diferenca-de-tratamento-entre-empresas-publicas-e-privadas-para-fins-de-contribuicao-ao-pis-pasep-e-constitucional.html"},"wordCount":476,"commentCount":0,"image":{"@id":"https:\/\/mhcalculos.com.br\/noticias\/area\/tributario\/stf-diferenca-de-tratamento-entre-empresas-publicas-e-privadas-para-fins-de-contribuicao-ao-pis-pasep-e-constitucional.html#primaryimage"},"thumbnailUrl":"https:\/\/mhcalculos.com.br\/noticias\/wp-content\/uploads\/sites\/2\/2018\/06\/judiciario-0003.jpg","keywords":["c\u00e1lculos judiciais","c\u00e1lculos tribut\u00e1rios","direito tribut\u00e1rio","d\u00edvida ativa","fazenda p\u00fablica","Imposto","per\u00edcia","perito","stf"],"articleSection":["Direito Tribut\u00e1rio","STF"],"inLanguage":"pt-BR","potentialAction":[{"@type":"CommentAction","name":"Comment","target":["https:\/\/mhcalculos.com.br\/noticias\/area\/tributario\/stf-diferenca-de-tratamento-entre-empresas-publicas-e-privadas-para-fins-de-contribuicao-ao-pis-pasep-e-constitucional.html#respond"]}]},{"@type":"WebPage","@id":"https:\/\/mhcalculos.com.br\/noticias\/area\/tributario\/stf-diferenca-de-tratamento-entre-empresas-publicas-e-privadas-para-fins-de-contribuicao-ao-pis-pasep-e-constitucional.html","url":"https:\/\/mhcalculos.com.br\/noticias\/area\/tributario\/stf-diferenca-de-tratamento-entre-empresas-publicas-e-privadas-para-fins-de-contribuicao-ao-pis-pasep-e-constitucional.html","name":"STF: Diferen\u00e7a de tratamento entre empresas p\u00fablicas e privadas para fins de contribui\u00e7\u00e3o ao PIS\/PASEP \u00e9 constitucional | Portal de Not\u00edcias","isPartOf":{"@id":"https:\/\/mhcalculos.com.br\/noticias\/#website"},"primaryImageOfPage":{"@id":"https:\/\/mhcalculos.com.br\/noticias\/area\/tributario\/stf-diferenca-de-tratamento-entre-empresas-publicas-e-privadas-para-fins-de-contribuicao-ao-pis-pasep-e-constitucional.html#primaryimage"},"image":{"@id":"https:\/\/mhcalculos.com.br\/noticias\/area\/tributario\/stf-diferenca-de-tratamento-entre-empresas-publicas-e-privadas-para-fins-de-contribuicao-ao-pis-pasep-e-constitucional.html#primaryimage"},"thumbnailUrl":"https:\/\/mhcalculos.com.br\/noticias\/wp-content\/uploads\/sites\/2\/2018\/06\/judiciario-0003.jpg","datePublished":"2018-12-15T05:00:13+00:00","dateModified":"2021-07-28T17:33:38+00:00","author":{"@id":"https:\/\/mhcalculos.com.br\/noticias\/#\/schema\/person\/88d1c34bf72dc779ea14a5a6b8e0ae8d"},"breadcrumb":{"@id":"https:\/\/mhcalculos.com.br\/noticias\/area\/tributario\/stf-diferenca-de-tratamento-entre-empresas-publicas-e-privadas-para-fins-de-contribuicao-ao-pis-pasep-e-constitucional.html#breadcrumb"},"inLanguage":"pt-BR","potentialAction":[{"@type":"ReadAction","target":["https:\/\/mhcalculos.com.br\/noticias\/area\/tributario\/stf-diferenca-de-tratamento-entre-empresas-publicas-e-privadas-para-fins-de-contribuicao-ao-pis-pasep-e-constitucional.html"]}]},{"@type":"ImageObject","inLanguage":"pt-BR","@id":"https:\/\/mhcalculos.com.br\/noticias\/area\/tributario\/stf-diferenca-de-tratamento-entre-empresas-publicas-e-privadas-para-fins-de-contribuicao-ao-pis-pasep-e-constitucional.html#primaryimage","url":"https:\/\/mhcalculos.com.br\/noticias\/wp-content\/uploads\/sites\/2\/2018\/06\/judiciario-0003.jpg","contentUrl":"https:\/\/mhcalculos.com.br\/noticias\/wp-content\/uploads\/sites\/2\/2018\/06\/judiciario-0003.jpg","width":2000,"height":800},{"@type":"BreadcrumbList","@id":"https:\/\/mhcalculos.com.br\/noticias\/area\/tributario\/stf-diferenca-de-tratamento-entre-empresas-publicas-e-privadas-para-fins-de-contribuicao-ao-pis-pasep-e-constitucional.html#breadcrumb","itemListElement":[{"@type":"ListItem","position":1,"name":"In\u00edcio","item":"https:\/\/mhcalculos.com.br\/noticias\/"},{"@type":"ListItem","position":2,"name":"STF: Diferen\u00e7a de tratamento entre empresas p\u00fablicas e privadas para fins de contribui\u00e7\u00e3o ao PIS\/PASEP \u00e9 constitucional"}]},{"@type":"WebSite","@id":"https:\/\/mhcalculos.com.br\/noticias\/#website","url":"https:\/\/mhcalculos.com.br\/noticias\/","name":"Portal de Not\u00edcias","description":"Not\u00edcias e Jurisprud\u00eancia","potentialAction":[{"@type":"SearchAction","target":{"@type":"EntryPoint","urlTemplate":"https:\/\/mhcalculos.com.br\/noticias\/?s={search_term_string}"},"query-input":{"@type":"PropertyValueSpecification","valueRequired":true,"valueName":"search_term_string"}}],"inLanguage":"pt-BR"},{"@type":"Person","@id":"https:\/\/mhcalculos.com.br\/noticias\/#\/schema\/person\/88d1c34bf72dc779ea14a5a6b8e0ae8d","name":"Equipe MH","image":{"@type":"ImageObject","inLanguage":"pt-BR","@id":"https:\/\/secure.gravatar.com\/avatar\/de1c686c2ecc9c5a3f327e3431d819eb39f8f05d4e1045f5a1caad6daaba987f?s=96&d=mm&r=g","url":"https:\/\/secure.gravatar.com\/avatar\/de1c686c2ecc9c5a3f327e3431d819eb39f8f05d4e1045f5a1caad6daaba987f?s=96&d=mm&r=g","contentUrl":"https:\/\/secure.gravatar.com\/avatar\/de1c686c2ecc9c5a3f327e3431d819eb39f8f05d4e1045f5a1caad6daaba987f?s=96&d=mm&r=g","caption":"Equipe MH"}}]}},"_links":{"self":[{"href":"https:\/\/mhcalculos.com.br\/noticias\/wp-json\/wp\/v2\/posts\/3477","targetHints":{"allow":["GET"]}}],"collection":[{"href":"https:\/\/mhcalculos.com.br\/noticias\/wp-json\/wp\/v2\/posts"}],"about":[{"href":"https:\/\/mhcalculos.com.br\/noticias\/wp-json\/wp\/v2\/types\/post"}],"author":[{"embeddable":true,"href":"https:\/\/mhcalculos.com.br\/noticias\/wp-json\/wp\/v2\/users\/3063"}],"replies":[{"embeddable":true,"href":"https:\/\/mhcalculos.com.br\/noticias\/wp-json\/wp\/v2\/comments?post=3477"}],"version-history":[{"count":1,"href":"https:\/\/mhcalculos.com.br\/noticias\/wp-json\/wp\/v2\/posts\/3477\/revisions"}],"predecessor-version":[{"id":6726,"href":"https:\/\/mhcalculos.com.br\/noticias\/wp-json\/wp\/v2\/posts\/3477\/revisions\/6726"}],"wp:featuredmedia":[{"embeddable":true,"href":"https:\/\/mhcalculos.com.br\/noticias\/wp-json\/wp\/v2\/media\/2108"}],"wp:attachment":[{"href":"https:\/\/mhcalculos.com.br\/noticias\/wp-json\/wp\/v2\/media?parent=3477"}],"wp:term":[{"taxonomy":"category","embeddable":true,"href":"https:\/\/mhcalculos.com.br\/noticias\/wp-json\/wp\/v2\/categories?post=3477"},{"taxonomy":"post_tag","embeddable":true,"href":"https:\/\/mhcalculos.com.br\/noticias\/wp-json\/wp\/v2\/tags?post=3477"}],"curies":[{"name":"wp","href":"https:\/\/api.w.org\/{rel}","templated":true}]}}