{"id":3474,"date":"2018-12-14T07:00:12","date_gmt":"2018-12-14T09:00:12","guid":{"rendered":"https:\/\/mhcalculos.com.br\/noticias\/2018\/12\/14\/stj-ministro-noronha-participa-de-seminario-juridico-sobre-setor-de-seguros\/"},"modified":"2021-07-28T14:33:39","modified_gmt":"2021-07-28T17:33:39","slug":"stj-ministro-noronha-participa-de-seminario-juridico-sobre-setor-de-seguros","status":"publish","type":"post","link":"https:\/\/mhcalculos.com.br\/noticias\/area\/previdenciario\/stj-ministro-noronha-participa-de-seminario-juridico-sobre-setor-de-seguros.html","title":{"rendered":"STJ: Ministro Noronha participa de semin\u00e1rio jur\u00eddico sobre setor de seguros"},"content":{"rendered":"<p><br \/>\n<\/p>\n<p>O presidente do Superior Tribunal de Justi&ccedil;a (STJ), ministro Jo&atilde;o Ot&aacute;vio de Noronha, participou nesta quinta-feira (13), no Rio de Janeiro, do <em>I Semin&aacute;rio Jur&iacute;dico da CNseg<\/em>, evento promovido pela Confedera&ccedil;&atilde;o Nacional das Empresas de Seguros Gerais, Previd&ecirc;ncia Privada e Vida, Sa&uacute;de Suplementar e Capitaliza&ccedil;&atilde;o (CNseg) para discutir o setor de seguros no Brasil.<\/p>\n<p>Respons&aacute;vel pela palestra magna do evento, o ministro falou aos presentes sobre o tema &ldquo;Crise financeira e democracia: desafio para a supervis&atilde;o estatal e administra&ccedil;&atilde;o&rdquo;. Ele defendeu uma revis&atilde;o no papel das ag&ecirc;ncias reguladoras.<\/p>\n<p>&ldquo;As ag&ecirc;ncias t&ecirc;m a fun&ccedil;&atilde;o de coibir abusos, orientar o mercado, n&atilde;o de interferir nos contratos entre agentes econ&ocirc;micos. &Eacute; urgente melhorar o ambiente de contrata&ccedil;&atilde;o no Brasil, at&eacute; para que n&oacute;s possamos reduzir o custo das opera&ccedil;&otilde;es&rdquo;, afirmou Noronha.<\/p>\n<p>O presidente do STJ lembrou os 30 anos da Constitui&ccedil;&atilde;o de 1988 e os desafios atravessados pelo pa&iacute;s nesse per&iacute;odo, como dois processos de <em>impeachment<\/em> e grandes crises internacionais com reflexo direto na economia interna.<\/p>\n<p>Na abertura do evento, o presidente da CNseg, Marcio Coriolano, destacou o papel do setor de seguros no contexto macroecon&ocirc;mico do Brasil. Segundo ele, esse segmento passou a fazer parte da pauta de mudan&ccedil;as promovidas pela pol&iacute;tica, j&aacute; que em maior ou menor grau a participa&ccedil;&atilde;o dos governos em &aacute;reas como sa&uacute;de e previd&ecirc;ncia diminuiu, aumentando o protagonismo do setor de seguros.<\/p>\n<p>Com o protagonismo, crescem os desafios, segundo Coriolano. &ldquo;Assistimos &agrave; crescente judicializa&ccedil;&atilde;o no setor de seguros. &Eacute; certo que todos precisam se debru&ccedil;ar sobre o assunto para verificar a exist&ecirc;ncia de eventuais falhas regulat&oacute;rias ou de lacunas contratuais.&rdquo;<\/p>\n<p>Os ministros do STJ Paulo de Tarso Sanseverino e Villas B&ocirc;as Cueva tamb&eacute;m participaram do evento como expositores.<\/p>\n<p>Segundo a organiza&ccedil;&atilde;o do evento, o semin&aacute;rio jur&iacute;dico tem por objetivo debater caminhos para o aprimoramento das rela&ccedil;&otilde;es com os consumidores, visando &agrave; redu&ccedil;&atilde;o da judicializa&ccedil;&atilde;o e ao fortalecimento de rela&ccedil;&otilde;es contratuais de colabora&ccedil;&atilde;o e boa-f&eacute; rec&iacute;procas, em conformidade com a legisla&ccedil;&atilde;o e a constru&ccedil;&atilde;o jurisprudencial brasileira.<\/p>\n<p><strong>Revista jur&iacute;dica<\/strong><\/p>\n<p>Durante o evento foi lan&ccedil;ada a nona edi&ccedil;&atilde;o da <em>Revista Jur&iacute;dica de Seguros da CNseg<\/em>. A publica&ccedil;&atilde;o traz 14 artigos escritos por especialistas. Um dos textos &eacute; do presidente do STJ.<\/p>\n<p> No artigo, Noronha aborda as crises financeiras e a democracia, afirmando que o processo de &ldquo;financeiriza&ccedil;&atilde;o&rdquo;, a partir da d&eacute;cada de 1970, foi dissociando o capital da esfera da produ&ccedil;&atilde;o, deixando o Brasil mais suscet&iacute;vel a essas crises.<br \/>\n<br \/><i>Com informa\u00e7\u00f5es da assessoria de imprensa do STJ.<\/i><br \/>\n<br \/><a href=\"http:\/\/feedproxy.google.com\/~r\/STJNoticias\/~3\/-7cDFtsaCSM\/Ministro-Noronha-participa-de-semin%C3%A1rio-jur%C3%ADdico-sobre-setor-de-seguros\">Fonte<\/a><br \/>\n<br \/><\/p>\n","protected":false},"excerpt":{"rendered":"<p>O presidente do Superior Tribunal de Justi&ccedil;a (STJ), ministro Jo&atilde;o Ot&aacute;vio de Noronha, participou nesta quinta-feira (13), no Rio de Janeiro, do I Semin&aacute;rio Jur&iacute;dico da CNseg, evento promovido pela Confedera&ccedil;&atilde;o Nacional das Empresas de Seguros Gerais, Previd&ecirc;ncia Privada e Vida, Sa&uacute;de Suplementar e Capitaliza&ccedil;&atilde;o (CNseg) para discutir o setor de seguros no Brasil. Respons&aacute;vel [&hellip;]<\/p>\n","protected":false},"author":3063,"featured_media":1910,"comment_status":"open","ping_status":"open","sticky":false,"template":"","format":"standard","meta":{"footnotes":""},"categories":[5,7],"tags":[11,10,8,13,9,12,14],"class_list":{"0":"post-3474","1":"post","2":"type-post","3":"status-publish","4":"format-standard","5":"has-post-thumbnail","7":"category-previdenciario","8":"category-stj","9":"tag-aposentadoria","10":"tag-calculos-previdenciarios","11":"tag-direito-previdenciario","12":"tag-inss","13":"tag-pericia","14":"tag-perito","15":"tag-stj"},"yoast_head":"<!-- This site is optimized with the Yoast SEO plugin v27.2 - https:\/\/yoast.com\/product\/yoast-seo-wordpress\/ -->\n<title>STJ: Ministro Noronha participa de semin\u00e1rio jur\u00eddico sobre setor de seguros | Portal de Not\u00edcias<\/title>\n<meta name=\"robots\" content=\"index, follow, max-snippet:-1, max-image-preview:large, max-video-preview:-1\" \/>\n<link rel=\"canonical\" href=\"https:\/\/mhcalculos.com.br\/noticias\/area\/previdenciario\/stj-ministro-noronha-participa-de-seminario-juridico-sobre-setor-de-seguros.html\" \/>\n<meta property=\"og:locale\" content=\"pt_BR\" \/>\n<meta property=\"og:type\" content=\"article\" \/>\n<meta property=\"og:title\" content=\"STJ: Ministro Noronha participa de semin\u00e1rio jur\u00eddico sobre setor de seguros | Portal de Not\u00edcias\" \/>\n<meta property=\"og:description\" content=\"O presidente do Superior Tribunal de Justi&ccedil;a (STJ), ministro Jo&atilde;o Ot&aacute;vio de Noronha, participou nesta quinta-feira (13), no Rio de Janeiro, do I Semin&aacute;rio Jur&iacute;dico da CNseg, evento promovido pela Confedera&ccedil;&atilde;o Nacional das Empresas de Seguros Gerais, Previd&ecirc;ncia Privada e Vida, Sa&uacute;de Suplementar e Capitaliza&ccedil;&atilde;o (CNseg) para discutir o setor de seguros no Brasil. Respons&aacute;vel [&hellip;]\" \/>\n<meta property=\"og:url\" content=\"https:\/\/mhcalculos.com.br\/noticias\/area\/previdenciario\/stj-ministro-noronha-participa-de-seminario-juridico-sobre-setor-de-seguros.html\" \/>\n<meta property=\"og:site_name\" content=\"Portal de Not\u00edcias\" \/>\n<meta property=\"article:published_time\" content=\"2018-12-14T09:00:12+00:00\" \/>\n<meta property=\"article:modified_time\" content=\"2021-07-28T17:33:39+00:00\" \/>\n<meta property=\"og:image\" content=\"https:\/\/mhcalculos.com.br\/noticias\/wp-content\/uploads\/sites\/2\/2018\/06\/judiciario-0017.jpg\" \/>\n\t<meta property=\"og:image:width\" content=\"2000\" \/>\n\t<meta property=\"og:image:height\" content=\"800\" \/>\n\t<meta property=\"og:image:type\" content=\"image\/jpeg\" \/>\n<meta name=\"author\" content=\"Equipe MH\" \/>\n<meta name=\"twitter:card\" content=\"summary_large_image\" \/>\n<meta name=\"twitter:label1\" content=\"Escrito por\" \/>\n\t<meta name=\"twitter:data1\" content=\"Equipe MH\" \/>\n\t<meta name=\"twitter:label2\" content=\"Est. tempo de leitura\" \/>\n\t<meta name=\"twitter:data2\" content=\"3 minutos\" \/>\n<script type=\"application\/ld+json\" class=\"yoast-schema-graph\">{\"@context\":\"https:\/\/schema.org\",\"@graph\":[{\"@type\":\"Article\",\"@id\":\"https:\/\/mhcalculos.com.br\/noticias\/area\/previdenciario\/stj-ministro-noronha-participa-de-seminario-juridico-sobre-setor-de-seguros.html#article\",\"isPartOf\":{\"@id\":\"https:\/\/mhcalculos.com.br\/noticias\/area\/previdenciario\/stj-ministro-noronha-participa-de-seminario-juridico-sobre-setor-de-seguros.html\"},\"author\":{\"name\":\"Equipe MH\",\"@id\":\"https:\/\/mhcalculos.com.br\/noticias\/#\/schema\/person\/88d1c34bf72dc779ea14a5a6b8e0ae8d\"},\"headline\":\"STJ: Ministro Noronha participa de semin\u00e1rio jur\u00eddico sobre setor de seguros\",\"datePublished\":\"2018-12-14T09:00:12+00:00\",\"dateModified\":\"2021-07-28T17:33:39+00:00\",\"mainEntityOfPage\":{\"@id\":\"https:\/\/mhcalculos.com.br\/noticias\/area\/previdenciario\/stj-ministro-noronha-participa-de-seminario-juridico-sobre-setor-de-seguros.html\"},\"wordCount\":566,\"commentCount\":0,\"image\":{\"@id\":\"https:\/\/mhcalculos.com.br\/noticias\/area\/previdenciario\/stj-ministro-noronha-participa-de-seminario-juridico-sobre-setor-de-seguros.html#primaryimage\"},\"thumbnailUrl\":\"https:\/\/mhcalculos.com.br\/noticias\/wp-content\/uploads\/sites\/2\/2018\/06\/judiciario-0017.jpg\",\"keywords\":[\"aposentadoria\",\"c\u00e1lculos previdenci\u00e1rios\",\"direito previdenci\u00e1rio\",\"inss\",\"per\u00edcia\",\"perito\",\"stj\"],\"articleSection\":[\"Direito Previdenci\u00e1rio\",\"STJ\"],\"inLanguage\":\"pt-BR\",\"potentialAction\":[{\"@type\":\"CommentAction\",\"name\":\"Comment\",\"target\":[\"https:\/\/mhcalculos.com.br\/noticias\/area\/previdenciario\/stj-ministro-noronha-participa-de-seminario-juridico-sobre-setor-de-seguros.html#respond\"]}]},{\"@type\":\"WebPage\",\"@id\":\"https:\/\/mhcalculos.com.br\/noticias\/area\/previdenciario\/stj-ministro-noronha-participa-de-seminario-juridico-sobre-setor-de-seguros.html\",\"url\":\"https:\/\/mhcalculos.com.br\/noticias\/area\/previdenciario\/stj-ministro-noronha-participa-de-seminario-juridico-sobre-setor-de-seguros.html\",\"name\":\"STJ: Ministro Noronha participa de semin\u00e1rio jur\u00eddico sobre setor de seguros | Portal de Not\u00edcias\",\"isPartOf\":{\"@id\":\"https:\/\/mhcalculos.com.br\/noticias\/#website\"},\"primaryImageOfPage\":{\"@id\":\"https:\/\/mhcalculos.com.br\/noticias\/area\/previdenciario\/stj-ministro-noronha-participa-de-seminario-juridico-sobre-setor-de-seguros.html#primaryimage\"},\"image\":{\"@id\":\"https:\/\/mhcalculos.com.br\/noticias\/area\/previdenciario\/stj-ministro-noronha-participa-de-seminario-juridico-sobre-setor-de-seguros.html#primaryimage\"},\"thumbnailUrl\":\"https:\/\/mhcalculos.com.br\/noticias\/wp-content\/uploads\/sites\/2\/2018\/06\/judiciario-0017.jpg\",\"datePublished\":\"2018-12-14T09:00:12+00:00\",\"dateModified\":\"2021-07-28T17:33:39+00:00\",\"author\":{\"@id\":\"https:\/\/mhcalculos.com.br\/noticias\/#\/schema\/person\/88d1c34bf72dc779ea14a5a6b8e0ae8d\"},\"breadcrumb\":{\"@id\":\"https:\/\/mhcalculos.com.br\/noticias\/area\/previdenciario\/stj-ministro-noronha-participa-de-seminario-juridico-sobre-setor-de-seguros.html#breadcrumb\"},\"inLanguage\":\"pt-BR\",\"potentialAction\":[{\"@type\":\"ReadAction\",\"target\":[\"https:\/\/mhcalculos.com.br\/noticias\/area\/previdenciario\/stj-ministro-noronha-participa-de-seminario-juridico-sobre-setor-de-seguros.html\"]}]},{\"@type\":\"ImageObject\",\"inLanguage\":\"pt-BR\",\"@id\":\"https:\/\/mhcalculos.com.br\/noticias\/area\/previdenciario\/stj-ministro-noronha-participa-de-seminario-juridico-sobre-setor-de-seguros.html#primaryimage\",\"url\":\"https:\/\/mhcalculos.com.br\/noticias\/wp-content\/uploads\/sites\/2\/2018\/06\/judiciario-0017.jpg\",\"contentUrl\":\"https:\/\/mhcalculos.com.br\/noticias\/wp-content\/uploads\/sites\/2\/2018\/06\/judiciario-0017.jpg\",\"width\":2000,\"height\":800},{\"@type\":\"BreadcrumbList\",\"@id\":\"https:\/\/mhcalculos.com.br\/noticias\/area\/previdenciario\/stj-ministro-noronha-participa-de-seminario-juridico-sobre-setor-de-seguros.html#breadcrumb\",\"itemListElement\":[{\"@type\":\"ListItem\",\"position\":1,\"name\":\"In\u00edcio\",\"item\":\"https:\/\/mhcalculos.com.br\/noticias\/\"},{\"@type\":\"ListItem\",\"position\":2,\"name\":\"STJ: Ministro Noronha participa de semin\u00e1rio jur\u00eddico sobre setor de seguros\"}]},{\"@type\":\"WebSite\",\"@id\":\"https:\/\/mhcalculos.com.br\/noticias\/#website\",\"url\":\"https:\/\/mhcalculos.com.br\/noticias\/\",\"name\":\"Portal de Not\u00edcias\",\"description\":\"Not\u00edcias e Jurisprud\u00eancia\",\"potentialAction\":[{\"@type\":\"SearchAction\",\"target\":{\"@type\":\"EntryPoint\",\"urlTemplate\":\"https:\/\/mhcalculos.com.br\/noticias\/?s={search_term_string}\"},\"query-input\":{\"@type\":\"PropertyValueSpecification\",\"valueRequired\":true,\"valueName\":\"search_term_string\"}}],\"inLanguage\":\"pt-BR\"},{\"@type\":\"Person\",\"@id\":\"https:\/\/mhcalculos.com.br\/noticias\/#\/schema\/person\/88d1c34bf72dc779ea14a5a6b8e0ae8d\",\"name\":\"Equipe MH\",\"image\":{\"@type\":\"ImageObject\",\"inLanguage\":\"pt-BR\",\"@id\":\"https:\/\/secure.gravatar.com\/avatar\/de1c686c2ecc9c5a3f327e3431d819eb39f8f05d4e1045f5a1caad6daaba987f?s=96&d=mm&r=g\",\"url\":\"https:\/\/secure.gravatar.com\/avatar\/de1c686c2ecc9c5a3f327e3431d819eb39f8f05d4e1045f5a1caad6daaba987f?s=96&d=mm&r=g\",\"contentUrl\":\"https:\/\/secure.gravatar.com\/avatar\/de1c686c2ecc9c5a3f327e3431d819eb39f8f05d4e1045f5a1caad6daaba987f?s=96&d=mm&r=g\",\"caption\":\"Equipe MH\"}}]}<\/script>\n<!-- \/ Yoast SEO plugin. -->","yoast_head_json":{"title":"STJ: Ministro Noronha participa de semin\u00e1rio jur\u00eddico sobre setor de seguros | Portal de Not\u00edcias","robots":{"index":"index","follow":"follow","max-snippet":"max-snippet:-1","max-image-preview":"max-image-preview:large","max-video-preview":"max-video-preview:-1"},"canonical":"https:\/\/mhcalculos.com.br\/noticias\/area\/previdenciario\/stj-ministro-noronha-participa-de-seminario-juridico-sobre-setor-de-seguros.html","og_locale":"pt_BR","og_type":"article","og_title":"STJ: Ministro Noronha participa de semin\u00e1rio jur\u00eddico sobre setor de seguros | Portal de Not\u00edcias","og_description":"O presidente do Superior Tribunal de Justi&ccedil;a (STJ), ministro Jo&atilde;o Ot&aacute;vio de Noronha, participou nesta quinta-feira (13), no Rio de Janeiro, do I Semin&aacute;rio Jur&iacute;dico da CNseg, evento promovido pela Confedera&ccedil;&atilde;o Nacional das Empresas de Seguros Gerais, Previd&ecirc;ncia Privada e Vida, Sa&uacute;de Suplementar e Capitaliza&ccedil;&atilde;o (CNseg) para discutir o setor de seguros no Brasil. Respons&aacute;vel [&hellip;]","og_url":"https:\/\/mhcalculos.com.br\/noticias\/area\/previdenciario\/stj-ministro-noronha-participa-de-seminario-juridico-sobre-setor-de-seguros.html","og_site_name":"Portal de Not\u00edcias","article_published_time":"2018-12-14T09:00:12+00:00","article_modified_time":"2021-07-28T17:33:39+00:00","og_image":[{"width":2000,"height":800,"url":"https:\/\/mhcalculos.com.br\/noticias\/wp-content\/uploads\/sites\/2\/2018\/06\/judiciario-0017.jpg","type":"image\/jpeg"}],"author":"Equipe MH","twitter_card":"summary_large_image","twitter_misc":{"Escrito por":"Equipe MH","Est. tempo de leitura":"3 minutos"},"schema":{"@context":"https:\/\/schema.org","@graph":[{"@type":"Article","@id":"https:\/\/mhcalculos.com.br\/noticias\/area\/previdenciario\/stj-ministro-noronha-participa-de-seminario-juridico-sobre-setor-de-seguros.html#article","isPartOf":{"@id":"https:\/\/mhcalculos.com.br\/noticias\/area\/previdenciario\/stj-ministro-noronha-participa-de-seminario-juridico-sobre-setor-de-seguros.html"},"author":{"name":"Equipe MH","@id":"https:\/\/mhcalculos.com.br\/noticias\/#\/schema\/person\/88d1c34bf72dc779ea14a5a6b8e0ae8d"},"headline":"STJ: Ministro Noronha participa de semin\u00e1rio jur\u00eddico sobre setor de seguros","datePublished":"2018-12-14T09:00:12+00:00","dateModified":"2021-07-28T17:33:39+00:00","mainEntityOfPage":{"@id":"https:\/\/mhcalculos.com.br\/noticias\/area\/previdenciario\/stj-ministro-noronha-participa-de-seminario-juridico-sobre-setor-de-seguros.html"},"wordCount":566,"commentCount":0,"image":{"@id":"https:\/\/mhcalculos.com.br\/noticias\/area\/previdenciario\/stj-ministro-noronha-participa-de-seminario-juridico-sobre-setor-de-seguros.html#primaryimage"},"thumbnailUrl":"https:\/\/mhcalculos.com.br\/noticias\/wp-content\/uploads\/sites\/2\/2018\/06\/judiciario-0017.jpg","keywords":["aposentadoria","c\u00e1lculos previdenci\u00e1rios","direito previdenci\u00e1rio","inss","per\u00edcia","perito","stj"],"articleSection":["Direito Previdenci\u00e1rio","STJ"],"inLanguage":"pt-BR","potentialAction":[{"@type":"CommentAction","name":"Comment","target":["https:\/\/mhcalculos.com.br\/noticias\/area\/previdenciario\/stj-ministro-noronha-participa-de-seminario-juridico-sobre-setor-de-seguros.html#respond"]}]},{"@type":"WebPage","@id":"https:\/\/mhcalculos.com.br\/noticias\/area\/previdenciario\/stj-ministro-noronha-participa-de-seminario-juridico-sobre-setor-de-seguros.html","url":"https:\/\/mhcalculos.com.br\/noticias\/area\/previdenciario\/stj-ministro-noronha-participa-de-seminario-juridico-sobre-setor-de-seguros.html","name":"STJ: Ministro Noronha participa de semin\u00e1rio jur\u00eddico sobre setor de seguros | Portal de Not\u00edcias","isPartOf":{"@id":"https:\/\/mhcalculos.com.br\/noticias\/#website"},"primaryImageOfPage":{"@id":"https:\/\/mhcalculos.com.br\/noticias\/area\/previdenciario\/stj-ministro-noronha-participa-de-seminario-juridico-sobre-setor-de-seguros.html#primaryimage"},"image":{"@id":"https:\/\/mhcalculos.com.br\/noticias\/area\/previdenciario\/stj-ministro-noronha-participa-de-seminario-juridico-sobre-setor-de-seguros.html#primaryimage"},"thumbnailUrl":"https:\/\/mhcalculos.com.br\/noticias\/wp-content\/uploads\/sites\/2\/2018\/06\/judiciario-0017.jpg","datePublished":"2018-12-14T09:00:12+00:00","dateModified":"2021-07-28T17:33:39+00:00","author":{"@id":"https:\/\/mhcalculos.com.br\/noticias\/#\/schema\/person\/88d1c34bf72dc779ea14a5a6b8e0ae8d"},"breadcrumb":{"@id":"https:\/\/mhcalculos.com.br\/noticias\/area\/previdenciario\/stj-ministro-noronha-participa-de-seminario-juridico-sobre-setor-de-seguros.html#breadcrumb"},"inLanguage":"pt-BR","potentialAction":[{"@type":"ReadAction","target":["https:\/\/mhcalculos.com.br\/noticias\/area\/previdenciario\/stj-ministro-noronha-participa-de-seminario-juridico-sobre-setor-de-seguros.html"]}]},{"@type":"ImageObject","inLanguage":"pt-BR","@id":"https:\/\/mhcalculos.com.br\/noticias\/area\/previdenciario\/stj-ministro-noronha-participa-de-seminario-juridico-sobre-setor-de-seguros.html#primaryimage","url":"https:\/\/mhcalculos.com.br\/noticias\/wp-content\/uploads\/sites\/2\/2018\/06\/judiciario-0017.jpg","contentUrl":"https:\/\/mhcalculos.com.br\/noticias\/wp-content\/uploads\/sites\/2\/2018\/06\/judiciario-0017.jpg","width":2000,"height":800},{"@type":"BreadcrumbList","@id":"https:\/\/mhcalculos.com.br\/noticias\/area\/previdenciario\/stj-ministro-noronha-participa-de-seminario-juridico-sobre-setor-de-seguros.html#breadcrumb","itemListElement":[{"@type":"ListItem","position":1,"name":"In\u00edcio","item":"https:\/\/mhcalculos.com.br\/noticias\/"},{"@type":"ListItem","position":2,"name":"STJ: Ministro Noronha participa de semin\u00e1rio jur\u00eddico sobre setor de seguros"}]},{"@type":"WebSite","@id":"https:\/\/mhcalculos.com.br\/noticias\/#website","url":"https:\/\/mhcalculos.com.br\/noticias\/","name":"Portal de Not\u00edcias","description":"Not\u00edcias e Jurisprud\u00eancia","potentialAction":[{"@type":"SearchAction","target":{"@type":"EntryPoint","urlTemplate":"https:\/\/mhcalculos.com.br\/noticias\/?s={search_term_string}"},"query-input":{"@type":"PropertyValueSpecification","valueRequired":true,"valueName":"search_term_string"}}],"inLanguage":"pt-BR"},{"@type":"Person","@id":"https:\/\/mhcalculos.com.br\/noticias\/#\/schema\/person\/88d1c34bf72dc779ea14a5a6b8e0ae8d","name":"Equipe MH","image":{"@type":"ImageObject","inLanguage":"pt-BR","@id":"https:\/\/secure.gravatar.com\/avatar\/de1c686c2ecc9c5a3f327e3431d819eb39f8f05d4e1045f5a1caad6daaba987f?s=96&d=mm&r=g","url":"https:\/\/secure.gravatar.com\/avatar\/de1c686c2ecc9c5a3f327e3431d819eb39f8f05d4e1045f5a1caad6daaba987f?s=96&d=mm&r=g","contentUrl":"https:\/\/secure.gravatar.com\/avatar\/de1c686c2ecc9c5a3f327e3431d819eb39f8f05d4e1045f5a1caad6daaba987f?s=96&d=mm&r=g","caption":"Equipe MH"}}]}},"_links":{"self":[{"href":"https:\/\/mhcalculos.com.br\/noticias\/wp-json\/wp\/v2\/posts\/3474","targetHints":{"allow":["GET"]}}],"collection":[{"href":"https:\/\/mhcalculos.com.br\/noticias\/wp-json\/wp\/v2\/posts"}],"about":[{"href":"https:\/\/mhcalculos.com.br\/noticias\/wp-json\/wp\/v2\/types\/post"}],"author":[{"embeddable":true,"href":"https:\/\/mhcalculos.com.br\/noticias\/wp-json\/wp\/v2\/users\/3063"}],"replies":[{"embeddable":true,"href":"https:\/\/mhcalculos.com.br\/noticias\/wp-json\/wp\/v2\/comments?post=3474"}],"version-history":[{"count":1,"href":"https:\/\/mhcalculos.com.br\/noticias\/wp-json\/wp\/v2\/posts\/3474\/revisions"}],"predecessor-version":[{"id":10101,"href":"https:\/\/mhcalculos.com.br\/noticias\/wp-json\/wp\/v2\/posts\/3474\/revisions\/10101"}],"wp:featuredmedia":[{"embeddable":true,"href":"https:\/\/mhcalculos.com.br\/noticias\/wp-json\/wp\/v2\/media\/1910"}],"wp:attachment":[{"href":"https:\/\/mhcalculos.com.br\/noticias\/wp-json\/wp\/v2\/media?parent=3474"}],"wp:term":[{"taxonomy":"category","embeddable":true,"href":"https:\/\/mhcalculos.com.br\/noticias\/wp-json\/wp\/v2\/categories?post=3474"},{"taxonomy":"post_tag","embeddable":true,"href":"https:\/\/mhcalculos.com.br\/noticias\/wp-json\/wp\/v2\/tags?post=3474"}],"curies":[{"name":"wp","href":"https:\/\/api.w.org\/{rel}","templated":true}]}}