{"id":3469,"date":"2018-12-13T17:00:15","date_gmt":"2018-12-13T19:00:15","guid":{"rendered":"https:\/\/mhcalculos.com.br\/noticias\/2018\/12\/13\/trf3-tribunal-inaugura-nova-sede-da-justica-federal-em-limeira-sp-amanha-dia-13-de-dezembro\/"},"modified":"2021-07-28T14:33:39","modified_gmt":"2021-07-28T17:33:39","slug":"trf3-tribunal-inaugura-nova-sede-da-justica-federal-em-limeira-sp-amanha-dia-13-de-dezembro","status":"publish","type":"post","link":"https:\/\/mhcalculos.com.br\/noticias\/area\/previdenciario\/trf3-tribunal-inaugura-nova-sede-da-justica-federal-em-limeira-sp-amanha-dia-13-de-dezembro.html","title":{"rendered":"TRF3: TRIBUNAL&nbsp;INAUGURA NOVA SEDE DA JUSTI\u00c7A FEDERAL EM LIMEIRA\/SP AMANH\u00c3, DIA 13 DE DEZEMBRO"},"content":{"rendered":"\n<div class=\"mat\">\n<p><em>Novo pr\u00e9dio est\u00e1 localizado na Avenida Comendador Agostinho Prada, 2.651<\/em><\/p>\n<p>A Presidente do Tribunal Regional Federal da 3.\u00aa Regi\u00e3o, Desembargadora Federal Therezinha Cazerta, inaugura\u00a0amanh\u00e3,\u00a0dia 13, \u00e0s 17 horas, as novas instala\u00e7\u00f5es da Justi\u00e7a Federal de Limeira (SP). A nova sede da 43.a Subse\u00e7\u00e3o Judici\u00e1ria est\u00e1 localizada \u00e0 Avenida Comendador Agostinho Prada, 2.651, no Jardim Maria Buchi Modeneis. <\/p>\n<p>  A solenidade contar\u00e1 com a participa\u00e7\u00e3o da Diretora do Foro da Se\u00e7\u00e3o Judici\u00e1ria do Estado de S\u00e3o Paulo, Ju\u00edza Federal Luciana Ortiz Tavares Costa Zanoni, do Diretor da Subse\u00e7\u00e3o Judici\u00e1ria de Limeira, Juiz Federal Leonardo Pessorrusso de Queiroz, e de autoridades locais.<\/p>\n<p>  Inaugurada em 20\/12\/2012, a 43\u00aa Subse\u00e7\u00e3o Judici\u00e1ria do Estado de S\u00e3o Paulo tem sede em Limeira e jurisdi\u00e7\u00e3o sobre os munic\u00edpios de Araras, Conchal, Cordeir\u00f3polis, Engenheiro Coelho e Leme. Araras, Conchal, Cordeir\u00f3polis, Engenheiro Coelho, Estiva Gerbi, Iracem\u00e1polis, Leme e Mogi Gua\u00e7u. A popula\u00e7\u00e3o da regi\u00e3o \u00e9 de aproximadamente 800.000 habitantes.<\/p>\n<p>  As novas instala\u00e7\u00f5es v\u00e3o permitir um melhor atendimento e acesso \u00e0 justi\u00e7a para os cidad\u00e3os. Atualmente, Justi\u00e7a Federal em Limeira \u00e9 formada pela 1\u00aa Vara Federal mista e pela 2\u00aa Vara Federal Previdenci\u00e1ria com Juizado Especial Federal Adjunto. <\/p>\n<p>A Subse\u00e7\u00e3o conta, tamb\u00e9m, com uma Central de Concilia\u00e7\u00e3o (CECON), que atua de forma permanente, atendendo aos cidad\u00e3os e promovendo a\u00e7\u00f5es de incentivo \u00e0 autocomposi\u00e7\u00e3o de lit\u00edgios e \u00e0 pacifica\u00e7\u00e3o social por meio da concilia\u00e7\u00e3o, da media\u00e7\u00e3o e de outros m\u00e9todos de solu\u00e7\u00e3o consensual de conflitos. <\/p>\n<p>  Os servi\u00e7os implantados na 43\u00aa Subse\u00e7\u00e3o Judici\u00e1ria permitem que a popula\u00e7\u00e3o da regi\u00e3o possa ingressar com a\u00e7\u00f5es de compet\u00eancia da Justi\u00e7a Federal, al\u00e9m de poder recorrer ao JEF adjunto para resolver causas federais cujos valores n\u00e3o ultrapassem 60 sal\u00e1rios m\u00ednimos. Entre as compet\u00eancias est\u00e3o processar e julgar demandas c\u00edveis em geral, como mat\u00e9rias relacionadas \u00e0 Previd\u00eancia e Assist\u00eancia Social, Sistema Financeiro da Habita\u00e7\u00e3o (SFH), Fundo de Garantia por Tempo de Servi\u00e7o (FGTS) e tributos federais.<\/p>\n<p>  <strong>Solenidade de Inaugura\u00e7\u00e3o das Novas Instala\u00e7\u00f5es do F\u00f3rum Federal da 43\u00aa Subse\u00e7\u00e3o do Estado de S\u00e3o Paulo, no Munic\u00edpio de Limeira<\/strong><\/p>\n<p>  <strong>Data:<\/strong> 13 de dezembro, quinta-feira<br \/>  <strong>Hor\u00e1rio:<\/strong> 17 horas<br \/>  <strong>Local:<\/strong> Avenida Comendador Agostinho Prada,\u00a02.651, no Jardim Maria Buchi Modeneis, Limeira, SP.<\/p>\n<\/p><\/div>\n<p><i>Com informa\u00e7\u00f5es da assessoria de imprensa do TRF3.<\/i><br \/>\n<br \/><a href=\"http:\/\/web.trf3.jus.br\/noticias\/Noticias\/Noticia\/Exibir\/376014\">Fonte<\/a><br \/>\n<br \/><\/p>\n","protected":false},"excerpt":{"rendered":"<p>Novo pr\u00e9dio est\u00e1 localizado na Avenida Comendador Agostinho Prada, 2.651 A Presidente do Tribunal Regional Federal da 3.\u00aa Regi\u00e3o, Desembargadora Federal Therezinha Cazerta, inaugura\u00a0amanh\u00e3,\u00a0dia 13, \u00e0s 17 horas, as novas instala\u00e7\u00f5es da Justi\u00e7a Federal de Limeira (SP). A nova sede da 43.a Subse\u00e7\u00e3o Judici\u00e1ria est\u00e1 localizada \u00e0 Avenida Comendador Agostinho Prada, 2.651, no Jardim Maria [&hellip;]<\/p>\n","protected":false},"author":3063,"featured_media":3470,"comment_status":"open","ping_status":"open","sticky":false,"template":"","format":"standard","meta":{"footnotes":""},"categories":[5,110],"tags":[11,10,8,13,9,12,152],"class_list":{"0":"post-3469","1":"post","2":"type-post","3":"status-publish","4":"format-standard","5":"has-post-thumbnail","7":"category-previdenciario","8":"category-trf3","9":"tag-aposentadoria","10":"tag-calculos-previdenciarios","11":"tag-direito-previdenciario","12":"tag-inss","13":"tag-pericia","14":"tag-perito","15":"tag-trf3"},"yoast_head":"<!-- This site is optimized with the Yoast SEO plugin v27.2 - https:\/\/yoast.com\/product\/yoast-seo-wordpress\/ -->\n<title>TRF3: TRIBUNAL&nbsp;INAUGURA NOVA SEDE DA JUSTI\u00c7A FEDERAL EM LIMEIRA\/SP AMANH\u00c3, DIA 13 DE DEZEMBRO | Portal de Not\u00edcias<\/title>\n<meta name=\"robots\" content=\"index, follow, max-snippet:-1, max-image-preview:large, max-video-preview:-1\" \/>\n<link rel=\"canonical\" href=\"https:\/\/mhcalculos.com.br\/noticias\/area\/previdenciario\/trf3-tribunal-inaugura-nova-sede-da-justica-federal-em-limeira-sp-amanha-dia-13-de-dezembro.html\" \/>\n<meta property=\"og:locale\" content=\"pt_BR\" \/>\n<meta property=\"og:type\" content=\"article\" \/>\n<meta property=\"og:title\" content=\"TRF3: TRIBUNAL&nbsp;INAUGURA NOVA SEDE DA JUSTI\u00c7A FEDERAL EM LIMEIRA\/SP AMANH\u00c3, DIA 13 DE DEZEMBRO | Portal de Not\u00edcias\" \/>\n<meta property=\"og:description\" content=\"Novo pr\u00e9dio est\u00e1 localizado na Avenida Comendador Agostinho Prada, 2.651 A Presidente do Tribunal Regional Federal da 3.\u00aa Regi\u00e3o, Desembargadora Federal Therezinha Cazerta, inaugura\u00a0amanh\u00e3,\u00a0dia 13, \u00e0s 17 horas, as novas instala\u00e7\u00f5es da Justi\u00e7a Federal de Limeira (SP). A nova sede da 43.a Subse\u00e7\u00e3o Judici\u00e1ria est\u00e1 localizada \u00e0 Avenida Comendador Agostinho Prada, 2.651, no Jardim Maria [&hellip;]\" \/>\n<meta property=\"og:url\" content=\"https:\/\/mhcalculos.com.br\/noticias\/area\/previdenciario\/trf3-tribunal-inaugura-nova-sede-da-justica-federal-em-limeira-sp-amanha-dia-13-de-dezembro.html\" \/>\n<meta property=\"og:site_name\" content=\"Portal de Not\u00edcias\" \/>\n<meta property=\"article:published_time\" content=\"2018-12-13T19:00:15+00:00\" \/>\n<meta property=\"article:modified_time\" content=\"2021-07-28T17:33:39+00:00\" \/>\n<meta property=\"og:image\" content=\"https:\/\/mhcalculos.com.br\/noticias\/wp-content\/uploads\/sites\/2\/2018\/12\/previdenciario-0030.jpg\" \/>\n\t<meta property=\"og:image:width\" content=\"2000\" \/>\n\t<meta property=\"og:image:height\" content=\"800\" \/>\n\t<meta property=\"og:image:type\" content=\"image\/jpeg\" \/>\n<meta name=\"author\" content=\"Equipe MH\" \/>\n<meta name=\"twitter:card\" content=\"summary_large_image\" \/>\n<meta name=\"twitter:label1\" content=\"Escrito por\" \/>\n\t<meta name=\"twitter:data1\" content=\"Equipe MH\" \/>\n\t<meta name=\"twitter:label2\" content=\"Est. tempo de leitura\" \/>\n\t<meta name=\"twitter:data2\" content=\"2 minutos\" \/>\n<script type=\"application\/ld+json\" class=\"yoast-schema-graph\">{\"@context\":\"https:\/\/schema.org\",\"@graph\":[{\"@type\":\"Article\",\"@id\":\"https:\/\/mhcalculos.com.br\/noticias\/area\/previdenciario\/trf3-tribunal-inaugura-nova-sede-da-justica-federal-em-limeira-sp-amanha-dia-13-de-dezembro.html#article\",\"isPartOf\":{\"@id\":\"https:\/\/mhcalculos.com.br\/noticias\/area\/previdenciario\/trf3-tribunal-inaugura-nova-sede-da-justica-federal-em-limeira-sp-amanha-dia-13-de-dezembro.html\"},\"author\":{\"name\":\"Equipe MH\",\"@id\":\"https:\/\/mhcalculos.com.br\/noticias\/#\/schema\/person\/88d1c34bf72dc779ea14a5a6b8e0ae8d\"},\"headline\":\"TRF3: TRIBUNAL&nbsp;INAUGURA NOVA SEDE DA JUSTI\u00c7A FEDERAL EM LIMEIRA\/SP AMANH\u00c3, DIA 13 DE DEZEMBRO\",\"datePublished\":\"2018-12-13T19:00:15+00:00\",\"dateModified\":\"2021-07-28T17:33:39+00:00\",\"mainEntityOfPage\":{\"@id\":\"https:\/\/mhcalculos.com.br\/noticias\/area\/previdenciario\/trf3-tribunal-inaugura-nova-sede-da-justica-federal-em-limeira-sp-amanha-dia-13-de-dezembro.html\"},\"wordCount\":427,\"commentCount\":0,\"image\":{\"@id\":\"https:\/\/mhcalculos.com.br\/noticias\/area\/previdenciario\/trf3-tribunal-inaugura-nova-sede-da-justica-federal-em-limeira-sp-amanha-dia-13-de-dezembro.html#primaryimage\"},\"thumbnailUrl\":\"https:\/\/mhcalculos.com.br\/noticias\/wp-content\/uploads\/sites\/2\/2018\/12\/previdenciario-0030.jpg\",\"keywords\":[\"aposentadoria\",\"c\u00e1lculos previdenci\u00e1rios\",\"direito previdenci\u00e1rio\",\"inss\",\"per\u00edcia\",\"perito\",\"trf3\"],\"articleSection\":[\"Direito Previdenci\u00e1rio\",\"TRF3\"],\"inLanguage\":\"pt-BR\",\"potentialAction\":[{\"@type\":\"CommentAction\",\"name\":\"Comment\",\"target\":[\"https:\/\/mhcalculos.com.br\/noticias\/area\/previdenciario\/trf3-tribunal-inaugura-nova-sede-da-justica-federal-em-limeira-sp-amanha-dia-13-de-dezembro.html#respond\"]}]},{\"@type\":\"WebPage\",\"@id\":\"https:\/\/mhcalculos.com.br\/noticias\/area\/previdenciario\/trf3-tribunal-inaugura-nova-sede-da-justica-federal-em-limeira-sp-amanha-dia-13-de-dezembro.html\",\"url\":\"https:\/\/mhcalculos.com.br\/noticias\/area\/previdenciario\/trf3-tribunal-inaugura-nova-sede-da-justica-federal-em-limeira-sp-amanha-dia-13-de-dezembro.html\",\"name\":\"TRF3: TRIBUNAL&nbsp;INAUGURA NOVA SEDE DA JUSTI\u00c7A FEDERAL EM LIMEIRA\/SP AMANH\u00c3, DIA 13 DE DEZEMBRO | Portal de Not\u00edcias\",\"isPartOf\":{\"@id\":\"https:\/\/mhcalculos.com.br\/noticias\/#website\"},\"primaryImageOfPage\":{\"@id\":\"https:\/\/mhcalculos.com.br\/noticias\/area\/previdenciario\/trf3-tribunal-inaugura-nova-sede-da-justica-federal-em-limeira-sp-amanha-dia-13-de-dezembro.html#primaryimage\"},\"image\":{\"@id\":\"https:\/\/mhcalculos.com.br\/noticias\/area\/previdenciario\/trf3-tribunal-inaugura-nova-sede-da-justica-federal-em-limeira-sp-amanha-dia-13-de-dezembro.html#primaryimage\"},\"thumbnailUrl\":\"https:\/\/mhcalculos.com.br\/noticias\/wp-content\/uploads\/sites\/2\/2018\/12\/previdenciario-0030.jpg\",\"datePublished\":\"2018-12-13T19:00:15+00:00\",\"dateModified\":\"2021-07-28T17:33:39+00:00\",\"author\":{\"@id\":\"https:\/\/mhcalculos.com.br\/noticias\/#\/schema\/person\/88d1c34bf72dc779ea14a5a6b8e0ae8d\"},\"breadcrumb\":{\"@id\":\"https:\/\/mhcalculos.com.br\/noticias\/area\/previdenciario\/trf3-tribunal-inaugura-nova-sede-da-justica-federal-em-limeira-sp-amanha-dia-13-de-dezembro.html#breadcrumb\"},\"inLanguage\":\"pt-BR\",\"potentialAction\":[{\"@type\":\"ReadAction\",\"target\":[\"https:\/\/mhcalculos.com.br\/noticias\/area\/previdenciario\/trf3-tribunal-inaugura-nova-sede-da-justica-federal-em-limeira-sp-amanha-dia-13-de-dezembro.html\"]}]},{\"@type\":\"ImageObject\",\"inLanguage\":\"pt-BR\",\"@id\":\"https:\/\/mhcalculos.com.br\/noticias\/area\/previdenciario\/trf3-tribunal-inaugura-nova-sede-da-justica-federal-em-limeira-sp-amanha-dia-13-de-dezembro.html#primaryimage\",\"url\":\"https:\/\/mhcalculos.com.br\/noticias\/wp-content\/uploads\/sites\/2\/2018\/12\/previdenciario-0030.jpg\",\"contentUrl\":\"https:\/\/mhcalculos.com.br\/noticias\/wp-content\/uploads\/sites\/2\/2018\/12\/previdenciario-0030.jpg\",\"width\":2000,\"height\":800},{\"@type\":\"BreadcrumbList\",\"@id\":\"https:\/\/mhcalculos.com.br\/noticias\/area\/previdenciario\/trf3-tribunal-inaugura-nova-sede-da-justica-federal-em-limeira-sp-amanha-dia-13-de-dezembro.html#breadcrumb\",\"itemListElement\":[{\"@type\":\"ListItem\",\"position\":1,\"name\":\"In\u00edcio\",\"item\":\"https:\/\/mhcalculos.com.br\/noticias\/\"},{\"@type\":\"ListItem\",\"position\":2,\"name\":\"TRF3: TRIBUNAL&nbsp;INAUGURA NOVA SEDE DA JUSTI\u00c7A FEDERAL EM LIMEIRA\/SP AMANH\u00c3, DIA 13 DE DEZEMBRO\"}]},{\"@type\":\"WebSite\",\"@id\":\"https:\/\/mhcalculos.com.br\/noticias\/#website\",\"url\":\"https:\/\/mhcalculos.com.br\/noticias\/\",\"name\":\"Portal de Not\u00edcias\",\"description\":\"Not\u00edcias e Jurisprud\u00eancia\",\"potentialAction\":[{\"@type\":\"SearchAction\",\"target\":{\"@type\":\"EntryPoint\",\"urlTemplate\":\"https:\/\/mhcalculos.com.br\/noticias\/?s={search_term_string}\"},\"query-input\":{\"@type\":\"PropertyValueSpecification\",\"valueRequired\":true,\"valueName\":\"search_term_string\"}}],\"inLanguage\":\"pt-BR\"},{\"@type\":\"Person\",\"@id\":\"https:\/\/mhcalculos.com.br\/noticias\/#\/schema\/person\/88d1c34bf72dc779ea14a5a6b8e0ae8d\",\"name\":\"Equipe MH\",\"image\":{\"@type\":\"ImageObject\",\"inLanguage\":\"pt-BR\",\"@id\":\"https:\/\/secure.gravatar.com\/avatar\/de1c686c2ecc9c5a3f327e3431d819eb39f8f05d4e1045f5a1caad6daaba987f?s=96&d=mm&r=g\",\"url\":\"https:\/\/secure.gravatar.com\/avatar\/de1c686c2ecc9c5a3f327e3431d819eb39f8f05d4e1045f5a1caad6daaba987f?s=96&d=mm&r=g\",\"contentUrl\":\"https:\/\/secure.gravatar.com\/avatar\/de1c686c2ecc9c5a3f327e3431d819eb39f8f05d4e1045f5a1caad6daaba987f?s=96&d=mm&r=g\",\"caption\":\"Equipe MH\"}}]}<\/script>\n<!-- \/ Yoast SEO plugin. -->","yoast_head_json":{"title":"TRF3: TRIBUNAL&nbsp;INAUGURA NOVA SEDE DA JUSTI\u00c7A FEDERAL EM LIMEIRA\/SP AMANH\u00c3, DIA 13 DE DEZEMBRO | Portal de Not\u00edcias","robots":{"index":"index","follow":"follow","max-snippet":"max-snippet:-1","max-image-preview":"max-image-preview:large","max-video-preview":"max-video-preview:-1"},"canonical":"https:\/\/mhcalculos.com.br\/noticias\/area\/previdenciario\/trf3-tribunal-inaugura-nova-sede-da-justica-federal-em-limeira-sp-amanha-dia-13-de-dezembro.html","og_locale":"pt_BR","og_type":"article","og_title":"TRF3: TRIBUNAL&nbsp;INAUGURA NOVA SEDE DA JUSTI\u00c7A FEDERAL EM LIMEIRA\/SP AMANH\u00c3, DIA 13 DE DEZEMBRO | Portal de Not\u00edcias","og_description":"Novo pr\u00e9dio est\u00e1 localizado na Avenida Comendador Agostinho Prada, 2.651 A Presidente do Tribunal Regional Federal da 3.\u00aa Regi\u00e3o, Desembargadora Federal Therezinha Cazerta, inaugura\u00a0amanh\u00e3,\u00a0dia 13, \u00e0s 17 horas, as novas instala\u00e7\u00f5es da Justi\u00e7a Federal de Limeira (SP). A nova sede da 43.a Subse\u00e7\u00e3o Judici\u00e1ria est\u00e1 localizada \u00e0 Avenida Comendador Agostinho Prada, 2.651, no Jardim Maria [&hellip;]","og_url":"https:\/\/mhcalculos.com.br\/noticias\/area\/previdenciario\/trf3-tribunal-inaugura-nova-sede-da-justica-federal-em-limeira-sp-amanha-dia-13-de-dezembro.html","og_site_name":"Portal de Not\u00edcias","article_published_time":"2018-12-13T19:00:15+00:00","article_modified_time":"2021-07-28T17:33:39+00:00","og_image":[{"width":2000,"height":800,"url":"https:\/\/mhcalculos.com.br\/noticias\/wp-content\/uploads\/sites\/2\/2018\/12\/previdenciario-0030.jpg","type":"image\/jpeg"}],"author":"Equipe MH","twitter_card":"summary_large_image","twitter_misc":{"Escrito por":"Equipe MH","Est. tempo de leitura":"2 minutos"},"schema":{"@context":"https:\/\/schema.org","@graph":[{"@type":"Article","@id":"https:\/\/mhcalculos.com.br\/noticias\/area\/previdenciario\/trf3-tribunal-inaugura-nova-sede-da-justica-federal-em-limeira-sp-amanha-dia-13-de-dezembro.html#article","isPartOf":{"@id":"https:\/\/mhcalculos.com.br\/noticias\/area\/previdenciario\/trf3-tribunal-inaugura-nova-sede-da-justica-federal-em-limeira-sp-amanha-dia-13-de-dezembro.html"},"author":{"name":"Equipe MH","@id":"https:\/\/mhcalculos.com.br\/noticias\/#\/schema\/person\/88d1c34bf72dc779ea14a5a6b8e0ae8d"},"headline":"TRF3: TRIBUNAL&nbsp;INAUGURA NOVA SEDE DA JUSTI\u00c7A FEDERAL EM LIMEIRA\/SP AMANH\u00c3, DIA 13 DE DEZEMBRO","datePublished":"2018-12-13T19:00:15+00:00","dateModified":"2021-07-28T17:33:39+00:00","mainEntityOfPage":{"@id":"https:\/\/mhcalculos.com.br\/noticias\/area\/previdenciario\/trf3-tribunal-inaugura-nova-sede-da-justica-federal-em-limeira-sp-amanha-dia-13-de-dezembro.html"},"wordCount":427,"commentCount":0,"image":{"@id":"https:\/\/mhcalculos.com.br\/noticias\/area\/previdenciario\/trf3-tribunal-inaugura-nova-sede-da-justica-federal-em-limeira-sp-amanha-dia-13-de-dezembro.html#primaryimage"},"thumbnailUrl":"https:\/\/mhcalculos.com.br\/noticias\/wp-content\/uploads\/sites\/2\/2018\/12\/previdenciario-0030.jpg","keywords":["aposentadoria","c\u00e1lculos previdenci\u00e1rios","direito previdenci\u00e1rio","inss","per\u00edcia","perito","trf3"],"articleSection":["Direito Previdenci\u00e1rio","TRF3"],"inLanguage":"pt-BR","potentialAction":[{"@type":"CommentAction","name":"Comment","target":["https:\/\/mhcalculos.com.br\/noticias\/area\/previdenciario\/trf3-tribunal-inaugura-nova-sede-da-justica-federal-em-limeira-sp-amanha-dia-13-de-dezembro.html#respond"]}]},{"@type":"WebPage","@id":"https:\/\/mhcalculos.com.br\/noticias\/area\/previdenciario\/trf3-tribunal-inaugura-nova-sede-da-justica-federal-em-limeira-sp-amanha-dia-13-de-dezembro.html","url":"https:\/\/mhcalculos.com.br\/noticias\/area\/previdenciario\/trf3-tribunal-inaugura-nova-sede-da-justica-federal-em-limeira-sp-amanha-dia-13-de-dezembro.html","name":"TRF3: TRIBUNAL&nbsp;INAUGURA NOVA SEDE DA JUSTI\u00c7A FEDERAL EM LIMEIRA\/SP AMANH\u00c3, DIA 13 DE DEZEMBRO | Portal de Not\u00edcias","isPartOf":{"@id":"https:\/\/mhcalculos.com.br\/noticias\/#website"},"primaryImageOfPage":{"@id":"https:\/\/mhcalculos.com.br\/noticias\/area\/previdenciario\/trf3-tribunal-inaugura-nova-sede-da-justica-federal-em-limeira-sp-amanha-dia-13-de-dezembro.html#primaryimage"},"image":{"@id":"https:\/\/mhcalculos.com.br\/noticias\/area\/previdenciario\/trf3-tribunal-inaugura-nova-sede-da-justica-federal-em-limeira-sp-amanha-dia-13-de-dezembro.html#primaryimage"},"thumbnailUrl":"https:\/\/mhcalculos.com.br\/noticias\/wp-content\/uploads\/sites\/2\/2018\/12\/previdenciario-0030.jpg","datePublished":"2018-12-13T19:00:15+00:00","dateModified":"2021-07-28T17:33:39+00:00","author":{"@id":"https:\/\/mhcalculos.com.br\/noticias\/#\/schema\/person\/88d1c34bf72dc779ea14a5a6b8e0ae8d"},"breadcrumb":{"@id":"https:\/\/mhcalculos.com.br\/noticias\/area\/previdenciario\/trf3-tribunal-inaugura-nova-sede-da-justica-federal-em-limeira-sp-amanha-dia-13-de-dezembro.html#breadcrumb"},"inLanguage":"pt-BR","potentialAction":[{"@type":"ReadAction","target":["https:\/\/mhcalculos.com.br\/noticias\/area\/previdenciario\/trf3-tribunal-inaugura-nova-sede-da-justica-federal-em-limeira-sp-amanha-dia-13-de-dezembro.html"]}]},{"@type":"ImageObject","inLanguage":"pt-BR","@id":"https:\/\/mhcalculos.com.br\/noticias\/area\/previdenciario\/trf3-tribunal-inaugura-nova-sede-da-justica-federal-em-limeira-sp-amanha-dia-13-de-dezembro.html#primaryimage","url":"https:\/\/mhcalculos.com.br\/noticias\/wp-content\/uploads\/sites\/2\/2018\/12\/previdenciario-0030.jpg","contentUrl":"https:\/\/mhcalculos.com.br\/noticias\/wp-content\/uploads\/sites\/2\/2018\/12\/previdenciario-0030.jpg","width":2000,"height":800},{"@type":"BreadcrumbList","@id":"https:\/\/mhcalculos.com.br\/noticias\/area\/previdenciario\/trf3-tribunal-inaugura-nova-sede-da-justica-federal-em-limeira-sp-amanha-dia-13-de-dezembro.html#breadcrumb","itemListElement":[{"@type":"ListItem","position":1,"name":"In\u00edcio","item":"https:\/\/mhcalculos.com.br\/noticias\/"},{"@type":"ListItem","position":2,"name":"TRF3: TRIBUNAL&nbsp;INAUGURA NOVA SEDE DA JUSTI\u00c7A FEDERAL EM LIMEIRA\/SP AMANH\u00c3, DIA 13 DE DEZEMBRO"}]},{"@type":"WebSite","@id":"https:\/\/mhcalculos.com.br\/noticias\/#website","url":"https:\/\/mhcalculos.com.br\/noticias\/","name":"Portal de Not\u00edcias","description":"Not\u00edcias e Jurisprud\u00eancia","potentialAction":[{"@type":"SearchAction","target":{"@type":"EntryPoint","urlTemplate":"https:\/\/mhcalculos.com.br\/noticias\/?s={search_term_string}"},"query-input":{"@type":"PropertyValueSpecification","valueRequired":true,"valueName":"search_term_string"}}],"inLanguage":"pt-BR"},{"@type":"Person","@id":"https:\/\/mhcalculos.com.br\/noticias\/#\/schema\/person\/88d1c34bf72dc779ea14a5a6b8e0ae8d","name":"Equipe MH","image":{"@type":"ImageObject","inLanguage":"pt-BR","@id":"https:\/\/secure.gravatar.com\/avatar\/de1c686c2ecc9c5a3f327e3431d819eb39f8f05d4e1045f5a1caad6daaba987f?s=96&d=mm&r=g","url":"https:\/\/secure.gravatar.com\/avatar\/de1c686c2ecc9c5a3f327e3431d819eb39f8f05d4e1045f5a1caad6daaba987f?s=96&d=mm&r=g","contentUrl":"https:\/\/secure.gravatar.com\/avatar\/de1c686c2ecc9c5a3f327e3431d819eb39f8f05d4e1045f5a1caad6daaba987f?s=96&d=mm&r=g","caption":"Equipe MH"}}]}},"_links":{"self":[{"href":"https:\/\/mhcalculos.com.br\/noticias\/wp-json\/wp\/v2\/posts\/3469","targetHints":{"allow":["GET"]}}],"collection":[{"href":"https:\/\/mhcalculos.com.br\/noticias\/wp-json\/wp\/v2\/posts"}],"about":[{"href":"https:\/\/mhcalculos.com.br\/noticias\/wp-json\/wp\/v2\/types\/post"}],"author":[{"embeddable":true,"href":"https:\/\/mhcalculos.com.br\/noticias\/wp-json\/wp\/v2\/users\/3063"}],"replies":[{"embeddable":true,"href":"https:\/\/mhcalculos.com.br\/noticias\/wp-json\/wp\/v2\/comments?post=3469"}],"version-history":[{"count":1,"href":"https:\/\/mhcalculos.com.br\/noticias\/wp-json\/wp\/v2\/posts\/3469\/revisions"}],"predecessor-version":[{"id":10104,"href":"https:\/\/mhcalculos.com.br\/noticias\/wp-json\/wp\/v2\/posts\/3469\/revisions\/10104"}],"wp:featuredmedia":[{"embeddable":true,"href":"https:\/\/mhcalculos.com.br\/noticias\/wp-json\/wp\/v2\/media\/3470"}],"wp:attachment":[{"href":"https:\/\/mhcalculos.com.br\/noticias\/wp-json\/wp\/v2\/media?parent=3469"}],"wp:term":[{"taxonomy":"category","embeddable":true,"href":"https:\/\/mhcalculos.com.br\/noticias\/wp-json\/wp\/v2\/categories?post=3469"},{"taxonomy":"post_tag","embeddable":true,"href":"https:\/\/mhcalculos.com.br\/noticias\/wp-json\/wp\/v2\/tags?post=3469"}],"curies":[{"name":"wp","href":"https:\/\/api.w.org\/{rel}","templated":true}]}}