{"id":3468,"date":"2018-12-13T15:00:16","date_gmt":"2018-12-13T17:00:16","guid":{"rendered":"https:\/\/mhcalculos.com.br\/noticias\/2018\/12\/13\/trf3-presidente-do-tribunal-e-condecorada-com-o-titulo-de-cidada-santista\/"},"modified":"2021-07-28T14:33:39","modified_gmt":"2021-07-28T17:33:39","slug":"trf3-presidente-do-tribunal-e-condecorada-com-o-titulo-de-cidada-santista","status":"publish","type":"post","link":"https:\/\/mhcalculos.com.br\/noticias\/area\/previdenciario\/trf3-presidente-do-tribunal-e-condecorada-com-o-titulo-de-cidada-santista.html","title":{"rendered":"TRF3: PRESIDENTE DO TRIBUNAL&nbsp;\u00c9 CONDECORADA COM O T\u00cdTULO DE CIDAD\u00c3 SANTISTA"},"content":{"rendered":"\n<div class=\"mat\">\n<p><em>Sess\u00e3o Solene na C\u00e2mara Municipal de Santos outorga o t\u00edtulo \u00e0 Desembargadora Federal Therezinha Cazerta <\/em><\/p>\n<p>A Presidente do Tribunal Regional Federal da 3.<sup>a <\/sup>Regi\u00e3o (TRF3), Desembargadora Federal Therezinha Cazerta, recebeu, na sexta-feira (7\/12), da C\u00e2mara Municipal de Santos o T\u00edtulo de Cidad\u00e3 Santista.<\/p>\n<p>Autor do projeto de decreto legislativo que homenageou a Magistrada, o Vereador Manoel Constantino entregou-lhe o t\u00edtulo durante Sess\u00e3o Solene no Plen\u00e1rio da Casa.<\/p>\n<p>Foi em Santos, em 1988, que a Presidente do TRF3 iniciou sua carreira na Magistratura Federal, e permaneceu na Subse\u00e7\u00e3o at\u00e9 ser promovida a Desembargadora Federal, em 1998.<\/p>\n<p>O Vereador lembrou que a Magistrada \u201ccultivou o amor incondicional pela terra da liberdade e da caridade, durante o tempo em que esteve em Santos, dando os primeiros passos de sua carreira brilhante\u201d.<\/p>\n<p>Em seu discurso, a Desembargadora Federal Therezinha Cazerta descreveu o contexto da instala\u00e7\u00e3o da Subse\u00e7\u00e3o Judici\u00e1ria de Santos: \u201cA vinda da Justi\u00e7a Federal para a Baixada Santista era aspira\u00e7\u00e3o antiga, pois se mostrava imperiosa, em raz\u00e3o das peculiaridades locais. O maior Porto da Am\u00e9rica Latina, movimentando diuturnamente milhares de toneladas de mercadorias importadas e exportadas, gerava, al\u00e9m das quest\u00f5es aduaneiras, o risco permanente ao meio ambiente, favorecendo vultosos e irrepar\u00e1veis danos \u00e0s \u00e1guas mar\u00edtimas, \u00e0 fauna e \u00e0 flora\u201d.<\/p>\n<p>Fez men\u00e7\u00e3o, ainda, a outras demandas espec\u00edficas vivenciadas ao longo dos anos experimentados em Santos, tais como as ocorr\u00eancias de tr\u00e2nsito irregular de bens, em crimes de contrabando e de descaminho, al\u00e9m do tr\u00e1fico internacional de entorpecentes, que exigiam a atua\u00e7\u00e3o r\u00e1pida da Justi\u00e7a, nas frequentes apreens\u00f5es levadas a afeito pela Pol\u00edcia Federal e pela Receita Federal.<\/p>\n<p>Tamb\u00e9m, \u00e0 atua\u00e7\u00e3o em feitos decorrentes da extensa \u00e1rea de terreno de marinha concentrada na orla da praia, definida pela linha da preamar m\u00e9dia de 1831, que gerava centenas de processos de alta complexidade.<\/p>\n<p>Citando os encantos da cidade, a Desembargadora Federal acredita que o grande volume de causas previdenci\u00e1rias na Subse\u00e7\u00e3o decorre \u201cda presen\u00e7a maci\u00e7a de aposentados, certamente atra\u00eddos pela apraz\u00edvel orla mar\u00edtima, a exibir o maior e mais belo jardim frontal de praia do mundo, reconhecido pelo Guinness World Records, onde acolhidos em suas caminhadas, domin\u00f3 e descanso, a admirar os navios fundeados na barra, entrando e saindo pelo canal, guiados pelos pr\u00e1ticos, degustando um Praiano e o chopinho do Heinz, depois passear de bonde pelo centro hist\u00f3rico, com sua riqueza arquitet\u00f4nica, destacando-se a Esta\u00e7\u00e3o do Valongo e a Bolsa do Caf\u00e9, dos gloriosos tempos de riqueza da p\u00e1tria, e ent\u00e3o subir o Monte Serrat de bondinho e se deslumbrar com a mais linda vista da mais bela cidade, e ainda assistir ao espet\u00e1culo do Peixe na Vila Belmiro. Sem falar no orquid\u00e1rio do Z\u00e9 Menino, que reproduz a Mata Atl\u00e2ntica e abriga cerca de 3.500 orqu\u00eddeas, e o Aqu\u00e1rio da Ponta da Praia, o mais antigo do mundo, segundo o Guiness Book, com seus pinguins, tartarugas, tubar\u00f5es, le\u00f5es e lobos-marinhos\u201d.<\/p>\n<p>A Magistrada ainda relembrou um curioso e marcante caso de sua jornada na maior subse\u00e7\u00e3o judici\u00e1ria do litoral paulista: \u201cComo me esquecer do processo em que atuei, quando, ap\u00f3s a morte do le\u00e3o-marinho Maca\u00e9, veio encalhar na praia o pequeno lobo- marinho, logo apelidado Macaezinho, levado ao Aqu\u00e1rio para assumir o tanque onde vivera Maca\u00e9. A\u00e7\u00e3o ajuizada para que o mam\u00edfero pin\u00edpede fosse devolvido ao seu habitat, realizei a primeira inspe\u00e7\u00e3o judicial de minha carreira. Ao final, o animalzinho foi mantido no aqu\u00e1rio, para alegria da crian\u00e7ada, onde viveu at\u00e9 a morte, aos 16 anos; hoje, exposto, juntamente com Maca\u00e9, taxidermizados, no Museu da Pesca\u201d.<\/p>\n<p>E concluiu: \u201cFui feliz nos 10 anos que vivi em Santos, como em nenhum outro lugar. Aqui fiz amigos valiosos, que conservo at\u00e9 hoje. Por mim, daqui n\u00e3o sairia jamais, mas fui seguir carreira. Sa\u00ed de Santos, mas Santos n\u00e3o saiu de mim\u201d.<\/p>\n<p>A Sess\u00e3o Solene foi comandada pelo Presidente da C\u00e2mara Municipal, Vereador Adilson dos Santos J\u00fanior, e teve em sua mesa de honra, al\u00e9m da Presidente do TRF3 e do Vereador Manoel Constantino, a Procuradora-Geral do Munic\u00edpio de Santos, Renata Arraes Lopes Cardoso, representando o Prefeito Paulo Alexandre Barbosa; o Desembargador Jos\u00e9 Henrique Arantes Theodoro, do Tribunal de Justi\u00e7a do Estado de S\u00e3o Paulo (TJSP); e o Presidente da Subse\u00e7\u00e3o de Santos da Ordem dos Advogados do Brasil (OAB), Luiz Fernando Afonso Rodrigues, representando o Presidente da OAB S\u00e3o Paulo, Marcos da Costa.<\/p>\n<p>Tamb\u00e9m estiveram presentes \u00e0 solenidade o Vice-Presidente do TRF3, Desembargador Federal Nery J\u00fanior, e a Desembargadora Federal Ana Pezarini; a Desembargadora Federal aposentada Vera Jucovsky; o Desembargador do TJSP Jo\u00e3o Alberto Pezarini; a Ju\u00edza Federal em Aux\u00edlio \u00e0 Presid\u00eancia do TRF3, Raquel Perrini; o Vice-Diretor da Se\u00e7\u00e3o Judici\u00e1ria de S\u00e3o Paulo no interior, Juiz Federal D\u00e9cio Gabriel Gimenez; a Diretora da Subse\u00e7\u00e3o Judici\u00e1ria de Santos, Ju\u00edza Federal Alessandra Nuyens Aguiar Aranha; e os Ju\u00edzes Federais da Se\u00e7\u00e3o Judici\u00e1ria de S\u00e3o Paulo Audrey Gasparini, Lesley Gasparini, Val\u00e9ria Cabas Franco, Jos\u00e9 Denilson Branco e Alexandre Berzosa Saliba.<\/p>\n<p><strong>30 anos de Justi\u00e7a Federal em Santos<\/strong><\/p>\n<p>No dia 30 de novembro, a Desembargadora Federal Therezinha Cazerta tamb\u00e9m foi homenageada em Santos, por ocasi\u00e3o da solenidade de comemora\u00e7\u00e3o dos 30 anos da instala\u00e7\u00e3o da Justi\u00e7a Federal na cidade. Outros magistrados e servidores que fizeram parte da hist\u00f3ria do F\u00f3rum foram igualmente lembrados.<\/p>\n<p>A Presidente do TRF3 relembrou a cria\u00e7\u00e3o da Subse\u00e7\u00e3o de Santos, da qual foi uma das primeiras ju\u00edzas: \u201cFoi uma grande uni\u00e3o. Muita gente queria ver a Justi\u00e7a Federal funcionando em Santos e deu certo. \u00c9 uma Justi\u00e7a forte, empenhada e muito operosa\u201d.<\/p>\n<table width=\"200\" align=\"center\" border=\"0\" cellspacing=\"0\" cellpadding=\"0\">\n<tbody>\n<tr>\n<td><span><span><span>Fotos:\u00a0ACOM\/TRF3<\/span><\/span><\/span><\/td>\n<\/tr>\n<tr>\n<td><span><img decoding=\"async\" width=\"550\" height=\"412\" alt=\"\" data-src=\"http:\/\/web.trf3.jus.br\/noticias\/uploaddir\/image\/2018\/dezembro\/Cidad%C3%A3%20Santista\/c%20santista%20-%201.jpg\" src=\"data:image\/svg+xml;base64,PHN2ZyB3aWR0aD0iMSIgaGVpZ2h0PSIxIiB4bWxucz0iaHR0cDovL3d3dy53My5vcmcvMjAwMC9zdmciPjwvc3ZnPg==\" class=\"lazyload\" style=\"--smush-placeholder-width: 550px; --smush-placeholder-aspect-ratio: 550\/412;\"><\/span><\/td>\n<\/tr>\n<tr>\n<td><span><span>Presidente do TRF3 discursa durante a Solenidade na C\u00e2mara Municipal de Santos<\/span><\/span><\/td>\n<\/tr>\n<tr>\n<td><span><img decoding=\"async\" width=\"550\" height=\"367\" alt=\"\" data-src=\"http:\/\/web.trf3.jus.br\/noticias\/uploaddir\/image\/2018\/dezembro\/Cidad%C3%A3%20Santista\/c%20santista%20-%202.JPG\" src=\"data:image\/svg+xml;base64,PHN2ZyB3aWR0aD0iMSIgaGVpZ2h0PSIxIiB4bWxucz0iaHR0cDovL3d3dy53My5vcmcvMjAwMC9zdmciPjwvc3ZnPg==\" class=\"lazyload\" style=\"--smush-placeholder-width: 550px; --smush-placeholder-aspect-ratio: 550\/367;\"><\/span><\/td>\n<\/tr>\n<tr>\n<td> <span>              <\/p>\n<p><span>Vereador Manoel Constantino, Desembargadora Federal Therezinha Cazerta, Procuradora\u00a0Renata Arraes Lopes Cardoso, Vereador Adilson dos Santos J\u00fanior, Presidente da OAB-Santos Luiz Fernando Afonso Rodrigues e Desembargador Jos\u00e9 Henrique Arantes Theodoro<\/span><\/p>\n<p>              <\/span><font face=\"Times New Roman\">              <\/p>\n<p>\u00a0<\/p>\n<p>              <\/font> <\/td>\n<\/tr>\n<tr>\n<td><img decoding=\"async\" width=\"550\" height=\"367\" alt=\"\" data-src=\"http:\/\/web.trf3.jus.br\/noticias\/uploaddir\/image\/2018\/dezembro\/Cidad%C3%A3%20Santista\/c%20santista%20-%203.JPG\" src=\"data:image\/svg+xml;base64,PHN2ZyB3aWR0aD0iMSIgaGVpZ2h0PSIxIiB4bWxucz0iaHR0cDovL3d3dy53My5vcmcvMjAwMC9zdmciPjwvc3ZnPg==\" class=\"lazyload\" style=\"--smush-placeholder-width: 550px; --smush-placeholder-aspect-ratio: 550\/367;\"><\/td>\n<\/tr>\n<tr>\n<td><span><span>Juiz Federal Alexandre Berzosa Saliba, Desembargadora Federal Therezinha Cazerta e Vereador Manoel Constantino <\/span><\/span><\/td>\n<\/tr>\n<tr>\n<td><img decoding=\"async\" width=\"550\" height=\"412\" alt=\"\" data-src=\"http:\/\/web.trf3.jus.br\/noticias\/uploaddir\/image\/2018\/dezembro\/Cidad%C3%A3%20Santista\/c%20santista%20-%205.JPG\" src=\"data:image\/svg+xml;base64,PHN2ZyB3aWR0aD0iMSIgaGVpZ2h0PSIxIiB4bWxucz0iaHR0cDovL3d3dy53My5vcmcvMjAwMC9zdmciPjwvc3ZnPg==\" class=\"lazyload\" style=\"--smush-placeholder-width: 550px; --smush-placeholder-aspect-ratio: 550\/412;\"><\/td>\n<\/tr>\n<tr>\n<td><span><span>Presidente do TRF3 concede entrevista antes da Solenidade<\/span><\/span><\/td>\n<\/tr>\n<\/tbody>\n<\/table>\n<p>\u00a0<\/p>\n<p>  \u00a0<\/p>\n<\/p><\/div>\n<p><i>Com informa\u00e7\u00f5es da assessoria de imprensa do TRF3.<\/i><br \/>\n<br \/><a href=\"http:\/\/web.trf3.jus.br\/noticias\/Noticias\/Noticia\/Exibir\/376016\">Fonte<\/a><br \/>\n<br \/><\/p>\n","protected":false},"excerpt":{"rendered":"<p>Sess\u00e3o Solene na C\u00e2mara Municipal de Santos outorga o t\u00edtulo \u00e0 Desembargadora Federal Therezinha Cazerta A Presidente do Tribunal Regional Federal da 3.a Regi\u00e3o (TRF3), Desembargadora Federal Therezinha Cazerta, recebeu, na sexta-feira (7\/12), da C\u00e2mara Municipal de Santos o T\u00edtulo de Cidad\u00e3 Santista. Autor do projeto de decreto legislativo que homenageou a Magistrada, o Vereador [&hellip;]<\/p>\n","protected":false},"author":3063,"featured_media":2914,"comment_status":"open","ping_status":"open","sticky":false,"template":"","format":"standard","meta":{"footnotes":""},"categories":[5,110],"tags":[32,31,42,30,29,213,9,152,218,214],"class_list":{"0":"post-3468","1":"post","2":"type-post","3":"status-publish","4":"format-standard","5":"has-post-thumbnail","7":"category-previdenciario","8":"category-trf3","9":"tag-calculos-judiciais","10":"tag-calculos-tributarios","11":"tag-direito-tributario","12":"tag-divida-ativa","13":"tag-fazenda-publica","14":"tag-imposto","15":"tag-pericia","16":"tag-trf3","17":"tag-tribunal-regional-federal","18":"tag-tributo"},"yoast_head":"<!-- This site is optimized with the Yoast SEO plugin v27.2 - https:\/\/yoast.com\/product\/yoast-seo-wordpress\/ -->\n<title>TRF3: PRESIDENTE DO TRIBUNAL&nbsp;\u00c9 CONDECORADA COM O T\u00cdTULO DE CIDAD\u00c3 SANTISTA | Portal de Not\u00edcias<\/title>\n<meta name=\"robots\" content=\"index, follow, max-snippet:-1, max-image-preview:large, max-video-preview:-1\" \/>\n<link rel=\"canonical\" href=\"https:\/\/mhcalculos.com.br\/noticias\/area\/previdenciario\/trf3-presidente-do-tribunal-e-condecorada-com-o-titulo-de-cidada-santista.html\" \/>\n<meta property=\"og:locale\" content=\"pt_BR\" \/>\n<meta property=\"og:type\" content=\"article\" \/>\n<meta property=\"og:title\" content=\"TRF3: PRESIDENTE DO TRIBUNAL&nbsp;\u00c9 CONDECORADA COM O T\u00cdTULO DE CIDAD\u00c3 SANTISTA | Portal de Not\u00edcias\" \/>\n<meta property=\"og:description\" content=\"Sess\u00e3o Solene na C\u00e2mara Municipal de Santos outorga o t\u00edtulo \u00e0 Desembargadora Federal Therezinha Cazerta A Presidente do Tribunal Regional Federal da 3.a Regi\u00e3o (TRF3), Desembargadora Federal Therezinha Cazerta, recebeu, na sexta-feira (7\/12), da C\u00e2mara Municipal de Santos o T\u00edtulo de Cidad\u00e3 Santista. Autor do projeto de decreto legislativo que homenageou a Magistrada, o Vereador [&hellip;]\" \/>\n<meta property=\"og:url\" content=\"https:\/\/mhcalculos.com.br\/noticias\/area\/previdenciario\/trf3-presidente-do-tribunal-e-condecorada-com-o-titulo-de-cidada-santista.html\" \/>\n<meta property=\"og:site_name\" content=\"Portal de Not\u00edcias\" \/>\n<meta property=\"article:published_time\" content=\"2018-12-13T17:00:16+00:00\" \/>\n<meta property=\"article:modified_time\" content=\"2021-07-28T17:33:39+00:00\" \/>\n<meta property=\"og:image\" content=\"https:\/\/mhcalculos.com.br\/noticias\/wp-content\/uploads\/sites\/2\/2018\/08\/tributario-0039.jpg\" \/>\n\t<meta property=\"og:image:width\" content=\"2000\" \/>\n\t<meta property=\"og:image:height\" content=\"800\" \/>\n\t<meta property=\"og:image:type\" content=\"image\/jpeg\" \/>\n<meta name=\"author\" content=\"Equipe MH\" \/>\n<meta name=\"twitter:card\" content=\"summary_large_image\" \/>\n<meta name=\"twitter:label1\" content=\"Escrito por\" \/>\n\t<meta name=\"twitter:data1\" content=\"Equipe MH\" \/>\n\t<meta name=\"twitter:label2\" content=\"Est. tempo de leitura\" \/>\n\t<meta name=\"twitter:data2\" content=\"5 minutos\" \/>\n<script type=\"application\/ld+json\" class=\"yoast-schema-graph\">{\"@context\":\"https:\/\/schema.org\",\"@graph\":[{\"@type\":\"Article\",\"@id\":\"https:\/\/mhcalculos.com.br\/noticias\/area\/previdenciario\/trf3-presidente-do-tribunal-e-condecorada-com-o-titulo-de-cidada-santista.html#article\",\"isPartOf\":{\"@id\":\"https:\/\/mhcalculos.com.br\/noticias\/area\/previdenciario\/trf3-presidente-do-tribunal-e-condecorada-com-o-titulo-de-cidada-santista.html\"},\"author\":{\"name\":\"Equipe MH\",\"@id\":\"https:\/\/mhcalculos.com.br\/noticias\/#\/schema\/person\/88d1c34bf72dc779ea14a5a6b8e0ae8d\"},\"headline\":\"TRF3: PRESIDENTE DO TRIBUNAL&nbsp;\u00c9 CONDECORADA COM O T\u00cdTULO DE CIDAD\u00c3 SANTISTA\",\"datePublished\":\"2018-12-13T17:00:16+00:00\",\"dateModified\":\"2021-07-28T17:33:39+00:00\",\"mainEntityOfPage\":{\"@id\":\"https:\/\/mhcalculos.com.br\/noticias\/area\/previdenciario\/trf3-presidente-do-tribunal-e-condecorada-com-o-titulo-de-cidada-santista.html\"},\"wordCount\":1092,\"commentCount\":0,\"image\":{\"@id\":\"https:\/\/mhcalculos.com.br\/noticias\/area\/previdenciario\/trf3-presidente-do-tribunal-e-condecorada-com-o-titulo-de-cidada-santista.html#primaryimage\"},\"thumbnailUrl\":\"https:\/\/mhcalculos.com.br\/noticias\/wp-content\/uploads\/sites\/2\/2018\/08\/tributario-0039.jpg\",\"keywords\":[\"c\u00e1lculos judiciais\",\"c\u00e1lculos tribut\u00e1rios\",\"direito tribut\u00e1rio\",\"d\u00edvida ativa\",\"fazenda p\u00fablica\",\"Imposto\",\"per\u00edcia\",\"trf3\",\"Tribunal Regional Federal\",\"tributo\"],\"articleSection\":[\"Direito Previdenci\u00e1rio\",\"TRF3\"],\"inLanguage\":\"pt-BR\",\"potentialAction\":[{\"@type\":\"CommentAction\",\"name\":\"Comment\",\"target\":[\"https:\/\/mhcalculos.com.br\/noticias\/area\/previdenciario\/trf3-presidente-do-tribunal-e-condecorada-com-o-titulo-de-cidada-santista.html#respond\"]}]},{\"@type\":\"WebPage\",\"@id\":\"https:\/\/mhcalculos.com.br\/noticias\/area\/previdenciario\/trf3-presidente-do-tribunal-e-condecorada-com-o-titulo-de-cidada-santista.html\",\"url\":\"https:\/\/mhcalculos.com.br\/noticias\/area\/previdenciario\/trf3-presidente-do-tribunal-e-condecorada-com-o-titulo-de-cidada-santista.html\",\"name\":\"TRF3: PRESIDENTE DO TRIBUNAL&nbsp;\u00c9 CONDECORADA COM O T\u00cdTULO DE CIDAD\u00c3 SANTISTA | Portal de Not\u00edcias\",\"isPartOf\":{\"@id\":\"https:\/\/mhcalculos.com.br\/noticias\/#website\"},\"primaryImageOfPage\":{\"@id\":\"https:\/\/mhcalculos.com.br\/noticias\/area\/previdenciario\/trf3-presidente-do-tribunal-e-condecorada-com-o-titulo-de-cidada-santista.html#primaryimage\"},\"image\":{\"@id\":\"https:\/\/mhcalculos.com.br\/noticias\/area\/previdenciario\/trf3-presidente-do-tribunal-e-condecorada-com-o-titulo-de-cidada-santista.html#primaryimage\"},\"thumbnailUrl\":\"https:\/\/mhcalculos.com.br\/noticias\/wp-content\/uploads\/sites\/2\/2018\/08\/tributario-0039.jpg\",\"datePublished\":\"2018-12-13T17:00:16+00:00\",\"dateModified\":\"2021-07-28T17:33:39+00:00\",\"author\":{\"@id\":\"https:\/\/mhcalculos.com.br\/noticias\/#\/schema\/person\/88d1c34bf72dc779ea14a5a6b8e0ae8d\"},\"breadcrumb\":{\"@id\":\"https:\/\/mhcalculos.com.br\/noticias\/area\/previdenciario\/trf3-presidente-do-tribunal-e-condecorada-com-o-titulo-de-cidada-santista.html#breadcrumb\"},\"inLanguage\":\"pt-BR\",\"potentialAction\":[{\"@type\":\"ReadAction\",\"target\":[\"https:\/\/mhcalculos.com.br\/noticias\/area\/previdenciario\/trf3-presidente-do-tribunal-e-condecorada-com-o-titulo-de-cidada-santista.html\"]}]},{\"@type\":\"ImageObject\",\"inLanguage\":\"pt-BR\",\"@id\":\"https:\/\/mhcalculos.com.br\/noticias\/area\/previdenciario\/trf3-presidente-do-tribunal-e-condecorada-com-o-titulo-de-cidada-santista.html#primaryimage\",\"url\":\"https:\/\/mhcalculos.com.br\/noticias\/wp-content\/uploads\/sites\/2\/2018\/08\/tributario-0039.jpg\",\"contentUrl\":\"https:\/\/mhcalculos.com.br\/noticias\/wp-content\/uploads\/sites\/2\/2018\/08\/tributario-0039.jpg\",\"width\":2000,\"height\":800},{\"@type\":\"BreadcrumbList\",\"@id\":\"https:\/\/mhcalculos.com.br\/noticias\/area\/previdenciario\/trf3-presidente-do-tribunal-e-condecorada-com-o-titulo-de-cidada-santista.html#breadcrumb\",\"itemListElement\":[{\"@type\":\"ListItem\",\"position\":1,\"name\":\"In\u00edcio\",\"item\":\"https:\/\/mhcalculos.com.br\/noticias\/\"},{\"@type\":\"ListItem\",\"position\":2,\"name\":\"TRF3: PRESIDENTE DO TRIBUNAL&nbsp;\u00c9 CONDECORADA COM O T\u00cdTULO DE CIDAD\u00c3 SANTISTA\"}]},{\"@type\":\"WebSite\",\"@id\":\"https:\/\/mhcalculos.com.br\/noticias\/#website\",\"url\":\"https:\/\/mhcalculos.com.br\/noticias\/\",\"name\":\"Portal de Not\u00edcias\",\"description\":\"Not\u00edcias e Jurisprud\u00eancia\",\"potentialAction\":[{\"@type\":\"SearchAction\",\"target\":{\"@type\":\"EntryPoint\",\"urlTemplate\":\"https:\/\/mhcalculos.com.br\/noticias\/?s={search_term_string}\"},\"query-input\":{\"@type\":\"PropertyValueSpecification\",\"valueRequired\":true,\"valueName\":\"search_term_string\"}}],\"inLanguage\":\"pt-BR\"},{\"@type\":\"Person\",\"@id\":\"https:\/\/mhcalculos.com.br\/noticias\/#\/schema\/person\/88d1c34bf72dc779ea14a5a6b8e0ae8d\",\"name\":\"Equipe MH\",\"image\":{\"@type\":\"ImageObject\",\"inLanguage\":\"pt-BR\",\"@id\":\"https:\/\/secure.gravatar.com\/avatar\/de1c686c2ecc9c5a3f327e3431d819eb39f8f05d4e1045f5a1caad6daaba987f?s=96&d=mm&r=g\",\"url\":\"https:\/\/secure.gravatar.com\/avatar\/de1c686c2ecc9c5a3f327e3431d819eb39f8f05d4e1045f5a1caad6daaba987f?s=96&d=mm&r=g\",\"contentUrl\":\"https:\/\/secure.gravatar.com\/avatar\/de1c686c2ecc9c5a3f327e3431d819eb39f8f05d4e1045f5a1caad6daaba987f?s=96&d=mm&r=g\",\"caption\":\"Equipe MH\"}}]}<\/script>\n<!-- \/ Yoast SEO plugin. -->","yoast_head_json":{"title":"TRF3: PRESIDENTE DO TRIBUNAL&nbsp;\u00c9 CONDECORADA COM O T\u00cdTULO DE CIDAD\u00c3 SANTISTA | Portal de Not\u00edcias","robots":{"index":"index","follow":"follow","max-snippet":"max-snippet:-1","max-image-preview":"max-image-preview:large","max-video-preview":"max-video-preview:-1"},"canonical":"https:\/\/mhcalculos.com.br\/noticias\/area\/previdenciario\/trf3-presidente-do-tribunal-e-condecorada-com-o-titulo-de-cidada-santista.html","og_locale":"pt_BR","og_type":"article","og_title":"TRF3: PRESIDENTE DO TRIBUNAL&nbsp;\u00c9 CONDECORADA COM O T\u00cdTULO DE CIDAD\u00c3 SANTISTA | Portal de Not\u00edcias","og_description":"Sess\u00e3o Solene na C\u00e2mara Municipal de Santos outorga o t\u00edtulo \u00e0 Desembargadora Federal Therezinha Cazerta A Presidente do Tribunal Regional Federal da 3.a Regi\u00e3o (TRF3), Desembargadora Federal Therezinha Cazerta, recebeu, na sexta-feira (7\/12), da C\u00e2mara Municipal de Santos o T\u00edtulo de Cidad\u00e3 Santista. Autor do projeto de decreto legislativo que homenageou a Magistrada, o Vereador [&hellip;]","og_url":"https:\/\/mhcalculos.com.br\/noticias\/area\/previdenciario\/trf3-presidente-do-tribunal-e-condecorada-com-o-titulo-de-cidada-santista.html","og_site_name":"Portal de Not\u00edcias","article_published_time":"2018-12-13T17:00:16+00:00","article_modified_time":"2021-07-28T17:33:39+00:00","og_image":[{"width":2000,"height":800,"url":"https:\/\/mhcalculos.com.br\/noticias\/wp-content\/uploads\/sites\/2\/2018\/08\/tributario-0039.jpg","type":"image\/jpeg"}],"author":"Equipe MH","twitter_card":"summary_large_image","twitter_misc":{"Escrito por":"Equipe MH","Est. tempo de leitura":"5 minutos"},"schema":{"@context":"https:\/\/schema.org","@graph":[{"@type":"Article","@id":"https:\/\/mhcalculos.com.br\/noticias\/area\/previdenciario\/trf3-presidente-do-tribunal-e-condecorada-com-o-titulo-de-cidada-santista.html#article","isPartOf":{"@id":"https:\/\/mhcalculos.com.br\/noticias\/area\/previdenciario\/trf3-presidente-do-tribunal-e-condecorada-com-o-titulo-de-cidada-santista.html"},"author":{"name":"Equipe MH","@id":"https:\/\/mhcalculos.com.br\/noticias\/#\/schema\/person\/88d1c34bf72dc779ea14a5a6b8e0ae8d"},"headline":"TRF3: PRESIDENTE DO TRIBUNAL&nbsp;\u00c9 CONDECORADA COM O T\u00cdTULO DE CIDAD\u00c3 SANTISTA","datePublished":"2018-12-13T17:00:16+00:00","dateModified":"2021-07-28T17:33:39+00:00","mainEntityOfPage":{"@id":"https:\/\/mhcalculos.com.br\/noticias\/area\/previdenciario\/trf3-presidente-do-tribunal-e-condecorada-com-o-titulo-de-cidada-santista.html"},"wordCount":1092,"commentCount":0,"image":{"@id":"https:\/\/mhcalculos.com.br\/noticias\/area\/previdenciario\/trf3-presidente-do-tribunal-e-condecorada-com-o-titulo-de-cidada-santista.html#primaryimage"},"thumbnailUrl":"https:\/\/mhcalculos.com.br\/noticias\/wp-content\/uploads\/sites\/2\/2018\/08\/tributario-0039.jpg","keywords":["c\u00e1lculos judiciais","c\u00e1lculos tribut\u00e1rios","direito tribut\u00e1rio","d\u00edvida ativa","fazenda p\u00fablica","Imposto","per\u00edcia","trf3","Tribunal Regional Federal","tributo"],"articleSection":["Direito Previdenci\u00e1rio","TRF3"],"inLanguage":"pt-BR","potentialAction":[{"@type":"CommentAction","name":"Comment","target":["https:\/\/mhcalculos.com.br\/noticias\/area\/previdenciario\/trf3-presidente-do-tribunal-e-condecorada-com-o-titulo-de-cidada-santista.html#respond"]}]},{"@type":"WebPage","@id":"https:\/\/mhcalculos.com.br\/noticias\/area\/previdenciario\/trf3-presidente-do-tribunal-e-condecorada-com-o-titulo-de-cidada-santista.html","url":"https:\/\/mhcalculos.com.br\/noticias\/area\/previdenciario\/trf3-presidente-do-tribunal-e-condecorada-com-o-titulo-de-cidada-santista.html","name":"TRF3: PRESIDENTE DO TRIBUNAL&nbsp;\u00c9 CONDECORADA COM O T\u00cdTULO DE CIDAD\u00c3 SANTISTA | Portal de Not\u00edcias","isPartOf":{"@id":"https:\/\/mhcalculos.com.br\/noticias\/#website"},"primaryImageOfPage":{"@id":"https:\/\/mhcalculos.com.br\/noticias\/area\/previdenciario\/trf3-presidente-do-tribunal-e-condecorada-com-o-titulo-de-cidada-santista.html#primaryimage"},"image":{"@id":"https:\/\/mhcalculos.com.br\/noticias\/area\/previdenciario\/trf3-presidente-do-tribunal-e-condecorada-com-o-titulo-de-cidada-santista.html#primaryimage"},"thumbnailUrl":"https:\/\/mhcalculos.com.br\/noticias\/wp-content\/uploads\/sites\/2\/2018\/08\/tributario-0039.jpg","datePublished":"2018-12-13T17:00:16+00:00","dateModified":"2021-07-28T17:33:39+00:00","author":{"@id":"https:\/\/mhcalculos.com.br\/noticias\/#\/schema\/person\/88d1c34bf72dc779ea14a5a6b8e0ae8d"},"breadcrumb":{"@id":"https:\/\/mhcalculos.com.br\/noticias\/area\/previdenciario\/trf3-presidente-do-tribunal-e-condecorada-com-o-titulo-de-cidada-santista.html#breadcrumb"},"inLanguage":"pt-BR","potentialAction":[{"@type":"ReadAction","target":["https:\/\/mhcalculos.com.br\/noticias\/area\/previdenciario\/trf3-presidente-do-tribunal-e-condecorada-com-o-titulo-de-cidada-santista.html"]}]},{"@type":"ImageObject","inLanguage":"pt-BR","@id":"https:\/\/mhcalculos.com.br\/noticias\/area\/previdenciario\/trf3-presidente-do-tribunal-e-condecorada-com-o-titulo-de-cidada-santista.html#primaryimage","url":"https:\/\/mhcalculos.com.br\/noticias\/wp-content\/uploads\/sites\/2\/2018\/08\/tributario-0039.jpg","contentUrl":"https:\/\/mhcalculos.com.br\/noticias\/wp-content\/uploads\/sites\/2\/2018\/08\/tributario-0039.jpg","width":2000,"height":800},{"@type":"BreadcrumbList","@id":"https:\/\/mhcalculos.com.br\/noticias\/area\/previdenciario\/trf3-presidente-do-tribunal-e-condecorada-com-o-titulo-de-cidada-santista.html#breadcrumb","itemListElement":[{"@type":"ListItem","position":1,"name":"In\u00edcio","item":"https:\/\/mhcalculos.com.br\/noticias\/"},{"@type":"ListItem","position":2,"name":"TRF3: PRESIDENTE DO TRIBUNAL&nbsp;\u00c9 CONDECORADA COM O T\u00cdTULO DE CIDAD\u00c3 SANTISTA"}]},{"@type":"WebSite","@id":"https:\/\/mhcalculos.com.br\/noticias\/#website","url":"https:\/\/mhcalculos.com.br\/noticias\/","name":"Portal de Not\u00edcias","description":"Not\u00edcias e Jurisprud\u00eancia","potentialAction":[{"@type":"SearchAction","target":{"@type":"EntryPoint","urlTemplate":"https:\/\/mhcalculos.com.br\/noticias\/?s={search_term_string}"},"query-input":{"@type":"PropertyValueSpecification","valueRequired":true,"valueName":"search_term_string"}}],"inLanguage":"pt-BR"},{"@type":"Person","@id":"https:\/\/mhcalculos.com.br\/noticias\/#\/schema\/person\/88d1c34bf72dc779ea14a5a6b8e0ae8d","name":"Equipe MH","image":{"@type":"ImageObject","inLanguage":"pt-BR","@id":"https:\/\/secure.gravatar.com\/avatar\/de1c686c2ecc9c5a3f327e3431d819eb39f8f05d4e1045f5a1caad6daaba987f?s=96&d=mm&r=g","url":"https:\/\/secure.gravatar.com\/avatar\/de1c686c2ecc9c5a3f327e3431d819eb39f8f05d4e1045f5a1caad6daaba987f?s=96&d=mm&r=g","contentUrl":"https:\/\/secure.gravatar.com\/avatar\/de1c686c2ecc9c5a3f327e3431d819eb39f8f05d4e1045f5a1caad6daaba987f?s=96&d=mm&r=g","caption":"Equipe MH"}}]}},"_links":{"self":[{"href":"https:\/\/mhcalculos.com.br\/noticias\/wp-json\/wp\/v2\/posts\/3468","targetHints":{"allow":["GET"]}}],"collection":[{"href":"https:\/\/mhcalculos.com.br\/noticias\/wp-json\/wp\/v2\/posts"}],"about":[{"href":"https:\/\/mhcalculos.com.br\/noticias\/wp-json\/wp\/v2\/types\/post"}],"author":[{"embeddable":true,"href":"https:\/\/mhcalculos.com.br\/noticias\/wp-json\/wp\/v2\/users\/3063"}],"replies":[{"embeddable":true,"href":"https:\/\/mhcalculos.com.br\/noticias\/wp-json\/wp\/v2\/comments?post=3468"}],"version-history":[{"count":1,"href":"https:\/\/mhcalculos.com.br\/noticias\/wp-json\/wp\/v2\/posts\/3468\/revisions"}],"predecessor-version":[{"id":10105,"href":"https:\/\/mhcalculos.com.br\/noticias\/wp-json\/wp\/v2\/posts\/3468\/revisions\/10105"}],"wp:featuredmedia":[{"embeddable":true,"href":"https:\/\/mhcalculos.com.br\/noticias\/wp-json\/wp\/v2\/media\/2914"}],"wp:attachment":[{"href":"https:\/\/mhcalculos.com.br\/noticias\/wp-json\/wp\/v2\/media?parent=3468"}],"wp:term":[{"taxonomy":"category","embeddable":true,"href":"https:\/\/mhcalculos.com.br\/noticias\/wp-json\/wp\/v2\/categories?post=3468"},{"taxonomy":"post_tag","embeddable":true,"href":"https:\/\/mhcalculos.com.br\/noticias\/wp-json\/wp\/v2\/tags?post=3468"}],"curies":[{"name":"wp","href":"https:\/\/api.w.org\/{rel}","templated":true}]}}