{"id":3453,"date":"2018-12-06T07:00:00","date_gmt":"2018-12-06T09:00:00","guid":{"rendered":"https:\/\/mhcalculos.com.br\/noticias\/2018\/12\/06\/tst-ect-indenizara-carteiro-motorizado-por-assaltos-sofridos\/"},"modified":"2021-07-28T14:33:43","modified_gmt":"2021-07-28T17:33:43","slug":"tst-ect-indenizara-carteiro-motorizado-por-assaltos-sofridos","status":"publish","type":"post","link":"https:\/\/mhcalculos.com.br\/noticias\/area\/trabalhista\/tst-ect-indenizara-carteiro-motorizado-por-assaltos-sofridos.html","title":{"rendered":"TST: ECT indenizar\u00e1 carteiro motorizado por assaltos sofridos"},"content":{"rendered":"<p><br \/>\n  <\/p>\n<p ><em>Os assaltos causaram abalo emocional no empregado, que fazia entregas de motocicleta.<\/em><\/p>\n<p >A Empresa Brasileira de Correios e Tel\u00e9grafos (ECT) ter\u00e1 de indenizar um carteiro motorizado que foi assaltado cinco vezes enquanto fazia entregas a clientes da empresa em S\u00e3o Paulo (SP). A Quinta Turma do Tribunal Superior do Trabalho seguiu a jurisprud\u00eancia segundo a qual os danos decorrentes de assaltos a carteiros motorizados autorizam a responsabiliza\u00e7\u00e3o objetiva da empresa. O valor da indeniza\u00e7\u00e3o foi fixado em R$ 10 mil.<\/p>\n<p ><strong>Constantes assaltos<\/strong><\/p>\n<p >Na a\u00e7\u00e3o trabalhista, o empregado alegou que os assaltos n\u00e3o foram fatos isolados, tendo em vista que os carteiros v\u00eam sendo v\u00edtimas desse tipo de a\u00e7\u00e3o repetidas vezes. Ele argumentou que transportava objetos de valor e visados por assaltantes, como tal\u00f5es de cheques, cart\u00f5es de cr\u00e9dito e aparelhos eletroeletr\u00f4nicos. Segundo ele, a ECT, apesar de ter conhecimento dos fatos, n\u00e3o procurou minimizar a situa\u00e7\u00e3o com medidas eficazes de seguran\u00e7a, \u201cdeixando-os \u00e0 pr\u00f3pria sorte\u201d.<\/p>\n<p ><strong>Abalo emocional<\/strong><\/p>\n<p >O ju\u00edzo de primeiro grau e o Tribunal Regional do Trabalho da 2\u00aa Regi\u00e3o (SP) julgaram improcedente o pedido de indeniza\u00e7\u00e3o. \u201cMesmo que a empresa providenciasse escolta armada para todos os carteiros, o que parece invi\u00e1vel, ainda assim n\u00e3o haveria garantias de que n\u00e3o ocorreriam os assaltos, pois \u00e9 not\u00f3rio que a viol\u00eancia urbana no Brasil chegou a limites intoler\u00e1veis e, infelizmente, todos os cidad\u00e3os est\u00e3o expostos a essa viol\u00eancia crescente\u201d, registrou o TRT.<\/p>\n<p ><strong>Teoria do risco<\/strong><\/p>\n<p >Ao examinar o recurso de revista do carteiro, o relator, ministro Douglas Alencar Rodrigues, observou que o Tribunal Regional entendeu tratar-se de fato de terceiro, o que exclui a responsabilidade da empregadora. Assim, seria necess\u00e1rio comprovar a sua conduta culposa para deferir a indeniza\u00e7\u00e3o.<\/p>\n<p >O ministro explicou, no entanto, que a insufici\u00eancia da teoria da culpabilidade para solucionar os in\u00fameros casos de v\u00edtimas de acidentes de trabalho levou \u00e0 cria\u00e7\u00e3o da teoria do risco, que responsabiliza o dono do neg\u00f3cio pelos riscos ou perigos que a atividade promova, ainda que adote medidas para evitar o dano. \u201cSendo o empregador respons\u00e1vel pela organiza\u00e7\u00e3o da atividade produtiva, beneficiando-se do lucro do empreendimento, nada mais razo\u00e1vel e justo do que lhe imputar a responsabilidade pelo ressarcimento ao empregado dos danos decorrentes de sua exposi\u00e7\u00e3o ao foco de risco, independentemente de cogita\u00e7\u00e3o acerca da imprud\u00eancia, neglig\u00eancia ou imper\u00edcia\u201d, afirmou.<\/p>\n<p ><strong>Precedentes<\/strong><\/p>\n<p >Em seu voto, o relator lembrou que, segundo precedentes do TST, a situa\u00e7\u00e3o analisada no processo autoriza a responsabiliza\u00e7\u00e3o objetiva da empresa.<\/p>\n<p ><strong>Indeniza\u00e7\u00e3o<\/strong><\/p>\n<p >Levando em conta a extens\u00e3o do dano, a frequ\u00eancia da atividade do trabalho, o porte econ\u00f4mico da empresa, o tempo de servi\u00e7o (cerca de 13 anos) e a veda\u00e7\u00e3o ao enriquecimento il\u00edcito e atendendo aos princ\u00edpios da razoabilidade e proporcionalidade e aos precedentes julgados no Tribunal, o relator considerou razo\u00e1vel a fixa\u00e7\u00e3o do valor indenizat\u00f3rio em R$ 10 mil. A pretens\u00e3o do empregado era receber 20 vezes o valor do \u00faltimo sal\u00e1rio.&nbsp;<\/p>\n<p >A decis\u00e3o foi un\u00e2nime.<\/p>\n<p >(MC\/CF)<\/p>\n<p >Processo:&nbsp;<a href=\"http:\/\/aplicacao4.tst.jus.br\/consultaProcessual\/consultaTstNumUnica.do;jsessionid=52CAE9B54CFA1A8C760B508169B70A45.vm653?conscsjt=&amp;numeroTst=1000701&amp;digitoTst=08&amp;anoTst=2015&amp;orgaoTst=5&amp;tribunalTst=02&amp;varaTst=0431&amp;consulta=Consultar\" target=\"_blank\" rel=\"noopener\">RR-1000701-08.2015.5.02.0431<\/a><\/p>\n<p> O TST possui oito Turmas, cada uma composta de tr\u00eas ministros, com a atribui\u00e7\u00e3o de analisar recursos de revista, agravos, agravos de instrumento, agravos regimentais e recursos ordin\u00e1rios em a\u00e7\u00e3o cautelar. Das decis\u00f5es das Turmas, a parte ainda pode, em alguns casos, recorrer \u00e0 Subse\u00e7\u00e3o I Especializada em Diss\u00eddios Individuais (SBDI-1). <strong>Esta mat\u00e9ria tem cunho meramente informativo.<br \/> Permitida a reprodu\u00e7\u00e3o mediante cita\u00e7\u00e3o da fonte.<br \/> Secretaria de Comunica\u00e7\u00e3o Social<br \/> <a href=\"http:\/\/www.tst.jus.br\/\" target=\"_blank\" rel=\"noopener\">Tribunal Superior do Trabalho<\/a><br \/> Tel. (61) 3043-4907<br \/> <a href=\"mailto:secom@tst.jus.br\" target=\"_blank\" rel=\"noopener\">secom@tst.jus.br<\/a><\/strong>       <\/br><br \/>\n<br \/><i>Com informa\u00e7\u00f5es da assessoria de imprensa do TST.<\/i><br \/>\n<br \/><a href=\"http:\/\/www.tst.jus.br\/web\/guest\/noticias?p_p_id=89Dk&#038;p_p_lifecycle=0&#038;refererPlid=10730&#038;_89Dk_struts_action=%2Fjournal_content%2Fview&#038;_89Dk_groupId=10157&#038;_89Dk_articleId=24750929\">Fonte<\/a><br \/>\n<br \/><\/p>\n","protected":false},"excerpt":{"rendered":"<p>Os assaltos causaram abalo emocional no empregado, que fazia entregas de motocicleta. A Empresa Brasileira de Correios e Tel\u00e9grafos (ECT) ter\u00e1 de indenizar um carteiro motorizado que foi assaltado cinco vezes enquanto fazia entregas a clientes da empresa em S\u00e3o Paulo (SP). A Quinta Turma do Tribunal Superior do Trabalho seguiu a jurisprud\u00eancia segundo a [&hellip;]<\/p>\n","protected":false},"author":3063,"featured_media":1904,"comment_status":"open","ping_status":"open","sticky":false,"template":"","format":"standard","meta":{"footnotes":""},"categories":[3,21],"tags":[33,216,9,12,217,215],"class_list":{"0":"post-3453","1":"post","2":"type-post","3":"status-publish","4":"format-standard","5":"has-post-thumbnail","7":"category-trabalhista","8":"category-tst","9":"tag-calculos-trabalhistas","10":"tag-direito-trabalhista","11":"tag-pericia","12":"tag-perito","13":"tag-trabalho","14":"tag-tst"},"yoast_head":"<!-- This site is optimized with the Yoast SEO plugin v27.2 - https:\/\/yoast.com\/product\/yoast-seo-wordpress\/ -->\n<title>TST: ECT indenizar\u00e1 carteiro motorizado por assaltos sofridos | Portal de Not\u00edcias<\/title>\n<meta name=\"robots\" content=\"index, follow, max-snippet:-1, max-image-preview:large, max-video-preview:-1\" \/>\n<link rel=\"canonical\" href=\"https:\/\/mhcalculos.com.br\/noticias\/area\/trabalhista\/tst-ect-indenizara-carteiro-motorizado-por-assaltos-sofridos.html\" \/>\n<meta property=\"og:locale\" content=\"pt_BR\" \/>\n<meta property=\"og:type\" content=\"article\" \/>\n<meta property=\"og:title\" content=\"TST: ECT indenizar\u00e1 carteiro motorizado por assaltos sofridos | Portal de Not\u00edcias\" \/>\n<meta property=\"og:description\" content=\"Os assaltos causaram abalo emocional no empregado, que fazia entregas de motocicleta. A Empresa Brasileira de Correios e Tel\u00e9grafos (ECT) ter\u00e1 de indenizar um carteiro motorizado que foi assaltado cinco vezes enquanto fazia entregas a clientes da empresa em S\u00e3o Paulo (SP). A Quinta Turma do Tribunal Superior do Trabalho seguiu a jurisprud\u00eancia segundo a [&hellip;]\" \/>\n<meta property=\"og:url\" content=\"https:\/\/mhcalculos.com.br\/noticias\/area\/trabalhista\/tst-ect-indenizara-carteiro-motorizado-por-assaltos-sofridos.html\" \/>\n<meta property=\"og:site_name\" content=\"Portal de Not\u00edcias\" \/>\n<meta property=\"article:published_time\" content=\"2018-12-06T09:00:00+00:00\" \/>\n<meta property=\"article:modified_time\" content=\"2021-07-28T17:33:43+00:00\" \/>\n<meta property=\"og:image\" content=\"https:\/\/mhcalculos.com.br\/noticias\/wp-content\/uploads\/sites\/2\/2018\/06\/trabalhista-0006.jpg\" \/>\n\t<meta property=\"og:image:width\" content=\"2000\" \/>\n\t<meta property=\"og:image:height\" content=\"800\" \/>\n\t<meta property=\"og:image:type\" content=\"image\/jpeg\" \/>\n<meta name=\"author\" content=\"Equipe MH\" \/>\n<meta name=\"twitter:card\" content=\"summary_large_image\" \/>\n<meta name=\"twitter:label1\" content=\"Escrito por\" \/>\n\t<meta name=\"twitter:data1\" content=\"Equipe MH\" \/>\n\t<meta name=\"twitter:label2\" content=\"Est. tempo de leitura\" \/>\n\t<meta name=\"twitter:data2\" content=\"3 minutos\" \/>\n<script type=\"application\/ld+json\" class=\"yoast-schema-graph\">{\"@context\":\"https:\/\/schema.org\",\"@graph\":[{\"@type\":\"Article\",\"@id\":\"https:\/\/mhcalculos.com.br\/noticias\/area\/trabalhista\/tst-ect-indenizara-carteiro-motorizado-por-assaltos-sofridos.html#article\",\"isPartOf\":{\"@id\":\"https:\/\/mhcalculos.com.br\/noticias\/area\/trabalhista\/tst-ect-indenizara-carteiro-motorizado-por-assaltos-sofridos.html\"},\"author\":{\"name\":\"Equipe MH\",\"@id\":\"https:\/\/mhcalculos.com.br\/noticias\/#\/schema\/person\/88d1c34bf72dc779ea14a5a6b8e0ae8d\"},\"headline\":\"TST: ECT indenizar\u00e1 carteiro motorizado por assaltos sofridos\",\"datePublished\":\"2018-12-06T09:00:00+00:00\",\"dateModified\":\"2021-07-28T17:33:43+00:00\",\"mainEntityOfPage\":{\"@id\":\"https:\/\/mhcalculos.com.br\/noticias\/area\/trabalhista\/tst-ect-indenizara-carteiro-motorizado-por-assaltos-sofridos.html\"},\"wordCount\":648,\"commentCount\":0,\"image\":{\"@id\":\"https:\/\/mhcalculos.com.br\/noticias\/area\/trabalhista\/tst-ect-indenizara-carteiro-motorizado-por-assaltos-sofridos.html#primaryimage\"},\"thumbnailUrl\":\"https:\/\/mhcalculos.com.br\/noticias\/wp-content\/uploads\/sites\/2\/2018\/06\/trabalhista-0006.jpg\",\"keywords\":[\"c\u00e1lculos trabalhistas\",\"direito trabalhista\",\"per\u00edcia\",\"perito\",\"trabalho\",\"TST\"],\"articleSection\":[\"Direito Trabalhista\",\"TST\"],\"inLanguage\":\"pt-BR\",\"potentialAction\":[{\"@type\":\"CommentAction\",\"name\":\"Comment\",\"target\":[\"https:\/\/mhcalculos.com.br\/noticias\/area\/trabalhista\/tst-ect-indenizara-carteiro-motorizado-por-assaltos-sofridos.html#respond\"]}]},{\"@type\":\"WebPage\",\"@id\":\"https:\/\/mhcalculos.com.br\/noticias\/area\/trabalhista\/tst-ect-indenizara-carteiro-motorizado-por-assaltos-sofridos.html\",\"url\":\"https:\/\/mhcalculos.com.br\/noticias\/area\/trabalhista\/tst-ect-indenizara-carteiro-motorizado-por-assaltos-sofridos.html\",\"name\":\"TST: ECT indenizar\u00e1 carteiro motorizado por assaltos sofridos | Portal de Not\u00edcias\",\"isPartOf\":{\"@id\":\"https:\/\/mhcalculos.com.br\/noticias\/#website\"},\"primaryImageOfPage\":{\"@id\":\"https:\/\/mhcalculos.com.br\/noticias\/area\/trabalhista\/tst-ect-indenizara-carteiro-motorizado-por-assaltos-sofridos.html#primaryimage\"},\"image\":{\"@id\":\"https:\/\/mhcalculos.com.br\/noticias\/area\/trabalhista\/tst-ect-indenizara-carteiro-motorizado-por-assaltos-sofridos.html#primaryimage\"},\"thumbnailUrl\":\"https:\/\/mhcalculos.com.br\/noticias\/wp-content\/uploads\/sites\/2\/2018\/06\/trabalhista-0006.jpg\",\"datePublished\":\"2018-12-06T09:00:00+00:00\",\"dateModified\":\"2021-07-28T17:33:43+00:00\",\"author\":{\"@id\":\"https:\/\/mhcalculos.com.br\/noticias\/#\/schema\/person\/88d1c34bf72dc779ea14a5a6b8e0ae8d\"},\"breadcrumb\":{\"@id\":\"https:\/\/mhcalculos.com.br\/noticias\/area\/trabalhista\/tst-ect-indenizara-carteiro-motorizado-por-assaltos-sofridos.html#breadcrumb\"},\"inLanguage\":\"pt-BR\",\"potentialAction\":[{\"@type\":\"ReadAction\",\"target\":[\"https:\/\/mhcalculos.com.br\/noticias\/area\/trabalhista\/tst-ect-indenizara-carteiro-motorizado-por-assaltos-sofridos.html\"]}]},{\"@type\":\"ImageObject\",\"inLanguage\":\"pt-BR\",\"@id\":\"https:\/\/mhcalculos.com.br\/noticias\/area\/trabalhista\/tst-ect-indenizara-carteiro-motorizado-por-assaltos-sofridos.html#primaryimage\",\"url\":\"https:\/\/mhcalculos.com.br\/noticias\/wp-content\/uploads\/sites\/2\/2018\/06\/trabalhista-0006.jpg\",\"contentUrl\":\"https:\/\/mhcalculos.com.br\/noticias\/wp-content\/uploads\/sites\/2\/2018\/06\/trabalhista-0006.jpg\",\"width\":2000,\"height\":800},{\"@type\":\"BreadcrumbList\",\"@id\":\"https:\/\/mhcalculos.com.br\/noticias\/area\/trabalhista\/tst-ect-indenizara-carteiro-motorizado-por-assaltos-sofridos.html#breadcrumb\",\"itemListElement\":[{\"@type\":\"ListItem\",\"position\":1,\"name\":\"In\u00edcio\",\"item\":\"https:\/\/mhcalculos.com.br\/noticias\/\"},{\"@type\":\"ListItem\",\"position\":2,\"name\":\"TST: ECT indenizar\u00e1 carteiro motorizado por assaltos sofridos\"}]},{\"@type\":\"WebSite\",\"@id\":\"https:\/\/mhcalculos.com.br\/noticias\/#website\",\"url\":\"https:\/\/mhcalculos.com.br\/noticias\/\",\"name\":\"Portal de Not\u00edcias\",\"description\":\"Not\u00edcias e Jurisprud\u00eancia\",\"potentialAction\":[{\"@type\":\"SearchAction\",\"target\":{\"@type\":\"EntryPoint\",\"urlTemplate\":\"https:\/\/mhcalculos.com.br\/noticias\/?s={search_term_string}\"},\"query-input\":{\"@type\":\"PropertyValueSpecification\",\"valueRequired\":true,\"valueName\":\"search_term_string\"}}],\"inLanguage\":\"pt-BR\"},{\"@type\":\"Person\",\"@id\":\"https:\/\/mhcalculos.com.br\/noticias\/#\/schema\/person\/88d1c34bf72dc779ea14a5a6b8e0ae8d\",\"name\":\"Equipe MH\",\"image\":{\"@type\":\"ImageObject\",\"inLanguage\":\"pt-BR\",\"@id\":\"https:\/\/secure.gravatar.com\/avatar\/de1c686c2ecc9c5a3f327e3431d819eb39f8f05d4e1045f5a1caad6daaba987f?s=96&d=mm&r=g\",\"url\":\"https:\/\/secure.gravatar.com\/avatar\/de1c686c2ecc9c5a3f327e3431d819eb39f8f05d4e1045f5a1caad6daaba987f?s=96&d=mm&r=g\",\"contentUrl\":\"https:\/\/secure.gravatar.com\/avatar\/de1c686c2ecc9c5a3f327e3431d819eb39f8f05d4e1045f5a1caad6daaba987f?s=96&d=mm&r=g\",\"caption\":\"Equipe MH\"}}]}<\/script>\n<!-- \/ Yoast SEO plugin. -->","yoast_head_json":{"title":"TST: ECT indenizar\u00e1 carteiro motorizado por assaltos sofridos | Portal de Not\u00edcias","robots":{"index":"index","follow":"follow","max-snippet":"max-snippet:-1","max-image-preview":"max-image-preview:large","max-video-preview":"max-video-preview:-1"},"canonical":"https:\/\/mhcalculos.com.br\/noticias\/area\/trabalhista\/tst-ect-indenizara-carteiro-motorizado-por-assaltos-sofridos.html","og_locale":"pt_BR","og_type":"article","og_title":"TST: ECT indenizar\u00e1 carteiro motorizado por assaltos sofridos | Portal de Not\u00edcias","og_description":"Os assaltos causaram abalo emocional no empregado, que fazia entregas de motocicleta. A Empresa Brasileira de Correios e Tel\u00e9grafos (ECT) ter\u00e1 de indenizar um carteiro motorizado que foi assaltado cinco vezes enquanto fazia entregas a clientes da empresa em S\u00e3o Paulo (SP). A Quinta Turma do Tribunal Superior do Trabalho seguiu a jurisprud\u00eancia segundo a [&hellip;]","og_url":"https:\/\/mhcalculos.com.br\/noticias\/area\/trabalhista\/tst-ect-indenizara-carteiro-motorizado-por-assaltos-sofridos.html","og_site_name":"Portal de Not\u00edcias","article_published_time":"2018-12-06T09:00:00+00:00","article_modified_time":"2021-07-28T17:33:43+00:00","og_image":[{"width":2000,"height":800,"url":"https:\/\/mhcalculos.com.br\/noticias\/wp-content\/uploads\/sites\/2\/2018\/06\/trabalhista-0006.jpg","type":"image\/jpeg"}],"author":"Equipe MH","twitter_card":"summary_large_image","twitter_misc":{"Escrito por":"Equipe MH","Est. tempo de leitura":"3 minutos"},"schema":{"@context":"https:\/\/schema.org","@graph":[{"@type":"Article","@id":"https:\/\/mhcalculos.com.br\/noticias\/area\/trabalhista\/tst-ect-indenizara-carteiro-motorizado-por-assaltos-sofridos.html#article","isPartOf":{"@id":"https:\/\/mhcalculos.com.br\/noticias\/area\/trabalhista\/tst-ect-indenizara-carteiro-motorizado-por-assaltos-sofridos.html"},"author":{"name":"Equipe MH","@id":"https:\/\/mhcalculos.com.br\/noticias\/#\/schema\/person\/88d1c34bf72dc779ea14a5a6b8e0ae8d"},"headline":"TST: ECT indenizar\u00e1 carteiro motorizado por assaltos sofridos","datePublished":"2018-12-06T09:00:00+00:00","dateModified":"2021-07-28T17:33:43+00:00","mainEntityOfPage":{"@id":"https:\/\/mhcalculos.com.br\/noticias\/area\/trabalhista\/tst-ect-indenizara-carteiro-motorizado-por-assaltos-sofridos.html"},"wordCount":648,"commentCount":0,"image":{"@id":"https:\/\/mhcalculos.com.br\/noticias\/area\/trabalhista\/tst-ect-indenizara-carteiro-motorizado-por-assaltos-sofridos.html#primaryimage"},"thumbnailUrl":"https:\/\/mhcalculos.com.br\/noticias\/wp-content\/uploads\/sites\/2\/2018\/06\/trabalhista-0006.jpg","keywords":["c\u00e1lculos trabalhistas","direito trabalhista","per\u00edcia","perito","trabalho","TST"],"articleSection":["Direito Trabalhista","TST"],"inLanguage":"pt-BR","potentialAction":[{"@type":"CommentAction","name":"Comment","target":["https:\/\/mhcalculos.com.br\/noticias\/area\/trabalhista\/tst-ect-indenizara-carteiro-motorizado-por-assaltos-sofridos.html#respond"]}]},{"@type":"WebPage","@id":"https:\/\/mhcalculos.com.br\/noticias\/area\/trabalhista\/tst-ect-indenizara-carteiro-motorizado-por-assaltos-sofridos.html","url":"https:\/\/mhcalculos.com.br\/noticias\/area\/trabalhista\/tst-ect-indenizara-carteiro-motorizado-por-assaltos-sofridos.html","name":"TST: ECT indenizar\u00e1 carteiro motorizado por assaltos sofridos | Portal de Not\u00edcias","isPartOf":{"@id":"https:\/\/mhcalculos.com.br\/noticias\/#website"},"primaryImageOfPage":{"@id":"https:\/\/mhcalculos.com.br\/noticias\/area\/trabalhista\/tst-ect-indenizara-carteiro-motorizado-por-assaltos-sofridos.html#primaryimage"},"image":{"@id":"https:\/\/mhcalculos.com.br\/noticias\/area\/trabalhista\/tst-ect-indenizara-carteiro-motorizado-por-assaltos-sofridos.html#primaryimage"},"thumbnailUrl":"https:\/\/mhcalculos.com.br\/noticias\/wp-content\/uploads\/sites\/2\/2018\/06\/trabalhista-0006.jpg","datePublished":"2018-12-06T09:00:00+00:00","dateModified":"2021-07-28T17:33:43+00:00","author":{"@id":"https:\/\/mhcalculos.com.br\/noticias\/#\/schema\/person\/88d1c34bf72dc779ea14a5a6b8e0ae8d"},"breadcrumb":{"@id":"https:\/\/mhcalculos.com.br\/noticias\/area\/trabalhista\/tst-ect-indenizara-carteiro-motorizado-por-assaltos-sofridos.html#breadcrumb"},"inLanguage":"pt-BR","potentialAction":[{"@type":"ReadAction","target":["https:\/\/mhcalculos.com.br\/noticias\/area\/trabalhista\/tst-ect-indenizara-carteiro-motorizado-por-assaltos-sofridos.html"]}]},{"@type":"ImageObject","inLanguage":"pt-BR","@id":"https:\/\/mhcalculos.com.br\/noticias\/area\/trabalhista\/tst-ect-indenizara-carteiro-motorizado-por-assaltos-sofridos.html#primaryimage","url":"https:\/\/mhcalculos.com.br\/noticias\/wp-content\/uploads\/sites\/2\/2018\/06\/trabalhista-0006.jpg","contentUrl":"https:\/\/mhcalculos.com.br\/noticias\/wp-content\/uploads\/sites\/2\/2018\/06\/trabalhista-0006.jpg","width":2000,"height":800},{"@type":"BreadcrumbList","@id":"https:\/\/mhcalculos.com.br\/noticias\/area\/trabalhista\/tst-ect-indenizara-carteiro-motorizado-por-assaltos-sofridos.html#breadcrumb","itemListElement":[{"@type":"ListItem","position":1,"name":"In\u00edcio","item":"https:\/\/mhcalculos.com.br\/noticias\/"},{"@type":"ListItem","position":2,"name":"TST: ECT indenizar\u00e1 carteiro motorizado por assaltos sofridos"}]},{"@type":"WebSite","@id":"https:\/\/mhcalculos.com.br\/noticias\/#website","url":"https:\/\/mhcalculos.com.br\/noticias\/","name":"Portal de Not\u00edcias","description":"Not\u00edcias e Jurisprud\u00eancia","potentialAction":[{"@type":"SearchAction","target":{"@type":"EntryPoint","urlTemplate":"https:\/\/mhcalculos.com.br\/noticias\/?s={search_term_string}"},"query-input":{"@type":"PropertyValueSpecification","valueRequired":true,"valueName":"search_term_string"}}],"inLanguage":"pt-BR"},{"@type":"Person","@id":"https:\/\/mhcalculos.com.br\/noticias\/#\/schema\/person\/88d1c34bf72dc779ea14a5a6b8e0ae8d","name":"Equipe MH","image":{"@type":"ImageObject","inLanguage":"pt-BR","@id":"https:\/\/secure.gravatar.com\/avatar\/de1c686c2ecc9c5a3f327e3431d819eb39f8f05d4e1045f5a1caad6daaba987f?s=96&d=mm&r=g","url":"https:\/\/secure.gravatar.com\/avatar\/de1c686c2ecc9c5a3f327e3431d819eb39f8f05d4e1045f5a1caad6daaba987f?s=96&d=mm&r=g","contentUrl":"https:\/\/secure.gravatar.com\/avatar\/de1c686c2ecc9c5a3f327e3431d819eb39f8f05d4e1045f5a1caad6daaba987f?s=96&d=mm&r=g","caption":"Equipe MH"}}]}},"_links":{"self":[{"href":"https:\/\/mhcalculos.com.br\/noticias\/wp-json\/wp\/v2\/posts\/3453","targetHints":{"allow":["GET"]}}],"collection":[{"href":"https:\/\/mhcalculos.com.br\/noticias\/wp-json\/wp\/v2\/posts"}],"about":[{"href":"https:\/\/mhcalculos.com.br\/noticias\/wp-json\/wp\/v2\/types\/post"}],"author":[{"embeddable":true,"href":"https:\/\/mhcalculos.com.br\/noticias\/wp-json\/wp\/v2\/users\/3063"}],"replies":[{"embeddable":true,"href":"https:\/\/mhcalculos.com.br\/noticias\/wp-json\/wp\/v2\/comments?post=3453"}],"version-history":[{"count":1,"href":"https:\/\/mhcalculos.com.br\/noticias\/wp-json\/wp\/v2\/posts\/3453\/revisions"}],"predecessor-version":[{"id":10124,"href":"https:\/\/mhcalculos.com.br\/noticias\/wp-json\/wp\/v2\/posts\/3453\/revisions\/10124"}],"wp:featuredmedia":[{"embeddable":true,"href":"https:\/\/mhcalculos.com.br\/noticias\/wp-json\/wp\/v2\/media\/1904"}],"wp:attachment":[{"href":"https:\/\/mhcalculos.com.br\/noticias\/wp-json\/wp\/v2\/media?parent=3453"}],"wp:term":[{"taxonomy":"category","embeddable":true,"href":"https:\/\/mhcalculos.com.br\/noticias\/wp-json\/wp\/v2\/categories?post=3453"},{"taxonomy":"post_tag","embeddable":true,"href":"https:\/\/mhcalculos.com.br\/noticias\/wp-json\/wp\/v2\/tags?post=3453"}],"curies":[{"name":"wp","href":"https:\/\/api.w.org\/{rel}","templated":true}]}}