{"id":3448,"date":"2018-12-05T20:04:00","date_gmt":"2018-12-05T22:04:00","guid":{"rendered":"https:\/\/mhcalculos.com.br\/noticias\/2018\/12\/05\/tst-luiz-jose-dezena-da-silva-e-empossado-ministro-no-tst\/"},"modified":"2021-07-28T14:33:43","modified_gmt":"2021-07-28T17:33:43","slug":"tst-luiz-jose-dezena-da-silva-e-empossado-ministro-no-tst","status":"publish","type":"post","link":"https:\/\/mhcalculos.com.br\/noticias\/area\/trabalhista\/tst-luiz-jose-dezena-da-silva-e-empossado-ministro-no-tst.html","title":{"rendered":"TST: Luiz Jos\u00e9 Dezena da Silva \u00e9 empossado ministro no TST"},"content":{"rendered":"<p><br \/>\n<br \/>   <a href=\"http:\/\/www.tst.jus.br\/image\/journal\/article?img_id=24754580&amp;t=1544190515425\" target=\"_blank\" rel=\"noopener\">   <\/a>  <\/p>\n<p ><em>Ele integrar\u00e1 a Primeira Turma e a SDI-2.<\/em><\/p>\n<p >O Tribunal Superior do Trabalho deu posse nesta quarta-feira (5) a Luiz Jos\u00e9 Dezena da Silva no cargo de ministro. Ele ocupar\u00e1 a vaga reservada a magistrados do trabalho de carreira decorrente da aposentadoria do ministro Fernando Eizo Ono. A sess\u00e3o solene de posse ocorreu no Plen\u00e1rio Ministro Arnaldo S\u00fcssekind, no edif\u00edcio-sede do TST, em Bras\u00edlia.<\/p>\n<p >O presidente do TST, ministro Brito Pereira, deu as boas-vindas ao novo integrante da Corte e destacou que o ministro Dezena \u00e9 um magistrado acostumado com as teses discutidas no TST. At\u00e9 a posse, o ministro era desembargador do Tribunal Regional do Trabalho da 15\u00aa Regi\u00e3o (Campinas\/SP).<\/p>\n<p >A solenidade de posse contou, na mesa de honra, com a presen\u00e7a do presidente do Supremo Tribunal Federal, ministro Dias Toffoli; do corregedor nacional de Justi\u00e7a e&nbsp;ministro do Superior Tribunal de Justi\u00e7a, Humberto Martins; e da procuradora-geral da rep\u00fablica, Raquel Dodge. Tamb\u00e9m compuseram a mesa o presidente do Conselho Federal da ordem dos Advogados do Brasil, Cl\u00e1udio Lamachia, o deputado federal Baleia Rossi (MDB\/SP), do vice-procurador-geral do trabalho, Luiz Eduardo Guimar\u00e3es Bojart, e do ministro de Estado dos Direitos Humanos, Gustavo do Vale Rocha.<\/p>\n<p ><strong>Curr\u00edculo<\/strong><\/p>\n<p >O novo ministro do TST nasceu em \u00c1guas da Prata (SP) e se formou em Ci\u00eancias Jur\u00eddicas e Cont\u00e1beis. Atuou como advogado at\u00e9 ser aprovado, em 1990, no concurso p\u00fablico para juiz do trabalho substituto. Entre 1996 e&nbsp;1998, atuou como juiz auxiliar da Presid\u00eancia do Tribunal Regional do Trabalho da 15\u00aa Regi\u00e3o (Campinas).<\/p>\n<p >Em 2010, foi promovido a desembargador do TRT 15. L\u00e1 ocupou a fun\u00e7\u00e3o de juiz auxiliar da Corregedoria Regional entre 2006 e 2008 e tamb\u00e9m integrou a Comiss\u00e3o de Jurisprud\u00eancia.<\/p>\n<p >No TST, ir\u00e1 integrar a Primeira Turma e a Subse\u00e7\u00e3o II da Se\u00e7\u00e3o Especializada em Diss\u00eddios Individuais.<\/p>\n<p >Confira <a href=\"https:\/\/www.flickr.com\/photos\/tst_oficial\/albums\/72157698459021770\" target=\"_blank\" rel=\"noopener\">aqui<\/a> a galeria de fotos da sess\u00e3o solene.<\/p>\n<p >(JS\/CF)<\/p>\n<p ><strong>Veja mais na reportagem da TV TST:<\/strong><\/p>\n<p>        <\/br><br \/>\n<br \/><i>Com informa\u00e7\u00f5es da assessoria de imprensa do TST.<\/i><br \/>\n<br \/><a href=\"http:\/\/www.tst.jus.br\/web\/guest\/noticias?p_p_id=89Dk&#038;p_p_lifecycle=0&#038;refererPlid=10730&#038;_89Dk_struts_action=%2Fjournal_content%2Fview&#038;_89Dk_groupId=10157&#038;_89Dk_articleId=24750896\">Fonte<\/a><br \/>\n<br \/><\/p>\n","protected":false},"excerpt":{"rendered":"<p>Ele integrar\u00e1 a Primeira Turma e a SDI-2. O Tribunal Superior do Trabalho deu posse nesta quarta-feira (5) a Luiz Jos\u00e9 Dezena da Silva no cargo de ministro. Ele ocupar\u00e1 a vaga reservada a magistrados do trabalho de carreira decorrente da aposentadoria do ministro Fernando Eizo Ono. A sess\u00e3o solene de posse ocorreu no Plen\u00e1rio [&hellip;]<\/p>\n","protected":false},"author":3063,"featured_media":2196,"comment_status":"open","ping_status":"open","sticky":false,"template":"","format":"standard","meta":{"footnotes":""},"categories":[3,21],"tags":[33,216,9,12,217,215],"class_list":{"0":"post-3448","1":"post","2":"type-post","3":"status-publish","4":"format-standard","5":"has-post-thumbnail","7":"category-trabalhista","8":"category-tst","9":"tag-calculos-trabalhistas","10":"tag-direito-trabalhista","11":"tag-pericia","12":"tag-perito","13":"tag-trabalho","14":"tag-tst"},"yoast_head":"<!-- This site is optimized with the Yoast SEO plugin v27.2 - https:\/\/yoast.com\/product\/yoast-seo-wordpress\/ -->\n<title>TST: Luiz Jos\u00e9 Dezena da Silva \u00e9 empossado ministro no TST | Portal de Not\u00edcias<\/title>\n<meta name=\"robots\" content=\"index, follow, max-snippet:-1, max-image-preview:large, max-video-preview:-1\" \/>\n<link rel=\"canonical\" href=\"https:\/\/mhcalculos.com.br\/noticias\/area\/trabalhista\/tst-luiz-jose-dezena-da-silva-e-empossado-ministro-no-tst.html\" \/>\n<meta property=\"og:locale\" content=\"pt_BR\" \/>\n<meta property=\"og:type\" content=\"article\" \/>\n<meta property=\"og:title\" content=\"TST: Luiz Jos\u00e9 Dezena da Silva \u00e9 empossado ministro no TST | Portal de Not\u00edcias\" \/>\n<meta property=\"og:description\" content=\"Ele integrar\u00e1 a Primeira Turma e a SDI-2. O Tribunal Superior do Trabalho deu posse nesta quarta-feira (5) a Luiz Jos\u00e9 Dezena da Silva no cargo de ministro. Ele ocupar\u00e1 a vaga reservada a magistrados do trabalho de carreira decorrente da aposentadoria do ministro Fernando Eizo Ono. A sess\u00e3o solene de posse ocorreu no Plen\u00e1rio [&hellip;]\" \/>\n<meta property=\"og:url\" content=\"https:\/\/mhcalculos.com.br\/noticias\/area\/trabalhista\/tst-luiz-jose-dezena-da-silva-e-empossado-ministro-no-tst.html\" \/>\n<meta property=\"og:site_name\" content=\"Portal de Not\u00edcias\" \/>\n<meta property=\"article:published_time\" content=\"2018-12-05T22:04:00+00:00\" \/>\n<meta property=\"article:modified_time\" content=\"2021-07-28T17:33:43+00:00\" \/>\n<meta property=\"og:image\" content=\"https:\/\/mhcalculos.com.br\/noticias\/wp-content\/uploads\/sites\/2\/2018\/06\/trabalhista-0035.jpg\" \/>\n\t<meta property=\"og:image:width\" content=\"2000\" \/>\n\t<meta property=\"og:image:height\" content=\"800\" \/>\n\t<meta property=\"og:image:type\" content=\"image\/jpeg\" \/>\n<meta name=\"author\" content=\"Equipe MH\" \/>\n<meta name=\"twitter:card\" content=\"summary_large_image\" \/>\n<meta name=\"twitter:label1\" content=\"Escrito por\" \/>\n\t<meta name=\"twitter:data1\" content=\"Equipe MH\" \/>\n\t<meta name=\"twitter:label2\" content=\"Est. tempo de leitura\" \/>\n\t<meta name=\"twitter:data2\" content=\"2 minutos\" \/>\n<script type=\"application\/ld+json\" class=\"yoast-schema-graph\">{\"@context\":\"https:\/\/schema.org\",\"@graph\":[{\"@type\":\"Article\",\"@id\":\"https:\/\/mhcalculos.com.br\/noticias\/area\/trabalhista\/tst-luiz-jose-dezena-da-silva-e-empossado-ministro-no-tst.html#article\",\"isPartOf\":{\"@id\":\"https:\/\/mhcalculos.com.br\/noticias\/area\/trabalhista\/tst-luiz-jose-dezena-da-silva-e-empossado-ministro-no-tst.html\"},\"author\":{\"name\":\"Equipe MH\",\"@id\":\"https:\/\/mhcalculos.com.br\/noticias\/#\/schema\/person\/88d1c34bf72dc779ea14a5a6b8e0ae8d\"},\"headline\":\"TST: Luiz Jos\u00e9 Dezena da Silva \u00e9 empossado ministro no TST\",\"datePublished\":\"2018-12-05T22:04:00+00:00\",\"dateModified\":\"2021-07-28T17:33:43+00:00\",\"mainEntityOfPage\":{\"@id\":\"https:\/\/mhcalculos.com.br\/noticias\/area\/trabalhista\/tst-luiz-jose-dezena-da-silva-e-empossado-ministro-no-tst.html\"},\"wordCount\":359,\"commentCount\":0,\"image\":{\"@id\":\"https:\/\/mhcalculos.com.br\/noticias\/area\/trabalhista\/tst-luiz-jose-dezena-da-silva-e-empossado-ministro-no-tst.html#primaryimage\"},\"thumbnailUrl\":\"https:\/\/mhcalculos.com.br\/noticias\/wp-content\/uploads\/sites\/2\/2018\/06\/trabalhista-0035.jpg\",\"keywords\":[\"c\u00e1lculos trabalhistas\",\"direito trabalhista\",\"per\u00edcia\",\"perito\",\"trabalho\",\"TST\"],\"articleSection\":[\"Direito Trabalhista\",\"TST\"],\"inLanguage\":\"pt-BR\",\"potentialAction\":[{\"@type\":\"CommentAction\",\"name\":\"Comment\",\"target\":[\"https:\/\/mhcalculos.com.br\/noticias\/area\/trabalhista\/tst-luiz-jose-dezena-da-silva-e-empossado-ministro-no-tst.html#respond\"]}]},{\"@type\":\"WebPage\",\"@id\":\"https:\/\/mhcalculos.com.br\/noticias\/area\/trabalhista\/tst-luiz-jose-dezena-da-silva-e-empossado-ministro-no-tst.html\",\"url\":\"https:\/\/mhcalculos.com.br\/noticias\/area\/trabalhista\/tst-luiz-jose-dezena-da-silva-e-empossado-ministro-no-tst.html\",\"name\":\"TST: Luiz Jos\u00e9 Dezena da Silva \u00e9 empossado ministro no TST | Portal de Not\u00edcias\",\"isPartOf\":{\"@id\":\"https:\/\/mhcalculos.com.br\/noticias\/#website\"},\"primaryImageOfPage\":{\"@id\":\"https:\/\/mhcalculos.com.br\/noticias\/area\/trabalhista\/tst-luiz-jose-dezena-da-silva-e-empossado-ministro-no-tst.html#primaryimage\"},\"image\":{\"@id\":\"https:\/\/mhcalculos.com.br\/noticias\/area\/trabalhista\/tst-luiz-jose-dezena-da-silva-e-empossado-ministro-no-tst.html#primaryimage\"},\"thumbnailUrl\":\"https:\/\/mhcalculos.com.br\/noticias\/wp-content\/uploads\/sites\/2\/2018\/06\/trabalhista-0035.jpg\",\"datePublished\":\"2018-12-05T22:04:00+00:00\",\"dateModified\":\"2021-07-28T17:33:43+00:00\",\"author\":{\"@id\":\"https:\/\/mhcalculos.com.br\/noticias\/#\/schema\/person\/88d1c34bf72dc779ea14a5a6b8e0ae8d\"},\"breadcrumb\":{\"@id\":\"https:\/\/mhcalculos.com.br\/noticias\/area\/trabalhista\/tst-luiz-jose-dezena-da-silva-e-empossado-ministro-no-tst.html#breadcrumb\"},\"inLanguage\":\"pt-BR\",\"potentialAction\":[{\"@type\":\"ReadAction\",\"target\":[\"https:\/\/mhcalculos.com.br\/noticias\/area\/trabalhista\/tst-luiz-jose-dezena-da-silva-e-empossado-ministro-no-tst.html\"]}]},{\"@type\":\"ImageObject\",\"inLanguage\":\"pt-BR\",\"@id\":\"https:\/\/mhcalculos.com.br\/noticias\/area\/trabalhista\/tst-luiz-jose-dezena-da-silva-e-empossado-ministro-no-tst.html#primaryimage\",\"url\":\"https:\/\/mhcalculos.com.br\/noticias\/wp-content\/uploads\/sites\/2\/2018\/06\/trabalhista-0035.jpg\",\"contentUrl\":\"https:\/\/mhcalculos.com.br\/noticias\/wp-content\/uploads\/sites\/2\/2018\/06\/trabalhista-0035.jpg\",\"width\":2000,\"height\":800},{\"@type\":\"BreadcrumbList\",\"@id\":\"https:\/\/mhcalculos.com.br\/noticias\/area\/trabalhista\/tst-luiz-jose-dezena-da-silva-e-empossado-ministro-no-tst.html#breadcrumb\",\"itemListElement\":[{\"@type\":\"ListItem\",\"position\":1,\"name\":\"In\u00edcio\",\"item\":\"https:\/\/mhcalculos.com.br\/noticias\/\"},{\"@type\":\"ListItem\",\"position\":2,\"name\":\"TST: Luiz Jos\u00e9 Dezena da Silva \u00e9 empossado ministro no TST\"}]},{\"@type\":\"WebSite\",\"@id\":\"https:\/\/mhcalculos.com.br\/noticias\/#website\",\"url\":\"https:\/\/mhcalculos.com.br\/noticias\/\",\"name\":\"Portal de Not\u00edcias\",\"description\":\"Not\u00edcias e Jurisprud\u00eancia\",\"potentialAction\":[{\"@type\":\"SearchAction\",\"target\":{\"@type\":\"EntryPoint\",\"urlTemplate\":\"https:\/\/mhcalculos.com.br\/noticias\/?s={search_term_string}\"},\"query-input\":{\"@type\":\"PropertyValueSpecification\",\"valueRequired\":true,\"valueName\":\"search_term_string\"}}],\"inLanguage\":\"pt-BR\"},{\"@type\":\"Person\",\"@id\":\"https:\/\/mhcalculos.com.br\/noticias\/#\/schema\/person\/88d1c34bf72dc779ea14a5a6b8e0ae8d\",\"name\":\"Equipe MH\",\"image\":{\"@type\":\"ImageObject\",\"inLanguage\":\"pt-BR\",\"@id\":\"https:\/\/secure.gravatar.com\/avatar\/de1c686c2ecc9c5a3f327e3431d819eb39f8f05d4e1045f5a1caad6daaba987f?s=96&d=mm&r=g\",\"url\":\"https:\/\/secure.gravatar.com\/avatar\/de1c686c2ecc9c5a3f327e3431d819eb39f8f05d4e1045f5a1caad6daaba987f?s=96&d=mm&r=g\",\"contentUrl\":\"https:\/\/secure.gravatar.com\/avatar\/de1c686c2ecc9c5a3f327e3431d819eb39f8f05d4e1045f5a1caad6daaba987f?s=96&d=mm&r=g\",\"caption\":\"Equipe MH\"}}]}<\/script>\n<!-- \/ Yoast SEO plugin. -->","yoast_head_json":{"title":"TST: Luiz Jos\u00e9 Dezena da Silva \u00e9 empossado ministro no TST | Portal de Not\u00edcias","robots":{"index":"index","follow":"follow","max-snippet":"max-snippet:-1","max-image-preview":"max-image-preview:large","max-video-preview":"max-video-preview:-1"},"canonical":"https:\/\/mhcalculos.com.br\/noticias\/area\/trabalhista\/tst-luiz-jose-dezena-da-silva-e-empossado-ministro-no-tst.html","og_locale":"pt_BR","og_type":"article","og_title":"TST: Luiz Jos\u00e9 Dezena da Silva \u00e9 empossado ministro no TST | Portal de Not\u00edcias","og_description":"Ele integrar\u00e1 a Primeira Turma e a SDI-2. O Tribunal Superior do Trabalho deu posse nesta quarta-feira (5) a Luiz Jos\u00e9 Dezena da Silva no cargo de ministro. Ele ocupar\u00e1 a vaga reservada a magistrados do trabalho de carreira decorrente da aposentadoria do ministro Fernando Eizo Ono. A sess\u00e3o solene de posse ocorreu no Plen\u00e1rio [&hellip;]","og_url":"https:\/\/mhcalculos.com.br\/noticias\/area\/trabalhista\/tst-luiz-jose-dezena-da-silva-e-empossado-ministro-no-tst.html","og_site_name":"Portal de Not\u00edcias","article_published_time":"2018-12-05T22:04:00+00:00","article_modified_time":"2021-07-28T17:33:43+00:00","og_image":[{"width":2000,"height":800,"url":"https:\/\/mhcalculos.com.br\/noticias\/wp-content\/uploads\/sites\/2\/2018\/06\/trabalhista-0035.jpg","type":"image\/jpeg"}],"author":"Equipe MH","twitter_card":"summary_large_image","twitter_misc":{"Escrito por":"Equipe MH","Est. tempo de leitura":"2 minutos"},"schema":{"@context":"https:\/\/schema.org","@graph":[{"@type":"Article","@id":"https:\/\/mhcalculos.com.br\/noticias\/area\/trabalhista\/tst-luiz-jose-dezena-da-silva-e-empossado-ministro-no-tst.html#article","isPartOf":{"@id":"https:\/\/mhcalculos.com.br\/noticias\/area\/trabalhista\/tst-luiz-jose-dezena-da-silva-e-empossado-ministro-no-tst.html"},"author":{"name":"Equipe MH","@id":"https:\/\/mhcalculos.com.br\/noticias\/#\/schema\/person\/88d1c34bf72dc779ea14a5a6b8e0ae8d"},"headline":"TST: Luiz Jos\u00e9 Dezena da Silva \u00e9 empossado ministro no TST","datePublished":"2018-12-05T22:04:00+00:00","dateModified":"2021-07-28T17:33:43+00:00","mainEntityOfPage":{"@id":"https:\/\/mhcalculos.com.br\/noticias\/area\/trabalhista\/tst-luiz-jose-dezena-da-silva-e-empossado-ministro-no-tst.html"},"wordCount":359,"commentCount":0,"image":{"@id":"https:\/\/mhcalculos.com.br\/noticias\/area\/trabalhista\/tst-luiz-jose-dezena-da-silva-e-empossado-ministro-no-tst.html#primaryimage"},"thumbnailUrl":"https:\/\/mhcalculos.com.br\/noticias\/wp-content\/uploads\/sites\/2\/2018\/06\/trabalhista-0035.jpg","keywords":["c\u00e1lculos trabalhistas","direito trabalhista","per\u00edcia","perito","trabalho","TST"],"articleSection":["Direito Trabalhista","TST"],"inLanguage":"pt-BR","potentialAction":[{"@type":"CommentAction","name":"Comment","target":["https:\/\/mhcalculos.com.br\/noticias\/area\/trabalhista\/tst-luiz-jose-dezena-da-silva-e-empossado-ministro-no-tst.html#respond"]}]},{"@type":"WebPage","@id":"https:\/\/mhcalculos.com.br\/noticias\/area\/trabalhista\/tst-luiz-jose-dezena-da-silva-e-empossado-ministro-no-tst.html","url":"https:\/\/mhcalculos.com.br\/noticias\/area\/trabalhista\/tst-luiz-jose-dezena-da-silva-e-empossado-ministro-no-tst.html","name":"TST: Luiz Jos\u00e9 Dezena da Silva \u00e9 empossado ministro no TST | Portal de Not\u00edcias","isPartOf":{"@id":"https:\/\/mhcalculos.com.br\/noticias\/#website"},"primaryImageOfPage":{"@id":"https:\/\/mhcalculos.com.br\/noticias\/area\/trabalhista\/tst-luiz-jose-dezena-da-silva-e-empossado-ministro-no-tst.html#primaryimage"},"image":{"@id":"https:\/\/mhcalculos.com.br\/noticias\/area\/trabalhista\/tst-luiz-jose-dezena-da-silva-e-empossado-ministro-no-tst.html#primaryimage"},"thumbnailUrl":"https:\/\/mhcalculos.com.br\/noticias\/wp-content\/uploads\/sites\/2\/2018\/06\/trabalhista-0035.jpg","datePublished":"2018-12-05T22:04:00+00:00","dateModified":"2021-07-28T17:33:43+00:00","author":{"@id":"https:\/\/mhcalculos.com.br\/noticias\/#\/schema\/person\/88d1c34bf72dc779ea14a5a6b8e0ae8d"},"breadcrumb":{"@id":"https:\/\/mhcalculos.com.br\/noticias\/area\/trabalhista\/tst-luiz-jose-dezena-da-silva-e-empossado-ministro-no-tst.html#breadcrumb"},"inLanguage":"pt-BR","potentialAction":[{"@type":"ReadAction","target":["https:\/\/mhcalculos.com.br\/noticias\/area\/trabalhista\/tst-luiz-jose-dezena-da-silva-e-empossado-ministro-no-tst.html"]}]},{"@type":"ImageObject","inLanguage":"pt-BR","@id":"https:\/\/mhcalculos.com.br\/noticias\/area\/trabalhista\/tst-luiz-jose-dezena-da-silva-e-empossado-ministro-no-tst.html#primaryimage","url":"https:\/\/mhcalculos.com.br\/noticias\/wp-content\/uploads\/sites\/2\/2018\/06\/trabalhista-0035.jpg","contentUrl":"https:\/\/mhcalculos.com.br\/noticias\/wp-content\/uploads\/sites\/2\/2018\/06\/trabalhista-0035.jpg","width":2000,"height":800},{"@type":"BreadcrumbList","@id":"https:\/\/mhcalculos.com.br\/noticias\/area\/trabalhista\/tst-luiz-jose-dezena-da-silva-e-empossado-ministro-no-tst.html#breadcrumb","itemListElement":[{"@type":"ListItem","position":1,"name":"In\u00edcio","item":"https:\/\/mhcalculos.com.br\/noticias\/"},{"@type":"ListItem","position":2,"name":"TST: Luiz Jos\u00e9 Dezena da Silva \u00e9 empossado ministro no TST"}]},{"@type":"WebSite","@id":"https:\/\/mhcalculos.com.br\/noticias\/#website","url":"https:\/\/mhcalculos.com.br\/noticias\/","name":"Portal de Not\u00edcias","description":"Not\u00edcias e Jurisprud\u00eancia","potentialAction":[{"@type":"SearchAction","target":{"@type":"EntryPoint","urlTemplate":"https:\/\/mhcalculos.com.br\/noticias\/?s={search_term_string}"},"query-input":{"@type":"PropertyValueSpecification","valueRequired":true,"valueName":"search_term_string"}}],"inLanguage":"pt-BR"},{"@type":"Person","@id":"https:\/\/mhcalculos.com.br\/noticias\/#\/schema\/person\/88d1c34bf72dc779ea14a5a6b8e0ae8d","name":"Equipe MH","image":{"@type":"ImageObject","inLanguage":"pt-BR","@id":"https:\/\/secure.gravatar.com\/avatar\/de1c686c2ecc9c5a3f327e3431d819eb39f8f05d4e1045f5a1caad6daaba987f?s=96&d=mm&r=g","url":"https:\/\/secure.gravatar.com\/avatar\/de1c686c2ecc9c5a3f327e3431d819eb39f8f05d4e1045f5a1caad6daaba987f?s=96&d=mm&r=g","contentUrl":"https:\/\/secure.gravatar.com\/avatar\/de1c686c2ecc9c5a3f327e3431d819eb39f8f05d4e1045f5a1caad6daaba987f?s=96&d=mm&r=g","caption":"Equipe MH"}}]}},"_links":{"self":[{"href":"https:\/\/mhcalculos.com.br\/noticias\/wp-json\/wp\/v2\/posts\/3448","targetHints":{"allow":["GET"]}}],"collection":[{"href":"https:\/\/mhcalculos.com.br\/noticias\/wp-json\/wp\/v2\/posts"}],"about":[{"href":"https:\/\/mhcalculos.com.br\/noticias\/wp-json\/wp\/v2\/types\/post"}],"author":[{"embeddable":true,"href":"https:\/\/mhcalculos.com.br\/noticias\/wp-json\/wp\/v2\/users\/3063"}],"replies":[{"embeddable":true,"href":"https:\/\/mhcalculos.com.br\/noticias\/wp-json\/wp\/v2\/comments?post=3448"}],"version-history":[{"count":1,"href":"https:\/\/mhcalculos.com.br\/noticias\/wp-json\/wp\/v2\/posts\/3448\/revisions"}],"predecessor-version":[{"id":10125,"href":"https:\/\/mhcalculos.com.br\/noticias\/wp-json\/wp\/v2\/posts\/3448\/revisions\/10125"}],"wp:featuredmedia":[{"embeddable":true,"href":"https:\/\/mhcalculos.com.br\/noticias\/wp-json\/wp\/v2\/media\/2196"}],"wp:attachment":[{"href":"https:\/\/mhcalculos.com.br\/noticias\/wp-json\/wp\/v2\/media?parent=3448"}],"wp:term":[{"taxonomy":"category","embeddable":true,"href":"https:\/\/mhcalculos.com.br\/noticias\/wp-json\/wp\/v2\/categories?post=3448"},{"taxonomy":"post_tag","embeddable":true,"href":"https:\/\/mhcalculos.com.br\/noticias\/wp-json\/wp\/v2\/tags?post=3448"}],"curies":[{"name":"wp","href":"https:\/\/api.w.org\/{rel}","templated":true}]}}