{"id":3443,"date":"2018-12-07T07:00:14","date_gmt":"2018-12-07T09:00:14","guid":{"rendered":"https:\/\/mhcalculos.com.br\/noticias\/2018\/12\/07\/stj-ministro-humberto-martins-participa-da-posse-de-luiz-jose-dezena-da-silva-no-tst\/"},"modified":"2021-07-28T14:33:42","modified_gmt":"2021-07-28T17:33:42","slug":"stj-ministro-humberto-martins-participa-da-posse-de-luiz-jose-dezena-da-silva-no-tst","status":"publish","type":"post","link":"https:\/\/mhcalculos.com.br\/noticias\/area\/previdenciario\/stj-ministro-humberto-martins-participa-da-posse-de-luiz-jose-dezena-da-silva-no-tst.html","title":{"rendered":"STJ: Ministro Humberto Martins participa da posse de Luiz Jos\u00e9 Dezena da Silva no TST"},"content":{"rendered":"<p><br \/>\n<\/p>\n<p>O corregedor nacional de Justi&ccedil;a, ministro Humberto Martins, representou o presidente do Superior Tribunal de Justi&ccedil;a (STJ), ministro Jo&atilde;o Ot&aacute;vio de Noronha, na sess&atilde;o solene de posse de Luiz Jos&eacute; Dezena da Silva no cargo de ministro do Tribunal Superior do Trabalho (TST), nesta quarta-feira (5). A cerim&ocirc;nia foi realizada no Plen&aacute;rio Arnaldo S&uuml;ssekind, na sede do TST, em Bras&iacute;lia.<\/p>\n<p>Natural de &Aacute;guas da Prata (SP), Luiz Jos&eacute; Dezena da Silva foi advogado e ingressou na carreira de juiz do Trabalho por meio de concurso p&uacute;blico em 1990. Exercia o cargo de desembargador do Tribunal Regional do Trabalho (TRT) da 15&ordf; Regi&atilde;o, com sede em Campinas (SP), desde 2010. Al&eacute;m da gradua&ccedil;&atilde;o em ci&ecirc;ncias jur&iacute;dicas, &eacute; formado em ci&ecirc;ncias cont&aacute;beis.<\/p>\n<p> No TRT da 15&ordf; Regi&atilde;o, atuou como juiz auxiliar da presid&ecirc;ncia, entre 1996 e 1998, como juiz auxiliar da corregedoria regional, de 2006 a 2008, e integrou a comiss&atilde;o de jurisprud&ecirc;ncia. No TST, ocupar&aacute; vaga reservada a magistrados de carreira da Justi&ccedil;a do Trabalho decorrente da aposentadoria do ministro Fernando Eizo Ono.<br \/>\n<br \/><i>Com informa\u00e7\u00f5es da assessoria de imprensa do STJ.<\/i><br \/>\n<br \/><a href=\"http:\/\/feedproxy.google.com\/~r\/STJNoticias\/~3\/2VWXpYpKxmY\/Ministro-Humberto-Martins-participa-da-posse-de-Luiz-Jos%C3%A9-Dezena-da-Silva-no-TST\">Fonte<\/a><br \/>\n<br \/><\/p>\n","protected":false},"excerpt":{"rendered":"<p>O corregedor nacional de Justi&ccedil;a, ministro Humberto Martins, representou o presidente do Superior Tribunal de Justi&ccedil;a (STJ), ministro Jo&atilde;o Ot&aacute;vio de Noronha, na sess&atilde;o solene de posse de Luiz Jos&eacute; Dezena da Silva no cargo de ministro do Tribunal Superior do Trabalho (TST), nesta quarta-feira (5). A cerim&ocirc;nia foi realizada no Plen&aacute;rio Arnaldo S&uuml;ssekind, na [&hellip;]<\/p>\n","protected":false},"author":3063,"featured_media":2607,"comment_status":"open","ping_status":"open","sticky":false,"template":"","format":"standard","meta":{"footnotes":""},"categories":[5,7],"tags":[11,10,8,13,9,12,14],"class_list":{"0":"post-3443","1":"post","2":"type-post","3":"status-publish","4":"format-standard","5":"has-post-thumbnail","7":"category-previdenciario","8":"category-stj","9":"tag-aposentadoria","10":"tag-calculos-previdenciarios","11":"tag-direito-previdenciario","12":"tag-inss","13":"tag-pericia","14":"tag-perito","15":"tag-stj"},"yoast_head":"<!-- This site is optimized with the Yoast SEO plugin v27.2 - https:\/\/yoast.com\/product\/yoast-seo-wordpress\/ -->\n<title>STJ: Ministro Humberto Martins participa da posse de Luiz Jos\u00e9 Dezena da Silva no TST | Portal de Not\u00edcias<\/title>\n<meta name=\"robots\" content=\"index, follow, max-snippet:-1, max-image-preview:large, max-video-preview:-1\" \/>\n<link rel=\"canonical\" href=\"https:\/\/mhcalculos.com.br\/noticias\/area\/previdenciario\/stj-ministro-humberto-martins-participa-da-posse-de-luiz-jose-dezena-da-silva-no-tst.html\" \/>\n<meta property=\"og:locale\" content=\"pt_BR\" \/>\n<meta property=\"og:type\" content=\"article\" \/>\n<meta property=\"og:title\" content=\"STJ: Ministro Humberto Martins participa da posse de Luiz Jos\u00e9 Dezena da Silva no TST | Portal de Not\u00edcias\" \/>\n<meta property=\"og:description\" content=\"O corregedor nacional de Justi&ccedil;a, ministro Humberto Martins, representou o presidente do Superior Tribunal de Justi&ccedil;a (STJ), ministro Jo&atilde;o Ot&aacute;vio de Noronha, na sess&atilde;o solene de posse de Luiz Jos&eacute; Dezena da Silva no cargo de ministro do Tribunal Superior do Trabalho (TST), nesta quarta-feira (5). A cerim&ocirc;nia foi realizada no Plen&aacute;rio Arnaldo S&uuml;ssekind, na [&hellip;]\" \/>\n<meta property=\"og:url\" content=\"https:\/\/mhcalculos.com.br\/noticias\/area\/previdenciario\/stj-ministro-humberto-martins-participa-da-posse-de-luiz-jose-dezena-da-silva-no-tst.html\" \/>\n<meta property=\"og:site_name\" content=\"Portal de Not\u00edcias\" \/>\n<meta property=\"article:published_time\" content=\"2018-12-07T09:00:14+00:00\" \/>\n<meta property=\"article:modified_time\" content=\"2021-07-28T17:33:42+00:00\" \/>\n<meta property=\"og:image\" content=\"https:\/\/mhcalculos.com.br\/noticias\/wp-content\/uploads\/sites\/2\/2018\/07\/judiciario-0019.jpg\" \/>\n\t<meta property=\"og:image:width\" content=\"2000\" \/>\n\t<meta property=\"og:image:height\" content=\"800\" \/>\n\t<meta property=\"og:image:type\" content=\"image\/jpeg\" \/>\n<meta name=\"author\" content=\"Equipe MH\" \/>\n<meta name=\"twitter:card\" content=\"summary_large_image\" \/>\n<meta name=\"twitter:label1\" content=\"Escrito por\" \/>\n\t<meta name=\"twitter:data1\" content=\"Equipe MH\" \/>\n\t<meta name=\"twitter:label2\" content=\"Est. tempo de leitura\" \/>\n\t<meta name=\"twitter:data2\" content=\"1 minuto\" \/>\n<script type=\"application\/ld+json\" class=\"yoast-schema-graph\">{\"@context\":\"https:\/\/schema.org\",\"@graph\":[{\"@type\":\"Article\",\"@id\":\"https:\/\/mhcalculos.com.br\/noticias\/area\/previdenciario\/stj-ministro-humberto-martins-participa-da-posse-de-luiz-jose-dezena-da-silva-no-tst.html#article\",\"isPartOf\":{\"@id\":\"https:\/\/mhcalculos.com.br\/noticias\/area\/previdenciario\/stj-ministro-humberto-martins-participa-da-posse-de-luiz-jose-dezena-da-silva-no-tst.html\"},\"author\":{\"name\":\"Equipe MH\",\"@id\":\"https:\/\/mhcalculos.com.br\/noticias\/#\/schema\/person\/88d1c34bf72dc779ea14a5a6b8e0ae8d\"},\"headline\":\"STJ: Ministro Humberto Martins participa da posse de Luiz Jos\u00e9 Dezena da Silva no TST\",\"datePublished\":\"2018-12-07T09:00:14+00:00\",\"dateModified\":\"2021-07-28T17:33:42+00:00\",\"mainEntityOfPage\":{\"@id\":\"https:\/\/mhcalculos.com.br\/noticias\/area\/previdenciario\/stj-ministro-humberto-martins-participa-da-posse-de-luiz-jose-dezena-da-silva-no-tst.html\"},\"wordCount\":241,\"commentCount\":0,\"image\":{\"@id\":\"https:\/\/mhcalculos.com.br\/noticias\/area\/previdenciario\/stj-ministro-humberto-martins-participa-da-posse-de-luiz-jose-dezena-da-silva-no-tst.html#primaryimage\"},\"thumbnailUrl\":\"https:\/\/mhcalculos.com.br\/noticias\/wp-content\/uploads\/sites\/2\/2018\/07\/judiciario-0019.jpg\",\"keywords\":[\"aposentadoria\",\"c\u00e1lculos previdenci\u00e1rios\",\"direito previdenci\u00e1rio\",\"inss\",\"per\u00edcia\",\"perito\",\"stj\"],\"articleSection\":[\"Direito Previdenci\u00e1rio\",\"STJ\"],\"inLanguage\":\"pt-BR\",\"potentialAction\":[{\"@type\":\"CommentAction\",\"name\":\"Comment\",\"target\":[\"https:\/\/mhcalculos.com.br\/noticias\/area\/previdenciario\/stj-ministro-humberto-martins-participa-da-posse-de-luiz-jose-dezena-da-silva-no-tst.html#respond\"]}]},{\"@type\":\"WebPage\",\"@id\":\"https:\/\/mhcalculos.com.br\/noticias\/area\/previdenciario\/stj-ministro-humberto-martins-participa-da-posse-de-luiz-jose-dezena-da-silva-no-tst.html\",\"url\":\"https:\/\/mhcalculos.com.br\/noticias\/area\/previdenciario\/stj-ministro-humberto-martins-participa-da-posse-de-luiz-jose-dezena-da-silva-no-tst.html\",\"name\":\"STJ: Ministro Humberto Martins participa da posse de Luiz Jos\u00e9 Dezena da Silva no TST | Portal de Not\u00edcias\",\"isPartOf\":{\"@id\":\"https:\/\/mhcalculos.com.br\/noticias\/#website\"},\"primaryImageOfPage\":{\"@id\":\"https:\/\/mhcalculos.com.br\/noticias\/area\/previdenciario\/stj-ministro-humberto-martins-participa-da-posse-de-luiz-jose-dezena-da-silva-no-tst.html#primaryimage\"},\"image\":{\"@id\":\"https:\/\/mhcalculos.com.br\/noticias\/area\/previdenciario\/stj-ministro-humberto-martins-participa-da-posse-de-luiz-jose-dezena-da-silva-no-tst.html#primaryimage\"},\"thumbnailUrl\":\"https:\/\/mhcalculos.com.br\/noticias\/wp-content\/uploads\/sites\/2\/2018\/07\/judiciario-0019.jpg\",\"datePublished\":\"2018-12-07T09:00:14+00:00\",\"dateModified\":\"2021-07-28T17:33:42+00:00\",\"author\":{\"@id\":\"https:\/\/mhcalculos.com.br\/noticias\/#\/schema\/person\/88d1c34bf72dc779ea14a5a6b8e0ae8d\"},\"breadcrumb\":{\"@id\":\"https:\/\/mhcalculos.com.br\/noticias\/area\/previdenciario\/stj-ministro-humberto-martins-participa-da-posse-de-luiz-jose-dezena-da-silva-no-tst.html#breadcrumb\"},\"inLanguage\":\"pt-BR\",\"potentialAction\":[{\"@type\":\"ReadAction\",\"target\":[\"https:\/\/mhcalculos.com.br\/noticias\/area\/previdenciario\/stj-ministro-humberto-martins-participa-da-posse-de-luiz-jose-dezena-da-silva-no-tst.html\"]}]},{\"@type\":\"ImageObject\",\"inLanguage\":\"pt-BR\",\"@id\":\"https:\/\/mhcalculos.com.br\/noticias\/area\/previdenciario\/stj-ministro-humberto-martins-participa-da-posse-de-luiz-jose-dezena-da-silva-no-tst.html#primaryimage\",\"url\":\"https:\/\/mhcalculos.com.br\/noticias\/wp-content\/uploads\/sites\/2\/2018\/07\/judiciario-0019.jpg\",\"contentUrl\":\"https:\/\/mhcalculos.com.br\/noticias\/wp-content\/uploads\/sites\/2\/2018\/07\/judiciario-0019.jpg\",\"width\":2000,\"height\":800},{\"@type\":\"BreadcrumbList\",\"@id\":\"https:\/\/mhcalculos.com.br\/noticias\/area\/previdenciario\/stj-ministro-humberto-martins-participa-da-posse-de-luiz-jose-dezena-da-silva-no-tst.html#breadcrumb\",\"itemListElement\":[{\"@type\":\"ListItem\",\"position\":1,\"name\":\"In\u00edcio\",\"item\":\"https:\/\/mhcalculos.com.br\/noticias\/\"},{\"@type\":\"ListItem\",\"position\":2,\"name\":\"STJ: Ministro Humberto Martins participa da posse de Luiz Jos\u00e9 Dezena da Silva no TST\"}]},{\"@type\":\"WebSite\",\"@id\":\"https:\/\/mhcalculos.com.br\/noticias\/#website\",\"url\":\"https:\/\/mhcalculos.com.br\/noticias\/\",\"name\":\"Portal de Not\u00edcias\",\"description\":\"Not\u00edcias e Jurisprud\u00eancia\",\"potentialAction\":[{\"@type\":\"SearchAction\",\"target\":{\"@type\":\"EntryPoint\",\"urlTemplate\":\"https:\/\/mhcalculos.com.br\/noticias\/?s={search_term_string}\"},\"query-input\":{\"@type\":\"PropertyValueSpecification\",\"valueRequired\":true,\"valueName\":\"search_term_string\"}}],\"inLanguage\":\"pt-BR\"},{\"@type\":\"Person\",\"@id\":\"https:\/\/mhcalculos.com.br\/noticias\/#\/schema\/person\/88d1c34bf72dc779ea14a5a6b8e0ae8d\",\"name\":\"Equipe MH\",\"image\":{\"@type\":\"ImageObject\",\"inLanguage\":\"pt-BR\",\"@id\":\"https:\/\/secure.gravatar.com\/avatar\/de1c686c2ecc9c5a3f327e3431d819eb39f8f05d4e1045f5a1caad6daaba987f?s=96&d=mm&r=g\",\"url\":\"https:\/\/secure.gravatar.com\/avatar\/de1c686c2ecc9c5a3f327e3431d819eb39f8f05d4e1045f5a1caad6daaba987f?s=96&d=mm&r=g\",\"contentUrl\":\"https:\/\/secure.gravatar.com\/avatar\/de1c686c2ecc9c5a3f327e3431d819eb39f8f05d4e1045f5a1caad6daaba987f?s=96&d=mm&r=g\",\"caption\":\"Equipe MH\"}}]}<\/script>\n<!-- \/ Yoast SEO plugin. -->","yoast_head_json":{"title":"STJ: Ministro Humberto Martins participa da posse de Luiz Jos\u00e9 Dezena da Silva no TST | Portal de Not\u00edcias","robots":{"index":"index","follow":"follow","max-snippet":"max-snippet:-1","max-image-preview":"max-image-preview:large","max-video-preview":"max-video-preview:-1"},"canonical":"https:\/\/mhcalculos.com.br\/noticias\/area\/previdenciario\/stj-ministro-humberto-martins-participa-da-posse-de-luiz-jose-dezena-da-silva-no-tst.html","og_locale":"pt_BR","og_type":"article","og_title":"STJ: Ministro Humberto Martins participa da posse de Luiz Jos\u00e9 Dezena da Silva no TST | Portal de Not\u00edcias","og_description":"O corregedor nacional de Justi&ccedil;a, ministro Humberto Martins, representou o presidente do Superior Tribunal de Justi&ccedil;a (STJ), ministro Jo&atilde;o Ot&aacute;vio de Noronha, na sess&atilde;o solene de posse de Luiz Jos&eacute; Dezena da Silva no cargo de ministro do Tribunal Superior do Trabalho (TST), nesta quarta-feira (5). A cerim&ocirc;nia foi realizada no Plen&aacute;rio Arnaldo S&uuml;ssekind, na [&hellip;]","og_url":"https:\/\/mhcalculos.com.br\/noticias\/area\/previdenciario\/stj-ministro-humberto-martins-participa-da-posse-de-luiz-jose-dezena-da-silva-no-tst.html","og_site_name":"Portal de Not\u00edcias","article_published_time":"2018-12-07T09:00:14+00:00","article_modified_time":"2021-07-28T17:33:42+00:00","og_image":[{"width":2000,"height":800,"url":"https:\/\/mhcalculos.com.br\/noticias\/wp-content\/uploads\/sites\/2\/2018\/07\/judiciario-0019.jpg","type":"image\/jpeg"}],"author":"Equipe MH","twitter_card":"summary_large_image","twitter_misc":{"Escrito por":"Equipe MH","Est. tempo de leitura":"1 minuto"},"schema":{"@context":"https:\/\/schema.org","@graph":[{"@type":"Article","@id":"https:\/\/mhcalculos.com.br\/noticias\/area\/previdenciario\/stj-ministro-humberto-martins-participa-da-posse-de-luiz-jose-dezena-da-silva-no-tst.html#article","isPartOf":{"@id":"https:\/\/mhcalculos.com.br\/noticias\/area\/previdenciario\/stj-ministro-humberto-martins-participa-da-posse-de-luiz-jose-dezena-da-silva-no-tst.html"},"author":{"name":"Equipe MH","@id":"https:\/\/mhcalculos.com.br\/noticias\/#\/schema\/person\/88d1c34bf72dc779ea14a5a6b8e0ae8d"},"headline":"STJ: Ministro Humberto Martins participa da posse de Luiz Jos\u00e9 Dezena da Silva no TST","datePublished":"2018-12-07T09:00:14+00:00","dateModified":"2021-07-28T17:33:42+00:00","mainEntityOfPage":{"@id":"https:\/\/mhcalculos.com.br\/noticias\/area\/previdenciario\/stj-ministro-humberto-martins-participa-da-posse-de-luiz-jose-dezena-da-silva-no-tst.html"},"wordCount":241,"commentCount":0,"image":{"@id":"https:\/\/mhcalculos.com.br\/noticias\/area\/previdenciario\/stj-ministro-humberto-martins-participa-da-posse-de-luiz-jose-dezena-da-silva-no-tst.html#primaryimage"},"thumbnailUrl":"https:\/\/mhcalculos.com.br\/noticias\/wp-content\/uploads\/sites\/2\/2018\/07\/judiciario-0019.jpg","keywords":["aposentadoria","c\u00e1lculos previdenci\u00e1rios","direito previdenci\u00e1rio","inss","per\u00edcia","perito","stj"],"articleSection":["Direito Previdenci\u00e1rio","STJ"],"inLanguage":"pt-BR","potentialAction":[{"@type":"CommentAction","name":"Comment","target":["https:\/\/mhcalculos.com.br\/noticias\/area\/previdenciario\/stj-ministro-humberto-martins-participa-da-posse-de-luiz-jose-dezena-da-silva-no-tst.html#respond"]}]},{"@type":"WebPage","@id":"https:\/\/mhcalculos.com.br\/noticias\/area\/previdenciario\/stj-ministro-humberto-martins-participa-da-posse-de-luiz-jose-dezena-da-silva-no-tst.html","url":"https:\/\/mhcalculos.com.br\/noticias\/area\/previdenciario\/stj-ministro-humberto-martins-participa-da-posse-de-luiz-jose-dezena-da-silva-no-tst.html","name":"STJ: Ministro Humberto Martins participa da posse de Luiz Jos\u00e9 Dezena da Silva no TST | Portal de Not\u00edcias","isPartOf":{"@id":"https:\/\/mhcalculos.com.br\/noticias\/#website"},"primaryImageOfPage":{"@id":"https:\/\/mhcalculos.com.br\/noticias\/area\/previdenciario\/stj-ministro-humberto-martins-participa-da-posse-de-luiz-jose-dezena-da-silva-no-tst.html#primaryimage"},"image":{"@id":"https:\/\/mhcalculos.com.br\/noticias\/area\/previdenciario\/stj-ministro-humberto-martins-participa-da-posse-de-luiz-jose-dezena-da-silva-no-tst.html#primaryimage"},"thumbnailUrl":"https:\/\/mhcalculos.com.br\/noticias\/wp-content\/uploads\/sites\/2\/2018\/07\/judiciario-0019.jpg","datePublished":"2018-12-07T09:00:14+00:00","dateModified":"2021-07-28T17:33:42+00:00","author":{"@id":"https:\/\/mhcalculos.com.br\/noticias\/#\/schema\/person\/88d1c34bf72dc779ea14a5a6b8e0ae8d"},"breadcrumb":{"@id":"https:\/\/mhcalculos.com.br\/noticias\/area\/previdenciario\/stj-ministro-humberto-martins-participa-da-posse-de-luiz-jose-dezena-da-silva-no-tst.html#breadcrumb"},"inLanguage":"pt-BR","potentialAction":[{"@type":"ReadAction","target":["https:\/\/mhcalculos.com.br\/noticias\/area\/previdenciario\/stj-ministro-humberto-martins-participa-da-posse-de-luiz-jose-dezena-da-silva-no-tst.html"]}]},{"@type":"ImageObject","inLanguage":"pt-BR","@id":"https:\/\/mhcalculos.com.br\/noticias\/area\/previdenciario\/stj-ministro-humberto-martins-participa-da-posse-de-luiz-jose-dezena-da-silva-no-tst.html#primaryimage","url":"https:\/\/mhcalculos.com.br\/noticias\/wp-content\/uploads\/sites\/2\/2018\/07\/judiciario-0019.jpg","contentUrl":"https:\/\/mhcalculos.com.br\/noticias\/wp-content\/uploads\/sites\/2\/2018\/07\/judiciario-0019.jpg","width":2000,"height":800},{"@type":"BreadcrumbList","@id":"https:\/\/mhcalculos.com.br\/noticias\/area\/previdenciario\/stj-ministro-humberto-martins-participa-da-posse-de-luiz-jose-dezena-da-silva-no-tst.html#breadcrumb","itemListElement":[{"@type":"ListItem","position":1,"name":"In\u00edcio","item":"https:\/\/mhcalculos.com.br\/noticias\/"},{"@type":"ListItem","position":2,"name":"STJ: Ministro Humberto Martins participa da posse de Luiz Jos\u00e9 Dezena da Silva no TST"}]},{"@type":"WebSite","@id":"https:\/\/mhcalculos.com.br\/noticias\/#website","url":"https:\/\/mhcalculos.com.br\/noticias\/","name":"Portal de Not\u00edcias","description":"Not\u00edcias e Jurisprud\u00eancia","potentialAction":[{"@type":"SearchAction","target":{"@type":"EntryPoint","urlTemplate":"https:\/\/mhcalculos.com.br\/noticias\/?s={search_term_string}"},"query-input":{"@type":"PropertyValueSpecification","valueRequired":true,"valueName":"search_term_string"}}],"inLanguage":"pt-BR"},{"@type":"Person","@id":"https:\/\/mhcalculos.com.br\/noticias\/#\/schema\/person\/88d1c34bf72dc779ea14a5a6b8e0ae8d","name":"Equipe MH","image":{"@type":"ImageObject","inLanguage":"pt-BR","@id":"https:\/\/secure.gravatar.com\/avatar\/de1c686c2ecc9c5a3f327e3431d819eb39f8f05d4e1045f5a1caad6daaba987f?s=96&d=mm&r=g","url":"https:\/\/secure.gravatar.com\/avatar\/de1c686c2ecc9c5a3f327e3431d819eb39f8f05d4e1045f5a1caad6daaba987f?s=96&d=mm&r=g","contentUrl":"https:\/\/secure.gravatar.com\/avatar\/de1c686c2ecc9c5a3f327e3431d819eb39f8f05d4e1045f5a1caad6daaba987f?s=96&d=mm&r=g","caption":"Equipe MH"}}]}},"_links":{"self":[{"href":"https:\/\/mhcalculos.com.br\/noticias\/wp-json\/wp\/v2\/posts\/3443","targetHints":{"allow":["GET"]}}],"collection":[{"href":"https:\/\/mhcalculos.com.br\/noticias\/wp-json\/wp\/v2\/posts"}],"about":[{"href":"https:\/\/mhcalculos.com.br\/noticias\/wp-json\/wp\/v2\/types\/post"}],"author":[{"embeddable":true,"href":"https:\/\/mhcalculos.com.br\/noticias\/wp-json\/wp\/v2\/users\/3063"}],"replies":[{"embeddable":true,"href":"https:\/\/mhcalculos.com.br\/noticias\/wp-json\/wp\/v2\/comments?post=3443"}],"version-history":[{"count":1,"href":"https:\/\/mhcalculos.com.br\/noticias\/wp-json\/wp\/v2\/posts\/3443\/revisions"}],"predecessor-version":[{"id":10120,"href":"https:\/\/mhcalculos.com.br\/noticias\/wp-json\/wp\/v2\/posts\/3443\/revisions\/10120"}],"wp:featuredmedia":[{"embeddable":true,"href":"https:\/\/mhcalculos.com.br\/noticias\/wp-json\/wp\/v2\/media\/2607"}],"wp:attachment":[{"href":"https:\/\/mhcalculos.com.br\/noticias\/wp-json\/wp\/v2\/media?parent=3443"}],"wp:term":[{"taxonomy":"category","embeddable":true,"href":"https:\/\/mhcalculos.com.br\/noticias\/wp-json\/wp\/v2\/categories?post=3443"},{"taxonomy":"post_tag","embeddable":true,"href":"https:\/\/mhcalculos.com.br\/noticias\/wp-json\/wp\/v2\/tags?post=3443"}],"curies":[{"name":"wp","href":"https:\/\/api.w.org\/{rel}","templated":true}]}}