{"id":3437,"date":"2018-11-30T07:10:00","date_gmt":"2018-11-30T09:10:00","guid":{"rendered":"https:\/\/mhcalculos.com.br\/noticias\/2018\/11\/30\/tst-pretensao-baseada-em-premissas-nao-comprovadas-nao-caracteriza-ma-fe-de-pedreiro\/"},"modified":"2021-07-28T14:33:45","modified_gmt":"2021-07-28T17:33:45","slug":"tst-pretensao-baseada-em-premissas-nao-comprovadas-nao-caracteriza-ma-fe-de-pedreiro","status":"publish","type":"post","link":"https:\/\/mhcalculos.com.br\/noticias\/area\/trabalhista\/tst-pretensao-baseada-em-premissas-nao-comprovadas-nao-caracteriza-ma-fe-de-pedreiro.html","title":{"rendered":"TST: Pretens\u00e3o baseada em premissas n\u00e3o comprovadas n\u00e3o caracteriza m\u00e1-f\u00e9 de pedreiro"},"content":{"rendered":"<p><br \/>\n  <\/p>\n<p ><em>Ele n\u00e3o conseguiu demonstrar que prestou as horas extras informadas na a\u00e7\u00e3o.<\/em><\/p>\n<p >A Terceira Turma do Tribunal Superior do Trabalho absolveu um pedreiro do pagamento da multa por litig\u00e2ncia de m\u00e1-f\u00e9 aplicada na a\u00e7\u00e3o em que ele pretendia o recebimento de horas extras da A. Tonanni Constru\u00e7\u00f5es e Servi\u00e7os Ltda. Para a Turma, a n\u00e3o comprova\u00e7\u00e3o de fato alegado por ele n\u00e3o justifica, por si s\u00f3, a aplica\u00e7\u00e3o da penalidade.<\/p>\n<p ><strong>Horas extras<\/strong><\/p>\n<p >Contratado pela Tonanni para prestar servi\u00e7os \u00e0 Petr\u00f3leo Brasileiro S.A. (Petrobras) em Aracaju (SE), o pedreiro alegou ter prestado horas extras habitualmente sem nunca ter recebido o valor correspondente ou assinado nenhum acordo de compensa\u00e7\u00e3o. A empresa, no entanto, apresentou contracheques demonstrando o pagamento das parcelas.<\/p>\n<p >Embora o empregado tenha questionado a validade dos contracheques como meio de prova por n\u00e3o estarem assinados por ele, o ju\u00edzo da Vara do Trabalho de Maruim (SE) julgou improcedentes os pedidos.<\/p>\n<p ><strong>M\u00e1-f\u00e9<\/strong><\/p>\n<p >No julgamento do recurso ordin\u00e1rio, o Tribunal Regional do Trabalho da 20\u00aa Regi\u00e3o (SE) manteve a senten\u00e7a e, ainda, concluiu que o empregado havia baseado sua pretens\u00e3o em premissas n\u00e3o condizentes com a realidade dos fatos. A conduta, para o TRT, caracterizaria a litig\u00e2ncia de m\u00e1-f\u00e9, prevista no artigo 80, inciso II, do <a href=\"http:\/\/www.planalto.gov.br\/ccivil_03\/_Ato2015-2018\/2015\/Lei\/L13105.htm\" target=\"_blank\" rel=\"noopener\">C\u00f3digo de Processo Civil<\/a> (CPC). Com isso, aplicou a multa de 2% sobre o valor corrigido da causa, o que representaria R$ 995.<\/p>\n<p ><strong>Intuito malicioso<\/strong><\/p>\n<p >Segundo o relator do recurso de revista do pedreiro, ministro Mauricio Godinho Delgado, a declara\u00e7\u00e3o prestada, caso n\u00e3o comprovada, pode conduzir \u00e0 improced\u00eancia do pedido, mas n\u00e3o \u00e0 presun\u00e7\u00e3o de que a verdade dos fatos tenha sido modificada \u201ccom o intuito exclusivo e malicioso de acarretar dano processual para a parte contr\u00e1ria\u201d.<\/p>\n<p >O ministro ressaltou que, no caso, a alega\u00e7\u00e3o de que a empresa nunca havia quitado as horas extras devidas n\u00e3o cont\u00e9m nenhuma incongru\u00eancia relevante com as teses de invalidade dos contracheques pela aus\u00eancia de assinatura e de pagamento a menor de horas extras. \u201cA n\u00e3o comprova\u00e7\u00e3o de fato alegado pela parte n\u00e3o configura, por si s\u00f3, a conduta tipificada no artigo 80, inciso II, do CPC, para autorizar a incid\u00eancia da multa estabelecida em favor da empresa\u201d, concluiu.<\/p>\n<p >A decis\u00e3o foi un\u00e2nime.<\/p>\n<p >(LT\/CF)<\/p>\n<p >Processo: <a href=\"http:\/\/aplicacao4.tst.jus.br\/consultaProcessual\/consultaTstNumUnica.do;jsessionid=0A04180945854D6081F88E2575B6D30A.vm152?conscsjt=&amp;numeroTst=1649&amp;digitoTst=62&amp;anoTst=2015&amp;orgaoTst=5&amp;tribunalTst=20&amp;varaTst=0011&amp;consulta=Consultar\" target=\"_blank\" rel=\"noopener\">RR-1649-62.2015.5.20.0011<\/a><\/p>\n<p> O TST possui oito Turmas, cada uma composta de tr\u00eas ministros, com a atribui\u00e7\u00e3o de analisar recursos de revista, agravos, agravos de instrumento, agravos regimentais e recursos ordin\u00e1rios em a\u00e7\u00e3o cautelar. Das decis\u00f5es das Turmas, a parte ainda pode, em alguns casos, recorrer \u00e0 Subse\u00e7\u00e3o I Especializada em Diss\u00eddios Individuais (SBDI-1). <strong>Esta mat\u00e9ria tem cunho meramente informativo.<br \/> Permitida a reprodu\u00e7\u00e3o mediante cita\u00e7\u00e3o da fonte.<br \/> Secretaria de Comunica\u00e7\u00e3o Social<br \/> <a href=\"http:\/\/www.tst.jus.br\/\" target=\"_blank\" rel=\"noopener\">Tribunal Superior do Trabalho<\/a><br \/> Tel. (61) 3043-4907<br \/> <a href=\"mailto:secom@tst.jus.br\">secom@tst.jus.br<\/a><\/strong>       <\/br><br \/>\n<br \/><i>Com informa\u00e7\u00f5es da assessoria de imprensa do TST.<\/i><br \/>\n<br \/><a href=\"http:\/\/www.tst.jus.br\/web\/guest\/noticias?p_p_id=89Dk&#038;p_p_lifecycle=0&#038;refererPlid=10730&#038;_89Dk_struts_action=%2Fjournal_content%2Fview&#038;_89Dk_groupId=10157&#038;_89Dk_articleId=24744407\">Fonte<\/a><br \/>\n<br \/><\/p>\n","protected":false},"excerpt":{"rendered":"<p>Ele n\u00e3o conseguiu demonstrar que prestou as horas extras informadas na a\u00e7\u00e3o. A Terceira Turma do Tribunal Superior do Trabalho absolveu um pedreiro do pagamento da multa por litig\u00e2ncia de m\u00e1-f\u00e9 aplicada na a\u00e7\u00e3o em que ele pretendia o recebimento de horas extras da A. Tonanni Constru\u00e7\u00f5es e Servi\u00e7os Ltda. Para a Turma, a n\u00e3o [&hellip;]<\/p>\n","protected":false},"author":3063,"featured_media":2581,"comment_status":"open","ping_status":"open","sticky":false,"template":"","format":"standard","meta":{"footnotes":""},"categories":[3,21],"tags":[33,216,9,12,217,215],"class_list":{"0":"post-3437","1":"post","2":"type-post","3":"status-publish","4":"format-standard","5":"has-post-thumbnail","7":"category-trabalhista","8":"category-tst","9":"tag-calculos-trabalhistas","10":"tag-direito-trabalhista","11":"tag-pericia","12":"tag-perito","13":"tag-trabalho","14":"tag-tst"},"yoast_head":"<!-- This site is optimized with the Yoast SEO plugin v27.2 - https:\/\/yoast.com\/product\/yoast-seo-wordpress\/ -->\n<title>TST: Pretens\u00e3o baseada em premissas n\u00e3o comprovadas n\u00e3o caracteriza m\u00e1-f\u00e9 de pedreiro | Portal de Not\u00edcias<\/title>\n<meta name=\"robots\" content=\"index, follow, max-snippet:-1, max-image-preview:large, max-video-preview:-1\" \/>\n<link rel=\"canonical\" href=\"https:\/\/mhcalculos.com.br\/noticias\/area\/trabalhista\/tst-pretensao-baseada-em-premissas-nao-comprovadas-nao-caracteriza-ma-fe-de-pedreiro.html\" \/>\n<meta property=\"og:locale\" content=\"pt_BR\" \/>\n<meta property=\"og:type\" content=\"article\" \/>\n<meta property=\"og:title\" content=\"TST: Pretens\u00e3o baseada em premissas n\u00e3o comprovadas n\u00e3o caracteriza m\u00e1-f\u00e9 de pedreiro | Portal de Not\u00edcias\" \/>\n<meta property=\"og:description\" content=\"Ele n\u00e3o conseguiu demonstrar que prestou as horas extras informadas na a\u00e7\u00e3o. A Terceira Turma do Tribunal Superior do Trabalho absolveu um pedreiro do pagamento da multa por litig\u00e2ncia de m\u00e1-f\u00e9 aplicada na a\u00e7\u00e3o em que ele pretendia o recebimento de horas extras da A. Tonanni Constru\u00e7\u00f5es e Servi\u00e7os Ltda. Para a Turma, a n\u00e3o [&hellip;]\" \/>\n<meta property=\"og:url\" content=\"https:\/\/mhcalculos.com.br\/noticias\/area\/trabalhista\/tst-pretensao-baseada-em-premissas-nao-comprovadas-nao-caracteriza-ma-fe-de-pedreiro.html\" \/>\n<meta property=\"og:site_name\" content=\"Portal de Not\u00edcias\" \/>\n<meta property=\"article:published_time\" content=\"2018-11-30T09:10:00+00:00\" \/>\n<meta property=\"article:modified_time\" content=\"2021-07-28T17:33:45+00:00\" \/>\n<meta property=\"og:image\" content=\"https:\/\/mhcalculos.com.br\/noticias\/wp-content\/uploads\/sites\/2\/2018\/07\/judiciario-0002.jpg\" \/>\n\t<meta property=\"og:image:width\" content=\"2000\" \/>\n\t<meta property=\"og:image:height\" content=\"800\" \/>\n\t<meta property=\"og:image:type\" content=\"image\/jpeg\" \/>\n<meta name=\"author\" content=\"Equipe MH\" \/>\n<meta name=\"twitter:card\" content=\"summary_large_image\" \/>\n<meta name=\"twitter:label1\" content=\"Escrito por\" \/>\n\t<meta name=\"twitter:data1\" content=\"Equipe MH\" \/>\n\t<meta name=\"twitter:label2\" content=\"Est. tempo de leitura\" \/>\n\t<meta name=\"twitter:data2\" content=\"3 minutos\" \/>\n<script type=\"application\/ld+json\" class=\"yoast-schema-graph\">{\"@context\":\"https:\/\/schema.org\",\"@graph\":[{\"@type\":\"Article\",\"@id\":\"https:\/\/mhcalculos.com.br\/noticias\/area\/trabalhista\/tst-pretensao-baseada-em-premissas-nao-comprovadas-nao-caracteriza-ma-fe-de-pedreiro.html#article\",\"isPartOf\":{\"@id\":\"https:\/\/mhcalculos.com.br\/noticias\/area\/trabalhista\/tst-pretensao-baseada-em-premissas-nao-comprovadas-nao-caracteriza-ma-fe-de-pedreiro.html\"},\"author\":{\"name\":\"Equipe MH\",\"@id\":\"https:\/\/mhcalculos.com.br\/noticias\/#\/schema\/person\/88d1c34bf72dc779ea14a5a6b8e0ae8d\"},\"headline\":\"TST: Pretens\u00e3o baseada em premissas n\u00e3o comprovadas n\u00e3o caracteriza m\u00e1-f\u00e9 de pedreiro\",\"datePublished\":\"2018-11-30T09:10:00+00:00\",\"dateModified\":\"2021-07-28T17:33:45+00:00\",\"mainEntityOfPage\":{\"@id\":\"https:\/\/mhcalculos.com.br\/noticias\/area\/trabalhista\/tst-pretensao-baseada-em-premissas-nao-comprovadas-nao-caracteriza-ma-fe-de-pedreiro.html\"},\"wordCount\":519,\"commentCount\":0,\"image\":{\"@id\":\"https:\/\/mhcalculos.com.br\/noticias\/area\/trabalhista\/tst-pretensao-baseada-em-premissas-nao-comprovadas-nao-caracteriza-ma-fe-de-pedreiro.html#primaryimage\"},\"thumbnailUrl\":\"https:\/\/mhcalculos.com.br\/noticias\/wp-content\/uploads\/sites\/2\/2018\/07\/judiciario-0002.jpg\",\"keywords\":[\"c\u00e1lculos trabalhistas\",\"direito trabalhista\",\"per\u00edcia\",\"perito\",\"trabalho\",\"TST\"],\"articleSection\":[\"Direito Trabalhista\",\"TST\"],\"inLanguage\":\"pt-BR\",\"potentialAction\":[{\"@type\":\"CommentAction\",\"name\":\"Comment\",\"target\":[\"https:\/\/mhcalculos.com.br\/noticias\/area\/trabalhista\/tst-pretensao-baseada-em-premissas-nao-comprovadas-nao-caracteriza-ma-fe-de-pedreiro.html#respond\"]}]},{\"@type\":\"WebPage\",\"@id\":\"https:\/\/mhcalculos.com.br\/noticias\/area\/trabalhista\/tst-pretensao-baseada-em-premissas-nao-comprovadas-nao-caracteriza-ma-fe-de-pedreiro.html\",\"url\":\"https:\/\/mhcalculos.com.br\/noticias\/area\/trabalhista\/tst-pretensao-baseada-em-premissas-nao-comprovadas-nao-caracteriza-ma-fe-de-pedreiro.html\",\"name\":\"TST: Pretens\u00e3o baseada em premissas n\u00e3o comprovadas n\u00e3o caracteriza m\u00e1-f\u00e9 de pedreiro | Portal de Not\u00edcias\",\"isPartOf\":{\"@id\":\"https:\/\/mhcalculos.com.br\/noticias\/#website\"},\"primaryImageOfPage\":{\"@id\":\"https:\/\/mhcalculos.com.br\/noticias\/area\/trabalhista\/tst-pretensao-baseada-em-premissas-nao-comprovadas-nao-caracteriza-ma-fe-de-pedreiro.html#primaryimage\"},\"image\":{\"@id\":\"https:\/\/mhcalculos.com.br\/noticias\/area\/trabalhista\/tst-pretensao-baseada-em-premissas-nao-comprovadas-nao-caracteriza-ma-fe-de-pedreiro.html#primaryimage\"},\"thumbnailUrl\":\"https:\/\/mhcalculos.com.br\/noticias\/wp-content\/uploads\/sites\/2\/2018\/07\/judiciario-0002.jpg\",\"datePublished\":\"2018-11-30T09:10:00+00:00\",\"dateModified\":\"2021-07-28T17:33:45+00:00\",\"author\":{\"@id\":\"https:\/\/mhcalculos.com.br\/noticias\/#\/schema\/person\/88d1c34bf72dc779ea14a5a6b8e0ae8d\"},\"breadcrumb\":{\"@id\":\"https:\/\/mhcalculos.com.br\/noticias\/area\/trabalhista\/tst-pretensao-baseada-em-premissas-nao-comprovadas-nao-caracteriza-ma-fe-de-pedreiro.html#breadcrumb\"},\"inLanguage\":\"pt-BR\",\"potentialAction\":[{\"@type\":\"ReadAction\",\"target\":[\"https:\/\/mhcalculos.com.br\/noticias\/area\/trabalhista\/tst-pretensao-baseada-em-premissas-nao-comprovadas-nao-caracteriza-ma-fe-de-pedreiro.html\"]}]},{\"@type\":\"ImageObject\",\"inLanguage\":\"pt-BR\",\"@id\":\"https:\/\/mhcalculos.com.br\/noticias\/area\/trabalhista\/tst-pretensao-baseada-em-premissas-nao-comprovadas-nao-caracteriza-ma-fe-de-pedreiro.html#primaryimage\",\"url\":\"https:\/\/mhcalculos.com.br\/noticias\/wp-content\/uploads\/sites\/2\/2018\/07\/judiciario-0002.jpg\",\"contentUrl\":\"https:\/\/mhcalculos.com.br\/noticias\/wp-content\/uploads\/sites\/2\/2018\/07\/judiciario-0002.jpg\",\"width\":2000,\"height\":800},{\"@type\":\"BreadcrumbList\",\"@id\":\"https:\/\/mhcalculos.com.br\/noticias\/area\/trabalhista\/tst-pretensao-baseada-em-premissas-nao-comprovadas-nao-caracteriza-ma-fe-de-pedreiro.html#breadcrumb\",\"itemListElement\":[{\"@type\":\"ListItem\",\"position\":1,\"name\":\"In\u00edcio\",\"item\":\"https:\/\/mhcalculos.com.br\/noticias\/\"},{\"@type\":\"ListItem\",\"position\":2,\"name\":\"TST: Pretens\u00e3o baseada em premissas n\u00e3o comprovadas n\u00e3o caracteriza m\u00e1-f\u00e9 de pedreiro\"}]},{\"@type\":\"WebSite\",\"@id\":\"https:\/\/mhcalculos.com.br\/noticias\/#website\",\"url\":\"https:\/\/mhcalculos.com.br\/noticias\/\",\"name\":\"Portal de Not\u00edcias\",\"description\":\"Not\u00edcias e Jurisprud\u00eancia\",\"potentialAction\":[{\"@type\":\"SearchAction\",\"target\":{\"@type\":\"EntryPoint\",\"urlTemplate\":\"https:\/\/mhcalculos.com.br\/noticias\/?s={search_term_string}\"},\"query-input\":{\"@type\":\"PropertyValueSpecification\",\"valueRequired\":true,\"valueName\":\"search_term_string\"}}],\"inLanguage\":\"pt-BR\"},{\"@type\":\"Person\",\"@id\":\"https:\/\/mhcalculos.com.br\/noticias\/#\/schema\/person\/88d1c34bf72dc779ea14a5a6b8e0ae8d\",\"name\":\"Equipe MH\",\"image\":{\"@type\":\"ImageObject\",\"inLanguage\":\"pt-BR\",\"@id\":\"https:\/\/secure.gravatar.com\/avatar\/de1c686c2ecc9c5a3f327e3431d819eb39f8f05d4e1045f5a1caad6daaba987f?s=96&d=mm&r=g\",\"url\":\"https:\/\/secure.gravatar.com\/avatar\/de1c686c2ecc9c5a3f327e3431d819eb39f8f05d4e1045f5a1caad6daaba987f?s=96&d=mm&r=g\",\"contentUrl\":\"https:\/\/secure.gravatar.com\/avatar\/de1c686c2ecc9c5a3f327e3431d819eb39f8f05d4e1045f5a1caad6daaba987f?s=96&d=mm&r=g\",\"caption\":\"Equipe MH\"}}]}<\/script>\n<!-- \/ Yoast SEO plugin. -->","yoast_head_json":{"title":"TST: Pretens\u00e3o baseada em premissas n\u00e3o comprovadas n\u00e3o caracteriza m\u00e1-f\u00e9 de pedreiro | Portal de Not\u00edcias","robots":{"index":"index","follow":"follow","max-snippet":"max-snippet:-1","max-image-preview":"max-image-preview:large","max-video-preview":"max-video-preview:-1"},"canonical":"https:\/\/mhcalculos.com.br\/noticias\/area\/trabalhista\/tst-pretensao-baseada-em-premissas-nao-comprovadas-nao-caracteriza-ma-fe-de-pedreiro.html","og_locale":"pt_BR","og_type":"article","og_title":"TST: Pretens\u00e3o baseada em premissas n\u00e3o comprovadas n\u00e3o caracteriza m\u00e1-f\u00e9 de pedreiro | Portal de Not\u00edcias","og_description":"Ele n\u00e3o conseguiu demonstrar que prestou as horas extras informadas na a\u00e7\u00e3o. A Terceira Turma do Tribunal Superior do Trabalho absolveu um pedreiro do pagamento da multa por litig\u00e2ncia de m\u00e1-f\u00e9 aplicada na a\u00e7\u00e3o em que ele pretendia o recebimento de horas extras da A. Tonanni Constru\u00e7\u00f5es e Servi\u00e7os Ltda. Para a Turma, a n\u00e3o [&hellip;]","og_url":"https:\/\/mhcalculos.com.br\/noticias\/area\/trabalhista\/tst-pretensao-baseada-em-premissas-nao-comprovadas-nao-caracteriza-ma-fe-de-pedreiro.html","og_site_name":"Portal de Not\u00edcias","article_published_time":"2018-11-30T09:10:00+00:00","article_modified_time":"2021-07-28T17:33:45+00:00","og_image":[{"width":2000,"height":800,"url":"https:\/\/mhcalculos.com.br\/noticias\/wp-content\/uploads\/sites\/2\/2018\/07\/judiciario-0002.jpg","type":"image\/jpeg"}],"author":"Equipe MH","twitter_card":"summary_large_image","twitter_misc":{"Escrito por":"Equipe MH","Est. tempo de leitura":"3 minutos"},"schema":{"@context":"https:\/\/schema.org","@graph":[{"@type":"Article","@id":"https:\/\/mhcalculos.com.br\/noticias\/area\/trabalhista\/tst-pretensao-baseada-em-premissas-nao-comprovadas-nao-caracteriza-ma-fe-de-pedreiro.html#article","isPartOf":{"@id":"https:\/\/mhcalculos.com.br\/noticias\/area\/trabalhista\/tst-pretensao-baseada-em-premissas-nao-comprovadas-nao-caracteriza-ma-fe-de-pedreiro.html"},"author":{"name":"Equipe MH","@id":"https:\/\/mhcalculos.com.br\/noticias\/#\/schema\/person\/88d1c34bf72dc779ea14a5a6b8e0ae8d"},"headline":"TST: Pretens\u00e3o baseada em premissas n\u00e3o comprovadas n\u00e3o caracteriza m\u00e1-f\u00e9 de pedreiro","datePublished":"2018-11-30T09:10:00+00:00","dateModified":"2021-07-28T17:33:45+00:00","mainEntityOfPage":{"@id":"https:\/\/mhcalculos.com.br\/noticias\/area\/trabalhista\/tst-pretensao-baseada-em-premissas-nao-comprovadas-nao-caracteriza-ma-fe-de-pedreiro.html"},"wordCount":519,"commentCount":0,"image":{"@id":"https:\/\/mhcalculos.com.br\/noticias\/area\/trabalhista\/tst-pretensao-baseada-em-premissas-nao-comprovadas-nao-caracteriza-ma-fe-de-pedreiro.html#primaryimage"},"thumbnailUrl":"https:\/\/mhcalculos.com.br\/noticias\/wp-content\/uploads\/sites\/2\/2018\/07\/judiciario-0002.jpg","keywords":["c\u00e1lculos trabalhistas","direito trabalhista","per\u00edcia","perito","trabalho","TST"],"articleSection":["Direito Trabalhista","TST"],"inLanguage":"pt-BR","potentialAction":[{"@type":"CommentAction","name":"Comment","target":["https:\/\/mhcalculos.com.br\/noticias\/area\/trabalhista\/tst-pretensao-baseada-em-premissas-nao-comprovadas-nao-caracteriza-ma-fe-de-pedreiro.html#respond"]}]},{"@type":"WebPage","@id":"https:\/\/mhcalculos.com.br\/noticias\/area\/trabalhista\/tst-pretensao-baseada-em-premissas-nao-comprovadas-nao-caracteriza-ma-fe-de-pedreiro.html","url":"https:\/\/mhcalculos.com.br\/noticias\/area\/trabalhista\/tst-pretensao-baseada-em-premissas-nao-comprovadas-nao-caracteriza-ma-fe-de-pedreiro.html","name":"TST: Pretens\u00e3o baseada em premissas n\u00e3o comprovadas n\u00e3o caracteriza m\u00e1-f\u00e9 de pedreiro | Portal de Not\u00edcias","isPartOf":{"@id":"https:\/\/mhcalculos.com.br\/noticias\/#website"},"primaryImageOfPage":{"@id":"https:\/\/mhcalculos.com.br\/noticias\/area\/trabalhista\/tst-pretensao-baseada-em-premissas-nao-comprovadas-nao-caracteriza-ma-fe-de-pedreiro.html#primaryimage"},"image":{"@id":"https:\/\/mhcalculos.com.br\/noticias\/area\/trabalhista\/tst-pretensao-baseada-em-premissas-nao-comprovadas-nao-caracteriza-ma-fe-de-pedreiro.html#primaryimage"},"thumbnailUrl":"https:\/\/mhcalculos.com.br\/noticias\/wp-content\/uploads\/sites\/2\/2018\/07\/judiciario-0002.jpg","datePublished":"2018-11-30T09:10:00+00:00","dateModified":"2021-07-28T17:33:45+00:00","author":{"@id":"https:\/\/mhcalculos.com.br\/noticias\/#\/schema\/person\/88d1c34bf72dc779ea14a5a6b8e0ae8d"},"breadcrumb":{"@id":"https:\/\/mhcalculos.com.br\/noticias\/area\/trabalhista\/tst-pretensao-baseada-em-premissas-nao-comprovadas-nao-caracteriza-ma-fe-de-pedreiro.html#breadcrumb"},"inLanguage":"pt-BR","potentialAction":[{"@type":"ReadAction","target":["https:\/\/mhcalculos.com.br\/noticias\/area\/trabalhista\/tst-pretensao-baseada-em-premissas-nao-comprovadas-nao-caracteriza-ma-fe-de-pedreiro.html"]}]},{"@type":"ImageObject","inLanguage":"pt-BR","@id":"https:\/\/mhcalculos.com.br\/noticias\/area\/trabalhista\/tst-pretensao-baseada-em-premissas-nao-comprovadas-nao-caracteriza-ma-fe-de-pedreiro.html#primaryimage","url":"https:\/\/mhcalculos.com.br\/noticias\/wp-content\/uploads\/sites\/2\/2018\/07\/judiciario-0002.jpg","contentUrl":"https:\/\/mhcalculos.com.br\/noticias\/wp-content\/uploads\/sites\/2\/2018\/07\/judiciario-0002.jpg","width":2000,"height":800},{"@type":"BreadcrumbList","@id":"https:\/\/mhcalculos.com.br\/noticias\/area\/trabalhista\/tst-pretensao-baseada-em-premissas-nao-comprovadas-nao-caracteriza-ma-fe-de-pedreiro.html#breadcrumb","itemListElement":[{"@type":"ListItem","position":1,"name":"In\u00edcio","item":"https:\/\/mhcalculos.com.br\/noticias\/"},{"@type":"ListItem","position":2,"name":"TST: Pretens\u00e3o baseada em premissas n\u00e3o comprovadas n\u00e3o caracteriza m\u00e1-f\u00e9 de pedreiro"}]},{"@type":"WebSite","@id":"https:\/\/mhcalculos.com.br\/noticias\/#website","url":"https:\/\/mhcalculos.com.br\/noticias\/","name":"Portal de Not\u00edcias","description":"Not\u00edcias e Jurisprud\u00eancia","potentialAction":[{"@type":"SearchAction","target":{"@type":"EntryPoint","urlTemplate":"https:\/\/mhcalculos.com.br\/noticias\/?s={search_term_string}"},"query-input":{"@type":"PropertyValueSpecification","valueRequired":true,"valueName":"search_term_string"}}],"inLanguage":"pt-BR"},{"@type":"Person","@id":"https:\/\/mhcalculos.com.br\/noticias\/#\/schema\/person\/88d1c34bf72dc779ea14a5a6b8e0ae8d","name":"Equipe MH","image":{"@type":"ImageObject","inLanguage":"pt-BR","@id":"https:\/\/secure.gravatar.com\/avatar\/de1c686c2ecc9c5a3f327e3431d819eb39f8f05d4e1045f5a1caad6daaba987f?s=96&d=mm&r=g","url":"https:\/\/secure.gravatar.com\/avatar\/de1c686c2ecc9c5a3f327e3431d819eb39f8f05d4e1045f5a1caad6daaba987f?s=96&d=mm&r=g","contentUrl":"https:\/\/secure.gravatar.com\/avatar\/de1c686c2ecc9c5a3f327e3431d819eb39f8f05d4e1045f5a1caad6daaba987f?s=96&d=mm&r=g","caption":"Equipe MH"}}]}},"_links":{"self":[{"href":"https:\/\/mhcalculos.com.br\/noticias\/wp-json\/wp\/v2\/posts\/3437","targetHints":{"allow":["GET"]}}],"collection":[{"href":"https:\/\/mhcalculos.com.br\/noticias\/wp-json\/wp\/v2\/posts"}],"about":[{"href":"https:\/\/mhcalculos.com.br\/noticias\/wp-json\/wp\/v2\/types\/post"}],"author":[{"embeddable":true,"href":"https:\/\/mhcalculos.com.br\/noticias\/wp-json\/wp\/v2\/users\/3063"}],"replies":[{"embeddable":true,"href":"https:\/\/mhcalculos.com.br\/noticias\/wp-json\/wp\/v2\/comments?post=3437"}],"version-history":[{"count":1,"href":"https:\/\/mhcalculos.com.br\/noticias\/wp-json\/wp\/v2\/posts\/3437\/revisions"}],"predecessor-version":[{"id":10132,"href":"https:\/\/mhcalculos.com.br\/noticias\/wp-json\/wp\/v2\/posts\/3437\/revisions\/10132"}],"wp:featuredmedia":[{"embeddable":true,"href":"https:\/\/mhcalculos.com.br\/noticias\/wp-json\/wp\/v2\/media\/2581"}],"wp:attachment":[{"href":"https:\/\/mhcalculos.com.br\/noticias\/wp-json\/wp\/v2\/media?parent=3437"}],"wp:term":[{"taxonomy":"category","embeddable":true,"href":"https:\/\/mhcalculos.com.br\/noticias\/wp-json\/wp\/v2\/categories?post=3437"},{"taxonomy":"post_tag","embeddable":true,"href":"https:\/\/mhcalculos.com.br\/noticias\/wp-json\/wp\/v2\/tags?post=3437"}],"curies":[{"name":"wp","href":"https:\/\/api.w.org\/{rel}","templated":true}]}}