{"id":3433,"date":"2018-11-28T10:51:00","date_gmt":"2018-11-28T12:51:00","guid":{"rendered":"https:\/\/mhcalculos.com.br\/noticias\/2018\/11\/28\/tst-operador-de-empilhadeira-tem-direito-a-adicional-por-exposicao-a-glp\/"},"modified":"2021-07-28T14:33:46","modified_gmt":"2021-07-28T17:33:46","slug":"tst-operador-de-empilhadeira-tem-direito-a-adicional-por-exposicao-a-glp","status":"publish","type":"post","link":"https:\/\/mhcalculos.com.br\/noticias\/area\/trabalhista\/tst-operador-de-empilhadeira-tem-direito-a-adicional-por-exposicao-a-glp.html","title":{"rendered":"TST: Operador de empilhadeira tem direito a adicional por exposi\u00e7\u00e3o a GLP"},"content":{"rendered":"<p><br \/>\n  <\/p>\n<p ><em>A exposi\u00e7\u00e3o se dava na troca do cilindro de g\u00e1s da m\u00e1quina.<\/em><\/p>\n<p >A Quarta Turma do Tribunal Superior do Trabalho condenou a Empresa Brasileira de Correios e Tel\u00e9grafos (ECT) a pagar o adicional de periculosidade a um operador de empilhadeira em raz\u00e3o de sua exposi\u00e7\u00e3o ao g\u00e1s liquefeito de petr\u00f3leo (GLP). A decis\u00e3o considerou que, mesmo que por tempo reduzido, o contato com produtos inflam\u00e1veis sujeita o empregado a risco de explos\u00e3o a qualquer momento.<\/p>\n<p ><strong>Atividade perigosa<\/strong><\/p>\n<p >Na reclama\u00e7\u00e3o trabalhista, o operador disse que realizava carga e descarga de encomendas, conferia e separava malas e trocava o cilindro de g\u00e1s da empilhadeira. Sustentou que essa \u00faltima tarefa se enquadrava no Anexo 2 da <a href=\"http:\/\/trabalho.gov.br\/images\/Documentos\/SST\/NR\/NR16.pdf\" target=\"_blank\" rel=\"noopener\">Norma Regulamentadora 16<\/a> do Minist\u00e9rio do Trabalho, que trata das atividades e opera\u00e7\u00f5es perigosas com inflam\u00e1veis. Por isso, pedia a condena\u00e7\u00e3o da ECT ao pagamento do adicional de periculosidade no percentual de 30% do sal\u00e1rio-base.<\/p>\n<p >O laudo pericial comprovou que o empregado tinha contato com o combust\u00edvel por 10 minutos, tr\u00eas vezes por semana, em \u00e1rea de risco, o que caracterizaria exposi\u00e7\u00e3o ao risco de forma intermitente.<\/p>\n<p >Com base no laudo, o ju\u00edzo da 2\u00aa Vara do Trabalho de Dourados (MS) julgou procedente o pedido. A senten\u00e7a levou em conta ainda que, no local de trabalho, havia tr\u00eas cilindros reserva de 20 kg cada armazenados de forma inadequada e sem sinaliza\u00e7\u00e3o.<\/p>\n<p ><strong>Troca de cilindro<\/strong><\/p>\n<p >O Tribunal Regional do Trabalho da 24\u00aa Regi\u00e3o (MS), ao julgar recurso ordin\u00e1rio da ECT, entendeu que a substitui\u00e7\u00e3o de cilindros de g\u00e1s vazios por cheios n\u00e3o se equipara ao abastecimento, o que afastaria a exposi\u00e7\u00e3o a condi\u00e7\u00f5es de risco e, portanto, o direito ao adicional.<\/p>\n<p ><strong>Risco de explos\u00e3o<\/strong><\/p>\n<p >O relator do recurso de revista do operador, ministro Guilherme Caputo Bastos, observou que, de acordo com o item I da <a href=\"http:\/\/www3.tst.jus.br\/jurisprudencia\/Sumulas_com_indice\/Sumulas_Ind_351_400.html#SUM-364\" target=\"_blank\" rel=\"noopener\">S\u00famula 364<\/a> do TST, o adicional periculosidade \u00e9 indevido quando o contato com o fator de risco se d\u00e1 de forma fortuita ou, sendo habitual, por tempo extremamente reduzido. Explicou, no entanto, que o Tribunal tem entendido que o conceito jur\u00eddico de \u201ctempo extremamente reduzido\u201d envolve n\u00e3o apenas a quantidade de minutos, mas tamb\u00e9m o tipo de perigo ao qual o empregado \u00e9 exposto. \u201cA exposi\u00e7\u00e3o a produtos inflam\u00e1veis independe de qualquer grada\u00e7\u00e3o temporal, pois pass\u00edvel de explos\u00e3o a qualquer momento\u201d, destacou.<\/p>\n<p >Por unanimidade, a Turma deu provimento ao recurso para restabelecer a senten\u00e7a.<\/p>\n<p >(LC\/CF)<\/p>\n<p >Processo: <a href=\"http:\/\/aplicacao4.tst.jus.br\/consultaProcessual\/consultaTstNumUnica.do?consulta=Consultar&amp;conscsjt=&amp;numeroTst=24412&amp;digitoTst=13&amp;anoTst=2015&amp;orgaoTst=5&amp;tribunalTst=24&amp;varaTst=0022&amp;submit=Consultar\" target=\"_blank\" rel=\"noopener\">RR-24412-13.2015.5.24.0022<\/a><\/p>\n<p> O TST possui oito Turmas, cada uma composta de tr\u00eas ministros, com a atribui\u00e7\u00e3o de analisar recursos de revista, agravos, agravos de instrumento, agravos regimentais e recursos ordin\u00e1rios em a\u00e7\u00e3o cautelar. Das decis\u00f5es das Turmas, a parte ainda pode, em alguns casos, recorrer \u00e0 Subse\u00e7\u00e3o I Especializada em Diss\u00eddios Individuais (SBDI-1). <strong>Esta mat\u00e9ria tem cunho meramente informativo.<br \/> Permitida a reprodu\u00e7\u00e3o mediante cita\u00e7\u00e3o da fonte.<br \/> Secretaria de Comunica\u00e7\u00e3o Social<br \/> <a href=\"http:\/\/www.tst.jus.br\/\" target=\"_blank\" rel=\"noopener\">Tribunal Superior do Trabalho<\/a><br \/> Tel. (61) 3043-4907<br \/> <a href=\"mailto:secom@tst.jus.br\">secom@tst.jus.br<\/a><\/strong>       <\/br><br \/>\n<br \/><i>Com informa\u00e7\u00f5es da assessoria de imprensa do TST.<\/i><br \/>\n<br \/><a href=\"http:\/\/www.tst.jus.br\/web\/guest\/noticias?p_p_id=89Dk&#038;p_p_lifecycle=0&#038;refererPlid=10730&#038;_89Dk_struts_action=%2Fjournal_content%2Fview&#038;_89Dk_groupId=10157&#038;_89Dk_articleId=24740597\">Fonte<\/a><br \/>\n<br \/><\/p>\n","protected":false},"excerpt":{"rendered":"<p>A exposi\u00e7\u00e3o se dava na troca do cilindro de g\u00e1s da m\u00e1quina. A Quarta Turma do Tribunal Superior do Trabalho condenou a Empresa Brasileira de Correios e Tel\u00e9grafos (ECT) a pagar o adicional de periculosidade a um operador de empilhadeira em raz\u00e3o de sua exposi\u00e7\u00e3o ao g\u00e1s liquefeito de petr\u00f3leo (GLP). A decis\u00e3o considerou que, [&hellip;]<\/p>\n","protected":false},"author":3063,"featured_media":1799,"comment_status":"open","ping_status":"open","sticky":false,"template":"","format":"standard","meta":{"footnotes":""},"categories":[3,21],"tags":[33,216,9,12,217,215],"class_list":{"0":"post-3433","1":"post","2":"type-post","3":"status-publish","4":"format-standard","5":"has-post-thumbnail","7":"category-trabalhista","8":"category-tst","9":"tag-calculos-trabalhistas","10":"tag-direito-trabalhista","11":"tag-pericia","12":"tag-perito","13":"tag-trabalho","14":"tag-tst"},"yoast_head":"<!-- This site is optimized with the Yoast SEO plugin v27.2 - https:\/\/yoast.com\/product\/yoast-seo-wordpress\/ -->\n<title>TST: Operador de empilhadeira tem direito a adicional por exposi\u00e7\u00e3o a GLP | Portal de Not\u00edcias<\/title>\n<meta name=\"robots\" content=\"index, follow, max-snippet:-1, max-image-preview:large, max-video-preview:-1\" \/>\n<link rel=\"canonical\" href=\"https:\/\/mhcalculos.com.br\/noticias\/area\/trabalhista\/tst-operador-de-empilhadeira-tem-direito-a-adicional-por-exposicao-a-glp.html\" \/>\n<meta property=\"og:locale\" content=\"pt_BR\" \/>\n<meta property=\"og:type\" content=\"article\" \/>\n<meta property=\"og:title\" content=\"TST: Operador de empilhadeira tem direito a adicional por exposi\u00e7\u00e3o a GLP | Portal de Not\u00edcias\" \/>\n<meta property=\"og:description\" content=\"A exposi\u00e7\u00e3o se dava na troca do cilindro de g\u00e1s da m\u00e1quina. A Quarta Turma do Tribunal Superior do Trabalho condenou a Empresa Brasileira de Correios e Tel\u00e9grafos (ECT) a pagar o adicional de periculosidade a um operador de empilhadeira em raz\u00e3o de sua exposi\u00e7\u00e3o ao g\u00e1s liquefeito de petr\u00f3leo (GLP). A decis\u00e3o considerou que, [&hellip;]\" \/>\n<meta property=\"og:url\" content=\"https:\/\/mhcalculos.com.br\/noticias\/area\/trabalhista\/tst-operador-de-empilhadeira-tem-direito-a-adicional-por-exposicao-a-glp.html\" \/>\n<meta property=\"og:site_name\" content=\"Portal de Not\u00edcias\" \/>\n<meta property=\"article:published_time\" content=\"2018-11-28T12:51:00+00:00\" \/>\n<meta property=\"article:modified_time\" content=\"2021-07-28T17:33:46+00:00\" \/>\n<meta property=\"og:image\" content=\"https:\/\/mhcalculos.com.br\/noticias\/wp-content\/uploads\/sites\/2\/2018\/06\/trabalhista-0004.jpg\" \/>\n\t<meta property=\"og:image:width\" content=\"2000\" \/>\n\t<meta property=\"og:image:height\" content=\"800\" \/>\n\t<meta property=\"og:image:type\" content=\"image\/jpeg\" \/>\n<meta name=\"author\" content=\"Equipe MH\" \/>\n<meta name=\"twitter:card\" content=\"summary_large_image\" \/>\n<meta name=\"twitter:label1\" content=\"Escrito por\" \/>\n\t<meta name=\"twitter:data1\" content=\"Equipe MH\" \/>\n\t<meta name=\"twitter:label2\" content=\"Est. tempo de leitura\" \/>\n\t<meta name=\"twitter:data2\" content=\"3 minutos\" \/>\n<script type=\"application\/ld+json\" class=\"yoast-schema-graph\">{\"@context\":\"https:\/\/schema.org\",\"@graph\":[{\"@type\":\"Article\",\"@id\":\"https:\/\/mhcalculos.com.br\/noticias\/area\/trabalhista\/tst-operador-de-empilhadeira-tem-direito-a-adicional-por-exposicao-a-glp.html#article\",\"isPartOf\":{\"@id\":\"https:\/\/mhcalculos.com.br\/noticias\/area\/trabalhista\/tst-operador-de-empilhadeira-tem-direito-a-adicional-por-exposicao-a-glp.html\"},\"author\":{\"name\":\"Equipe MH\",\"@id\":\"https:\/\/mhcalculos.com.br\/noticias\/#\/schema\/person\/88d1c34bf72dc779ea14a5a6b8e0ae8d\"},\"headline\":\"TST: Operador de empilhadeira tem direito a adicional por exposi\u00e7\u00e3o a GLP\",\"datePublished\":\"2018-11-28T12:51:00+00:00\",\"dateModified\":\"2021-07-28T17:33:46+00:00\",\"mainEntityOfPage\":{\"@id\":\"https:\/\/mhcalculos.com.br\/noticias\/area\/trabalhista\/tst-operador-de-empilhadeira-tem-direito-a-adicional-por-exposicao-a-glp.html\"},\"wordCount\":542,\"commentCount\":0,\"image\":{\"@id\":\"https:\/\/mhcalculos.com.br\/noticias\/area\/trabalhista\/tst-operador-de-empilhadeira-tem-direito-a-adicional-por-exposicao-a-glp.html#primaryimage\"},\"thumbnailUrl\":\"https:\/\/mhcalculos.com.br\/noticias\/wp-content\/uploads\/sites\/2\/2018\/06\/trabalhista-0004.jpg\",\"keywords\":[\"c\u00e1lculos trabalhistas\",\"direito trabalhista\",\"per\u00edcia\",\"perito\",\"trabalho\",\"TST\"],\"articleSection\":[\"Direito Trabalhista\",\"TST\"],\"inLanguage\":\"pt-BR\",\"potentialAction\":[{\"@type\":\"CommentAction\",\"name\":\"Comment\",\"target\":[\"https:\/\/mhcalculos.com.br\/noticias\/area\/trabalhista\/tst-operador-de-empilhadeira-tem-direito-a-adicional-por-exposicao-a-glp.html#respond\"]}]},{\"@type\":\"WebPage\",\"@id\":\"https:\/\/mhcalculos.com.br\/noticias\/area\/trabalhista\/tst-operador-de-empilhadeira-tem-direito-a-adicional-por-exposicao-a-glp.html\",\"url\":\"https:\/\/mhcalculos.com.br\/noticias\/area\/trabalhista\/tst-operador-de-empilhadeira-tem-direito-a-adicional-por-exposicao-a-glp.html\",\"name\":\"TST: Operador de empilhadeira tem direito a adicional por exposi\u00e7\u00e3o a GLP | Portal de Not\u00edcias\",\"isPartOf\":{\"@id\":\"https:\/\/mhcalculos.com.br\/noticias\/#website\"},\"primaryImageOfPage\":{\"@id\":\"https:\/\/mhcalculos.com.br\/noticias\/area\/trabalhista\/tst-operador-de-empilhadeira-tem-direito-a-adicional-por-exposicao-a-glp.html#primaryimage\"},\"image\":{\"@id\":\"https:\/\/mhcalculos.com.br\/noticias\/area\/trabalhista\/tst-operador-de-empilhadeira-tem-direito-a-adicional-por-exposicao-a-glp.html#primaryimage\"},\"thumbnailUrl\":\"https:\/\/mhcalculos.com.br\/noticias\/wp-content\/uploads\/sites\/2\/2018\/06\/trabalhista-0004.jpg\",\"datePublished\":\"2018-11-28T12:51:00+00:00\",\"dateModified\":\"2021-07-28T17:33:46+00:00\",\"author\":{\"@id\":\"https:\/\/mhcalculos.com.br\/noticias\/#\/schema\/person\/88d1c34bf72dc779ea14a5a6b8e0ae8d\"},\"breadcrumb\":{\"@id\":\"https:\/\/mhcalculos.com.br\/noticias\/area\/trabalhista\/tst-operador-de-empilhadeira-tem-direito-a-adicional-por-exposicao-a-glp.html#breadcrumb\"},\"inLanguage\":\"pt-BR\",\"potentialAction\":[{\"@type\":\"ReadAction\",\"target\":[\"https:\/\/mhcalculos.com.br\/noticias\/area\/trabalhista\/tst-operador-de-empilhadeira-tem-direito-a-adicional-por-exposicao-a-glp.html\"]}]},{\"@type\":\"ImageObject\",\"inLanguage\":\"pt-BR\",\"@id\":\"https:\/\/mhcalculos.com.br\/noticias\/area\/trabalhista\/tst-operador-de-empilhadeira-tem-direito-a-adicional-por-exposicao-a-glp.html#primaryimage\",\"url\":\"https:\/\/mhcalculos.com.br\/noticias\/wp-content\/uploads\/sites\/2\/2018\/06\/trabalhista-0004.jpg\",\"contentUrl\":\"https:\/\/mhcalculos.com.br\/noticias\/wp-content\/uploads\/sites\/2\/2018\/06\/trabalhista-0004.jpg\",\"width\":2000,\"height\":800},{\"@type\":\"BreadcrumbList\",\"@id\":\"https:\/\/mhcalculos.com.br\/noticias\/area\/trabalhista\/tst-operador-de-empilhadeira-tem-direito-a-adicional-por-exposicao-a-glp.html#breadcrumb\",\"itemListElement\":[{\"@type\":\"ListItem\",\"position\":1,\"name\":\"In\u00edcio\",\"item\":\"https:\/\/mhcalculos.com.br\/noticias\/\"},{\"@type\":\"ListItem\",\"position\":2,\"name\":\"TST: Operador de empilhadeira tem direito a adicional por exposi\u00e7\u00e3o a GLP\"}]},{\"@type\":\"WebSite\",\"@id\":\"https:\/\/mhcalculos.com.br\/noticias\/#website\",\"url\":\"https:\/\/mhcalculos.com.br\/noticias\/\",\"name\":\"Portal de Not\u00edcias\",\"description\":\"Not\u00edcias e Jurisprud\u00eancia\",\"potentialAction\":[{\"@type\":\"SearchAction\",\"target\":{\"@type\":\"EntryPoint\",\"urlTemplate\":\"https:\/\/mhcalculos.com.br\/noticias\/?s={search_term_string}\"},\"query-input\":{\"@type\":\"PropertyValueSpecification\",\"valueRequired\":true,\"valueName\":\"search_term_string\"}}],\"inLanguage\":\"pt-BR\"},{\"@type\":\"Person\",\"@id\":\"https:\/\/mhcalculos.com.br\/noticias\/#\/schema\/person\/88d1c34bf72dc779ea14a5a6b8e0ae8d\",\"name\":\"Equipe MH\",\"image\":{\"@type\":\"ImageObject\",\"inLanguage\":\"pt-BR\",\"@id\":\"https:\/\/secure.gravatar.com\/avatar\/de1c686c2ecc9c5a3f327e3431d819eb39f8f05d4e1045f5a1caad6daaba987f?s=96&d=mm&r=g\",\"url\":\"https:\/\/secure.gravatar.com\/avatar\/de1c686c2ecc9c5a3f327e3431d819eb39f8f05d4e1045f5a1caad6daaba987f?s=96&d=mm&r=g\",\"contentUrl\":\"https:\/\/secure.gravatar.com\/avatar\/de1c686c2ecc9c5a3f327e3431d819eb39f8f05d4e1045f5a1caad6daaba987f?s=96&d=mm&r=g\",\"caption\":\"Equipe MH\"}}]}<\/script>\n<!-- \/ Yoast SEO plugin. -->","yoast_head_json":{"title":"TST: Operador de empilhadeira tem direito a adicional por exposi\u00e7\u00e3o a GLP | Portal de Not\u00edcias","robots":{"index":"index","follow":"follow","max-snippet":"max-snippet:-1","max-image-preview":"max-image-preview:large","max-video-preview":"max-video-preview:-1"},"canonical":"https:\/\/mhcalculos.com.br\/noticias\/area\/trabalhista\/tst-operador-de-empilhadeira-tem-direito-a-adicional-por-exposicao-a-glp.html","og_locale":"pt_BR","og_type":"article","og_title":"TST: Operador de empilhadeira tem direito a adicional por exposi\u00e7\u00e3o a GLP | Portal de Not\u00edcias","og_description":"A exposi\u00e7\u00e3o se dava na troca do cilindro de g\u00e1s da m\u00e1quina. A Quarta Turma do Tribunal Superior do Trabalho condenou a Empresa Brasileira de Correios e Tel\u00e9grafos (ECT) a pagar o adicional de periculosidade a um operador de empilhadeira em raz\u00e3o de sua exposi\u00e7\u00e3o ao g\u00e1s liquefeito de petr\u00f3leo (GLP). A decis\u00e3o considerou que, [&hellip;]","og_url":"https:\/\/mhcalculos.com.br\/noticias\/area\/trabalhista\/tst-operador-de-empilhadeira-tem-direito-a-adicional-por-exposicao-a-glp.html","og_site_name":"Portal de Not\u00edcias","article_published_time":"2018-11-28T12:51:00+00:00","article_modified_time":"2021-07-28T17:33:46+00:00","og_image":[{"width":2000,"height":800,"url":"https:\/\/mhcalculos.com.br\/noticias\/wp-content\/uploads\/sites\/2\/2018\/06\/trabalhista-0004.jpg","type":"image\/jpeg"}],"author":"Equipe MH","twitter_card":"summary_large_image","twitter_misc":{"Escrito por":"Equipe MH","Est. tempo de leitura":"3 minutos"},"schema":{"@context":"https:\/\/schema.org","@graph":[{"@type":"Article","@id":"https:\/\/mhcalculos.com.br\/noticias\/area\/trabalhista\/tst-operador-de-empilhadeira-tem-direito-a-adicional-por-exposicao-a-glp.html#article","isPartOf":{"@id":"https:\/\/mhcalculos.com.br\/noticias\/area\/trabalhista\/tst-operador-de-empilhadeira-tem-direito-a-adicional-por-exposicao-a-glp.html"},"author":{"name":"Equipe MH","@id":"https:\/\/mhcalculos.com.br\/noticias\/#\/schema\/person\/88d1c34bf72dc779ea14a5a6b8e0ae8d"},"headline":"TST: Operador de empilhadeira tem direito a adicional por exposi\u00e7\u00e3o a GLP","datePublished":"2018-11-28T12:51:00+00:00","dateModified":"2021-07-28T17:33:46+00:00","mainEntityOfPage":{"@id":"https:\/\/mhcalculos.com.br\/noticias\/area\/trabalhista\/tst-operador-de-empilhadeira-tem-direito-a-adicional-por-exposicao-a-glp.html"},"wordCount":542,"commentCount":0,"image":{"@id":"https:\/\/mhcalculos.com.br\/noticias\/area\/trabalhista\/tst-operador-de-empilhadeira-tem-direito-a-adicional-por-exposicao-a-glp.html#primaryimage"},"thumbnailUrl":"https:\/\/mhcalculos.com.br\/noticias\/wp-content\/uploads\/sites\/2\/2018\/06\/trabalhista-0004.jpg","keywords":["c\u00e1lculos trabalhistas","direito trabalhista","per\u00edcia","perito","trabalho","TST"],"articleSection":["Direito Trabalhista","TST"],"inLanguage":"pt-BR","potentialAction":[{"@type":"CommentAction","name":"Comment","target":["https:\/\/mhcalculos.com.br\/noticias\/area\/trabalhista\/tst-operador-de-empilhadeira-tem-direito-a-adicional-por-exposicao-a-glp.html#respond"]}]},{"@type":"WebPage","@id":"https:\/\/mhcalculos.com.br\/noticias\/area\/trabalhista\/tst-operador-de-empilhadeira-tem-direito-a-adicional-por-exposicao-a-glp.html","url":"https:\/\/mhcalculos.com.br\/noticias\/area\/trabalhista\/tst-operador-de-empilhadeira-tem-direito-a-adicional-por-exposicao-a-glp.html","name":"TST: Operador de empilhadeira tem direito a adicional por exposi\u00e7\u00e3o a GLP | Portal de Not\u00edcias","isPartOf":{"@id":"https:\/\/mhcalculos.com.br\/noticias\/#website"},"primaryImageOfPage":{"@id":"https:\/\/mhcalculos.com.br\/noticias\/area\/trabalhista\/tst-operador-de-empilhadeira-tem-direito-a-adicional-por-exposicao-a-glp.html#primaryimage"},"image":{"@id":"https:\/\/mhcalculos.com.br\/noticias\/area\/trabalhista\/tst-operador-de-empilhadeira-tem-direito-a-adicional-por-exposicao-a-glp.html#primaryimage"},"thumbnailUrl":"https:\/\/mhcalculos.com.br\/noticias\/wp-content\/uploads\/sites\/2\/2018\/06\/trabalhista-0004.jpg","datePublished":"2018-11-28T12:51:00+00:00","dateModified":"2021-07-28T17:33:46+00:00","author":{"@id":"https:\/\/mhcalculos.com.br\/noticias\/#\/schema\/person\/88d1c34bf72dc779ea14a5a6b8e0ae8d"},"breadcrumb":{"@id":"https:\/\/mhcalculos.com.br\/noticias\/area\/trabalhista\/tst-operador-de-empilhadeira-tem-direito-a-adicional-por-exposicao-a-glp.html#breadcrumb"},"inLanguage":"pt-BR","potentialAction":[{"@type":"ReadAction","target":["https:\/\/mhcalculos.com.br\/noticias\/area\/trabalhista\/tst-operador-de-empilhadeira-tem-direito-a-adicional-por-exposicao-a-glp.html"]}]},{"@type":"ImageObject","inLanguage":"pt-BR","@id":"https:\/\/mhcalculos.com.br\/noticias\/area\/trabalhista\/tst-operador-de-empilhadeira-tem-direito-a-adicional-por-exposicao-a-glp.html#primaryimage","url":"https:\/\/mhcalculos.com.br\/noticias\/wp-content\/uploads\/sites\/2\/2018\/06\/trabalhista-0004.jpg","contentUrl":"https:\/\/mhcalculos.com.br\/noticias\/wp-content\/uploads\/sites\/2\/2018\/06\/trabalhista-0004.jpg","width":2000,"height":800},{"@type":"BreadcrumbList","@id":"https:\/\/mhcalculos.com.br\/noticias\/area\/trabalhista\/tst-operador-de-empilhadeira-tem-direito-a-adicional-por-exposicao-a-glp.html#breadcrumb","itemListElement":[{"@type":"ListItem","position":1,"name":"In\u00edcio","item":"https:\/\/mhcalculos.com.br\/noticias\/"},{"@type":"ListItem","position":2,"name":"TST: Operador de empilhadeira tem direito a adicional por exposi\u00e7\u00e3o a GLP"}]},{"@type":"WebSite","@id":"https:\/\/mhcalculos.com.br\/noticias\/#website","url":"https:\/\/mhcalculos.com.br\/noticias\/","name":"Portal de Not\u00edcias","description":"Not\u00edcias e Jurisprud\u00eancia","potentialAction":[{"@type":"SearchAction","target":{"@type":"EntryPoint","urlTemplate":"https:\/\/mhcalculos.com.br\/noticias\/?s={search_term_string}"},"query-input":{"@type":"PropertyValueSpecification","valueRequired":true,"valueName":"search_term_string"}}],"inLanguage":"pt-BR"},{"@type":"Person","@id":"https:\/\/mhcalculos.com.br\/noticias\/#\/schema\/person\/88d1c34bf72dc779ea14a5a6b8e0ae8d","name":"Equipe MH","image":{"@type":"ImageObject","inLanguage":"pt-BR","@id":"https:\/\/secure.gravatar.com\/avatar\/de1c686c2ecc9c5a3f327e3431d819eb39f8f05d4e1045f5a1caad6daaba987f?s=96&d=mm&r=g","url":"https:\/\/secure.gravatar.com\/avatar\/de1c686c2ecc9c5a3f327e3431d819eb39f8f05d4e1045f5a1caad6daaba987f?s=96&d=mm&r=g","contentUrl":"https:\/\/secure.gravatar.com\/avatar\/de1c686c2ecc9c5a3f327e3431d819eb39f8f05d4e1045f5a1caad6daaba987f?s=96&d=mm&r=g","caption":"Equipe MH"}}]}},"_links":{"self":[{"href":"https:\/\/mhcalculos.com.br\/noticias\/wp-json\/wp\/v2\/posts\/3433","targetHints":{"allow":["GET"]}}],"collection":[{"href":"https:\/\/mhcalculos.com.br\/noticias\/wp-json\/wp\/v2\/posts"}],"about":[{"href":"https:\/\/mhcalculos.com.br\/noticias\/wp-json\/wp\/v2\/types\/post"}],"author":[{"embeddable":true,"href":"https:\/\/mhcalculos.com.br\/noticias\/wp-json\/wp\/v2\/users\/3063"}],"replies":[{"embeddable":true,"href":"https:\/\/mhcalculos.com.br\/noticias\/wp-json\/wp\/v2\/comments?post=3433"}],"version-history":[{"count":1,"href":"https:\/\/mhcalculos.com.br\/noticias\/wp-json\/wp\/v2\/posts\/3433\/revisions"}],"predecessor-version":[{"id":10136,"href":"https:\/\/mhcalculos.com.br\/noticias\/wp-json\/wp\/v2\/posts\/3433\/revisions\/10136"}],"wp:featuredmedia":[{"embeddable":true,"href":"https:\/\/mhcalculos.com.br\/noticias\/wp-json\/wp\/v2\/media\/1799"}],"wp:attachment":[{"href":"https:\/\/mhcalculos.com.br\/noticias\/wp-json\/wp\/v2\/media?parent=3433"}],"wp:term":[{"taxonomy":"category","embeddable":true,"href":"https:\/\/mhcalculos.com.br\/noticias\/wp-json\/wp\/v2\/categories?post=3433"},{"taxonomy":"post_tag","embeddable":true,"href":"https:\/\/mhcalculos.com.br\/noticias\/wp-json\/wp\/v2\/tags?post=3433"}],"curies":[{"name":"wp","href":"https:\/\/api.w.org\/{rel}","templated":true}]}}