{"id":3411,"date":"2018-11-25T22:00:07","date_gmt":"2018-11-26T00:00:07","guid":{"rendered":"https:\/\/mhcalculos.com.br\/noticias\/2018\/11\/25\/stj-primeira-secao-fixa-teses-sobre-prazo-prescricional-para-cobranca-judicial-do-iptu\/"},"modified":"2021-07-28T14:33:46","modified_gmt":"2021-07-28T17:33:46","slug":"stj-primeira-secao-fixa-teses-sobre-prazo-prescricional-para-cobranca-judicial-do-iptu","status":"publish","type":"post","link":"https:\/\/mhcalculos.com.br\/noticias\/area\/tributario\/stj-primeira-secao-fixa-teses-sobre-prazo-prescricional-para-cobranca-judicial-do-iptu.html","title":{"rendered":"STJ: Primeira Se\u00e7\u00e3o fixa teses sobre prazo prescricional para cobran\u00e7a judicial do IPTU"},"content":{"rendered":"\n<p>A Primeira Se\u00e7\u00e3o do Superior Tribunal de Justi\u00e7a (STJ) fixou a tese de que o marco inicial para contagem do prazo de prescri\u00e7\u00e3o da cobran\u00e7a judicial do Imposto Predial Territorial Urbano (IPTU) \u00e9 o dia seguinte \u00e0 data estipulada para o vencimento da cobran\u00e7a do tributo.<\/p>\n<p>No mesmo julgamento, o colegiado tamb\u00e9m definiu que o parcelamento de of\u00edcio (pela Fazenda P\u00fablica) da d\u00edvida tribut\u00e1ria n\u00e3o configura causa suspensiva da contagem da prescri\u00e7\u00e3o, tendo em vista que n\u00e3o houve anu\u00eancia do contribuinte.<\/p>\n<p>As duas teses foram estabelecidas em julgamento de recursos especiais repetitivos (Tema 980), e permitir\u00e3o a defini\u00e7\u00e3o de a\u00e7\u00f5es com id\u00eantica quest\u00e3o de direito pelos tribunais do pa\u00eds. De acordo com o <strong><a href=\"http:\/\/www.stj.jus.br\/repetitivos\/temas_repetitivos\/pesquisa.jsp\">sistema de recursos repetitivos<\/a><\/strong>, pelo menos 7.699 processos estavam suspensos em todo o Brasil aguardando a solu\u00e7\u00e3o do tema pelo STJ.<\/p>\n<p><strong>Lei local<\/strong><\/p>\n<p>Relator dos recursos especiais repetitivos, o ministro Napole\u00e3o Nunes Maia Filho explicou inicialmente que, nos casos de lan\u00e7amento do tributo de of\u00edcio, o prazo prescricional de cinco anos para que a Fazenda P\u00fablica realize a cobran\u00e7a judicial de seu cr\u00e9dito tribut\u00e1rio come\u00e7a a fluir ap\u00f3s o prazo estabelecido pela lei local para o vencimento do pagamento volunt\u00e1rio pelo contribuinte.<\/p>\n<p>Por consequ\u00eancia, apontou o ministro, at\u00e9 o vencimento estipulado, a Fazenda n\u00e3o possui pretens\u00e3o leg\u00edtima para ajuizar execu\u00e7\u00e3o fiscal, embora j\u00e1 constitu\u00eddo o cr\u00e9dito desde o momento em que houve o envio do carn\u00ea para o endere\u00e7o do contribuinte.<\/p>\n<p>\u201cA pretens\u00e3o execut\u00f3ria surge, portanto, somente a partir do dia seguinte ao vencimento estabelecido no carn\u00ea encaminhado ao endere\u00e7o do contribuinte ou da data de vencimento fixada em lei local e amplamente divulgada atrav\u00e9s de calend\u00e1rio de pagamento\u201d, afirmou o relator.<\/p>\n<p><strong>Cota \u00fanica<\/strong><\/p>\n<p>Segundo Napole\u00e3o, nas hip\u00f3teses em que o contribuinte disp\u00f5e de duas ou mais datas diferentes para o pagamento em parcela \u00fanica \u2013 como no caso espec\u00edfico dos autos analisados \u2013, considera-se como marco inicial do prazo prescricional o dia seguinte ao vencimento da segunda cota \u00fanica, data em que haver\u00e1 a efetiva mora do contribuinte, caso n\u00e3o recolha o tributo.<\/p>\n<p>\u201cIniciado o prazo prescricional, caso n\u00e3o ocorra qualquer das hip\u00f3teses de suspens\u00e3o ou interrup\u00e7\u00e3o previstas nos arts. <strong><a href=\"http:\/\/www.planalto.gov.br\/ccivil_03\/LEIS\/L5172.htm#art151\">151<\/a><\/strong> e <strong><a href=\"http:\/\/www.planalto.gov.br\/ccivil_03\/LEIS\/L5172.htm#art174\">174<\/a><\/strong> do CTN, passados cinco anos, ocorrer\u00e1 a extin\u00e7\u00e3o do cr\u00e9dito tribut\u00e1rio, pela incid\u00eancia da prescri\u00e7\u00e3o\u201d, disse o relator.<\/p>\n<p><strong>Suspens\u00e3o<\/strong><\/p>\n<p>Em rela\u00e7\u00e3o \u00e0 possibilidade de suspens\u00e3o da contagem da prescri\u00e7\u00e3o em virtude do parcelamento de of\u00edcio, o ministro relator destacou que a liberalidade do Fisco em conceder ao contribuinte a op\u00e7\u00e3o de pagamento \u00e0 vista ou parcelado, independentemente de sua concord\u00e2ncia pr\u00e9via, n\u00e3o configura uma das hip\u00f3teses de suspens\u00e3o previstas no C\u00f3digo Tribut\u00e1rio Nacional.<\/p>\n<p>Segundo o ministro, o parcelamento tamb\u00e9m n\u00e3o constitui causa de interrup\u00e7\u00e3o da prescri\u00e7\u00e3o, j\u00e1 que h\u00e1 a exig\u00eancia legal de reconhecimento da d\u00edvida por parte do contribuinte.<\/p>\n<p>\u201cO contribuinte n\u00e3o pode ser despido da autonomia de sua vontade, em decorr\u00eancia de uma op\u00e7\u00e3o unilateral do Estado, que resolve lhe conceder a possibilidade de efetuar o pagamento em cotas parceladas. Se a Fazenda P\u00fablica Municipal entende que \u00e9 mais conveniente oferecer op\u00e7\u00f5es parceladas para pagamento do IPTU, o faz dentro de sua pol\u00edtica fiscal, por mera liberalidade, o que n\u00e3o induz a conclus\u00e3o de que houve morat\u00f3ria ou parcelamento do cr\u00e9dito tribut\u00e1rio, nos termos do art. 151, I e VI do CTN, apto a suspender o prazo prescricional\u201d, disse o ministro ao fixar as teses repetitivas.<\/p>\n<p><\/p>\n<p><i>Com informa\u00e7\u00f5es da assessoria de imprensa do STJ.<\/i><\/p>\n<p><a href=\"http:\/\/feedproxy.google.com\/~r\/STJNoticias\/~3\/AhJsze0cwus\/Primeira-Se%C3%A7%C3%A3o-fixa-teses-sobre-prazo-prescricional-para-cobran%C3%A7a-judicial-do-IPTU\">Fonte<\/a><\/p>\n\n","protected":false},"excerpt":{"rendered":"<p>A Primeira Se\u00e7\u00e3o do Superior Tribunal de Justi\u00e7a (STJ) fixou a tese de que o marco inicial para contagem do prazo de prescri\u00e7\u00e3o da cobran\u00e7a judicial do Imposto Predial Territorial Urbano (IPTU) \u00e9 o dia seguinte \u00e0 data estipulada para o vencimento da cobran\u00e7a do tributo. No mesmo julgamento, o colegiado tamb\u00e9m definiu que o [&hellip;]<\/p>\n","protected":false},"author":3063,"featured_media":1622,"comment_status":"open","ping_status":"open","sticky":false,"template":"","format":"standard","meta":{"footnotes":""},"categories":[18,7],"tags":[32,31,42,30,29,213,9,12,14,212,214],"class_list":{"0":"post-3411","1":"post","2":"type-post","3":"status-publish","4":"format-standard","5":"has-post-thumbnail","7":"category-tributario","8":"category-stj","9":"tag-calculos-judiciais","10":"tag-calculos-tributarios","11":"tag-direito-tributario","12":"tag-divida-ativa","13":"tag-fazenda-publica","14":"tag-imposto","15":"tag-pericia","16":"tag-perito","17":"tag-stj","18":"tag-superior-tribunal-de-justica","19":"tag-tributo"},"yoast_head":"<!-- This site is optimized with the Yoast SEO plugin v27.2 - https:\/\/yoast.com\/product\/yoast-seo-wordpress\/ -->\n<title>STJ: Primeira Se\u00e7\u00e3o fixa teses sobre prazo prescricional para cobran\u00e7a judicial do IPTU | Portal de Not\u00edcias<\/title>\n<meta name=\"robots\" content=\"index, follow, max-snippet:-1, max-image-preview:large, max-video-preview:-1\" \/>\n<link rel=\"canonical\" href=\"https:\/\/mhcalculos.com.br\/noticias\/area\/tributario\/stj-primeira-secao-fixa-teses-sobre-prazo-prescricional-para-cobranca-judicial-do-iptu.html\" \/>\n<meta property=\"og:locale\" content=\"pt_BR\" \/>\n<meta property=\"og:type\" content=\"article\" \/>\n<meta property=\"og:title\" content=\"STJ: Primeira Se\u00e7\u00e3o fixa teses sobre prazo prescricional para cobran\u00e7a judicial do IPTU | Portal de Not\u00edcias\" \/>\n<meta property=\"og:description\" content=\"A Primeira Se\u00e7\u00e3o do Superior Tribunal de Justi\u00e7a (STJ) fixou a tese de que o marco inicial para contagem do prazo de prescri\u00e7\u00e3o da cobran\u00e7a judicial do Imposto Predial Territorial Urbano (IPTU) \u00e9 o dia seguinte \u00e0 data estipulada para o vencimento da cobran\u00e7a do tributo. No mesmo julgamento, o colegiado tamb\u00e9m definiu que o [&hellip;]\" \/>\n<meta property=\"og:url\" content=\"https:\/\/mhcalculos.com.br\/noticias\/area\/tributario\/stj-primeira-secao-fixa-teses-sobre-prazo-prescricional-para-cobranca-judicial-do-iptu.html\" \/>\n<meta property=\"og:site_name\" content=\"Portal de Not\u00edcias\" \/>\n<meta property=\"article:published_time\" content=\"2018-11-26T00:00:07+00:00\" \/>\n<meta property=\"article:modified_time\" content=\"2021-07-28T17:33:46+00:00\" \/>\n<meta property=\"og:image\" content=\"https:\/\/mhcalculos.com.br\/noticias\/wp-content\/uploads\/sites\/2\/2018\/06\/tributario-0041.jpg\" \/>\n\t<meta property=\"og:image:width\" content=\"2000\" \/>\n\t<meta property=\"og:image:height\" content=\"800\" \/>\n\t<meta property=\"og:image:type\" content=\"image\/jpeg\" \/>\n<meta name=\"author\" content=\"Equipe MH\" \/>\n<meta name=\"twitter:card\" content=\"summary_large_image\" \/>\n<meta name=\"twitter:label1\" content=\"Escrito por\" \/>\n\t<meta name=\"twitter:data1\" content=\"Equipe MH\" \/>\n\t<meta name=\"twitter:label2\" content=\"Est. tempo de leitura\" \/>\n\t<meta name=\"twitter:data2\" content=\"3 minutos\" \/>\n<script type=\"application\/ld+json\" class=\"yoast-schema-graph\">{\"@context\":\"https:\/\/schema.org\",\"@graph\":[{\"@type\":\"Article\",\"@id\":\"https:\/\/mhcalculos.com.br\/noticias\/area\/tributario\/stj-primeira-secao-fixa-teses-sobre-prazo-prescricional-para-cobranca-judicial-do-iptu.html#article\",\"isPartOf\":{\"@id\":\"https:\/\/mhcalculos.com.br\/noticias\/area\/tributario\/stj-primeira-secao-fixa-teses-sobre-prazo-prescricional-para-cobranca-judicial-do-iptu.html\"},\"author\":{\"name\":\"Equipe MH\",\"@id\":\"https:\/\/mhcalculos.com.br\/noticias\/#\/schema\/person\/88d1c34bf72dc779ea14a5a6b8e0ae8d\"},\"headline\":\"STJ: Primeira Se\u00e7\u00e3o fixa teses sobre prazo prescricional para cobran\u00e7a judicial do IPTU\",\"datePublished\":\"2018-11-26T00:00:07+00:00\",\"dateModified\":\"2021-07-28T17:33:46+00:00\",\"mainEntityOfPage\":{\"@id\":\"https:\/\/mhcalculos.com.br\/noticias\/area\/tributario\/stj-primeira-secao-fixa-teses-sobre-prazo-prescricional-para-cobranca-judicial-do-iptu.html\"},\"wordCount\":658,\"commentCount\":0,\"image\":{\"@id\":\"https:\/\/mhcalculos.com.br\/noticias\/area\/tributario\/stj-primeira-secao-fixa-teses-sobre-prazo-prescricional-para-cobranca-judicial-do-iptu.html#primaryimage\"},\"thumbnailUrl\":\"https:\/\/mhcalculos.com.br\/noticias\/wp-content\/uploads\/sites\/2\/2018\/06\/tributario-0041.jpg\",\"keywords\":[\"c\u00e1lculos judiciais\",\"c\u00e1lculos tribut\u00e1rios\",\"direito tribut\u00e1rio\",\"d\u00edvida ativa\",\"fazenda p\u00fablica\",\"Imposto\",\"per\u00edcia\",\"perito\",\"stj\",\"Superior Tribunal de Justi\u00e7a\",\"tributo\"],\"articleSection\":[\"Direito Tribut\u00e1rio\",\"STJ\"],\"inLanguage\":\"pt-BR\",\"potentialAction\":[{\"@type\":\"CommentAction\",\"name\":\"Comment\",\"target\":[\"https:\/\/mhcalculos.com.br\/noticias\/area\/tributario\/stj-primeira-secao-fixa-teses-sobre-prazo-prescricional-para-cobranca-judicial-do-iptu.html#respond\"]}]},{\"@type\":\"WebPage\",\"@id\":\"https:\/\/mhcalculos.com.br\/noticias\/area\/tributario\/stj-primeira-secao-fixa-teses-sobre-prazo-prescricional-para-cobranca-judicial-do-iptu.html\",\"url\":\"https:\/\/mhcalculos.com.br\/noticias\/area\/tributario\/stj-primeira-secao-fixa-teses-sobre-prazo-prescricional-para-cobranca-judicial-do-iptu.html\",\"name\":\"STJ: Primeira Se\u00e7\u00e3o fixa teses sobre prazo prescricional para cobran\u00e7a judicial do IPTU | Portal de Not\u00edcias\",\"isPartOf\":{\"@id\":\"https:\/\/mhcalculos.com.br\/noticias\/#website\"},\"primaryImageOfPage\":{\"@id\":\"https:\/\/mhcalculos.com.br\/noticias\/area\/tributario\/stj-primeira-secao-fixa-teses-sobre-prazo-prescricional-para-cobranca-judicial-do-iptu.html#primaryimage\"},\"image\":{\"@id\":\"https:\/\/mhcalculos.com.br\/noticias\/area\/tributario\/stj-primeira-secao-fixa-teses-sobre-prazo-prescricional-para-cobranca-judicial-do-iptu.html#primaryimage\"},\"thumbnailUrl\":\"https:\/\/mhcalculos.com.br\/noticias\/wp-content\/uploads\/sites\/2\/2018\/06\/tributario-0041.jpg\",\"datePublished\":\"2018-11-26T00:00:07+00:00\",\"dateModified\":\"2021-07-28T17:33:46+00:00\",\"author\":{\"@id\":\"https:\/\/mhcalculos.com.br\/noticias\/#\/schema\/person\/88d1c34bf72dc779ea14a5a6b8e0ae8d\"},\"breadcrumb\":{\"@id\":\"https:\/\/mhcalculos.com.br\/noticias\/area\/tributario\/stj-primeira-secao-fixa-teses-sobre-prazo-prescricional-para-cobranca-judicial-do-iptu.html#breadcrumb\"},\"inLanguage\":\"pt-BR\",\"potentialAction\":[{\"@type\":\"ReadAction\",\"target\":[\"https:\/\/mhcalculos.com.br\/noticias\/area\/tributario\/stj-primeira-secao-fixa-teses-sobre-prazo-prescricional-para-cobranca-judicial-do-iptu.html\"]}]},{\"@type\":\"ImageObject\",\"inLanguage\":\"pt-BR\",\"@id\":\"https:\/\/mhcalculos.com.br\/noticias\/area\/tributario\/stj-primeira-secao-fixa-teses-sobre-prazo-prescricional-para-cobranca-judicial-do-iptu.html#primaryimage\",\"url\":\"https:\/\/mhcalculos.com.br\/noticias\/wp-content\/uploads\/sites\/2\/2018\/06\/tributario-0041.jpg\",\"contentUrl\":\"https:\/\/mhcalculos.com.br\/noticias\/wp-content\/uploads\/sites\/2\/2018\/06\/tributario-0041.jpg\",\"width\":2000,\"height\":800},{\"@type\":\"BreadcrumbList\",\"@id\":\"https:\/\/mhcalculos.com.br\/noticias\/area\/tributario\/stj-primeira-secao-fixa-teses-sobre-prazo-prescricional-para-cobranca-judicial-do-iptu.html#breadcrumb\",\"itemListElement\":[{\"@type\":\"ListItem\",\"position\":1,\"name\":\"In\u00edcio\",\"item\":\"https:\/\/mhcalculos.com.br\/noticias\/\"},{\"@type\":\"ListItem\",\"position\":2,\"name\":\"STJ: Primeira Se\u00e7\u00e3o fixa teses sobre prazo prescricional para cobran\u00e7a judicial do IPTU\"}]},{\"@type\":\"WebSite\",\"@id\":\"https:\/\/mhcalculos.com.br\/noticias\/#website\",\"url\":\"https:\/\/mhcalculos.com.br\/noticias\/\",\"name\":\"Portal de Not\u00edcias\",\"description\":\"Not\u00edcias e Jurisprud\u00eancia\",\"potentialAction\":[{\"@type\":\"SearchAction\",\"target\":{\"@type\":\"EntryPoint\",\"urlTemplate\":\"https:\/\/mhcalculos.com.br\/noticias\/?s={search_term_string}\"},\"query-input\":{\"@type\":\"PropertyValueSpecification\",\"valueRequired\":true,\"valueName\":\"search_term_string\"}}],\"inLanguage\":\"pt-BR\"},{\"@type\":\"Person\",\"@id\":\"https:\/\/mhcalculos.com.br\/noticias\/#\/schema\/person\/88d1c34bf72dc779ea14a5a6b8e0ae8d\",\"name\":\"Equipe MH\",\"image\":{\"@type\":\"ImageObject\",\"inLanguage\":\"pt-BR\",\"@id\":\"https:\/\/secure.gravatar.com\/avatar\/de1c686c2ecc9c5a3f327e3431d819eb39f8f05d4e1045f5a1caad6daaba987f?s=96&d=mm&r=g\",\"url\":\"https:\/\/secure.gravatar.com\/avatar\/de1c686c2ecc9c5a3f327e3431d819eb39f8f05d4e1045f5a1caad6daaba987f?s=96&d=mm&r=g\",\"contentUrl\":\"https:\/\/secure.gravatar.com\/avatar\/de1c686c2ecc9c5a3f327e3431d819eb39f8f05d4e1045f5a1caad6daaba987f?s=96&d=mm&r=g\",\"caption\":\"Equipe MH\"}}]}<\/script>\n<!-- \/ Yoast SEO plugin. -->","yoast_head_json":{"title":"STJ: Primeira Se\u00e7\u00e3o fixa teses sobre prazo prescricional para cobran\u00e7a judicial do IPTU | Portal de Not\u00edcias","robots":{"index":"index","follow":"follow","max-snippet":"max-snippet:-1","max-image-preview":"max-image-preview:large","max-video-preview":"max-video-preview:-1"},"canonical":"https:\/\/mhcalculos.com.br\/noticias\/area\/tributario\/stj-primeira-secao-fixa-teses-sobre-prazo-prescricional-para-cobranca-judicial-do-iptu.html","og_locale":"pt_BR","og_type":"article","og_title":"STJ: Primeira Se\u00e7\u00e3o fixa teses sobre prazo prescricional para cobran\u00e7a judicial do IPTU | Portal de Not\u00edcias","og_description":"A Primeira Se\u00e7\u00e3o do Superior Tribunal de Justi\u00e7a (STJ) fixou a tese de que o marco inicial para contagem do prazo de prescri\u00e7\u00e3o da cobran\u00e7a judicial do Imposto Predial Territorial Urbano (IPTU) \u00e9 o dia seguinte \u00e0 data estipulada para o vencimento da cobran\u00e7a do tributo. No mesmo julgamento, o colegiado tamb\u00e9m definiu que o [&hellip;]","og_url":"https:\/\/mhcalculos.com.br\/noticias\/area\/tributario\/stj-primeira-secao-fixa-teses-sobre-prazo-prescricional-para-cobranca-judicial-do-iptu.html","og_site_name":"Portal de Not\u00edcias","article_published_time":"2018-11-26T00:00:07+00:00","article_modified_time":"2021-07-28T17:33:46+00:00","og_image":[{"width":2000,"height":800,"url":"https:\/\/mhcalculos.com.br\/noticias\/wp-content\/uploads\/sites\/2\/2018\/06\/tributario-0041.jpg","type":"image\/jpeg"}],"author":"Equipe MH","twitter_card":"summary_large_image","twitter_misc":{"Escrito por":"Equipe MH","Est. tempo de leitura":"3 minutos"},"schema":{"@context":"https:\/\/schema.org","@graph":[{"@type":"Article","@id":"https:\/\/mhcalculos.com.br\/noticias\/area\/tributario\/stj-primeira-secao-fixa-teses-sobre-prazo-prescricional-para-cobranca-judicial-do-iptu.html#article","isPartOf":{"@id":"https:\/\/mhcalculos.com.br\/noticias\/area\/tributario\/stj-primeira-secao-fixa-teses-sobre-prazo-prescricional-para-cobranca-judicial-do-iptu.html"},"author":{"name":"Equipe MH","@id":"https:\/\/mhcalculos.com.br\/noticias\/#\/schema\/person\/88d1c34bf72dc779ea14a5a6b8e0ae8d"},"headline":"STJ: Primeira Se\u00e7\u00e3o fixa teses sobre prazo prescricional para cobran\u00e7a judicial do IPTU","datePublished":"2018-11-26T00:00:07+00:00","dateModified":"2021-07-28T17:33:46+00:00","mainEntityOfPage":{"@id":"https:\/\/mhcalculos.com.br\/noticias\/area\/tributario\/stj-primeira-secao-fixa-teses-sobre-prazo-prescricional-para-cobranca-judicial-do-iptu.html"},"wordCount":658,"commentCount":0,"image":{"@id":"https:\/\/mhcalculos.com.br\/noticias\/area\/tributario\/stj-primeira-secao-fixa-teses-sobre-prazo-prescricional-para-cobranca-judicial-do-iptu.html#primaryimage"},"thumbnailUrl":"https:\/\/mhcalculos.com.br\/noticias\/wp-content\/uploads\/sites\/2\/2018\/06\/tributario-0041.jpg","keywords":["c\u00e1lculos judiciais","c\u00e1lculos tribut\u00e1rios","direito tribut\u00e1rio","d\u00edvida ativa","fazenda p\u00fablica","Imposto","per\u00edcia","perito","stj","Superior Tribunal de Justi\u00e7a","tributo"],"articleSection":["Direito Tribut\u00e1rio","STJ"],"inLanguage":"pt-BR","potentialAction":[{"@type":"CommentAction","name":"Comment","target":["https:\/\/mhcalculos.com.br\/noticias\/area\/tributario\/stj-primeira-secao-fixa-teses-sobre-prazo-prescricional-para-cobranca-judicial-do-iptu.html#respond"]}]},{"@type":"WebPage","@id":"https:\/\/mhcalculos.com.br\/noticias\/area\/tributario\/stj-primeira-secao-fixa-teses-sobre-prazo-prescricional-para-cobranca-judicial-do-iptu.html","url":"https:\/\/mhcalculos.com.br\/noticias\/area\/tributario\/stj-primeira-secao-fixa-teses-sobre-prazo-prescricional-para-cobranca-judicial-do-iptu.html","name":"STJ: Primeira Se\u00e7\u00e3o fixa teses sobre prazo prescricional para cobran\u00e7a judicial do IPTU | Portal de Not\u00edcias","isPartOf":{"@id":"https:\/\/mhcalculos.com.br\/noticias\/#website"},"primaryImageOfPage":{"@id":"https:\/\/mhcalculos.com.br\/noticias\/area\/tributario\/stj-primeira-secao-fixa-teses-sobre-prazo-prescricional-para-cobranca-judicial-do-iptu.html#primaryimage"},"image":{"@id":"https:\/\/mhcalculos.com.br\/noticias\/area\/tributario\/stj-primeira-secao-fixa-teses-sobre-prazo-prescricional-para-cobranca-judicial-do-iptu.html#primaryimage"},"thumbnailUrl":"https:\/\/mhcalculos.com.br\/noticias\/wp-content\/uploads\/sites\/2\/2018\/06\/tributario-0041.jpg","datePublished":"2018-11-26T00:00:07+00:00","dateModified":"2021-07-28T17:33:46+00:00","author":{"@id":"https:\/\/mhcalculos.com.br\/noticias\/#\/schema\/person\/88d1c34bf72dc779ea14a5a6b8e0ae8d"},"breadcrumb":{"@id":"https:\/\/mhcalculos.com.br\/noticias\/area\/tributario\/stj-primeira-secao-fixa-teses-sobre-prazo-prescricional-para-cobranca-judicial-do-iptu.html#breadcrumb"},"inLanguage":"pt-BR","potentialAction":[{"@type":"ReadAction","target":["https:\/\/mhcalculos.com.br\/noticias\/area\/tributario\/stj-primeira-secao-fixa-teses-sobre-prazo-prescricional-para-cobranca-judicial-do-iptu.html"]}]},{"@type":"ImageObject","inLanguage":"pt-BR","@id":"https:\/\/mhcalculos.com.br\/noticias\/area\/tributario\/stj-primeira-secao-fixa-teses-sobre-prazo-prescricional-para-cobranca-judicial-do-iptu.html#primaryimage","url":"https:\/\/mhcalculos.com.br\/noticias\/wp-content\/uploads\/sites\/2\/2018\/06\/tributario-0041.jpg","contentUrl":"https:\/\/mhcalculos.com.br\/noticias\/wp-content\/uploads\/sites\/2\/2018\/06\/tributario-0041.jpg","width":2000,"height":800},{"@type":"BreadcrumbList","@id":"https:\/\/mhcalculos.com.br\/noticias\/area\/tributario\/stj-primeira-secao-fixa-teses-sobre-prazo-prescricional-para-cobranca-judicial-do-iptu.html#breadcrumb","itemListElement":[{"@type":"ListItem","position":1,"name":"In\u00edcio","item":"https:\/\/mhcalculos.com.br\/noticias\/"},{"@type":"ListItem","position":2,"name":"STJ: Primeira Se\u00e7\u00e3o fixa teses sobre prazo prescricional para cobran\u00e7a judicial do IPTU"}]},{"@type":"WebSite","@id":"https:\/\/mhcalculos.com.br\/noticias\/#website","url":"https:\/\/mhcalculos.com.br\/noticias\/","name":"Portal de Not\u00edcias","description":"Not\u00edcias e Jurisprud\u00eancia","potentialAction":[{"@type":"SearchAction","target":{"@type":"EntryPoint","urlTemplate":"https:\/\/mhcalculos.com.br\/noticias\/?s={search_term_string}"},"query-input":{"@type":"PropertyValueSpecification","valueRequired":true,"valueName":"search_term_string"}}],"inLanguage":"pt-BR"},{"@type":"Person","@id":"https:\/\/mhcalculos.com.br\/noticias\/#\/schema\/person\/88d1c34bf72dc779ea14a5a6b8e0ae8d","name":"Equipe MH","image":{"@type":"ImageObject","inLanguage":"pt-BR","@id":"https:\/\/secure.gravatar.com\/avatar\/de1c686c2ecc9c5a3f327e3431d819eb39f8f05d4e1045f5a1caad6daaba987f?s=96&d=mm&r=g","url":"https:\/\/secure.gravatar.com\/avatar\/de1c686c2ecc9c5a3f327e3431d819eb39f8f05d4e1045f5a1caad6daaba987f?s=96&d=mm&r=g","contentUrl":"https:\/\/secure.gravatar.com\/avatar\/de1c686c2ecc9c5a3f327e3431d819eb39f8f05d4e1045f5a1caad6daaba987f?s=96&d=mm&r=g","caption":"Equipe MH"}}]}},"_links":{"self":[{"href":"https:\/\/mhcalculos.com.br\/noticias\/wp-json\/wp\/v2\/posts\/3411","targetHints":{"allow":["GET"]}}],"collection":[{"href":"https:\/\/mhcalculos.com.br\/noticias\/wp-json\/wp\/v2\/posts"}],"about":[{"href":"https:\/\/mhcalculos.com.br\/noticias\/wp-json\/wp\/v2\/types\/post"}],"author":[{"embeddable":true,"href":"https:\/\/mhcalculos.com.br\/noticias\/wp-json\/wp\/v2\/users\/3063"}],"replies":[{"embeddable":true,"href":"https:\/\/mhcalculos.com.br\/noticias\/wp-json\/wp\/v2\/comments?post=3411"}],"version-history":[{"count":1,"href":"https:\/\/mhcalculos.com.br\/noticias\/wp-json\/wp\/v2\/posts\/3411\/revisions"}],"predecessor-version":[{"id":6738,"href":"https:\/\/mhcalculos.com.br\/noticias\/wp-json\/wp\/v2\/posts\/3411\/revisions\/6738"}],"wp:featuredmedia":[{"embeddable":true,"href":"https:\/\/mhcalculos.com.br\/noticias\/wp-json\/wp\/v2\/media\/1622"}],"wp:attachment":[{"href":"https:\/\/mhcalculos.com.br\/noticias\/wp-json\/wp\/v2\/media?parent=3411"}],"wp:term":[{"taxonomy":"category","embeddable":true,"href":"https:\/\/mhcalculos.com.br\/noticias\/wp-json\/wp\/v2\/categories?post=3411"},{"taxonomy":"post_tag","embeddable":true,"href":"https:\/\/mhcalculos.com.br\/noticias\/wp-json\/wp\/v2\/tags?post=3411"}],"curies":[{"name":"wp","href":"https:\/\/api.w.org\/{rel}","templated":true}]}}