{"id":3401,"date":"2018-11-23T11:00:31","date_gmt":"2018-11-23T13:00:31","guid":{"rendered":"https:\/\/mhcalculos.com.br\/noticias\/2018\/11\/23\/trf3-tribunal-sediara-forum-nacional-de-execucoes-fiscais-fonef\/"},"modified":"2021-07-28T14:33:47","modified_gmt":"2021-07-28T17:33:47","slug":"trf3-tribunal-sediara-forum-nacional-de-execucoes-fiscais-fonef","status":"publish","type":"post","link":"https:\/\/mhcalculos.com.br\/noticias\/area\/previdenciario\/trf3-tribunal-sediara-forum-nacional-de-execucoes-fiscais-fonef.html","title":{"rendered":"TRF3: TRIBUNAL&nbsp;SEDIAR\u00c1 F\u00d3RUM NACIONAL DE EXECU\u00c7\u00d5ES FISCAIS (FONEF)"},"content":{"rendered":"\n<div class=\"mat\">\n<p><em>Promovido pela AJUFE, evento ser\u00e1 realizado de 28 a 30 de novembro<\/em><\/p>\n<p>Com o objetivo de fomentar o debate sobre a uniformiza\u00e7\u00e3o e efici\u00eancia dos procedimentos afetos \u00e0 execu\u00e7\u00e3o fiscal, come\u00e7a, na pr\u00f3xima quarta-feira (28\/11), o F\u00f3rum Nacional de Execu\u00e7\u00f5es Fiscais (FONEF), evento promovido pela Associa\u00e7\u00e3o dos Ju\u00edzes Federais do Brasil (AJUFE), com apoio da Escola de Magistrados do Tribunal Regional Federal da 3.a Regi\u00e3o (EMAG).<\/p>\n<p>A cerim\u00f4nia de abertura do F\u00f3rum acontece no dia 28 de novembro, \u00e0s 17 horas, no audit\u00f3rio da EMAG, localizado na Avenida Paulista, 1912, 1\u00ba andar. No dia 29 de outubro, os debates acontecem das 9 \u00e0s 12 horas e das 14 \u00e0s 18 horas e, no dia 30 de novembro, das 9 \u00e0s 12 horas. <br \/>  Entre os temas que ser\u00e3o discutidos destacam-se: Garantias do cr\u00e9dito tribut\u00e1rio no processo administrativo e na execu\u00e7\u00e3o fiscal (seguro garantia, carta fian\u00e7a e direito de defesa); Neg\u00f3cios jur\u00eddicos processuais: papel dos atores processuais (Portarias 5\/2017 e 360\/2018) e Resultados do Novo RDCC \u2013 Impactos da desjudicializa\u00e7\u00e3o de executivos fiscais.<\/p>\n<p>Al\u00e9m disso, haver\u00e1 uma compila\u00e7\u00e3o de boas pr\u00e1ticas de execu\u00e7\u00e3o fiscal e de medidas de gest\u00e3o processual e ser\u00e3o debatidas propostas para o aumento da efetividade das execu\u00e7\u00f5es fiscais.<\/p>\n<p>Os grupos de trabalho coordenados por Gilberto Bruschi e Rodolfo Amadeu ser\u00e3o exclusivos para magistrados, bem como, a sess\u00e3o plen\u00e1ria do dia 30\/11, das 9 \u00e0s 12 horas.<\/p>\n<p>Inscri\u00e7\u00f5es e informa\u00e7\u00f5es <a href=\"http:\/\/www.trf3.jus.br\/semag\">www.trf3.jus.br\/semag <\/a>ou clique <a href=\"http:\/\/www.trf3.jus.br\/semag\/detalhesEvento.aspx?idEvento=447\">aqui<\/a> (magistrados) e clique <a href=\"http:\/\/www.trf3.jus.br\/semag\/detalhesEvento.aspx?idEvento=448\">aqui<\/a> (servidores).<br \/>  \u00a0<\/p>\n<table width=\"200\" align=\"center\" border=\"0\" cellspacing=\"0\" cellpadding=\"0\">\n<tbody>\n<tr>\n<td><img decoding=\"async\" width=\"875\" height=\"618\" alt=\"\" data-src=\"http:\/\/web.trf3.jus.br\/noticias\/uploaddir\/image\/2018\/novembro\/fonef.jpg\" src=\"data:image\/svg+xml;base64,PHN2ZyB3aWR0aD0iMSIgaGVpZ2h0PSIxIiB4bWxucz0iaHR0cDovL3d3dy53My5vcmcvMjAwMC9zdmciPjwvc3ZnPg==\" class=\"lazyload\" style=\"--smush-placeholder-width: 875px; --smush-placeholder-aspect-ratio: 875\/618;\"><\/td>\n<\/tr>\n<\/tbody>\n<\/table>\n<p>\u00a0<\/p>\n<\/p><\/div>\n<p><i>Com informa\u00e7\u00f5es da assessoria de imprensa do TRF3.<\/i><br \/>\n<br \/><a href=\"http:\/\/web.trf3.jus.br\/noticias\/Noticias\/Noticia\/Exibir\/375268\">Fonte<\/a><br \/>\n<br \/><\/p>\n","protected":false},"excerpt":{"rendered":"<p>Promovido pela AJUFE, evento ser\u00e1 realizado de 28 a 30 de novembro Com o objetivo de fomentar o debate sobre a uniformiza\u00e7\u00e3o e efici\u00eancia dos procedimentos afetos \u00e0 execu\u00e7\u00e3o fiscal, come\u00e7a, na pr\u00f3xima quarta-feira (28\/11), o F\u00f3rum Nacional de Execu\u00e7\u00f5es Fiscais (FONEF), evento promovido pela Associa\u00e7\u00e3o dos Ju\u00edzes Federais do Brasil (AJUFE), com apoio da [&hellip;]<\/p>\n","protected":false},"author":3063,"featured_media":1878,"comment_status":"open","ping_status":"open","sticky":false,"template":"","format":"standard","meta":{"footnotes":""},"categories":[5,110],"tags":[32,31,42,30,29,213,9,152,218,214],"class_list":{"0":"post-3401","1":"post","2":"type-post","3":"status-publish","4":"format-standard","5":"has-post-thumbnail","7":"category-previdenciario","8":"category-trf3","9":"tag-calculos-judiciais","10":"tag-calculos-tributarios","11":"tag-direito-tributario","12":"tag-divida-ativa","13":"tag-fazenda-publica","14":"tag-imposto","15":"tag-pericia","16":"tag-trf3","17":"tag-tribunal-regional-federal","18":"tag-tributo"},"yoast_head":"<!-- This site is optimized with the Yoast SEO plugin v27.2 - https:\/\/yoast.com\/product\/yoast-seo-wordpress\/ -->\n<title>TRF3: TRIBUNAL&nbsp;SEDIAR\u00c1 F\u00d3RUM NACIONAL DE EXECU\u00c7\u00d5ES FISCAIS (FONEF) | Portal de Not\u00edcias<\/title>\n<meta name=\"robots\" content=\"index, follow, max-snippet:-1, max-image-preview:large, max-video-preview:-1\" \/>\n<link rel=\"canonical\" href=\"https:\/\/mhcalculos.com.br\/noticias\/area\/previdenciario\/trf3-tribunal-sediara-forum-nacional-de-execucoes-fiscais-fonef.html\" \/>\n<meta property=\"og:locale\" content=\"pt_BR\" \/>\n<meta property=\"og:type\" content=\"article\" \/>\n<meta property=\"og:title\" content=\"TRF3: TRIBUNAL&nbsp;SEDIAR\u00c1 F\u00d3RUM NACIONAL DE EXECU\u00c7\u00d5ES FISCAIS (FONEF) | Portal de Not\u00edcias\" \/>\n<meta property=\"og:description\" content=\"Promovido pela AJUFE, evento ser\u00e1 realizado de 28 a 30 de novembro Com o objetivo de fomentar o debate sobre a uniformiza\u00e7\u00e3o e efici\u00eancia dos procedimentos afetos \u00e0 execu\u00e7\u00e3o fiscal, come\u00e7a, na pr\u00f3xima quarta-feira (28\/11), o F\u00f3rum Nacional de Execu\u00e7\u00f5es Fiscais (FONEF), evento promovido pela Associa\u00e7\u00e3o dos Ju\u00edzes Federais do Brasil (AJUFE), com apoio da [&hellip;]\" \/>\n<meta property=\"og:url\" content=\"https:\/\/mhcalculos.com.br\/noticias\/area\/previdenciario\/trf3-tribunal-sediara-forum-nacional-de-execucoes-fiscais-fonef.html\" \/>\n<meta property=\"og:site_name\" content=\"Portal de Not\u00edcias\" \/>\n<meta property=\"article:published_time\" content=\"2018-11-23T13:00:31+00:00\" \/>\n<meta property=\"article:modified_time\" content=\"2021-07-28T17:33:47+00:00\" \/>\n<meta property=\"og:image\" content=\"https:\/\/mhcalculos.com.br\/noticias\/wp-content\/uploads\/sites\/2\/2018\/06\/judiciario-0024.jpg\" \/>\n\t<meta property=\"og:image:width\" content=\"2000\" \/>\n\t<meta property=\"og:image:height\" content=\"800\" \/>\n\t<meta property=\"og:image:type\" content=\"image\/jpeg\" \/>\n<meta name=\"author\" content=\"Equipe MH\" \/>\n<meta name=\"twitter:card\" content=\"summary_large_image\" \/>\n<meta name=\"twitter:label1\" content=\"Escrito por\" \/>\n\t<meta name=\"twitter:data1\" content=\"Equipe MH\" \/>\n\t<meta name=\"twitter:label2\" content=\"Est. tempo de leitura\" \/>\n\t<meta name=\"twitter:data2\" content=\"1 minuto\" \/>\n<script type=\"application\/ld+json\" class=\"yoast-schema-graph\">{\"@context\":\"https:\/\/schema.org\",\"@graph\":[{\"@type\":\"Article\",\"@id\":\"https:\/\/mhcalculos.com.br\/noticias\/area\/previdenciario\/trf3-tribunal-sediara-forum-nacional-de-execucoes-fiscais-fonef.html#article\",\"isPartOf\":{\"@id\":\"https:\/\/mhcalculos.com.br\/noticias\/area\/previdenciario\/trf3-tribunal-sediara-forum-nacional-de-execucoes-fiscais-fonef.html\"},\"author\":{\"name\":\"Equipe MH\",\"@id\":\"https:\/\/mhcalculos.com.br\/noticias\/#\/schema\/person\/88d1c34bf72dc779ea14a5a6b8e0ae8d\"},\"headline\":\"TRF3: TRIBUNAL&nbsp;SEDIAR\u00c1 F\u00d3RUM NACIONAL DE EXECU\u00c7\u00d5ES FISCAIS (FONEF)\",\"datePublished\":\"2018-11-23T13:00:31+00:00\",\"dateModified\":\"2021-07-28T17:33:47+00:00\",\"mainEntityOfPage\":{\"@id\":\"https:\/\/mhcalculos.com.br\/noticias\/area\/previdenciario\/trf3-tribunal-sediara-forum-nacional-de-execucoes-fiscais-fonef.html\"},\"wordCount\":279,\"commentCount\":0,\"image\":{\"@id\":\"https:\/\/mhcalculos.com.br\/noticias\/area\/previdenciario\/trf3-tribunal-sediara-forum-nacional-de-execucoes-fiscais-fonef.html#primaryimage\"},\"thumbnailUrl\":\"https:\/\/mhcalculos.com.br\/noticias\/wp-content\/uploads\/sites\/2\/2018\/06\/judiciario-0024.jpg\",\"keywords\":[\"c\u00e1lculos judiciais\",\"c\u00e1lculos tribut\u00e1rios\",\"direito tribut\u00e1rio\",\"d\u00edvida ativa\",\"fazenda p\u00fablica\",\"Imposto\",\"per\u00edcia\",\"trf3\",\"Tribunal Regional Federal\",\"tributo\"],\"articleSection\":[\"Direito Previdenci\u00e1rio\",\"TRF3\"],\"inLanguage\":\"pt-BR\",\"potentialAction\":[{\"@type\":\"CommentAction\",\"name\":\"Comment\",\"target\":[\"https:\/\/mhcalculos.com.br\/noticias\/area\/previdenciario\/trf3-tribunal-sediara-forum-nacional-de-execucoes-fiscais-fonef.html#respond\"]}]},{\"@type\":\"WebPage\",\"@id\":\"https:\/\/mhcalculos.com.br\/noticias\/area\/previdenciario\/trf3-tribunal-sediara-forum-nacional-de-execucoes-fiscais-fonef.html\",\"url\":\"https:\/\/mhcalculos.com.br\/noticias\/area\/previdenciario\/trf3-tribunal-sediara-forum-nacional-de-execucoes-fiscais-fonef.html\",\"name\":\"TRF3: TRIBUNAL&nbsp;SEDIAR\u00c1 F\u00d3RUM NACIONAL DE EXECU\u00c7\u00d5ES FISCAIS (FONEF) | Portal de Not\u00edcias\",\"isPartOf\":{\"@id\":\"https:\/\/mhcalculos.com.br\/noticias\/#website\"},\"primaryImageOfPage\":{\"@id\":\"https:\/\/mhcalculos.com.br\/noticias\/area\/previdenciario\/trf3-tribunal-sediara-forum-nacional-de-execucoes-fiscais-fonef.html#primaryimage\"},\"image\":{\"@id\":\"https:\/\/mhcalculos.com.br\/noticias\/area\/previdenciario\/trf3-tribunal-sediara-forum-nacional-de-execucoes-fiscais-fonef.html#primaryimage\"},\"thumbnailUrl\":\"https:\/\/mhcalculos.com.br\/noticias\/wp-content\/uploads\/sites\/2\/2018\/06\/judiciario-0024.jpg\",\"datePublished\":\"2018-11-23T13:00:31+00:00\",\"dateModified\":\"2021-07-28T17:33:47+00:00\",\"author\":{\"@id\":\"https:\/\/mhcalculos.com.br\/noticias\/#\/schema\/person\/88d1c34bf72dc779ea14a5a6b8e0ae8d\"},\"breadcrumb\":{\"@id\":\"https:\/\/mhcalculos.com.br\/noticias\/area\/previdenciario\/trf3-tribunal-sediara-forum-nacional-de-execucoes-fiscais-fonef.html#breadcrumb\"},\"inLanguage\":\"pt-BR\",\"potentialAction\":[{\"@type\":\"ReadAction\",\"target\":[\"https:\/\/mhcalculos.com.br\/noticias\/area\/previdenciario\/trf3-tribunal-sediara-forum-nacional-de-execucoes-fiscais-fonef.html\"]}]},{\"@type\":\"ImageObject\",\"inLanguage\":\"pt-BR\",\"@id\":\"https:\/\/mhcalculos.com.br\/noticias\/area\/previdenciario\/trf3-tribunal-sediara-forum-nacional-de-execucoes-fiscais-fonef.html#primaryimage\",\"url\":\"https:\/\/mhcalculos.com.br\/noticias\/wp-content\/uploads\/sites\/2\/2018\/06\/judiciario-0024.jpg\",\"contentUrl\":\"https:\/\/mhcalculos.com.br\/noticias\/wp-content\/uploads\/sites\/2\/2018\/06\/judiciario-0024.jpg\",\"width\":2000,\"height\":800},{\"@type\":\"BreadcrumbList\",\"@id\":\"https:\/\/mhcalculos.com.br\/noticias\/area\/previdenciario\/trf3-tribunal-sediara-forum-nacional-de-execucoes-fiscais-fonef.html#breadcrumb\",\"itemListElement\":[{\"@type\":\"ListItem\",\"position\":1,\"name\":\"In\u00edcio\",\"item\":\"https:\/\/mhcalculos.com.br\/noticias\/\"},{\"@type\":\"ListItem\",\"position\":2,\"name\":\"TRF3: TRIBUNAL&nbsp;SEDIAR\u00c1 F\u00d3RUM NACIONAL DE EXECU\u00c7\u00d5ES FISCAIS (FONEF)\"}]},{\"@type\":\"WebSite\",\"@id\":\"https:\/\/mhcalculos.com.br\/noticias\/#website\",\"url\":\"https:\/\/mhcalculos.com.br\/noticias\/\",\"name\":\"Portal de Not\u00edcias\",\"description\":\"Not\u00edcias e Jurisprud\u00eancia\",\"potentialAction\":[{\"@type\":\"SearchAction\",\"target\":{\"@type\":\"EntryPoint\",\"urlTemplate\":\"https:\/\/mhcalculos.com.br\/noticias\/?s={search_term_string}\"},\"query-input\":{\"@type\":\"PropertyValueSpecification\",\"valueRequired\":true,\"valueName\":\"search_term_string\"}}],\"inLanguage\":\"pt-BR\"},{\"@type\":\"Person\",\"@id\":\"https:\/\/mhcalculos.com.br\/noticias\/#\/schema\/person\/88d1c34bf72dc779ea14a5a6b8e0ae8d\",\"name\":\"Equipe MH\",\"image\":{\"@type\":\"ImageObject\",\"inLanguage\":\"pt-BR\",\"@id\":\"https:\/\/secure.gravatar.com\/avatar\/de1c686c2ecc9c5a3f327e3431d819eb39f8f05d4e1045f5a1caad6daaba987f?s=96&d=mm&r=g\",\"url\":\"https:\/\/secure.gravatar.com\/avatar\/de1c686c2ecc9c5a3f327e3431d819eb39f8f05d4e1045f5a1caad6daaba987f?s=96&d=mm&r=g\",\"contentUrl\":\"https:\/\/secure.gravatar.com\/avatar\/de1c686c2ecc9c5a3f327e3431d819eb39f8f05d4e1045f5a1caad6daaba987f?s=96&d=mm&r=g\",\"caption\":\"Equipe MH\"}}]}<\/script>\n<!-- \/ Yoast SEO plugin. -->","yoast_head_json":{"title":"TRF3: TRIBUNAL&nbsp;SEDIAR\u00c1 F\u00d3RUM NACIONAL DE EXECU\u00c7\u00d5ES FISCAIS (FONEF) | Portal de Not\u00edcias","robots":{"index":"index","follow":"follow","max-snippet":"max-snippet:-1","max-image-preview":"max-image-preview:large","max-video-preview":"max-video-preview:-1"},"canonical":"https:\/\/mhcalculos.com.br\/noticias\/area\/previdenciario\/trf3-tribunal-sediara-forum-nacional-de-execucoes-fiscais-fonef.html","og_locale":"pt_BR","og_type":"article","og_title":"TRF3: TRIBUNAL&nbsp;SEDIAR\u00c1 F\u00d3RUM NACIONAL DE EXECU\u00c7\u00d5ES FISCAIS (FONEF) | Portal de Not\u00edcias","og_description":"Promovido pela AJUFE, evento ser\u00e1 realizado de 28 a 30 de novembro Com o objetivo de fomentar o debate sobre a uniformiza\u00e7\u00e3o e efici\u00eancia dos procedimentos afetos \u00e0 execu\u00e7\u00e3o fiscal, come\u00e7a, na pr\u00f3xima quarta-feira (28\/11), o F\u00f3rum Nacional de Execu\u00e7\u00f5es Fiscais (FONEF), evento promovido pela Associa\u00e7\u00e3o dos Ju\u00edzes Federais do Brasil (AJUFE), com apoio da [&hellip;]","og_url":"https:\/\/mhcalculos.com.br\/noticias\/area\/previdenciario\/trf3-tribunal-sediara-forum-nacional-de-execucoes-fiscais-fonef.html","og_site_name":"Portal de Not\u00edcias","article_published_time":"2018-11-23T13:00:31+00:00","article_modified_time":"2021-07-28T17:33:47+00:00","og_image":[{"width":2000,"height":800,"url":"https:\/\/mhcalculos.com.br\/noticias\/wp-content\/uploads\/sites\/2\/2018\/06\/judiciario-0024.jpg","type":"image\/jpeg"}],"author":"Equipe MH","twitter_card":"summary_large_image","twitter_misc":{"Escrito por":"Equipe MH","Est. tempo de leitura":"1 minuto"},"schema":{"@context":"https:\/\/schema.org","@graph":[{"@type":"Article","@id":"https:\/\/mhcalculos.com.br\/noticias\/area\/previdenciario\/trf3-tribunal-sediara-forum-nacional-de-execucoes-fiscais-fonef.html#article","isPartOf":{"@id":"https:\/\/mhcalculos.com.br\/noticias\/area\/previdenciario\/trf3-tribunal-sediara-forum-nacional-de-execucoes-fiscais-fonef.html"},"author":{"name":"Equipe MH","@id":"https:\/\/mhcalculos.com.br\/noticias\/#\/schema\/person\/88d1c34bf72dc779ea14a5a6b8e0ae8d"},"headline":"TRF3: TRIBUNAL&nbsp;SEDIAR\u00c1 F\u00d3RUM NACIONAL DE EXECU\u00c7\u00d5ES FISCAIS (FONEF)","datePublished":"2018-11-23T13:00:31+00:00","dateModified":"2021-07-28T17:33:47+00:00","mainEntityOfPage":{"@id":"https:\/\/mhcalculos.com.br\/noticias\/area\/previdenciario\/trf3-tribunal-sediara-forum-nacional-de-execucoes-fiscais-fonef.html"},"wordCount":279,"commentCount":0,"image":{"@id":"https:\/\/mhcalculos.com.br\/noticias\/area\/previdenciario\/trf3-tribunal-sediara-forum-nacional-de-execucoes-fiscais-fonef.html#primaryimage"},"thumbnailUrl":"https:\/\/mhcalculos.com.br\/noticias\/wp-content\/uploads\/sites\/2\/2018\/06\/judiciario-0024.jpg","keywords":["c\u00e1lculos judiciais","c\u00e1lculos tribut\u00e1rios","direito tribut\u00e1rio","d\u00edvida ativa","fazenda p\u00fablica","Imposto","per\u00edcia","trf3","Tribunal Regional Federal","tributo"],"articleSection":["Direito Previdenci\u00e1rio","TRF3"],"inLanguage":"pt-BR","potentialAction":[{"@type":"CommentAction","name":"Comment","target":["https:\/\/mhcalculos.com.br\/noticias\/area\/previdenciario\/trf3-tribunal-sediara-forum-nacional-de-execucoes-fiscais-fonef.html#respond"]}]},{"@type":"WebPage","@id":"https:\/\/mhcalculos.com.br\/noticias\/area\/previdenciario\/trf3-tribunal-sediara-forum-nacional-de-execucoes-fiscais-fonef.html","url":"https:\/\/mhcalculos.com.br\/noticias\/area\/previdenciario\/trf3-tribunal-sediara-forum-nacional-de-execucoes-fiscais-fonef.html","name":"TRF3: TRIBUNAL&nbsp;SEDIAR\u00c1 F\u00d3RUM NACIONAL DE EXECU\u00c7\u00d5ES FISCAIS (FONEF) | Portal de Not\u00edcias","isPartOf":{"@id":"https:\/\/mhcalculos.com.br\/noticias\/#website"},"primaryImageOfPage":{"@id":"https:\/\/mhcalculos.com.br\/noticias\/area\/previdenciario\/trf3-tribunal-sediara-forum-nacional-de-execucoes-fiscais-fonef.html#primaryimage"},"image":{"@id":"https:\/\/mhcalculos.com.br\/noticias\/area\/previdenciario\/trf3-tribunal-sediara-forum-nacional-de-execucoes-fiscais-fonef.html#primaryimage"},"thumbnailUrl":"https:\/\/mhcalculos.com.br\/noticias\/wp-content\/uploads\/sites\/2\/2018\/06\/judiciario-0024.jpg","datePublished":"2018-11-23T13:00:31+00:00","dateModified":"2021-07-28T17:33:47+00:00","author":{"@id":"https:\/\/mhcalculos.com.br\/noticias\/#\/schema\/person\/88d1c34bf72dc779ea14a5a6b8e0ae8d"},"breadcrumb":{"@id":"https:\/\/mhcalculos.com.br\/noticias\/area\/previdenciario\/trf3-tribunal-sediara-forum-nacional-de-execucoes-fiscais-fonef.html#breadcrumb"},"inLanguage":"pt-BR","potentialAction":[{"@type":"ReadAction","target":["https:\/\/mhcalculos.com.br\/noticias\/area\/previdenciario\/trf3-tribunal-sediara-forum-nacional-de-execucoes-fiscais-fonef.html"]}]},{"@type":"ImageObject","inLanguage":"pt-BR","@id":"https:\/\/mhcalculos.com.br\/noticias\/area\/previdenciario\/trf3-tribunal-sediara-forum-nacional-de-execucoes-fiscais-fonef.html#primaryimage","url":"https:\/\/mhcalculos.com.br\/noticias\/wp-content\/uploads\/sites\/2\/2018\/06\/judiciario-0024.jpg","contentUrl":"https:\/\/mhcalculos.com.br\/noticias\/wp-content\/uploads\/sites\/2\/2018\/06\/judiciario-0024.jpg","width":2000,"height":800},{"@type":"BreadcrumbList","@id":"https:\/\/mhcalculos.com.br\/noticias\/area\/previdenciario\/trf3-tribunal-sediara-forum-nacional-de-execucoes-fiscais-fonef.html#breadcrumb","itemListElement":[{"@type":"ListItem","position":1,"name":"In\u00edcio","item":"https:\/\/mhcalculos.com.br\/noticias\/"},{"@type":"ListItem","position":2,"name":"TRF3: TRIBUNAL&nbsp;SEDIAR\u00c1 F\u00d3RUM NACIONAL DE EXECU\u00c7\u00d5ES FISCAIS (FONEF)"}]},{"@type":"WebSite","@id":"https:\/\/mhcalculos.com.br\/noticias\/#website","url":"https:\/\/mhcalculos.com.br\/noticias\/","name":"Portal de Not\u00edcias","description":"Not\u00edcias e Jurisprud\u00eancia","potentialAction":[{"@type":"SearchAction","target":{"@type":"EntryPoint","urlTemplate":"https:\/\/mhcalculos.com.br\/noticias\/?s={search_term_string}"},"query-input":{"@type":"PropertyValueSpecification","valueRequired":true,"valueName":"search_term_string"}}],"inLanguage":"pt-BR"},{"@type":"Person","@id":"https:\/\/mhcalculos.com.br\/noticias\/#\/schema\/person\/88d1c34bf72dc779ea14a5a6b8e0ae8d","name":"Equipe MH","image":{"@type":"ImageObject","inLanguage":"pt-BR","@id":"https:\/\/secure.gravatar.com\/avatar\/de1c686c2ecc9c5a3f327e3431d819eb39f8f05d4e1045f5a1caad6daaba987f?s=96&d=mm&r=g","url":"https:\/\/secure.gravatar.com\/avatar\/de1c686c2ecc9c5a3f327e3431d819eb39f8f05d4e1045f5a1caad6daaba987f?s=96&d=mm&r=g","contentUrl":"https:\/\/secure.gravatar.com\/avatar\/de1c686c2ecc9c5a3f327e3431d819eb39f8f05d4e1045f5a1caad6daaba987f?s=96&d=mm&r=g","caption":"Equipe MH"}}]}},"_links":{"self":[{"href":"https:\/\/mhcalculos.com.br\/noticias\/wp-json\/wp\/v2\/posts\/3401","targetHints":{"allow":["GET"]}}],"collection":[{"href":"https:\/\/mhcalculos.com.br\/noticias\/wp-json\/wp\/v2\/posts"}],"about":[{"href":"https:\/\/mhcalculos.com.br\/noticias\/wp-json\/wp\/v2\/types\/post"}],"author":[{"embeddable":true,"href":"https:\/\/mhcalculos.com.br\/noticias\/wp-json\/wp\/v2\/users\/3063"}],"replies":[{"embeddable":true,"href":"https:\/\/mhcalculos.com.br\/noticias\/wp-json\/wp\/v2\/comments?post=3401"}],"version-history":[{"count":1,"href":"https:\/\/mhcalculos.com.br\/noticias\/wp-json\/wp\/v2\/posts\/3401\/revisions"}],"predecessor-version":[{"id":10142,"href":"https:\/\/mhcalculos.com.br\/noticias\/wp-json\/wp\/v2\/posts\/3401\/revisions\/10142"}],"wp:featuredmedia":[{"embeddable":true,"href":"https:\/\/mhcalculos.com.br\/noticias\/wp-json\/wp\/v2\/media\/1878"}],"wp:attachment":[{"href":"https:\/\/mhcalculos.com.br\/noticias\/wp-json\/wp\/v2\/media?parent=3401"}],"wp:term":[{"taxonomy":"category","embeddable":true,"href":"https:\/\/mhcalculos.com.br\/noticias\/wp-json\/wp\/v2\/categories?post=3401"},{"taxonomy":"post_tag","embeddable":true,"href":"https:\/\/mhcalculos.com.br\/noticias\/wp-json\/wp\/v2\/tags?post=3401"}],"curies":[{"name":"wp","href":"https:\/\/api.w.org\/{rel}","templated":true}]}}