{"id":3395,"date":"2018-11-22T00:00:33","date_gmt":"2018-11-22T02:00:33","guid":{"rendered":"https:\/\/mhcalculos.com.br\/noticias\/2018\/11\/22\/stj-justica-federal-vai-julgar-acoes-que-contestam-reajuste-de-tarifa-do-metro-de-belo-horizonte\/"},"modified":"2021-07-28T14:33:48","modified_gmt":"2021-07-28T17:33:48","slug":"stj-justica-federal-vai-julgar-acoes-que-contestam-reajuste-de-tarifa-do-metro-de-belo-horizonte","status":"publish","type":"post","link":"https:\/\/mhcalculos.com.br\/noticias\/area\/tributario\/stj-justica-federal-vai-julgar-acoes-que-contestam-reajuste-de-tarifa-do-metro-de-belo-horizonte.html","title":{"rendered":"STJ: Justi\u00e7a Federal vai julgar a\u00e7\u00f5es que contestam reajuste de tarifa do metr\u00f4 de Belo Horizonte"},"content":{"rendered":"\n<p>O Superior Tribunal de Justi\u00e7a (STJ) cassou decis\u00f5es da Justi\u00e7a estadual mineira que haviam suspendido o reajuste da tarifa cobrada dos usu\u00e1rios do metr\u00f4 de Belo Horizonte. O ministro Napole\u00e3o Nunes Maia Filho, relator de processo que discute a compet\u00eancia para analisar a quest\u00e3o, determinou que as a\u00e7\u00f5es acerca do tema sejam encaminhadas para a Justi\u00e7a Federal.<\/p>\n<p>O conflito de compet\u00eancia foi suscitado no STJ pela Companhia Brasileira de Trens Urbanos (CBTU) ante duas a\u00e7\u00f5es contra a recomposi\u00e7\u00e3o de pre\u00e7os, determinada por resolu\u00e7\u00e3o da empresa com base em ato administrativo do Minist\u00e9rio do Planejamento. Trata-se de uma a\u00e7\u00e3o civil p\u00fablica, ajuizada pelo Minist\u00e9rio P\u00fablico de Minas Gerais, e uma a\u00e7\u00e3o popular, ajuizada pelo deputado federal F\u00e1bio Ramalho (MDB-MG).<\/p>\n<p>O ministro relator constatou que a modifica\u00e7\u00e3o da natureza jur\u00eddica da CBTU, parte r\u00e9 nos processos, passando de sociedade de economia mista para empresa p\u00fablica federal, atrai a compet\u00eancia da Justi\u00e7a Federal, conforme estabelece o <strong><a href=\"https:\/\/www.planalto.gov.br\/ccivil_03\/constituicao\/constituicao.htm#art109\" target=\"_blank\" rel=\"noopener noreferrer\">artigo 109<\/a><\/strong>, I, da Constitui\u00e7\u00e3o Federal.<\/p>\n<p><strong>As a\u00e7\u00f5es<\/strong><\/p>\n<p>De acordo com a CBTU, a a\u00e7\u00e3o popular foi ajuizada em 11 de maio de 2018 na Justi\u00e7a estadual (4\u00aa Vara da Fazenda P\u00fablica de Belo Horizonte). Foi concedida liminar para suspender o reajuste. J\u00e1 a a\u00e7\u00e3o civil p\u00fablica foi ajuizada no dia 15 de maio de 2018, no mesmo ju\u00edzo em que proposta a a\u00e7\u00e3o popular (por conex\u00e3o). O ju\u00edzo de primeiro grau deferiu liminar para suspender a recomposi\u00e7\u00e3o de tarifas, mantendo o valor de R$ 1,80 at\u00e9 que fosse tomada outra decis\u00e3o judicial.<\/p>\n<p>Segundo a CBTU, a decis\u00e3o estaria causando \u201cpreju\u00edzos incalcul\u00e1veis e irrevers\u00edveis, podendo at\u00e9 gerar a total paralisa\u00e7\u00e3o do servi\u00e7o de transporte metrovi\u00e1rio\u201d. Contra as decis\u00f5es, a CBTU recorreu por meio de agravo ao Tribunal de Justi\u00e7a de Minas Gerais, distribu\u00eddo a uma das C\u00e2maras de Direito Privado, tendo esta declinado da compet\u00eancia para a Justi\u00e7a Federal, que, posteriormente, tamb\u00e9m se julgou incompetente.<\/p>\n<p>A CBTU defende que, por ser empresa estatal dependente do Tesouro Nacional, bem como pelo fato de que a recomposi\u00e7\u00e3o tarif\u00e1ria foi autorizada por ato administrativo do Minist\u00e9rio do Planejamento, caberia \u00e0 Justi\u00e7a Federal o processamento e julgamento das a\u00e7\u00f5es.<\/p>\n<p>Com a decis\u00e3o do ministro Napole\u00e3o, a 7\u00aa Vara Federal C\u00edvel da Se\u00e7\u00e3o Judici\u00e1ria de Minas dar\u00e1 continuidade \u00e0 an\u00e1lise das a\u00e7\u00f5es.<\/p>\n<p>Leia a <strong><a href=\"https:\/\/ww2.stj.jus.br\/websecstj\/cgi\/revista\/REJ.cgi\/MON?seq=89504903&amp;tipo=0&amp;nreg=201801335330&amp;SeqCgrmaSessao=&amp;CodOrgaoJgdr=&amp;dt=20181112&amp;formato=PDF&amp;salvar=false\">decis\u00e3o<\/a><\/strong>.<\/p>\n<p><i>Com informa\u00e7\u00f5es da assessoria de imprensa do STJ.<\/i><\/p>\n<p><a href=\"http:\/\/feedproxy.google.com\/~r\/STJNoticias\/~3\/9OJp5kqpQeQ\/Justi%C3%A7a-Federal-vai-julgar-a%C3%A7%C3%B5es-que-contestam-reajuste-de-tarifa-do-metr%C3%B4-de-Belo-Horizonte\">Fonte<\/a><\/p>\n\n","protected":false},"excerpt":{"rendered":"<p>O Superior Tribunal de Justi\u00e7a (STJ) cassou decis\u00f5es da Justi\u00e7a estadual mineira que haviam suspendido o reajuste da tarifa cobrada dos usu\u00e1rios do metr\u00f4 de Belo Horizonte. O ministro Napole\u00e3o Nunes Maia Filho, relator de processo que discute a compet\u00eancia para analisar a quest\u00e3o, determinou que as a\u00e7\u00f5es acerca do tema sejam encaminhadas para a [&hellip;]<\/p>\n","protected":false},"author":3063,"featured_media":3396,"comment_status":"open","ping_status":"open","sticky":false,"template":"","format":"standard","meta":{"footnotes":""},"categories":[18,7],"tags":[32,31,42,30,29,213,9,12,14,212,214],"class_list":{"0":"post-3395","1":"post","2":"type-post","3":"status-publish","4":"format-standard","5":"has-post-thumbnail","7":"category-tributario","8":"category-stj","9":"tag-calculos-judiciais","10":"tag-calculos-tributarios","11":"tag-direito-tributario","12":"tag-divida-ativa","13":"tag-fazenda-publica","14":"tag-imposto","15":"tag-pericia","16":"tag-perito","17":"tag-stj","18":"tag-superior-tribunal-de-justica","19":"tag-tributo"},"yoast_head":"<!-- This site is optimized with the Yoast SEO plugin v27.2 - https:\/\/yoast.com\/product\/yoast-seo-wordpress\/ -->\n<title>STJ: Justi\u00e7a Federal vai julgar a\u00e7\u00f5es que contestam reajuste de tarifa do metr\u00f4 de Belo Horizonte | Portal de Not\u00edcias<\/title>\n<meta name=\"robots\" content=\"index, follow, max-snippet:-1, max-image-preview:large, max-video-preview:-1\" \/>\n<link rel=\"canonical\" href=\"https:\/\/mhcalculos.com.br\/noticias\/area\/tributario\/stj-justica-federal-vai-julgar-acoes-que-contestam-reajuste-de-tarifa-do-metro-de-belo-horizonte.html\" \/>\n<meta property=\"og:locale\" content=\"pt_BR\" \/>\n<meta property=\"og:type\" content=\"article\" \/>\n<meta property=\"og:title\" content=\"STJ: Justi\u00e7a Federal vai julgar a\u00e7\u00f5es que contestam reajuste de tarifa do metr\u00f4 de Belo Horizonte | Portal de Not\u00edcias\" \/>\n<meta property=\"og:description\" content=\"O Superior Tribunal de Justi\u00e7a (STJ) cassou decis\u00f5es da Justi\u00e7a estadual mineira que haviam suspendido o reajuste da tarifa cobrada dos usu\u00e1rios do metr\u00f4 de Belo Horizonte. O ministro Napole\u00e3o Nunes Maia Filho, relator de processo que discute a compet\u00eancia para analisar a quest\u00e3o, determinou que as a\u00e7\u00f5es acerca do tema sejam encaminhadas para a [&hellip;]\" \/>\n<meta property=\"og:url\" content=\"https:\/\/mhcalculos.com.br\/noticias\/area\/tributario\/stj-justica-federal-vai-julgar-acoes-que-contestam-reajuste-de-tarifa-do-metro-de-belo-horizonte.html\" \/>\n<meta property=\"og:site_name\" content=\"Portal de Not\u00edcias\" \/>\n<meta property=\"article:published_time\" content=\"2018-11-22T02:00:33+00:00\" \/>\n<meta property=\"article:modified_time\" content=\"2021-07-28T17:33:48+00:00\" \/>\n<meta property=\"og:image\" content=\"https:\/\/mhcalculos.com.br\/noticias\/wp-content\/uploads\/sites\/2\/2018\/11\/tributario-0009.jpg\" \/>\n\t<meta property=\"og:image:width\" content=\"2000\" \/>\n\t<meta property=\"og:image:height\" content=\"800\" \/>\n\t<meta property=\"og:image:type\" content=\"image\/jpeg\" \/>\n<meta name=\"author\" content=\"Equipe MH\" \/>\n<meta name=\"twitter:card\" content=\"summary_large_image\" \/>\n<meta name=\"twitter:label1\" content=\"Escrito por\" \/>\n\t<meta name=\"twitter:data1\" content=\"Equipe MH\" \/>\n\t<meta name=\"twitter:label2\" content=\"Est. tempo de leitura\" \/>\n\t<meta name=\"twitter:data2\" content=\"2 minutos\" \/>\n<script type=\"application\/ld+json\" class=\"yoast-schema-graph\">{\"@context\":\"https:\/\/schema.org\",\"@graph\":[{\"@type\":\"Article\",\"@id\":\"https:\/\/mhcalculos.com.br\/noticias\/area\/tributario\/stj-justica-federal-vai-julgar-acoes-que-contestam-reajuste-de-tarifa-do-metro-de-belo-horizonte.html#article\",\"isPartOf\":{\"@id\":\"https:\/\/mhcalculos.com.br\/noticias\/area\/tributario\/stj-justica-federal-vai-julgar-acoes-que-contestam-reajuste-de-tarifa-do-metro-de-belo-horizonte.html\"},\"author\":{\"name\":\"Equipe MH\",\"@id\":\"https:\/\/mhcalculos.com.br\/noticias\/#\/schema\/person\/88d1c34bf72dc779ea14a5a6b8e0ae8d\"},\"headline\":\"STJ: Justi\u00e7a Federal vai julgar a\u00e7\u00f5es que contestam reajuste de tarifa do metr\u00f4 de Belo Horizonte\",\"datePublished\":\"2018-11-22T02:00:33+00:00\",\"dateModified\":\"2021-07-28T17:33:48+00:00\",\"mainEntityOfPage\":{\"@id\":\"https:\/\/mhcalculos.com.br\/noticias\/area\/tributario\/stj-justica-federal-vai-julgar-acoes-que-contestam-reajuste-de-tarifa-do-metro-de-belo-horizonte.html\"},\"wordCount\":459,\"commentCount\":0,\"image\":{\"@id\":\"https:\/\/mhcalculos.com.br\/noticias\/area\/tributario\/stj-justica-federal-vai-julgar-acoes-que-contestam-reajuste-de-tarifa-do-metro-de-belo-horizonte.html#primaryimage\"},\"thumbnailUrl\":\"https:\/\/mhcalculos.com.br\/noticias\/wp-content\/uploads\/sites\/2\/2018\/11\/tributario-0009.jpg\",\"keywords\":[\"c\u00e1lculos judiciais\",\"c\u00e1lculos tribut\u00e1rios\",\"direito tribut\u00e1rio\",\"d\u00edvida ativa\",\"fazenda p\u00fablica\",\"Imposto\",\"per\u00edcia\",\"perito\",\"stj\",\"Superior Tribunal de Justi\u00e7a\",\"tributo\"],\"articleSection\":[\"Direito Tribut\u00e1rio\",\"STJ\"],\"inLanguage\":\"pt-BR\",\"potentialAction\":[{\"@type\":\"CommentAction\",\"name\":\"Comment\",\"target\":[\"https:\/\/mhcalculos.com.br\/noticias\/area\/tributario\/stj-justica-federal-vai-julgar-acoes-que-contestam-reajuste-de-tarifa-do-metro-de-belo-horizonte.html#respond\"]}]},{\"@type\":\"WebPage\",\"@id\":\"https:\/\/mhcalculos.com.br\/noticias\/area\/tributario\/stj-justica-federal-vai-julgar-acoes-que-contestam-reajuste-de-tarifa-do-metro-de-belo-horizonte.html\",\"url\":\"https:\/\/mhcalculos.com.br\/noticias\/area\/tributario\/stj-justica-federal-vai-julgar-acoes-que-contestam-reajuste-de-tarifa-do-metro-de-belo-horizonte.html\",\"name\":\"STJ: Justi\u00e7a Federal vai julgar a\u00e7\u00f5es que contestam reajuste de tarifa do metr\u00f4 de Belo Horizonte | Portal de Not\u00edcias\",\"isPartOf\":{\"@id\":\"https:\/\/mhcalculos.com.br\/noticias\/#website\"},\"primaryImageOfPage\":{\"@id\":\"https:\/\/mhcalculos.com.br\/noticias\/area\/tributario\/stj-justica-federal-vai-julgar-acoes-que-contestam-reajuste-de-tarifa-do-metro-de-belo-horizonte.html#primaryimage\"},\"image\":{\"@id\":\"https:\/\/mhcalculos.com.br\/noticias\/area\/tributario\/stj-justica-federal-vai-julgar-acoes-que-contestam-reajuste-de-tarifa-do-metro-de-belo-horizonte.html#primaryimage\"},\"thumbnailUrl\":\"https:\/\/mhcalculos.com.br\/noticias\/wp-content\/uploads\/sites\/2\/2018\/11\/tributario-0009.jpg\",\"datePublished\":\"2018-11-22T02:00:33+00:00\",\"dateModified\":\"2021-07-28T17:33:48+00:00\",\"author\":{\"@id\":\"https:\/\/mhcalculos.com.br\/noticias\/#\/schema\/person\/88d1c34bf72dc779ea14a5a6b8e0ae8d\"},\"breadcrumb\":{\"@id\":\"https:\/\/mhcalculos.com.br\/noticias\/area\/tributario\/stj-justica-federal-vai-julgar-acoes-que-contestam-reajuste-de-tarifa-do-metro-de-belo-horizonte.html#breadcrumb\"},\"inLanguage\":\"pt-BR\",\"potentialAction\":[{\"@type\":\"ReadAction\",\"target\":[\"https:\/\/mhcalculos.com.br\/noticias\/area\/tributario\/stj-justica-federal-vai-julgar-acoes-que-contestam-reajuste-de-tarifa-do-metro-de-belo-horizonte.html\"]}]},{\"@type\":\"ImageObject\",\"inLanguage\":\"pt-BR\",\"@id\":\"https:\/\/mhcalculos.com.br\/noticias\/area\/tributario\/stj-justica-federal-vai-julgar-acoes-que-contestam-reajuste-de-tarifa-do-metro-de-belo-horizonte.html#primaryimage\",\"url\":\"https:\/\/mhcalculos.com.br\/noticias\/wp-content\/uploads\/sites\/2\/2018\/11\/tributario-0009.jpg\",\"contentUrl\":\"https:\/\/mhcalculos.com.br\/noticias\/wp-content\/uploads\/sites\/2\/2018\/11\/tributario-0009.jpg\",\"width\":2000,\"height\":800},{\"@type\":\"BreadcrumbList\",\"@id\":\"https:\/\/mhcalculos.com.br\/noticias\/area\/tributario\/stj-justica-federal-vai-julgar-acoes-que-contestam-reajuste-de-tarifa-do-metro-de-belo-horizonte.html#breadcrumb\",\"itemListElement\":[{\"@type\":\"ListItem\",\"position\":1,\"name\":\"In\u00edcio\",\"item\":\"https:\/\/mhcalculos.com.br\/noticias\/\"},{\"@type\":\"ListItem\",\"position\":2,\"name\":\"STJ: Justi\u00e7a Federal vai julgar a\u00e7\u00f5es que contestam reajuste de tarifa do metr\u00f4 de Belo Horizonte\"}]},{\"@type\":\"WebSite\",\"@id\":\"https:\/\/mhcalculos.com.br\/noticias\/#website\",\"url\":\"https:\/\/mhcalculos.com.br\/noticias\/\",\"name\":\"Portal de Not\u00edcias\",\"description\":\"Not\u00edcias e Jurisprud\u00eancia\",\"potentialAction\":[{\"@type\":\"SearchAction\",\"target\":{\"@type\":\"EntryPoint\",\"urlTemplate\":\"https:\/\/mhcalculos.com.br\/noticias\/?s={search_term_string}\"},\"query-input\":{\"@type\":\"PropertyValueSpecification\",\"valueRequired\":true,\"valueName\":\"search_term_string\"}}],\"inLanguage\":\"pt-BR\"},{\"@type\":\"Person\",\"@id\":\"https:\/\/mhcalculos.com.br\/noticias\/#\/schema\/person\/88d1c34bf72dc779ea14a5a6b8e0ae8d\",\"name\":\"Equipe MH\",\"image\":{\"@type\":\"ImageObject\",\"inLanguage\":\"pt-BR\",\"@id\":\"https:\/\/secure.gravatar.com\/avatar\/de1c686c2ecc9c5a3f327e3431d819eb39f8f05d4e1045f5a1caad6daaba987f?s=96&d=mm&r=g\",\"url\":\"https:\/\/secure.gravatar.com\/avatar\/de1c686c2ecc9c5a3f327e3431d819eb39f8f05d4e1045f5a1caad6daaba987f?s=96&d=mm&r=g\",\"contentUrl\":\"https:\/\/secure.gravatar.com\/avatar\/de1c686c2ecc9c5a3f327e3431d819eb39f8f05d4e1045f5a1caad6daaba987f?s=96&d=mm&r=g\",\"caption\":\"Equipe MH\"}}]}<\/script>\n<!-- \/ Yoast SEO plugin. -->","yoast_head_json":{"title":"STJ: Justi\u00e7a Federal vai julgar a\u00e7\u00f5es que contestam reajuste de tarifa do metr\u00f4 de Belo Horizonte | Portal de Not\u00edcias","robots":{"index":"index","follow":"follow","max-snippet":"max-snippet:-1","max-image-preview":"max-image-preview:large","max-video-preview":"max-video-preview:-1"},"canonical":"https:\/\/mhcalculos.com.br\/noticias\/area\/tributario\/stj-justica-federal-vai-julgar-acoes-que-contestam-reajuste-de-tarifa-do-metro-de-belo-horizonte.html","og_locale":"pt_BR","og_type":"article","og_title":"STJ: Justi\u00e7a Federal vai julgar a\u00e7\u00f5es que contestam reajuste de tarifa do metr\u00f4 de Belo Horizonte | Portal de Not\u00edcias","og_description":"O Superior Tribunal de Justi\u00e7a (STJ) cassou decis\u00f5es da Justi\u00e7a estadual mineira que haviam suspendido o reajuste da tarifa cobrada dos usu\u00e1rios do metr\u00f4 de Belo Horizonte. O ministro Napole\u00e3o Nunes Maia Filho, relator de processo que discute a compet\u00eancia para analisar a quest\u00e3o, determinou que as a\u00e7\u00f5es acerca do tema sejam encaminhadas para a [&hellip;]","og_url":"https:\/\/mhcalculos.com.br\/noticias\/area\/tributario\/stj-justica-federal-vai-julgar-acoes-que-contestam-reajuste-de-tarifa-do-metro-de-belo-horizonte.html","og_site_name":"Portal de Not\u00edcias","article_published_time":"2018-11-22T02:00:33+00:00","article_modified_time":"2021-07-28T17:33:48+00:00","og_image":[{"width":2000,"height":800,"url":"https:\/\/mhcalculos.com.br\/noticias\/wp-content\/uploads\/sites\/2\/2018\/11\/tributario-0009.jpg","type":"image\/jpeg"}],"author":"Equipe MH","twitter_card":"summary_large_image","twitter_misc":{"Escrito por":"Equipe MH","Est. tempo de leitura":"2 minutos"},"schema":{"@context":"https:\/\/schema.org","@graph":[{"@type":"Article","@id":"https:\/\/mhcalculos.com.br\/noticias\/area\/tributario\/stj-justica-federal-vai-julgar-acoes-que-contestam-reajuste-de-tarifa-do-metro-de-belo-horizonte.html#article","isPartOf":{"@id":"https:\/\/mhcalculos.com.br\/noticias\/area\/tributario\/stj-justica-federal-vai-julgar-acoes-que-contestam-reajuste-de-tarifa-do-metro-de-belo-horizonte.html"},"author":{"name":"Equipe MH","@id":"https:\/\/mhcalculos.com.br\/noticias\/#\/schema\/person\/88d1c34bf72dc779ea14a5a6b8e0ae8d"},"headline":"STJ: Justi\u00e7a Federal vai julgar a\u00e7\u00f5es que contestam reajuste de tarifa do metr\u00f4 de Belo Horizonte","datePublished":"2018-11-22T02:00:33+00:00","dateModified":"2021-07-28T17:33:48+00:00","mainEntityOfPage":{"@id":"https:\/\/mhcalculos.com.br\/noticias\/area\/tributario\/stj-justica-federal-vai-julgar-acoes-que-contestam-reajuste-de-tarifa-do-metro-de-belo-horizonte.html"},"wordCount":459,"commentCount":0,"image":{"@id":"https:\/\/mhcalculos.com.br\/noticias\/area\/tributario\/stj-justica-federal-vai-julgar-acoes-que-contestam-reajuste-de-tarifa-do-metro-de-belo-horizonte.html#primaryimage"},"thumbnailUrl":"https:\/\/mhcalculos.com.br\/noticias\/wp-content\/uploads\/sites\/2\/2018\/11\/tributario-0009.jpg","keywords":["c\u00e1lculos judiciais","c\u00e1lculos tribut\u00e1rios","direito tribut\u00e1rio","d\u00edvida ativa","fazenda p\u00fablica","Imposto","per\u00edcia","perito","stj","Superior Tribunal de Justi\u00e7a","tributo"],"articleSection":["Direito Tribut\u00e1rio","STJ"],"inLanguage":"pt-BR","potentialAction":[{"@type":"CommentAction","name":"Comment","target":["https:\/\/mhcalculos.com.br\/noticias\/area\/tributario\/stj-justica-federal-vai-julgar-acoes-que-contestam-reajuste-de-tarifa-do-metro-de-belo-horizonte.html#respond"]}]},{"@type":"WebPage","@id":"https:\/\/mhcalculos.com.br\/noticias\/area\/tributario\/stj-justica-federal-vai-julgar-acoes-que-contestam-reajuste-de-tarifa-do-metro-de-belo-horizonte.html","url":"https:\/\/mhcalculos.com.br\/noticias\/area\/tributario\/stj-justica-federal-vai-julgar-acoes-que-contestam-reajuste-de-tarifa-do-metro-de-belo-horizonte.html","name":"STJ: Justi\u00e7a Federal vai julgar a\u00e7\u00f5es que contestam reajuste de tarifa do metr\u00f4 de Belo Horizonte | Portal de Not\u00edcias","isPartOf":{"@id":"https:\/\/mhcalculos.com.br\/noticias\/#website"},"primaryImageOfPage":{"@id":"https:\/\/mhcalculos.com.br\/noticias\/area\/tributario\/stj-justica-federal-vai-julgar-acoes-que-contestam-reajuste-de-tarifa-do-metro-de-belo-horizonte.html#primaryimage"},"image":{"@id":"https:\/\/mhcalculos.com.br\/noticias\/area\/tributario\/stj-justica-federal-vai-julgar-acoes-que-contestam-reajuste-de-tarifa-do-metro-de-belo-horizonte.html#primaryimage"},"thumbnailUrl":"https:\/\/mhcalculos.com.br\/noticias\/wp-content\/uploads\/sites\/2\/2018\/11\/tributario-0009.jpg","datePublished":"2018-11-22T02:00:33+00:00","dateModified":"2021-07-28T17:33:48+00:00","author":{"@id":"https:\/\/mhcalculos.com.br\/noticias\/#\/schema\/person\/88d1c34bf72dc779ea14a5a6b8e0ae8d"},"breadcrumb":{"@id":"https:\/\/mhcalculos.com.br\/noticias\/area\/tributario\/stj-justica-federal-vai-julgar-acoes-que-contestam-reajuste-de-tarifa-do-metro-de-belo-horizonte.html#breadcrumb"},"inLanguage":"pt-BR","potentialAction":[{"@type":"ReadAction","target":["https:\/\/mhcalculos.com.br\/noticias\/area\/tributario\/stj-justica-federal-vai-julgar-acoes-que-contestam-reajuste-de-tarifa-do-metro-de-belo-horizonte.html"]}]},{"@type":"ImageObject","inLanguage":"pt-BR","@id":"https:\/\/mhcalculos.com.br\/noticias\/area\/tributario\/stj-justica-federal-vai-julgar-acoes-que-contestam-reajuste-de-tarifa-do-metro-de-belo-horizonte.html#primaryimage","url":"https:\/\/mhcalculos.com.br\/noticias\/wp-content\/uploads\/sites\/2\/2018\/11\/tributario-0009.jpg","contentUrl":"https:\/\/mhcalculos.com.br\/noticias\/wp-content\/uploads\/sites\/2\/2018\/11\/tributario-0009.jpg","width":2000,"height":800},{"@type":"BreadcrumbList","@id":"https:\/\/mhcalculos.com.br\/noticias\/area\/tributario\/stj-justica-federal-vai-julgar-acoes-que-contestam-reajuste-de-tarifa-do-metro-de-belo-horizonte.html#breadcrumb","itemListElement":[{"@type":"ListItem","position":1,"name":"In\u00edcio","item":"https:\/\/mhcalculos.com.br\/noticias\/"},{"@type":"ListItem","position":2,"name":"STJ: Justi\u00e7a Federal vai julgar a\u00e7\u00f5es que contestam reajuste de tarifa do metr\u00f4 de Belo Horizonte"}]},{"@type":"WebSite","@id":"https:\/\/mhcalculos.com.br\/noticias\/#website","url":"https:\/\/mhcalculos.com.br\/noticias\/","name":"Portal de Not\u00edcias","description":"Not\u00edcias e Jurisprud\u00eancia","potentialAction":[{"@type":"SearchAction","target":{"@type":"EntryPoint","urlTemplate":"https:\/\/mhcalculos.com.br\/noticias\/?s={search_term_string}"},"query-input":{"@type":"PropertyValueSpecification","valueRequired":true,"valueName":"search_term_string"}}],"inLanguage":"pt-BR"},{"@type":"Person","@id":"https:\/\/mhcalculos.com.br\/noticias\/#\/schema\/person\/88d1c34bf72dc779ea14a5a6b8e0ae8d","name":"Equipe MH","image":{"@type":"ImageObject","inLanguage":"pt-BR","@id":"https:\/\/secure.gravatar.com\/avatar\/de1c686c2ecc9c5a3f327e3431d819eb39f8f05d4e1045f5a1caad6daaba987f?s=96&d=mm&r=g","url":"https:\/\/secure.gravatar.com\/avatar\/de1c686c2ecc9c5a3f327e3431d819eb39f8f05d4e1045f5a1caad6daaba987f?s=96&d=mm&r=g","contentUrl":"https:\/\/secure.gravatar.com\/avatar\/de1c686c2ecc9c5a3f327e3431d819eb39f8f05d4e1045f5a1caad6daaba987f?s=96&d=mm&r=g","caption":"Equipe MH"}}]}},"_links":{"self":[{"href":"https:\/\/mhcalculos.com.br\/noticias\/wp-json\/wp\/v2\/posts\/3395","targetHints":{"allow":["GET"]}}],"collection":[{"href":"https:\/\/mhcalculos.com.br\/noticias\/wp-json\/wp\/v2\/posts"}],"about":[{"href":"https:\/\/mhcalculos.com.br\/noticias\/wp-json\/wp\/v2\/types\/post"}],"author":[{"embeddable":true,"href":"https:\/\/mhcalculos.com.br\/noticias\/wp-json\/wp\/v2\/users\/3063"}],"replies":[{"embeddable":true,"href":"https:\/\/mhcalculos.com.br\/noticias\/wp-json\/wp\/v2\/comments?post=3395"}],"version-history":[{"count":1,"href":"https:\/\/mhcalculos.com.br\/noticias\/wp-json\/wp\/v2\/posts\/3395\/revisions"}],"predecessor-version":[{"id":6742,"href":"https:\/\/mhcalculos.com.br\/noticias\/wp-json\/wp\/v2\/posts\/3395\/revisions\/6742"}],"wp:featuredmedia":[{"embeddable":true,"href":"https:\/\/mhcalculos.com.br\/noticias\/wp-json\/wp\/v2\/media\/3396"}],"wp:attachment":[{"href":"https:\/\/mhcalculos.com.br\/noticias\/wp-json\/wp\/v2\/media?parent=3395"}],"wp:term":[{"taxonomy":"category","embeddable":true,"href":"https:\/\/mhcalculos.com.br\/noticias\/wp-json\/wp\/v2\/categories?post=3395"},{"taxonomy":"post_tag","embeddable":true,"href":"https:\/\/mhcalculos.com.br\/noticias\/wp-json\/wp\/v2\/tags?post=3395"}],"curies":[{"name":"wp","href":"https:\/\/api.w.org\/{rel}","templated":true}]}}