{"id":3383,"date":"2018-11-18T10:00:08","date_gmt":"2018-11-18T12:00:08","guid":{"rendered":"https:\/\/mhcalculos.com.br\/noticias\/2018\/11\/18\/trf3-justica-federal-em-barretos-promove-audiencias-em-processos-previdenciarios\/"},"modified":"2021-07-28T14:33:49","modified_gmt":"2021-07-28T17:33:49","slug":"trf3-justica-federal-em-barretos-promove-audiencias-em-processos-previdenciarios","status":"publish","type":"post","link":"https:\/\/mhcalculos.com.br\/noticias\/area\/previdenciario\/trf3-justica-federal-em-barretos-promove-audiencias-em-processos-previdenciarios.html","title":{"rendered":"TRF3: JUSTI\u00c7A FEDERAL EM BARRETOS PROMOVE AUDI\u00caNCIAS EM PROCESSOS PREVIDENCI\u00c1RIOS"},"content":{"rendered":"\n<div class=\"mat\">\n<p><em>R\u00e9us em execu\u00e7\u00f5es fiscais propostas pelos conselhos de classe podem solicitar inclus\u00e3o do processo em uma audi\u00eancia de concilia\u00e7\u00e3o at\u00e9 sexta-feira (9\/11) na cidade<\/em><\/p>\n<p>A Justi\u00e7a Federal em Barretos realizou, no dia 6\/11, 20 audi\u00eancias de concilia\u00e7\u00e3o em processos ajuizados contra o Instituto Nacional do Seguro Social (INSS) sobre benef\u00edcio por incapacidade. Em 15 processos houve acordo entre as partes e, em um, pedido de desist\u00eancia em raz\u00e3o de \u00eaxito da parte autora em conseguir o benef\u00edcio na esfera administrativa. <\/p>\n<p>  Ontem (7\/11), foram realizadas 21 audi\u00eancias de concilia\u00e7\u00e3o em processos com a Caixa Econ\u00f4mica Federal (Caixa) para repara\u00e7\u00e3o de dano moral\/material, a\u00e7\u00f5es monit\u00f3rias e execu\u00e7\u00e3o de t\u00edtulo extrajudicial.<\/p>\n<p>  As audi\u00eancias fazem parte da Semana Nacional da Concilia\u00e7\u00e3o, evento criado pelo Conselho Nacional de Justi\u00e7a (CNJ) para promover a cultura do di\u00e1logo entre as partes de um conflito e que ocorre desde 2006.<\/p>\n<p>  Durante o evento, em Barretos, os profissionais interessados na solu\u00e7\u00e3o consensual para a d\u00edvida cobrada pelos conselhos de classe em execu\u00e7\u00e3o fiscal podem procurar a Secretaria da Vara e do Juizado Especial Federal para manifestar a inten\u00e7\u00e3o em pautar o seu processo para uma audi\u00eancia futura. O atendimento especial ser\u00e1 feito das 9 \u00e0s 19 horas, na Avenida 43, n\u00famero 1.016, Alvorada.<\/p>\n<p>Atualmente, tramitam na 1\u00aa Vara Federal da Subse\u00e7\u00e3o Judici\u00e1ria de Barretos, entre processos f\u00edsicos e eletr\u00f4nicos, aproximadamente 1.500 execu\u00e7\u00f5es fiscais propostas pelos conselhos de classe.<\/p>\n<p>A solu\u00e7\u00e3o do conflito, por meio da concilia\u00e7\u00e3o, decorrente da cobran\u00e7a de anuidades e multas pelos conselhos dispensa a atua\u00e7\u00e3o de advogado. O juiz, ao final da audi\u00eancia, valida formalmente o acordo realizado entre as partes.<\/p>\n<p>Al\u00e9m de Barretos, a 38\u00aa Subse\u00e7\u00e3o da Justi\u00e7a Federal de S\u00e3o Paulo tem jurisdi\u00e7\u00e3o sobre os munic\u00edpios de Col\u00f4mbia, Colina, Jaborandi, Miguel\u00f3polis e Gua\u00edra.<\/p>\n<p>  \u00a0<\/p>\n<\/p><\/div>\n<p><i>Com informa\u00e7\u00f5es da assessoria de imprensa do TRF3.<\/i><br \/>\n<br \/><a href=\"http:\/\/web.trf3.jus.br\/noticias\/Noticias\/Noticia\/Exibir\/374864\">Fonte<\/a><br \/>\n<br \/><\/p>\n","protected":false},"excerpt":{"rendered":"<p>R\u00e9us em execu\u00e7\u00f5es fiscais propostas pelos conselhos de classe podem solicitar inclus\u00e3o do processo em uma audi\u00eancia de concilia\u00e7\u00e3o at\u00e9 sexta-feira (9\/11) na cidade A Justi\u00e7a Federal em Barretos realizou, no dia 6\/11, 20 audi\u00eancias de concilia\u00e7\u00e3o em processos ajuizados contra o Instituto Nacional do Seguro Social (INSS) sobre benef\u00edcio por incapacidade. Em 15 processos [&hellip;]<\/p>\n","protected":false},"author":3063,"featured_media":3384,"comment_status":"open","ping_status":"open","sticky":false,"template":"","format":"standard","meta":{"footnotes":""},"categories":[5,110],"tags":[11,10,8,13,9,12,152],"class_list":{"0":"post-3383","1":"post","2":"type-post","3":"status-publish","4":"format-standard","5":"has-post-thumbnail","7":"category-previdenciario","8":"category-trf3","9":"tag-aposentadoria","10":"tag-calculos-previdenciarios","11":"tag-direito-previdenciario","12":"tag-inss","13":"tag-pericia","14":"tag-perito","15":"tag-trf3"},"yoast_head":"<!-- This site is optimized with the Yoast SEO plugin v27.2 - https:\/\/yoast.com\/product\/yoast-seo-wordpress\/ -->\n<title>TRF3: JUSTI\u00c7A FEDERAL EM BARRETOS PROMOVE AUDI\u00caNCIAS EM PROCESSOS PREVIDENCI\u00c1RIOS | Portal de Not\u00edcias<\/title>\n<meta name=\"robots\" content=\"index, follow, max-snippet:-1, max-image-preview:large, max-video-preview:-1\" \/>\n<link rel=\"canonical\" href=\"https:\/\/mhcalculos.com.br\/noticias\/area\/previdenciario\/trf3-justica-federal-em-barretos-promove-audiencias-em-processos-previdenciarios.html\" \/>\n<meta property=\"og:locale\" content=\"pt_BR\" \/>\n<meta property=\"og:type\" content=\"article\" \/>\n<meta property=\"og:title\" content=\"TRF3: JUSTI\u00c7A FEDERAL EM BARRETOS PROMOVE AUDI\u00caNCIAS EM PROCESSOS PREVIDENCI\u00c1RIOS | Portal de Not\u00edcias\" \/>\n<meta property=\"og:description\" content=\"R\u00e9us em execu\u00e7\u00f5es fiscais propostas pelos conselhos de classe podem solicitar inclus\u00e3o do processo em uma audi\u00eancia de concilia\u00e7\u00e3o at\u00e9 sexta-feira (9\/11) na cidade A Justi\u00e7a Federal em Barretos realizou, no dia 6\/11, 20 audi\u00eancias de concilia\u00e7\u00e3o em processos ajuizados contra o Instituto Nacional do Seguro Social (INSS) sobre benef\u00edcio por incapacidade. Em 15 processos [&hellip;]\" \/>\n<meta property=\"og:url\" content=\"https:\/\/mhcalculos.com.br\/noticias\/area\/previdenciario\/trf3-justica-federal-em-barretos-promove-audiencias-em-processos-previdenciarios.html\" \/>\n<meta property=\"og:site_name\" content=\"Portal de Not\u00edcias\" \/>\n<meta property=\"article:published_time\" content=\"2018-11-18T12:00:08+00:00\" \/>\n<meta property=\"article:modified_time\" content=\"2021-07-28T17:33:49+00:00\" \/>\n<meta property=\"og:image\" content=\"https:\/\/mhcalculos.com.br\/noticias\/wp-content\/uploads\/sites\/2\/2018\/11\/previdenciario-0025.jpg\" \/>\n\t<meta property=\"og:image:width\" content=\"2000\" \/>\n\t<meta property=\"og:image:height\" content=\"800\" \/>\n\t<meta property=\"og:image:type\" content=\"image\/jpeg\" \/>\n<meta name=\"author\" content=\"Equipe MH\" \/>\n<meta name=\"twitter:card\" content=\"summary_large_image\" \/>\n<meta name=\"twitter:label1\" content=\"Escrito por\" \/>\n\t<meta name=\"twitter:data1\" content=\"Equipe MH\" \/>\n\t<meta name=\"twitter:label2\" content=\"Est. tempo de leitura\" \/>\n\t<meta name=\"twitter:data2\" content=\"2 minutos\" \/>\n<script type=\"application\/ld+json\" class=\"yoast-schema-graph\">{\"@context\":\"https:\/\/schema.org\",\"@graph\":[{\"@type\":\"Article\",\"@id\":\"https:\/\/mhcalculos.com.br\/noticias\/area\/previdenciario\/trf3-justica-federal-em-barretos-promove-audiencias-em-processos-previdenciarios.html#article\",\"isPartOf\":{\"@id\":\"https:\/\/mhcalculos.com.br\/noticias\/area\/previdenciario\/trf3-justica-federal-em-barretos-promove-audiencias-em-processos-previdenciarios.html\"},\"author\":{\"name\":\"Equipe MH\",\"@id\":\"https:\/\/mhcalculos.com.br\/noticias\/#\/schema\/person\/88d1c34bf72dc779ea14a5a6b8e0ae8d\"},\"headline\":\"TRF3: JUSTI\u00c7A FEDERAL EM BARRETOS PROMOVE AUDI\u00caNCIAS EM PROCESSOS PREVIDENCI\u00c1RIOS\",\"datePublished\":\"2018-11-18T12:00:08+00:00\",\"dateModified\":\"2021-07-28T17:33:49+00:00\",\"mainEntityOfPage\":{\"@id\":\"https:\/\/mhcalculos.com.br\/noticias\/area\/previdenciario\/trf3-justica-federal-em-barretos-promove-audiencias-em-processos-previdenciarios.html\"},\"wordCount\":350,\"commentCount\":0,\"image\":{\"@id\":\"https:\/\/mhcalculos.com.br\/noticias\/area\/previdenciario\/trf3-justica-federal-em-barretos-promove-audiencias-em-processos-previdenciarios.html#primaryimage\"},\"thumbnailUrl\":\"https:\/\/mhcalculos.com.br\/noticias\/wp-content\/uploads\/sites\/2\/2018\/11\/previdenciario-0025.jpg\",\"keywords\":[\"aposentadoria\",\"c\u00e1lculos previdenci\u00e1rios\",\"direito previdenci\u00e1rio\",\"inss\",\"per\u00edcia\",\"perito\",\"trf3\"],\"articleSection\":[\"Direito Previdenci\u00e1rio\",\"TRF3\"],\"inLanguage\":\"pt-BR\",\"potentialAction\":[{\"@type\":\"CommentAction\",\"name\":\"Comment\",\"target\":[\"https:\/\/mhcalculos.com.br\/noticias\/area\/previdenciario\/trf3-justica-federal-em-barretos-promove-audiencias-em-processos-previdenciarios.html#respond\"]}]},{\"@type\":\"WebPage\",\"@id\":\"https:\/\/mhcalculos.com.br\/noticias\/area\/previdenciario\/trf3-justica-federal-em-barretos-promove-audiencias-em-processos-previdenciarios.html\",\"url\":\"https:\/\/mhcalculos.com.br\/noticias\/area\/previdenciario\/trf3-justica-federal-em-barretos-promove-audiencias-em-processos-previdenciarios.html\",\"name\":\"TRF3: JUSTI\u00c7A FEDERAL EM BARRETOS PROMOVE AUDI\u00caNCIAS EM PROCESSOS PREVIDENCI\u00c1RIOS | Portal de Not\u00edcias\",\"isPartOf\":{\"@id\":\"https:\/\/mhcalculos.com.br\/noticias\/#website\"},\"primaryImageOfPage\":{\"@id\":\"https:\/\/mhcalculos.com.br\/noticias\/area\/previdenciario\/trf3-justica-federal-em-barretos-promove-audiencias-em-processos-previdenciarios.html#primaryimage\"},\"image\":{\"@id\":\"https:\/\/mhcalculos.com.br\/noticias\/area\/previdenciario\/trf3-justica-federal-em-barretos-promove-audiencias-em-processos-previdenciarios.html#primaryimage\"},\"thumbnailUrl\":\"https:\/\/mhcalculos.com.br\/noticias\/wp-content\/uploads\/sites\/2\/2018\/11\/previdenciario-0025.jpg\",\"datePublished\":\"2018-11-18T12:00:08+00:00\",\"dateModified\":\"2021-07-28T17:33:49+00:00\",\"author\":{\"@id\":\"https:\/\/mhcalculos.com.br\/noticias\/#\/schema\/person\/88d1c34bf72dc779ea14a5a6b8e0ae8d\"},\"breadcrumb\":{\"@id\":\"https:\/\/mhcalculos.com.br\/noticias\/area\/previdenciario\/trf3-justica-federal-em-barretos-promove-audiencias-em-processos-previdenciarios.html#breadcrumb\"},\"inLanguage\":\"pt-BR\",\"potentialAction\":[{\"@type\":\"ReadAction\",\"target\":[\"https:\/\/mhcalculos.com.br\/noticias\/area\/previdenciario\/trf3-justica-federal-em-barretos-promove-audiencias-em-processos-previdenciarios.html\"]}]},{\"@type\":\"ImageObject\",\"inLanguage\":\"pt-BR\",\"@id\":\"https:\/\/mhcalculos.com.br\/noticias\/area\/previdenciario\/trf3-justica-federal-em-barretos-promove-audiencias-em-processos-previdenciarios.html#primaryimage\",\"url\":\"https:\/\/mhcalculos.com.br\/noticias\/wp-content\/uploads\/sites\/2\/2018\/11\/previdenciario-0025.jpg\",\"contentUrl\":\"https:\/\/mhcalculos.com.br\/noticias\/wp-content\/uploads\/sites\/2\/2018\/11\/previdenciario-0025.jpg\",\"width\":2000,\"height\":800},{\"@type\":\"BreadcrumbList\",\"@id\":\"https:\/\/mhcalculos.com.br\/noticias\/area\/previdenciario\/trf3-justica-federal-em-barretos-promove-audiencias-em-processos-previdenciarios.html#breadcrumb\",\"itemListElement\":[{\"@type\":\"ListItem\",\"position\":1,\"name\":\"In\u00edcio\",\"item\":\"https:\/\/mhcalculos.com.br\/noticias\/\"},{\"@type\":\"ListItem\",\"position\":2,\"name\":\"TRF3: JUSTI\u00c7A FEDERAL EM BARRETOS PROMOVE AUDI\u00caNCIAS EM PROCESSOS PREVIDENCI\u00c1RIOS\"}]},{\"@type\":\"WebSite\",\"@id\":\"https:\/\/mhcalculos.com.br\/noticias\/#website\",\"url\":\"https:\/\/mhcalculos.com.br\/noticias\/\",\"name\":\"Portal de Not\u00edcias\",\"description\":\"Not\u00edcias e Jurisprud\u00eancia\",\"potentialAction\":[{\"@type\":\"SearchAction\",\"target\":{\"@type\":\"EntryPoint\",\"urlTemplate\":\"https:\/\/mhcalculos.com.br\/noticias\/?s={search_term_string}\"},\"query-input\":{\"@type\":\"PropertyValueSpecification\",\"valueRequired\":true,\"valueName\":\"search_term_string\"}}],\"inLanguage\":\"pt-BR\"},{\"@type\":\"Person\",\"@id\":\"https:\/\/mhcalculos.com.br\/noticias\/#\/schema\/person\/88d1c34bf72dc779ea14a5a6b8e0ae8d\",\"name\":\"Equipe MH\",\"image\":{\"@type\":\"ImageObject\",\"inLanguage\":\"pt-BR\",\"@id\":\"https:\/\/secure.gravatar.com\/avatar\/de1c686c2ecc9c5a3f327e3431d819eb39f8f05d4e1045f5a1caad6daaba987f?s=96&d=mm&r=g\",\"url\":\"https:\/\/secure.gravatar.com\/avatar\/de1c686c2ecc9c5a3f327e3431d819eb39f8f05d4e1045f5a1caad6daaba987f?s=96&d=mm&r=g\",\"contentUrl\":\"https:\/\/secure.gravatar.com\/avatar\/de1c686c2ecc9c5a3f327e3431d819eb39f8f05d4e1045f5a1caad6daaba987f?s=96&d=mm&r=g\",\"caption\":\"Equipe MH\"}}]}<\/script>\n<!-- \/ Yoast SEO plugin. -->","yoast_head_json":{"title":"TRF3: JUSTI\u00c7A FEDERAL EM BARRETOS PROMOVE AUDI\u00caNCIAS EM PROCESSOS PREVIDENCI\u00c1RIOS | Portal de Not\u00edcias","robots":{"index":"index","follow":"follow","max-snippet":"max-snippet:-1","max-image-preview":"max-image-preview:large","max-video-preview":"max-video-preview:-1"},"canonical":"https:\/\/mhcalculos.com.br\/noticias\/area\/previdenciario\/trf3-justica-federal-em-barretos-promove-audiencias-em-processos-previdenciarios.html","og_locale":"pt_BR","og_type":"article","og_title":"TRF3: JUSTI\u00c7A FEDERAL EM BARRETOS PROMOVE AUDI\u00caNCIAS EM PROCESSOS PREVIDENCI\u00c1RIOS | Portal de Not\u00edcias","og_description":"R\u00e9us em execu\u00e7\u00f5es fiscais propostas pelos conselhos de classe podem solicitar inclus\u00e3o do processo em uma audi\u00eancia de concilia\u00e7\u00e3o at\u00e9 sexta-feira (9\/11) na cidade A Justi\u00e7a Federal em Barretos realizou, no dia 6\/11, 20 audi\u00eancias de concilia\u00e7\u00e3o em processos ajuizados contra o Instituto Nacional do Seguro Social (INSS) sobre benef\u00edcio por incapacidade. Em 15 processos [&hellip;]","og_url":"https:\/\/mhcalculos.com.br\/noticias\/area\/previdenciario\/trf3-justica-federal-em-barretos-promove-audiencias-em-processos-previdenciarios.html","og_site_name":"Portal de Not\u00edcias","article_published_time":"2018-11-18T12:00:08+00:00","article_modified_time":"2021-07-28T17:33:49+00:00","og_image":[{"width":2000,"height":800,"url":"https:\/\/mhcalculos.com.br\/noticias\/wp-content\/uploads\/sites\/2\/2018\/11\/previdenciario-0025.jpg","type":"image\/jpeg"}],"author":"Equipe MH","twitter_card":"summary_large_image","twitter_misc":{"Escrito por":"Equipe MH","Est. tempo de leitura":"2 minutos"},"schema":{"@context":"https:\/\/schema.org","@graph":[{"@type":"Article","@id":"https:\/\/mhcalculos.com.br\/noticias\/area\/previdenciario\/trf3-justica-federal-em-barretos-promove-audiencias-em-processos-previdenciarios.html#article","isPartOf":{"@id":"https:\/\/mhcalculos.com.br\/noticias\/area\/previdenciario\/trf3-justica-federal-em-barretos-promove-audiencias-em-processos-previdenciarios.html"},"author":{"name":"Equipe MH","@id":"https:\/\/mhcalculos.com.br\/noticias\/#\/schema\/person\/88d1c34bf72dc779ea14a5a6b8e0ae8d"},"headline":"TRF3: JUSTI\u00c7A FEDERAL EM BARRETOS PROMOVE AUDI\u00caNCIAS EM PROCESSOS PREVIDENCI\u00c1RIOS","datePublished":"2018-11-18T12:00:08+00:00","dateModified":"2021-07-28T17:33:49+00:00","mainEntityOfPage":{"@id":"https:\/\/mhcalculos.com.br\/noticias\/area\/previdenciario\/trf3-justica-federal-em-barretos-promove-audiencias-em-processos-previdenciarios.html"},"wordCount":350,"commentCount":0,"image":{"@id":"https:\/\/mhcalculos.com.br\/noticias\/area\/previdenciario\/trf3-justica-federal-em-barretos-promove-audiencias-em-processos-previdenciarios.html#primaryimage"},"thumbnailUrl":"https:\/\/mhcalculos.com.br\/noticias\/wp-content\/uploads\/sites\/2\/2018\/11\/previdenciario-0025.jpg","keywords":["aposentadoria","c\u00e1lculos previdenci\u00e1rios","direito previdenci\u00e1rio","inss","per\u00edcia","perito","trf3"],"articleSection":["Direito Previdenci\u00e1rio","TRF3"],"inLanguage":"pt-BR","potentialAction":[{"@type":"CommentAction","name":"Comment","target":["https:\/\/mhcalculos.com.br\/noticias\/area\/previdenciario\/trf3-justica-federal-em-barretos-promove-audiencias-em-processos-previdenciarios.html#respond"]}]},{"@type":"WebPage","@id":"https:\/\/mhcalculos.com.br\/noticias\/area\/previdenciario\/trf3-justica-federal-em-barretos-promove-audiencias-em-processos-previdenciarios.html","url":"https:\/\/mhcalculos.com.br\/noticias\/area\/previdenciario\/trf3-justica-federal-em-barretos-promove-audiencias-em-processos-previdenciarios.html","name":"TRF3: JUSTI\u00c7A FEDERAL EM BARRETOS PROMOVE AUDI\u00caNCIAS EM PROCESSOS PREVIDENCI\u00c1RIOS | Portal de Not\u00edcias","isPartOf":{"@id":"https:\/\/mhcalculos.com.br\/noticias\/#website"},"primaryImageOfPage":{"@id":"https:\/\/mhcalculos.com.br\/noticias\/area\/previdenciario\/trf3-justica-federal-em-barretos-promove-audiencias-em-processos-previdenciarios.html#primaryimage"},"image":{"@id":"https:\/\/mhcalculos.com.br\/noticias\/area\/previdenciario\/trf3-justica-federal-em-barretos-promove-audiencias-em-processos-previdenciarios.html#primaryimage"},"thumbnailUrl":"https:\/\/mhcalculos.com.br\/noticias\/wp-content\/uploads\/sites\/2\/2018\/11\/previdenciario-0025.jpg","datePublished":"2018-11-18T12:00:08+00:00","dateModified":"2021-07-28T17:33:49+00:00","author":{"@id":"https:\/\/mhcalculos.com.br\/noticias\/#\/schema\/person\/88d1c34bf72dc779ea14a5a6b8e0ae8d"},"breadcrumb":{"@id":"https:\/\/mhcalculos.com.br\/noticias\/area\/previdenciario\/trf3-justica-federal-em-barretos-promove-audiencias-em-processos-previdenciarios.html#breadcrumb"},"inLanguage":"pt-BR","potentialAction":[{"@type":"ReadAction","target":["https:\/\/mhcalculos.com.br\/noticias\/area\/previdenciario\/trf3-justica-federal-em-barretos-promove-audiencias-em-processos-previdenciarios.html"]}]},{"@type":"ImageObject","inLanguage":"pt-BR","@id":"https:\/\/mhcalculos.com.br\/noticias\/area\/previdenciario\/trf3-justica-federal-em-barretos-promove-audiencias-em-processos-previdenciarios.html#primaryimage","url":"https:\/\/mhcalculos.com.br\/noticias\/wp-content\/uploads\/sites\/2\/2018\/11\/previdenciario-0025.jpg","contentUrl":"https:\/\/mhcalculos.com.br\/noticias\/wp-content\/uploads\/sites\/2\/2018\/11\/previdenciario-0025.jpg","width":2000,"height":800},{"@type":"BreadcrumbList","@id":"https:\/\/mhcalculos.com.br\/noticias\/area\/previdenciario\/trf3-justica-federal-em-barretos-promove-audiencias-em-processos-previdenciarios.html#breadcrumb","itemListElement":[{"@type":"ListItem","position":1,"name":"In\u00edcio","item":"https:\/\/mhcalculos.com.br\/noticias\/"},{"@type":"ListItem","position":2,"name":"TRF3: JUSTI\u00c7A FEDERAL EM BARRETOS PROMOVE AUDI\u00caNCIAS EM PROCESSOS PREVIDENCI\u00c1RIOS"}]},{"@type":"WebSite","@id":"https:\/\/mhcalculos.com.br\/noticias\/#website","url":"https:\/\/mhcalculos.com.br\/noticias\/","name":"Portal de Not\u00edcias","description":"Not\u00edcias e Jurisprud\u00eancia","potentialAction":[{"@type":"SearchAction","target":{"@type":"EntryPoint","urlTemplate":"https:\/\/mhcalculos.com.br\/noticias\/?s={search_term_string}"},"query-input":{"@type":"PropertyValueSpecification","valueRequired":true,"valueName":"search_term_string"}}],"inLanguage":"pt-BR"},{"@type":"Person","@id":"https:\/\/mhcalculos.com.br\/noticias\/#\/schema\/person\/88d1c34bf72dc779ea14a5a6b8e0ae8d","name":"Equipe MH","image":{"@type":"ImageObject","inLanguage":"pt-BR","@id":"https:\/\/secure.gravatar.com\/avatar\/de1c686c2ecc9c5a3f327e3431d819eb39f8f05d4e1045f5a1caad6daaba987f?s=96&d=mm&r=g","url":"https:\/\/secure.gravatar.com\/avatar\/de1c686c2ecc9c5a3f327e3431d819eb39f8f05d4e1045f5a1caad6daaba987f?s=96&d=mm&r=g","contentUrl":"https:\/\/secure.gravatar.com\/avatar\/de1c686c2ecc9c5a3f327e3431d819eb39f8f05d4e1045f5a1caad6daaba987f?s=96&d=mm&r=g","caption":"Equipe MH"}}]}},"_links":{"self":[{"href":"https:\/\/mhcalculos.com.br\/noticias\/wp-json\/wp\/v2\/posts\/3383","targetHints":{"allow":["GET"]}}],"collection":[{"href":"https:\/\/mhcalculos.com.br\/noticias\/wp-json\/wp\/v2\/posts"}],"about":[{"href":"https:\/\/mhcalculos.com.br\/noticias\/wp-json\/wp\/v2\/types\/post"}],"author":[{"embeddable":true,"href":"https:\/\/mhcalculos.com.br\/noticias\/wp-json\/wp\/v2\/users\/3063"}],"replies":[{"embeddable":true,"href":"https:\/\/mhcalculos.com.br\/noticias\/wp-json\/wp\/v2\/comments?post=3383"}],"version-history":[{"count":1,"href":"https:\/\/mhcalculos.com.br\/noticias\/wp-json\/wp\/v2\/posts\/3383\/revisions"}],"predecessor-version":[{"id":10152,"href":"https:\/\/mhcalculos.com.br\/noticias\/wp-json\/wp\/v2\/posts\/3383\/revisions\/10152"}],"wp:featuredmedia":[{"embeddable":true,"href":"https:\/\/mhcalculos.com.br\/noticias\/wp-json\/wp\/v2\/media\/3384"}],"wp:attachment":[{"href":"https:\/\/mhcalculos.com.br\/noticias\/wp-json\/wp\/v2\/media?parent=3383"}],"wp:term":[{"taxonomy":"category","embeddable":true,"href":"https:\/\/mhcalculos.com.br\/noticias\/wp-json\/wp\/v2\/categories?post=3383"},{"taxonomy":"post_tag","embeddable":true,"href":"https:\/\/mhcalculos.com.br\/noticias\/wp-json\/wp\/v2\/tags?post=3383"}],"curies":[{"name":"wp","href":"https:\/\/api.w.org\/{rel}","templated":true}]}}