{"id":3381,"date":"2018-11-18T03:00:14","date_gmt":"2018-11-18T05:00:14","guid":{"rendered":"https:\/\/mhcalculos.com.br\/noticias\/2018\/11\/18\/a-impressao-3d-como-uma-ferramenta-para-a-inclusao\/"},"modified":"2021-07-28T14:33:49","modified_gmt":"2021-07-28T17:33:49","slug":"a-impressao-3d-como-uma-ferramenta-para-a-inclusao","status":"publish","type":"post","link":"https:\/\/mhcalculos.com.br\/noticias\/cidadania\/a-impressao-3d-como-uma-ferramenta-para-a-inclusao.html","title":{"rendered":"A impress\u00e3o 3D como uma ferramenta para a inclus\u00e3o"},"content":{"rendered":"<p> <br \/>\n<\/p>\n<p><span style=\"font-weight: 400\">Todo ano a <strong>Funda\u00e7\u00e3o Telef\u00f4nica Vivo<\/strong> realiza o <a href=\"http:\/\/fundacaotelefonica.org.br\/projetos\/programa-de-voluntariado\/dia-dos-voluntarios\/\"><strong>Dia dos Volunt\u00e1rios Telef\u00f4nica<\/strong><\/a>, um projeto global que envolve os colaboradores de todas as empresas do Grupo Telef\u00f4nica, que se mobilizam para realizar <strong>a\u00e7\u00f5es sociais<\/strong> em institui\u00e7\u00f5es pr\u00e9-selecionadas pelos comit\u00eas de voluntariado da empresa.<\/span><\/p>\n<p><span style=\"font-weight: 400\">Esse ano, uma das institui\u00e7\u00f5es que recebeu o voluntariado foi a <a href=\"http:\/\/associacaodaramao.blogspot.com\/\"><strong>Associa\u00e7\u00e3o Dar a M\u00e3o<\/strong><\/a>, que oferece apoio para crian\u00e7as e adolescentes com agenesia de membros superiores &#8211; tanto para aqueles que nasceram essa defici\u00eancia f\u00edsica, quanto aqueles que sofreram amputa\u00e7\u00f5es &#8211; atrav\u00e9s da conscientiza\u00e7\u00e3o e da <strong>impress\u00e3o de dispositivos prot\u00e9ticos.<\/strong><\/span><\/p>\n<div id=\"attachment_17321\" style=\"width: 797px\" class=\"wp-caption aligncenter\"><a target=\"_blank\" href=\"http:\/\/https:\/\/asidbrasil.org.br\/blog\/\" rel=\"noopener\"><\/a><\/p>\n<p class=\"wp-caption-text\">Volunt\u00e1ria da Associa\u00e7\u00e3o dar a M\u00e3o colocando um dispositivo prot\u00e9tico<\/p>\n<\/div>\n<p><span style=\"font-weight: 400\">Como a Associa\u00e7\u00e3o faz parte da Rede ASID e a Funda\u00e7\u00e3o \u00e9 uma grande parceira, a <strong>ASID entrou junto nessa<\/strong> e colaborou para o evento ser uma experi\u00eancia incr\u00edvel para todos, especialmente para aqueles que receberam o dispositivo.<\/span><span style=\"font-weight: 400\"><br \/>\n<\/span><span style=\"font-weight: 400\">Para obter o resultado esperado, cada organiza\u00e7\u00e3o desempenhou um papel fundamental. A Associa\u00e7\u00e3o ficou respons\u00e1vel pela <strong>comunica\u00e7\u00e3o com as fam\u00edlias dos beneficiados<\/strong>, <strong>pelas parametriza\u00e7\u00f5es<\/strong> (registro de medidas para modelagem digital de cada pr\u00f3tese) e pelas <strong>modelagens<\/strong> em si , a Funda\u00e7\u00e3o instalou tr\u00eas impressoras 3D em sua unidade administrativa para que volunt\u00e1rios pudessem <strong>imprimir e montar as pr\u00f3teses<\/strong>, e a ASID foi respons\u00e1vel por organizar a a\u00e7\u00e3o e planejar todo o cronograma. <\/span><\/p>\n<p><span style=\"font-weight: 400\">Ap\u00f3s muita dedica\u00e7\u00e3o, no dia do evento foi poss\u00edvel entregar <strong>11 dispositivos prot\u00e9ticos gratuitamente.<\/strong> Tamb\u00e9m foram realizadas diversas atividades, como \u00a0recrea\u00e7\u00e3o com as crian\u00e7as, <strong>palestras de conscientiza\u00e7\u00e3o<\/strong> <strong>quanto a agenesia<\/strong> para fam\u00edlias e volunt\u00e1rios,\u00a0<\/span><span style=\"font-weight: 400\">orienta\u00e7\u00e3o t\u00e9cnica para aqueles que receberam os dispositivos, para que entendem como funciona a pr\u00f3tese e a reabilita\u00e7\u00e3o prot\u00e9tica, e o cadastramento de notas a fim de ajudar a Associa\u00e7\u00e3o Dar a M\u00e3o. <\/span><\/p>\n<p><span style=\"font-weight: 400\">Ao todo foram mais de<strong> 40 volunt\u00e1rios e 3 organiza\u00e7\u00f5es diferentes<\/strong>. Perceber essa uni\u00e3o de diferentes atores que, juntos se dedicaram em prol de uma bem comum, faz com que miss\u00e3o da ASID Brasil de construir uma sociedade inclusiva se torne cada vez mais real. E a\u00ed, vamos juntos?<\/span><\/p>\n<p><a href=\"https:\/\/conteudo.asidbrasil.org.br\/relatorio-de-impacto-2017\"><strong>Clique aqui<\/strong><\/a>\u00a0e acesse o Relat\u00f3rio de Impacto,\u00a0com hist\u00f3rias dos projetos da ASID:<a href=\"https:\/\/conteudo.asidbrasil.org.br\/relatorio-de-impacto-2017\"><img decoding=\"async\" class=\"aligncenter wp-image-16536 lazyload\" data-src=\"https:\/\/asidbrasil.org.br\/wp-content\/uploads\/2018\/08\/botao-RI.png\" alt=\"\" width=\"539\" height=\"124\" src=\"data:image\/svg+xml;base64,PHN2ZyB3aWR0aD0iMSIgaGVpZ2h0PSIxIiB4bWxucz0iaHR0cDovL3d3dy53My5vcmcvMjAwMC9zdmciPjwvc3ZnPg==\" style=\"--smush-placeholder-width: 539px; --smush-placeholder-aspect-ratio: 539\/124;\" \/><\/a><\/p>\n<p>&nbsp;<\/p>\n<p>O post <a rel=\"nofollow\" href=\"https:\/\/asidbrasil.org.br\/a-impressao-3d-como-uma-ferramenta-para-a-inclusao\/\">A impress\u00e3o 3D como uma ferramenta para a inclus\u00e3o<\/a> apareceu primeiro em <a rel=\"nofollow\" href=\"https:\/\/asidbrasil.org.br\">ASID Brasil<\/a>.<\/p>\n<p><i>Visite o site <a href=\"https:\/\/asidbrasil.org.br\/\">asidbrasil.org.br<\/a> e conhe\u00e7a mais sobre a ASID Brasil.<\/i><br \/>\n<br \/><a href=\"https:\/\/asidbrasil.org.br\/a-impressao-3d-como-uma-ferramenta-para-a-inclusao\/\">Fonte<\/a><br \/>\n<br \/><\/p>\n","protected":false},"excerpt":{"rendered":"<p>Todo ano a Funda\u00e7\u00e3o Telef\u00f4nica Vivo realiza o Dia dos Volunt\u00e1rios Telef\u00f4nica, um projeto global que envolve os colaboradores de todas as empresas do Grupo Telef\u00f4nica, que se mobilizam para realizar a\u00e7\u00f5es sociais em institui\u00e7\u00f5es pr\u00e9-selecionadas pelos comit\u00eas de voluntariado da empresa. Esse ano, uma das institui\u00e7\u00f5es que recebeu o voluntariado foi a Associa\u00e7\u00e3o Dar [&hellip;]<\/p>\n","protected":false},"author":3063,"featured_media":3382,"comment_status":"open","ping_status":"open","sticky":false,"template":"","format":"standard","meta":{"footnotes":""},"categories":[113],"tags":[158,157,163,162,164,161,160,159],"class_list":{"0":"post-3381","1":"post","2":"type-post","3":"status-publish","4":"format-standard","5":"has-post-thumbnail","7":"category-cidadania","8":"tag-asid","9":"tag-cidadania","10":"tag-desenvolvimento-institucional","11":"tag-diversidade","12":"tag-impacto-social","13":"tag-inclusao","14":"tag-voluntariado","15":"tag-voluntario"},"yoast_head":"<!-- This site is optimized with the Yoast SEO plugin v27.2 - https:\/\/yoast.com\/product\/yoast-seo-wordpress\/ -->\n<title>A impress\u00e3o 3D como uma ferramenta para a inclus\u00e3o | Portal de Not\u00edcias<\/title>\n<meta name=\"robots\" content=\"index, follow, max-snippet:-1, max-image-preview:large, max-video-preview:-1\" \/>\n<link rel=\"canonical\" href=\"https:\/\/mhcalculos.com.br\/noticias\/cidadania\/a-impressao-3d-como-uma-ferramenta-para-a-inclusao.html\" \/>\n<meta property=\"og:locale\" content=\"pt_BR\" \/>\n<meta property=\"og:type\" content=\"article\" \/>\n<meta property=\"og:title\" content=\"A impress\u00e3o 3D como uma ferramenta para a inclus\u00e3o | Portal de Not\u00edcias\" \/>\n<meta property=\"og:description\" content=\"Todo ano a Funda\u00e7\u00e3o Telef\u00f4nica Vivo realiza o Dia dos Volunt\u00e1rios Telef\u00f4nica, um projeto global que envolve os colaboradores de todas as empresas do Grupo Telef\u00f4nica, que se mobilizam para realizar a\u00e7\u00f5es sociais em institui\u00e7\u00f5es pr\u00e9-selecionadas pelos comit\u00eas de voluntariado da empresa. Esse ano, uma das institui\u00e7\u00f5es que recebeu o voluntariado foi a Associa\u00e7\u00e3o Dar [&hellip;]\" \/>\n<meta property=\"og:url\" content=\"https:\/\/mhcalculos.com.br\/noticias\/cidadania\/a-impressao-3d-como-uma-ferramenta-para-a-inclusao.html\" \/>\n<meta property=\"og:site_name\" content=\"Portal de Not\u00edcias\" \/>\n<meta property=\"article:published_time\" content=\"2018-11-18T05:00:14+00:00\" \/>\n<meta property=\"article:modified_time\" content=\"2021-07-28T17:33:49+00:00\" \/>\n<meta property=\"og:image\" content=\"https:\/\/mhcalculos.com.br\/noticias\/wp-content\/uploads\/sites\/2\/2018\/11\/MG_5212.jpg\" \/>\n\t<meta property=\"og:image:width\" content=\"2040\" \/>\n\t<meta property=\"og:image:height\" content=\"1360\" \/>\n\t<meta property=\"og:image:type\" content=\"image\/jpeg\" \/>\n<meta name=\"author\" content=\"Equipe MH\" \/>\n<meta name=\"twitter:card\" content=\"summary_large_image\" \/>\n<meta name=\"twitter:label1\" content=\"Escrito por\" \/>\n\t<meta name=\"twitter:data1\" content=\"Equipe MH\" \/>\n\t<meta name=\"twitter:label2\" content=\"Est. tempo de leitura\" \/>\n\t<meta name=\"twitter:data2\" content=\"2 minutos\" \/>\n<script type=\"application\/ld+json\" class=\"yoast-schema-graph\">{\"@context\":\"https:\/\/schema.org\",\"@graph\":[{\"@type\":\"Article\",\"@id\":\"https:\/\/mhcalculos.com.br\/noticias\/cidadania\/a-impressao-3d-como-uma-ferramenta-para-a-inclusao.html#article\",\"isPartOf\":{\"@id\":\"https:\/\/mhcalculos.com.br\/noticias\/cidadania\/a-impressao-3d-como-uma-ferramenta-para-a-inclusao.html\"},\"author\":{\"name\":\"Equipe MH\",\"@id\":\"https:\/\/mhcalculos.com.br\/noticias\/#\/schema\/person\/88d1c34bf72dc779ea14a5a6b8e0ae8d\"},\"headline\":\"A impress\u00e3o 3D como uma ferramenta para a inclus\u00e3o\",\"datePublished\":\"2018-11-18T05:00:14+00:00\",\"dateModified\":\"2021-07-28T17:33:49+00:00\",\"mainEntityOfPage\":{\"@id\":\"https:\/\/mhcalculos.com.br\/noticias\/cidadania\/a-impressao-3d-como-uma-ferramenta-para-a-inclusao.html\"},\"wordCount\":447,\"commentCount\":0,\"image\":{\"@id\":\"https:\/\/mhcalculos.com.br\/noticias\/cidadania\/a-impressao-3d-como-uma-ferramenta-para-a-inclusao.html#primaryimage\"},\"thumbnailUrl\":\"https:\/\/mhcalculos.com.br\/noticias\/wp-content\/uploads\/sites\/2\/2018\/11\/MG_5212.jpg\",\"keywords\":[\"asid\",\"cidadania\",\"desenvolvimento institucional\",\"diversidade\",\"impacto social\",\"inclus\u00e3o\",\"voluntariado\",\"volunt\u00e1rio\"],\"articleSection\":[\"Cidadania\"],\"inLanguage\":\"pt-BR\",\"potentialAction\":[{\"@type\":\"CommentAction\",\"name\":\"Comment\",\"target\":[\"https:\/\/mhcalculos.com.br\/noticias\/cidadania\/a-impressao-3d-como-uma-ferramenta-para-a-inclusao.html#respond\"]}]},{\"@type\":\"WebPage\",\"@id\":\"https:\/\/mhcalculos.com.br\/noticias\/cidadania\/a-impressao-3d-como-uma-ferramenta-para-a-inclusao.html\",\"url\":\"https:\/\/mhcalculos.com.br\/noticias\/cidadania\/a-impressao-3d-como-uma-ferramenta-para-a-inclusao.html\",\"name\":\"A impress\u00e3o 3D como uma ferramenta para a inclus\u00e3o | Portal de Not\u00edcias\",\"isPartOf\":{\"@id\":\"https:\/\/mhcalculos.com.br\/noticias\/#website\"},\"primaryImageOfPage\":{\"@id\":\"https:\/\/mhcalculos.com.br\/noticias\/cidadania\/a-impressao-3d-como-uma-ferramenta-para-a-inclusao.html#primaryimage\"},\"image\":{\"@id\":\"https:\/\/mhcalculos.com.br\/noticias\/cidadania\/a-impressao-3d-como-uma-ferramenta-para-a-inclusao.html#primaryimage\"},\"thumbnailUrl\":\"https:\/\/mhcalculos.com.br\/noticias\/wp-content\/uploads\/sites\/2\/2018\/11\/MG_5212.jpg\",\"datePublished\":\"2018-11-18T05:00:14+00:00\",\"dateModified\":\"2021-07-28T17:33:49+00:00\",\"author\":{\"@id\":\"https:\/\/mhcalculos.com.br\/noticias\/#\/schema\/person\/88d1c34bf72dc779ea14a5a6b8e0ae8d\"},\"breadcrumb\":{\"@id\":\"https:\/\/mhcalculos.com.br\/noticias\/cidadania\/a-impressao-3d-como-uma-ferramenta-para-a-inclusao.html#breadcrumb\"},\"inLanguage\":\"pt-BR\",\"potentialAction\":[{\"@type\":\"ReadAction\",\"target\":[\"https:\/\/mhcalculos.com.br\/noticias\/cidadania\/a-impressao-3d-como-uma-ferramenta-para-a-inclusao.html\"]}]},{\"@type\":\"ImageObject\",\"inLanguage\":\"pt-BR\",\"@id\":\"https:\/\/mhcalculos.com.br\/noticias\/cidadania\/a-impressao-3d-como-uma-ferramenta-para-a-inclusao.html#primaryimage\",\"url\":\"https:\/\/mhcalculos.com.br\/noticias\/wp-content\/uploads\/sites\/2\/2018\/11\/MG_5212.jpg\",\"contentUrl\":\"https:\/\/mhcalculos.com.br\/noticias\/wp-content\/uploads\/sites\/2\/2018\/11\/MG_5212.jpg\",\"width\":2040,\"height\":1360},{\"@type\":\"BreadcrumbList\",\"@id\":\"https:\/\/mhcalculos.com.br\/noticias\/cidadania\/a-impressao-3d-como-uma-ferramenta-para-a-inclusao.html#breadcrumb\",\"itemListElement\":[{\"@type\":\"ListItem\",\"position\":1,\"name\":\"In\u00edcio\",\"item\":\"https:\/\/mhcalculos.com.br\/noticias\/\"},{\"@type\":\"ListItem\",\"position\":2,\"name\":\"A impress\u00e3o 3D como uma ferramenta para a inclus\u00e3o\"}]},{\"@type\":\"WebSite\",\"@id\":\"https:\/\/mhcalculos.com.br\/noticias\/#website\",\"url\":\"https:\/\/mhcalculos.com.br\/noticias\/\",\"name\":\"Portal de Not\u00edcias\",\"description\":\"Not\u00edcias e Jurisprud\u00eancia\",\"potentialAction\":[{\"@type\":\"SearchAction\",\"target\":{\"@type\":\"EntryPoint\",\"urlTemplate\":\"https:\/\/mhcalculos.com.br\/noticias\/?s={search_term_string}\"},\"query-input\":{\"@type\":\"PropertyValueSpecification\",\"valueRequired\":true,\"valueName\":\"search_term_string\"}}],\"inLanguage\":\"pt-BR\"},{\"@type\":\"Person\",\"@id\":\"https:\/\/mhcalculos.com.br\/noticias\/#\/schema\/person\/88d1c34bf72dc779ea14a5a6b8e0ae8d\",\"name\":\"Equipe MH\",\"image\":{\"@type\":\"ImageObject\",\"inLanguage\":\"pt-BR\",\"@id\":\"https:\/\/secure.gravatar.com\/avatar\/de1c686c2ecc9c5a3f327e3431d819eb39f8f05d4e1045f5a1caad6daaba987f?s=96&d=mm&r=g\",\"url\":\"https:\/\/secure.gravatar.com\/avatar\/de1c686c2ecc9c5a3f327e3431d819eb39f8f05d4e1045f5a1caad6daaba987f?s=96&d=mm&r=g\",\"contentUrl\":\"https:\/\/secure.gravatar.com\/avatar\/de1c686c2ecc9c5a3f327e3431d819eb39f8f05d4e1045f5a1caad6daaba987f?s=96&d=mm&r=g\",\"caption\":\"Equipe MH\"}}]}<\/script>\n<!-- \/ Yoast SEO plugin. -->","yoast_head_json":{"title":"A impress\u00e3o 3D como uma ferramenta para a inclus\u00e3o | Portal de Not\u00edcias","robots":{"index":"index","follow":"follow","max-snippet":"max-snippet:-1","max-image-preview":"max-image-preview:large","max-video-preview":"max-video-preview:-1"},"canonical":"https:\/\/mhcalculos.com.br\/noticias\/cidadania\/a-impressao-3d-como-uma-ferramenta-para-a-inclusao.html","og_locale":"pt_BR","og_type":"article","og_title":"A impress\u00e3o 3D como uma ferramenta para a inclus\u00e3o | Portal de Not\u00edcias","og_description":"Todo ano a Funda\u00e7\u00e3o Telef\u00f4nica Vivo realiza o Dia dos Volunt\u00e1rios Telef\u00f4nica, um projeto global que envolve os colaboradores de todas as empresas do Grupo Telef\u00f4nica, que se mobilizam para realizar a\u00e7\u00f5es sociais em institui\u00e7\u00f5es pr\u00e9-selecionadas pelos comit\u00eas de voluntariado da empresa. Esse ano, uma das institui\u00e7\u00f5es que recebeu o voluntariado foi a Associa\u00e7\u00e3o Dar [&hellip;]","og_url":"https:\/\/mhcalculos.com.br\/noticias\/cidadania\/a-impressao-3d-como-uma-ferramenta-para-a-inclusao.html","og_site_name":"Portal de Not\u00edcias","article_published_time":"2018-11-18T05:00:14+00:00","article_modified_time":"2021-07-28T17:33:49+00:00","og_image":[{"width":2040,"height":1360,"url":"https:\/\/mhcalculos.com.br\/noticias\/wp-content\/uploads\/sites\/2\/2018\/11\/MG_5212.jpg","type":"image\/jpeg"}],"author":"Equipe MH","twitter_card":"summary_large_image","twitter_misc":{"Escrito por":"Equipe MH","Est. tempo de leitura":"2 minutos"},"schema":{"@context":"https:\/\/schema.org","@graph":[{"@type":"Article","@id":"https:\/\/mhcalculos.com.br\/noticias\/cidadania\/a-impressao-3d-como-uma-ferramenta-para-a-inclusao.html#article","isPartOf":{"@id":"https:\/\/mhcalculos.com.br\/noticias\/cidadania\/a-impressao-3d-como-uma-ferramenta-para-a-inclusao.html"},"author":{"name":"Equipe MH","@id":"https:\/\/mhcalculos.com.br\/noticias\/#\/schema\/person\/88d1c34bf72dc779ea14a5a6b8e0ae8d"},"headline":"A impress\u00e3o 3D como uma ferramenta para a inclus\u00e3o","datePublished":"2018-11-18T05:00:14+00:00","dateModified":"2021-07-28T17:33:49+00:00","mainEntityOfPage":{"@id":"https:\/\/mhcalculos.com.br\/noticias\/cidadania\/a-impressao-3d-como-uma-ferramenta-para-a-inclusao.html"},"wordCount":447,"commentCount":0,"image":{"@id":"https:\/\/mhcalculos.com.br\/noticias\/cidadania\/a-impressao-3d-como-uma-ferramenta-para-a-inclusao.html#primaryimage"},"thumbnailUrl":"https:\/\/mhcalculos.com.br\/noticias\/wp-content\/uploads\/sites\/2\/2018\/11\/MG_5212.jpg","keywords":["asid","cidadania","desenvolvimento institucional","diversidade","impacto social","inclus\u00e3o","voluntariado","volunt\u00e1rio"],"articleSection":["Cidadania"],"inLanguage":"pt-BR","potentialAction":[{"@type":"CommentAction","name":"Comment","target":["https:\/\/mhcalculos.com.br\/noticias\/cidadania\/a-impressao-3d-como-uma-ferramenta-para-a-inclusao.html#respond"]}]},{"@type":"WebPage","@id":"https:\/\/mhcalculos.com.br\/noticias\/cidadania\/a-impressao-3d-como-uma-ferramenta-para-a-inclusao.html","url":"https:\/\/mhcalculos.com.br\/noticias\/cidadania\/a-impressao-3d-como-uma-ferramenta-para-a-inclusao.html","name":"A impress\u00e3o 3D como uma ferramenta para a inclus\u00e3o | Portal de Not\u00edcias","isPartOf":{"@id":"https:\/\/mhcalculos.com.br\/noticias\/#website"},"primaryImageOfPage":{"@id":"https:\/\/mhcalculos.com.br\/noticias\/cidadania\/a-impressao-3d-como-uma-ferramenta-para-a-inclusao.html#primaryimage"},"image":{"@id":"https:\/\/mhcalculos.com.br\/noticias\/cidadania\/a-impressao-3d-como-uma-ferramenta-para-a-inclusao.html#primaryimage"},"thumbnailUrl":"https:\/\/mhcalculos.com.br\/noticias\/wp-content\/uploads\/sites\/2\/2018\/11\/MG_5212.jpg","datePublished":"2018-11-18T05:00:14+00:00","dateModified":"2021-07-28T17:33:49+00:00","author":{"@id":"https:\/\/mhcalculos.com.br\/noticias\/#\/schema\/person\/88d1c34bf72dc779ea14a5a6b8e0ae8d"},"breadcrumb":{"@id":"https:\/\/mhcalculos.com.br\/noticias\/cidadania\/a-impressao-3d-como-uma-ferramenta-para-a-inclusao.html#breadcrumb"},"inLanguage":"pt-BR","potentialAction":[{"@type":"ReadAction","target":["https:\/\/mhcalculos.com.br\/noticias\/cidadania\/a-impressao-3d-como-uma-ferramenta-para-a-inclusao.html"]}]},{"@type":"ImageObject","inLanguage":"pt-BR","@id":"https:\/\/mhcalculos.com.br\/noticias\/cidadania\/a-impressao-3d-como-uma-ferramenta-para-a-inclusao.html#primaryimage","url":"https:\/\/mhcalculos.com.br\/noticias\/wp-content\/uploads\/sites\/2\/2018\/11\/MG_5212.jpg","contentUrl":"https:\/\/mhcalculos.com.br\/noticias\/wp-content\/uploads\/sites\/2\/2018\/11\/MG_5212.jpg","width":2040,"height":1360},{"@type":"BreadcrumbList","@id":"https:\/\/mhcalculos.com.br\/noticias\/cidadania\/a-impressao-3d-como-uma-ferramenta-para-a-inclusao.html#breadcrumb","itemListElement":[{"@type":"ListItem","position":1,"name":"In\u00edcio","item":"https:\/\/mhcalculos.com.br\/noticias\/"},{"@type":"ListItem","position":2,"name":"A impress\u00e3o 3D como uma ferramenta para a inclus\u00e3o"}]},{"@type":"WebSite","@id":"https:\/\/mhcalculos.com.br\/noticias\/#website","url":"https:\/\/mhcalculos.com.br\/noticias\/","name":"Portal de Not\u00edcias","description":"Not\u00edcias e Jurisprud\u00eancia","potentialAction":[{"@type":"SearchAction","target":{"@type":"EntryPoint","urlTemplate":"https:\/\/mhcalculos.com.br\/noticias\/?s={search_term_string}"},"query-input":{"@type":"PropertyValueSpecification","valueRequired":true,"valueName":"search_term_string"}}],"inLanguage":"pt-BR"},{"@type":"Person","@id":"https:\/\/mhcalculos.com.br\/noticias\/#\/schema\/person\/88d1c34bf72dc779ea14a5a6b8e0ae8d","name":"Equipe MH","image":{"@type":"ImageObject","inLanguage":"pt-BR","@id":"https:\/\/secure.gravatar.com\/avatar\/de1c686c2ecc9c5a3f327e3431d819eb39f8f05d4e1045f5a1caad6daaba987f?s=96&d=mm&r=g","url":"https:\/\/secure.gravatar.com\/avatar\/de1c686c2ecc9c5a3f327e3431d819eb39f8f05d4e1045f5a1caad6daaba987f?s=96&d=mm&r=g","contentUrl":"https:\/\/secure.gravatar.com\/avatar\/de1c686c2ecc9c5a3f327e3431d819eb39f8f05d4e1045f5a1caad6daaba987f?s=96&d=mm&r=g","caption":"Equipe MH"}}]}},"_links":{"self":[{"href":"https:\/\/mhcalculos.com.br\/noticias\/wp-json\/wp\/v2\/posts\/3381","targetHints":{"allow":["GET"]}}],"collection":[{"href":"https:\/\/mhcalculos.com.br\/noticias\/wp-json\/wp\/v2\/posts"}],"about":[{"href":"https:\/\/mhcalculos.com.br\/noticias\/wp-json\/wp\/v2\/types\/post"}],"author":[{"embeddable":true,"href":"https:\/\/mhcalculos.com.br\/noticias\/wp-json\/wp\/v2\/users\/3063"}],"replies":[{"embeddable":true,"href":"https:\/\/mhcalculos.com.br\/noticias\/wp-json\/wp\/v2\/comments?post=3381"}],"version-history":[{"count":1,"href":"https:\/\/mhcalculos.com.br\/noticias\/wp-json\/wp\/v2\/posts\/3381\/revisions"}],"predecessor-version":[{"id":10153,"href":"https:\/\/mhcalculos.com.br\/noticias\/wp-json\/wp\/v2\/posts\/3381\/revisions\/10153"}],"wp:featuredmedia":[{"embeddable":true,"href":"https:\/\/mhcalculos.com.br\/noticias\/wp-json\/wp\/v2\/media\/3382"}],"wp:attachment":[{"href":"https:\/\/mhcalculos.com.br\/noticias\/wp-json\/wp\/v2\/media?parent=3381"}],"wp:term":[{"taxonomy":"category","embeddable":true,"href":"https:\/\/mhcalculos.com.br\/noticias\/wp-json\/wp\/v2\/categories?post=3381"},{"taxonomy":"post_tag","embeddable":true,"href":"https:\/\/mhcalculos.com.br\/noticias\/wp-json\/wp\/v2\/tags?post=3381"}],"curies":[{"name":"wp","href":"https:\/\/api.w.org\/{rel}","templated":true}]}}