{"id":3368,"date":"2018-11-14T21:00:30","date_gmt":"2018-11-14T23:00:30","guid":{"rendered":"https:\/\/mhcalculos.com.br\/noticias\/2018\/11\/14\/stj-tr-nao-deve-ser-aplicada-na-correcao-de-beneficio-complementar-decide-segunda-secao\/"},"modified":"2021-07-28T14:33:50","modified_gmt":"2021-07-28T17:33:50","slug":"stj-tr-nao-deve-ser-aplicada-na-correcao-de-beneficio-complementar-decide-segunda-secao","status":"publish","type":"post","link":"https:\/\/mhcalculos.com.br\/noticias\/area\/previdenciario\/stj-tr-nao-deve-ser-aplicada-na-correcao-de-beneficio-complementar-decide-segunda-secao.html","title":{"rendered":"STJ: TR n\u00e3o deve ser aplicada na corre\u00e7\u00e3o de benef\u00edcio complementar, decide Segunda Se\u00e7\u00e3o"},"content":{"rendered":"<p><br \/>\n<\/p>\n<p>A Segunda Se&ccedil;&atilde;o do Superior Tribunal de Justi&ccedil;a (STJ) decidiu que o &iacute;ndice de corre&ccedil;&atilde;o monet&aacute;ria a ser aplicado a benef&iacute;cio complementar pago por entidade aberta de previd&ecirc;ncia privada deve ser estipulado pelos &oacute;rg&atilde;os do Sistema Nacional de Seguros Privados.<\/p>\n<p>Para o colegiado, os &iacute;ndices de corre&ccedil;&atilde;o devem ser adotados na seguinte ordem: ORTN, OTN, IPC, BTN, TR e &iacute;ndice geral de pre&ccedil;os de ampla publicidade, conforme a &eacute;poca em que vigoraram os planos, inclusive com a substitui&ccedil;&atilde;o da Taxa Referencial (TR) pelo IPCA a partir de 5\/9\/1996.<\/p>\n<p>A decis&atilde;o foi tomada por unanimidade em embargos de diverg&ecirc;ncia apresentados por benefici&aacute;rio de plano de previd&ecirc;ncia privada. O embargante alegou diverg&ecirc;ncia jurisprudencial entre decis&otilde;es da Terceira e Quarta Turmas do STJ quanto &agrave; possibilidade de utiliza&ccedil;&atilde;o da TR na corre&ccedil;&atilde;o de benef&iacute;cio de renda mensal de plano de previd&ecirc;ncia privada aberta.<\/p>\n<p>O autor da a&ccedil;&atilde;o pediu que prevalecesse a tese firmada pela Terceira Turma, de que deve ser afastada a aplica&ccedil;&atilde;o da TR na corre&ccedil;&atilde;o monet&aacute;ria do benef&iacute;cio previdenci&aacute;rio complementar a partir de setembro de 1996, e adotado o INPC ou o IPCA-E, conforme normativos do Conselho Nacional de Seguros Privados (CNSP) e da Superintend&ecirc;ncia de Seguros Privados (Susep).<\/p>\n<p>O relator dos embargos, ministro Villas B&ocirc;as Cueva, destacou haver dois recursos especiais repetitivos pendentes de julgamento no STJ com quest&otilde;es similares (<strong><a href=\"http:\/\/www.stj.jus.br\/repetitivos\/temas_repetitivos\/pesquisa.jsp?novaConsulta=true&amp;tipo_pesquisa=T&amp;sg_classe=REsp&amp;num_processo_classe=1656161\">Tema 977<\/a><\/strong>). Por&eacute;m, disse ele, a mat&eacute;ria deveria ser apreciada primeiro pela se&ccedil;&atilde;o nos embargos de diverg&ecirc;ncia, &ldquo;pois &eacute; recomend&aacute;vel a uniformiza&ccedil;&atilde;o da jurisprud&ecirc;ncia antes de ser cristalizado qualquer entendimento no feito representativo de controv&eacute;rsia&rdquo;.<\/p>\n<p><strong>TR<\/strong><\/p>\n<p>Villas B&ocirc;as Cueva explicou que a TR n&atilde;o &eacute; &iacute;ndice de corre&ccedil;&atilde;o monet&aacute;ria, pois, refletindo as varia&ccedil;&otilde;es do custo prim&aacute;rio da capta&ccedil;&atilde;o dos dep&oacute;sitos a prazo fixo, n&atilde;o constitui fator que reflita a varia&ccedil;&atilde;o do poder aquisitivo da moeda.<\/p>\n<p>O relator citou precedentes do Supremo Tribunal Federal (STF) indicando a impossibilidade de imposi&ccedil;&atilde;o da TR como &iacute;ndice de corre&ccedil;&atilde;o monet&aacute;ria, uma vez que a taxa n&atilde;o &eacute; capaz de mensurar o fen&ocirc;meno inflacion&aacute;rio, pois sua f&oacute;rmula de c&aacute;lculo &eacute; desvinculada da varia&ccedil;&atilde;o de pre&ccedil;os da economia.<\/p>\n<p>O ministro mencionou tamb&eacute;m a S&uacute;mula 295 do STJ (&ldquo;A Taxa Referencial &eacute; indexador v&aacute;lido para contratos posteriores &agrave; Lei 8.177\/91, desde que pactuada&rdquo;), por&eacute;m, conforme observou, nos precedentes que deram origem &agrave;quele enunciado, a TR n&atilde;o era utilizada isoladamente, mas, sim, em conjunto com juros banc&aacute;rios ou remunerat&oacute;rios.<\/p>\n<p>Dessa forma, de acordo com Villas B&ocirc;as Cueva, &ldquo;se a complementa&ccedil;&atilde;o de aposentadoria, de natureza peri&oacute;dica e alimentar, for corrigida unicamente pela TR, acarretar&aacute; substanciais preju&iacute;zos ao assistido, que perder&aacute; gradualmente o seu poder aquisitivo com a corros&atilde;o da moeda, dando azo ao desequil&iacute;brio contratual&rdquo;.<\/p>\n<p><strong>Corre&ccedil;&atilde;o<\/strong><\/p>\n<p>Para o relator, os pr&oacute;prios &oacute;rg&atilde;os reguladores do setor, atentos ao problema, reconheceram a TR como fator inadequado de corre&ccedil;&atilde;o monet&aacute;ria nos contratos de previd&ecirc;ncia privada aberta, editando v&aacute;rias orienta&ccedil;&otilde;es para a repactua&ccedil;&atilde;o dos contratos, com o objetivo de substitu&iacute;-la por um &iacute;ndice geral de pre&ccedil;os de ampla publicidade.<\/p>\n<p>&ldquo;Com a veda&ccedil;&atilde;o legal da utiliza&ccedil;&atilde;o do sal&aacute;rio m&iacute;nimo como fator de corre&ccedil;&atilde;o monet&aacute;ria para os benef&iacute;cios da previd&ecirc;ncia privada (Leis 6.205\/75 e 6.423\/77) e o advento da Lei 6.435\/77 (artigo 22), devem ser aplicados os &iacute;ndices de atualiza&ccedil;&atilde;o estipulados, ao longo dos anos, pelos &oacute;rg&atilde;os do Sistema Nacional de Seguros Privados, sobretudo para os contratos de previd&ecirc;ncia privada aberta: na ordem, ORTN, OTN, IPC, BTN, TR e &iacute;ndice geral de pre&ccedil;os de ampla publicidade&rdquo;, explicou.<\/p>\n<p><strong>Direito adquirido<\/strong><\/p>\n<p>O ministro afirmou que o participante do plano tem direito adquirido ao benef&iacute;cio previdenci&aacute;rio complementar e &agrave; efetiva atualiza&ccedil;&atilde;o monet&aacute;ria de seu valor. Por&eacute;m, o direito adquirido n&atilde;o se estende a determinado &iacute;ndice de corre&ccedil;&atilde;o. Dessa forma, &eacute; poss&iacute;vel a substitui&ccedil;&atilde;o dos &iacute;ndices.<\/p>\n<p>&ldquo;A substitui&ccedil;&atilde;o de um indexador por outro &eacute; poss&iacute;vel desde que id&ocirc;neo para medir a infla&ccedil;&atilde;o, recompondo a obriga&ccedil;&atilde;o contratada. N&atilde;o pode incidir, dessa forma, &iacute;ndice aleat&oacute;rio, que privilegie, por um lado, a entidade de previd&ecirc;ncia privada ou, por outro, o participante&rdquo;, frisou.<\/p>\n<p><strong>Custeio<\/strong><\/p>\n<p>Villas B&ocirc;as Cueva citou ainda diversos julgados do STJ no sentido de que a eventual aus&ecirc;ncia de fonte de custeio para suportar o pagamento das diferen&ccedil;as de corre&ccedil;&atilde;o monet&aacute;ria n&atilde;o tem for&ccedil;a para afastar o direito do assistido.<\/p>\n<p>Segundo os precedentes, a entidade de previd&ecirc;ncia privada tem a responsabilidade de prever a forma&ccedil;&atilde;o, a contribui&ccedil;&atilde;o e os devidos descontos de seus benefici&aacute;rios, de forma que a pr&oacute;pria legisla&ccedil;&atilde;o estabeleceu mecanismos para que o ente previdenci&aacute;rio supere poss&iacute;veis d&eacute;ficits e recomponha a reserva garantidora.<\/p>\n<p>&ldquo;N&atilde;o prospera, portanto, a alega&ccedil;&atilde;o da entidade aberta de previd&ecirc;ncia privada ventilada em contrarraz&otilde;es no sentido de que a TR deve ser aplicada sem limite temporal para os contratos firmados em data anterior a 1&ordm;\/1\/1997, ao passo que somente para aqueles pactuados em data posterior &eacute; que incidiria algum dos &iacute;ndices gerais de pre&ccedil;o de ampla publicidade&rdquo;, afirmou.<\/p>\n<p>Ao acolher os embargos, Villas B&ocirc;as Cueva destacou que deve prevalecer a tese firmada pelo ac&oacute;rd&atilde;o paradigma proferido pela Terceira Turma, visto que a TR n&atilde;o pode ser utilizada como fator de corre&ccedil;&atilde;o dos benef&iacute;cios da previd&ecirc;ncia privada ap&oacute;s o reconhecimento de sua inidoneidade pelos &oacute;rg&atilde;os governamentais competentes, devendo, em seu lugar, ser adotado algum &iacute;ndice geral de pre&ccedil;os de ampla publicidade, que ser&aacute; o IPCA, a partir de 5\/9\/1996, na aus&ecirc;ncia de repactua&ccedil;&atilde;o.<\/p>\n<p> Leia o <strong><a href=\"https:\/\/ww2.stj.jus.br\/processo\/revista\/documento\/mediado\/?componente=ITA&amp;sequencial=1731449&amp;num_registro=201300120300&amp;data=20181019&amp;formato=PDF\">ac&oacute;rd&atilde;o<\/a><\/strong>. <br \/> <br \/>\n<br \/><i>Com informa\u00e7\u00f5es da assessoria de imprensa do STJ.<\/i><br \/>\n<br \/><a href=\"http:\/\/feedproxy.google.com\/~r\/STJNoticias\/~3\/Zp1pdT3u1UY\/TR-n%C3%A3o-deve-ser-aplicada-na-corre%C3%A7%C3%A3o-de-benef%C3%ADcio-complementar,-decide-Segunda-Se%C3%A7%C3%A3o\">Fonte<\/a><br \/>\n<br \/><\/p>\n","protected":false},"excerpt":{"rendered":"<p>A Segunda Se&ccedil;&atilde;o do Superior Tribunal de Justi&ccedil;a (STJ) decidiu que o &iacute;ndice de corre&ccedil;&atilde;o monet&aacute;ria a ser aplicado a benef&iacute;cio complementar pago por entidade aberta de previd&ecirc;ncia privada deve ser estipulado pelos &oacute;rg&atilde;os do Sistema Nacional de Seguros Privados. Para o colegiado, os &iacute;ndices de corre&ccedil;&atilde;o devem ser adotados na seguinte ordem: ORTN, OTN, [&hellip;]<\/p>\n","protected":false},"author":3063,"featured_media":1967,"comment_status":"open","ping_status":"open","sticky":false,"template":"","format":"standard","meta":{"footnotes":""},"categories":[5,7],"tags":[11,10,8,13,9,12,14],"class_list":{"0":"post-3368","1":"post","2":"type-post","3":"status-publish","4":"format-standard","5":"has-post-thumbnail","7":"category-previdenciario","8":"category-stj","9":"tag-aposentadoria","10":"tag-calculos-previdenciarios","11":"tag-direito-previdenciario","12":"tag-inss","13":"tag-pericia","14":"tag-perito","15":"tag-stj"},"yoast_head":"<!-- This site is optimized with the Yoast SEO plugin v27.2 - https:\/\/yoast.com\/product\/yoast-seo-wordpress\/ -->\n<title>STJ: TR n\u00e3o deve ser aplicada na corre\u00e7\u00e3o de benef\u00edcio complementar, decide Segunda Se\u00e7\u00e3o | Portal de Not\u00edcias<\/title>\n<meta name=\"robots\" content=\"index, follow, max-snippet:-1, max-image-preview:large, max-video-preview:-1\" \/>\n<link rel=\"canonical\" href=\"https:\/\/mhcalculos.com.br\/noticias\/area\/previdenciario\/stj-tr-nao-deve-ser-aplicada-na-correcao-de-beneficio-complementar-decide-segunda-secao.html\" \/>\n<meta property=\"og:locale\" content=\"pt_BR\" \/>\n<meta property=\"og:type\" content=\"article\" \/>\n<meta property=\"og:title\" content=\"STJ: TR n\u00e3o deve ser aplicada na corre\u00e7\u00e3o de benef\u00edcio complementar, decide Segunda Se\u00e7\u00e3o | Portal de Not\u00edcias\" \/>\n<meta property=\"og:description\" content=\"A Segunda Se&ccedil;&atilde;o do Superior Tribunal de Justi&ccedil;a (STJ) decidiu que o &iacute;ndice de corre&ccedil;&atilde;o monet&aacute;ria a ser aplicado a benef&iacute;cio complementar pago por entidade aberta de previd&ecirc;ncia privada deve ser estipulado pelos &oacute;rg&atilde;os do Sistema Nacional de Seguros Privados. Para o colegiado, os &iacute;ndices de corre&ccedil;&atilde;o devem ser adotados na seguinte ordem: ORTN, OTN, [&hellip;]\" \/>\n<meta property=\"og:url\" content=\"https:\/\/mhcalculos.com.br\/noticias\/area\/previdenciario\/stj-tr-nao-deve-ser-aplicada-na-correcao-de-beneficio-complementar-decide-segunda-secao.html\" \/>\n<meta property=\"og:site_name\" content=\"Portal de Not\u00edcias\" \/>\n<meta property=\"article:published_time\" content=\"2018-11-14T23:00:30+00:00\" \/>\n<meta property=\"article:modified_time\" content=\"2021-07-28T17:33:50+00:00\" \/>\n<meta property=\"og:image\" content=\"https:\/\/mhcalculos.com.br\/noticias\/wp-content\/uploads\/sites\/2\/2018\/06\/previdenciario-0008.jpg\" \/>\n\t<meta property=\"og:image:width\" content=\"2000\" \/>\n\t<meta property=\"og:image:height\" content=\"800\" \/>\n\t<meta property=\"og:image:type\" content=\"image\/jpeg\" \/>\n<meta name=\"author\" content=\"Equipe MH\" \/>\n<meta name=\"twitter:card\" content=\"summary_large_image\" \/>\n<meta name=\"twitter:label1\" content=\"Escrito por\" \/>\n\t<meta name=\"twitter:data1\" content=\"Equipe MH\" \/>\n\t<meta name=\"twitter:label2\" content=\"Est. tempo de leitura\" \/>\n\t<meta name=\"twitter:data2\" content=\"6 minutos\" \/>\n<script type=\"application\/ld+json\" class=\"yoast-schema-graph\">{\"@context\":\"https:\/\/schema.org\",\"@graph\":[{\"@type\":\"Article\",\"@id\":\"https:\/\/mhcalculos.com.br\/noticias\/area\/previdenciario\/stj-tr-nao-deve-ser-aplicada-na-correcao-de-beneficio-complementar-decide-segunda-secao.html#article\",\"isPartOf\":{\"@id\":\"https:\/\/mhcalculos.com.br\/noticias\/area\/previdenciario\/stj-tr-nao-deve-ser-aplicada-na-correcao-de-beneficio-complementar-decide-segunda-secao.html\"},\"author\":{\"name\":\"Equipe MH\",\"@id\":\"https:\/\/mhcalculos.com.br\/noticias\/#\/schema\/person\/88d1c34bf72dc779ea14a5a6b8e0ae8d\"},\"headline\":\"STJ: TR n\u00e3o deve ser aplicada na corre\u00e7\u00e3o de benef\u00edcio complementar, decide Segunda Se\u00e7\u00e3o\",\"datePublished\":\"2018-11-14T23:00:30+00:00\",\"dateModified\":\"2021-07-28T17:33:50+00:00\",\"mainEntityOfPage\":{\"@id\":\"https:\/\/mhcalculos.com.br\/noticias\/area\/previdenciario\/stj-tr-nao-deve-ser-aplicada-na-correcao-de-beneficio-complementar-decide-segunda-secao.html\"},\"wordCount\":1253,\"commentCount\":0,\"image\":{\"@id\":\"https:\/\/mhcalculos.com.br\/noticias\/area\/previdenciario\/stj-tr-nao-deve-ser-aplicada-na-correcao-de-beneficio-complementar-decide-segunda-secao.html#primaryimage\"},\"thumbnailUrl\":\"https:\/\/mhcalculos.com.br\/noticias\/wp-content\/uploads\/sites\/2\/2018\/06\/previdenciario-0008.jpg\",\"keywords\":[\"aposentadoria\",\"c\u00e1lculos previdenci\u00e1rios\",\"direito previdenci\u00e1rio\",\"inss\",\"per\u00edcia\",\"perito\",\"stj\"],\"articleSection\":[\"Direito Previdenci\u00e1rio\",\"STJ\"],\"inLanguage\":\"pt-BR\",\"potentialAction\":[{\"@type\":\"CommentAction\",\"name\":\"Comment\",\"target\":[\"https:\/\/mhcalculos.com.br\/noticias\/area\/previdenciario\/stj-tr-nao-deve-ser-aplicada-na-correcao-de-beneficio-complementar-decide-segunda-secao.html#respond\"]}]},{\"@type\":\"WebPage\",\"@id\":\"https:\/\/mhcalculos.com.br\/noticias\/area\/previdenciario\/stj-tr-nao-deve-ser-aplicada-na-correcao-de-beneficio-complementar-decide-segunda-secao.html\",\"url\":\"https:\/\/mhcalculos.com.br\/noticias\/area\/previdenciario\/stj-tr-nao-deve-ser-aplicada-na-correcao-de-beneficio-complementar-decide-segunda-secao.html\",\"name\":\"STJ: TR n\u00e3o deve ser aplicada na corre\u00e7\u00e3o de benef\u00edcio complementar, decide Segunda Se\u00e7\u00e3o | Portal de Not\u00edcias\",\"isPartOf\":{\"@id\":\"https:\/\/mhcalculos.com.br\/noticias\/#website\"},\"primaryImageOfPage\":{\"@id\":\"https:\/\/mhcalculos.com.br\/noticias\/area\/previdenciario\/stj-tr-nao-deve-ser-aplicada-na-correcao-de-beneficio-complementar-decide-segunda-secao.html#primaryimage\"},\"image\":{\"@id\":\"https:\/\/mhcalculos.com.br\/noticias\/area\/previdenciario\/stj-tr-nao-deve-ser-aplicada-na-correcao-de-beneficio-complementar-decide-segunda-secao.html#primaryimage\"},\"thumbnailUrl\":\"https:\/\/mhcalculos.com.br\/noticias\/wp-content\/uploads\/sites\/2\/2018\/06\/previdenciario-0008.jpg\",\"datePublished\":\"2018-11-14T23:00:30+00:00\",\"dateModified\":\"2021-07-28T17:33:50+00:00\",\"author\":{\"@id\":\"https:\/\/mhcalculos.com.br\/noticias\/#\/schema\/person\/88d1c34bf72dc779ea14a5a6b8e0ae8d\"},\"breadcrumb\":{\"@id\":\"https:\/\/mhcalculos.com.br\/noticias\/area\/previdenciario\/stj-tr-nao-deve-ser-aplicada-na-correcao-de-beneficio-complementar-decide-segunda-secao.html#breadcrumb\"},\"inLanguage\":\"pt-BR\",\"potentialAction\":[{\"@type\":\"ReadAction\",\"target\":[\"https:\/\/mhcalculos.com.br\/noticias\/area\/previdenciario\/stj-tr-nao-deve-ser-aplicada-na-correcao-de-beneficio-complementar-decide-segunda-secao.html\"]}]},{\"@type\":\"ImageObject\",\"inLanguage\":\"pt-BR\",\"@id\":\"https:\/\/mhcalculos.com.br\/noticias\/area\/previdenciario\/stj-tr-nao-deve-ser-aplicada-na-correcao-de-beneficio-complementar-decide-segunda-secao.html#primaryimage\",\"url\":\"https:\/\/mhcalculos.com.br\/noticias\/wp-content\/uploads\/sites\/2\/2018\/06\/previdenciario-0008.jpg\",\"contentUrl\":\"https:\/\/mhcalculos.com.br\/noticias\/wp-content\/uploads\/sites\/2\/2018\/06\/previdenciario-0008.jpg\",\"width\":2000,\"height\":800},{\"@type\":\"BreadcrumbList\",\"@id\":\"https:\/\/mhcalculos.com.br\/noticias\/area\/previdenciario\/stj-tr-nao-deve-ser-aplicada-na-correcao-de-beneficio-complementar-decide-segunda-secao.html#breadcrumb\",\"itemListElement\":[{\"@type\":\"ListItem\",\"position\":1,\"name\":\"In\u00edcio\",\"item\":\"https:\/\/mhcalculos.com.br\/noticias\/\"},{\"@type\":\"ListItem\",\"position\":2,\"name\":\"STJ: TR n\u00e3o deve ser aplicada na corre\u00e7\u00e3o de benef\u00edcio complementar, decide Segunda Se\u00e7\u00e3o\"}]},{\"@type\":\"WebSite\",\"@id\":\"https:\/\/mhcalculos.com.br\/noticias\/#website\",\"url\":\"https:\/\/mhcalculos.com.br\/noticias\/\",\"name\":\"Portal de Not\u00edcias\",\"description\":\"Not\u00edcias e Jurisprud\u00eancia\",\"potentialAction\":[{\"@type\":\"SearchAction\",\"target\":{\"@type\":\"EntryPoint\",\"urlTemplate\":\"https:\/\/mhcalculos.com.br\/noticias\/?s={search_term_string}\"},\"query-input\":{\"@type\":\"PropertyValueSpecification\",\"valueRequired\":true,\"valueName\":\"search_term_string\"}}],\"inLanguage\":\"pt-BR\"},{\"@type\":\"Person\",\"@id\":\"https:\/\/mhcalculos.com.br\/noticias\/#\/schema\/person\/88d1c34bf72dc779ea14a5a6b8e0ae8d\",\"name\":\"Equipe MH\",\"image\":{\"@type\":\"ImageObject\",\"inLanguage\":\"pt-BR\",\"@id\":\"https:\/\/secure.gravatar.com\/avatar\/de1c686c2ecc9c5a3f327e3431d819eb39f8f05d4e1045f5a1caad6daaba987f?s=96&d=mm&r=g\",\"url\":\"https:\/\/secure.gravatar.com\/avatar\/de1c686c2ecc9c5a3f327e3431d819eb39f8f05d4e1045f5a1caad6daaba987f?s=96&d=mm&r=g\",\"contentUrl\":\"https:\/\/secure.gravatar.com\/avatar\/de1c686c2ecc9c5a3f327e3431d819eb39f8f05d4e1045f5a1caad6daaba987f?s=96&d=mm&r=g\",\"caption\":\"Equipe MH\"}}]}<\/script>\n<!-- \/ Yoast SEO plugin. -->","yoast_head_json":{"title":"STJ: TR n\u00e3o deve ser aplicada na corre\u00e7\u00e3o de benef\u00edcio complementar, decide Segunda Se\u00e7\u00e3o | Portal de Not\u00edcias","robots":{"index":"index","follow":"follow","max-snippet":"max-snippet:-1","max-image-preview":"max-image-preview:large","max-video-preview":"max-video-preview:-1"},"canonical":"https:\/\/mhcalculos.com.br\/noticias\/area\/previdenciario\/stj-tr-nao-deve-ser-aplicada-na-correcao-de-beneficio-complementar-decide-segunda-secao.html","og_locale":"pt_BR","og_type":"article","og_title":"STJ: TR n\u00e3o deve ser aplicada na corre\u00e7\u00e3o de benef\u00edcio complementar, decide Segunda Se\u00e7\u00e3o | Portal de Not\u00edcias","og_description":"A Segunda Se&ccedil;&atilde;o do Superior Tribunal de Justi&ccedil;a (STJ) decidiu que o &iacute;ndice de corre&ccedil;&atilde;o monet&aacute;ria a ser aplicado a benef&iacute;cio complementar pago por entidade aberta de previd&ecirc;ncia privada deve ser estipulado pelos &oacute;rg&atilde;os do Sistema Nacional de Seguros Privados. Para o colegiado, os &iacute;ndices de corre&ccedil;&atilde;o devem ser adotados na seguinte ordem: ORTN, OTN, [&hellip;]","og_url":"https:\/\/mhcalculos.com.br\/noticias\/area\/previdenciario\/stj-tr-nao-deve-ser-aplicada-na-correcao-de-beneficio-complementar-decide-segunda-secao.html","og_site_name":"Portal de Not\u00edcias","article_published_time":"2018-11-14T23:00:30+00:00","article_modified_time":"2021-07-28T17:33:50+00:00","og_image":[{"width":2000,"height":800,"url":"https:\/\/mhcalculos.com.br\/noticias\/wp-content\/uploads\/sites\/2\/2018\/06\/previdenciario-0008.jpg","type":"image\/jpeg"}],"author":"Equipe MH","twitter_card":"summary_large_image","twitter_misc":{"Escrito por":"Equipe MH","Est. tempo de leitura":"6 minutos"},"schema":{"@context":"https:\/\/schema.org","@graph":[{"@type":"Article","@id":"https:\/\/mhcalculos.com.br\/noticias\/area\/previdenciario\/stj-tr-nao-deve-ser-aplicada-na-correcao-de-beneficio-complementar-decide-segunda-secao.html#article","isPartOf":{"@id":"https:\/\/mhcalculos.com.br\/noticias\/area\/previdenciario\/stj-tr-nao-deve-ser-aplicada-na-correcao-de-beneficio-complementar-decide-segunda-secao.html"},"author":{"name":"Equipe MH","@id":"https:\/\/mhcalculos.com.br\/noticias\/#\/schema\/person\/88d1c34bf72dc779ea14a5a6b8e0ae8d"},"headline":"STJ: TR n\u00e3o deve ser aplicada na corre\u00e7\u00e3o de benef\u00edcio complementar, decide Segunda Se\u00e7\u00e3o","datePublished":"2018-11-14T23:00:30+00:00","dateModified":"2021-07-28T17:33:50+00:00","mainEntityOfPage":{"@id":"https:\/\/mhcalculos.com.br\/noticias\/area\/previdenciario\/stj-tr-nao-deve-ser-aplicada-na-correcao-de-beneficio-complementar-decide-segunda-secao.html"},"wordCount":1253,"commentCount":0,"image":{"@id":"https:\/\/mhcalculos.com.br\/noticias\/area\/previdenciario\/stj-tr-nao-deve-ser-aplicada-na-correcao-de-beneficio-complementar-decide-segunda-secao.html#primaryimage"},"thumbnailUrl":"https:\/\/mhcalculos.com.br\/noticias\/wp-content\/uploads\/sites\/2\/2018\/06\/previdenciario-0008.jpg","keywords":["aposentadoria","c\u00e1lculos previdenci\u00e1rios","direito previdenci\u00e1rio","inss","per\u00edcia","perito","stj"],"articleSection":["Direito Previdenci\u00e1rio","STJ"],"inLanguage":"pt-BR","potentialAction":[{"@type":"CommentAction","name":"Comment","target":["https:\/\/mhcalculos.com.br\/noticias\/area\/previdenciario\/stj-tr-nao-deve-ser-aplicada-na-correcao-de-beneficio-complementar-decide-segunda-secao.html#respond"]}]},{"@type":"WebPage","@id":"https:\/\/mhcalculos.com.br\/noticias\/area\/previdenciario\/stj-tr-nao-deve-ser-aplicada-na-correcao-de-beneficio-complementar-decide-segunda-secao.html","url":"https:\/\/mhcalculos.com.br\/noticias\/area\/previdenciario\/stj-tr-nao-deve-ser-aplicada-na-correcao-de-beneficio-complementar-decide-segunda-secao.html","name":"STJ: TR n\u00e3o deve ser aplicada na corre\u00e7\u00e3o de benef\u00edcio complementar, decide Segunda Se\u00e7\u00e3o | Portal de Not\u00edcias","isPartOf":{"@id":"https:\/\/mhcalculos.com.br\/noticias\/#website"},"primaryImageOfPage":{"@id":"https:\/\/mhcalculos.com.br\/noticias\/area\/previdenciario\/stj-tr-nao-deve-ser-aplicada-na-correcao-de-beneficio-complementar-decide-segunda-secao.html#primaryimage"},"image":{"@id":"https:\/\/mhcalculos.com.br\/noticias\/area\/previdenciario\/stj-tr-nao-deve-ser-aplicada-na-correcao-de-beneficio-complementar-decide-segunda-secao.html#primaryimage"},"thumbnailUrl":"https:\/\/mhcalculos.com.br\/noticias\/wp-content\/uploads\/sites\/2\/2018\/06\/previdenciario-0008.jpg","datePublished":"2018-11-14T23:00:30+00:00","dateModified":"2021-07-28T17:33:50+00:00","author":{"@id":"https:\/\/mhcalculos.com.br\/noticias\/#\/schema\/person\/88d1c34bf72dc779ea14a5a6b8e0ae8d"},"breadcrumb":{"@id":"https:\/\/mhcalculos.com.br\/noticias\/area\/previdenciario\/stj-tr-nao-deve-ser-aplicada-na-correcao-de-beneficio-complementar-decide-segunda-secao.html#breadcrumb"},"inLanguage":"pt-BR","potentialAction":[{"@type":"ReadAction","target":["https:\/\/mhcalculos.com.br\/noticias\/area\/previdenciario\/stj-tr-nao-deve-ser-aplicada-na-correcao-de-beneficio-complementar-decide-segunda-secao.html"]}]},{"@type":"ImageObject","inLanguage":"pt-BR","@id":"https:\/\/mhcalculos.com.br\/noticias\/area\/previdenciario\/stj-tr-nao-deve-ser-aplicada-na-correcao-de-beneficio-complementar-decide-segunda-secao.html#primaryimage","url":"https:\/\/mhcalculos.com.br\/noticias\/wp-content\/uploads\/sites\/2\/2018\/06\/previdenciario-0008.jpg","contentUrl":"https:\/\/mhcalculos.com.br\/noticias\/wp-content\/uploads\/sites\/2\/2018\/06\/previdenciario-0008.jpg","width":2000,"height":800},{"@type":"BreadcrumbList","@id":"https:\/\/mhcalculos.com.br\/noticias\/area\/previdenciario\/stj-tr-nao-deve-ser-aplicada-na-correcao-de-beneficio-complementar-decide-segunda-secao.html#breadcrumb","itemListElement":[{"@type":"ListItem","position":1,"name":"In\u00edcio","item":"https:\/\/mhcalculos.com.br\/noticias\/"},{"@type":"ListItem","position":2,"name":"STJ: TR n\u00e3o deve ser aplicada na corre\u00e7\u00e3o de benef\u00edcio complementar, decide Segunda Se\u00e7\u00e3o"}]},{"@type":"WebSite","@id":"https:\/\/mhcalculos.com.br\/noticias\/#website","url":"https:\/\/mhcalculos.com.br\/noticias\/","name":"Portal de Not\u00edcias","description":"Not\u00edcias e Jurisprud\u00eancia","potentialAction":[{"@type":"SearchAction","target":{"@type":"EntryPoint","urlTemplate":"https:\/\/mhcalculos.com.br\/noticias\/?s={search_term_string}"},"query-input":{"@type":"PropertyValueSpecification","valueRequired":true,"valueName":"search_term_string"}}],"inLanguage":"pt-BR"},{"@type":"Person","@id":"https:\/\/mhcalculos.com.br\/noticias\/#\/schema\/person\/88d1c34bf72dc779ea14a5a6b8e0ae8d","name":"Equipe MH","image":{"@type":"ImageObject","inLanguage":"pt-BR","@id":"https:\/\/secure.gravatar.com\/avatar\/de1c686c2ecc9c5a3f327e3431d819eb39f8f05d4e1045f5a1caad6daaba987f?s=96&d=mm&r=g","url":"https:\/\/secure.gravatar.com\/avatar\/de1c686c2ecc9c5a3f327e3431d819eb39f8f05d4e1045f5a1caad6daaba987f?s=96&d=mm&r=g","contentUrl":"https:\/\/secure.gravatar.com\/avatar\/de1c686c2ecc9c5a3f327e3431d819eb39f8f05d4e1045f5a1caad6daaba987f?s=96&d=mm&r=g","caption":"Equipe MH"}}]}},"_links":{"self":[{"href":"https:\/\/mhcalculos.com.br\/noticias\/wp-json\/wp\/v2\/posts\/3368","targetHints":{"allow":["GET"]}}],"collection":[{"href":"https:\/\/mhcalculos.com.br\/noticias\/wp-json\/wp\/v2\/posts"}],"about":[{"href":"https:\/\/mhcalculos.com.br\/noticias\/wp-json\/wp\/v2\/types\/post"}],"author":[{"embeddable":true,"href":"https:\/\/mhcalculos.com.br\/noticias\/wp-json\/wp\/v2\/users\/3063"}],"replies":[{"embeddable":true,"href":"https:\/\/mhcalculos.com.br\/noticias\/wp-json\/wp\/v2\/comments?post=3368"}],"version-history":[{"count":1,"href":"https:\/\/mhcalculos.com.br\/noticias\/wp-json\/wp\/v2\/posts\/3368\/revisions"}],"predecessor-version":[{"id":10159,"href":"https:\/\/mhcalculos.com.br\/noticias\/wp-json\/wp\/v2\/posts\/3368\/revisions\/10159"}],"wp:featuredmedia":[{"embeddable":true,"href":"https:\/\/mhcalculos.com.br\/noticias\/wp-json\/wp\/v2\/media\/1967"}],"wp:attachment":[{"href":"https:\/\/mhcalculos.com.br\/noticias\/wp-json\/wp\/v2\/media?parent=3368"}],"wp:term":[{"taxonomy":"category","embeddable":true,"href":"https:\/\/mhcalculos.com.br\/noticias\/wp-json\/wp\/v2\/categories?post=3368"},{"taxonomy":"post_tag","embeddable":true,"href":"https:\/\/mhcalculos.com.br\/noticias\/wp-json\/wp\/v2\/tags?post=3368"}],"curies":[{"name":"wp","href":"https:\/\/api.w.org\/{rel}","templated":true}]}}