{"id":3363,"date":"2018-11-13T17:00:11","date_gmt":"2018-11-13T19:00:11","guid":{"rendered":"https:\/\/mhcalculos.com.br\/noticias\/2018\/11\/13\/trf3-cecon-sp-realiza-mais-de-400-audiencias-no-segundo-dia-da-semana-nacional-da-conciliacao\/"},"modified":"2021-07-28T14:33:51","modified_gmt":"2021-07-28T17:33:51","slug":"trf3-cecon-sp-realiza-mais-de-400-audiencias-no-segundo-dia-da-semana-nacional-da-conciliacao","status":"publish","type":"post","link":"https:\/\/mhcalculos.com.br\/noticias\/area\/previdenciario\/trf3-cecon-sp-realiza-mais-de-400-audiencias-no-segundo-dia-da-semana-nacional-da-conciliacao.html","title":{"rendered":"TRF3: CECON-SP REALIZA MAIS DE 400 AUDI\u00caNCIAS NO SEGUNDO DIA DA SEMANA NACIONAL DA CONCILIA\u00c7\u00c3O"},"content":{"rendered":"\n<div class=\"mat\">\n<p><em>Durante o evento, tamb\u00e9m s\u00e3o oferecidos servi\u00e7os de cidadania para popula\u00e7\u00e3o<\/em><\/p>\n<p>No segundo dia da Semana Nacional da Concilia\u00e7\u00e3o de 2018, a Central de Concilia\u00e7\u00e3o de S\u00e3o Paulo (Cecon-SP) realizou mais de 400 audi\u00eancias em processos que envolvem benef\u00edcios previdenci\u00e1rios, contratos de financiamento de im\u00f3vel pelo Sistema Financeiro da Habita\u00e7\u00e3o (SFH), execu\u00e7\u00f5es fiscais do Conselho Regional dos Corretores de Im\u00f3veis (Creci) e negocia\u00e7\u00e3o de d\u00edvida e dano moral contra a Caixa Econ\u00f4mica Federal (Caixa). <\/p>\n<p>  Pl\u00ednio Ferreira da Silva e Adriana Oliveira da Silva participaram de uma audi\u00eancia. O casal quase perdeu um im\u00f3vel de 65 m2 na zona leste de S\u00e3o Paulo, que havia adquirido h\u00e1 15, por meio de financiamento habitacional com a Caixa. Ao vender o im\u00f3vel, n\u00e3o receberam o pagamento, como havia sido combinado, e o im\u00f3vel foi penhorado. <\/p>\n<p>  Com a a\u00e7\u00e3o na Justi\u00e7a, conseguiram recuperar o im\u00f3vel. Procurados pela Caixa, concordaram em participar de uma audi\u00eancia de Concilia\u00e7\u00e3o, dentro da Semana Nacional, e chegaram ao acordo para refinanciar a d\u00edvida. \u201cO valor estava muito alto e o desconto foi consider\u00e1vel, ficou bem acess\u00edvel\u201d, declarou Pl\u00ednio, ap\u00f3s assinar o termo. O mutu\u00e1rio tamb\u00e9m aprovou o formato da Concilia\u00e7\u00e3o proposto pelo Judici\u00e1rio. \u201cAchei interessante, d\u00e1 a op\u00e7\u00e3o de resolver um problema que ficaria maior. No final foi melhor para os dois lados\u201d. <\/p>\n<p>  A Ju\u00edza Federal Leila Paiva Morrison orientou as audi\u00eancias de Concilia\u00e7\u00e3o na Cecon-SP. Ela explica que os processos, geralmente, envolvem contratos de financiamento quando as partes, por algum motivo, n\u00e3o pagam no prazo e est\u00e3o a ponto de perder a im\u00f3vel, e tamb\u00e9m situa\u00e7\u00f5es mais s\u00e9rias, nas quais j\u00e1 foi determinado o leil\u00e3o do bem.<\/p>\n<p>  \u201cH\u00e1 casos dram\u00e1ticos, pois, segundo as regras do SFH, \u00e9 preciso fazer o pagamento total da d\u00edvida, por conta do regramento da execu\u00e7\u00e3o extrajudicial\u201d. <\/p>\n<p>  Segundo a magistrada, nas audi\u00eancias especiais da Semana Nacional, a Caixa oferece uma margem maior de descontos, e com isso, os mutu\u00e1rios conseguem fazer a quita\u00e7\u00e3o da d\u00edvida e salvar o im\u00f3vel. <\/p>\n<p>  Ela acrescenta que h\u00e1 casos em que os mutu\u00e1rios conseguem a renegocia\u00e7\u00e3o da d\u00edvida. \u201cTudo vai depender do tipo e da \u00e9poca em que o contrato foi assinado e em qual situa\u00e7\u00e3o est\u00e1 o d\u00e9bito, se ficou muito tempo sem pagamento ou se h\u00e1 um dep\u00f3sito judicial\u201d, explica Paiva. <\/p>\n<p>  A Ju\u00edza Federal ressalta que o diferencial de uma audi\u00eancia de Concilia\u00e7\u00e3o est\u00e1 na possibilidade de as partes sentarem para negociar. \u201cA ideia de a Caixa trazer o seu preposto, que entende tecnicamente do contrato, mais o jur\u00eddico, especializado em leil\u00f5es e na consolida\u00e7\u00e3o da propriedade, e as partes, com seus advogados, que tamb\u00e9m trazem propostas, sob a intermedia\u00e7\u00e3o que os conciliadores fazem, gera a oportunidade de se chegar a solu\u00e7\u00e3o que atenda ambos os interesses\u201d, finaliza. <\/p>\n<p>  A estudante de Pedagogia Milena Costa Stefani tamb\u00e9m participou de uma sess\u00e3o de Concilia\u00e7\u00e3o. Para ela, o problema come\u00e7ou quando teve a quarta e \u00faltima parcela do seguro desemprego sacada de forma indevida de sua conta. Segundo Milena, o fato gerou constrangimento e a perda do emprego. Na audi\u00eancia de Concilia\u00e7\u00e3o, a estudante concordou com a proposta oferecida pela Caixa e solucionou o lit\u00edgio. \u201cFoi acess\u00edvel para mim, atendeu minha expectativa e fiquei muito feliz\u201d. <\/p>\n<p>  O Juiz Federal Bruno Takahashi, Coordenador da Central de Concilia\u00e7\u00e3o da Subse\u00e7\u00e3o Judici\u00e1ria de S\u00e3o Paulo, tamb\u00e9m acompanhou os trabalhos do segundo dia do evento e destacou o fato de a Cecon-SP ter audi\u00eancias semanais e pautas tem\u00e1ticas envolvendo o INSS, a Caixa, os Conselhos de Classe durante todo o ano. <\/p>\n<p>  \u201cPara n\u00f3s, a Semana Nacional \u00e9 o grande momento de divulga\u00e7\u00e3o e de fus\u00e3o das pr\u00e1ticas. Durante a Semana, n\u00e3o fazemos somente audi\u00eancia de Concilia\u00e7\u00e3o, temos tamb\u00e9m o trabalho de preven\u00e7\u00e3o de conflitos, que envolve orienta\u00e7\u00e3o de cidadania, atendimento do INSS relacionado a d\u00favidas previdenci\u00e1rias e, esse ano, temos palestras abertas ao p\u00fablico relativas a educa\u00e7\u00e3o financeira, fiscal, sustentabilidade, entre outros temas\u201d. <\/p>\n<p>  <strong>Servi\u00e7os de cidadania<\/strong><\/p>\n<p>  Al\u00e9m de realizar centenas de audi\u00eancias que buscam a solu\u00e7\u00e3o consensual de conflitos, a Cecon-SP est\u00e1 promovendo, durante a XIII Semana Nacional da Concilia\u00e7\u00e3o, diversos servi\u00e7os e a\u00e7\u00f5es de cidadania, como esclarecimento de d\u00favidas sobre previd\u00eancia, consultoria jur\u00eddica e palestras sobre educa\u00e7\u00e3o financeira, inclus\u00e3o, sustentabilidade e acessibilidade.<\/p>\n<p>  A edi\u00e7\u00e3o deste ano conta, durante os cinco dias, com os servi\u00e7os do Programa de Educa\u00e7\u00e3o Previdenci\u00e1ria do Instituto Nacional do Seguro Social (PEP). Aqueles que tiverem d\u00favida acerca de mat\u00e9ria de previd\u00eancia poder\u00e3o receber orienta\u00e7\u00f5es na pr\u00f3pria Cecon &#8211; localizada na Pra\u00e7a da Rep\u00fablica, n\u00b0 299, 1.\u00b0 Andar. O hor\u00e1rio de atendimento ser\u00e1 das 10h \u00e0s 16h.<\/p>\n<p>  O objetivo principal do PEP \u00e9 disseminar o conhecimento previdenci\u00e1rio. Para tanto, o programa promove a\u00e7\u00f5es educacionais com o prop\u00f3sito de informar e conscientizar a sociedade sobre seus direitos e deveres, fomentando a prote\u00e7\u00e3o social e a cultura previdenci\u00e1ria.<\/p>\n<p>  Durante a Semana Nacional da Concilia\u00e7\u00e3o, a Cecon-SP tamb\u00e9m manter\u00e1 ativo o servi\u00e7o de cidadania, uma esp\u00e9cie de consultoria que propiciar\u00e1 o esclarecimento de d\u00favidas jur\u00eddicas de qualquer pessoa, at\u00e9 mesmo das que n\u00e3o participar\u00e3o das audi\u00eancias de Concilia\u00e7\u00e3o. Ser\u00e1 poss\u00edvel obter informa\u00e7\u00f5es sobre processos judiciais em andamento ou sobre problemas que possam se tornar um processo no futuro.<\/p>\n<p>  <strong>Palestras<\/strong><\/p>\n<p>  Outra novidade do evento deste ano s\u00e3o as palestras tem\u00e1ticas, no per\u00edodo da tarde, durante os cinco dias do evento. <\/p>\n<p>  Ontem, \u00e0s 13h30, ocorreu a palestra \u201cCultura como Vetor de Inclus\u00e3o\u201d, com Sidney Tobias; e, \u00e0s 15h, \u201cEduca\u00e7\u00e3o Financeira\u201d, com Rodney Mour\u00e3o.<\/p>\n<p>  Hoje, 07\/11, \u00e0s 13h30, Marinalva Cruz ministrou a palestra \u201cEmpreendedorismo, emprego e renda para pessoas com defici\u00eancia\u201d; na sequ\u00eancia, \u00e0s 15h, Aparecida Rangel Ramos falou sobre \u201cOs 5Rs da Sustentabilidade\u201d.<\/p>\n<p>  Na quinta-feira (08\/11), \u00e0s 13h30, haver\u00e1 a palestra \u201cRecursos de Acessibilidade Digital e Arquitet\u00f4nica\u201d, com Silvana Cambiaghi e Fab\u00edola Calixto; \u00e0s 15 horas, Rodrigo Bezerra, da Escola Fazend\u00e1ria da Secretaria Estadual da Fazenda do Estado de S\u00e3o Paulo, apresentar\u00e1 a palestra \u201cEduca\u00e7\u00e3o Fiscal\u201d.<\/p>\n<p>  A Semana Nacional da Concilia\u00e7\u00e3o prossegue at\u00e9 a pr\u00f3xima sexta-feira (9\/11). S\u00f3 na cidade de S\u00e3o Paulo, devem ser realizadas mais de 2.300 audi\u00eancias em busca de acordo. <\/p>\n<p>  \u00a0<\/p>\n<table width=\"200\" align=\"center\" border=\"0\" cellspacing=\"0\" cellpadding=\"0\">\n<tbody>\n<tr>\n<td><span>Fotos: ACOM\/TRF3<\/span><\/td>\n<\/tr>\n<tr>\n<td><img decoding=\"async\" width=\"500\" height=\"333\" alt=\"\" data-src=\"http:\/\/web.trf3.jus.br\/noticias\/uploaddir\/image\/2018\/novembro\/foto2.jpg\" src=\"data:image\/svg+xml;base64,PHN2ZyB3aWR0aD0iMSIgaGVpZ2h0PSIxIiB4bWxucz0iaHR0cDovL3d3dy53My5vcmcvMjAwMC9zdmciPjwvc3ZnPg==\" class=\"lazyload\" style=\"--smush-placeholder-width: 500px; --smush-placeholder-aspect-ratio: 500\/333;\"><\/td>\n<\/tr>\n<tr>\n<td>Ju\u00edza Federal Leila Paiva acompanha audi\u00eancia de concilia\u00e7\u00e3o dos mutu\u00e1rios Pl\u00ednio e Adriana Ferreira da Silva<\/td>\n<\/tr>\n<tr>\n<td><img decoding=\"async\" width=\"500\" height=\"333\" alt=\"\" data-src=\"http:\/\/web.trf3.jus.br\/noticias\/uploaddir\/image\/2018\/novembro\/foto1.jpg\" src=\"data:image\/svg+xml;base64,PHN2ZyB3aWR0aD0iMSIgaGVpZ2h0PSIxIiB4bWxucz0iaHR0cDovL3d3dy53My5vcmcvMjAwMC9zdmciPjwvc3ZnPg==\" class=\"lazyload\" style=\"--smush-placeholder-width: 500px; --smush-placeholder-aspect-ratio: 500\/333;\"><\/td>\n<\/tr>\n<tr>\n<td>A estudante de Pedagogia Milena Costa Stefani\u00a0participou de uma audi\u00eancia de concilia\u00e7\u00e3o<\/td>\n<\/tr>\n<tr>\n<td><img decoding=\"async\" width=\"500\" height=\"333\" alt=\"\" data-src=\"http:\/\/web.trf3.jus.br\/noticias\/uploaddir\/image\/2018\/novembro\/foto3.jpg\" src=\"data:image\/svg+xml;base64,PHN2ZyB3aWR0aD0iMSIgaGVpZ2h0PSIxIiB4bWxucz0iaHR0cDovL3d3dy53My5vcmcvMjAwMC9zdmciPjwvc3ZnPg==\" class=\"lazyload\" style=\"--smush-placeholder-width: 500px; --smush-placeholder-aspect-ratio: 500\/333;\"><\/td>\n<\/tr>\n<tr>\n<td>Audi\u00eancia de concilia\u00e7\u00e3o no segundo\u00a0dia\u00a0da Semana Nacional em S\u00e3o Paulo<\/td>\n<\/tr>\n<\/tbody>\n<\/table>\n<p>  \u00a0<\/p>\n<\/p><\/div>\n<p><i>Com informa\u00e7\u00f5es da assessoria de imprensa do TRF3.<\/i><br \/>\n<br \/><a href=\"http:\/\/web.trf3.jus.br\/noticias\/Noticias\/Noticia\/Exibir\/374806\">Fonte<\/a><br \/>\n<br \/><\/p>\n","protected":false},"excerpt":{"rendered":"<p>Durante o evento, tamb\u00e9m s\u00e3o oferecidos servi\u00e7os de cidadania para popula\u00e7\u00e3o No segundo dia da Semana Nacional da Concilia\u00e7\u00e3o de 2018, a Central de Concilia\u00e7\u00e3o de S\u00e3o Paulo (Cecon-SP) realizou mais de 400 audi\u00eancias em processos que envolvem benef\u00edcios previdenci\u00e1rios, contratos de financiamento de im\u00f3vel pelo Sistema Financeiro da Habita\u00e7\u00e3o (SFH), execu\u00e7\u00f5es fiscais do Conselho [&hellip;]<\/p>\n","protected":false},"author":3063,"featured_media":2153,"comment_status":"open","ping_status":"open","sticky":false,"template":"","format":"standard","meta":{"footnotes":""},"categories":[5,110],"tags":[11,10,8,13,9,12,152],"class_list":{"0":"post-3363","1":"post","2":"type-post","3":"status-publish","4":"format-standard","5":"has-post-thumbnail","7":"category-previdenciario","8":"category-trf3","9":"tag-aposentadoria","10":"tag-calculos-previdenciarios","11":"tag-direito-previdenciario","12":"tag-inss","13":"tag-pericia","14":"tag-perito","15":"tag-trf3"},"yoast_head":"<!-- This site is optimized with the Yoast SEO plugin v27.2 - https:\/\/yoast.com\/product\/yoast-seo-wordpress\/ -->\n<title>TRF3: CECON-SP REALIZA MAIS DE 400 AUDI\u00caNCIAS NO SEGUNDO DIA DA SEMANA NACIONAL DA CONCILIA\u00c7\u00c3O | Portal de Not\u00edcias<\/title>\n<meta name=\"robots\" content=\"index, follow, max-snippet:-1, max-image-preview:large, max-video-preview:-1\" \/>\n<link rel=\"canonical\" href=\"https:\/\/mhcalculos.com.br\/noticias\/area\/previdenciario\/trf3-cecon-sp-realiza-mais-de-400-audiencias-no-segundo-dia-da-semana-nacional-da-conciliacao.html\" \/>\n<meta property=\"og:locale\" content=\"pt_BR\" \/>\n<meta property=\"og:type\" content=\"article\" \/>\n<meta property=\"og:title\" content=\"TRF3: CECON-SP REALIZA MAIS DE 400 AUDI\u00caNCIAS NO SEGUNDO DIA DA SEMANA NACIONAL DA CONCILIA\u00c7\u00c3O | Portal de Not\u00edcias\" \/>\n<meta property=\"og:description\" content=\"Durante o evento, tamb\u00e9m s\u00e3o oferecidos servi\u00e7os de cidadania para popula\u00e7\u00e3o No segundo dia da Semana Nacional da Concilia\u00e7\u00e3o de 2018, a Central de Concilia\u00e7\u00e3o de S\u00e3o Paulo (Cecon-SP) realizou mais de 400 audi\u00eancias em processos que envolvem benef\u00edcios previdenci\u00e1rios, contratos de financiamento de im\u00f3vel pelo Sistema Financeiro da Habita\u00e7\u00e3o (SFH), execu\u00e7\u00f5es fiscais do Conselho [&hellip;]\" \/>\n<meta property=\"og:url\" content=\"https:\/\/mhcalculos.com.br\/noticias\/area\/previdenciario\/trf3-cecon-sp-realiza-mais-de-400-audiencias-no-segundo-dia-da-semana-nacional-da-conciliacao.html\" \/>\n<meta property=\"og:site_name\" content=\"Portal de Not\u00edcias\" \/>\n<meta property=\"article:published_time\" content=\"2018-11-13T19:00:11+00:00\" \/>\n<meta property=\"article:modified_time\" content=\"2021-07-28T17:33:51+00:00\" \/>\n<meta property=\"og:image\" content=\"https:\/\/mhcalculos.com.br\/noticias\/wp-content\/uploads\/sites\/2\/2018\/06\/previdenciario-0031.jpg\" \/>\n\t<meta property=\"og:image:width\" content=\"2000\" \/>\n\t<meta property=\"og:image:height\" content=\"800\" \/>\n\t<meta property=\"og:image:type\" content=\"image\/jpeg\" \/>\n<meta name=\"author\" content=\"Equipe MH\" \/>\n<meta name=\"twitter:card\" content=\"summary_large_image\" \/>\n<meta name=\"twitter:label1\" content=\"Escrito por\" \/>\n\t<meta name=\"twitter:data1\" content=\"Equipe MH\" \/>\n\t<meta name=\"twitter:label2\" content=\"Est. tempo de leitura\" \/>\n\t<meta name=\"twitter:data2\" content=\"6 minutos\" \/>\n<script type=\"application\/ld+json\" class=\"yoast-schema-graph\">{\"@context\":\"https:\/\/schema.org\",\"@graph\":[{\"@type\":\"Article\",\"@id\":\"https:\/\/mhcalculos.com.br\/noticias\/area\/previdenciario\/trf3-cecon-sp-realiza-mais-de-400-audiencias-no-segundo-dia-da-semana-nacional-da-conciliacao.html#article\",\"isPartOf\":{\"@id\":\"https:\/\/mhcalculos.com.br\/noticias\/area\/previdenciario\/trf3-cecon-sp-realiza-mais-de-400-audiencias-no-segundo-dia-da-semana-nacional-da-conciliacao.html\"},\"author\":{\"name\":\"Equipe MH\",\"@id\":\"https:\/\/mhcalculos.com.br\/noticias\/#\/schema\/person\/88d1c34bf72dc779ea14a5a6b8e0ae8d\"},\"headline\":\"TRF3: CECON-SP REALIZA MAIS DE 400 AUDI\u00caNCIAS NO SEGUNDO DIA DA SEMANA NACIONAL DA CONCILIA\u00c7\u00c3O\",\"datePublished\":\"2018-11-13T19:00:11+00:00\",\"dateModified\":\"2021-07-28T17:33:51+00:00\",\"mainEntityOfPage\":{\"@id\":\"https:\/\/mhcalculos.com.br\/noticias\/area\/previdenciario\/trf3-cecon-sp-realiza-mais-de-400-audiencias-no-segundo-dia-da-semana-nacional-da-conciliacao.html\"},\"wordCount\":1217,\"commentCount\":0,\"image\":{\"@id\":\"https:\/\/mhcalculos.com.br\/noticias\/area\/previdenciario\/trf3-cecon-sp-realiza-mais-de-400-audiencias-no-segundo-dia-da-semana-nacional-da-conciliacao.html#primaryimage\"},\"thumbnailUrl\":\"https:\/\/mhcalculos.com.br\/noticias\/wp-content\/uploads\/sites\/2\/2018\/06\/previdenciario-0031.jpg\",\"keywords\":[\"aposentadoria\",\"c\u00e1lculos previdenci\u00e1rios\",\"direito previdenci\u00e1rio\",\"inss\",\"per\u00edcia\",\"perito\",\"trf3\"],\"articleSection\":[\"Direito Previdenci\u00e1rio\",\"TRF3\"],\"inLanguage\":\"pt-BR\",\"potentialAction\":[{\"@type\":\"CommentAction\",\"name\":\"Comment\",\"target\":[\"https:\/\/mhcalculos.com.br\/noticias\/area\/previdenciario\/trf3-cecon-sp-realiza-mais-de-400-audiencias-no-segundo-dia-da-semana-nacional-da-conciliacao.html#respond\"]}]},{\"@type\":\"WebPage\",\"@id\":\"https:\/\/mhcalculos.com.br\/noticias\/area\/previdenciario\/trf3-cecon-sp-realiza-mais-de-400-audiencias-no-segundo-dia-da-semana-nacional-da-conciliacao.html\",\"url\":\"https:\/\/mhcalculos.com.br\/noticias\/area\/previdenciario\/trf3-cecon-sp-realiza-mais-de-400-audiencias-no-segundo-dia-da-semana-nacional-da-conciliacao.html\",\"name\":\"TRF3: CECON-SP REALIZA MAIS DE 400 AUDI\u00caNCIAS NO SEGUNDO DIA DA SEMANA NACIONAL DA CONCILIA\u00c7\u00c3O | Portal de Not\u00edcias\",\"isPartOf\":{\"@id\":\"https:\/\/mhcalculos.com.br\/noticias\/#website\"},\"primaryImageOfPage\":{\"@id\":\"https:\/\/mhcalculos.com.br\/noticias\/area\/previdenciario\/trf3-cecon-sp-realiza-mais-de-400-audiencias-no-segundo-dia-da-semana-nacional-da-conciliacao.html#primaryimage\"},\"image\":{\"@id\":\"https:\/\/mhcalculos.com.br\/noticias\/area\/previdenciario\/trf3-cecon-sp-realiza-mais-de-400-audiencias-no-segundo-dia-da-semana-nacional-da-conciliacao.html#primaryimage\"},\"thumbnailUrl\":\"https:\/\/mhcalculos.com.br\/noticias\/wp-content\/uploads\/sites\/2\/2018\/06\/previdenciario-0031.jpg\",\"datePublished\":\"2018-11-13T19:00:11+00:00\",\"dateModified\":\"2021-07-28T17:33:51+00:00\",\"author\":{\"@id\":\"https:\/\/mhcalculos.com.br\/noticias\/#\/schema\/person\/88d1c34bf72dc779ea14a5a6b8e0ae8d\"},\"breadcrumb\":{\"@id\":\"https:\/\/mhcalculos.com.br\/noticias\/area\/previdenciario\/trf3-cecon-sp-realiza-mais-de-400-audiencias-no-segundo-dia-da-semana-nacional-da-conciliacao.html#breadcrumb\"},\"inLanguage\":\"pt-BR\",\"potentialAction\":[{\"@type\":\"ReadAction\",\"target\":[\"https:\/\/mhcalculos.com.br\/noticias\/area\/previdenciario\/trf3-cecon-sp-realiza-mais-de-400-audiencias-no-segundo-dia-da-semana-nacional-da-conciliacao.html\"]}]},{\"@type\":\"ImageObject\",\"inLanguage\":\"pt-BR\",\"@id\":\"https:\/\/mhcalculos.com.br\/noticias\/area\/previdenciario\/trf3-cecon-sp-realiza-mais-de-400-audiencias-no-segundo-dia-da-semana-nacional-da-conciliacao.html#primaryimage\",\"url\":\"https:\/\/mhcalculos.com.br\/noticias\/wp-content\/uploads\/sites\/2\/2018\/06\/previdenciario-0031.jpg\",\"contentUrl\":\"https:\/\/mhcalculos.com.br\/noticias\/wp-content\/uploads\/sites\/2\/2018\/06\/previdenciario-0031.jpg\",\"width\":2000,\"height\":800},{\"@type\":\"BreadcrumbList\",\"@id\":\"https:\/\/mhcalculos.com.br\/noticias\/area\/previdenciario\/trf3-cecon-sp-realiza-mais-de-400-audiencias-no-segundo-dia-da-semana-nacional-da-conciliacao.html#breadcrumb\",\"itemListElement\":[{\"@type\":\"ListItem\",\"position\":1,\"name\":\"In\u00edcio\",\"item\":\"https:\/\/mhcalculos.com.br\/noticias\/\"},{\"@type\":\"ListItem\",\"position\":2,\"name\":\"TRF3: CECON-SP REALIZA MAIS DE 400 AUDI\u00caNCIAS NO SEGUNDO DIA DA SEMANA NACIONAL DA CONCILIA\u00c7\u00c3O\"}]},{\"@type\":\"WebSite\",\"@id\":\"https:\/\/mhcalculos.com.br\/noticias\/#website\",\"url\":\"https:\/\/mhcalculos.com.br\/noticias\/\",\"name\":\"Portal de Not\u00edcias\",\"description\":\"Not\u00edcias e Jurisprud\u00eancia\",\"potentialAction\":[{\"@type\":\"SearchAction\",\"target\":{\"@type\":\"EntryPoint\",\"urlTemplate\":\"https:\/\/mhcalculos.com.br\/noticias\/?s={search_term_string}\"},\"query-input\":{\"@type\":\"PropertyValueSpecification\",\"valueRequired\":true,\"valueName\":\"search_term_string\"}}],\"inLanguage\":\"pt-BR\"},{\"@type\":\"Person\",\"@id\":\"https:\/\/mhcalculos.com.br\/noticias\/#\/schema\/person\/88d1c34bf72dc779ea14a5a6b8e0ae8d\",\"name\":\"Equipe MH\",\"image\":{\"@type\":\"ImageObject\",\"inLanguage\":\"pt-BR\",\"@id\":\"https:\/\/secure.gravatar.com\/avatar\/de1c686c2ecc9c5a3f327e3431d819eb39f8f05d4e1045f5a1caad6daaba987f?s=96&d=mm&r=g\",\"url\":\"https:\/\/secure.gravatar.com\/avatar\/de1c686c2ecc9c5a3f327e3431d819eb39f8f05d4e1045f5a1caad6daaba987f?s=96&d=mm&r=g\",\"contentUrl\":\"https:\/\/secure.gravatar.com\/avatar\/de1c686c2ecc9c5a3f327e3431d819eb39f8f05d4e1045f5a1caad6daaba987f?s=96&d=mm&r=g\",\"caption\":\"Equipe MH\"}}]}<\/script>\n<!-- \/ Yoast SEO plugin. -->","yoast_head_json":{"title":"TRF3: CECON-SP REALIZA MAIS DE 400 AUDI\u00caNCIAS NO SEGUNDO DIA DA SEMANA NACIONAL DA CONCILIA\u00c7\u00c3O | Portal de Not\u00edcias","robots":{"index":"index","follow":"follow","max-snippet":"max-snippet:-1","max-image-preview":"max-image-preview:large","max-video-preview":"max-video-preview:-1"},"canonical":"https:\/\/mhcalculos.com.br\/noticias\/area\/previdenciario\/trf3-cecon-sp-realiza-mais-de-400-audiencias-no-segundo-dia-da-semana-nacional-da-conciliacao.html","og_locale":"pt_BR","og_type":"article","og_title":"TRF3: CECON-SP REALIZA MAIS DE 400 AUDI\u00caNCIAS NO SEGUNDO DIA DA SEMANA NACIONAL DA CONCILIA\u00c7\u00c3O | Portal de Not\u00edcias","og_description":"Durante o evento, tamb\u00e9m s\u00e3o oferecidos servi\u00e7os de cidadania para popula\u00e7\u00e3o No segundo dia da Semana Nacional da Concilia\u00e7\u00e3o de 2018, a Central de Concilia\u00e7\u00e3o de S\u00e3o Paulo (Cecon-SP) realizou mais de 400 audi\u00eancias em processos que envolvem benef\u00edcios previdenci\u00e1rios, contratos de financiamento de im\u00f3vel pelo Sistema Financeiro da Habita\u00e7\u00e3o (SFH), execu\u00e7\u00f5es fiscais do Conselho [&hellip;]","og_url":"https:\/\/mhcalculos.com.br\/noticias\/area\/previdenciario\/trf3-cecon-sp-realiza-mais-de-400-audiencias-no-segundo-dia-da-semana-nacional-da-conciliacao.html","og_site_name":"Portal de Not\u00edcias","article_published_time":"2018-11-13T19:00:11+00:00","article_modified_time":"2021-07-28T17:33:51+00:00","og_image":[{"width":2000,"height":800,"url":"https:\/\/mhcalculos.com.br\/noticias\/wp-content\/uploads\/sites\/2\/2018\/06\/previdenciario-0031.jpg","type":"image\/jpeg"}],"author":"Equipe MH","twitter_card":"summary_large_image","twitter_misc":{"Escrito por":"Equipe MH","Est. tempo de leitura":"6 minutos"},"schema":{"@context":"https:\/\/schema.org","@graph":[{"@type":"Article","@id":"https:\/\/mhcalculos.com.br\/noticias\/area\/previdenciario\/trf3-cecon-sp-realiza-mais-de-400-audiencias-no-segundo-dia-da-semana-nacional-da-conciliacao.html#article","isPartOf":{"@id":"https:\/\/mhcalculos.com.br\/noticias\/area\/previdenciario\/trf3-cecon-sp-realiza-mais-de-400-audiencias-no-segundo-dia-da-semana-nacional-da-conciliacao.html"},"author":{"name":"Equipe MH","@id":"https:\/\/mhcalculos.com.br\/noticias\/#\/schema\/person\/88d1c34bf72dc779ea14a5a6b8e0ae8d"},"headline":"TRF3: CECON-SP REALIZA MAIS DE 400 AUDI\u00caNCIAS NO SEGUNDO DIA DA SEMANA NACIONAL DA CONCILIA\u00c7\u00c3O","datePublished":"2018-11-13T19:00:11+00:00","dateModified":"2021-07-28T17:33:51+00:00","mainEntityOfPage":{"@id":"https:\/\/mhcalculos.com.br\/noticias\/area\/previdenciario\/trf3-cecon-sp-realiza-mais-de-400-audiencias-no-segundo-dia-da-semana-nacional-da-conciliacao.html"},"wordCount":1217,"commentCount":0,"image":{"@id":"https:\/\/mhcalculos.com.br\/noticias\/area\/previdenciario\/trf3-cecon-sp-realiza-mais-de-400-audiencias-no-segundo-dia-da-semana-nacional-da-conciliacao.html#primaryimage"},"thumbnailUrl":"https:\/\/mhcalculos.com.br\/noticias\/wp-content\/uploads\/sites\/2\/2018\/06\/previdenciario-0031.jpg","keywords":["aposentadoria","c\u00e1lculos previdenci\u00e1rios","direito previdenci\u00e1rio","inss","per\u00edcia","perito","trf3"],"articleSection":["Direito Previdenci\u00e1rio","TRF3"],"inLanguage":"pt-BR","potentialAction":[{"@type":"CommentAction","name":"Comment","target":["https:\/\/mhcalculos.com.br\/noticias\/area\/previdenciario\/trf3-cecon-sp-realiza-mais-de-400-audiencias-no-segundo-dia-da-semana-nacional-da-conciliacao.html#respond"]}]},{"@type":"WebPage","@id":"https:\/\/mhcalculos.com.br\/noticias\/area\/previdenciario\/trf3-cecon-sp-realiza-mais-de-400-audiencias-no-segundo-dia-da-semana-nacional-da-conciliacao.html","url":"https:\/\/mhcalculos.com.br\/noticias\/area\/previdenciario\/trf3-cecon-sp-realiza-mais-de-400-audiencias-no-segundo-dia-da-semana-nacional-da-conciliacao.html","name":"TRF3: CECON-SP REALIZA MAIS DE 400 AUDI\u00caNCIAS NO SEGUNDO DIA DA SEMANA NACIONAL DA CONCILIA\u00c7\u00c3O | Portal de Not\u00edcias","isPartOf":{"@id":"https:\/\/mhcalculos.com.br\/noticias\/#website"},"primaryImageOfPage":{"@id":"https:\/\/mhcalculos.com.br\/noticias\/area\/previdenciario\/trf3-cecon-sp-realiza-mais-de-400-audiencias-no-segundo-dia-da-semana-nacional-da-conciliacao.html#primaryimage"},"image":{"@id":"https:\/\/mhcalculos.com.br\/noticias\/area\/previdenciario\/trf3-cecon-sp-realiza-mais-de-400-audiencias-no-segundo-dia-da-semana-nacional-da-conciliacao.html#primaryimage"},"thumbnailUrl":"https:\/\/mhcalculos.com.br\/noticias\/wp-content\/uploads\/sites\/2\/2018\/06\/previdenciario-0031.jpg","datePublished":"2018-11-13T19:00:11+00:00","dateModified":"2021-07-28T17:33:51+00:00","author":{"@id":"https:\/\/mhcalculos.com.br\/noticias\/#\/schema\/person\/88d1c34bf72dc779ea14a5a6b8e0ae8d"},"breadcrumb":{"@id":"https:\/\/mhcalculos.com.br\/noticias\/area\/previdenciario\/trf3-cecon-sp-realiza-mais-de-400-audiencias-no-segundo-dia-da-semana-nacional-da-conciliacao.html#breadcrumb"},"inLanguage":"pt-BR","potentialAction":[{"@type":"ReadAction","target":["https:\/\/mhcalculos.com.br\/noticias\/area\/previdenciario\/trf3-cecon-sp-realiza-mais-de-400-audiencias-no-segundo-dia-da-semana-nacional-da-conciliacao.html"]}]},{"@type":"ImageObject","inLanguage":"pt-BR","@id":"https:\/\/mhcalculos.com.br\/noticias\/area\/previdenciario\/trf3-cecon-sp-realiza-mais-de-400-audiencias-no-segundo-dia-da-semana-nacional-da-conciliacao.html#primaryimage","url":"https:\/\/mhcalculos.com.br\/noticias\/wp-content\/uploads\/sites\/2\/2018\/06\/previdenciario-0031.jpg","contentUrl":"https:\/\/mhcalculos.com.br\/noticias\/wp-content\/uploads\/sites\/2\/2018\/06\/previdenciario-0031.jpg","width":2000,"height":800},{"@type":"BreadcrumbList","@id":"https:\/\/mhcalculos.com.br\/noticias\/area\/previdenciario\/trf3-cecon-sp-realiza-mais-de-400-audiencias-no-segundo-dia-da-semana-nacional-da-conciliacao.html#breadcrumb","itemListElement":[{"@type":"ListItem","position":1,"name":"In\u00edcio","item":"https:\/\/mhcalculos.com.br\/noticias\/"},{"@type":"ListItem","position":2,"name":"TRF3: CECON-SP REALIZA MAIS DE 400 AUDI\u00caNCIAS NO SEGUNDO DIA DA SEMANA NACIONAL DA CONCILIA\u00c7\u00c3O"}]},{"@type":"WebSite","@id":"https:\/\/mhcalculos.com.br\/noticias\/#website","url":"https:\/\/mhcalculos.com.br\/noticias\/","name":"Portal de Not\u00edcias","description":"Not\u00edcias e Jurisprud\u00eancia","potentialAction":[{"@type":"SearchAction","target":{"@type":"EntryPoint","urlTemplate":"https:\/\/mhcalculos.com.br\/noticias\/?s={search_term_string}"},"query-input":{"@type":"PropertyValueSpecification","valueRequired":true,"valueName":"search_term_string"}}],"inLanguage":"pt-BR"},{"@type":"Person","@id":"https:\/\/mhcalculos.com.br\/noticias\/#\/schema\/person\/88d1c34bf72dc779ea14a5a6b8e0ae8d","name":"Equipe MH","image":{"@type":"ImageObject","inLanguage":"pt-BR","@id":"https:\/\/secure.gravatar.com\/avatar\/de1c686c2ecc9c5a3f327e3431d819eb39f8f05d4e1045f5a1caad6daaba987f?s=96&d=mm&r=g","url":"https:\/\/secure.gravatar.com\/avatar\/de1c686c2ecc9c5a3f327e3431d819eb39f8f05d4e1045f5a1caad6daaba987f?s=96&d=mm&r=g","contentUrl":"https:\/\/secure.gravatar.com\/avatar\/de1c686c2ecc9c5a3f327e3431d819eb39f8f05d4e1045f5a1caad6daaba987f?s=96&d=mm&r=g","caption":"Equipe MH"}}]}},"_links":{"self":[{"href":"https:\/\/mhcalculos.com.br\/noticias\/wp-json\/wp\/v2\/posts\/3363","targetHints":{"allow":["GET"]}}],"collection":[{"href":"https:\/\/mhcalculos.com.br\/noticias\/wp-json\/wp\/v2\/posts"}],"about":[{"href":"https:\/\/mhcalculos.com.br\/noticias\/wp-json\/wp\/v2\/types\/post"}],"author":[{"embeddable":true,"href":"https:\/\/mhcalculos.com.br\/noticias\/wp-json\/wp\/v2\/users\/3063"}],"replies":[{"embeddable":true,"href":"https:\/\/mhcalculos.com.br\/noticias\/wp-json\/wp\/v2\/comments?post=3363"}],"version-history":[{"count":1,"href":"https:\/\/mhcalculos.com.br\/noticias\/wp-json\/wp\/v2\/posts\/3363\/revisions"}],"predecessor-version":[{"id":10160,"href":"https:\/\/mhcalculos.com.br\/noticias\/wp-json\/wp\/v2\/posts\/3363\/revisions\/10160"}],"wp:featuredmedia":[{"embeddable":true,"href":"https:\/\/mhcalculos.com.br\/noticias\/wp-json\/wp\/v2\/media\/2153"}],"wp:attachment":[{"href":"https:\/\/mhcalculos.com.br\/noticias\/wp-json\/wp\/v2\/media?parent=3363"}],"wp:term":[{"taxonomy":"category","embeddable":true,"href":"https:\/\/mhcalculos.com.br\/noticias\/wp-json\/wp\/v2\/categories?post=3363"},{"taxonomy":"post_tag","embeddable":true,"href":"https:\/\/mhcalculos.com.br\/noticias\/wp-json\/wp\/v2\/tags?post=3363"}],"curies":[{"name":"wp","href":"https:\/\/api.w.org\/{rel}","templated":true}]}}