{"id":3346,"date":"2018-11-03T19:00:27","date_gmt":"2018-11-03T22:00:27","guid":{"rendered":"https:\/\/mhcalculos.com.br\/noticias\/2018\/11\/03\/asid-esta-com-inscricoes-abertas-para-instituicoes-de-ensino-e-atendimento-a-pessoas-com-deficiencia-receberem-projetos-em-2019\/"},"modified":"2021-07-28T14:33:53","modified_gmt":"2021-07-28T17:33:53","slug":"asid-esta-com-inscricoes-abertas-para-instituicoes-de-ensino-e-atendimento-a-pessoas-com-deficiencia-receberem-projetos-em-2019","status":"publish","type":"post","link":"https:\/\/mhcalculos.com.br\/noticias\/cidadania\/asid-esta-com-inscricoes-abertas-para-instituicoes-de-ensino-e-atendimento-a-pessoas-com-deficiencia-receberem-projetos-em-2019.html","title":{"rendered":"ASID est\u00e1 com inscri\u00e7\u00f5es abertas para institui\u00e7\u00f5es de ensino e atendimento a pessoas com defici\u00eancia receberem projetos em 2019"},"content":{"rendered":"<p> <br \/>\n<\/p>\n<div id=\"attachment_17298\" style=\"width: 1034px\" class=\"wp-caption aligncenter\"><a href=\"https:\/\/docs.google.com\/forms\/d\/e\/1FAIpQLSdbYqa3397IDYJPd0GfnZ8f4P5dsolDSIvn9VJ3_CJ0fNuESg\/viewform\"><\/a><\/p>\n<p class=\"wp-caption-text\">Renato Stockler\/Na Lata<\/p>\n<\/div>\n<blockquote>\n<p><em>Inscri\u00e7\u00f5es v\u00e3o at\u00e9 3 de dezembro, a participa\u00e7\u00e3o \u00e9 gratuita<\/em><\/p>\n<\/blockquote>\n<p>A <strong>A\u00e7\u00e3o Social para Igualdade das Diferen\u00e7as (ASID Brasil)<\/strong> criou a <strong>Rede ASID.<\/strong> As institui\u00e7\u00f5es da rede tem acesso a uma s\u00e9rie de benef\u00edcios e projetos em parceria com grandes empresas (<a href=\"https:\/\/asidbrasil.org.br\/asid-brasil-realiza-mais-uma-edicao-do-projeto-vacaciones-solidarias-da-fundacao-telefonica-vivo\/\"><strong>Funda\u00e7\u00e3o Telef\u00f4nica Vivo,<\/strong><\/a> <a href=\"https:\/\/asidbrasil.org.br\/copel-e-apabb-o-voluntariado-corporativo-a-servico-da-inclusao\/\"><strong>Copel,<\/strong><\/a> <strong><a href=\"https:\/\/asidbrasil.org.br\/integracao-do-bem-saiba-mais-sobrea-a-acao-de-voluntariado-da-unimed-parana-executada-pela-asid\/\">Unimed,<\/a><\/strong>\u00a0e muitas outras). Acesse o relat\u00f3rio de impacto e conhe\u00e7a hist\u00f3rias dos projetos, <strong><a href=\"https:\/\/conteudo.asidbrasil.org.br\/relatorio-de-impacto-2017\">clique aqui.<\/a><\/strong><\/p>\n<p>A <a href=\"https:\/\/escolaprimavera.com.br\/site\/\"><strong>Escola Especializada Primavera,<\/strong><\/a> de Curitiba, faz parte da rede h\u00e1 6 anos e nesse per\u00edodo recebeu projetos de reforma da sua estrutura, voluntariado com empresas parceiras e de inclus\u00e3o de seus benefici\u00e1rios no mercado de trabalho.<\/p>\n<blockquote>\n<p>\u201cO trabalho com a Rede ASID tem sido gratificante pois avan\u00e7amos desde que iniciamos esta parceria. Tivemos muitas a\u00e7\u00f5es que proporcionaram trocas maravilhosas entre estudantes, funcion\u00e1rios e empresas. Enfim, valorizamos o trabalho desenvolvido pela ASID, pretendemos continuar com esta parceria e sonhamos com a possibilidade de eles atingirem o maior n\u00famero de institui\u00e7\u00f5es que necessitam\u201d. <strong>Disse F\u00e1tima Heraki Floriani, Diretora, faz parte da institui\u00e7\u00e3o h\u00e1 25 anos.<\/strong><\/p>\n<\/blockquote>\n<p>Atualmente a Rede ASID \u00e9 composta por mais de <strong>70 institui\u00e7\u00f5es para pessoas com defici\u00eancia de todo o Brasil, <a href=\"https:\/\/asidbrasil.org.br\/rede-asid\/\">clique para acessar a lista completa.<\/a><\/strong> A rede est\u00e1 crescendo e as institui\u00e7\u00f5es cadastradas estar\u00e3o aptas a receber projetos ao longo de 2019. Para se inscrever basta seguir esses tr\u00eas passos:<\/p>\n<ol>\n<li>Preencher o formul\u00e1rio de ades\u00e3o a Rede ASID. <a href=\"https:\/\/docs.google.com\/forms\/d\/e\/1FAIpQLSdbYqa3397IDYJPd0GfnZ8f4P5dsolDSIvn9VJ3_CJ0fNuESg\/viewform\"><strong>Clique aqui para acessar o formul\u00e1rio.<\/strong><\/a><\/li>\n<li>Aguardar o contato da equipe ASID para as boas-vindas.<\/li>\n<li>Pronto! A institui\u00e7\u00e3o pode comemorar pois est\u00e1 oficialmente inscrita na Rede ASID e se juntar\u00e1 ao time de institui\u00e7\u00f5es que se uniram para construir uma sociedade inclusiva.<\/li>\n<\/ol>\n<p><strong>As inscri\u00e7\u00f5es podem ser realizadas at\u00e9 o Dia Internacional da Pessoa com Defici\u00eancia, 3 de dezembro.<\/strong> No caso de d\u00favidas entre em contato com o Leonardo Mesquista, Analista de Projetos da ASID Brasil, pelo telefone (41) 3501-3145. Voc\u00ea tamb\u00e9m encontra mais informa\u00e7\u00f5es no site: <a href=\"https:\/\/asidbrasil.org.br\/\"><strong>asidbrasil.org.br.<\/strong><\/a><\/p>\n<p><span style=\"text-decoration: underline\"><strong>Sobre:<\/strong><\/span><br \/>\nA Organiza\u00e7\u00e3o da Sociedade Civil (OSC) curitibana A\u00e7\u00e3o Social para Igualdade das Diferen\u00e7as (ASID Brasil), foi criada em 2010 com a miss\u00e3o de construir uma sociedade inclusiva. Em seus 8 anos de atua\u00e7\u00e3o se tornou uma refer\u00eancia e conquistou premia\u00e7\u00f5es e reconhecimentos locais (Honra ao M\u00e9rito UFPR, Ozires Silva e Instituto Legado), nacionais (Empreendededor Social de Futuro e Jovens Inspiradores) e internacionais (Laureate Global Fellowship e BRICS F\u00f3rum Moscou). Em 2018 foi selecionada com uma das 100 melhores ONG do pa\u00eds por seu impacto em 132 institui\u00e7\u00f5es e na vida de 58.000 pessoas.<\/p>\n<p><span style=\"text-decoration: underline\"><strong>Informa\u00e7\u00f5es:<br \/>\n<\/strong><\/span>ASID Brasil<br \/>\nEndere\u00e7o: Rua Senador Xavier da Silva, 26, S\u00e3o Francisco, Curitiba\/PR &#8211; CEP 80.530-022<br \/>\nSite: <a href=\"http:\/\/www.asidbrasil.org.br\">www.asidbrasil.org.br<\/a><br \/>\nTelefone: (41) 3501-3145 ou (41) 3524-3145<br \/>\nRespons\u00e1vel: Luiz Hamilton Ribas &#8211; Assessor e Diretor de Marketing e Inova\u00e7\u00e3o<br \/>\nE-mail: contato@asidbrasil.org.br\/ luiz@asidbrasil.org.br<\/p>\n<p>O post <a rel=\"nofollow\" href=\"https:\/\/asidbrasil.org.br\/asid-esta-com-inscricoes-abertas-para-instituicoes-de-ensino-e-atendimento-a-pessoas-com-deficiencia-receberem-projetos-em-2019\/\">ASID est\u00e1 com inscri\u00e7\u00f5es abertas para institui\u00e7\u00f5es de ensino e atendimento a pessoas com defici\u00eancia receberem projetos em 2019<\/a> apareceu primeiro em <a rel=\"nofollow\" href=\"https:\/\/asidbrasil.org.br\">ASID Brasil<\/a>.<\/p>\n<p><i>Visite o site <a href=\"https:\/\/asidbrasil.org.br\/\">asidbrasil.org.br<\/a> e conhe\u00e7a mais sobre a ASID Brasil.<\/i><br \/>\n<br \/><a href=\"https:\/\/asidbrasil.org.br\/asid-esta-com-inscricoes-abertas-para-instituicoes-de-ensino-e-atendimento-a-pessoas-com-deficiencia-receberem-projetos-em-2019\/\">Fonte<\/a><br \/>\n<br \/><\/p>\n","protected":false},"excerpt":{"rendered":"<p>Renato Stockler\/Na Lata Inscri\u00e7\u00f5es v\u00e3o at\u00e9 3 de dezembro, a participa\u00e7\u00e3o \u00e9 gratuita A A\u00e7\u00e3o Social para Igualdade das Diferen\u00e7as (ASID Brasil) criou a Rede ASID. As institui\u00e7\u00f5es da rede tem acesso a uma s\u00e9rie de benef\u00edcios e projetos em parceria com grandes empresas (Funda\u00e7\u00e3o Telef\u00f4nica Vivo, Copel, Unimed,\u00a0e muitas outras). Acesse o relat\u00f3rio de [&hellip;]<\/p>\n","protected":false},"author":3063,"featured_media":2458,"comment_status":"open","ping_status":"open","sticky":false,"template":"","format":"standard","meta":{"footnotes":""},"categories":[113],"tags":[158,157,163,162,164,161,160,159],"class_list":{"0":"post-3346","1":"post","2":"type-post","3":"status-publish","4":"format-standard","5":"has-post-thumbnail","7":"category-cidadania","8":"tag-asid","9":"tag-cidadania","10":"tag-desenvolvimento-institucional","11":"tag-diversidade","12":"tag-impacto-social","13":"tag-inclusao","14":"tag-voluntariado","15":"tag-voluntario"},"yoast_head":"<!-- This site is optimized with the Yoast SEO plugin v27.2 - https:\/\/yoast.com\/product\/yoast-seo-wordpress\/ -->\n<title>ASID est\u00e1 com inscri\u00e7\u00f5es abertas para institui\u00e7\u00f5es de ensino e atendimento a pessoas com defici\u00eancia receberem projetos em 2019 | Portal de Not\u00edcias<\/title>\n<meta name=\"robots\" content=\"index, follow, max-snippet:-1, max-image-preview:large, max-video-preview:-1\" \/>\n<link rel=\"canonical\" href=\"https:\/\/mhcalculos.com.br\/noticias\/cidadania\/asid-esta-com-inscricoes-abertas-para-instituicoes-de-ensino-e-atendimento-a-pessoas-com-deficiencia-receberem-projetos-em-2019.html\" \/>\n<meta property=\"og:locale\" content=\"pt_BR\" \/>\n<meta property=\"og:type\" content=\"article\" \/>\n<meta property=\"og:title\" content=\"ASID est\u00e1 com inscri\u00e7\u00f5es abertas para institui\u00e7\u00f5es de ensino e atendimento a pessoas com defici\u00eancia receberem projetos em 2019 | Portal de Not\u00edcias\" \/>\n<meta property=\"og:description\" content=\"Renato Stockler\/Na Lata Inscri\u00e7\u00f5es v\u00e3o at\u00e9 3 de dezembro, a participa\u00e7\u00e3o \u00e9 gratuita A A\u00e7\u00e3o Social para Igualdade das Diferen\u00e7as (ASID Brasil) criou a Rede ASID. As institui\u00e7\u00f5es da rede tem acesso a uma s\u00e9rie de benef\u00edcios e projetos em parceria com grandes empresas (Funda\u00e7\u00e3o Telef\u00f4nica Vivo, Copel, Unimed,\u00a0e muitas outras). Acesse o relat\u00f3rio de [&hellip;]\" \/>\n<meta property=\"og:url\" content=\"https:\/\/mhcalculos.com.br\/noticias\/cidadania\/asid-esta-com-inscricoes-abertas-para-instituicoes-de-ensino-e-atendimento-a-pessoas-com-deficiencia-receberem-projetos-em-2019.html\" \/>\n<meta property=\"og:site_name\" content=\"Portal de Not\u00edcias\" \/>\n<meta property=\"article:published_time\" content=\"2018-11-03T22:00:27+00:00\" \/>\n<meta property=\"article:modified_time\" content=\"2021-07-28T17:33:53+00:00\" \/>\n<meta property=\"og:image\" content=\"https:\/\/mhcalculos.com.br\/noticias\/wp-content\/uploads\/sites\/2\/2018\/07\/logo@2x.png\" \/>\n\t<meta property=\"og:image:width\" content=\"198\" \/>\n\t<meta property=\"og:image:height\" content=\"44\" \/>\n\t<meta property=\"og:image:type\" content=\"image\/png\" \/>\n<meta name=\"author\" content=\"Equipe MH\" \/>\n<meta name=\"twitter:card\" content=\"summary_large_image\" \/>\n<meta name=\"twitter:label1\" content=\"Escrito por\" \/>\n\t<meta name=\"twitter:data1\" content=\"Equipe MH\" \/>\n\t<meta name=\"twitter:label2\" content=\"Est. tempo de leitura\" \/>\n\t<meta name=\"twitter:data2\" content=\"3 minutos\" \/>\n<script type=\"application\/ld+json\" class=\"yoast-schema-graph\">{\"@context\":\"https:\/\/schema.org\",\"@graph\":[{\"@type\":\"Article\",\"@id\":\"https:\/\/mhcalculos.com.br\/noticias\/cidadania\/asid-esta-com-inscricoes-abertas-para-instituicoes-de-ensino-e-atendimento-a-pessoas-com-deficiencia-receberem-projetos-em-2019.html#article\",\"isPartOf\":{\"@id\":\"https:\/\/mhcalculos.com.br\/noticias\/cidadania\/asid-esta-com-inscricoes-abertas-para-instituicoes-de-ensino-e-atendimento-a-pessoas-com-deficiencia-receberem-projetos-em-2019.html\"},\"author\":{\"name\":\"Equipe MH\",\"@id\":\"https:\/\/mhcalculos.com.br\/noticias\/#\/schema\/person\/88d1c34bf72dc779ea14a5a6b8e0ae8d\"},\"headline\":\"ASID est\u00e1 com inscri\u00e7\u00f5es abertas para institui\u00e7\u00f5es de ensino e atendimento a pessoas com defici\u00eancia receberem projetos em 2019\",\"datePublished\":\"2018-11-03T22:00:27+00:00\",\"dateModified\":\"2021-07-28T17:33:53+00:00\",\"mainEntityOfPage\":{\"@id\":\"https:\/\/mhcalculos.com.br\/noticias\/cidadania\/asid-esta-com-inscricoes-abertas-para-instituicoes-de-ensino-e-atendimento-a-pessoas-com-deficiencia-receberem-projetos-em-2019.html\"},\"wordCount\":559,\"commentCount\":0,\"image\":{\"@id\":\"https:\/\/mhcalculos.com.br\/noticias\/cidadania\/asid-esta-com-inscricoes-abertas-para-instituicoes-de-ensino-e-atendimento-a-pessoas-com-deficiencia-receberem-projetos-em-2019.html#primaryimage\"},\"thumbnailUrl\":\"https:\/\/mhcalculos.com.br\/noticias\/wp-content\/uploads\/sites\/2\/2018\/07\/logo@2x.png\",\"keywords\":[\"asid\",\"cidadania\",\"desenvolvimento institucional\",\"diversidade\",\"impacto social\",\"inclus\u00e3o\",\"voluntariado\",\"volunt\u00e1rio\"],\"articleSection\":[\"Cidadania\"],\"inLanguage\":\"pt-BR\",\"potentialAction\":[{\"@type\":\"CommentAction\",\"name\":\"Comment\",\"target\":[\"https:\/\/mhcalculos.com.br\/noticias\/cidadania\/asid-esta-com-inscricoes-abertas-para-instituicoes-de-ensino-e-atendimento-a-pessoas-com-deficiencia-receberem-projetos-em-2019.html#respond\"]}]},{\"@type\":\"WebPage\",\"@id\":\"https:\/\/mhcalculos.com.br\/noticias\/cidadania\/asid-esta-com-inscricoes-abertas-para-instituicoes-de-ensino-e-atendimento-a-pessoas-com-deficiencia-receberem-projetos-em-2019.html\",\"url\":\"https:\/\/mhcalculos.com.br\/noticias\/cidadania\/asid-esta-com-inscricoes-abertas-para-instituicoes-de-ensino-e-atendimento-a-pessoas-com-deficiencia-receberem-projetos-em-2019.html\",\"name\":\"ASID est\u00e1 com inscri\u00e7\u00f5es abertas para institui\u00e7\u00f5es de ensino e atendimento a pessoas com defici\u00eancia receberem projetos em 2019 | Portal de Not\u00edcias\",\"isPartOf\":{\"@id\":\"https:\/\/mhcalculos.com.br\/noticias\/#website\"},\"primaryImageOfPage\":{\"@id\":\"https:\/\/mhcalculos.com.br\/noticias\/cidadania\/asid-esta-com-inscricoes-abertas-para-instituicoes-de-ensino-e-atendimento-a-pessoas-com-deficiencia-receberem-projetos-em-2019.html#primaryimage\"},\"image\":{\"@id\":\"https:\/\/mhcalculos.com.br\/noticias\/cidadania\/asid-esta-com-inscricoes-abertas-para-instituicoes-de-ensino-e-atendimento-a-pessoas-com-deficiencia-receberem-projetos-em-2019.html#primaryimage\"},\"thumbnailUrl\":\"https:\/\/mhcalculos.com.br\/noticias\/wp-content\/uploads\/sites\/2\/2018\/07\/logo@2x.png\",\"datePublished\":\"2018-11-03T22:00:27+00:00\",\"dateModified\":\"2021-07-28T17:33:53+00:00\",\"author\":{\"@id\":\"https:\/\/mhcalculos.com.br\/noticias\/#\/schema\/person\/88d1c34bf72dc779ea14a5a6b8e0ae8d\"},\"breadcrumb\":{\"@id\":\"https:\/\/mhcalculos.com.br\/noticias\/cidadania\/asid-esta-com-inscricoes-abertas-para-instituicoes-de-ensino-e-atendimento-a-pessoas-com-deficiencia-receberem-projetos-em-2019.html#breadcrumb\"},\"inLanguage\":\"pt-BR\",\"potentialAction\":[{\"@type\":\"ReadAction\",\"target\":[\"https:\/\/mhcalculos.com.br\/noticias\/cidadania\/asid-esta-com-inscricoes-abertas-para-instituicoes-de-ensino-e-atendimento-a-pessoas-com-deficiencia-receberem-projetos-em-2019.html\"]}]},{\"@type\":\"ImageObject\",\"inLanguage\":\"pt-BR\",\"@id\":\"https:\/\/mhcalculos.com.br\/noticias\/cidadania\/asid-esta-com-inscricoes-abertas-para-instituicoes-de-ensino-e-atendimento-a-pessoas-com-deficiencia-receberem-projetos-em-2019.html#primaryimage\",\"url\":\"https:\/\/mhcalculos.com.br\/noticias\/wp-content\/uploads\/sites\/2\/2018\/07\/logo@2x.png\",\"contentUrl\":\"https:\/\/mhcalculos.com.br\/noticias\/wp-content\/uploads\/sites\/2\/2018\/07\/logo@2x.png\",\"width\":198,\"height\":44},{\"@type\":\"BreadcrumbList\",\"@id\":\"https:\/\/mhcalculos.com.br\/noticias\/cidadania\/asid-esta-com-inscricoes-abertas-para-instituicoes-de-ensino-e-atendimento-a-pessoas-com-deficiencia-receberem-projetos-em-2019.html#breadcrumb\",\"itemListElement\":[{\"@type\":\"ListItem\",\"position\":1,\"name\":\"In\u00edcio\",\"item\":\"https:\/\/mhcalculos.com.br\/noticias\/\"},{\"@type\":\"ListItem\",\"position\":2,\"name\":\"ASID est\u00e1 com inscri\u00e7\u00f5es abertas para institui\u00e7\u00f5es de ensino e atendimento a pessoas com defici\u00eancia receberem projetos em 2019\"}]},{\"@type\":\"WebSite\",\"@id\":\"https:\/\/mhcalculos.com.br\/noticias\/#website\",\"url\":\"https:\/\/mhcalculos.com.br\/noticias\/\",\"name\":\"Portal de Not\u00edcias\",\"description\":\"Not\u00edcias e Jurisprud\u00eancia\",\"potentialAction\":[{\"@type\":\"SearchAction\",\"target\":{\"@type\":\"EntryPoint\",\"urlTemplate\":\"https:\/\/mhcalculos.com.br\/noticias\/?s={search_term_string}\"},\"query-input\":{\"@type\":\"PropertyValueSpecification\",\"valueRequired\":true,\"valueName\":\"search_term_string\"}}],\"inLanguage\":\"pt-BR\"},{\"@type\":\"Person\",\"@id\":\"https:\/\/mhcalculos.com.br\/noticias\/#\/schema\/person\/88d1c34bf72dc779ea14a5a6b8e0ae8d\",\"name\":\"Equipe MH\",\"image\":{\"@type\":\"ImageObject\",\"inLanguage\":\"pt-BR\",\"@id\":\"https:\/\/secure.gravatar.com\/avatar\/de1c686c2ecc9c5a3f327e3431d819eb39f8f05d4e1045f5a1caad6daaba987f?s=96&d=mm&r=g\",\"url\":\"https:\/\/secure.gravatar.com\/avatar\/de1c686c2ecc9c5a3f327e3431d819eb39f8f05d4e1045f5a1caad6daaba987f?s=96&d=mm&r=g\",\"contentUrl\":\"https:\/\/secure.gravatar.com\/avatar\/de1c686c2ecc9c5a3f327e3431d819eb39f8f05d4e1045f5a1caad6daaba987f?s=96&d=mm&r=g\",\"caption\":\"Equipe MH\"}}]}<\/script>\n<!-- \/ Yoast SEO plugin. -->","yoast_head_json":{"title":"ASID est\u00e1 com inscri\u00e7\u00f5es abertas para institui\u00e7\u00f5es de ensino e atendimento a pessoas com defici\u00eancia receberem projetos em 2019 | Portal de Not\u00edcias","robots":{"index":"index","follow":"follow","max-snippet":"max-snippet:-1","max-image-preview":"max-image-preview:large","max-video-preview":"max-video-preview:-1"},"canonical":"https:\/\/mhcalculos.com.br\/noticias\/cidadania\/asid-esta-com-inscricoes-abertas-para-instituicoes-de-ensino-e-atendimento-a-pessoas-com-deficiencia-receberem-projetos-em-2019.html","og_locale":"pt_BR","og_type":"article","og_title":"ASID est\u00e1 com inscri\u00e7\u00f5es abertas para institui\u00e7\u00f5es de ensino e atendimento a pessoas com defici\u00eancia receberem projetos em 2019 | Portal de Not\u00edcias","og_description":"Renato Stockler\/Na Lata Inscri\u00e7\u00f5es v\u00e3o at\u00e9 3 de dezembro, a participa\u00e7\u00e3o \u00e9 gratuita A A\u00e7\u00e3o Social para Igualdade das Diferen\u00e7as (ASID Brasil) criou a Rede ASID. As institui\u00e7\u00f5es da rede tem acesso a uma s\u00e9rie de benef\u00edcios e projetos em parceria com grandes empresas (Funda\u00e7\u00e3o Telef\u00f4nica Vivo, Copel, Unimed,\u00a0e muitas outras). Acesse o relat\u00f3rio de [&hellip;]","og_url":"https:\/\/mhcalculos.com.br\/noticias\/cidadania\/asid-esta-com-inscricoes-abertas-para-instituicoes-de-ensino-e-atendimento-a-pessoas-com-deficiencia-receberem-projetos-em-2019.html","og_site_name":"Portal de Not\u00edcias","article_published_time":"2018-11-03T22:00:27+00:00","article_modified_time":"2021-07-28T17:33:53+00:00","og_image":[{"width":198,"height":44,"url":"https:\/\/mhcalculos.com.br\/noticias\/wp-content\/uploads\/sites\/2\/2018\/07\/logo@2x.png","type":"image\/png"}],"author":"Equipe MH","twitter_card":"summary_large_image","twitter_misc":{"Escrito por":"Equipe MH","Est. tempo de leitura":"3 minutos"},"schema":{"@context":"https:\/\/schema.org","@graph":[{"@type":"Article","@id":"https:\/\/mhcalculos.com.br\/noticias\/cidadania\/asid-esta-com-inscricoes-abertas-para-instituicoes-de-ensino-e-atendimento-a-pessoas-com-deficiencia-receberem-projetos-em-2019.html#article","isPartOf":{"@id":"https:\/\/mhcalculos.com.br\/noticias\/cidadania\/asid-esta-com-inscricoes-abertas-para-instituicoes-de-ensino-e-atendimento-a-pessoas-com-deficiencia-receberem-projetos-em-2019.html"},"author":{"name":"Equipe MH","@id":"https:\/\/mhcalculos.com.br\/noticias\/#\/schema\/person\/88d1c34bf72dc779ea14a5a6b8e0ae8d"},"headline":"ASID est\u00e1 com inscri\u00e7\u00f5es abertas para institui\u00e7\u00f5es de ensino e atendimento a pessoas com defici\u00eancia receberem projetos em 2019","datePublished":"2018-11-03T22:00:27+00:00","dateModified":"2021-07-28T17:33:53+00:00","mainEntityOfPage":{"@id":"https:\/\/mhcalculos.com.br\/noticias\/cidadania\/asid-esta-com-inscricoes-abertas-para-instituicoes-de-ensino-e-atendimento-a-pessoas-com-deficiencia-receberem-projetos-em-2019.html"},"wordCount":559,"commentCount":0,"image":{"@id":"https:\/\/mhcalculos.com.br\/noticias\/cidadania\/asid-esta-com-inscricoes-abertas-para-instituicoes-de-ensino-e-atendimento-a-pessoas-com-deficiencia-receberem-projetos-em-2019.html#primaryimage"},"thumbnailUrl":"https:\/\/mhcalculos.com.br\/noticias\/wp-content\/uploads\/sites\/2\/2018\/07\/logo@2x.png","keywords":["asid","cidadania","desenvolvimento institucional","diversidade","impacto social","inclus\u00e3o","voluntariado","volunt\u00e1rio"],"articleSection":["Cidadania"],"inLanguage":"pt-BR","potentialAction":[{"@type":"CommentAction","name":"Comment","target":["https:\/\/mhcalculos.com.br\/noticias\/cidadania\/asid-esta-com-inscricoes-abertas-para-instituicoes-de-ensino-e-atendimento-a-pessoas-com-deficiencia-receberem-projetos-em-2019.html#respond"]}]},{"@type":"WebPage","@id":"https:\/\/mhcalculos.com.br\/noticias\/cidadania\/asid-esta-com-inscricoes-abertas-para-instituicoes-de-ensino-e-atendimento-a-pessoas-com-deficiencia-receberem-projetos-em-2019.html","url":"https:\/\/mhcalculos.com.br\/noticias\/cidadania\/asid-esta-com-inscricoes-abertas-para-instituicoes-de-ensino-e-atendimento-a-pessoas-com-deficiencia-receberem-projetos-em-2019.html","name":"ASID est\u00e1 com inscri\u00e7\u00f5es abertas para institui\u00e7\u00f5es de ensino e atendimento a pessoas com defici\u00eancia receberem projetos em 2019 | Portal de Not\u00edcias","isPartOf":{"@id":"https:\/\/mhcalculos.com.br\/noticias\/#website"},"primaryImageOfPage":{"@id":"https:\/\/mhcalculos.com.br\/noticias\/cidadania\/asid-esta-com-inscricoes-abertas-para-instituicoes-de-ensino-e-atendimento-a-pessoas-com-deficiencia-receberem-projetos-em-2019.html#primaryimage"},"image":{"@id":"https:\/\/mhcalculos.com.br\/noticias\/cidadania\/asid-esta-com-inscricoes-abertas-para-instituicoes-de-ensino-e-atendimento-a-pessoas-com-deficiencia-receberem-projetos-em-2019.html#primaryimage"},"thumbnailUrl":"https:\/\/mhcalculos.com.br\/noticias\/wp-content\/uploads\/sites\/2\/2018\/07\/logo@2x.png","datePublished":"2018-11-03T22:00:27+00:00","dateModified":"2021-07-28T17:33:53+00:00","author":{"@id":"https:\/\/mhcalculos.com.br\/noticias\/#\/schema\/person\/88d1c34bf72dc779ea14a5a6b8e0ae8d"},"breadcrumb":{"@id":"https:\/\/mhcalculos.com.br\/noticias\/cidadania\/asid-esta-com-inscricoes-abertas-para-instituicoes-de-ensino-e-atendimento-a-pessoas-com-deficiencia-receberem-projetos-em-2019.html#breadcrumb"},"inLanguage":"pt-BR","potentialAction":[{"@type":"ReadAction","target":["https:\/\/mhcalculos.com.br\/noticias\/cidadania\/asid-esta-com-inscricoes-abertas-para-instituicoes-de-ensino-e-atendimento-a-pessoas-com-deficiencia-receberem-projetos-em-2019.html"]}]},{"@type":"ImageObject","inLanguage":"pt-BR","@id":"https:\/\/mhcalculos.com.br\/noticias\/cidadania\/asid-esta-com-inscricoes-abertas-para-instituicoes-de-ensino-e-atendimento-a-pessoas-com-deficiencia-receberem-projetos-em-2019.html#primaryimage","url":"https:\/\/mhcalculos.com.br\/noticias\/wp-content\/uploads\/sites\/2\/2018\/07\/logo@2x.png","contentUrl":"https:\/\/mhcalculos.com.br\/noticias\/wp-content\/uploads\/sites\/2\/2018\/07\/logo@2x.png","width":198,"height":44},{"@type":"BreadcrumbList","@id":"https:\/\/mhcalculos.com.br\/noticias\/cidadania\/asid-esta-com-inscricoes-abertas-para-instituicoes-de-ensino-e-atendimento-a-pessoas-com-deficiencia-receberem-projetos-em-2019.html#breadcrumb","itemListElement":[{"@type":"ListItem","position":1,"name":"In\u00edcio","item":"https:\/\/mhcalculos.com.br\/noticias\/"},{"@type":"ListItem","position":2,"name":"ASID est\u00e1 com inscri\u00e7\u00f5es abertas para institui\u00e7\u00f5es de ensino e atendimento a pessoas com defici\u00eancia receberem projetos em 2019"}]},{"@type":"WebSite","@id":"https:\/\/mhcalculos.com.br\/noticias\/#website","url":"https:\/\/mhcalculos.com.br\/noticias\/","name":"Portal de Not\u00edcias","description":"Not\u00edcias e Jurisprud\u00eancia","potentialAction":[{"@type":"SearchAction","target":{"@type":"EntryPoint","urlTemplate":"https:\/\/mhcalculos.com.br\/noticias\/?s={search_term_string}"},"query-input":{"@type":"PropertyValueSpecification","valueRequired":true,"valueName":"search_term_string"}}],"inLanguage":"pt-BR"},{"@type":"Person","@id":"https:\/\/mhcalculos.com.br\/noticias\/#\/schema\/person\/88d1c34bf72dc779ea14a5a6b8e0ae8d","name":"Equipe MH","image":{"@type":"ImageObject","inLanguage":"pt-BR","@id":"https:\/\/secure.gravatar.com\/avatar\/de1c686c2ecc9c5a3f327e3431d819eb39f8f05d4e1045f5a1caad6daaba987f?s=96&d=mm&r=g","url":"https:\/\/secure.gravatar.com\/avatar\/de1c686c2ecc9c5a3f327e3431d819eb39f8f05d4e1045f5a1caad6daaba987f?s=96&d=mm&r=g","contentUrl":"https:\/\/secure.gravatar.com\/avatar\/de1c686c2ecc9c5a3f327e3431d819eb39f8f05d4e1045f5a1caad6daaba987f?s=96&d=mm&r=g","caption":"Equipe MH"}}]}},"_links":{"self":[{"href":"https:\/\/mhcalculos.com.br\/noticias\/wp-json\/wp\/v2\/posts\/3346","targetHints":{"allow":["GET"]}}],"collection":[{"href":"https:\/\/mhcalculos.com.br\/noticias\/wp-json\/wp\/v2\/posts"}],"about":[{"href":"https:\/\/mhcalculos.com.br\/noticias\/wp-json\/wp\/v2\/types\/post"}],"author":[{"embeddable":true,"href":"https:\/\/mhcalculos.com.br\/noticias\/wp-json\/wp\/v2\/users\/3063"}],"replies":[{"embeddable":true,"href":"https:\/\/mhcalculos.com.br\/noticias\/wp-json\/wp\/v2\/comments?post=3346"}],"version-history":[{"count":1,"href":"https:\/\/mhcalculos.com.br\/noticias\/wp-json\/wp\/v2\/posts\/3346\/revisions"}],"predecessor-version":[{"id":10168,"href":"https:\/\/mhcalculos.com.br\/noticias\/wp-json\/wp\/v2\/posts\/3346\/revisions\/10168"}],"wp:featuredmedia":[{"embeddable":true,"href":"https:\/\/mhcalculos.com.br\/noticias\/wp-json\/wp\/v2\/media\/2458"}],"wp:attachment":[{"href":"https:\/\/mhcalculos.com.br\/noticias\/wp-json\/wp\/v2\/media?parent=3346"}],"wp:term":[{"taxonomy":"category","embeddable":true,"href":"https:\/\/mhcalculos.com.br\/noticias\/wp-json\/wp\/v2\/categories?post=3346"},{"taxonomy":"post_tag","embeddable":true,"href":"https:\/\/mhcalculos.com.br\/noticias\/wp-json\/wp\/v2\/tags?post=3346"}],"curies":[{"name":"wp","href":"https:\/\/api.w.org\/{rel}","templated":true}]}}