{"id":3345,"date":"2018-11-02T23:00:17","date_gmt":"2018-11-03T02:00:17","guid":{"rendered":"https:\/\/mhcalculos.com.br\/noticias\/2018\/11\/02\/stf-ministros-do-stf-participam-de-homenagem-aos-80-anos-do-jornalista-luiz-orlando-carneiro\/"},"modified":"2021-07-28T14:33:53","modified_gmt":"2021-07-28T17:33:53","slug":"stf-ministros-do-stf-participam-de-homenagem-aos-80-anos-do-jornalista-luiz-orlando-carneiro","status":"publish","type":"post","link":"https:\/\/mhcalculos.com.br\/noticias\/area\/previdenciario\/stf-ministros-do-stf-participam-de-homenagem-aos-80-anos-do-jornalista-luiz-orlando-carneiro.html","title":{"rendered":"STF: Ministros do STF participam de homenagem aos 80 anos do jornalista Luiz Orlando Carneiro"},"content":{"rendered":"<p><br \/>\n<\/p>\n<p><img decoding=\"async\" style=\"--smush-placeholder-width: 320px; --smush-placeholder-aspect-ratio: 320\/238;float: left;margin-right: 5px\" width=\"320\" height=\"238\" alt=\"\" data-src=\"http:\/\/www.stf.jus.br\/arquivo\/cms\/bancoImagemSco\/bancoImagemSco_AP_394304.jpg\" src=\"data:image\/svg+xml;base64,PHN2ZyB3aWR0aD0iMSIgaGVpZ2h0PSIxIiB4bWxucz0iaHR0cDovL3d3dy53My5vcmcvMjAwMC9zdmciPjwvc3ZnPg==\" class=\"lazyload\" \/>O ministro Dias Toffoli, presidente do Supremo Tribunal Federal (STF), e os ministros Ricardo Lewandowski, Lu\u00eds Roberto Barroso e Gilmar Mendes estiveram no Comit\u00ea de Imprensa da Corte na tarde desta ter\u00e7a-feira (30) para comemorar os 80 anos do jornalista Luiz Orlando Carneiro, profissional que h\u00e1 25 anos faz a cobertura di\u00e1ria dos trabalhos do Supremo. Sempre bem humorado, ao agradecer o cumprimento dos ministros e dos colegas, o decano do Comit\u00ea disse que a data marca o momento em que ele deixa de ser idoso para se tornar um octogen\u00e1rio.<\/p>\n<p>O ministro Toffoli disse que acompanha os trabalhos da imprensa do Supremo desde 1995, quando veio para Bras\u00edlia. Durante todo esse tempo, Luiz Orlando sempre transmitiu uma tranquilidade que se espraia para todos. \u00c9 um profissional calmo, &ldquo;absolutamente lhano no tratamento&rdquo;, um verdadeiro exemplo para todos, sem perder a profundidade, a qualidade de seu trabalho. E a prova disso \u00e9 o carinho e o respeito que o decano dos jornalistas tem de todos os colegas, dos ministros, dos servidores, advogados e membros do MP, salientou o presidente do STF.<\/p>\n<p><img decoding=\"async\" style=\"--smush-placeholder-width: 200px; --smush-placeholder-aspect-ratio: 200\/149;float: right;margin-left: 5px\" width=\"200\" height=\"149\" alt=\"\" data-src=\"http:\/\/www.stf.jus.br\/arquivo\/cms\/bancoImagemSco\/bancoImagemSco_AP_394303.jpg\" src=\"data:image\/svg+xml;base64,PHN2ZyB3aWR0aD0iMSIgaGVpZ2h0PSIxIiB4bWxucz0iaHR0cDovL3d3dy53My5vcmcvMjAwMC9zdmciPjwvc3ZnPg==\" class=\"lazyload\" \/>Ao agradecer a homenagem organizada pelos seus colegas de trabalho no Comit\u00ea, Luiz Orlando frisou que a companhia di\u00e1ria dos jornalistas, todos mais jovens, o faz sentir, tamb\u00e9m, cada dia mais jovem. Ele revelou que n\u00e3o \u00e9 muito comum um jornalista chegar aos 80 anos trabalhando, mas disse que tem sa\u00fade e ama o que faz. O jornalista disse que a aposentadoria n\u00e3o est\u00e1 nos seus planos.<\/p>\n<p>Formado em Direito, Luiz Orlando come\u00e7ou a estagiar no Jornal do Brasil em 1959. Em 1964 assumiu a subchefia de reportagem do jornal. Em 1969, sob a dire\u00e7\u00e3o de Alberto Dines, virou editor de not\u00edcias (cargo equivalente hoje a editor executivo), cargo que exerceu at\u00e9 1974. Nesse ano, sob o comando de Walter Fontoura, assumiu a chefia de reda\u00e7\u00e3o, onde permaneceu at\u00e9 1979. Nessa \u00e9poca, a convite do diretor e propriet\u00e1rio do JB, Manuel Francisco do Nascimento Brito, assumiu o desafio de chefiar e ampliar a sucursal do jornal em Bras\u00edlia, no cargo de diretor regional. Ficou no cargo at\u00e9 1992, passando, na sequ\u00eancia, a fazer a cobertura dos Tribunais Superiores.<\/p>\n<p>Ap\u00f3s deixar o Jornal do Brasil, Luiz Orlando foi convidado a trabalhar no site especializado Jota, onde al\u00e9m continuar a cobertura do Supremo, mant\u00e9m uma coluna sobre jazz, uma de suas declaradas paix\u00f5es.<\/p>\n<p><span style=\"font-size: smaller\">MB\/EH<\/span><br \/>\n&nbsp;<\/p>\n<p><i>Com informa\u00e7\u00f5es da assessoria de imprensa do STF.<\/i><br \/>\n<br \/><br \/>\n<br \/><a href=\"http:\/\/www.stf.jus.br\/portal\/cms\/verNoticiaDetalhe.asp?idConteudo=394310\">Fonte<\/a><\/p>\n","protected":false},"excerpt":{"rendered":"<p>O ministro Dias Toffoli, presidente do Supremo Tribunal Federal (STF), e os ministros Ricardo Lewandowski, Lu\u00eds Roberto Barroso e Gilmar Mendes estiveram no Comit\u00ea de Imprensa da Corte na tarde desta ter\u00e7a-feira (30) para comemorar os 80 anos do jornalista Luiz Orlando Carneiro, profissional que h\u00e1 25 anos faz a cobertura di\u00e1ria dos trabalhos do [&hellip;]<\/p>\n","protected":false},"author":3063,"featured_media":2104,"comment_status":"open","ping_status":"open","sticky":false,"template":"","format":"standard","meta":{"footnotes":""},"categories":[5,15],"tags":[11,10,8,13,9,12,16],"class_list":{"0":"post-3345","1":"post","2":"type-post","3":"status-publish","4":"format-standard","5":"has-post-thumbnail","7":"category-previdenciario","8":"category-stf","9":"tag-aposentadoria","10":"tag-calculos-previdenciarios","11":"tag-direito-previdenciario","12":"tag-inss","13":"tag-pericia","14":"tag-perito","15":"tag-stf"},"yoast_head":"<!-- This site is optimized with the Yoast SEO plugin v27.2 - https:\/\/yoast.com\/product\/yoast-seo-wordpress\/ -->\n<title>STF: Ministros do STF participam de homenagem aos 80 anos do jornalista Luiz Orlando Carneiro | Portal de Not\u00edcias<\/title>\n<meta name=\"robots\" content=\"index, follow, max-snippet:-1, max-image-preview:large, max-video-preview:-1\" \/>\n<link rel=\"canonical\" href=\"https:\/\/mhcalculos.com.br\/noticias\/area\/previdenciario\/stf-ministros-do-stf-participam-de-homenagem-aos-80-anos-do-jornalista-luiz-orlando-carneiro.html\" \/>\n<meta property=\"og:locale\" content=\"pt_BR\" \/>\n<meta property=\"og:type\" content=\"article\" \/>\n<meta property=\"og:title\" content=\"STF: Ministros do STF participam de homenagem aos 80 anos do jornalista Luiz Orlando Carneiro | Portal de Not\u00edcias\" \/>\n<meta property=\"og:description\" content=\"O ministro Dias Toffoli, presidente do Supremo Tribunal Federal (STF), e os ministros Ricardo Lewandowski, Lu\u00eds Roberto Barroso e Gilmar Mendes estiveram no Comit\u00ea de Imprensa da Corte na tarde desta ter\u00e7a-feira (30) para comemorar os 80 anos do jornalista Luiz Orlando Carneiro, profissional que h\u00e1 25 anos faz a cobertura di\u00e1ria dos trabalhos do [&hellip;]\" \/>\n<meta property=\"og:url\" content=\"https:\/\/mhcalculos.com.br\/noticias\/area\/previdenciario\/stf-ministros-do-stf-participam-de-homenagem-aos-80-anos-do-jornalista-luiz-orlando-carneiro.html\" \/>\n<meta property=\"og:site_name\" content=\"Portal de Not\u00edcias\" \/>\n<meta property=\"article:published_time\" content=\"2018-11-03T02:00:17+00:00\" \/>\n<meta property=\"article:modified_time\" content=\"2021-07-28T17:33:53+00:00\" \/>\n<meta property=\"og:image\" content=\"https:\/\/mhcalculos.com.br\/noticias\/wp-content\/uploads\/sites\/2\/2018\/06\/judiciario-0008.jpg\" \/>\n\t<meta property=\"og:image:width\" content=\"2000\" \/>\n\t<meta property=\"og:image:height\" content=\"800\" \/>\n\t<meta property=\"og:image:type\" content=\"image\/jpeg\" \/>\n<meta name=\"author\" content=\"Equipe MH\" \/>\n<meta name=\"twitter:card\" content=\"summary_large_image\" \/>\n<meta name=\"twitter:label1\" content=\"Escrito por\" \/>\n\t<meta name=\"twitter:data1\" content=\"Equipe MH\" \/>\n\t<meta name=\"twitter:label2\" content=\"Est. tempo de leitura\" \/>\n\t<meta name=\"twitter:data2\" content=\"2 minutos\" \/>\n<script type=\"application\/ld+json\" class=\"yoast-schema-graph\">{\"@context\":\"https:\/\/schema.org\",\"@graph\":[{\"@type\":\"Article\",\"@id\":\"https:\/\/mhcalculos.com.br\/noticias\/area\/previdenciario\/stf-ministros-do-stf-participam-de-homenagem-aos-80-anos-do-jornalista-luiz-orlando-carneiro.html#article\",\"isPartOf\":{\"@id\":\"https:\/\/mhcalculos.com.br\/noticias\/area\/previdenciario\/stf-ministros-do-stf-participam-de-homenagem-aos-80-anos-do-jornalista-luiz-orlando-carneiro.html\"},\"author\":{\"name\":\"Equipe MH\",\"@id\":\"https:\/\/mhcalculos.com.br\/noticias\/#\/schema\/person\/88d1c34bf72dc779ea14a5a6b8e0ae8d\"},\"headline\":\"STF: Ministros do STF participam de homenagem aos 80 anos do jornalista Luiz Orlando Carneiro\",\"datePublished\":\"2018-11-03T02:00:17+00:00\",\"dateModified\":\"2021-07-28T17:33:53+00:00\",\"mainEntityOfPage\":{\"@id\":\"https:\/\/mhcalculos.com.br\/noticias\/area\/previdenciario\/stf-ministros-do-stf-participam-de-homenagem-aos-80-anos-do-jornalista-luiz-orlando-carneiro.html\"},\"wordCount\":429,\"commentCount\":0,\"image\":{\"@id\":\"https:\/\/mhcalculos.com.br\/noticias\/area\/previdenciario\/stf-ministros-do-stf-participam-de-homenagem-aos-80-anos-do-jornalista-luiz-orlando-carneiro.html#primaryimage\"},\"thumbnailUrl\":\"https:\/\/mhcalculos.com.br\/noticias\/wp-content\/uploads\/sites\/2\/2018\/06\/judiciario-0008.jpg\",\"keywords\":[\"aposentadoria\",\"c\u00e1lculos previdenci\u00e1rios\",\"direito previdenci\u00e1rio\",\"inss\",\"per\u00edcia\",\"perito\",\"stf\"],\"articleSection\":[\"Direito Previdenci\u00e1rio\",\"STF\"],\"inLanguage\":\"pt-BR\",\"potentialAction\":[{\"@type\":\"CommentAction\",\"name\":\"Comment\",\"target\":[\"https:\/\/mhcalculos.com.br\/noticias\/area\/previdenciario\/stf-ministros-do-stf-participam-de-homenagem-aos-80-anos-do-jornalista-luiz-orlando-carneiro.html#respond\"]}]},{\"@type\":\"WebPage\",\"@id\":\"https:\/\/mhcalculos.com.br\/noticias\/area\/previdenciario\/stf-ministros-do-stf-participam-de-homenagem-aos-80-anos-do-jornalista-luiz-orlando-carneiro.html\",\"url\":\"https:\/\/mhcalculos.com.br\/noticias\/area\/previdenciario\/stf-ministros-do-stf-participam-de-homenagem-aos-80-anos-do-jornalista-luiz-orlando-carneiro.html\",\"name\":\"STF: Ministros do STF participam de homenagem aos 80 anos do jornalista Luiz Orlando Carneiro | Portal de Not\u00edcias\",\"isPartOf\":{\"@id\":\"https:\/\/mhcalculos.com.br\/noticias\/#website\"},\"primaryImageOfPage\":{\"@id\":\"https:\/\/mhcalculos.com.br\/noticias\/area\/previdenciario\/stf-ministros-do-stf-participam-de-homenagem-aos-80-anos-do-jornalista-luiz-orlando-carneiro.html#primaryimage\"},\"image\":{\"@id\":\"https:\/\/mhcalculos.com.br\/noticias\/area\/previdenciario\/stf-ministros-do-stf-participam-de-homenagem-aos-80-anos-do-jornalista-luiz-orlando-carneiro.html#primaryimage\"},\"thumbnailUrl\":\"https:\/\/mhcalculos.com.br\/noticias\/wp-content\/uploads\/sites\/2\/2018\/06\/judiciario-0008.jpg\",\"datePublished\":\"2018-11-03T02:00:17+00:00\",\"dateModified\":\"2021-07-28T17:33:53+00:00\",\"author\":{\"@id\":\"https:\/\/mhcalculos.com.br\/noticias\/#\/schema\/person\/88d1c34bf72dc779ea14a5a6b8e0ae8d\"},\"breadcrumb\":{\"@id\":\"https:\/\/mhcalculos.com.br\/noticias\/area\/previdenciario\/stf-ministros-do-stf-participam-de-homenagem-aos-80-anos-do-jornalista-luiz-orlando-carneiro.html#breadcrumb\"},\"inLanguage\":\"pt-BR\",\"potentialAction\":[{\"@type\":\"ReadAction\",\"target\":[\"https:\/\/mhcalculos.com.br\/noticias\/area\/previdenciario\/stf-ministros-do-stf-participam-de-homenagem-aos-80-anos-do-jornalista-luiz-orlando-carneiro.html\"]}]},{\"@type\":\"ImageObject\",\"inLanguage\":\"pt-BR\",\"@id\":\"https:\/\/mhcalculos.com.br\/noticias\/area\/previdenciario\/stf-ministros-do-stf-participam-de-homenagem-aos-80-anos-do-jornalista-luiz-orlando-carneiro.html#primaryimage\",\"url\":\"https:\/\/mhcalculos.com.br\/noticias\/wp-content\/uploads\/sites\/2\/2018\/06\/judiciario-0008.jpg\",\"contentUrl\":\"https:\/\/mhcalculos.com.br\/noticias\/wp-content\/uploads\/sites\/2\/2018\/06\/judiciario-0008.jpg\",\"width\":2000,\"height\":800},{\"@type\":\"BreadcrumbList\",\"@id\":\"https:\/\/mhcalculos.com.br\/noticias\/area\/previdenciario\/stf-ministros-do-stf-participam-de-homenagem-aos-80-anos-do-jornalista-luiz-orlando-carneiro.html#breadcrumb\",\"itemListElement\":[{\"@type\":\"ListItem\",\"position\":1,\"name\":\"In\u00edcio\",\"item\":\"https:\/\/mhcalculos.com.br\/noticias\/\"},{\"@type\":\"ListItem\",\"position\":2,\"name\":\"STF: Ministros do STF participam de homenagem aos 80 anos do jornalista Luiz Orlando Carneiro\"}]},{\"@type\":\"WebSite\",\"@id\":\"https:\/\/mhcalculos.com.br\/noticias\/#website\",\"url\":\"https:\/\/mhcalculos.com.br\/noticias\/\",\"name\":\"Portal de Not\u00edcias\",\"description\":\"Not\u00edcias e Jurisprud\u00eancia\",\"potentialAction\":[{\"@type\":\"SearchAction\",\"target\":{\"@type\":\"EntryPoint\",\"urlTemplate\":\"https:\/\/mhcalculos.com.br\/noticias\/?s={search_term_string}\"},\"query-input\":{\"@type\":\"PropertyValueSpecification\",\"valueRequired\":true,\"valueName\":\"search_term_string\"}}],\"inLanguage\":\"pt-BR\"},{\"@type\":\"Person\",\"@id\":\"https:\/\/mhcalculos.com.br\/noticias\/#\/schema\/person\/88d1c34bf72dc779ea14a5a6b8e0ae8d\",\"name\":\"Equipe MH\",\"image\":{\"@type\":\"ImageObject\",\"inLanguage\":\"pt-BR\",\"@id\":\"https:\/\/secure.gravatar.com\/avatar\/de1c686c2ecc9c5a3f327e3431d819eb39f8f05d4e1045f5a1caad6daaba987f?s=96&d=mm&r=g\",\"url\":\"https:\/\/secure.gravatar.com\/avatar\/de1c686c2ecc9c5a3f327e3431d819eb39f8f05d4e1045f5a1caad6daaba987f?s=96&d=mm&r=g\",\"contentUrl\":\"https:\/\/secure.gravatar.com\/avatar\/de1c686c2ecc9c5a3f327e3431d819eb39f8f05d4e1045f5a1caad6daaba987f?s=96&d=mm&r=g\",\"caption\":\"Equipe MH\"}}]}<\/script>\n<!-- \/ Yoast SEO plugin. -->","yoast_head_json":{"title":"STF: Ministros do STF participam de homenagem aos 80 anos do jornalista Luiz Orlando Carneiro | Portal de Not\u00edcias","robots":{"index":"index","follow":"follow","max-snippet":"max-snippet:-1","max-image-preview":"max-image-preview:large","max-video-preview":"max-video-preview:-1"},"canonical":"https:\/\/mhcalculos.com.br\/noticias\/area\/previdenciario\/stf-ministros-do-stf-participam-de-homenagem-aos-80-anos-do-jornalista-luiz-orlando-carneiro.html","og_locale":"pt_BR","og_type":"article","og_title":"STF: Ministros do STF participam de homenagem aos 80 anos do jornalista Luiz Orlando Carneiro | Portal de Not\u00edcias","og_description":"O ministro Dias Toffoli, presidente do Supremo Tribunal Federal (STF), e os ministros Ricardo Lewandowski, Lu\u00eds Roberto Barroso e Gilmar Mendes estiveram no Comit\u00ea de Imprensa da Corte na tarde desta ter\u00e7a-feira (30) para comemorar os 80 anos do jornalista Luiz Orlando Carneiro, profissional que h\u00e1 25 anos faz a cobertura di\u00e1ria dos trabalhos do [&hellip;]","og_url":"https:\/\/mhcalculos.com.br\/noticias\/area\/previdenciario\/stf-ministros-do-stf-participam-de-homenagem-aos-80-anos-do-jornalista-luiz-orlando-carneiro.html","og_site_name":"Portal de Not\u00edcias","article_published_time":"2018-11-03T02:00:17+00:00","article_modified_time":"2021-07-28T17:33:53+00:00","og_image":[{"width":2000,"height":800,"url":"https:\/\/mhcalculos.com.br\/noticias\/wp-content\/uploads\/sites\/2\/2018\/06\/judiciario-0008.jpg","type":"image\/jpeg"}],"author":"Equipe MH","twitter_card":"summary_large_image","twitter_misc":{"Escrito por":"Equipe MH","Est. tempo de leitura":"2 minutos"},"schema":{"@context":"https:\/\/schema.org","@graph":[{"@type":"Article","@id":"https:\/\/mhcalculos.com.br\/noticias\/area\/previdenciario\/stf-ministros-do-stf-participam-de-homenagem-aos-80-anos-do-jornalista-luiz-orlando-carneiro.html#article","isPartOf":{"@id":"https:\/\/mhcalculos.com.br\/noticias\/area\/previdenciario\/stf-ministros-do-stf-participam-de-homenagem-aos-80-anos-do-jornalista-luiz-orlando-carneiro.html"},"author":{"name":"Equipe MH","@id":"https:\/\/mhcalculos.com.br\/noticias\/#\/schema\/person\/88d1c34bf72dc779ea14a5a6b8e0ae8d"},"headline":"STF: Ministros do STF participam de homenagem aos 80 anos do jornalista Luiz Orlando Carneiro","datePublished":"2018-11-03T02:00:17+00:00","dateModified":"2021-07-28T17:33:53+00:00","mainEntityOfPage":{"@id":"https:\/\/mhcalculos.com.br\/noticias\/area\/previdenciario\/stf-ministros-do-stf-participam-de-homenagem-aos-80-anos-do-jornalista-luiz-orlando-carneiro.html"},"wordCount":429,"commentCount":0,"image":{"@id":"https:\/\/mhcalculos.com.br\/noticias\/area\/previdenciario\/stf-ministros-do-stf-participam-de-homenagem-aos-80-anos-do-jornalista-luiz-orlando-carneiro.html#primaryimage"},"thumbnailUrl":"https:\/\/mhcalculos.com.br\/noticias\/wp-content\/uploads\/sites\/2\/2018\/06\/judiciario-0008.jpg","keywords":["aposentadoria","c\u00e1lculos previdenci\u00e1rios","direito previdenci\u00e1rio","inss","per\u00edcia","perito","stf"],"articleSection":["Direito Previdenci\u00e1rio","STF"],"inLanguage":"pt-BR","potentialAction":[{"@type":"CommentAction","name":"Comment","target":["https:\/\/mhcalculos.com.br\/noticias\/area\/previdenciario\/stf-ministros-do-stf-participam-de-homenagem-aos-80-anos-do-jornalista-luiz-orlando-carneiro.html#respond"]}]},{"@type":"WebPage","@id":"https:\/\/mhcalculos.com.br\/noticias\/area\/previdenciario\/stf-ministros-do-stf-participam-de-homenagem-aos-80-anos-do-jornalista-luiz-orlando-carneiro.html","url":"https:\/\/mhcalculos.com.br\/noticias\/area\/previdenciario\/stf-ministros-do-stf-participam-de-homenagem-aos-80-anos-do-jornalista-luiz-orlando-carneiro.html","name":"STF: Ministros do STF participam de homenagem aos 80 anos do jornalista Luiz Orlando Carneiro | Portal de Not\u00edcias","isPartOf":{"@id":"https:\/\/mhcalculos.com.br\/noticias\/#website"},"primaryImageOfPage":{"@id":"https:\/\/mhcalculos.com.br\/noticias\/area\/previdenciario\/stf-ministros-do-stf-participam-de-homenagem-aos-80-anos-do-jornalista-luiz-orlando-carneiro.html#primaryimage"},"image":{"@id":"https:\/\/mhcalculos.com.br\/noticias\/area\/previdenciario\/stf-ministros-do-stf-participam-de-homenagem-aos-80-anos-do-jornalista-luiz-orlando-carneiro.html#primaryimage"},"thumbnailUrl":"https:\/\/mhcalculos.com.br\/noticias\/wp-content\/uploads\/sites\/2\/2018\/06\/judiciario-0008.jpg","datePublished":"2018-11-03T02:00:17+00:00","dateModified":"2021-07-28T17:33:53+00:00","author":{"@id":"https:\/\/mhcalculos.com.br\/noticias\/#\/schema\/person\/88d1c34bf72dc779ea14a5a6b8e0ae8d"},"breadcrumb":{"@id":"https:\/\/mhcalculos.com.br\/noticias\/area\/previdenciario\/stf-ministros-do-stf-participam-de-homenagem-aos-80-anos-do-jornalista-luiz-orlando-carneiro.html#breadcrumb"},"inLanguage":"pt-BR","potentialAction":[{"@type":"ReadAction","target":["https:\/\/mhcalculos.com.br\/noticias\/area\/previdenciario\/stf-ministros-do-stf-participam-de-homenagem-aos-80-anos-do-jornalista-luiz-orlando-carneiro.html"]}]},{"@type":"ImageObject","inLanguage":"pt-BR","@id":"https:\/\/mhcalculos.com.br\/noticias\/area\/previdenciario\/stf-ministros-do-stf-participam-de-homenagem-aos-80-anos-do-jornalista-luiz-orlando-carneiro.html#primaryimage","url":"https:\/\/mhcalculos.com.br\/noticias\/wp-content\/uploads\/sites\/2\/2018\/06\/judiciario-0008.jpg","contentUrl":"https:\/\/mhcalculos.com.br\/noticias\/wp-content\/uploads\/sites\/2\/2018\/06\/judiciario-0008.jpg","width":2000,"height":800},{"@type":"BreadcrumbList","@id":"https:\/\/mhcalculos.com.br\/noticias\/area\/previdenciario\/stf-ministros-do-stf-participam-de-homenagem-aos-80-anos-do-jornalista-luiz-orlando-carneiro.html#breadcrumb","itemListElement":[{"@type":"ListItem","position":1,"name":"In\u00edcio","item":"https:\/\/mhcalculos.com.br\/noticias\/"},{"@type":"ListItem","position":2,"name":"STF: Ministros do STF participam de homenagem aos 80 anos do jornalista Luiz Orlando Carneiro"}]},{"@type":"WebSite","@id":"https:\/\/mhcalculos.com.br\/noticias\/#website","url":"https:\/\/mhcalculos.com.br\/noticias\/","name":"Portal de Not\u00edcias","description":"Not\u00edcias e Jurisprud\u00eancia","potentialAction":[{"@type":"SearchAction","target":{"@type":"EntryPoint","urlTemplate":"https:\/\/mhcalculos.com.br\/noticias\/?s={search_term_string}"},"query-input":{"@type":"PropertyValueSpecification","valueRequired":true,"valueName":"search_term_string"}}],"inLanguage":"pt-BR"},{"@type":"Person","@id":"https:\/\/mhcalculos.com.br\/noticias\/#\/schema\/person\/88d1c34bf72dc779ea14a5a6b8e0ae8d","name":"Equipe MH","image":{"@type":"ImageObject","inLanguage":"pt-BR","@id":"https:\/\/secure.gravatar.com\/avatar\/de1c686c2ecc9c5a3f327e3431d819eb39f8f05d4e1045f5a1caad6daaba987f?s=96&d=mm&r=g","url":"https:\/\/secure.gravatar.com\/avatar\/de1c686c2ecc9c5a3f327e3431d819eb39f8f05d4e1045f5a1caad6daaba987f?s=96&d=mm&r=g","contentUrl":"https:\/\/secure.gravatar.com\/avatar\/de1c686c2ecc9c5a3f327e3431d819eb39f8f05d4e1045f5a1caad6daaba987f?s=96&d=mm&r=g","caption":"Equipe MH"}}]}},"_links":{"self":[{"href":"https:\/\/mhcalculos.com.br\/noticias\/wp-json\/wp\/v2\/posts\/3345","targetHints":{"allow":["GET"]}}],"collection":[{"href":"https:\/\/mhcalculos.com.br\/noticias\/wp-json\/wp\/v2\/posts"}],"about":[{"href":"https:\/\/mhcalculos.com.br\/noticias\/wp-json\/wp\/v2\/types\/post"}],"author":[{"embeddable":true,"href":"https:\/\/mhcalculos.com.br\/noticias\/wp-json\/wp\/v2\/users\/3063"}],"replies":[{"embeddable":true,"href":"https:\/\/mhcalculos.com.br\/noticias\/wp-json\/wp\/v2\/comments?post=3345"}],"version-history":[{"count":1,"href":"https:\/\/mhcalculos.com.br\/noticias\/wp-json\/wp\/v2\/posts\/3345\/revisions"}],"predecessor-version":[{"id":10169,"href":"https:\/\/mhcalculos.com.br\/noticias\/wp-json\/wp\/v2\/posts\/3345\/revisions\/10169"}],"wp:featuredmedia":[{"embeddable":true,"href":"https:\/\/mhcalculos.com.br\/noticias\/wp-json\/wp\/v2\/media\/2104"}],"wp:attachment":[{"href":"https:\/\/mhcalculos.com.br\/noticias\/wp-json\/wp\/v2\/media?parent=3345"}],"wp:term":[{"taxonomy":"category","embeddable":true,"href":"https:\/\/mhcalculos.com.br\/noticias\/wp-json\/wp\/v2\/categories?post=3345"},{"taxonomy":"post_tag","embeddable":true,"href":"https:\/\/mhcalculos.com.br\/noticias\/wp-json\/wp\/v2\/tags?post=3345"}],"curies":[{"name":"wp","href":"https:\/\/api.w.org\/{rel}","templated":true}]}}