{"id":3322,"date":"2018-10-27T16:00:31","date_gmt":"2018-10-27T19:00:31","guid":{"rendered":"https:\/\/mhcalculos.com.br\/noticias\/2018\/10\/27\/stj-poder-geral-de-cautela-autoriza-penhora-em-autos-de-execucao-trabalhista\/"},"modified":"2021-07-28T14:33:55","modified_gmt":"2021-07-28T17:33:55","slug":"stj-poder-geral-de-cautela-autoriza-penhora-em-autos-de-execucao-trabalhista","status":"publish","type":"post","link":"https:\/\/mhcalculos.com.br\/noticias\/area\/previdenciario\/stj-poder-geral-de-cautela-autoriza-penhora-em-autos-de-execucao-trabalhista.html","title":{"rendered":"STJ: Poder geral de cautela autoriza penhora em autos de execu\u00e7\u00e3o trabalhista"},"content":{"rendered":"<p><br \/>\n<\/p>\n<p>A Terceira Turma do Superior Tribunal de Justi&ccedil;a (STJ) considerou v&aacute;lida a penhora decidida pelo ju&iacute;zo da execu&ccedil;&atilde;o c&iacute;vel nos autos de execu&ccedil;&atilde;o trabalhista, ap&oacute;s o falecimento do devedor c&iacute;vel, que figurava como credor na Justi&ccedil;a do Trabalho. Em recurso especial que teve provimento negado pela turma julgadora, os herdeiros do falecido alegavam que os cr&eacute;ditos trabalhistas seriam impenhor&aacute;veis.<\/p>\n<p>Segundo o relator do caso, ministro Paulo de Tarso Sanseverino, a decis&atilde;o do ju&iacute;zo da execu&ccedil;&atilde;o c&iacute;vel de determinar a penhora nos autos da execu&ccedil;&atilde;o trabalhista n&atilde;o viola o disposto no <strong><a target=\"_blank\" href=\"http:\/\/www.planalto.gov.br\/ccivil_03\/LEIS\/L5869impressao.htm#art649\" rel=\"noopener\">artigo 649<\/a><\/strong>, inciso 4&ordm;, do C&oacute;digo de Processo Civil de 1973, conforme alegado pelos recorrentes.<\/p>\n<p>O ministro explicou que a penhora foi decidida com base no poder de cautela do ju&iacute;zo c&iacute;vel, com a finalidade, inclusive, de assegurar as delibera&ccedil;&otilde;es do ju&iacute;zo do invent&aacute;rio, competente para a pondera&ccedil;&atilde;o proposta pelas partes sobre quem deva receber os cr&eacute;ditos bloqueados nos autos da execu&ccedil;&atilde;o trabalhista.<\/p>\n<p>No caso, o devedor do ju&iacute;zo c&iacute;vel comum tinha cr&eacute;ditos a receber em processo na Justi&ccedil;a do Trabalho. Ap&oacute;s sua morte, o ju&iacute;zo c&iacute;vel determinou a penhora dos cr&eacute;ditos nos autos da execu&ccedil;&atilde;o trabalhista. Os herdeiros afirmaram que tal penhora n&atilde;o seria poss&iacute;vel, tendo em vista o car&aacute;ter alimentar da verba.<\/p>\n<p><strong>Medida poss&iacute;vel<\/strong><\/p>\n<p>Para o ministro Sanseverino, a penhora &eacute; poss&iacute;vel, ainda que as verbas tenham car&aacute;ter alimentar.<\/p>\n<p>&ldquo;Embora n&atilde;o concorde com a perda do car&aacute;ter alimentar das verbas trabalhistas em raz&atilde;o da morte do reclamante, tenho por poss&iacute;vel a reserva dos valores l&aacute; constantes para satisfa&ccedil;&atilde;o do ju&iacute;zo do invent&aacute;rio dos bens do falecido, tudo com base no poder geral de cautela do juiz&rdquo;, disse o relator.<\/p>\n<p>O ministro lembrou que o montante de cr&eacute;dito trabalhista supera em muito o teto do pagamento direto ao dependente do INSS, e cabe ao ju&iacute;zo do invent&aacute;rio fazer a an&aacute;lise da qualidade do cr&eacute;dito e dos valores percebidos a t&iacute;tulo de heran&ccedil;a.<\/p>\n<p>&ldquo;No ju&iacute;zo do invent&aacute;rio, o magistrado dever&aacute; sopesar o direito &agrave; heran&ccedil;a de verbas trabalhistas devidas a menor e o direito &agrave; tutela executiva do credor do falecido&rdquo;, explicou Sanseverino ao advertir que a verba penhorada deve ser remetida ao ju&iacute;zo do invent&aacute;rio para que este decida acerca de sua libera&ccedil;&atilde;o, ponderando entre o direito de heran&ccedil;a e o dos credores.<\/p>\n<p> Leia o <strong><a href=\"https:\/\/ww2.stj.jus.br\/processo\/revista\/documento\/mediado\/?componente=ITA&amp;sequencial=1745086&amp;num_registro=201501037789&amp;data=20181008&amp;formato=PDF\">ac&oacute;rd&atilde;o<\/a><\/strong>.<br \/>\n<br \/><i>Com informa\u00e7\u00f5es da assessoria de imprensa do STJ.<\/i><br \/>\n<br \/><a href=\"http:\/\/feedproxy.google.com\/~r\/STJNoticias\/~3\/VWzw_2XFLVU\/Poder-geral-de-cautela-autoriza-penhora-em-autos-de-execu%C3%A7%C3%A3o-trabalhista\">Fonte<\/a><br \/>\n<br \/><\/p>\n","protected":false},"excerpt":{"rendered":"<p>A Terceira Turma do Superior Tribunal de Justi&ccedil;a (STJ) considerou v&aacute;lida a penhora decidida pelo ju&iacute;zo da execu&ccedil;&atilde;o c&iacute;vel nos autos de execu&ccedil;&atilde;o trabalhista, ap&oacute;s o falecimento do devedor c&iacute;vel, que figurava como credor na Justi&ccedil;a do Trabalho. Em recurso especial que teve provimento negado pela turma julgadora, os herdeiros do falecido alegavam que os [&hellip;]<\/p>\n","protected":false},"author":3063,"featured_media":1694,"comment_status":"open","ping_status":"open","sticky":false,"template":"","format":"standard","meta":{"footnotes":""},"categories":[5,7],"tags":[11,10,8,13,9,12,14],"class_list":{"0":"post-3322","1":"post","2":"type-post","3":"status-publish","4":"format-standard","5":"has-post-thumbnail","7":"category-previdenciario","8":"category-stj","9":"tag-aposentadoria","10":"tag-calculos-previdenciarios","11":"tag-direito-previdenciario","12":"tag-inss","13":"tag-pericia","14":"tag-perito","15":"tag-stj"},"yoast_head":"<!-- This site is optimized with the Yoast SEO plugin v27.2 - https:\/\/yoast.com\/product\/yoast-seo-wordpress\/ -->\n<title>STJ: Poder geral de cautela autoriza penhora em autos de execu\u00e7\u00e3o trabalhista | Portal de Not\u00edcias<\/title>\n<meta name=\"robots\" content=\"index, follow, max-snippet:-1, max-image-preview:large, max-video-preview:-1\" \/>\n<link rel=\"canonical\" href=\"https:\/\/mhcalculos.com.br\/noticias\/area\/previdenciario\/stj-poder-geral-de-cautela-autoriza-penhora-em-autos-de-execucao-trabalhista.html\" \/>\n<meta property=\"og:locale\" content=\"pt_BR\" \/>\n<meta property=\"og:type\" content=\"article\" \/>\n<meta property=\"og:title\" content=\"STJ: Poder geral de cautela autoriza penhora em autos de execu\u00e7\u00e3o trabalhista | Portal de Not\u00edcias\" \/>\n<meta property=\"og:description\" content=\"A Terceira Turma do Superior Tribunal de Justi&ccedil;a (STJ) considerou v&aacute;lida a penhora decidida pelo ju&iacute;zo da execu&ccedil;&atilde;o c&iacute;vel nos autos de execu&ccedil;&atilde;o trabalhista, ap&oacute;s o falecimento do devedor c&iacute;vel, que figurava como credor na Justi&ccedil;a do Trabalho. Em recurso especial que teve provimento negado pela turma julgadora, os herdeiros do falecido alegavam que os [&hellip;]\" \/>\n<meta property=\"og:url\" content=\"https:\/\/mhcalculos.com.br\/noticias\/area\/previdenciario\/stj-poder-geral-de-cautela-autoriza-penhora-em-autos-de-execucao-trabalhista.html\" \/>\n<meta property=\"og:site_name\" content=\"Portal de Not\u00edcias\" \/>\n<meta property=\"article:published_time\" content=\"2018-10-27T19:00:31+00:00\" \/>\n<meta property=\"article:modified_time\" content=\"2021-07-28T17:33:55+00:00\" \/>\n<meta property=\"og:image\" content=\"https:\/\/mhcalculos.com.br\/noticias\/wp-content\/uploads\/sites\/2\/2018\/06\/previdenciario-0006.jpg\" \/>\n\t<meta property=\"og:image:width\" content=\"2000\" \/>\n\t<meta property=\"og:image:height\" content=\"800\" \/>\n\t<meta property=\"og:image:type\" content=\"image\/jpeg\" \/>\n<meta name=\"author\" content=\"Equipe MH\" \/>\n<meta name=\"twitter:card\" content=\"summary_large_image\" \/>\n<meta name=\"twitter:label1\" content=\"Escrito por\" \/>\n\t<meta name=\"twitter:data1\" content=\"Equipe MH\" \/>\n\t<meta name=\"twitter:label2\" content=\"Est. tempo de leitura\" \/>\n\t<meta name=\"twitter:data2\" content=\"3 minutos\" \/>\n<script type=\"application\/ld+json\" class=\"yoast-schema-graph\">{\"@context\":\"https:\/\/schema.org\",\"@graph\":[{\"@type\":\"Article\",\"@id\":\"https:\/\/mhcalculos.com.br\/noticias\/area\/previdenciario\/stj-poder-geral-de-cautela-autoriza-penhora-em-autos-de-execucao-trabalhista.html#article\",\"isPartOf\":{\"@id\":\"https:\/\/mhcalculos.com.br\/noticias\/area\/previdenciario\/stj-poder-geral-de-cautela-autoriza-penhora-em-autos-de-execucao-trabalhista.html\"},\"author\":{\"name\":\"Equipe MH\",\"@id\":\"https:\/\/mhcalculos.com.br\/noticias\/#\/schema\/person\/88d1c34bf72dc779ea14a5a6b8e0ae8d\"},\"headline\":\"STJ: Poder geral de cautela autoriza penhora em autos de execu\u00e7\u00e3o trabalhista\",\"datePublished\":\"2018-10-27T19:00:31+00:00\",\"dateModified\":\"2021-07-28T17:33:55+00:00\",\"mainEntityOfPage\":{\"@id\":\"https:\/\/mhcalculos.com.br\/noticias\/area\/previdenciario\/stj-poder-geral-de-cautela-autoriza-penhora-em-autos-de-execucao-trabalhista.html\"},\"wordCount\":544,\"commentCount\":0,\"image\":{\"@id\":\"https:\/\/mhcalculos.com.br\/noticias\/area\/previdenciario\/stj-poder-geral-de-cautela-autoriza-penhora-em-autos-de-execucao-trabalhista.html#primaryimage\"},\"thumbnailUrl\":\"https:\/\/mhcalculos.com.br\/noticias\/wp-content\/uploads\/sites\/2\/2018\/06\/previdenciario-0006.jpg\",\"keywords\":[\"aposentadoria\",\"c\u00e1lculos previdenci\u00e1rios\",\"direito previdenci\u00e1rio\",\"inss\",\"per\u00edcia\",\"perito\",\"stj\"],\"articleSection\":[\"Direito Previdenci\u00e1rio\",\"STJ\"],\"inLanguage\":\"pt-BR\",\"potentialAction\":[{\"@type\":\"CommentAction\",\"name\":\"Comment\",\"target\":[\"https:\/\/mhcalculos.com.br\/noticias\/area\/previdenciario\/stj-poder-geral-de-cautela-autoriza-penhora-em-autos-de-execucao-trabalhista.html#respond\"]}]},{\"@type\":\"WebPage\",\"@id\":\"https:\/\/mhcalculos.com.br\/noticias\/area\/previdenciario\/stj-poder-geral-de-cautela-autoriza-penhora-em-autos-de-execucao-trabalhista.html\",\"url\":\"https:\/\/mhcalculos.com.br\/noticias\/area\/previdenciario\/stj-poder-geral-de-cautela-autoriza-penhora-em-autos-de-execucao-trabalhista.html\",\"name\":\"STJ: Poder geral de cautela autoriza penhora em autos de execu\u00e7\u00e3o trabalhista | Portal de Not\u00edcias\",\"isPartOf\":{\"@id\":\"https:\/\/mhcalculos.com.br\/noticias\/#website\"},\"primaryImageOfPage\":{\"@id\":\"https:\/\/mhcalculos.com.br\/noticias\/area\/previdenciario\/stj-poder-geral-de-cautela-autoriza-penhora-em-autos-de-execucao-trabalhista.html#primaryimage\"},\"image\":{\"@id\":\"https:\/\/mhcalculos.com.br\/noticias\/area\/previdenciario\/stj-poder-geral-de-cautela-autoriza-penhora-em-autos-de-execucao-trabalhista.html#primaryimage\"},\"thumbnailUrl\":\"https:\/\/mhcalculos.com.br\/noticias\/wp-content\/uploads\/sites\/2\/2018\/06\/previdenciario-0006.jpg\",\"datePublished\":\"2018-10-27T19:00:31+00:00\",\"dateModified\":\"2021-07-28T17:33:55+00:00\",\"author\":{\"@id\":\"https:\/\/mhcalculos.com.br\/noticias\/#\/schema\/person\/88d1c34bf72dc779ea14a5a6b8e0ae8d\"},\"breadcrumb\":{\"@id\":\"https:\/\/mhcalculos.com.br\/noticias\/area\/previdenciario\/stj-poder-geral-de-cautela-autoriza-penhora-em-autos-de-execucao-trabalhista.html#breadcrumb\"},\"inLanguage\":\"pt-BR\",\"potentialAction\":[{\"@type\":\"ReadAction\",\"target\":[\"https:\/\/mhcalculos.com.br\/noticias\/area\/previdenciario\/stj-poder-geral-de-cautela-autoriza-penhora-em-autos-de-execucao-trabalhista.html\"]}]},{\"@type\":\"ImageObject\",\"inLanguage\":\"pt-BR\",\"@id\":\"https:\/\/mhcalculos.com.br\/noticias\/area\/previdenciario\/stj-poder-geral-de-cautela-autoriza-penhora-em-autos-de-execucao-trabalhista.html#primaryimage\",\"url\":\"https:\/\/mhcalculos.com.br\/noticias\/wp-content\/uploads\/sites\/2\/2018\/06\/previdenciario-0006.jpg\",\"contentUrl\":\"https:\/\/mhcalculos.com.br\/noticias\/wp-content\/uploads\/sites\/2\/2018\/06\/previdenciario-0006.jpg\",\"width\":2000,\"height\":800},{\"@type\":\"BreadcrumbList\",\"@id\":\"https:\/\/mhcalculos.com.br\/noticias\/area\/previdenciario\/stj-poder-geral-de-cautela-autoriza-penhora-em-autos-de-execucao-trabalhista.html#breadcrumb\",\"itemListElement\":[{\"@type\":\"ListItem\",\"position\":1,\"name\":\"In\u00edcio\",\"item\":\"https:\/\/mhcalculos.com.br\/noticias\/\"},{\"@type\":\"ListItem\",\"position\":2,\"name\":\"STJ: Poder geral de cautela autoriza penhora em autos de execu\u00e7\u00e3o trabalhista\"}]},{\"@type\":\"WebSite\",\"@id\":\"https:\/\/mhcalculos.com.br\/noticias\/#website\",\"url\":\"https:\/\/mhcalculos.com.br\/noticias\/\",\"name\":\"Portal de Not\u00edcias\",\"description\":\"Not\u00edcias e Jurisprud\u00eancia\",\"potentialAction\":[{\"@type\":\"SearchAction\",\"target\":{\"@type\":\"EntryPoint\",\"urlTemplate\":\"https:\/\/mhcalculos.com.br\/noticias\/?s={search_term_string}\"},\"query-input\":{\"@type\":\"PropertyValueSpecification\",\"valueRequired\":true,\"valueName\":\"search_term_string\"}}],\"inLanguage\":\"pt-BR\"},{\"@type\":\"Person\",\"@id\":\"https:\/\/mhcalculos.com.br\/noticias\/#\/schema\/person\/88d1c34bf72dc779ea14a5a6b8e0ae8d\",\"name\":\"Equipe MH\",\"image\":{\"@type\":\"ImageObject\",\"inLanguage\":\"pt-BR\",\"@id\":\"https:\/\/secure.gravatar.com\/avatar\/de1c686c2ecc9c5a3f327e3431d819eb39f8f05d4e1045f5a1caad6daaba987f?s=96&d=mm&r=g\",\"url\":\"https:\/\/secure.gravatar.com\/avatar\/de1c686c2ecc9c5a3f327e3431d819eb39f8f05d4e1045f5a1caad6daaba987f?s=96&d=mm&r=g\",\"contentUrl\":\"https:\/\/secure.gravatar.com\/avatar\/de1c686c2ecc9c5a3f327e3431d819eb39f8f05d4e1045f5a1caad6daaba987f?s=96&d=mm&r=g\",\"caption\":\"Equipe MH\"}}]}<\/script>\n<!-- \/ Yoast SEO plugin. -->","yoast_head_json":{"title":"STJ: Poder geral de cautela autoriza penhora em autos de execu\u00e7\u00e3o trabalhista | Portal de Not\u00edcias","robots":{"index":"index","follow":"follow","max-snippet":"max-snippet:-1","max-image-preview":"max-image-preview:large","max-video-preview":"max-video-preview:-1"},"canonical":"https:\/\/mhcalculos.com.br\/noticias\/area\/previdenciario\/stj-poder-geral-de-cautela-autoriza-penhora-em-autos-de-execucao-trabalhista.html","og_locale":"pt_BR","og_type":"article","og_title":"STJ: Poder geral de cautela autoriza penhora em autos de execu\u00e7\u00e3o trabalhista | Portal de Not\u00edcias","og_description":"A Terceira Turma do Superior Tribunal de Justi&ccedil;a (STJ) considerou v&aacute;lida a penhora decidida pelo ju&iacute;zo da execu&ccedil;&atilde;o c&iacute;vel nos autos de execu&ccedil;&atilde;o trabalhista, ap&oacute;s o falecimento do devedor c&iacute;vel, que figurava como credor na Justi&ccedil;a do Trabalho. Em recurso especial que teve provimento negado pela turma julgadora, os herdeiros do falecido alegavam que os [&hellip;]","og_url":"https:\/\/mhcalculos.com.br\/noticias\/area\/previdenciario\/stj-poder-geral-de-cautela-autoriza-penhora-em-autos-de-execucao-trabalhista.html","og_site_name":"Portal de Not\u00edcias","article_published_time":"2018-10-27T19:00:31+00:00","article_modified_time":"2021-07-28T17:33:55+00:00","og_image":[{"width":2000,"height":800,"url":"https:\/\/mhcalculos.com.br\/noticias\/wp-content\/uploads\/sites\/2\/2018\/06\/previdenciario-0006.jpg","type":"image\/jpeg"}],"author":"Equipe MH","twitter_card":"summary_large_image","twitter_misc":{"Escrito por":"Equipe MH","Est. tempo de leitura":"3 minutos"},"schema":{"@context":"https:\/\/schema.org","@graph":[{"@type":"Article","@id":"https:\/\/mhcalculos.com.br\/noticias\/area\/previdenciario\/stj-poder-geral-de-cautela-autoriza-penhora-em-autos-de-execucao-trabalhista.html#article","isPartOf":{"@id":"https:\/\/mhcalculos.com.br\/noticias\/area\/previdenciario\/stj-poder-geral-de-cautela-autoriza-penhora-em-autos-de-execucao-trabalhista.html"},"author":{"name":"Equipe MH","@id":"https:\/\/mhcalculos.com.br\/noticias\/#\/schema\/person\/88d1c34bf72dc779ea14a5a6b8e0ae8d"},"headline":"STJ: Poder geral de cautela autoriza penhora em autos de execu\u00e7\u00e3o trabalhista","datePublished":"2018-10-27T19:00:31+00:00","dateModified":"2021-07-28T17:33:55+00:00","mainEntityOfPage":{"@id":"https:\/\/mhcalculos.com.br\/noticias\/area\/previdenciario\/stj-poder-geral-de-cautela-autoriza-penhora-em-autos-de-execucao-trabalhista.html"},"wordCount":544,"commentCount":0,"image":{"@id":"https:\/\/mhcalculos.com.br\/noticias\/area\/previdenciario\/stj-poder-geral-de-cautela-autoriza-penhora-em-autos-de-execucao-trabalhista.html#primaryimage"},"thumbnailUrl":"https:\/\/mhcalculos.com.br\/noticias\/wp-content\/uploads\/sites\/2\/2018\/06\/previdenciario-0006.jpg","keywords":["aposentadoria","c\u00e1lculos previdenci\u00e1rios","direito previdenci\u00e1rio","inss","per\u00edcia","perito","stj"],"articleSection":["Direito Previdenci\u00e1rio","STJ"],"inLanguage":"pt-BR","potentialAction":[{"@type":"CommentAction","name":"Comment","target":["https:\/\/mhcalculos.com.br\/noticias\/area\/previdenciario\/stj-poder-geral-de-cautela-autoriza-penhora-em-autos-de-execucao-trabalhista.html#respond"]}]},{"@type":"WebPage","@id":"https:\/\/mhcalculos.com.br\/noticias\/area\/previdenciario\/stj-poder-geral-de-cautela-autoriza-penhora-em-autos-de-execucao-trabalhista.html","url":"https:\/\/mhcalculos.com.br\/noticias\/area\/previdenciario\/stj-poder-geral-de-cautela-autoriza-penhora-em-autos-de-execucao-trabalhista.html","name":"STJ: Poder geral de cautela autoriza penhora em autos de execu\u00e7\u00e3o trabalhista | Portal de Not\u00edcias","isPartOf":{"@id":"https:\/\/mhcalculos.com.br\/noticias\/#website"},"primaryImageOfPage":{"@id":"https:\/\/mhcalculos.com.br\/noticias\/area\/previdenciario\/stj-poder-geral-de-cautela-autoriza-penhora-em-autos-de-execucao-trabalhista.html#primaryimage"},"image":{"@id":"https:\/\/mhcalculos.com.br\/noticias\/area\/previdenciario\/stj-poder-geral-de-cautela-autoriza-penhora-em-autos-de-execucao-trabalhista.html#primaryimage"},"thumbnailUrl":"https:\/\/mhcalculos.com.br\/noticias\/wp-content\/uploads\/sites\/2\/2018\/06\/previdenciario-0006.jpg","datePublished":"2018-10-27T19:00:31+00:00","dateModified":"2021-07-28T17:33:55+00:00","author":{"@id":"https:\/\/mhcalculos.com.br\/noticias\/#\/schema\/person\/88d1c34bf72dc779ea14a5a6b8e0ae8d"},"breadcrumb":{"@id":"https:\/\/mhcalculos.com.br\/noticias\/area\/previdenciario\/stj-poder-geral-de-cautela-autoriza-penhora-em-autos-de-execucao-trabalhista.html#breadcrumb"},"inLanguage":"pt-BR","potentialAction":[{"@type":"ReadAction","target":["https:\/\/mhcalculos.com.br\/noticias\/area\/previdenciario\/stj-poder-geral-de-cautela-autoriza-penhora-em-autos-de-execucao-trabalhista.html"]}]},{"@type":"ImageObject","inLanguage":"pt-BR","@id":"https:\/\/mhcalculos.com.br\/noticias\/area\/previdenciario\/stj-poder-geral-de-cautela-autoriza-penhora-em-autos-de-execucao-trabalhista.html#primaryimage","url":"https:\/\/mhcalculos.com.br\/noticias\/wp-content\/uploads\/sites\/2\/2018\/06\/previdenciario-0006.jpg","contentUrl":"https:\/\/mhcalculos.com.br\/noticias\/wp-content\/uploads\/sites\/2\/2018\/06\/previdenciario-0006.jpg","width":2000,"height":800},{"@type":"BreadcrumbList","@id":"https:\/\/mhcalculos.com.br\/noticias\/area\/previdenciario\/stj-poder-geral-de-cautela-autoriza-penhora-em-autos-de-execucao-trabalhista.html#breadcrumb","itemListElement":[{"@type":"ListItem","position":1,"name":"In\u00edcio","item":"https:\/\/mhcalculos.com.br\/noticias\/"},{"@type":"ListItem","position":2,"name":"STJ: Poder geral de cautela autoriza penhora em autos de execu\u00e7\u00e3o trabalhista"}]},{"@type":"WebSite","@id":"https:\/\/mhcalculos.com.br\/noticias\/#website","url":"https:\/\/mhcalculos.com.br\/noticias\/","name":"Portal de Not\u00edcias","description":"Not\u00edcias e Jurisprud\u00eancia","potentialAction":[{"@type":"SearchAction","target":{"@type":"EntryPoint","urlTemplate":"https:\/\/mhcalculos.com.br\/noticias\/?s={search_term_string}"},"query-input":{"@type":"PropertyValueSpecification","valueRequired":true,"valueName":"search_term_string"}}],"inLanguage":"pt-BR"},{"@type":"Person","@id":"https:\/\/mhcalculos.com.br\/noticias\/#\/schema\/person\/88d1c34bf72dc779ea14a5a6b8e0ae8d","name":"Equipe MH","image":{"@type":"ImageObject","inLanguage":"pt-BR","@id":"https:\/\/secure.gravatar.com\/avatar\/de1c686c2ecc9c5a3f327e3431d819eb39f8f05d4e1045f5a1caad6daaba987f?s=96&d=mm&r=g","url":"https:\/\/secure.gravatar.com\/avatar\/de1c686c2ecc9c5a3f327e3431d819eb39f8f05d4e1045f5a1caad6daaba987f?s=96&d=mm&r=g","contentUrl":"https:\/\/secure.gravatar.com\/avatar\/de1c686c2ecc9c5a3f327e3431d819eb39f8f05d4e1045f5a1caad6daaba987f?s=96&d=mm&r=g","caption":"Equipe MH"}}]}},"_links":{"self":[{"href":"https:\/\/mhcalculos.com.br\/noticias\/wp-json\/wp\/v2\/posts\/3322","targetHints":{"allow":["GET"]}}],"collection":[{"href":"https:\/\/mhcalculos.com.br\/noticias\/wp-json\/wp\/v2\/posts"}],"about":[{"href":"https:\/\/mhcalculos.com.br\/noticias\/wp-json\/wp\/v2\/types\/post"}],"author":[{"embeddable":true,"href":"https:\/\/mhcalculos.com.br\/noticias\/wp-json\/wp\/v2\/users\/3063"}],"replies":[{"embeddable":true,"href":"https:\/\/mhcalculos.com.br\/noticias\/wp-json\/wp\/v2\/comments?post=3322"}],"version-history":[{"count":1,"href":"https:\/\/mhcalculos.com.br\/noticias\/wp-json\/wp\/v2\/posts\/3322\/revisions"}],"predecessor-version":[{"id":10179,"href":"https:\/\/mhcalculos.com.br\/noticias\/wp-json\/wp\/v2\/posts\/3322\/revisions\/10179"}],"wp:featuredmedia":[{"embeddable":true,"href":"https:\/\/mhcalculos.com.br\/noticias\/wp-json\/wp\/v2\/media\/1694"}],"wp:attachment":[{"href":"https:\/\/mhcalculos.com.br\/noticias\/wp-json\/wp\/v2\/media?parent=3322"}],"wp:term":[{"taxonomy":"category","embeddable":true,"href":"https:\/\/mhcalculos.com.br\/noticias\/wp-json\/wp\/v2\/categories?post=3322"},{"taxonomy":"post_tag","embeddable":true,"href":"https:\/\/mhcalculos.com.br\/noticias\/wp-json\/wp\/v2\/tags?post=3322"}],"curies":[{"name":"wp","href":"https:\/\/api.w.org\/{rel}","templated":true}]}}